{"id":76497,"date":"2021-10-16T16:15:59","date_gmt":"2021-10-16T15:15:59","guid":{"rendered":"https:\/\/radioljubuski.ba\/?p=76497"},"modified":"2021-10-16T16:16:00","modified_gmt":"2021-10-16T15:16:00","slug":"kazna-za-panamu-zbog-homofobnog-skandiranja","status":"publish","type":"post","link":"https:\/\/radioljubuski.ba\/index.php\/2021\/10\/16\/kazna-za-panamu-zbog-homofobnog-skandiranja\/","title":{"rendered":"Kazna za Panamu zbog homofobnog skandiranja"},"content":{"rendered":"\n<p><strong>Panamska nogometna reprezentacija svoju \u0107e sljede\u0107u doma\u0107u utakmicu u kvalifikacijama za Svjetsko prvenstvo 2022. godine morati igrati bez gledatelja zbog homofobnog skandiranja na susretima igranim pro\u0161loga mjeseca protiv Kostarike i Meksika.<\/strong><\/p>\n\n\n\n<p>Tako \u0107e Panama 16. studenoga ugostiti Salvador pred praznim tribinama.<\/p>\n\n\n\n<p>Nakon \u0161est od 14 odigranih kola u sjevernoameri\u010dkoj zoni kvalifikacija za odlazak na SP u kataru Panama zauzma \u010detvrto mjesto s osam bodova, dok je Salvador sedmi s pet bodova.<\/p>\n\n\n\n<p>Na vrhu je Meksiko sa 14 bodova, druge SAD imaju 11, a tre\u0107a Kanada 10.<\/p>\n\n\n\n<p>Izravni plasman na SP izborit \u0107e tri prvoplasirane reprezentacije, dok \u0107e \u010detvrta u dodatne interkontinentalne kvalifikacije.<\/p>\n\n\n\n<p>Izvor:hrt.hr<\/p>\n","protected":false},"excerpt":{"rendered":"<p>Panamska nogometna reprezentacija svoju \u0107e sljede\u0107u doma\u0107u utakmicu u kvalifikacijama za Svjetsko prvenstvo 2022. godine morati igrati bez gledatelja zbog homofobnog skandiranja na susretima igranim pro\u0161loga mjeseca protiv Kostarike i Meksika. Tako \u0107e Panama 16. studenoga ugostiti Salvador pred praznim tribinama. Nakon \u0161est od 14 odigranih kola u sjevernoameri\u010dkoj zoni kvalifikacija za odlazak na SP [&hellip;]<\/p>\n","protected":false},"author":2,"featured_media":76498,"comment_status":"closed","ping_status":"closed","sticky":false,"template":"","format":"standard","meta":{"h5ap_radio_sources":[],"footnotes":""},"categories":[7],"tags":[],"class_list":["post-76497","post","type-post","status-publish","format-standard","has-post-thumbnail","hentry","category-sport"],"yoast_head":"<!-- This site is optimized with the Yoast SEO plugin v27.4 - https:\/\/yoast.com\/product\/yoast-seo-wordpress\/ -->\n<title>Kazna za Panamu zbog homofobnog skandiranja - RADIO LJUBU\u0160KI<\/title>\n<meta name=\"robots\" content=\"index, follow, max-snippet:-1, max-image-preview:large, max-video-preview:-1\" \/>\n<link rel=\"canonical\" href=\"https:\/\/radioljubuski.ba\/index.php\/2021\/10\/16\/kazna-za-panamu-zbog-homofobnog-skandiranja\/\" \/>\n<meta property=\"og:locale\" content=\"hr_HR\" \/>\n<meta property=\"og:type\" content=\"article\" \/>\n<meta property=\"og:title\" content=\"Kazna za Panamu zbog homofobnog skandiranja - RADIO LJUBU\u0160KI\" \/>\n<meta property=\"og:description\" content=\"Panamska nogometna reprezentacija svoju \u0107e sljede\u0107u doma\u0107u utakmicu u kvalifikacijama za Svjetsko prvenstvo 2022. godine morati igrati bez gledatelja zbog homofobnog skandiranja na susretima igranim pro\u0161loga mjeseca protiv Kostarike i Meksika. Tako \u0107e Panama 16. studenoga ugostiti Salvador pred praznim tribinama. Nakon \u0161est od 14 odigranih kola u sjevernoameri\u010dkoj zoni kvalifikacija za odlazak na SP [&hellip;]\" \/>\n<meta property=\"og:url\" content=\"https:\/\/radioljubuski.ba\/index.php\/2021\/10\/16\/kazna-za-panamu-zbog-homofobnog-skandiranja\/\" \/>\n<meta property=\"og:site_name\" content=\"RADIO LJUBU\u0160KI\" \/>\n<meta property=\"article:publisher\" content=\"https:\/\/www.facebook.com\/Radiio-Ljubuski-1490835324566332\" \/>\n<meta property=\"article:published_time\" content=\"2021-10-16T15:15:59+00:00\" \/>\n<meta property=\"article:modified_time\" content=\"2021-10-16T15:16:00+00:00\" \/>\n<meta property=\"og:image\" content=\"https:\/\/radioljubuski.ba\/wp-content\/uploads\/2021\/10\/240_F_315861649_SEDPcW32mOIlAiDd1y370qzFaZMZlA53.jpg\" \/>\n\t<meta property=\"og:image:width\" content=\"412\" \/>\n\t<meta property=\"og:image:height\" content=\"240\" \/>\n\t<meta property=\"og:image:type\" content=\"image\/jpeg\" \/>\n<meta name=\"author\" content=\"Radio Ljubu\u0161ki\" \/>\n<meta name=\"twitter:card\" content=\"summary_large_image\" \/>\n<meta name=\"twitter:creator\" content=\"@radioljubuski\" \/>\n<meta name=\"twitter:site\" content=\"@radioljubuski\" \/>\n<meta name=\"twitter:label1\" content=\"Napisao\/la\" \/>\n\t<meta name=\"twitter:data1\" content=\"Radio Ljubu\u0161ki\" \/>\n\t<meta name=\"twitter:label2\" content=\"Procijenjeno vrijeme \u010ditanja\" \/>\n\t<meta name=\"twitter:data2\" content=\"1 minuta\" \/>\n<script type=\"application\/ld+json\" class=\"yoast-schema-graph\">{\"@context\":\"https:\\\/\\\/schema.org\",\"@graph\":[{\"@type\":\"Article\",\"@id\":\"https:\\\/\\\/radioljubuski.ba\\\/index.php\\\/2021\\\/10\\\/16\\\/kazna-za-panamu-zbog-homofobnog-skandiranja\\\/#article\",\"isPartOf\":{\"@id\":\"https:\\\/\\\/radioljubuski.ba\\\/index.php\\\/2021\\\/10\\\/16\\\/kazna-za-panamu-zbog-homofobnog-skandiranja\\\/\"},\"author\":{\"name\":\"Radio Ljubu\u0161ki\",\"@id\":\"https:\\\/\\\/radioljubuski.ba\\\/#\\\/schema\\\/person\\\/19fc700381a780f69665d7956c469e3b\"},\"headline\":\"Kazna za Panamu zbog homofobnog skandiranja\",\"datePublished\":\"2021-10-16T15:15:59+00:00\",\"dateModified\":\"2021-10-16T15:16:00+00:00\",\"mainEntityOfPage\":{\"@id\":\"https:\\\/\\\/radioljubuski.ba\\\/index.php\\\/2021\\\/10\\\/16\\\/kazna-za-panamu-zbog-homofobnog-skandiranja\\\/\"},\"wordCount\":110,\"publisher\":{\"@id\":\"https:\\\/\\\/radioljubuski.ba\\\/#organization\"},\"image\":{\"@id\":\"https:\\\/\\\/radioljubuski.ba\\\/index.php\\\/2021\\\/10\\\/16\\\/kazna-za-panamu-zbog-homofobnog-skandiranja\\\/#primaryimage\"},\"thumbnailUrl\":\"https:\\\/\\\/radioljubuski.ba\\\/wp-content\\\/uploads\\\/2021\\\/10\\\/240_F_315861649_SEDPcW32mOIlAiDd1y370qzFaZMZlA53.jpg\",\"articleSection\":[\"\u0160port\"],\"inLanguage\":\"hr\"},{\"@type\":\"WebPage\",\"@id\":\"https:\\\/\\\/radioljubuski.ba\\\/index.php\\\/2021\\\/10\\\/16\\\/kazna-za-panamu-zbog-homofobnog-skandiranja\\\/\",\"url\":\"https:\\\/\\\/radioljubuski.ba\\\/index.php\\\/2021\\\/10\\\/16\\\/kazna-za-panamu-zbog-homofobnog-skandiranja\\\/\",\"name\":\"Kazna za Panamu zbog homofobnog skandiranja - RADIO LJUBU\u0160KI\",\"isPartOf\":{\"@id\":\"https:\\\/\\\/radioljubuski.ba\\\/#website\"},\"primaryImageOfPage\":{\"@id\":\"https:\\\/\\\/radioljubuski.ba\\\/index.php\\\/2021\\\/10\\\/16\\\/kazna-za-panamu-zbog-homofobnog-skandiranja\\\/#primaryimage\"},\"image\":{\"@id\":\"https:\\\/\\\/radioljubuski.ba\\\/index.php\\\/2021\\\/10\\\/16\\\/kazna-za-panamu-zbog-homofobnog-skandiranja\\\/#primaryimage\"},\"thumbnailUrl\":\"https:\\\/\\\/radioljubuski.ba\\\/wp-content\\\/uploads\\\/2021\\\/10\\\/240_F_315861649_SEDPcW32mOIlAiDd1y370qzFaZMZlA53.jpg\",\"datePublished\":\"2021-10-16T15:15:59+00:00\",\"dateModified\":\"2021-10-16T15:16:00+00:00\",\"breadcrumb\":{\"@id\":\"https:\\\/\\\/radioljubuski.ba\\\/index.php\\\/2021\\\/10\\\/16\\\/kazna-za-panamu-zbog-homofobnog-skandiranja\\\/#breadcrumb\"},\"inLanguage\":\"hr\",\"potentialAction\":[{\"@type\":\"ReadAction\",\"target\":[\"https:\\\/\\\/radioljubuski.ba\\\/index.php\\\/2021\\\/10\\\/16\\\/kazna-za-panamu-zbog-homofobnog-skandiranja\\\/\"]}]},{\"@type\":\"ImageObject\",\"inLanguage\":\"hr\",\"@id\":\"https:\\\/\\\/radioljubuski.ba\\\/index.php\\\/2021\\\/10\\\/16\\\/kazna-za-panamu-zbog-homofobnog-skandiranja\\\/#primaryimage\",\"url\":\"https:\\\/\\\/radioljubuski.ba\\\/wp-content\\\/uploads\\\/2021\\\/10\\\/240_F_315861649_SEDPcW32mOIlAiDd1y370qzFaZMZlA53.jpg\",\"contentUrl\":\"https:\\\/\\\/radioljubuski.ba\\\/wp-content\\\/uploads\\\/2021\\\/10\\\/240_F_315861649_SEDPcW32mOIlAiDd1y370qzFaZMZlA53.jpg\",\"width\":412,\"height\":240},{\"@type\":\"BreadcrumbList\",\"@id\":\"https:\\\/\\\/radioljubuski.ba\\\/index.php\\\/2021\\\/10\\\/16\\\/kazna-za-panamu-zbog-homofobnog-skandiranja\\\/#breadcrumb\",\"itemListElement\":[{\"@type\":\"ListItem\",\"position\":1,\"name\":\"Po\u010detna stranica\",\"item\":\"https:\\\/\\\/radioljubuski.ba\\\/\"},{\"@type\":\"ListItem\",\"position\":2,\"name\":\"Kazna za Panamu zbog homofobnog skandiranja\"}]},{\"@type\":\"WebSite\",\"@id\":\"https:\\\/\\\/radioljubuski.ba\\\/#website\",\"url\":\"https:\\\/\\\/radioljubuski.ba\\\/\",\"name\":\"Radio Ljubu\u0161ki\",\"description\":\"Sun\u010dana frekvencija Hercegovine\",\"publisher\":{\"@id\":\"https:\\\/\\\/radioljubuski.ba\\\/#organization\"},\"potentialAction\":[{\"@type\":\"SearchAction\",\"target\":{\"@type\":\"EntryPoint\",\"urlTemplate\":\"https:\\\/\\\/radioljubuski.ba\\\/?s={search_term_string}\"},\"query-input\":{\"@type\":\"PropertyValueSpecification\",\"valueRequired\":true,\"valueName\":\"search_term_string\"}}],\"inLanguage\":\"hr\"},{\"@type\":\"Organization\",\"@id\":\"https:\\\/\\\/radioljubuski.ba\\\/#organization\",\"name\":\"Radio Ljubu\u0161ki\",\"url\":\"https:\\\/\\\/radioljubuski.ba\\\/\",\"logo\":{\"@type\":\"ImageObject\",\"inLanguage\":\"hr\",\"@id\":\"https:\\\/\\\/radioljubuski.ba\\\/#\\\/schema\\\/logo\\\/image\\\/\",\"url\":\"https:\\\/\\\/radioljubuski.ba\\\/wp-content\\\/uploads\\\/2021\\\/02\\\/cropped-Radio_Ljubuski_logo1.jpg\",\"contentUrl\":\"https:\\\/\\\/radioljubuski.ba\\\/wp-content\\\/uploads\\\/2021\\\/02\\\/cropped-Radio_Ljubuski_logo1.jpg\",\"width\":512,\"height\":512,\"caption\":\"Radio Ljubu\u0161ki\"},\"image\":{\"@id\":\"https:\\\/\\\/radioljubuski.ba\\\/#\\\/schema\\\/logo\\\/image\\\/\"},\"sameAs\":[\"https:\\\/\\\/www.facebook.com\\\/Radiio-Ljubuski-1490835324566332\",\"https:\\\/\\\/x.com\\\/radioljubuski\",\"https:\\\/\\\/hr.linkedin.com\\\/company\\\/radio-ljubuski\",\"https:\\\/\\\/www.youtube.com\\\/channel\\\/UCHYaeO_n0Db3tjNGudGpXyw\"]},{\"@type\":\"Person\",\"@id\":\"https:\\\/\\\/radioljubuski.ba\\\/#\\\/schema\\\/person\\\/19fc700381a780f69665d7956c469e3b\",\"name\":\"Radio Ljubu\u0161ki\"}]}<\/script>\n<!-- \/ Yoast SEO plugin. -->","yoast_head_json":{"title":"Kazna za Panamu zbog homofobnog skandiranja - RADIO LJUBU\u0160KI","robots":{"index":"index","follow":"follow","max-snippet":"max-snippet:-1","max-image-preview":"max-image-preview:large","max-video-preview":"max-video-preview:-1"},"canonical":"https:\/\/radioljubuski.ba\/index.php\/2021\/10\/16\/kazna-za-panamu-zbog-homofobnog-skandiranja\/","og_locale":"hr_HR","og_type":"article","og_title":"Kazna za Panamu zbog homofobnog skandiranja - RADIO LJUBU\u0160KI","og_description":"Panamska nogometna reprezentacija svoju \u0107e sljede\u0107u doma\u0107u utakmicu u kvalifikacijama za Svjetsko prvenstvo 2022. godine morati igrati bez gledatelja zbog homofobnog skandiranja na susretima igranim pro\u0161loga mjeseca protiv Kostarike i Meksika. Tako \u0107e Panama 16. studenoga ugostiti Salvador pred praznim tribinama. Nakon \u0161est od 14 odigranih kola u sjevernoameri\u010dkoj zoni kvalifikacija za odlazak na SP [&hellip;]","og_url":"https:\/\/radioljubuski.ba\/index.php\/2021\/10\/16\/kazna-za-panamu-zbog-homofobnog-skandiranja\/","og_site_name":"RADIO LJUBU\u0160KI","article_publisher":"https:\/\/www.facebook.com\/Radiio-Ljubuski-1490835324566332","article_published_time":"2021-10-16T15:15:59+00:00","article_modified_time":"2021-10-16T15:16:00+00:00","og_image":[{"width":412,"height":240,"url":"https:\/\/radioljubuski.ba\/wp-content\/uploads\/2021\/10\/240_F_315861649_SEDPcW32mOIlAiDd1y370qzFaZMZlA53.jpg","type":"image\/jpeg"}],"author":"Radio Ljubu\u0161ki","twitter_card":"summary_large_image","twitter_creator":"@radioljubuski","twitter_site":"@radioljubuski","twitter_misc":{"Napisao\/la":"Radio Ljubu\u0161ki","Procijenjeno vrijeme \u010ditanja":"1 minuta"},"schema":{"@context":"https:\/\/schema.org","@graph":[{"@type":"Article","@id":"https:\/\/radioljubuski.ba\/index.php\/2021\/10\/16\/kazna-za-panamu-zbog-homofobnog-skandiranja\/#article","isPartOf":{"@id":"https:\/\/radioljubuski.ba\/index.php\/2021\/10\/16\/kazna-za-panamu-zbog-homofobnog-skandiranja\/"},"author":{"name":"Radio Ljubu\u0161ki","@id":"https:\/\/radioljubuski.ba\/#\/schema\/person\/19fc700381a780f69665d7956c469e3b"},"headline":"Kazna za Panamu zbog homofobnog skandiranja","datePublished":"2021-10-16T15:15:59+00:00","dateModified":"2021-10-16T15:16:00+00:00","mainEntityOfPage":{"@id":"https:\/\/radioljubuski.ba\/index.php\/2021\/10\/16\/kazna-za-panamu-zbog-homofobnog-skandiranja\/"},"wordCount":110,"publisher":{"@id":"https:\/\/radioljubuski.ba\/#organization"},"image":{"@id":"https:\/\/radioljubuski.ba\/index.php\/2021\/10\/16\/kazna-za-panamu-zbog-homofobnog-skandiranja\/#primaryimage"},"thumbnailUrl":"https:\/\/radioljubuski.ba\/wp-content\/uploads\/2021\/10\/240_F_315861649_SEDPcW32mOIlAiDd1y370qzFaZMZlA53.jpg","articleSection":["\u0160port"],"inLanguage":"hr"},{"@type":"WebPage","@id":"https:\/\/radioljubuski.ba\/index.php\/2021\/10\/16\/kazna-za-panamu-zbog-homofobnog-skandiranja\/","url":"https:\/\/radioljubuski.ba\/index.php\/2021\/10\/16\/kazna-za-panamu-zbog-homofobnog-skandiranja\/","name":"Kazna za Panamu zbog homofobnog skandiranja - RADIO LJUBU\u0160KI","isPartOf":{"@id":"https:\/\/radioljubuski.ba\/#website"},"primaryImageOfPage":{"@id":"https:\/\/radioljubuski.ba\/index.php\/2021\/10\/16\/kazna-za-panamu-zbog-homofobnog-skandiranja\/#primaryimage"},"image":{"@id":"https:\/\/radioljubuski.ba\/index.php\/2021\/10\/16\/kazna-za-panamu-zbog-homofobnog-skandiranja\/#primaryimage"},"thumbnailUrl":"https:\/\/radioljubuski.ba\/wp-content\/uploads\/2021\/10\/240_F_315861649_SEDPcW32mOIlAiDd1y370qzFaZMZlA53.jpg","datePublished":"2021-10-16T15:15:59+00:00","dateModified":"2021-10-16T15:16:00+00:00","breadcrumb":{"@id":"https:\/\/radioljubuski.ba\/index.php\/2021\/10\/16\/kazna-za-panamu-zbog-homofobnog-skandiranja\/#breadcrumb"},"inLanguage":"hr","potentialAction":[{"@type":"ReadAction","target":["https:\/\/radioljubuski.ba\/index.php\/2021\/10\/16\/kazna-za-panamu-zbog-homofobnog-skandiranja\/"]}]},{"@type":"ImageObject","inLanguage":"hr","@id":"https:\/\/radioljubuski.ba\/index.php\/2021\/10\/16\/kazna-za-panamu-zbog-homofobnog-skandiranja\/#primaryimage","url":"https:\/\/radioljubuski.ba\/wp-content\/uploads\/2021\/10\/240_F_315861649_SEDPcW32mOIlAiDd1y370qzFaZMZlA53.jpg","contentUrl":"https:\/\/radioljubuski.ba\/wp-content\/uploads\/2021\/10\/240_F_315861649_SEDPcW32mOIlAiDd1y370qzFaZMZlA53.jpg","width":412,"height":240},{"@type":"BreadcrumbList","@id":"https:\/\/radioljubuski.ba\/index.php\/2021\/10\/16\/kazna-za-panamu-zbog-homofobnog-skandiranja\/#breadcrumb","itemListElement":[{"@type":"ListItem","position":1,"name":"Po\u010detna stranica","item":"https:\/\/radioljubuski.ba\/"},{"@type":"ListItem","position":2,"name":"Kazna za Panamu zbog homofobnog skandiranja"}]},{"@type":"WebSite","@id":"https:\/\/radioljubuski.ba\/#website","url":"https:\/\/radioljubuski.ba\/","name":"Radio Ljubu\u0161ki","description":"Sun\u010dana frekvencija Hercegovine","publisher":{"@id":"https:\/\/radioljubuski.ba\/#organization"},"potentialAction":[{"@type":"SearchAction","target":{"@type":"EntryPoint","urlTemplate":"https:\/\/radioljubuski.ba\/?s={search_term_string}"},"query-input":{"@type":"PropertyValueSpecification","valueRequired":true,"valueName":"search_term_string"}}],"inLanguage":"hr"},{"@type":"Organization","@id":"https:\/\/radioljubuski.ba\/#organization","name":"Radio Ljubu\u0161ki","url":"https:\/\/radioljubuski.ba\/","logo":{"@type":"ImageObject","inLanguage":"hr","@id":"https:\/\/radioljubuski.ba\/#\/schema\/logo\/image\/","url":"https:\/\/radioljubuski.ba\/wp-content\/uploads\/2021\/02\/cropped-Radio_Ljubuski_logo1.jpg","contentUrl":"https:\/\/radioljubuski.ba\/wp-content\/uploads\/2021\/02\/cropped-Radio_Ljubuski_logo1.jpg","width":512,"height":512,"caption":"Radio Ljubu\u0161ki"},"image":{"@id":"https:\/\/radioljubuski.ba\/#\/schema\/logo\/image\/"},"sameAs":["https:\/\/www.facebook.com\/Radiio-Ljubuski-1490835324566332","https:\/\/x.com\/radioljubuski","https:\/\/hr.linkedin.com\/company\/radio-ljubuski","https:\/\/www.youtube.com\/channel\/UCHYaeO_n0Db3tjNGudGpXyw"]},{"@type":"Person","@id":"https:\/\/radioljubuski.ba\/#\/schema\/person\/19fc700381a780f69665d7956c469e3b","name":"Radio Ljubu\u0161ki"}]}},"_links":{"self":[{"href":"https:\/\/radioljubuski.ba\/index.php\/wp-json\/wp\/v2\/posts\/76497","targetHints":{"allow":["GET"]}}],"collection":[{"href":"https:\/\/radioljubuski.ba\/index.php\/wp-json\/wp\/v2\/posts"}],"about":[{"href":"https:\/\/radioljubuski.ba\/index.php\/wp-json\/wp\/v2\/types\/post"}],"author":[{"embeddable":true,"href":"https:\/\/radioljubuski.ba\/index.php\/wp-json\/wp\/v2\/users\/2"}],"replies":[{"embeddable":true,"href":"https:\/\/radioljubuski.ba\/index.php\/wp-json\/wp\/v2\/comments?post=76497"}],"version-history":[{"count":1,"href":"https:\/\/radioljubuski.ba\/index.php\/wp-json\/wp\/v2\/posts\/76497\/revisions"}],"predecessor-version":[{"id":76499,"href":"https:\/\/radioljubuski.ba\/index.php\/wp-json\/wp\/v2\/posts\/76497\/revisions\/76499"}],"wp:featuredmedia":[{"embeddable":true,"href":"https:\/\/radioljubuski.ba\/index.php\/wp-json\/wp\/v2\/media\/76498"}],"wp:attachment":[{"href":"https:\/\/radioljubuski.ba\/index.php\/wp-json\/wp\/v2\/media?parent=76497"}],"wp:term":[{"taxonomy":"category","embeddable":true,"href":"https:\/\/radioljubuski.ba\/index.php\/wp-json\/wp\/v2\/categories?post=76497"},{"taxonomy":"post_tag","embeddable":true,"href":"https:\/\/radioljubuski.ba\/index.php\/wp-json\/wp\/v2\/tags?post=76497"}],"curies":[{"name":"wp","href":"https:\/\/api.w.org\/{rel}","templated":true}]}}