{"id":76504,"date":"2021-10-16T16:18:33","date_gmt":"2021-10-16T15:18:33","guid":{"rendered":"https:\/\/radioljubuski.ba\/?p=76504"},"modified":"2021-10-16T16:18:34","modified_gmt":"2021-10-16T15:18:34","slug":"liverpool-peticom-pozelio-dobrodoslicu-ranieriju","status":"publish","type":"post","link":"https:\/\/radioljubuski.ba\/index.php\/2021\/10\/16\/liverpool-peticom-pozelio-dobrodoslicu-ranieriju\/","title":{"rendered":"Liverpool &#8220;peticom&#8221; po\u017eelio dobrodo\u0161licu Ranieriju"},"content":{"rendered":"\n<p><strong>Talijanski nogometni stru\u010dnjak Claudio Ranieri ne\u0107e po dobrome pamtiti svoj povratak u englesku Premier ligu, jer je u subotu njegov Watford na svom terenu pora\u017een od Liverpoola sa 5-0.<\/strong><\/p>\n\n\n\n<p>Posebno inspiriran bio je\u00a0<strong>Roberto Firmino\u00a0<\/strong>koji je postigao &#8216;hat-trick&#8217; golovima u 37., 52. i 91. minuti, a asistirao je i\u00a0<strong>Mohamedu Salahu\u00a0<\/strong>za pogodak u 54. minuti. Liverpool je poveo ve\u0107 u 9. minuti kad je nakon Salahovog dodavanja\u00a0<strong>Sadio Mane\u00a0<\/strong>pogodio mre\u017eu s ruba kaznenog prostora, \u0161to je bio njegov 100. gol u Premier ligi.<br><br>Liverpool se pobjedom privremeno probio na vrh ljestvice sa 18 bodova, dva vi\u0161e od drugoplasiranog Chelseaja, koji ima utakmicu manje. Watford je sa sedam bodova trenuta\u010dno na 15. poziciji, \u010detiri boda iznad zone ispadanja.<br><br>U subotu je na rasporedu jo\u0161 \u0161est utakmica 8. kola, a sastaju se: Aston Villa &#8211; Wolverhampton, Leicester &#8211; Manchester United, Manchester City &#8211; Burnley, Norwich &#8211; Brighton, Southampton &#8211; Leeds (sve u 16 sati) i Vrentford &#8211; Chelsea (18.00).<\/p>\n\n\n\n<blockquote class=\"twitter-tweet\"><p lang=\"en\" dir=\"ltr\">&quot;I don\u2019t know which one was better, this one or the City one.&quot; \ud83d\ude05<a href=\"https:\/\/twitter.com\/MoSalah?ref_src=twsrc%5Etfw\">@MoSalah<\/a> on another stunning solo and a classy Reds display at Vicarage Road&#8230;<\/p>&mdash; Liverpool FC (@LFC) <a href=\"https:\/\/twitter.com\/LFC\/status\/1449374848510308357?ref_src=twsrc%5Etfw\">October 16, 2021<\/a><\/blockquote> <script async src=\"https:\/\/platform.twitter.com\/widgets.js\" charset=\"utf-8\"><\/script>\n\n\n\n<p>Izvor:hrt.hr<\/p>\n","protected":false},"excerpt":{"rendered":"<p>Talijanski nogometni stru\u010dnjak Claudio Ranieri ne\u0107e po dobrome pamtiti svoj povratak u englesku Premier ligu, jer je u subotu njegov Watford na svom terenu pora\u017een od Liverpoola sa 5-0. Posebno inspiriran bio je\u00a0Roberto Firmino\u00a0koji je postigao &#8216;hat-trick&#8217; golovima u 37., 52. i 91. minuti, a asistirao je i\u00a0Mohamedu Salahu\u00a0za pogodak u 54. minuti. Liverpool je [&hellip;]<\/p>\n","protected":false},"author":2,"featured_media":0,"comment_status":"closed","ping_status":"closed","sticky":false,"template":"","format":"standard","meta":{"h5ap_radio_sources":[],"footnotes":""},"categories":[7],"tags":[],"class_list":["post-76504","post","type-post","status-publish","format-standard","hentry","category-sport"],"yoast_head":"<!-- This site is optimized with the Yoast SEO plugin v27.4 - https:\/\/yoast.com\/product\/yoast-seo-wordpress\/ -->\n<title>Liverpool &quot;peticom&quot; po\u017eelio dobrodo\u0161licu Ranieriju - RADIO LJUBU\u0160KI<\/title>\n<meta name=\"robots\" content=\"index, follow, max-snippet:-1, max-image-preview:large, max-video-preview:-1\" \/>\n<link rel=\"canonical\" href=\"https:\/\/radioljubuski.ba\/index.php\/2021\/10\/16\/liverpool-peticom-pozelio-dobrodoslicu-ranieriju\/\" \/>\n<meta property=\"og:locale\" content=\"hr_HR\" \/>\n<meta property=\"og:type\" content=\"article\" \/>\n<meta property=\"og:title\" content=\"Liverpool &quot;peticom&quot; po\u017eelio dobrodo\u0161licu Ranieriju - RADIO LJUBU\u0160KI\" \/>\n<meta property=\"og:description\" content=\"Talijanski nogometni stru\u010dnjak Claudio Ranieri ne\u0107e po dobrome pamtiti svoj povratak u englesku Premier ligu, jer je u subotu njegov Watford na svom terenu pora\u017een od Liverpoola sa 5-0. Posebno inspiriran bio je\u00a0Roberto Firmino\u00a0koji je postigao &#8216;hat-trick&#8217; golovima u 37., 52. i 91. minuti, a asistirao je i\u00a0Mohamedu Salahu\u00a0za pogodak u 54. minuti. Liverpool je [&hellip;]\" \/>\n<meta property=\"og:url\" content=\"https:\/\/radioljubuski.ba\/index.php\/2021\/10\/16\/liverpool-peticom-pozelio-dobrodoslicu-ranieriju\/\" \/>\n<meta property=\"og:site_name\" content=\"RADIO LJUBU\u0160KI\" \/>\n<meta property=\"article:publisher\" content=\"https:\/\/www.facebook.com\/Radiio-Ljubuski-1490835324566332\" \/>\n<meta property=\"article:published_time\" content=\"2021-10-16T15:18:33+00:00\" \/>\n<meta property=\"article:modified_time\" content=\"2021-10-16T15:18:34+00:00\" \/>\n<meta property=\"og:image\" content=\"https:\/\/radioljubuski.ba\/wp-content\/uploads\/2021\/10\/2021-10-16t135756z-1178875210-up1ehag12sj7j-rtrmadp-3-soccer-england-wat-liv-report-20211016141233.jpg\" \/>\n\t<meta property=\"og:image:width\" content=\"2338\" \/>\n\t<meta property=\"og:image:height\" content=\"1732\" \/>\n\t<meta property=\"og:image:type\" content=\"image\/jpeg\" \/>\n<meta name=\"author\" content=\"Radio Ljubu\u0161ki\" \/>\n<meta name=\"twitter:card\" content=\"summary_large_image\" \/>\n<meta name=\"twitter:creator\" content=\"@radioljubuski\" \/>\n<meta name=\"twitter:site\" content=\"@radioljubuski\" \/>\n<meta name=\"twitter:label1\" content=\"Napisao\/la\" \/>\n\t<meta name=\"twitter:data1\" content=\"Radio Ljubu\u0161ki\" \/>\n\t<meta name=\"twitter:label2\" content=\"Procijenjeno vrijeme \u010ditanja\" \/>\n\t<meta name=\"twitter:data2\" content=\"1 minuta\" \/>\n<script type=\"application\/ld+json\" class=\"yoast-schema-graph\">{\"@context\":\"https:\\\/\\\/schema.org\",\"@graph\":[{\"@type\":\"Article\",\"@id\":\"https:\\\/\\\/radioljubuski.ba\\\/index.php\\\/2021\\\/10\\\/16\\\/liverpool-peticom-pozelio-dobrodoslicu-ranieriju\\\/#article\",\"isPartOf\":{\"@id\":\"https:\\\/\\\/radioljubuski.ba\\\/index.php\\\/2021\\\/10\\\/16\\\/liverpool-peticom-pozelio-dobrodoslicu-ranieriju\\\/\"},\"author\":{\"name\":\"Radio Ljubu\u0161ki\",\"@id\":\"https:\\\/\\\/radioljubuski.ba\\\/#\\\/schema\\\/person\\\/19fc700381a780f69665d7956c469e3b\"},\"headline\":\"Liverpool &#8220;peticom&#8221; po\u017eelio dobrodo\u0161licu Ranieriju\",\"datePublished\":\"2021-10-16T15:18:33+00:00\",\"dateModified\":\"2021-10-16T15:18:34+00:00\",\"mainEntityOfPage\":{\"@id\":\"https:\\\/\\\/radioljubuski.ba\\\/index.php\\\/2021\\\/10\\\/16\\\/liverpool-peticom-pozelio-dobrodoslicu-ranieriju\\\/\"},\"wordCount\":199,\"publisher\":{\"@id\":\"https:\\\/\\\/radioljubuski.ba\\\/#organization\"},\"articleSection\":[\"\u0160port\"],\"inLanguage\":\"hr\"},{\"@type\":\"WebPage\",\"@id\":\"https:\\\/\\\/radioljubuski.ba\\\/index.php\\\/2021\\\/10\\\/16\\\/liverpool-peticom-pozelio-dobrodoslicu-ranieriju\\\/\",\"url\":\"https:\\\/\\\/radioljubuski.ba\\\/index.php\\\/2021\\\/10\\\/16\\\/liverpool-peticom-pozelio-dobrodoslicu-ranieriju\\\/\",\"name\":\"Liverpool \\\"peticom\\\" po\u017eelio dobrodo\u0161licu Ranieriju - RADIO LJUBU\u0160KI\",\"isPartOf\":{\"@id\":\"https:\\\/\\\/radioljubuski.ba\\\/#website\"},\"datePublished\":\"2021-10-16T15:18:33+00:00\",\"dateModified\":\"2021-10-16T15:18:34+00:00\",\"breadcrumb\":{\"@id\":\"https:\\\/\\\/radioljubuski.ba\\\/index.php\\\/2021\\\/10\\\/16\\\/liverpool-peticom-pozelio-dobrodoslicu-ranieriju\\\/#breadcrumb\"},\"inLanguage\":\"hr\",\"potentialAction\":[{\"@type\":\"ReadAction\",\"target\":[\"https:\\\/\\\/radioljubuski.ba\\\/index.php\\\/2021\\\/10\\\/16\\\/liverpool-peticom-pozelio-dobrodoslicu-ranieriju\\\/\"]}]},{\"@type\":\"BreadcrumbList\",\"@id\":\"https:\\\/\\\/radioljubuski.ba\\\/index.php\\\/2021\\\/10\\\/16\\\/liverpool-peticom-pozelio-dobrodoslicu-ranieriju\\\/#breadcrumb\",\"itemListElement\":[{\"@type\":\"ListItem\",\"position\":1,\"name\":\"Po\u010detna stranica\",\"item\":\"https:\\\/\\\/radioljubuski.ba\\\/\"},{\"@type\":\"ListItem\",\"position\":2,\"name\":\"Liverpool &#8220;peticom&#8221; po\u017eelio dobrodo\u0161licu Ranieriju\"}]},{\"@type\":\"WebSite\",\"@id\":\"https:\\\/\\\/radioljubuski.ba\\\/#website\",\"url\":\"https:\\\/\\\/radioljubuski.ba\\\/\",\"name\":\"Radio Ljubu\u0161ki\",\"description\":\"Sun\u010dana frekvencija Hercegovine\",\"publisher\":{\"@id\":\"https:\\\/\\\/radioljubuski.ba\\\/#organization\"},\"potentialAction\":[{\"@type\":\"SearchAction\",\"target\":{\"@type\":\"EntryPoint\",\"urlTemplate\":\"https:\\\/\\\/radioljubuski.ba\\\/?s={search_term_string}\"},\"query-input\":{\"@type\":\"PropertyValueSpecification\",\"valueRequired\":true,\"valueName\":\"search_term_string\"}}],\"inLanguage\":\"hr\"},{\"@type\":\"Organization\",\"@id\":\"https:\\\/\\\/radioljubuski.ba\\\/#organization\",\"name\":\"Radio Ljubu\u0161ki\",\"url\":\"https:\\\/\\\/radioljubuski.ba\\\/\",\"logo\":{\"@type\":\"ImageObject\",\"inLanguage\":\"hr\",\"@id\":\"https:\\\/\\\/radioljubuski.ba\\\/#\\\/schema\\\/logo\\\/image\\\/\",\"url\":\"https:\\\/\\\/radioljubuski.ba\\\/wp-content\\\/uploads\\\/2021\\\/02\\\/cropped-Radio_Ljubuski_logo1.jpg\",\"contentUrl\":\"https:\\\/\\\/radioljubuski.ba\\\/wp-content\\\/uploads\\\/2021\\\/02\\\/cropped-Radio_Ljubuski_logo1.jpg\",\"width\":512,\"height\":512,\"caption\":\"Radio Ljubu\u0161ki\"},\"image\":{\"@id\":\"https:\\\/\\\/radioljubuski.ba\\\/#\\\/schema\\\/logo\\\/image\\\/\"},\"sameAs\":[\"https:\\\/\\\/www.facebook.com\\\/Radiio-Ljubuski-1490835324566332\",\"https:\\\/\\\/x.com\\\/radioljubuski\",\"https:\\\/\\\/hr.linkedin.com\\\/company\\\/radio-ljubuski\",\"https:\\\/\\\/www.youtube.com\\\/channel\\\/UCHYaeO_n0Db3tjNGudGpXyw\"]},{\"@type\":\"Person\",\"@id\":\"https:\\\/\\\/radioljubuski.ba\\\/#\\\/schema\\\/person\\\/19fc700381a780f69665d7956c469e3b\",\"name\":\"Radio Ljubu\u0161ki\"}]}<\/script>\n<!-- \/ Yoast SEO plugin. -->","yoast_head_json":{"title":"Liverpool \"peticom\" po\u017eelio dobrodo\u0161licu Ranieriju - RADIO LJUBU\u0160KI","robots":{"index":"index","follow":"follow","max-snippet":"max-snippet:-1","max-image-preview":"max-image-preview:large","max-video-preview":"max-video-preview:-1"},"canonical":"https:\/\/radioljubuski.ba\/index.php\/2021\/10\/16\/liverpool-peticom-pozelio-dobrodoslicu-ranieriju\/","og_locale":"hr_HR","og_type":"article","og_title":"Liverpool \"peticom\" po\u017eelio dobrodo\u0161licu Ranieriju - RADIO LJUBU\u0160KI","og_description":"Talijanski nogometni stru\u010dnjak Claudio Ranieri ne\u0107e po dobrome pamtiti svoj povratak u englesku Premier ligu, jer je u subotu njegov Watford na svom terenu pora\u017een od Liverpoola sa 5-0. Posebno inspiriran bio je\u00a0Roberto Firmino\u00a0koji je postigao &#8216;hat-trick&#8217; golovima u 37., 52. i 91. minuti, a asistirao je i\u00a0Mohamedu Salahu\u00a0za pogodak u 54. minuti. Liverpool je [&hellip;]","og_url":"https:\/\/radioljubuski.ba\/index.php\/2021\/10\/16\/liverpool-peticom-pozelio-dobrodoslicu-ranieriju\/","og_site_name":"RADIO LJUBU\u0160KI","article_publisher":"https:\/\/www.facebook.com\/Radiio-Ljubuski-1490835324566332","article_published_time":"2021-10-16T15:18:33+00:00","article_modified_time":"2021-10-16T15:18:34+00:00","og_image":[{"width":2338,"height":1732,"url":"https:\/\/radioljubuski.ba\/wp-content\/uploads\/2021\/10\/2021-10-16t135756z-1178875210-up1ehag12sj7j-rtrmadp-3-soccer-england-wat-liv-report-20211016141233.jpg","type":"image\/jpeg"}],"author":"Radio Ljubu\u0161ki","twitter_card":"summary_large_image","twitter_creator":"@radioljubuski","twitter_site":"@radioljubuski","twitter_misc":{"Napisao\/la":"Radio Ljubu\u0161ki","Procijenjeno vrijeme \u010ditanja":"1 minuta"},"schema":{"@context":"https:\/\/schema.org","@graph":[{"@type":"Article","@id":"https:\/\/radioljubuski.ba\/index.php\/2021\/10\/16\/liverpool-peticom-pozelio-dobrodoslicu-ranieriju\/#article","isPartOf":{"@id":"https:\/\/radioljubuski.ba\/index.php\/2021\/10\/16\/liverpool-peticom-pozelio-dobrodoslicu-ranieriju\/"},"author":{"name":"Radio Ljubu\u0161ki","@id":"https:\/\/radioljubuski.ba\/#\/schema\/person\/19fc700381a780f69665d7956c469e3b"},"headline":"Liverpool &#8220;peticom&#8221; po\u017eelio dobrodo\u0161licu Ranieriju","datePublished":"2021-10-16T15:18:33+00:00","dateModified":"2021-10-16T15:18:34+00:00","mainEntityOfPage":{"@id":"https:\/\/radioljubuski.ba\/index.php\/2021\/10\/16\/liverpool-peticom-pozelio-dobrodoslicu-ranieriju\/"},"wordCount":199,"publisher":{"@id":"https:\/\/radioljubuski.ba\/#organization"},"articleSection":["\u0160port"],"inLanguage":"hr"},{"@type":"WebPage","@id":"https:\/\/radioljubuski.ba\/index.php\/2021\/10\/16\/liverpool-peticom-pozelio-dobrodoslicu-ranieriju\/","url":"https:\/\/radioljubuski.ba\/index.php\/2021\/10\/16\/liverpool-peticom-pozelio-dobrodoslicu-ranieriju\/","name":"Liverpool \"peticom\" po\u017eelio dobrodo\u0161licu Ranieriju - RADIO LJUBU\u0160KI","isPartOf":{"@id":"https:\/\/radioljubuski.ba\/#website"},"datePublished":"2021-10-16T15:18:33+00:00","dateModified":"2021-10-16T15:18:34+00:00","breadcrumb":{"@id":"https:\/\/radioljubuski.ba\/index.php\/2021\/10\/16\/liverpool-peticom-pozelio-dobrodoslicu-ranieriju\/#breadcrumb"},"inLanguage":"hr","potentialAction":[{"@type":"ReadAction","target":["https:\/\/radioljubuski.ba\/index.php\/2021\/10\/16\/liverpool-peticom-pozelio-dobrodoslicu-ranieriju\/"]}]},{"@type":"BreadcrumbList","@id":"https:\/\/radioljubuski.ba\/index.php\/2021\/10\/16\/liverpool-peticom-pozelio-dobrodoslicu-ranieriju\/#breadcrumb","itemListElement":[{"@type":"ListItem","position":1,"name":"Po\u010detna stranica","item":"https:\/\/radioljubuski.ba\/"},{"@type":"ListItem","position":2,"name":"Liverpool &#8220;peticom&#8221; po\u017eelio dobrodo\u0161licu Ranieriju"}]},{"@type":"WebSite","@id":"https:\/\/radioljubuski.ba\/#website","url":"https:\/\/radioljubuski.ba\/","name":"Radio Ljubu\u0161ki","description":"Sun\u010dana frekvencija Hercegovine","publisher":{"@id":"https:\/\/radioljubuski.ba\/#organization"},"potentialAction":[{"@type":"SearchAction","target":{"@type":"EntryPoint","urlTemplate":"https:\/\/radioljubuski.ba\/?s={search_term_string}"},"query-input":{"@type":"PropertyValueSpecification","valueRequired":true,"valueName":"search_term_string"}}],"inLanguage":"hr"},{"@type":"Organization","@id":"https:\/\/radioljubuski.ba\/#organization","name":"Radio Ljubu\u0161ki","url":"https:\/\/radioljubuski.ba\/","logo":{"@type":"ImageObject","inLanguage":"hr","@id":"https:\/\/radioljubuski.ba\/#\/schema\/logo\/image\/","url":"https:\/\/radioljubuski.ba\/wp-content\/uploads\/2021\/02\/cropped-Radio_Ljubuski_logo1.jpg","contentUrl":"https:\/\/radioljubuski.ba\/wp-content\/uploads\/2021\/02\/cropped-Radio_Ljubuski_logo1.jpg","width":512,"height":512,"caption":"Radio Ljubu\u0161ki"},"image":{"@id":"https:\/\/radioljubuski.ba\/#\/schema\/logo\/image\/"},"sameAs":["https:\/\/www.facebook.com\/Radiio-Ljubuski-1490835324566332","https:\/\/x.com\/radioljubuski","https:\/\/hr.linkedin.com\/company\/radio-ljubuski","https:\/\/www.youtube.com\/channel\/UCHYaeO_n0Db3tjNGudGpXyw"]},{"@type":"Person","@id":"https:\/\/radioljubuski.ba\/#\/schema\/person\/19fc700381a780f69665d7956c469e3b","name":"Radio Ljubu\u0161ki"}]}},"_links":{"self":[{"href":"https:\/\/radioljubuski.ba\/index.php\/wp-json\/wp\/v2\/posts\/76504","targetHints":{"allow":["GET"]}}],"collection":[{"href":"https:\/\/radioljubuski.ba\/index.php\/wp-json\/wp\/v2\/posts"}],"about":[{"href":"https:\/\/radioljubuski.ba\/index.php\/wp-json\/wp\/v2\/types\/post"}],"author":[{"embeddable":true,"href":"https:\/\/radioljubuski.ba\/index.php\/wp-json\/wp\/v2\/users\/2"}],"replies":[{"embeddable":true,"href":"https:\/\/radioljubuski.ba\/index.php\/wp-json\/wp\/v2\/comments?post=76504"}],"version-history":[{"count":1,"href":"https:\/\/radioljubuski.ba\/index.php\/wp-json\/wp\/v2\/posts\/76504\/revisions"}],"predecessor-version":[{"id":76506,"href":"https:\/\/radioljubuski.ba\/index.php\/wp-json\/wp\/v2\/posts\/76504\/revisions\/76506"}],"wp:attachment":[{"href":"https:\/\/radioljubuski.ba\/index.php\/wp-json\/wp\/v2\/media?parent=76504"}],"wp:term":[{"taxonomy":"category","embeddable":true,"href":"https:\/\/radioljubuski.ba\/index.php\/wp-json\/wp\/v2\/categories?post=76504"},{"taxonomy":"post_tag","embeddable":true,"href":"https:\/\/radioljubuski.ba\/index.php\/wp-json\/wp\/v2\/tags?post=76504"}],"curies":[{"name":"wp","href":"https:\/\/api.w.org\/{rel}","templated":true}]}}