{"id":76510,"date":"2021-10-16T16:21:07","date_gmt":"2021-10-16T15:21:07","guid":{"rendered":"https:\/\/radioljubuski.ba\/?p=76510"},"modified":"2021-10-16T16:21:08","modified_gmt":"2021-10-16T15:21:08","slug":"istrazivanje-u-izraelu-prirodni-imunitet-snazniji-i-dugotrajniji-od-onog-stecenog-cijepljenjem","status":"publish","type":"post","link":"https:\/\/radioljubuski.ba\/index.php\/2021\/10\/16\/istrazivanje-u-izraelu-prirodni-imunitet-snazniji-i-dugotrajniji-od-onog-stecenog-cijepljenjem\/","title":{"rendered":"Istra\u017eivanje u Izraelu: Prirodni imunitet \u2018sna\u017eniji i dugotrajniji\u2019 od onog ste\u010denog cijepljenjem"},"content":{"rendered":"\n<p><strong>Novo istra\u017eivanje provedeno u Izraelu pokazalo je da su oporavljeni pacijenti boljeg zdravstvenog stanja nego cijepljeni \u2013 iako cjepivo mo\u017ee osna\u017eiti prirodni imunitet<\/strong><\/p>\n\n\n\n<p>Nedavno istra\u017eivanje o imunitetu i koronavirusu provedeno u Izraelu pokazalo je da osobe koje su prethodno bile zara\u017eene ovim virusom steknu zna\u010dajno sna\u017eniji i dugotrajniji imunitet od onog koji slijedi nakon cijepljenja, donosi&nbsp;<a href=\"https:\/\/www.israelnationalnews.com\/News\/News.aspx\/312538\">israelnationalnews.com<\/a>.<\/p>\n\n\n\n<p>Ovo retrospektivno istra\u017eivanje, bazirano na promatranju, koje je provela zdravstvena organizacija Maccabi Healthcare Services u suradnji sa Sveu\u010dili\u0161tem u Tel Avivu i Sveu\u010dili\u0161nom bolnicom Ashdod, usporedilo je tri grupe izraelskog stanovni\u0161tva: ljudi koji se su cijepili, a nikad nisu bili zara\u017eeni SARS-CoV-2 virusom, ljudi koji su prethodno bili zara\u017eeni i nisu primili cjepivo, te ljudi koji su prethodno bili zara\u017eeni ovim virusom i potom se cijepili nakon oporavka.<\/p>\n\n\n\n<p>Istra\u017eivanje je pokazalo da je prirodni imunitet sna\u017eniji i dugotrajniji od onog ste\u010denog cijepljenjem, no tako\u0111er je istaknuto da je jedna doza cjepiva dovoljna u pru\u017eanju dodatne za\u0161tite od delta-varijante za one koji su se oporavili od virusa.<\/p>\n\n\n\n<p>Za analizu u ovom istra\u017eivanju kori\u0161teni su anonimni podaci iz Elektronske zdravstvene baze podataka, koja sadr\u017ei podatke 2.5 milijuna ljudi u Izraelu, iz perioda od 1. o\u017eujka 2020. godine do 14.kolovoza 2021. godine.<\/p>\n\n\n\n<p>Istra\u017eivanje je grupiralo ispitanike u razli\u010dite kategorije ovisno o statusu cijepljenja i prethodne zaraze, uzimaju\u0107i u obzir demografske faktore koji uklju\u010duju dob, spol, mjesto boravi\u0161ta, kao i vrijeme zaraze ili cijepljenja.<\/p>\n\n\n\n<p>U prvoj su analizi, koja je usporedila samo prirodni imunitet s onim koji je ste\u010den cijepljenjem me\u0111u onima koji su se cijepili, a da prethodno nisu bili zara\u017eeni SARS-CoV-2 virusom, prou\u010davali dvije kategorije od 16 215 osoba, jednake dobi, spola, mjesta boravka i vremena zaraze ili cijepljenja.<\/p>\n\n\n\n<p>Ovaj je model pokazao ukupno 256 slu\u010dajeva zaraze, od \u010dega je 238 slu\u010dajeva bilo \u201eprobijaju\u0107e zaraze\u201d (zaraza koja se javlja i nakon cijepljenja) cijepljenih koji nisu prije bili zara\u017eeni<strong>,<\/strong>&nbsp;dok je 19 slu\u010dajeva ponovno zara\u017eeno me\u0111u onima koji nisu cijepljeni, a prethodno su bili zara\u017eeni. Uz mogu\u0107nost i drugih oboljenja,&nbsp;<strong>ustanovljeno je da su osobe koje nisu bile prethodno zara\u017eene, a koje su se cijepile, imale 13 puta ve\u0107u \u0161ansu da budu zara\u017eeni nego oni koji su ve\u0107 bili zara\u017eeni.<\/strong><\/p>\n\n\n\n<p>Od 199 simptomati\u010dnih slu\u010dajeva, 191 bio je me\u0111u cijepljenima, a samo njih 8 me\u0111u prethodno zara\u017eenima. Uz mogu\u0107nost i drugih oboljenja,&nbsp;<strong>istra\u017eivanje je pokazalo da su cijepljene osobe imale 27 puta ve\u0107u \u0161ansu za simptomati\u010dnu zarazu virusom u usporedbi s onima koji su ve\u0107 bili jednom zara\u017eeni.<\/strong><\/p>\n\n\n\n<p>Sveukupno je zabilje\u017eeno devet slu\u010dajeva hospitalizacije,&nbsp;<strong>od \u010dega je osam bilo iz grupe cijepljenih<\/strong>&nbsp;koji nisu prethodno bili zara\u017eeni, i samo jedan iz prethodno zara\u017eenih. Smrtnih slu\u010dajeva nije bilo ni u jednoj skupini.<\/p>\n\n\n\n<p>Istra\u017eivanje je tako\u0111er usporedilo dvije grupe od po 14 029 ispitanika \u2013 jednu u kojoj su ispitanici bili prethodno zara\u017eeni, ali nikad cijepljeni, i drugu u kojoj su bili prethodno zara\u017eeni te potom cijepljeni s jednom dozom cjepiva.<\/p>\n\n\n\n<p>Ovaj model je pokazao da je jedna doza cjepiva gotovo upola smanjila rizik od ponovne zaraze, gdje su prethodno zara\u017eeni cijepljeni ispitanici imali rizi\u010dni faktor od 0.53 u usporedbi s prethodno zara\u017eenim necijepljenim ispitanicima.<\/p>\n\n\n\n<p><strong>Ipak, pokazalo se da cjepivo ima manji utjecaj na smanjenje rizi\u010dnog faktora kad je u pitanju simptomati\u010dno oboljenje.<\/strong><\/p>\n\n\n\n<p>16 ispitanika iz grupe koja je preboljela virus i bila cijepljena prijavili su simptomati\u010dnu ponovnu zarazu, u usporedbi s 23 ispitanika iz grupe koja nije cijepljena. Jedan necijepljeni pacijent je bio hospitaliziran, te nijedan iz grupe koja je preboljela virus i bila cijepljena.<\/p>\n\n\n\n<p>Uz mogu\u0107nost drugih oboljenja, istra\u017eivanje je otkrilo da su ispitanici iz grupe koja je prethodno preboljela i kasnije bila cijepljena imali rizi\u010dni faktor od 0.65, ili 65% naspram rizika necijepljenih ispitanika koji su prethodno preboljeli virus, kad su u pitanju simptomati\u010dni slu\u010dajevi virusa.<\/p>\n\n\n\n<p><strong>Istra\u017eiva\u010di su prilikom prou\u010davanja utjecaja delta-varijante virusa zaklju\u010dili da \u201eprirodni imunitet pru\u017ea dugotrajniju i sna\u017eniju za\u0161titu protiv zaraze, simptomati\u010dnog oboljenja i hospitalizacije pri pojavi delta-varijante SARS-CoV-2, u usporedbi s imunitetom nakon primljene dvije doze BNT 162b2&nbsp; cjepiva.\u201d<\/strong><\/p>\n\n\n\n<p>No, kako dodaju, jedna doza cjepiva naizgled osigurava za\u0161titu jednaku onoj kod prethodno zara\u017eenih.<\/p>\n\n\n\n<p>\u201ePonajprije, osobe koje su prethodno bile zara\u017eene virusom SARS-CoV-2 i primile jednu dozu BNT162b2 cjepiva dobile su dodatnu za\u0161titu protiv delta-varijante virusa. Dugoro\u010dna za\u0161tita tre\u0107e doze cjepiva, koja je nedavno krenula u Izraelu, jo\u0161 uvijek nije istra\u017eena.\u201d<\/p>\n\n\n\n<p>Istra\u017eivanje je pokazalo da bi se sna\u017enija i dugotrajnija za\u0161tita imuniteta u ispitanika koji su bili prethodno zara\u017eeni i preboljeli virus \u201emogla objasniti sna\u017enijom reakcijom imuniteta na SARS-CoV-2 proteine nego imuniteta generiranog cjepivom koje stvara imunolo\u0161ku aktivaciju proteina antitijela\u201d, no dodaju da \u201eovo ostaje na razini hipoteze\u201d.<\/p>\n\n\n\n<p>Istra\u017eivanje je potvr\u0111eno podacima prikupljenim po\u010detkom godine u izraelskom ministarstvu zdravstva, a koji uspore\u0111uju vjerojatnost ponovne zaraze tijekom \u010detvrtog vala pandemije s vjerojatno\u0161\u0107u \u201eprobijaju\u0107ih\u201d zaraza me\u0111u cijepljenom populacijom.<\/p>\n\n\n\n<p>Izraelska televizijska ku\u0107a&nbsp;<em>Channel 13&nbsp;<\/em>izvijestila je kako&nbsp;<strong>podaci prikazani Ministarstvu zdravstva u srpnju pokazuju da cijepljene osobe imaju 6.72 vi\u0161e vjerojatnosti za zarazu virusom nego oni koji su ve\u0107 bili zara\u017eeni<\/strong>, iako nije uo\u010dena razlika izme\u0111u cijepljenih pacijenata koji nisu bili zara\u017eeni virusom i onih koji jesu, prilikom \u010dega se druga mogu\u0107a oboljenja nisu uzimala u obzir.<\/p>\n\n\n\n<p>Prethodno istra\u017eivanje, provedeno u Clevelandu, Ohio, pokazalo je da cijepljenje u oporavljenih SARS-CoV-2 pacijenata ima vrlo malo ili nikakvog povoljnog u\u010dinka na njihovo zdravlje.<\/p>\n\n\n\n<p><em>Prevela i uredila: Ornela Findrik<\/em><\/p>\n\n\n\n<p><em>Izvor: narod.hr\/israelnationalnews.com<\/em><\/p>\n","protected":false},"excerpt":{"rendered":"<p>Novo istra\u017eivanje provedeno u Izraelu pokazalo je da su oporavljeni pacijenti boljeg zdravstvenog stanja nego cijepljeni \u2013 iako cjepivo mo\u017ee osna\u017eiti prirodni imunitet Nedavno istra\u017eivanje o imunitetu i koronavirusu provedeno u Izraelu pokazalo je da osobe koje su prethodno bile zara\u017eene ovim virusom steknu zna\u010dajno sna\u017eniji i dugotrajniji imunitet od onog koji slijedi nakon cijepljenja, [&hellip;]<\/p>\n","protected":false},"author":2,"featured_media":76511,"comment_status":"closed","ping_status":"closed","sticky":false,"template":"","format":"standard","meta":{"h5ap_radio_sources":[],"footnotes":""},"categories":[1],"tags":[],"class_list":["post-76510","post","type-post","status-publish","format-standard","has-post-thumbnail","hentry","category-bihiregija"],"yoast_head":"<!-- This site is optimized with the Yoast SEO plugin v27.4 - https:\/\/yoast.com\/product\/yoast-seo-wordpress\/ -->\n<title>Istra\u017eivanje u Izraelu: Prirodni imunitet \u2018sna\u017eniji i dugotrajniji\u2019 od onog ste\u010denog cijepljenjem - RADIO LJUBU\u0160KI<\/title>\n<meta name=\"robots\" content=\"index, follow, max-snippet:-1, max-image-preview:large, max-video-preview:-1\" \/>\n<link rel=\"canonical\" href=\"https:\/\/radioljubuski.ba\/index.php\/2021\/10\/16\/istrazivanje-u-izraelu-prirodni-imunitet-snazniji-i-dugotrajniji-od-onog-stecenog-cijepljenjem\/\" \/>\n<meta property=\"og:locale\" content=\"hr_HR\" \/>\n<meta property=\"og:type\" content=\"article\" \/>\n<meta property=\"og:title\" content=\"Istra\u017eivanje u Izraelu: Prirodni imunitet \u2018sna\u017eniji i dugotrajniji\u2019 od onog ste\u010denog cijepljenjem - RADIO LJUBU\u0160KI\" \/>\n<meta property=\"og:description\" content=\"Novo istra\u017eivanje provedeno u Izraelu pokazalo je da su oporavljeni pacijenti boljeg zdravstvenog stanja nego cijepljeni \u2013 iako cjepivo mo\u017ee osna\u017eiti prirodni imunitet Nedavno istra\u017eivanje o imunitetu i koronavirusu provedeno u Izraelu pokazalo je da osobe koje su prethodno bile zara\u017eene ovim virusom steknu zna\u010dajno sna\u017eniji i dugotrajniji imunitet od onog koji slijedi nakon cijepljenja, [&hellip;]\" \/>\n<meta property=\"og:url\" content=\"https:\/\/radioljubuski.ba\/index.php\/2021\/10\/16\/istrazivanje-u-izraelu-prirodni-imunitet-snazniji-i-dugotrajniji-od-onog-stecenog-cijepljenjem\/\" \/>\n<meta property=\"og:site_name\" content=\"RADIO LJUBU\u0160KI\" \/>\n<meta property=\"article:publisher\" content=\"https:\/\/www.facebook.com\/Radiio-Ljubuski-1490835324566332\" \/>\n<meta property=\"article:published_time\" content=\"2021-10-16T15:21:07+00:00\" \/>\n<meta property=\"article:modified_time\" content=\"2021-10-16T15:21:08+00:00\" \/>\n<meta property=\"og:image\" content=\"https:\/\/radioljubuski.ba\/wp-content\/uploads\/2021\/10\/HN20210628097530-1-696x453-1.jpg\" \/>\n\t<meta property=\"og:image:width\" content=\"696\" \/>\n\t<meta property=\"og:image:height\" content=\"453\" \/>\n\t<meta property=\"og:image:type\" content=\"image\/jpeg\" \/>\n<meta name=\"author\" content=\"Radio Ljubu\u0161ki\" \/>\n<meta name=\"twitter:card\" content=\"summary_large_image\" \/>\n<meta name=\"twitter:creator\" content=\"@radioljubuski\" \/>\n<meta name=\"twitter:site\" content=\"@radioljubuski\" \/>\n<meta name=\"twitter:label1\" content=\"Napisao\/la\" \/>\n\t<meta name=\"twitter:data1\" content=\"Radio Ljubu\u0161ki\" \/>\n\t<meta name=\"twitter:label2\" content=\"Procijenjeno vrijeme \u010ditanja\" \/>\n\t<meta name=\"twitter:data2\" content=\"4 minute\" \/>\n<script type=\"application\/ld+json\" class=\"yoast-schema-graph\">{\"@context\":\"https:\\\/\\\/schema.org\",\"@graph\":[{\"@type\":\"Article\",\"@id\":\"https:\\\/\\\/radioljubuski.ba\\\/index.php\\\/2021\\\/10\\\/16\\\/istrazivanje-u-izraelu-prirodni-imunitet-snazniji-i-dugotrajniji-od-onog-stecenog-cijepljenjem\\\/#article\",\"isPartOf\":{\"@id\":\"https:\\\/\\\/radioljubuski.ba\\\/index.php\\\/2021\\\/10\\\/16\\\/istrazivanje-u-izraelu-prirodni-imunitet-snazniji-i-dugotrajniji-od-onog-stecenog-cijepljenjem\\\/\"},\"author\":{\"name\":\"Radio Ljubu\u0161ki\",\"@id\":\"https:\\\/\\\/radioljubuski.ba\\\/#\\\/schema\\\/person\\\/19fc700381a780f69665d7956c469e3b\"},\"headline\":\"Istra\u017eivanje u Izraelu: Prirodni imunitet \u2018sna\u017eniji i dugotrajniji\u2019 od onog ste\u010denog cijepljenjem\",\"datePublished\":\"2021-10-16T15:21:07+00:00\",\"dateModified\":\"2021-10-16T15:21:08+00:00\",\"mainEntityOfPage\":{\"@id\":\"https:\\\/\\\/radioljubuski.ba\\\/index.php\\\/2021\\\/10\\\/16\\\/istrazivanje-u-izraelu-prirodni-imunitet-snazniji-i-dugotrajniji-od-onog-stecenog-cijepljenjem\\\/\"},\"wordCount\":983,\"publisher\":{\"@id\":\"https:\\\/\\\/radioljubuski.ba\\\/#organization\"},\"image\":{\"@id\":\"https:\\\/\\\/radioljubuski.ba\\\/index.php\\\/2021\\\/10\\\/16\\\/istrazivanje-u-izraelu-prirodni-imunitet-snazniji-i-dugotrajniji-od-onog-stecenog-cijepljenjem\\\/#primaryimage\"},\"thumbnailUrl\":\"https:\\\/\\\/radioljubuski.ba\\\/wp-content\\\/uploads\\\/2021\\\/10\\\/HN20210628097530-1-696x453-1.jpg\",\"articleSection\":[\"BIH i regija\"],\"inLanguage\":\"hr\"},{\"@type\":\"WebPage\",\"@id\":\"https:\\\/\\\/radioljubuski.ba\\\/index.php\\\/2021\\\/10\\\/16\\\/istrazivanje-u-izraelu-prirodni-imunitet-snazniji-i-dugotrajniji-od-onog-stecenog-cijepljenjem\\\/\",\"url\":\"https:\\\/\\\/radioljubuski.ba\\\/index.php\\\/2021\\\/10\\\/16\\\/istrazivanje-u-izraelu-prirodni-imunitet-snazniji-i-dugotrajniji-od-onog-stecenog-cijepljenjem\\\/\",\"name\":\"Istra\u017eivanje u Izraelu: Prirodni imunitet \u2018sna\u017eniji i dugotrajniji\u2019 od onog ste\u010denog cijepljenjem - RADIO LJUBU\u0160KI\",\"isPartOf\":{\"@id\":\"https:\\\/\\\/radioljubuski.ba\\\/#website\"},\"primaryImageOfPage\":{\"@id\":\"https:\\\/\\\/radioljubuski.ba\\\/index.php\\\/2021\\\/10\\\/16\\\/istrazivanje-u-izraelu-prirodni-imunitet-snazniji-i-dugotrajniji-od-onog-stecenog-cijepljenjem\\\/#primaryimage\"},\"image\":{\"@id\":\"https:\\\/\\\/radioljubuski.ba\\\/index.php\\\/2021\\\/10\\\/16\\\/istrazivanje-u-izraelu-prirodni-imunitet-snazniji-i-dugotrajniji-od-onog-stecenog-cijepljenjem\\\/#primaryimage\"},\"thumbnailUrl\":\"https:\\\/\\\/radioljubuski.ba\\\/wp-content\\\/uploads\\\/2021\\\/10\\\/HN20210628097530-1-696x453-1.jpg\",\"datePublished\":\"2021-10-16T15:21:07+00:00\",\"dateModified\":\"2021-10-16T15:21:08+00:00\",\"breadcrumb\":{\"@id\":\"https:\\\/\\\/radioljubuski.ba\\\/index.php\\\/2021\\\/10\\\/16\\\/istrazivanje-u-izraelu-prirodni-imunitet-snazniji-i-dugotrajniji-od-onog-stecenog-cijepljenjem\\\/#breadcrumb\"},\"inLanguage\":\"hr\",\"potentialAction\":[{\"@type\":\"ReadAction\",\"target\":[\"https:\\\/\\\/radioljubuski.ba\\\/index.php\\\/2021\\\/10\\\/16\\\/istrazivanje-u-izraelu-prirodni-imunitet-snazniji-i-dugotrajniji-od-onog-stecenog-cijepljenjem\\\/\"]}]},{\"@type\":\"ImageObject\",\"inLanguage\":\"hr\",\"@id\":\"https:\\\/\\\/radioljubuski.ba\\\/index.php\\\/2021\\\/10\\\/16\\\/istrazivanje-u-izraelu-prirodni-imunitet-snazniji-i-dugotrajniji-od-onog-stecenog-cijepljenjem\\\/#primaryimage\",\"url\":\"https:\\\/\\\/radioljubuski.ba\\\/wp-content\\\/uploads\\\/2021\\\/10\\\/HN20210628097530-1-696x453-1.jpg\",\"contentUrl\":\"https:\\\/\\\/radioljubuski.ba\\\/wp-content\\\/uploads\\\/2021\\\/10\\\/HN20210628097530-1-696x453-1.jpg\",\"width\":696,\"height\":453},{\"@type\":\"BreadcrumbList\",\"@id\":\"https:\\\/\\\/radioljubuski.ba\\\/index.php\\\/2021\\\/10\\\/16\\\/istrazivanje-u-izraelu-prirodni-imunitet-snazniji-i-dugotrajniji-od-onog-stecenog-cijepljenjem\\\/#breadcrumb\",\"itemListElement\":[{\"@type\":\"ListItem\",\"position\":1,\"name\":\"Po\u010detna stranica\",\"item\":\"https:\\\/\\\/radioljubuski.ba\\\/\"},{\"@type\":\"ListItem\",\"position\":2,\"name\":\"Istra\u017eivanje u Izraelu: Prirodni imunitet \u2018sna\u017eniji i dugotrajniji\u2019 od onog ste\u010denog cijepljenjem\"}]},{\"@type\":\"WebSite\",\"@id\":\"https:\\\/\\\/radioljubuski.ba\\\/#website\",\"url\":\"https:\\\/\\\/radioljubuski.ba\\\/\",\"name\":\"Radio Ljubu\u0161ki\",\"description\":\"Sun\u010dana frekvencija Hercegovine\",\"publisher\":{\"@id\":\"https:\\\/\\\/radioljubuski.ba\\\/#organization\"},\"potentialAction\":[{\"@type\":\"SearchAction\",\"target\":{\"@type\":\"EntryPoint\",\"urlTemplate\":\"https:\\\/\\\/radioljubuski.ba\\\/?s={search_term_string}\"},\"query-input\":{\"@type\":\"PropertyValueSpecification\",\"valueRequired\":true,\"valueName\":\"search_term_string\"}}],\"inLanguage\":\"hr\"},{\"@type\":\"Organization\",\"@id\":\"https:\\\/\\\/radioljubuski.ba\\\/#organization\",\"name\":\"Radio Ljubu\u0161ki\",\"url\":\"https:\\\/\\\/radioljubuski.ba\\\/\",\"logo\":{\"@type\":\"ImageObject\",\"inLanguage\":\"hr\",\"@id\":\"https:\\\/\\\/radioljubuski.ba\\\/#\\\/schema\\\/logo\\\/image\\\/\",\"url\":\"https:\\\/\\\/radioljubuski.ba\\\/wp-content\\\/uploads\\\/2021\\\/02\\\/cropped-Radio_Ljubuski_logo1.jpg\",\"contentUrl\":\"https:\\\/\\\/radioljubuski.ba\\\/wp-content\\\/uploads\\\/2021\\\/02\\\/cropped-Radio_Ljubuski_logo1.jpg\",\"width\":512,\"height\":512,\"caption\":\"Radio Ljubu\u0161ki\"},\"image\":{\"@id\":\"https:\\\/\\\/radioljubuski.ba\\\/#\\\/schema\\\/logo\\\/image\\\/\"},\"sameAs\":[\"https:\\\/\\\/www.facebook.com\\\/Radiio-Ljubuski-1490835324566332\",\"https:\\\/\\\/x.com\\\/radioljubuski\",\"https:\\\/\\\/hr.linkedin.com\\\/company\\\/radio-ljubuski\",\"https:\\\/\\\/www.youtube.com\\\/channel\\\/UCHYaeO_n0Db3tjNGudGpXyw\"]},{\"@type\":\"Person\",\"@id\":\"https:\\\/\\\/radioljubuski.ba\\\/#\\\/schema\\\/person\\\/19fc700381a780f69665d7956c469e3b\",\"name\":\"Radio Ljubu\u0161ki\"}]}<\/script>\n<!-- \/ Yoast SEO plugin. -->","yoast_head_json":{"title":"Istra\u017eivanje u Izraelu: Prirodni imunitet \u2018sna\u017eniji i dugotrajniji\u2019 od onog ste\u010denog cijepljenjem - RADIO LJUBU\u0160KI","robots":{"index":"index","follow":"follow","max-snippet":"max-snippet:-1","max-image-preview":"max-image-preview:large","max-video-preview":"max-video-preview:-1"},"canonical":"https:\/\/radioljubuski.ba\/index.php\/2021\/10\/16\/istrazivanje-u-izraelu-prirodni-imunitet-snazniji-i-dugotrajniji-od-onog-stecenog-cijepljenjem\/","og_locale":"hr_HR","og_type":"article","og_title":"Istra\u017eivanje u Izraelu: Prirodni imunitet \u2018sna\u017eniji i dugotrajniji\u2019 od onog ste\u010denog cijepljenjem - RADIO LJUBU\u0160KI","og_description":"Novo istra\u017eivanje provedeno u Izraelu pokazalo je da su oporavljeni pacijenti boljeg zdravstvenog stanja nego cijepljeni \u2013 iako cjepivo mo\u017ee osna\u017eiti prirodni imunitet Nedavno istra\u017eivanje o imunitetu i koronavirusu provedeno u Izraelu pokazalo je da osobe koje su prethodno bile zara\u017eene ovim virusom steknu zna\u010dajno sna\u017eniji i dugotrajniji imunitet od onog koji slijedi nakon cijepljenja, [&hellip;]","og_url":"https:\/\/radioljubuski.ba\/index.php\/2021\/10\/16\/istrazivanje-u-izraelu-prirodni-imunitet-snazniji-i-dugotrajniji-od-onog-stecenog-cijepljenjem\/","og_site_name":"RADIO LJUBU\u0160KI","article_publisher":"https:\/\/www.facebook.com\/Radiio-Ljubuski-1490835324566332","article_published_time":"2021-10-16T15:21:07+00:00","article_modified_time":"2021-10-16T15:21:08+00:00","og_image":[{"width":696,"height":453,"url":"https:\/\/radioljubuski.ba\/wp-content\/uploads\/2021\/10\/HN20210628097530-1-696x453-1.jpg","type":"image\/jpeg"}],"author":"Radio Ljubu\u0161ki","twitter_card":"summary_large_image","twitter_creator":"@radioljubuski","twitter_site":"@radioljubuski","twitter_misc":{"Napisao\/la":"Radio Ljubu\u0161ki","Procijenjeno vrijeme \u010ditanja":"4 minute"},"schema":{"@context":"https:\/\/schema.org","@graph":[{"@type":"Article","@id":"https:\/\/radioljubuski.ba\/index.php\/2021\/10\/16\/istrazivanje-u-izraelu-prirodni-imunitet-snazniji-i-dugotrajniji-od-onog-stecenog-cijepljenjem\/#article","isPartOf":{"@id":"https:\/\/radioljubuski.ba\/index.php\/2021\/10\/16\/istrazivanje-u-izraelu-prirodni-imunitet-snazniji-i-dugotrajniji-od-onog-stecenog-cijepljenjem\/"},"author":{"name":"Radio Ljubu\u0161ki","@id":"https:\/\/radioljubuski.ba\/#\/schema\/person\/19fc700381a780f69665d7956c469e3b"},"headline":"Istra\u017eivanje u Izraelu: Prirodni imunitet \u2018sna\u017eniji i dugotrajniji\u2019 od onog ste\u010denog cijepljenjem","datePublished":"2021-10-16T15:21:07+00:00","dateModified":"2021-10-16T15:21:08+00:00","mainEntityOfPage":{"@id":"https:\/\/radioljubuski.ba\/index.php\/2021\/10\/16\/istrazivanje-u-izraelu-prirodni-imunitet-snazniji-i-dugotrajniji-od-onog-stecenog-cijepljenjem\/"},"wordCount":983,"publisher":{"@id":"https:\/\/radioljubuski.ba\/#organization"},"image":{"@id":"https:\/\/radioljubuski.ba\/index.php\/2021\/10\/16\/istrazivanje-u-izraelu-prirodni-imunitet-snazniji-i-dugotrajniji-od-onog-stecenog-cijepljenjem\/#primaryimage"},"thumbnailUrl":"https:\/\/radioljubuski.ba\/wp-content\/uploads\/2021\/10\/HN20210628097530-1-696x453-1.jpg","articleSection":["BIH i regija"],"inLanguage":"hr"},{"@type":"WebPage","@id":"https:\/\/radioljubuski.ba\/index.php\/2021\/10\/16\/istrazivanje-u-izraelu-prirodni-imunitet-snazniji-i-dugotrajniji-od-onog-stecenog-cijepljenjem\/","url":"https:\/\/radioljubuski.ba\/index.php\/2021\/10\/16\/istrazivanje-u-izraelu-prirodni-imunitet-snazniji-i-dugotrajniji-od-onog-stecenog-cijepljenjem\/","name":"Istra\u017eivanje u Izraelu: Prirodni imunitet \u2018sna\u017eniji i dugotrajniji\u2019 od onog ste\u010denog cijepljenjem - RADIO LJUBU\u0160KI","isPartOf":{"@id":"https:\/\/radioljubuski.ba\/#website"},"primaryImageOfPage":{"@id":"https:\/\/radioljubuski.ba\/index.php\/2021\/10\/16\/istrazivanje-u-izraelu-prirodni-imunitet-snazniji-i-dugotrajniji-od-onog-stecenog-cijepljenjem\/#primaryimage"},"image":{"@id":"https:\/\/radioljubuski.ba\/index.php\/2021\/10\/16\/istrazivanje-u-izraelu-prirodni-imunitet-snazniji-i-dugotrajniji-od-onog-stecenog-cijepljenjem\/#primaryimage"},"thumbnailUrl":"https:\/\/radioljubuski.ba\/wp-content\/uploads\/2021\/10\/HN20210628097530-1-696x453-1.jpg","datePublished":"2021-10-16T15:21:07+00:00","dateModified":"2021-10-16T15:21:08+00:00","breadcrumb":{"@id":"https:\/\/radioljubuski.ba\/index.php\/2021\/10\/16\/istrazivanje-u-izraelu-prirodni-imunitet-snazniji-i-dugotrajniji-od-onog-stecenog-cijepljenjem\/#breadcrumb"},"inLanguage":"hr","potentialAction":[{"@type":"ReadAction","target":["https:\/\/radioljubuski.ba\/index.php\/2021\/10\/16\/istrazivanje-u-izraelu-prirodni-imunitet-snazniji-i-dugotrajniji-od-onog-stecenog-cijepljenjem\/"]}]},{"@type":"ImageObject","inLanguage":"hr","@id":"https:\/\/radioljubuski.ba\/index.php\/2021\/10\/16\/istrazivanje-u-izraelu-prirodni-imunitet-snazniji-i-dugotrajniji-od-onog-stecenog-cijepljenjem\/#primaryimage","url":"https:\/\/radioljubuski.ba\/wp-content\/uploads\/2021\/10\/HN20210628097530-1-696x453-1.jpg","contentUrl":"https:\/\/radioljubuski.ba\/wp-content\/uploads\/2021\/10\/HN20210628097530-1-696x453-1.jpg","width":696,"height":453},{"@type":"BreadcrumbList","@id":"https:\/\/radioljubuski.ba\/index.php\/2021\/10\/16\/istrazivanje-u-izraelu-prirodni-imunitet-snazniji-i-dugotrajniji-od-onog-stecenog-cijepljenjem\/#breadcrumb","itemListElement":[{"@type":"ListItem","position":1,"name":"Po\u010detna stranica","item":"https:\/\/radioljubuski.ba\/"},{"@type":"ListItem","position":2,"name":"Istra\u017eivanje u Izraelu: Prirodni imunitet \u2018sna\u017eniji i dugotrajniji\u2019 od onog ste\u010denog cijepljenjem"}]},{"@type":"WebSite","@id":"https:\/\/radioljubuski.ba\/#website","url":"https:\/\/radioljubuski.ba\/","name":"Radio Ljubu\u0161ki","description":"Sun\u010dana frekvencija Hercegovine","publisher":{"@id":"https:\/\/radioljubuski.ba\/#organization"},"potentialAction":[{"@type":"SearchAction","target":{"@type":"EntryPoint","urlTemplate":"https:\/\/radioljubuski.ba\/?s={search_term_string}"},"query-input":{"@type":"PropertyValueSpecification","valueRequired":true,"valueName":"search_term_string"}}],"inLanguage":"hr"},{"@type":"Organization","@id":"https:\/\/radioljubuski.ba\/#organization","name":"Radio Ljubu\u0161ki","url":"https:\/\/radioljubuski.ba\/","logo":{"@type":"ImageObject","inLanguage":"hr","@id":"https:\/\/radioljubuski.ba\/#\/schema\/logo\/image\/","url":"https:\/\/radioljubuski.ba\/wp-content\/uploads\/2021\/02\/cropped-Radio_Ljubuski_logo1.jpg","contentUrl":"https:\/\/radioljubuski.ba\/wp-content\/uploads\/2021\/02\/cropped-Radio_Ljubuski_logo1.jpg","width":512,"height":512,"caption":"Radio Ljubu\u0161ki"},"image":{"@id":"https:\/\/radioljubuski.ba\/#\/schema\/logo\/image\/"},"sameAs":["https:\/\/www.facebook.com\/Radiio-Ljubuski-1490835324566332","https:\/\/x.com\/radioljubuski","https:\/\/hr.linkedin.com\/company\/radio-ljubuski","https:\/\/www.youtube.com\/channel\/UCHYaeO_n0Db3tjNGudGpXyw"]},{"@type":"Person","@id":"https:\/\/radioljubuski.ba\/#\/schema\/person\/19fc700381a780f69665d7956c469e3b","name":"Radio Ljubu\u0161ki"}]}},"_links":{"self":[{"href":"https:\/\/radioljubuski.ba\/index.php\/wp-json\/wp\/v2\/posts\/76510","targetHints":{"allow":["GET"]}}],"collection":[{"href":"https:\/\/radioljubuski.ba\/index.php\/wp-json\/wp\/v2\/posts"}],"about":[{"href":"https:\/\/radioljubuski.ba\/index.php\/wp-json\/wp\/v2\/types\/post"}],"author":[{"embeddable":true,"href":"https:\/\/radioljubuski.ba\/index.php\/wp-json\/wp\/v2\/users\/2"}],"replies":[{"embeddable":true,"href":"https:\/\/radioljubuski.ba\/index.php\/wp-json\/wp\/v2\/comments?post=76510"}],"version-history":[{"count":1,"href":"https:\/\/radioljubuski.ba\/index.php\/wp-json\/wp\/v2\/posts\/76510\/revisions"}],"predecessor-version":[{"id":76512,"href":"https:\/\/radioljubuski.ba\/index.php\/wp-json\/wp\/v2\/posts\/76510\/revisions\/76512"}],"wp:featuredmedia":[{"embeddable":true,"href":"https:\/\/radioljubuski.ba\/index.php\/wp-json\/wp\/v2\/media\/76511"}],"wp:attachment":[{"href":"https:\/\/radioljubuski.ba\/index.php\/wp-json\/wp\/v2\/media?parent=76510"}],"wp:term":[{"taxonomy":"category","embeddable":true,"href":"https:\/\/radioljubuski.ba\/index.php\/wp-json\/wp\/v2\/categories?post=76510"},{"taxonomy":"post_tag","embeddable":true,"href":"https:\/\/radioljubuski.ba\/index.php\/wp-json\/wp\/v2\/tags?post=76510"}],"curies":[{"name":"wp","href":"https:\/\/api.w.org\/{rel}","templated":true}]}}