{"id":76513,"date":"2021-10-16T16:22:28","date_gmt":"2021-10-16T15:22:28","guid":{"rendered":"https:\/\/radioljubuski.ba\/?p=76513"},"modified":"2021-10-16T16:22:28","modified_gmt":"2021-10-16T15:22:28","slug":"u-splitu-drzan-susret-desnicari-u-pubu-na-aktualnu-temu-prisila-na-zdravlje","status":"publish","type":"post","link":"https:\/\/radioljubuski.ba\/index.php\/2021\/10\/16\/u-splitu-drzan-susret-desnicari-u-pubu-na-aktualnu-temu-prisila-na-zdravlje\/","title":{"rendered":"U Splitu dr\u017ean susret \u2018Desni\u010dari u pubu\u2019 na aktualnu temu \u2018Prisila na zdravlje\u2019"},"content":{"rendered":"\n<p>Desni\u010dari u pubu (DUP) su zapravo dru\u017eenje ljudi unutar ugostiteljskog objekta uz \u0161alicu \u010daja ili kriglu piva. U opu\u0161tenoj atmosferi, ali pod nadzorom moderatora iznose se podaci i sukobljavaju mi\u0161ljenja o najrazli\u010ditijim tema iz dru\u0161tva.<\/p>\n\n\n\n<p>Inicijalna ideja i organizacija DUP-a potekla je iz stranke GO (Generacija obnove), ali nakon ga\u0161enja stanke DUP je nastavio egzistirati kao samostalni projekt. Cilj sada ve\u0107 samostalnog i strankom neuvjetovanog projekta je razmjena informacija i \u0161irenje kriti\u010dkog razmi\u0161ljanja.<\/p>\n\n\n\n<p>DUP je u Splitu djelovao od 2018. ali zbog doga\u0111anja u GO,&nbsp; a i&nbsp; koronakrize bio je zaustavljen na du\u017ee vrijeme. Duga\u010dka pauza prekinuta je 12.10.2021. i DUP je odr\u017ean na lokaciji caffe bar Lumen (Fausta Vran\u010di\u0107a 3) u Splitu.<\/p>\n\n\n\n<p>Koncept rada DUP Split je: svaki stol dobije papir s brojem i letak na kojem su date smjernice teme. Posjetitelji kada se \u017eele javiti za rije\u010d podignu u ruci svoj broj stola, moderator ih zapisuje i kada do\u0111u na red iznose svoje mi\u0161ljenje na dio teme koji se tada obra\u0111uje.<\/p>\n\n\n\n<p>Za po\u010detak nove sezone izabrana je i vi\u0161e nego aktualna tema:&nbsp;<strong>Prisila na zdravlje<\/strong>.<\/p>\n\n\n\n<p>Zanimanje javnosti za temu je vidljivo i iz \u010dinjenice kako se u \u010ditavom kafi\u0107u nije moglo prona\u0107i slobodnog stola. Tako da je dio posjetitelja, sve u skladu s nametnutim mjerama, morao pratiti doga\u0111aj s vanjske terase.<\/p>\n\n\n\n<p>Smjernice teme Prisila na zdravlje su bile sljede\u0107e:<\/p>\n\n\n\n<p>* Nastanak virusa i medijska prezentacija<\/p>\n\n\n\n<p>\u2013 Nu\u017enost opreza ili \u0161irenje panike<\/p>\n\n\n\n<p>\u2013 Psihologija mase<\/p>\n\n\n\n<p>* Dosada\u0161nja iskustva s pandemijama<\/p>\n\n\n\n<p>* Farmacija u slu\u017ebi zdravlja ili novca<\/p>\n\n\n\n<p>\u2013 Revolucionarna otkri\u0107a farmacije<\/p>\n\n\n\n<p>\u2013 Poznate afere farmacije<\/p>\n\n\n\n<p>* Prisila na zdravlje<\/p>\n\n\n\n<p>\u2013 Represija ili gra\u0111anska prava \u2013 smisao demokracije?<\/p>\n\n\n\n<p>\u2013 Uloga institucija (religijskih i sekularnih)<\/p>\n\n\n\n<p>Ve\u0107 u prvoj to\u010dki teme zamije\u0107eno je kako postoji stanoviti nesklad u doga\u0111anjima vezanim uz koronavirus i za to primijetiti&nbsp; nije potrebno nikakvo medicinsko ili farmaceutsko znanje. U&nbsp; neformalnom dijelu dru\u017eenja povu\u010dena je paralela s Domovinskim ratom; da je nekim slu\u010dajem HRT 1991. godine izvje\u0161tavao na na\u010din kako je to izvje\u0161tavao u po\u010decima pandemije zasigurno bi u najkra\u0107em vremenu vod vojske okupirao zgradu i zatvorio njezine novinare i urednike pod optu\u017ebom za \u0161irenje panike, defetizma i diverziju.<\/p>\n\n\n\n<p>Nastavno na tu predod\u017ebu napravljena je naizgled nemogu\u0107a, ali u kona\u010dnici zabrinjava\u0107a sinteza misli dvoje nespojivih ljudi.<\/p>\n\n\n\n<p>Howard Phillips Lovecraft (ameri\u010dki pisac horora, fantazije i znanstvene fantastike) u svojoj knjizi&nbsp;<em>Supernatural Horror in Literature&nbsp;<\/em>napisao je : \u201cNajstarija i najja\u010da emocija \u010dovje\u010danstva je strah, a najstarija i najja\u010da vrsta straha je strah od nepoznatog.\u201d<\/p>\n\n\n\n<p>Gustave Le Bon (francuski socijalni psiholog, po obrazovanju lije\u010dnik) u&nbsp;<em>Psihologija gomile&nbsp;<\/em>napisao je: \u201cU vje\u010dnoj borbi protiv razuma, emocije nikada nisu bile pobije\u0111ene.\u201d<\/p>\n\n\n\n<p>Uzev\u0161i u obzir medijsku prezentaciju virusa kao ne\u010deg zastra\u0161uju\u0107eg i nepoznatog, svaki daljnji komentar je suvi\u0161an ve\u0107 se ostavlja \u010ditatelju na razmi\u0161ljanje.<\/p>\n\n\n\n<p>Razmatraju\u0107i teoriju zavjere i mogu\u0107i bioin\u017eenjering u nastanku virusa izneseno je&nbsp; mi\u0161ljenje ako&nbsp;<em>a<\/em>&nbsp;<em>priori<\/em>&nbsp;prihvatimo virus kao umjetnu tvorevinu automatski ograni\u010davamo mogu\u0107nost Bo\u017eje volje ili evolucijski nasumi\u010dnih doga\u0111aja. Mi\u0161ljenja su ostala podijeljena, od zagovornika laboratorija preko suzdr\u017eanih do rijetkih evolucionista. To upravo i je smisao desni\u010dara u pubu \u2013 poticati ljude da se preispituju i razmi\u0161ljaju vlastitom glavom umjesto da im se servira zaklju\u010dke.<\/p>\n\n\n\n<p>U kontekstu dosada\u0161njih pandemija spomenut je i na\u0161 \u0160ibenik iz 1649.g. kada je kuga doslovce pobila \u00be grada. Iako je tu rije\u010d o bakteriji Yersinia pestis, a ne virusu poput Covida, o\u010dito je kako Bo\u017eja ruka (ili za neke evolucija \u2013 ovisno o vjerskoj pripadnosti)&nbsp; djeluje i prije vremena mogu\u0107nosti laboratorijskih manipulacija.<\/p>\n\n\n\n<p>Tijekom ve\u010deri navedeni su i brojni primjeri velikih farmaceutskih otkri\u0107a, \u010diji je doprinos nemjerljiv. Nasuprot, navedeni su brojni slu\u010dajevi manipulacije podacima, kao i \u0161tetnih posljedica po konzumente lijekova za koje se prethodno tvrdila ispravnost.<\/p>\n\n\n\n<p>Spojem nelogi\u010dnog medijskog izvje\u0161tavanja s ve\u0107 poznatim i pravomo\u0107nim slu\u010dajevima besramnih farmaceutskih manipulacija u slu\u017ebi novca nad zdravljem, nad okupljenima se ponovno nadvilo pitanje komu i temeljem \u010dega to\u010dno vjerovati.<\/p>\n\n\n\n<p>Dotaknuta je i problematika moralnog aspekta primanja cjepiva zbog poznate uloge industrije abortusa u razvoju novih farmaceutskih proizvoda, uklju\u010divo i cjepiva.<\/p>\n\n\n\n<p>Emocijama izuzetno nabijen dio ve\u010deri bio je izlaganje studenata stomatologije i medicine.<\/p>\n\n\n\n<p>Ukratko re\u010deno, zahtjevi (a iz njihove prespektive teror!) koji se nad njima vr\u0161e kao uvjeti poha\u0111anja fakulteta, upravo su suprotni onom \u0161to ih se u\u010di u ud\u017ebenicima.<\/p>\n\n\n\n<p>Iz fakultetske knjige pro\u010ditav\u0161i definiciju cjepiva svima prisutnima je bila jasno kako postoji o\u010dit odmak izme\u0111u definicije i dana\u0161nje prakse. Kako je mogu\u0107e da literatura slu\u017ebenog&nbsp; obrazovnog sustava i javnosti ponu\u0111en narativ nisu isti?<\/p>\n\n\n\n<p>\u010cak i unato\u010d nehomogenosti skupa, navode studenata nitko nije mogao pobiti.<\/p>\n\n\n\n<p>U posljednjem dijelu ve\u010deri, bitno za prenijeti je spomen stare kr\u0161\u0107anske prakse procesija u vremenima pandemija i drugih zala. Nekima naizgled sulud \u010din, ali u kona\u010dnici \u010din koji postavlja esencijalno pitanje: je li duh iznad materije ili je materija prvo, zadnje i jedino \u0161to odre\u0111uje postojanje? Crkvenim zabranama kakve su bile na po\u010detku pandemije, odre\u0111eni dio publike smatrao je kako je snaga vjere-duha dovedena u pitanje.<\/p>\n\n\n\n<p>U kona\u010dnici ni\u0161ta nije generalno zaklju\u010deno \u0161to je za skup ljudi razli\u010ditih mi\u0161ljenja i svjetonazora i u redu.<\/p>\n\n\n\n<p>Splitski desni\u010dari u pubu i nisu tu donositi&nbsp; zaklju\u010dke ve\u0107 okupiti ljude. DUP tvori skup individua koji&nbsp; raspola\u017eu razli\u010ditim informacijama. Razli\u010dite informacije tvore razli\u010dite&nbsp; mogu\u0107nosti sve dok individue ponaosob ne odlu\u010de iz njih stvoriti svoja osobna vi\u0111enja i zaklju\u010dke.<\/p>\n\n\n\n<p><em>Izvor: narod.hr<\/em><\/p>\n","protected":false},"excerpt":{"rendered":"<p>Desni\u010dari u pubu (DUP) su zapravo dru\u017eenje ljudi unutar ugostiteljskog objekta uz \u0161alicu \u010daja ili kriglu piva. U opu\u0161tenoj atmosferi, ali pod nadzorom moderatora iznose se podaci i sukobljavaju mi\u0161ljenja o najrazli\u010ditijim tema iz dru\u0161tva. Inicijalna ideja i organizacija DUP-a potekla je iz stranke GO (Generacija obnove), ali nakon ga\u0161enja stanke DUP je nastavio egzistirati [&hellip;]<\/p>\n","protected":false},"author":2,"featured_media":76514,"comment_status":"closed","ping_status":"closed","sticky":false,"template":"","format":"standard","meta":{"h5ap_radio_sources":[],"footnotes":""},"categories":[1],"tags":[],"class_list":["post-76513","post","type-post","status-publish","format-standard","has-post-thumbnail","hentry","category-bihiregija"],"yoast_head":"<!-- This site is optimized with the Yoast SEO plugin v27.4 - https:\/\/yoast.com\/product\/yoast-seo-wordpress\/ -->\n<title>U Splitu dr\u017ean susret \u2018Desni\u010dari u pubu\u2019 na aktualnu temu \u2018Prisila na zdravlje\u2019 - RADIO LJUBU\u0160KI<\/title>\n<meta name=\"robots\" content=\"index, follow, max-snippet:-1, max-image-preview:large, max-video-preview:-1\" \/>\n<link rel=\"canonical\" href=\"https:\/\/radioljubuski.ba\/index.php\/2021\/10\/16\/u-splitu-drzan-susret-desnicari-u-pubu-na-aktualnu-temu-prisila-na-zdravlje\/\" \/>\n<meta property=\"og:locale\" content=\"hr_HR\" \/>\n<meta property=\"og:type\" content=\"article\" \/>\n<meta property=\"og:title\" content=\"U Splitu dr\u017ean susret \u2018Desni\u010dari u pubu\u2019 na aktualnu temu \u2018Prisila na zdravlje\u2019 - RADIO LJUBU\u0160KI\" \/>\n<meta property=\"og:description\" content=\"Desni\u010dari u pubu (DUP) su zapravo dru\u017eenje ljudi unutar ugostiteljskog objekta uz \u0161alicu \u010daja ili kriglu piva. U opu\u0161tenoj atmosferi, ali pod nadzorom moderatora iznose se podaci i sukobljavaju mi\u0161ljenja o najrazli\u010ditijim tema iz dru\u0161tva. Inicijalna ideja i organizacija DUP-a potekla je iz stranke GO (Generacija obnove), ali nakon ga\u0161enja stanke DUP je nastavio egzistirati [&hellip;]\" \/>\n<meta property=\"og:url\" content=\"https:\/\/radioljubuski.ba\/index.php\/2021\/10\/16\/u-splitu-drzan-susret-desnicari-u-pubu-na-aktualnu-temu-prisila-na-zdravlje\/\" \/>\n<meta property=\"og:site_name\" content=\"RADIO LJUBU\u0160KI\" \/>\n<meta property=\"article:publisher\" content=\"https:\/\/www.facebook.com\/Radiio-Ljubuski-1490835324566332\" \/>\n<meta property=\"article:published_time\" content=\"2021-10-16T15:22:28+00:00\" \/>\n<meta property=\"og:image\" content=\"https:\/\/radioljubuski.ba\/wp-content\/uploads\/2021\/10\/desnicari-u-pubu-696x464-1.jpg\" \/>\n\t<meta property=\"og:image:width\" content=\"696\" \/>\n\t<meta property=\"og:image:height\" content=\"464\" \/>\n\t<meta property=\"og:image:type\" content=\"image\/jpeg\" \/>\n<meta name=\"author\" content=\"Radio Ljubu\u0161ki\" \/>\n<meta name=\"twitter:card\" content=\"summary_large_image\" \/>\n<meta name=\"twitter:creator\" content=\"@radioljubuski\" \/>\n<meta name=\"twitter:site\" content=\"@radioljubuski\" \/>\n<meta name=\"twitter:label1\" content=\"Napisao\/la\" \/>\n\t<meta name=\"twitter:data1\" content=\"Radio Ljubu\u0161ki\" \/>\n\t<meta name=\"twitter:label2\" content=\"Procijenjeno vrijeme \u010ditanja\" \/>\n\t<meta name=\"twitter:data2\" content=\"4 minute\" \/>\n<script type=\"application\/ld+json\" class=\"yoast-schema-graph\">{\"@context\":\"https:\\\/\\\/schema.org\",\"@graph\":[{\"@type\":\"Article\",\"@id\":\"https:\\\/\\\/radioljubuski.ba\\\/index.php\\\/2021\\\/10\\\/16\\\/u-splitu-drzan-susret-desnicari-u-pubu-na-aktualnu-temu-prisila-na-zdravlje\\\/#article\",\"isPartOf\":{\"@id\":\"https:\\\/\\\/radioljubuski.ba\\\/index.php\\\/2021\\\/10\\\/16\\\/u-splitu-drzan-susret-desnicari-u-pubu-na-aktualnu-temu-prisila-na-zdravlje\\\/\"},\"author\":{\"name\":\"Radio Ljubu\u0161ki\",\"@id\":\"https:\\\/\\\/radioljubuski.ba\\\/#\\\/schema\\\/person\\\/19fc700381a780f69665d7956c469e3b\"},\"headline\":\"U Splitu dr\u017ean susret \u2018Desni\u010dari u pubu\u2019 na aktualnu temu \u2018Prisila na zdravlje\u2019\",\"datePublished\":\"2021-10-16T15:22:28+00:00\",\"mainEntityOfPage\":{\"@id\":\"https:\\\/\\\/radioljubuski.ba\\\/index.php\\\/2021\\\/10\\\/16\\\/u-splitu-drzan-susret-desnicari-u-pubu-na-aktualnu-temu-prisila-na-zdravlje\\\/\"},\"wordCount\":998,\"publisher\":{\"@id\":\"https:\\\/\\\/radioljubuski.ba\\\/#organization\"},\"image\":{\"@id\":\"https:\\\/\\\/radioljubuski.ba\\\/index.php\\\/2021\\\/10\\\/16\\\/u-splitu-drzan-susret-desnicari-u-pubu-na-aktualnu-temu-prisila-na-zdravlje\\\/#primaryimage\"},\"thumbnailUrl\":\"https:\\\/\\\/radioljubuski.ba\\\/wp-content\\\/uploads\\\/2021\\\/10\\\/desnicari-u-pubu-696x464-1.jpg\",\"articleSection\":[\"BIH i regija\"],\"inLanguage\":\"hr\"},{\"@type\":\"WebPage\",\"@id\":\"https:\\\/\\\/radioljubuski.ba\\\/index.php\\\/2021\\\/10\\\/16\\\/u-splitu-drzan-susret-desnicari-u-pubu-na-aktualnu-temu-prisila-na-zdravlje\\\/\",\"url\":\"https:\\\/\\\/radioljubuski.ba\\\/index.php\\\/2021\\\/10\\\/16\\\/u-splitu-drzan-susret-desnicari-u-pubu-na-aktualnu-temu-prisila-na-zdravlje\\\/\",\"name\":\"U Splitu dr\u017ean susret \u2018Desni\u010dari u pubu\u2019 na aktualnu temu \u2018Prisila na zdravlje\u2019 - RADIO LJUBU\u0160KI\",\"isPartOf\":{\"@id\":\"https:\\\/\\\/radioljubuski.ba\\\/#website\"},\"primaryImageOfPage\":{\"@id\":\"https:\\\/\\\/radioljubuski.ba\\\/index.php\\\/2021\\\/10\\\/16\\\/u-splitu-drzan-susret-desnicari-u-pubu-na-aktualnu-temu-prisila-na-zdravlje\\\/#primaryimage\"},\"image\":{\"@id\":\"https:\\\/\\\/radioljubuski.ba\\\/index.php\\\/2021\\\/10\\\/16\\\/u-splitu-drzan-susret-desnicari-u-pubu-na-aktualnu-temu-prisila-na-zdravlje\\\/#primaryimage\"},\"thumbnailUrl\":\"https:\\\/\\\/radioljubuski.ba\\\/wp-content\\\/uploads\\\/2021\\\/10\\\/desnicari-u-pubu-696x464-1.jpg\",\"datePublished\":\"2021-10-16T15:22:28+00:00\",\"breadcrumb\":{\"@id\":\"https:\\\/\\\/radioljubuski.ba\\\/index.php\\\/2021\\\/10\\\/16\\\/u-splitu-drzan-susret-desnicari-u-pubu-na-aktualnu-temu-prisila-na-zdravlje\\\/#breadcrumb\"},\"inLanguage\":\"hr\",\"potentialAction\":[{\"@type\":\"ReadAction\",\"target\":[\"https:\\\/\\\/radioljubuski.ba\\\/index.php\\\/2021\\\/10\\\/16\\\/u-splitu-drzan-susret-desnicari-u-pubu-na-aktualnu-temu-prisila-na-zdravlje\\\/\"]}]},{\"@type\":\"ImageObject\",\"inLanguage\":\"hr\",\"@id\":\"https:\\\/\\\/radioljubuski.ba\\\/index.php\\\/2021\\\/10\\\/16\\\/u-splitu-drzan-susret-desnicari-u-pubu-na-aktualnu-temu-prisila-na-zdravlje\\\/#primaryimage\",\"url\":\"https:\\\/\\\/radioljubuski.ba\\\/wp-content\\\/uploads\\\/2021\\\/10\\\/desnicari-u-pubu-696x464-1.jpg\",\"contentUrl\":\"https:\\\/\\\/radioljubuski.ba\\\/wp-content\\\/uploads\\\/2021\\\/10\\\/desnicari-u-pubu-696x464-1.jpg\",\"width\":696,\"height\":464},{\"@type\":\"BreadcrumbList\",\"@id\":\"https:\\\/\\\/radioljubuski.ba\\\/index.php\\\/2021\\\/10\\\/16\\\/u-splitu-drzan-susret-desnicari-u-pubu-na-aktualnu-temu-prisila-na-zdravlje\\\/#breadcrumb\",\"itemListElement\":[{\"@type\":\"ListItem\",\"position\":1,\"name\":\"Po\u010detna stranica\",\"item\":\"https:\\\/\\\/radioljubuski.ba\\\/\"},{\"@type\":\"ListItem\",\"position\":2,\"name\":\"U Splitu dr\u017ean susret \u2018Desni\u010dari u pubu\u2019 na aktualnu temu \u2018Prisila na zdravlje\u2019\"}]},{\"@type\":\"WebSite\",\"@id\":\"https:\\\/\\\/radioljubuski.ba\\\/#website\",\"url\":\"https:\\\/\\\/radioljubuski.ba\\\/\",\"name\":\"Radio Ljubu\u0161ki\",\"description\":\"Sun\u010dana frekvencija Hercegovine\",\"publisher\":{\"@id\":\"https:\\\/\\\/radioljubuski.ba\\\/#organization\"},\"potentialAction\":[{\"@type\":\"SearchAction\",\"target\":{\"@type\":\"EntryPoint\",\"urlTemplate\":\"https:\\\/\\\/radioljubuski.ba\\\/?s={search_term_string}\"},\"query-input\":{\"@type\":\"PropertyValueSpecification\",\"valueRequired\":true,\"valueName\":\"search_term_string\"}}],\"inLanguage\":\"hr\"},{\"@type\":\"Organization\",\"@id\":\"https:\\\/\\\/radioljubuski.ba\\\/#organization\",\"name\":\"Radio Ljubu\u0161ki\",\"url\":\"https:\\\/\\\/radioljubuski.ba\\\/\",\"logo\":{\"@type\":\"ImageObject\",\"inLanguage\":\"hr\",\"@id\":\"https:\\\/\\\/radioljubuski.ba\\\/#\\\/schema\\\/logo\\\/image\\\/\",\"url\":\"https:\\\/\\\/radioljubuski.ba\\\/wp-content\\\/uploads\\\/2021\\\/02\\\/cropped-Radio_Ljubuski_logo1.jpg\",\"contentUrl\":\"https:\\\/\\\/radioljubuski.ba\\\/wp-content\\\/uploads\\\/2021\\\/02\\\/cropped-Radio_Ljubuski_logo1.jpg\",\"width\":512,\"height\":512,\"caption\":\"Radio Ljubu\u0161ki\"},\"image\":{\"@id\":\"https:\\\/\\\/radioljubuski.ba\\\/#\\\/schema\\\/logo\\\/image\\\/\"},\"sameAs\":[\"https:\\\/\\\/www.facebook.com\\\/Radiio-Ljubuski-1490835324566332\",\"https:\\\/\\\/x.com\\\/radioljubuski\",\"https:\\\/\\\/hr.linkedin.com\\\/company\\\/radio-ljubuski\",\"https:\\\/\\\/www.youtube.com\\\/channel\\\/UCHYaeO_n0Db3tjNGudGpXyw\"]},{\"@type\":\"Person\",\"@id\":\"https:\\\/\\\/radioljubuski.ba\\\/#\\\/schema\\\/person\\\/19fc700381a780f69665d7956c469e3b\",\"name\":\"Radio Ljubu\u0161ki\"}]}<\/script>\n<!-- \/ Yoast SEO plugin. -->","yoast_head_json":{"title":"U Splitu dr\u017ean susret \u2018Desni\u010dari u pubu\u2019 na aktualnu temu \u2018Prisila na zdravlje\u2019 - RADIO LJUBU\u0160KI","robots":{"index":"index","follow":"follow","max-snippet":"max-snippet:-1","max-image-preview":"max-image-preview:large","max-video-preview":"max-video-preview:-1"},"canonical":"https:\/\/radioljubuski.ba\/index.php\/2021\/10\/16\/u-splitu-drzan-susret-desnicari-u-pubu-na-aktualnu-temu-prisila-na-zdravlje\/","og_locale":"hr_HR","og_type":"article","og_title":"U Splitu dr\u017ean susret \u2018Desni\u010dari u pubu\u2019 na aktualnu temu \u2018Prisila na zdravlje\u2019 - RADIO LJUBU\u0160KI","og_description":"Desni\u010dari u pubu (DUP) su zapravo dru\u017eenje ljudi unutar ugostiteljskog objekta uz \u0161alicu \u010daja ili kriglu piva. U opu\u0161tenoj atmosferi, ali pod nadzorom moderatora iznose se podaci i sukobljavaju mi\u0161ljenja o najrazli\u010ditijim tema iz dru\u0161tva. Inicijalna ideja i organizacija DUP-a potekla je iz stranke GO (Generacija obnove), ali nakon ga\u0161enja stanke DUP je nastavio egzistirati [&hellip;]","og_url":"https:\/\/radioljubuski.ba\/index.php\/2021\/10\/16\/u-splitu-drzan-susret-desnicari-u-pubu-na-aktualnu-temu-prisila-na-zdravlje\/","og_site_name":"RADIO LJUBU\u0160KI","article_publisher":"https:\/\/www.facebook.com\/Radiio-Ljubuski-1490835324566332","article_published_time":"2021-10-16T15:22:28+00:00","og_image":[{"width":696,"height":464,"url":"https:\/\/radioljubuski.ba\/wp-content\/uploads\/2021\/10\/desnicari-u-pubu-696x464-1.jpg","type":"image\/jpeg"}],"author":"Radio Ljubu\u0161ki","twitter_card":"summary_large_image","twitter_creator":"@radioljubuski","twitter_site":"@radioljubuski","twitter_misc":{"Napisao\/la":"Radio Ljubu\u0161ki","Procijenjeno vrijeme \u010ditanja":"4 minute"},"schema":{"@context":"https:\/\/schema.org","@graph":[{"@type":"Article","@id":"https:\/\/radioljubuski.ba\/index.php\/2021\/10\/16\/u-splitu-drzan-susret-desnicari-u-pubu-na-aktualnu-temu-prisila-na-zdravlje\/#article","isPartOf":{"@id":"https:\/\/radioljubuski.ba\/index.php\/2021\/10\/16\/u-splitu-drzan-susret-desnicari-u-pubu-na-aktualnu-temu-prisila-na-zdravlje\/"},"author":{"name":"Radio Ljubu\u0161ki","@id":"https:\/\/radioljubuski.ba\/#\/schema\/person\/19fc700381a780f69665d7956c469e3b"},"headline":"U Splitu dr\u017ean susret \u2018Desni\u010dari u pubu\u2019 na aktualnu temu \u2018Prisila na zdravlje\u2019","datePublished":"2021-10-16T15:22:28+00:00","mainEntityOfPage":{"@id":"https:\/\/radioljubuski.ba\/index.php\/2021\/10\/16\/u-splitu-drzan-susret-desnicari-u-pubu-na-aktualnu-temu-prisila-na-zdravlje\/"},"wordCount":998,"publisher":{"@id":"https:\/\/radioljubuski.ba\/#organization"},"image":{"@id":"https:\/\/radioljubuski.ba\/index.php\/2021\/10\/16\/u-splitu-drzan-susret-desnicari-u-pubu-na-aktualnu-temu-prisila-na-zdravlje\/#primaryimage"},"thumbnailUrl":"https:\/\/radioljubuski.ba\/wp-content\/uploads\/2021\/10\/desnicari-u-pubu-696x464-1.jpg","articleSection":["BIH i regija"],"inLanguage":"hr"},{"@type":"WebPage","@id":"https:\/\/radioljubuski.ba\/index.php\/2021\/10\/16\/u-splitu-drzan-susret-desnicari-u-pubu-na-aktualnu-temu-prisila-na-zdravlje\/","url":"https:\/\/radioljubuski.ba\/index.php\/2021\/10\/16\/u-splitu-drzan-susret-desnicari-u-pubu-na-aktualnu-temu-prisila-na-zdravlje\/","name":"U Splitu dr\u017ean susret \u2018Desni\u010dari u pubu\u2019 na aktualnu temu \u2018Prisila na zdravlje\u2019 - RADIO LJUBU\u0160KI","isPartOf":{"@id":"https:\/\/radioljubuski.ba\/#website"},"primaryImageOfPage":{"@id":"https:\/\/radioljubuski.ba\/index.php\/2021\/10\/16\/u-splitu-drzan-susret-desnicari-u-pubu-na-aktualnu-temu-prisila-na-zdravlje\/#primaryimage"},"image":{"@id":"https:\/\/radioljubuski.ba\/index.php\/2021\/10\/16\/u-splitu-drzan-susret-desnicari-u-pubu-na-aktualnu-temu-prisila-na-zdravlje\/#primaryimage"},"thumbnailUrl":"https:\/\/radioljubuski.ba\/wp-content\/uploads\/2021\/10\/desnicari-u-pubu-696x464-1.jpg","datePublished":"2021-10-16T15:22:28+00:00","breadcrumb":{"@id":"https:\/\/radioljubuski.ba\/index.php\/2021\/10\/16\/u-splitu-drzan-susret-desnicari-u-pubu-na-aktualnu-temu-prisila-na-zdravlje\/#breadcrumb"},"inLanguage":"hr","potentialAction":[{"@type":"ReadAction","target":["https:\/\/radioljubuski.ba\/index.php\/2021\/10\/16\/u-splitu-drzan-susret-desnicari-u-pubu-na-aktualnu-temu-prisila-na-zdravlje\/"]}]},{"@type":"ImageObject","inLanguage":"hr","@id":"https:\/\/radioljubuski.ba\/index.php\/2021\/10\/16\/u-splitu-drzan-susret-desnicari-u-pubu-na-aktualnu-temu-prisila-na-zdravlje\/#primaryimage","url":"https:\/\/radioljubuski.ba\/wp-content\/uploads\/2021\/10\/desnicari-u-pubu-696x464-1.jpg","contentUrl":"https:\/\/radioljubuski.ba\/wp-content\/uploads\/2021\/10\/desnicari-u-pubu-696x464-1.jpg","width":696,"height":464},{"@type":"BreadcrumbList","@id":"https:\/\/radioljubuski.ba\/index.php\/2021\/10\/16\/u-splitu-drzan-susret-desnicari-u-pubu-na-aktualnu-temu-prisila-na-zdravlje\/#breadcrumb","itemListElement":[{"@type":"ListItem","position":1,"name":"Po\u010detna stranica","item":"https:\/\/radioljubuski.ba\/"},{"@type":"ListItem","position":2,"name":"U Splitu dr\u017ean susret \u2018Desni\u010dari u pubu\u2019 na aktualnu temu \u2018Prisila na zdravlje\u2019"}]},{"@type":"WebSite","@id":"https:\/\/radioljubuski.ba\/#website","url":"https:\/\/radioljubuski.ba\/","name":"Radio Ljubu\u0161ki","description":"Sun\u010dana frekvencija Hercegovine","publisher":{"@id":"https:\/\/radioljubuski.ba\/#organization"},"potentialAction":[{"@type":"SearchAction","target":{"@type":"EntryPoint","urlTemplate":"https:\/\/radioljubuski.ba\/?s={search_term_string}"},"query-input":{"@type":"PropertyValueSpecification","valueRequired":true,"valueName":"search_term_string"}}],"inLanguage":"hr"},{"@type":"Organization","@id":"https:\/\/radioljubuski.ba\/#organization","name":"Radio Ljubu\u0161ki","url":"https:\/\/radioljubuski.ba\/","logo":{"@type":"ImageObject","inLanguage":"hr","@id":"https:\/\/radioljubuski.ba\/#\/schema\/logo\/image\/","url":"https:\/\/radioljubuski.ba\/wp-content\/uploads\/2021\/02\/cropped-Radio_Ljubuski_logo1.jpg","contentUrl":"https:\/\/radioljubuski.ba\/wp-content\/uploads\/2021\/02\/cropped-Radio_Ljubuski_logo1.jpg","width":512,"height":512,"caption":"Radio Ljubu\u0161ki"},"image":{"@id":"https:\/\/radioljubuski.ba\/#\/schema\/logo\/image\/"},"sameAs":["https:\/\/www.facebook.com\/Radiio-Ljubuski-1490835324566332","https:\/\/x.com\/radioljubuski","https:\/\/hr.linkedin.com\/company\/radio-ljubuski","https:\/\/www.youtube.com\/channel\/UCHYaeO_n0Db3tjNGudGpXyw"]},{"@type":"Person","@id":"https:\/\/radioljubuski.ba\/#\/schema\/person\/19fc700381a780f69665d7956c469e3b","name":"Radio Ljubu\u0161ki"}]}},"_links":{"self":[{"href":"https:\/\/radioljubuski.ba\/index.php\/wp-json\/wp\/v2\/posts\/76513","targetHints":{"allow":["GET"]}}],"collection":[{"href":"https:\/\/radioljubuski.ba\/index.php\/wp-json\/wp\/v2\/posts"}],"about":[{"href":"https:\/\/radioljubuski.ba\/index.php\/wp-json\/wp\/v2\/types\/post"}],"author":[{"embeddable":true,"href":"https:\/\/radioljubuski.ba\/index.php\/wp-json\/wp\/v2\/users\/2"}],"replies":[{"embeddable":true,"href":"https:\/\/radioljubuski.ba\/index.php\/wp-json\/wp\/v2\/comments?post=76513"}],"version-history":[{"count":1,"href":"https:\/\/radioljubuski.ba\/index.php\/wp-json\/wp\/v2\/posts\/76513\/revisions"}],"predecessor-version":[{"id":76515,"href":"https:\/\/radioljubuski.ba\/index.php\/wp-json\/wp\/v2\/posts\/76513\/revisions\/76515"}],"wp:featuredmedia":[{"embeddable":true,"href":"https:\/\/radioljubuski.ba\/index.php\/wp-json\/wp\/v2\/media\/76514"}],"wp:attachment":[{"href":"https:\/\/radioljubuski.ba\/index.php\/wp-json\/wp\/v2\/media?parent=76513"}],"wp:term":[{"taxonomy":"category","embeddable":true,"href":"https:\/\/radioljubuski.ba\/index.php\/wp-json\/wp\/v2\/categories?post=76513"},{"taxonomy":"post_tag","embeddable":true,"href":"https:\/\/radioljubuski.ba\/index.php\/wp-json\/wp\/v2\/tags?post=76513"}],"curies":[{"name":"wp","href":"https:\/\/api.w.org\/{rel}","templated":true}]}}