{"id":76516,"date":"2021-10-16T16:23:57","date_gmt":"2021-10-16T15:23:57","guid":{"rendered":"https:\/\/radioljubuski.ba\/?p=76516"},"modified":"2021-10-16T16:23:58","modified_gmt":"2021-10-16T15:23:58","slug":"16-listopada-1991-za-slobodu-domovine-poginuli-blago-zadro-i-alfred-hill","status":"publish","type":"post","link":"https:\/\/radioljubuski.ba\/index.php\/2021\/10\/16\/16-listopada-1991-za-slobodu-domovine-poginuli-blago-zadro-i-alfred-hill\/","title":{"rendered":"16. listopada 1991. Za slobodu domovine poginuli Blago Zadro i Alfred Hill"},"content":{"rendered":"\n<p><strong>Dva Hrvata, dva zapovjednika u Vukovaru, dva junaka\u2026 Blago Zadro i Alfred Hill.&nbsp; jedan ro\u0111en na kr\u0161u na\u0161eg juga Domovine, a drugi ro\u0111en u ravnicama Domovine na blagim obalama Dunava koji oplakuje Vukovar. Dva junaka, s juga i sjevera, slika su jedne hrvatske du\u0161e, jedne borbe za svoj narod, jedne hrabrosti, jedne ljubavi i dvije smrti koje su postale znak \u2013 jedne i velike slobode!<\/strong><\/p>\n\n\n\n<p>Dana 16. listopada 1991. bio je koban za dva hrvatska junaka: Blagu Zadru i Alfreda Hilla. Svega dan nakon \u0161to je Vukovar pao u potpuno okru\u017eenje i nakon \u0161to vi\u0161e nisu postojali ni kukuruzni putovi poginula su dvojica omiljenih zapovjednika i junaka obrane grada.<\/p>\n\n\n\n<p>Nema tko u Vukovaru tih dana da nije zaplakao nad smr\u0107u ove dvojice zapovjednika, \u010dije je ime znalo svako dijete u Vukovaru.<\/p>\n\n\n\n<p>O Blagi Zadri se gotovo sve zna i te\u0161ko je napisati rije\u010d koja bi opisala hrabrost i nesebi\u010dnost vukovarskog junaka. Alfred Hill poginuo je u 35 godini \u017eivota u rodnom gradu, a od prvog dana zajedno je sa Zadrom bio organizirao obranu grada i sprije\u010dio da grad bez borbe padne u ruke Srba. Zadro i Hill zajedno su sa skupinom domoljuba organizirali obranu grada koji je silom prilika postao nesalomljivi zid za \u010detnike koji su nadirali iz okolnih srpskih sela i Srbije s druge strane Dunava.<\/p>\n\n\n\n<p>Obrana Vukovara organizirana je ve\u0107 prije samog po\u010detka borbi i rata, 10. svibnja 1991. Krajem rujna zapovjednik obrane grada Mile Dedakovi\u0107 imenovao je Hilla zapovjednikom Vojne policije koja je bila jedna od najva\u017enijih postrojbi u obrani grada, te je sudjelovala u svim bitkama za grad.<\/p>\n\n\n\n<p>Hill je poginuo brane\u0107i Sajmi\u0161te, a njegov suborac Josip Belobrajdi\u0107 Brzi svjedo\u010di: \u201eZajedno smo proveli sedam dana na polo\u017eaju kod srpskog groblja na Sajmi\u0161tu, doslovno smo le\u017eali u grobovima i znali se zezati kako svatko, kad krene napad, lije\u017ee u svoju grobnicu. Tog 16. listopada krenuo je sveop\u0107i, siloviti napad na grad. Neprijatelj je probio ulicu Josipa Kra\u0161a, motorole su ostale prazne, netko je javio da je Hill ranjen, a ja sam rekao: Ako treba, ru\u0161it \u0107emo ku\u0107u po ku\u0107u, ali \u0107emo ga na\u0107i. Njega ne ostavljamo!\u201d<\/p>\n\n\n\n<p>I prona\u0161li su ga, kako le\u017ei smrskan od minobaca\u010dke granate:<\/p>\n\n\n\n<p>\u201eJednostavno je iskrvario, na\u0161li smo ga kako le\u017ei smrskanih potkoljenica. Motorola je bila metar od njega i vjerojatno nije mogao do nje. Odmah sam znao da smo izgubili velikog \u010dovjeka\u201c.<\/p>\n\n\n\n<p><strong><em>*Alfred Hill-Atila (borbeni nadimak):&nbsp;<\/em><\/strong><em>sa najbli\u017eim suradnicima, iskusnim bojovnicima, formira satniju Vojne policije, preuzima sve zada\u0107e iz djelokruga Vojne policije uz aktivno i neprekidno sudjelovanje u obrani opkoljenog Vukovara. Dana 16. listopada 1991. godine poginuo je brane\u0107i polo\u017eaje na Sajmi\u0161tu.<\/em><\/p>\n\n\n\n<p><em>Posthumno mu je, 29. travnja 1993. godine, dodijeljen \u010din bojnika OS RH, odlikovan je Redom kneza Domagoja s ogrlicom i Redom hrvatskog trolista 30. o\u017eujka 1999. godine. Odlukom ministra obrane Republike Hrvatske 30. rujna 1998., a na prijedlog na\u010delnika Uprave vojne policije, Nastavno sredi\u0161te za obuku Vojne policije Oru\u017eanih snaga Republike Hrvatske dobilo je ime bojnika Alfreda Hilla.<\/em><\/p>\n\n\n\n<p><em>Ulica na Sajmi\u0161tu u Vukovaru je nazvana prema Alfredu Hillu.<\/em><\/p>\n\n\n\n<p><strong><em>*Blago Zadro:<\/em><\/strong><em>&nbsp;ime Blage Zadre nosi Zapovjedno sto\u017eerna \u0161kola Ministarstva obrane RH, osnovna \u0161kola u Borovu Naselju, te ulice u Grudama, Splitu i Zagrebu. Replika njegovoga poprsja nalazi se u Vukovaru, a izvornik se nalazi u njegovom rodnom Ledincu.<\/em><\/p>\n\n\n\n<p><em>Zbog svoje uloge u Domovinskom ratu, juna\u010dke pogibije i velike karizme koju je stekao jo\u0161 za vrijeme bitke za Vukovar, po zavr\u0161etku Domovinskog rata postao je jedna od najve\u0107ih i najpo\u0161tovanijih legendi hrvatskog rata za neovisnost<\/em><\/p>\n\n\n\n<p><em>Godine 2011. godine posmrtno je nagra\u0111en nagradom za \u017eivotno djelo za iznimnu hrabrost i \u017eivot polo\u017een u obrani Vukovara 1991. godine.<\/em><\/p>\n\n\n\n<p><em>Izvor: narod.hr<\/em><\/p>\n","protected":false},"excerpt":{"rendered":"<p>Dva Hrvata, dva zapovjednika u Vukovaru, dva junaka\u2026 Blago Zadro i Alfred Hill.&nbsp; jedan ro\u0111en na kr\u0161u na\u0161eg juga Domovine, a drugi ro\u0111en u ravnicama Domovine na blagim obalama Dunava koji oplakuje Vukovar. Dva junaka, s juga i sjevera, slika su jedne hrvatske du\u0161e, jedne borbe za svoj narod, jedne hrabrosti, jedne ljubavi i dvije [&hellip;]<\/p>\n","protected":false},"author":2,"featured_media":76517,"comment_status":"closed","ping_status":"closed","sticky":false,"template":"","format":"standard","meta":{"h5ap_radio_sources":[],"footnotes":""},"categories":[1],"tags":[],"class_list":["post-76516","post","type-post","status-publish","format-standard","has-post-thumbnail","hentry","category-bihiregija"],"yoast_head":"<!-- This site is optimized with the Yoast SEO plugin v27.4 - https:\/\/yoast.com\/product\/yoast-seo-wordpress\/ -->\n<title>16. listopada 1991. Za slobodu domovine poginuli Blago Zadro i Alfred Hill - RADIO LJUBU\u0160KI<\/title>\n<meta name=\"robots\" content=\"index, follow, max-snippet:-1, max-image-preview:large, max-video-preview:-1\" \/>\n<link rel=\"canonical\" href=\"https:\/\/radioljubuski.ba\/index.php\/2021\/10\/16\/16-listopada-1991-za-slobodu-domovine-poginuli-blago-zadro-i-alfred-hill\/\" \/>\n<meta property=\"og:locale\" content=\"hr_HR\" \/>\n<meta property=\"og:type\" content=\"article\" \/>\n<meta property=\"og:title\" content=\"16. listopada 1991. Za slobodu domovine poginuli Blago Zadro i Alfred Hill - RADIO LJUBU\u0160KI\" \/>\n<meta property=\"og:description\" content=\"Dva Hrvata, dva zapovjednika u Vukovaru, dva junaka\u2026 Blago Zadro i Alfred Hill.&nbsp; jedan ro\u0111en na kr\u0161u na\u0161eg juga Domovine, a drugi ro\u0111en u ravnicama Domovine na blagim obalama Dunava koji oplakuje Vukovar. Dva junaka, s juga i sjevera, slika su jedne hrvatske du\u0161e, jedne borbe za svoj narod, jedne hrabrosti, jedne ljubavi i dvije [&hellip;]\" \/>\n<meta property=\"og:url\" content=\"https:\/\/radioljubuski.ba\/index.php\/2021\/10\/16\/16-listopada-1991-za-slobodu-domovine-poginuli-blago-zadro-i-alfred-hill\/\" \/>\n<meta property=\"og:site_name\" content=\"RADIO LJUBU\u0160KI\" \/>\n<meta property=\"article:publisher\" content=\"https:\/\/www.facebook.com\/Radiio-Ljubuski-1490835324566332\" \/>\n<meta property=\"article:published_time\" content=\"2021-10-16T15:23:57+00:00\" \/>\n<meta property=\"article:modified_time\" content=\"2021-10-16T15:23:58+00:00\" \/>\n<meta property=\"og:image\" content=\"https:\/\/radioljubuski.ba\/wp-content\/uploads\/2021\/10\/blago_zadro_grad_vukovar-696x441-1.jpg\" \/>\n\t<meta property=\"og:image:width\" content=\"696\" \/>\n\t<meta property=\"og:image:height\" content=\"441\" \/>\n\t<meta property=\"og:image:type\" content=\"image\/jpeg\" \/>\n<meta name=\"author\" content=\"Radio Ljubu\u0161ki\" \/>\n<meta name=\"twitter:card\" content=\"summary_large_image\" \/>\n<meta name=\"twitter:creator\" content=\"@radioljubuski\" \/>\n<meta name=\"twitter:site\" content=\"@radioljubuski\" \/>\n<meta name=\"twitter:label1\" content=\"Napisao\/la\" \/>\n\t<meta name=\"twitter:data1\" content=\"Radio Ljubu\u0161ki\" \/>\n\t<meta name=\"twitter:label2\" content=\"Procijenjeno vrijeme \u010ditanja\" \/>\n\t<meta name=\"twitter:data2\" content=\"3 minute\" \/>\n<script type=\"application\/ld+json\" class=\"yoast-schema-graph\">{\"@context\":\"https:\\\/\\\/schema.org\",\"@graph\":[{\"@type\":\"Article\",\"@id\":\"https:\\\/\\\/radioljubuski.ba\\\/index.php\\\/2021\\\/10\\\/16\\\/16-listopada-1991-za-slobodu-domovine-poginuli-blago-zadro-i-alfred-hill\\\/#article\",\"isPartOf\":{\"@id\":\"https:\\\/\\\/radioljubuski.ba\\\/index.php\\\/2021\\\/10\\\/16\\\/16-listopada-1991-za-slobodu-domovine-poginuli-blago-zadro-i-alfred-hill\\\/\"},\"author\":{\"name\":\"Radio Ljubu\u0161ki\",\"@id\":\"https:\\\/\\\/radioljubuski.ba\\\/#\\\/schema\\\/person\\\/19fc700381a780f69665d7956c469e3b\"},\"headline\":\"16. listopada 1991. Za slobodu domovine poginuli Blago Zadro i Alfred Hill\",\"datePublished\":\"2021-10-16T15:23:57+00:00\",\"dateModified\":\"2021-10-16T15:23:58+00:00\",\"mainEntityOfPage\":{\"@id\":\"https:\\\/\\\/radioljubuski.ba\\\/index.php\\\/2021\\\/10\\\/16\\\/16-listopada-1991-za-slobodu-domovine-poginuli-blago-zadro-i-alfred-hill\\\/\"},\"wordCount\":640,\"publisher\":{\"@id\":\"https:\\\/\\\/radioljubuski.ba\\\/#organization\"},\"image\":{\"@id\":\"https:\\\/\\\/radioljubuski.ba\\\/index.php\\\/2021\\\/10\\\/16\\\/16-listopada-1991-za-slobodu-domovine-poginuli-blago-zadro-i-alfred-hill\\\/#primaryimage\"},\"thumbnailUrl\":\"https:\\\/\\\/radioljubuski.ba\\\/wp-content\\\/uploads\\\/2021\\\/10\\\/blago_zadro_grad_vukovar-696x441-1.jpg\",\"articleSection\":[\"BIH i regija\"],\"inLanguage\":\"hr\"},{\"@type\":\"WebPage\",\"@id\":\"https:\\\/\\\/radioljubuski.ba\\\/index.php\\\/2021\\\/10\\\/16\\\/16-listopada-1991-za-slobodu-domovine-poginuli-blago-zadro-i-alfred-hill\\\/\",\"url\":\"https:\\\/\\\/radioljubuski.ba\\\/index.php\\\/2021\\\/10\\\/16\\\/16-listopada-1991-za-slobodu-domovine-poginuli-blago-zadro-i-alfred-hill\\\/\",\"name\":\"16. listopada 1991. Za slobodu domovine poginuli Blago Zadro i Alfred Hill - RADIO LJUBU\u0160KI\",\"isPartOf\":{\"@id\":\"https:\\\/\\\/radioljubuski.ba\\\/#website\"},\"primaryImageOfPage\":{\"@id\":\"https:\\\/\\\/radioljubuski.ba\\\/index.php\\\/2021\\\/10\\\/16\\\/16-listopada-1991-za-slobodu-domovine-poginuli-blago-zadro-i-alfred-hill\\\/#primaryimage\"},\"image\":{\"@id\":\"https:\\\/\\\/radioljubuski.ba\\\/index.php\\\/2021\\\/10\\\/16\\\/16-listopada-1991-za-slobodu-domovine-poginuli-blago-zadro-i-alfred-hill\\\/#primaryimage\"},\"thumbnailUrl\":\"https:\\\/\\\/radioljubuski.ba\\\/wp-content\\\/uploads\\\/2021\\\/10\\\/blago_zadro_grad_vukovar-696x441-1.jpg\",\"datePublished\":\"2021-10-16T15:23:57+00:00\",\"dateModified\":\"2021-10-16T15:23:58+00:00\",\"breadcrumb\":{\"@id\":\"https:\\\/\\\/radioljubuski.ba\\\/index.php\\\/2021\\\/10\\\/16\\\/16-listopada-1991-za-slobodu-domovine-poginuli-blago-zadro-i-alfred-hill\\\/#breadcrumb\"},\"inLanguage\":\"hr\",\"potentialAction\":[{\"@type\":\"ReadAction\",\"target\":[\"https:\\\/\\\/radioljubuski.ba\\\/index.php\\\/2021\\\/10\\\/16\\\/16-listopada-1991-za-slobodu-domovine-poginuli-blago-zadro-i-alfred-hill\\\/\"]}]},{\"@type\":\"ImageObject\",\"inLanguage\":\"hr\",\"@id\":\"https:\\\/\\\/radioljubuski.ba\\\/index.php\\\/2021\\\/10\\\/16\\\/16-listopada-1991-za-slobodu-domovine-poginuli-blago-zadro-i-alfred-hill\\\/#primaryimage\",\"url\":\"https:\\\/\\\/radioljubuski.ba\\\/wp-content\\\/uploads\\\/2021\\\/10\\\/blago_zadro_grad_vukovar-696x441-1.jpg\",\"contentUrl\":\"https:\\\/\\\/radioljubuski.ba\\\/wp-content\\\/uploads\\\/2021\\\/10\\\/blago_zadro_grad_vukovar-696x441-1.jpg\",\"width\":696,\"height\":441},{\"@type\":\"BreadcrumbList\",\"@id\":\"https:\\\/\\\/radioljubuski.ba\\\/index.php\\\/2021\\\/10\\\/16\\\/16-listopada-1991-za-slobodu-domovine-poginuli-blago-zadro-i-alfred-hill\\\/#breadcrumb\",\"itemListElement\":[{\"@type\":\"ListItem\",\"position\":1,\"name\":\"Po\u010detna stranica\",\"item\":\"https:\\\/\\\/radioljubuski.ba\\\/\"},{\"@type\":\"ListItem\",\"position\":2,\"name\":\"16. listopada 1991. Za slobodu domovine poginuli Blago Zadro i Alfred Hill\"}]},{\"@type\":\"WebSite\",\"@id\":\"https:\\\/\\\/radioljubuski.ba\\\/#website\",\"url\":\"https:\\\/\\\/radioljubuski.ba\\\/\",\"name\":\"Radio Ljubu\u0161ki\",\"description\":\"Sun\u010dana frekvencija Hercegovine\",\"publisher\":{\"@id\":\"https:\\\/\\\/radioljubuski.ba\\\/#organization\"},\"potentialAction\":[{\"@type\":\"SearchAction\",\"target\":{\"@type\":\"EntryPoint\",\"urlTemplate\":\"https:\\\/\\\/radioljubuski.ba\\\/?s={search_term_string}\"},\"query-input\":{\"@type\":\"PropertyValueSpecification\",\"valueRequired\":true,\"valueName\":\"search_term_string\"}}],\"inLanguage\":\"hr\"},{\"@type\":\"Organization\",\"@id\":\"https:\\\/\\\/radioljubuski.ba\\\/#organization\",\"name\":\"Radio Ljubu\u0161ki\",\"url\":\"https:\\\/\\\/radioljubuski.ba\\\/\",\"logo\":{\"@type\":\"ImageObject\",\"inLanguage\":\"hr\",\"@id\":\"https:\\\/\\\/radioljubuski.ba\\\/#\\\/schema\\\/logo\\\/image\\\/\",\"url\":\"https:\\\/\\\/radioljubuski.ba\\\/wp-content\\\/uploads\\\/2021\\\/02\\\/cropped-Radio_Ljubuski_logo1.jpg\",\"contentUrl\":\"https:\\\/\\\/radioljubuski.ba\\\/wp-content\\\/uploads\\\/2021\\\/02\\\/cropped-Radio_Ljubuski_logo1.jpg\",\"width\":512,\"height\":512,\"caption\":\"Radio Ljubu\u0161ki\"},\"image\":{\"@id\":\"https:\\\/\\\/radioljubuski.ba\\\/#\\\/schema\\\/logo\\\/image\\\/\"},\"sameAs\":[\"https:\\\/\\\/www.facebook.com\\\/Radiio-Ljubuski-1490835324566332\",\"https:\\\/\\\/x.com\\\/radioljubuski\",\"https:\\\/\\\/hr.linkedin.com\\\/company\\\/radio-ljubuski\",\"https:\\\/\\\/www.youtube.com\\\/channel\\\/UCHYaeO_n0Db3tjNGudGpXyw\"]},{\"@type\":\"Person\",\"@id\":\"https:\\\/\\\/radioljubuski.ba\\\/#\\\/schema\\\/person\\\/19fc700381a780f69665d7956c469e3b\",\"name\":\"Radio Ljubu\u0161ki\"}]}<\/script>\n<!-- \/ Yoast SEO plugin. -->","yoast_head_json":{"title":"16. listopada 1991. Za slobodu domovine poginuli Blago Zadro i Alfred Hill - RADIO LJUBU\u0160KI","robots":{"index":"index","follow":"follow","max-snippet":"max-snippet:-1","max-image-preview":"max-image-preview:large","max-video-preview":"max-video-preview:-1"},"canonical":"https:\/\/radioljubuski.ba\/index.php\/2021\/10\/16\/16-listopada-1991-za-slobodu-domovine-poginuli-blago-zadro-i-alfred-hill\/","og_locale":"hr_HR","og_type":"article","og_title":"16. listopada 1991. Za slobodu domovine poginuli Blago Zadro i Alfred Hill - RADIO LJUBU\u0160KI","og_description":"Dva Hrvata, dva zapovjednika u Vukovaru, dva junaka\u2026 Blago Zadro i Alfred Hill.&nbsp; jedan ro\u0111en na kr\u0161u na\u0161eg juga Domovine, a drugi ro\u0111en u ravnicama Domovine na blagim obalama Dunava koji oplakuje Vukovar. Dva junaka, s juga i sjevera, slika su jedne hrvatske du\u0161e, jedne borbe za svoj narod, jedne hrabrosti, jedne ljubavi i dvije [&hellip;]","og_url":"https:\/\/radioljubuski.ba\/index.php\/2021\/10\/16\/16-listopada-1991-za-slobodu-domovine-poginuli-blago-zadro-i-alfred-hill\/","og_site_name":"RADIO LJUBU\u0160KI","article_publisher":"https:\/\/www.facebook.com\/Radiio-Ljubuski-1490835324566332","article_published_time":"2021-10-16T15:23:57+00:00","article_modified_time":"2021-10-16T15:23:58+00:00","og_image":[{"width":696,"height":441,"url":"https:\/\/radioljubuski.ba\/wp-content\/uploads\/2021\/10\/blago_zadro_grad_vukovar-696x441-1.jpg","type":"image\/jpeg"}],"author":"Radio Ljubu\u0161ki","twitter_card":"summary_large_image","twitter_creator":"@radioljubuski","twitter_site":"@radioljubuski","twitter_misc":{"Napisao\/la":"Radio Ljubu\u0161ki","Procijenjeno vrijeme \u010ditanja":"3 minute"},"schema":{"@context":"https:\/\/schema.org","@graph":[{"@type":"Article","@id":"https:\/\/radioljubuski.ba\/index.php\/2021\/10\/16\/16-listopada-1991-za-slobodu-domovine-poginuli-blago-zadro-i-alfred-hill\/#article","isPartOf":{"@id":"https:\/\/radioljubuski.ba\/index.php\/2021\/10\/16\/16-listopada-1991-za-slobodu-domovine-poginuli-blago-zadro-i-alfred-hill\/"},"author":{"name":"Radio Ljubu\u0161ki","@id":"https:\/\/radioljubuski.ba\/#\/schema\/person\/19fc700381a780f69665d7956c469e3b"},"headline":"16. listopada 1991. Za slobodu domovine poginuli Blago Zadro i Alfred Hill","datePublished":"2021-10-16T15:23:57+00:00","dateModified":"2021-10-16T15:23:58+00:00","mainEntityOfPage":{"@id":"https:\/\/radioljubuski.ba\/index.php\/2021\/10\/16\/16-listopada-1991-za-slobodu-domovine-poginuli-blago-zadro-i-alfred-hill\/"},"wordCount":640,"publisher":{"@id":"https:\/\/radioljubuski.ba\/#organization"},"image":{"@id":"https:\/\/radioljubuski.ba\/index.php\/2021\/10\/16\/16-listopada-1991-za-slobodu-domovine-poginuli-blago-zadro-i-alfred-hill\/#primaryimage"},"thumbnailUrl":"https:\/\/radioljubuski.ba\/wp-content\/uploads\/2021\/10\/blago_zadro_grad_vukovar-696x441-1.jpg","articleSection":["BIH i regija"],"inLanguage":"hr"},{"@type":"WebPage","@id":"https:\/\/radioljubuski.ba\/index.php\/2021\/10\/16\/16-listopada-1991-za-slobodu-domovine-poginuli-blago-zadro-i-alfred-hill\/","url":"https:\/\/radioljubuski.ba\/index.php\/2021\/10\/16\/16-listopada-1991-za-slobodu-domovine-poginuli-blago-zadro-i-alfred-hill\/","name":"16. listopada 1991. Za slobodu domovine poginuli Blago Zadro i Alfred Hill - RADIO LJUBU\u0160KI","isPartOf":{"@id":"https:\/\/radioljubuski.ba\/#website"},"primaryImageOfPage":{"@id":"https:\/\/radioljubuski.ba\/index.php\/2021\/10\/16\/16-listopada-1991-za-slobodu-domovine-poginuli-blago-zadro-i-alfred-hill\/#primaryimage"},"image":{"@id":"https:\/\/radioljubuski.ba\/index.php\/2021\/10\/16\/16-listopada-1991-za-slobodu-domovine-poginuli-blago-zadro-i-alfred-hill\/#primaryimage"},"thumbnailUrl":"https:\/\/radioljubuski.ba\/wp-content\/uploads\/2021\/10\/blago_zadro_grad_vukovar-696x441-1.jpg","datePublished":"2021-10-16T15:23:57+00:00","dateModified":"2021-10-16T15:23:58+00:00","breadcrumb":{"@id":"https:\/\/radioljubuski.ba\/index.php\/2021\/10\/16\/16-listopada-1991-za-slobodu-domovine-poginuli-blago-zadro-i-alfred-hill\/#breadcrumb"},"inLanguage":"hr","potentialAction":[{"@type":"ReadAction","target":["https:\/\/radioljubuski.ba\/index.php\/2021\/10\/16\/16-listopada-1991-za-slobodu-domovine-poginuli-blago-zadro-i-alfred-hill\/"]}]},{"@type":"ImageObject","inLanguage":"hr","@id":"https:\/\/radioljubuski.ba\/index.php\/2021\/10\/16\/16-listopada-1991-za-slobodu-domovine-poginuli-blago-zadro-i-alfred-hill\/#primaryimage","url":"https:\/\/radioljubuski.ba\/wp-content\/uploads\/2021\/10\/blago_zadro_grad_vukovar-696x441-1.jpg","contentUrl":"https:\/\/radioljubuski.ba\/wp-content\/uploads\/2021\/10\/blago_zadro_grad_vukovar-696x441-1.jpg","width":696,"height":441},{"@type":"BreadcrumbList","@id":"https:\/\/radioljubuski.ba\/index.php\/2021\/10\/16\/16-listopada-1991-za-slobodu-domovine-poginuli-blago-zadro-i-alfred-hill\/#breadcrumb","itemListElement":[{"@type":"ListItem","position":1,"name":"Po\u010detna stranica","item":"https:\/\/radioljubuski.ba\/"},{"@type":"ListItem","position":2,"name":"16. listopada 1991. Za slobodu domovine poginuli Blago Zadro i Alfred Hill"}]},{"@type":"WebSite","@id":"https:\/\/radioljubuski.ba\/#website","url":"https:\/\/radioljubuski.ba\/","name":"Radio Ljubu\u0161ki","description":"Sun\u010dana frekvencija Hercegovine","publisher":{"@id":"https:\/\/radioljubuski.ba\/#organization"},"potentialAction":[{"@type":"SearchAction","target":{"@type":"EntryPoint","urlTemplate":"https:\/\/radioljubuski.ba\/?s={search_term_string}"},"query-input":{"@type":"PropertyValueSpecification","valueRequired":true,"valueName":"search_term_string"}}],"inLanguage":"hr"},{"@type":"Organization","@id":"https:\/\/radioljubuski.ba\/#organization","name":"Radio Ljubu\u0161ki","url":"https:\/\/radioljubuski.ba\/","logo":{"@type":"ImageObject","inLanguage":"hr","@id":"https:\/\/radioljubuski.ba\/#\/schema\/logo\/image\/","url":"https:\/\/radioljubuski.ba\/wp-content\/uploads\/2021\/02\/cropped-Radio_Ljubuski_logo1.jpg","contentUrl":"https:\/\/radioljubuski.ba\/wp-content\/uploads\/2021\/02\/cropped-Radio_Ljubuski_logo1.jpg","width":512,"height":512,"caption":"Radio Ljubu\u0161ki"},"image":{"@id":"https:\/\/radioljubuski.ba\/#\/schema\/logo\/image\/"},"sameAs":["https:\/\/www.facebook.com\/Radiio-Ljubuski-1490835324566332","https:\/\/x.com\/radioljubuski","https:\/\/hr.linkedin.com\/company\/radio-ljubuski","https:\/\/www.youtube.com\/channel\/UCHYaeO_n0Db3tjNGudGpXyw"]},{"@type":"Person","@id":"https:\/\/radioljubuski.ba\/#\/schema\/person\/19fc700381a780f69665d7956c469e3b","name":"Radio Ljubu\u0161ki"}]}},"_links":{"self":[{"href":"https:\/\/radioljubuski.ba\/index.php\/wp-json\/wp\/v2\/posts\/76516","targetHints":{"allow":["GET"]}}],"collection":[{"href":"https:\/\/radioljubuski.ba\/index.php\/wp-json\/wp\/v2\/posts"}],"about":[{"href":"https:\/\/radioljubuski.ba\/index.php\/wp-json\/wp\/v2\/types\/post"}],"author":[{"embeddable":true,"href":"https:\/\/radioljubuski.ba\/index.php\/wp-json\/wp\/v2\/users\/2"}],"replies":[{"embeddable":true,"href":"https:\/\/radioljubuski.ba\/index.php\/wp-json\/wp\/v2\/comments?post=76516"}],"version-history":[{"count":1,"href":"https:\/\/radioljubuski.ba\/index.php\/wp-json\/wp\/v2\/posts\/76516\/revisions"}],"predecessor-version":[{"id":76518,"href":"https:\/\/radioljubuski.ba\/index.php\/wp-json\/wp\/v2\/posts\/76516\/revisions\/76518"}],"wp:featuredmedia":[{"embeddable":true,"href":"https:\/\/radioljubuski.ba\/index.php\/wp-json\/wp\/v2\/media\/76517"}],"wp:attachment":[{"href":"https:\/\/radioljubuski.ba\/index.php\/wp-json\/wp\/v2\/media?parent=76516"}],"wp:term":[{"taxonomy":"category","embeddable":true,"href":"https:\/\/radioljubuski.ba\/index.php\/wp-json\/wp\/v2\/categories?post=76516"},{"taxonomy":"post_tag","embeddable":true,"href":"https:\/\/radioljubuski.ba\/index.php\/wp-json\/wp\/v2\/tags?post=76516"}],"curies":[{"name":"wp","href":"https:\/\/api.w.org\/{rel}","templated":true}]}}