{"id":76519,"date":"2021-10-16T16:25:21","date_gmt":"2021-10-16T15:25:21","guid":{"rendered":"https:\/\/radioljubuski.ba\/?p=76519"},"modified":"2021-10-16T16:25:23","modified_gmt":"2021-10-16T15:25:23","slug":"milanovic-braniteljima-u-crikvenici-hrvatsku-je-obranio-malen-broj-pravih-ljudi","status":"publish","type":"post","link":"https:\/\/radioljubuski.ba\/index.php\/2021\/10\/16\/milanovic-braniteljima-u-crikvenici-hrvatsku-je-obranio-malen-broj-pravih-ljudi\/","title":{"rendered":"Milanovi\u0107 braniteljima u Crikvenici: Hrvatsku je obranio malen broj pravih ljudi"},"content":{"rendered":"\n<p>Predsjednik Republike Zoran Milanovi\u0107 sudjelovao je u Crikvenici na otvaranju 25. dr\u017eavnog \u0161portskog natjecanja dragovoljaca i veterana Domovinskog rata Republike Hrvatske \u201eCrikvenica 2021.\u201c. Pozdraviv\u0161i natjecatelje predsjednik Milanovi\u0107 u prigodnom obra\u0107anju je za veterane i dragovoljce rekao da su oni ljudi koji su \u201991. godine i\u0161li u nepoznato i u najopasnije, u obranu svoje male, ali jedine domovine od neprijatelja koji je bio puno ja\u010di.<\/p>\n\n\n\n<p>\u2018Uvijek ovakve stvari za neku zajednicu, za neku ve\u0107u grupu, izbori mala grupa ljudi, malo dobrih, ali pravih ljudi. To su bile samo tisu\u0107e ljudi\u2019, rekao je<strong>&nbsp;predsjednik Milanovi\u0107<\/strong>. Dodao je kako je prije na ovakvim natjecanjima bilo i tisu\u0107u dragovoljaca i veterana, a da ih je danas petsto. \u2018Nije to samo petsto. Dok vas je petsto, to je za mene jako puno. I to je na tragu one izvorne istine da je Hrvatsku obranilo mali broj pravih ljudi\u2019, poru\u010dio je predsjednik, prenosi&nbsp;<a href=\"https:\/\/www.tportal.hr\/vijesti\/clanak\/milanovic-hrvatsku-je-obranio-mali-broj-pravih-ljudi-20211016\">T-portal<\/a>.<\/p>\n\n\n\n<p>\u2018Ovaj vjetar, ova \u010dista zdrava bura je tu da nas uvijek dr\u017ei trijeznima, budnima, da budemo svjesni svoje povijesti. Sve vi\u0161e \u0107emo o njoj morati pri\u010dati svojim sinovima, k\u0107erima i unucima jer 30 godina je dugo razdoblje. Bili ste tu kada je bilo najopasnije i kada su se svi drugi pla\u0161ili. Hrvatsku je prvo trebalo obraniti, a tek onda je priznata. Ono kasnije velika je stvar, ali da nije bilo ljudi koji su \u201991. godine i\u0161li u pogibelj, ovo danas ne bi izgledalo ovako\u2019, poru\u010dio je predsjednik Milanovi\u0107 te, zahvaliv\u0161i im za sve \u0161to su napravili za Hrvatsku, proglasio je 25. dr\u017eavno \u0161portsko natjecanje dragovoljaca i veterana Domovinskog rata otvorenim.<\/p>\n\n\n\n<p>Na sve\u010danosti otvaranja natjecatelje su pozdravili i ministar mora, prometa i infrastrukture&nbsp;<strong>Oleg Butkovi\u0107<\/strong>, ravnatelj Uprave za pravne i stambene poslove u Ministarstvu branitelja i izaslanik potpredsjednika Vlade i ministra branitelja&nbsp;<strong>Vladimir Bergman<\/strong>, \u017eupan Primorsko-goranske \u017eupanije&nbsp;<strong>Zlatko Komadina<\/strong>, gradona\u010delnik Grada Crikvenice&nbsp;<strong>Damir Rukavina<\/strong>, predsjednik Udruge dragovoljaca i veterana Domovinskog rata Republike Hrvatske&nbsp;<strong>\u0110uro De\u010dak<\/strong>&nbsp;i predsjednik Udruge dragovoljaca i veterana Domovinskog rata Podru\u017enice Primorsko-goranske \u017eupanije&nbsp;<strong>Ivan Bogdani\u0107<\/strong>.<\/p>\n\n\n\n<p>Branitelji su prvi put odr\u017eali sportske igre 1996. u \u010cakovcu i od tada se tradicionalno svake godine okupljaju u drugoj \u017eupaniji. Do sada su se natjecanja odr\u017eavala u osam disciplina, ali je ove godine, zbog trenutne epidemiolo\u0161ke situacije, odlu\u010deno da se natjecanje odr\u017ei u pet sportskih disciplina; bo\u0107anju, kuglanju, strelja\u0161tvu, stolnom tenisu i \u0161ahu.<\/p>\n\n\n\n<p>Nakon otvaranja natjecanja predsjednik Milanovi\u0107 polo\u017eio je vijenac i zapalio svije\u0107u kod Spomenika hrvatskim braniteljima iz Domovinskog rata u Parku palih za Domovinu. Uz predsjednika Milanovi\u0107a bio je posebni savjetnik Predsjednika veterane Domovinskog rata Marijan Marekovi\u0107.<\/p>\n\n\n\n<p><em>Izvor: narod.hr\/tportal.hr<\/em><\/p>\n","protected":false},"excerpt":{"rendered":"<p>Predsjednik Republike Zoran Milanovi\u0107 sudjelovao je u Crikvenici na otvaranju 25. dr\u017eavnog \u0161portskog natjecanja dragovoljaca i veterana Domovinskog rata Republike Hrvatske \u201eCrikvenica 2021.\u201c. Pozdraviv\u0161i natjecatelje predsjednik Milanovi\u0107 u prigodnom obra\u0107anju je za veterane i dragovoljce rekao da su oni ljudi koji su \u201991. godine i\u0161li u nepoznato i u najopasnije, u obranu svoje male, ali [&hellip;]<\/p>\n","protected":false},"author":2,"featured_media":76520,"comment_status":"closed","ping_status":"closed","sticky":false,"template":"","format":"standard","meta":{"h5ap_radio_sources":[],"footnotes":""},"categories":[1],"tags":[],"class_list":["post-76519","post","type-post","status-publish","format-standard","has-post-thumbnail","hentry","category-bihiregija"],"yoast_head":"<!-- This site is optimized with the Yoast SEO plugin v27.4 - https:\/\/yoast.com\/product\/yoast-seo-wordpress\/ -->\n<title>Milanovi\u0107 braniteljima u Crikvenici: Hrvatsku je obranio malen broj pravih ljudi - RADIO LJUBU\u0160KI<\/title>\n<meta name=\"robots\" content=\"index, follow, max-snippet:-1, max-image-preview:large, max-video-preview:-1\" \/>\n<link rel=\"canonical\" href=\"https:\/\/radioljubuski.ba\/index.php\/2021\/10\/16\/milanovic-braniteljima-u-crikvenici-hrvatsku-je-obranio-malen-broj-pravih-ljudi\/\" \/>\n<meta property=\"og:locale\" content=\"hr_HR\" \/>\n<meta property=\"og:type\" content=\"article\" \/>\n<meta property=\"og:title\" content=\"Milanovi\u0107 braniteljima u Crikvenici: Hrvatsku je obranio malen broj pravih ljudi - RADIO LJUBU\u0160KI\" \/>\n<meta property=\"og:description\" content=\"Predsjednik Republike Zoran Milanovi\u0107 sudjelovao je u Crikvenici na otvaranju 25. dr\u017eavnog \u0161portskog natjecanja dragovoljaca i veterana Domovinskog rata Republike Hrvatske \u201eCrikvenica 2021.\u201c. Pozdraviv\u0161i natjecatelje predsjednik Milanovi\u0107 u prigodnom obra\u0107anju je za veterane i dragovoljce rekao da su oni ljudi koji su \u201991. godine i\u0161li u nepoznato i u najopasnije, u obranu svoje male, ali [&hellip;]\" \/>\n<meta property=\"og:url\" content=\"https:\/\/radioljubuski.ba\/index.php\/2021\/10\/16\/milanovic-braniteljima-u-crikvenici-hrvatsku-je-obranio-malen-broj-pravih-ljudi\/\" \/>\n<meta property=\"og:site_name\" content=\"RADIO LJUBU\u0160KI\" \/>\n<meta property=\"article:publisher\" content=\"https:\/\/www.facebook.com\/Radiio-Ljubuski-1490835324566332\" \/>\n<meta property=\"article:published_time\" content=\"2021-10-16T15:25:21+00:00\" \/>\n<meta property=\"article:modified_time\" content=\"2021-10-16T15:25:23+00:00\" \/>\n<meta property=\"og:image\" content=\"https:\/\/radioljubuski.ba\/wp-content\/uploads\/2021\/10\/HN20211016234600-696x434-1.jpg\" \/>\n\t<meta property=\"og:image:width\" content=\"696\" \/>\n\t<meta property=\"og:image:height\" content=\"434\" \/>\n\t<meta property=\"og:image:type\" content=\"image\/jpeg\" \/>\n<meta name=\"author\" content=\"Radio Ljubu\u0161ki\" \/>\n<meta name=\"twitter:card\" content=\"summary_large_image\" \/>\n<meta name=\"twitter:creator\" content=\"@radioljubuski\" \/>\n<meta name=\"twitter:site\" content=\"@radioljubuski\" \/>\n<meta name=\"twitter:label1\" content=\"Napisao\/la\" \/>\n\t<meta name=\"twitter:data1\" content=\"Radio Ljubu\u0161ki\" \/>\n\t<meta name=\"twitter:label2\" content=\"Procijenjeno vrijeme \u010ditanja\" \/>\n\t<meta name=\"twitter:data2\" content=\"2 minute\" \/>\n<script type=\"application\/ld+json\" class=\"yoast-schema-graph\">{\"@context\":\"https:\\\/\\\/schema.org\",\"@graph\":[{\"@type\":\"Article\",\"@id\":\"https:\\\/\\\/radioljubuski.ba\\\/index.php\\\/2021\\\/10\\\/16\\\/milanovic-braniteljima-u-crikvenici-hrvatsku-je-obranio-malen-broj-pravih-ljudi\\\/#article\",\"isPartOf\":{\"@id\":\"https:\\\/\\\/radioljubuski.ba\\\/index.php\\\/2021\\\/10\\\/16\\\/milanovic-braniteljima-u-crikvenici-hrvatsku-je-obranio-malen-broj-pravih-ljudi\\\/\"},\"author\":{\"name\":\"Radio Ljubu\u0161ki\",\"@id\":\"https:\\\/\\\/radioljubuski.ba\\\/#\\\/schema\\\/person\\\/19fc700381a780f69665d7956c469e3b\"},\"headline\":\"Milanovi\u0107 braniteljima u Crikvenici: Hrvatsku je obranio malen broj pravih ljudi\",\"datePublished\":\"2021-10-16T15:25:21+00:00\",\"dateModified\":\"2021-10-16T15:25:23+00:00\",\"mainEntityOfPage\":{\"@id\":\"https:\\\/\\\/radioljubuski.ba\\\/index.php\\\/2021\\\/10\\\/16\\\/milanovic-braniteljima-u-crikvenici-hrvatsku-je-obranio-malen-broj-pravih-ljudi\\\/\"},\"wordCount\":465,\"publisher\":{\"@id\":\"https:\\\/\\\/radioljubuski.ba\\\/#organization\"},\"image\":{\"@id\":\"https:\\\/\\\/radioljubuski.ba\\\/index.php\\\/2021\\\/10\\\/16\\\/milanovic-braniteljima-u-crikvenici-hrvatsku-je-obranio-malen-broj-pravih-ljudi\\\/#primaryimage\"},\"thumbnailUrl\":\"https:\\\/\\\/radioljubuski.ba\\\/wp-content\\\/uploads\\\/2021\\\/10\\\/HN20211016234600-696x434-1.jpg\",\"articleSection\":[\"BIH i regija\"],\"inLanguage\":\"hr\"},{\"@type\":\"WebPage\",\"@id\":\"https:\\\/\\\/radioljubuski.ba\\\/index.php\\\/2021\\\/10\\\/16\\\/milanovic-braniteljima-u-crikvenici-hrvatsku-je-obranio-malen-broj-pravih-ljudi\\\/\",\"url\":\"https:\\\/\\\/radioljubuski.ba\\\/index.php\\\/2021\\\/10\\\/16\\\/milanovic-braniteljima-u-crikvenici-hrvatsku-je-obranio-malen-broj-pravih-ljudi\\\/\",\"name\":\"Milanovi\u0107 braniteljima u Crikvenici: Hrvatsku je obranio malen broj pravih ljudi - RADIO LJUBU\u0160KI\",\"isPartOf\":{\"@id\":\"https:\\\/\\\/radioljubuski.ba\\\/#website\"},\"primaryImageOfPage\":{\"@id\":\"https:\\\/\\\/radioljubuski.ba\\\/index.php\\\/2021\\\/10\\\/16\\\/milanovic-braniteljima-u-crikvenici-hrvatsku-je-obranio-malen-broj-pravih-ljudi\\\/#primaryimage\"},\"image\":{\"@id\":\"https:\\\/\\\/radioljubuski.ba\\\/index.php\\\/2021\\\/10\\\/16\\\/milanovic-braniteljima-u-crikvenici-hrvatsku-je-obranio-malen-broj-pravih-ljudi\\\/#primaryimage\"},\"thumbnailUrl\":\"https:\\\/\\\/radioljubuski.ba\\\/wp-content\\\/uploads\\\/2021\\\/10\\\/HN20211016234600-696x434-1.jpg\",\"datePublished\":\"2021-10-16T15:25:21+00:00\",\"dateModified\":\"2021-10-16T15:25:23+00:00\",\"breadcrumb\":{\"@id\":\"https:\\\/\\\/radioljubuski.ba\\\/index.php\\\/2021\\\/10\\\/16\\\/milanovic-braniteljima-u-crikvenici-hrvatsku-je-obranio-malen-broj-pravih-ljudi\\\/#breadcrumb\"},\"inLanguage\":\"hr\",\"potentialAction\":[{\"@type\":\"ReadAction\",\"target\":[\"https:\\\/\\\/radioljubuski.ba\\\/index.php\\\/2021\\\/10\\\/16\\\/milanovic-braniteljima-u-crikvenici-hrvatsku-je-obranio-malen-broj-pravih-ljudi\\\/\"]}]},{\"@type\":\"ImageObject\",\"inLanguage\":\"hr\",\"@id\":\"https:\\\/\\\/radioljubuski.ba\\\/index.php\\\/2021\\\/10\\\/16\\\/milanovic-braniteljima-u-crikvenici-hrvatsku-je-obranio-malen-broj-pravih-ljudi\\\/#primaryimage\",\"url\":\"https:\\\/\\\/radioljubuski.ba\\\/wp-content\\\/uploads\\\/2021\\\/10\\\/HN20211016234600-696x434-1.jpg\",\"contentUrl\":\"https:\\\/\\\/radioljubuski.ba\\\/wp-content\\\/uploads\\\/2021\\\/10\\\/HN20211016234600-696x434-1.jpg\",\"width\":696,\"height\":434},{\"@type\":\"BreadcrumbList\",\"@id\":\"https:\\\/\\\/radioljubuski.ba\\\/index.php\\\/2021\\\/10\\\/16\\\/milanovic-braniteljima-u-crikvenici-hrvatsku-je-obranio-malen-broj-pravih-ljudi\\\/#breadcrumb\",\"itemListElement\":[{\"@type\":\"ListItem\",\"position\":1,\"name\":\"Po\u010detna stranica\",\"item\":\"https:\\\/\\\/radioljubuski.ba\\\/\"},{\"@type\":\"ListItem\",\"position\":2,\"name\":\"Milanovi\u0107 braniteljima u Crikvenici: Hrvatsku je obranio malen broj pravih ljudi\"}]},{\"@type\":\"WebSite\",\"@id\":\"https:\\\/\\\/radioljubuski.ba\\\/#website\",\"url\":\"https:\\\/\\\/radioljubuski.ba\\\/\",\"name\":\"Radio Ljubu\u0161ki\",\"description\":\"Sun\u010dana frekvencija Hercegovine\",\"publisher\":{\"@id\":\"https:\\\/\\\/radioljubuski.ba\\\/#organization\"},\"potentialAction\":[{\"@type\":\"SearchAction\",\"target\":{\"@type\":\"EntryPoint\",\"urlTemplate\":\"https:\\\/\\\/radioljubuski.ba\\\/?s={search_term_string}\"},\"query-input\":{\"@type\":\"PropertyValueSpecification\",\"valueRequired\":true,\"valueName\":\"search_term_string\"}}],\"inLanguage\":\"hr\"},{\"@type\":\"Organization\",\"@id\":\"https:\\\/\\\/radioljubuski.ba\\\/#organization\",\"name\":\"Radio Ljubu\u0161ki\",\"url\":\"https:\\\/\\\/radioljubuski.ba\\\/\",\"logo\":{\"@type\":\"ImageObject\",\"inLanguage\":\"hr\",\"@id\":\"https:\\\/\\\/radioljubuski.ba\\\/#\\\/schema\\\/logo\\\/image\\\/\",\"url\":\"https:\\\/\\\/radioljubuski.ba\\\/wp-content\\\/uploads\\\/2021\\\/02\\\/cropped-Radio_Ljubuski_logo1.jpg\",\"contentUrl\":\"https:\\\/\\\/radioljubuski.ba\\\/wp-content\\\/uploads\\\/2021\\\/02\\\/cropped-Radio_Ljubuski_logo1.jpg\",\"width\":512,\"height\":512,\"caption\":\"Radio Ljubu\u0161ki\"},\"image\":{\"@id\":\"https:\\\/\\\/radioljubuski.ba\\\/#\\\/schema\\\/logo\\\/image\\\/\"},\"sameAs\":[\"https:\\\/\\\/www.facebook.com\\\/Radiio-Ljubuski-1490835324566332\",\"https:\\\/\\\/x.com\\\/radioljubuski\",\"https:\\\/\\\/hr.linkedin.com\\\/company\\\/radio-ljubuski\",\"https:\\\/\\\/www.youtube.com\\\/channel\\\/UCHYaeO_n0Db3tjNGudGpXyw\"]},{\"@type\":\"Person\",\"@id\":\"https:\\\/\\\/radioljubuski.ba\\\/#\\\/schema\\\/person\\\/19fc700381a780f69665d7956c469e3b\",\"name\":\"Radio Ljubu\u0161ki\"}]}<\/script>\n<!-- \/ Yoast SEO plugin. -->","yoast_head_json":{"title":"Milanovi\u0107 braniteljima u Crikvenici: Hrvatsku je obranio malen broj pravih ljudi - RADIO LJUBU\u0160KI","robots":{"index":"index","follow":"follow","max-snippet":"max-snippet:-1","max-image-preview":"max-image-preview:large","max-video-preview":"max-video-preview:-1"},"canonical":"https:\/\/radioljubuski.ba\/index.php\/2021\/10\/16\/milanovic-braniteljima-u-crikvenici-hrvatsku-je-obranio-malen-broj-pravih-ljudi\/","og_locale":"hr_HR","og_type":"article","og_title":"Milanovi\u0107 braniteljima u Crikvenici: Hrvatsku je obranio malen broj pravih ljudi - RADIO LJUBU\u0160KI","og_description":"Predsjednik Republike Zoran Milanovi\u0107 sudjelovao je u Crikvenici na otvaranju 25. dr\u017eavnog \u0161portskog natjecanja dragovoljaca i veterana Domovinskog rata Republike Hrvatske \u201eCrikvenica 2021.\u201c. Pozdraviv\u0161i natjecatelje predsjednik Milanovi\u0107 u prigodnom obra\u0107anju je za veterane i dragovoljce rekao da su oni ljudi koji su \u201991. godine i\u0161li u nepoznato i u najopasnije, u obranu svoje male, ali [&hellip;]","og_url":"https:\/\/radioljubuski.ba\/index.php\/2021\/10\/16\/milanovic-braniteljima-u-crikvenici-hrvatsku-je-obranio-malen-broj-pravih-ljudi\/","og_site_name":"RADIO LJUBU\u0160KI","article_publisher":"https:\/\/www.facebook.com\/Radiio-Ljubuski-1490835324566332","article_published_time":"2021-10-16T15:25:21+00:00","article_modified_time":"2021-10-16T15:25:23+00:00","og_image":[{"width":696,"height":434,"url":"https:\/\/radioljubuski.ba\/wp-content\/uploads\/2021\/10\/HN20211016234600-696x434-1.jpg","type":"image\/jpeg"}],"author":"Radio Ljubu\u0161ki","twitter_card":"summary_large_image","twitter_creator":"@radioljubuski","twitter_site":"@radioljubuski","twitter_misc":{"Napisao\/la":"Radio Ljubu\u0161ki","Procijenjeno vrijeme \u010ditanja":"2 minute"},"schema":{"@context":"https:\/\/schema.org","@graph":[{"@type":"Article","@id":"https:\/\/radioljubuski.ba\/index.php\/2021\/10\/16\/milanovic-braniteljima-u-crikvenici-hrvatsku-je-obranio-malen-broj-pravih-ljudi\/#article","isPartOf":{"@id":"https:\/\/radioljubuski.ba\/index.php\/2021\/10\/16\/milanovic-braniteljima-u-crikvenici-hrvatsku-je-obranio-malen-broj-pravih-ljudi\/"},"author":{"name":"Radio Ljubu\u0161ki","@id":"https:\/\/radioljubuski.ba\/#\/schema\/person\/19fc700381a780f69665d7956c469e3b"},"headline":"Milanovi\u0107 braniteljima u Crikvenici: Hrvatsku je obranio malen broj pravih ljudi","datePublished":"2021-10-16T15:25:21+00:00","dateModified":"2021-10-16T15:25:23+00:00","mainEntityOfPage":{"@id":"https:\/\/radioljubuski.ba\/index.php\/2021\/10\/16\/milanovic-braniteljima-u-crikvenici-hrvatsku-je-obranio-malen-broj-pravih-ljudi\/"},"wordCount":465,"publisher":{"@id":"https:\/\/radioljubuski.ba\/#organization"},"image":{"@id":"https:\/\/radioljubuski.ba\/index.php\/2021\/10\/16\/milanovic-braniteljima-u-crikvenici-hrvatsku-je-obranio-malen-broj-pravih-ljudi\/#primaryimage"},"thumbnailUrl":"https:\/\/radioljubuski.ba\/wp-content\/uploads\/2021\/10\/HN20211016234600-696x434-1.jpg","articleSection":["BIH i regija"],"inLanguage":"hr"},{"@type":"WebPage","@id":"https:\/\/radioljubuski.ba\/index.php\/2021\/10\/16\/milanovic-braniteljima-u-crikvenici-hrvatsku-je-obranio-malen-broj-pravih-ljudi\/","url":"https:\/\/radioljubuski.ba\/index.php\/2021\/10\/16\/milanovic-braniteljima-u-crikvenici-hrvatsku-je-obranio-malen-broj-pravih-ljudi\/","name":"Milanovi\u0107 braniteljima u Crikvenici: Hrvatsku je obranio malen broj pravih ljudi - RADIO LJUBU\u0160KI","isPartOf":{"@id":"https:\/\/radioljubuski.ba\/#website"},"primaryImageOfPage":{"@id":"https:\/\/radioljubuski.ba\/index.php\/2021\/10\/16\/milanovic-braniteljima-u-crikvenici-hrvatsku-je-obranio-malen-broj-pravih-ljudi\/#primaryimage"},"image":{"@id":"https:\/\/radioljubuski.ba\/index.php\/2021\/10\/16\/milanovic-braniteljima-u-crikvenici-hrvatsku-je-obranio-malen-broj-pravih-ljudi\/#primaryimage"},"thumbnailUrl":"https:\/\/radioljubuski.ba\/wp-content\/uploads\/2021\/10\/HN20211016234600-696x434-1.jpg","datePublished":"2021-10-16T15:25:21+00:00","dateModified":"2021-10-16T15:25:23+00:00","breadcrumb":{"@id":"https:\/\/radioljubuski.ba\/index.php\/2021\/10\/16\/milanovic-braniteljima-u-crikvenici-hrvatsku-je-obranio-malen-broj-pravih-ljudi\/#breadcrumb"},"inLanguage":"hr","potentialAction":[{"@type":"ReadAction","target":["https:\/\/radioljubuski.ba\/index.php\/2021\/10\/16\/milanovic-braniteljima-u-crikvenici-hrvatsku-je-obranio-malen-broj-pravih-ljudi\/"]}]},{"@type":"ImageObject","inLanguage":"hr","@id":"https:\/\/radioljubuski.ba\/index.php\/2021\/10\/16\/milanovic-braniteljima-u-crikvenici-hrvatsku-je-obranio-malen-broj-pravih-ljudi\/#primaryimage","url":"https:\/\/radioljubuski.ba\/wp-content\/uploads\/2021\/10\/HN20211016234600-696x434-1.jpg","contentUrl":"https:\/\/radioljubuski.ba\/wp-content\/uploads\/2021\/10\/HN20211016234600-696x434-1.jpg","width":696,"height":434},{"@type":"BreadcrumbList","@id":"https:\/\/radioljubuski.ba\/index.php\/2021\/10\/16\/milanovic-braniteljima-u-crikvenici-hrvatsku-je-obranio-malen-broj-pravih-ljudi\/#breadcrumb","itemListElement":[{"@type":"ListItem","position":1,"name":"Po\u010detna stranica","item":"https:\/\/radioljubuski.ba\/"},{"@type":"ListItem","position":2,"name":"Milanovi\u0107 braniteljima u Crikvenici: Hrvatsku je obranio malen broj pravih ljudi"}]},{"@type":"WebSite","@id":"https:\/\/radioljubuski.ba\/#website","url":"https:\/\/radioljubuski.ba\/","name":"Radio Ljubu\u0161ki","description":"Sun\u010dana frekvencija Hercegovine","publisher":{"@id":"https:\/\/radioljubuski.ba\/#organization"},"potentialAction":[{"@type":"SearchAction","target":{"@type":"EntryPoint","urlTemplate":"https:\/\/radioljubuski.ba\/?s={search_term_string}"},"query-input":{"@type":"PropertyValueSpecification","valueRequired":true,"valueName":"search_term_string"}}],"inLanguage":"hr"},{"@type":"Organization","@id":"https:\/\/radioljubuski.ba\/#organization","name":"Radio Ljubu\u0161ki","url":"https:\/\/radioljubuski.ba\/","logo":{"@type":"ImageObject","inLanguage":"hr","@id":"https:\/\/radioljubuski.ba\/#\/schema\/logo\/image\/","url":"https:\/\/radioljubuski.ba\/wp-content\/uploads\/2021\/02\/cropped-Radio_Ljubuski_logo1.jpg","contentUrl":"https:\/\/radioljubuski.ba\/wp-content\/uploads\/2021\/02\/cropped-Radio_Ljubuski_logo1.jpg","width":512,"height":512,"caption":"Radio Ljubu\u0161ki"},"image":{"@id":"https:\/\/radioljubuski.ba\/#\/schema\/logo\/image\/"},"sameAs":["https:\/\/www.facebook.com\/Radiio-Ljubuski-1490835324566332","https:\/\/x.com\/radioljubuski","https:\/\/hr.linkedin.com\/company\/radio-ljubuski","https:\/\/www.youtube.com\/channel\/UCHYaeO_n0Db3tjNGudGpXyw"]},{"@type":"Person","@id":"https:\/\/radioljubuski.ba\/#\/schema\/person\/19fc700381a780f69665d7956c469e3b","name":"Radio Ljubu\u0161ki"}]}},"_links":{"self":[{"href":"https:\/\/radioljubuski.ba\/index.php\/wp-json\/wp\/v2\/posts\/76519","targetHints":{"allow":["GET"]}}],"collection":[{"href":"https:\/\/radioljubuski.ba\/index.php\/wp-json\/wp\/v2\/posts"}],"about":[{"href":"https:\/\/radioljubuski.ba\/index.php\/wp-json\/wp\/v2\/types\/post"}],"author":[{"embeddable":true,"href":"https:\/\/radioljubuski.ba\/index.php\/wp-json\/wp\/v2\/users\/2"}],"replies":[{"embeddable":true,"href":"https:\/\/radioljubuski.ba\/index.php\/wp-json\/wp\/v2\/comments?post=76519"}],"version-history":[{"count":1,"href":"https:\/\/radioljubuski.ba\/index.php\/wp-json\/wp\/v2\/posts\/76519\/revisions"}],"predecessor-version":[{"id":76521,"href":"https:\/\/radioljubuski.ba\/index.php\/wp-json\/wp\/v2\/posts\/76519\/revisions\/76521"}],"wp:featuredmedia":[{"embeddable":true,"href":"https:\/\/radioljubuski.ba\/index.php\/wp-json\/wp\/v2\/media\/76520"}],"wp:attachment":[{"href":"https:\/\/radioljubuski.ba\/index.php\/wp-json\/wp\/v2\/media?parent=76519"}],"wp:term":[{"taxonomy":"category","embeddable":true,"href":"https:\/\/radioljubuski.ba\/index.php\/wp-json\/wp\/v2\/categories?post=76519"},{"taxonomy":"post_tag","embeddable":true,"href":"https:\/\/radioljubuski.ba\/index.php\/wp-json\/wp\/v2\/tags?post=76519"}],"curies":[{"name":"wp","href":"https:\/\/api.w.org\/{rel}","templated":true}]}}