{"id":76525,"date":"2021-10-16T16:28:40","date_gmt":"2021-10-16T15:28:40","guid":{"rendered":"https:\/\/radioljubuski.ba\/?p=76525"},"modified":"2021-10-16T16:28:41","modified_gmt":"2021-10-16T15:28:41","slug":"chiesa-briljirao-na-euru-pola-europe-zeli-ponajvecu-talijansku-nogometnu-zvijezdu","status":"publish","type":"post","link":"https:\/\/radioljubuski.ba\/index.php\/2021\/10\/16\/chiesa-briljirao-na-euru-pola-europe-zeli-ponajvecu-talijansku-nogometnu-zvijezdu\/","title":{"rendered":"Chiesa briljirao na Euru: Pola Europe \u017eeli ponajve\u0107u talijansku nogometnu zvijezdu?"},"content":{"rendered":"\n<p>Kako pi\u0161e ina\u010de dobro informirana&nbsp;<strong>Gazzetta dello Sport<\/strong>&nbsp;dobar dio europskih nogometnih klubova \u017eeli anga\u017eirati mo\u017eda i najve\u0107u zvijezdu<strong>&nbsp;Europskog nogometnog prvenstva<\/strong>, koje je odr\u017eano pro\u0161log ljeta a rezultiralo je trijumfom&nbsp;<strong>Italije<\/strong>. Dakako, radi se o&nbsp;<strong>Federicu Chiesi<\/strong>. Chiesa je igra\u010d&nbsp;<strong>Juventusa<\/strong>, a odavno je za njega zanimanje pokazao&nbsp;<strong>Liverpool<\/strong>, prema najnovijim informacijama pojavili su se i&nbsp;<strong>Real Madrid, Chelsea<\/strong>&nbsp;te&nbsp;<strong>Newcastle<\/strong>&nbsp;koji je najavio znatno ja\u010danje mom\u010dadi budu\u0107e da su se i financijski puno poja\u010dali.<\/p>\n\n\n\n<p>Podsjetimo, na kraju sezone Chiesi zavr\u0161ava dvogodi\u0161nja posudba nakon koje Juventus ima mogu\u0107nost otkupa ugovora za 40 milijuna eura. Naravno, Juventus \u0107e sve \u0161to mo\u017ee napraviti kako bi zadr\u017eao Chiesu, kao \u0161to \u0107e vode\u0107i europski klubovi u\u010diniti sve ne bi li ga doveli u svoje redove. Prema pisanju Gazzette za Chiesu se Liverpool ve\u0107 dulje vrijeme zanima, navodno je prvak Europe, Chelsea, ponudio 100 milijuna eura, a \u0161to je Juventus zasad odbio. O\u010dekuje se da \u0107e&nbsp;<strong>Roman Abramovi\u010d<\/strong>&nbsp;na ljeto ponuditi bogatiju ponudu koju&nbsp;<strong>Stara dama<\/strong>&nbsp;ne\u0107e mo\u0107i odbiti.<\/p>\n\n\n\n<p>Navodno velike \u0161anse ima Newcastle, koji se, kako smo ve\u0107 spomenuli, znatno financijski poja\u010dao te mu ne bi trebalo biti te\u0161ko pratiti ponude ostalih europskih klubova. Problem bi mogao biti nagovoriti Chiesu da napusti Italiju. Talijanska 23-godi\u0161nja zvijezda voli igrati na Apeninskom poluotoku. Mo\u017eda bi se mogao predomisliti u slu\u010daju zaista izda\u0161nih ponuda, a pogotovo ako bi Real iznio takvu ponudu?<\/p>\n\n\n\n<p>Podsjetimo, Chiesa je za Juventus odigrao 50 utakmica te je zabio 16 golova i dodao tome 11 asistencija. Kako smo ve\u0107 spomenuli sjajno je igrao na Euru, ukupno je za&nbsp;<strong>talijansku reprezentaciju<\/strong>&nbsp;odigrao 35 utakmica te je zabio \u010detiri gola.<\/p>\n\n\n\n<p><em>Izvor: narod.hr<\/em><\/p>\n","protected":false},"excerpt":{"rendered":"<p>Kako pi\u0161e ina\u010de dobro informirana&nbsp;Gazzetta dello Sport&nbsp;dobar dio europskih nogometnih klubova \u017eeli anga\u017eirati mo\u017eda i najve\u0107u zvijezdu&nbsp;Europskog nogometnog prvenstva, koje je odr\u017eano pro\u0161log ljeta a rezultiralo je trijumfom&nbsp;Italije. Dakako, radi se o&nbsp;Federicu Chiesi. Chiesa je igra\u010d&nbsp;Juventusa, a odavno je za njega zanimanje pokazao&nbsp;Liverpool, prema najnovijim informacijama pojavili su se i&nbsp;Real Madrid, Chelsea&nbsp;te&nbsp;Newcastle&nbsp;koji je najavio znatno [&hellip;]<\/p>\n","protected":false},"author":2,"featured_media":76526,"comment_status":"closed","ping_status":"closed","sticky":false,"template":"","format":"standard","meta":{"h5ap_radio_sources":[],"footnotes":""},"categories":[7],"tags":[],"class_list":["post-76525","post","type-post","status-publish","format-standard","has-post-thumbnail","hentry","category-sport"],"yoast_head":"<!-- This site is optimized with the Yoast SEO plugin v27.4 - https:\/\/yoast.com\/product\/yoast-seo-wordpress\/ -->\n<title>Chiesa briljirao na Euru: Pola Europe \u017eeli ponajve\u0107u talijansku nogometnu zvijezdu? - RADIO LJUBU\u0160KI<\/title>\n<meta name=\"robots\" content=\"index, follow, max-snippet:-1, max-image-preview:large, max-video-preview:-1\" \/>\n<link rel=\"canonical\" href=\"https:\/\/radioljubuski.ba\/index.php\/2021\/10\/16\/chiesa-briljirao-na-euru-pola-europe-zeli-ponajvecu-talijansku-nogometnu-zvijezdu\/\" \/>\n<meta property=\"og:locale\" content=\"hr_HR\" \/>\n<meta property=\"og:type\" content=\"article\" \/>\n<meta property=\"og:title\" content=\"Chiesa briljirao na Euru: Pola Europe \u017eeli ponajve\u0107u talijansku nogometnu zvijezdu? - RADIO LJUBU\u0160KI\" \/>\n<meta property=\"og:description\" content=\"Kako pi\u0161e ina\u010de dobro informirana&nbsp;Gazzetta dello Sport&nbsp;dobar dio europskih nogometnih klubova \u017eeli anga\u017eirati mo\u017eda i najve\u0107u zvijezdu&nbsp;Europskog nogometnog prvenstva, koje je odr\u017eano pro\u0161log ljeta a rezultiralo je trijumfom&nbsp;Italije. Dakako, radi se o&nbsp;Federicu Chiesi. Chiesa je igra\u010d&nbsp;Juventusa, a odavno je za njega zanimanje pokazao&nbsp;Liverpool, prema najnovijim informacijama pojavili su se i&nbsp;Real Madrid, Chelsea&nbsp;te&nbsp;Newcastle&nbsp;koji je najavio znatno [&hellip;]\" \/>\n<meta property=\"og:url\" content=\"https:\/\/radioljubuski.ba\/index.php\/2021\/10\/16\/chiesa-briljirao-na-euru-pola-europe-zeli-ponajvecu-talijansku-nogometnu-zvijezdu\/\" \/>\n<meta property=\"og:site_name\" content=\"RADIO LJUBU\u0160KI\" \/>\n<meta property=\"article:publisher\" content=\"https:\/\/www.facebook.com\/Radiio-Ljubuski-1490835324566332\" \/>\n<meta property=\"article:published_time\" content=\"2021-10-16T15:28:40+00:00\" \/>\n<meta property=\"article:modified_time\" content=\"2021-10-16T15:28:41+00:00\" \/>\n<meta property=\"og:image\" content=\"https:\/\/radioljubuski.ba\/wp-content\/uploads\/2021\/10\/HN20210706109893-696x454-1.jpg\" \/>\n\t<meta property=\"og:image:width\" content=\"696\" \/>\n\t<meta property=\"og:image:height\" content=\"454\" \/>\n\t<meta property=\"og:image:type\" content=\"image\/jpeg\" \/>\n<meta name=\"author\" content=\"Radio Ljubu\u0161ki\" \/>\n<meta name=\"twitter:card\" content=\"summary_large_image\" \/>\n<meta name=\"twitter:creator\" content=\"@radioljubuski\" \/>\n<meta name=\"twitter:site\" content=\"@radioljubuski\" \/>\n<meta name=\"twitter:label1\" content=\"Napisao\/la\" \/>\n\t<meta name=\"twitter:data1\" content=\"Radio Ljubu\u0161ki\" \/>\n\t<meta name=\"twitter:label2\" content=\"Procijenjeno vrijeme \u010ditanja\" \/>\n\t<meta name=\"twitter:data2\" content=\"2 minute\" \/>\n<script type=\"application\/ld+json\" class=\"yoast-schema-graph\">{\"@context\":\"https:\\\/\\\/schema.org\",\"@graph\":[{\"@type\":\"Article\",\"@id\":\"https:\\\/\\\/radioljubuski.ba\\\/index.php\\\/2021\\\/10\\\/16\\\/chiesa-briljirao-na-euru-pola-europe-zeli-ponajvecu-talijansku-nogometnu-zvijezdu\\\/#article\",\"isPartOf\":{\"@id\":\"https:\\\/\\\/radioljubuski.ba\\\/index.php\\\/2021\\\/10\\\/16\\\/chiesa-briljirao-na-euru-pola-europe-zeli-ponajvecu-talijansku-nogometnu-zvijezdu\\\/\"},\"author\":{\"name\":\"Radio Ljubu\u0161ki\",\"@id\":\"https:\\\/\\\/radioljubuski.ba\\\/#\\\/schema\\\/person\\\/19fc700381a780f69665d7956c469e3b\"},\"headline\":\"Chiesa briljirao na Euru: Pola Europe \u017eeli ponajve\u0107u talijansku nogometnu zvijezdu?\",\"datePublished\":\"2021-10-16T15:28:40+00:00\",\"dateModified\":\"2021-10-16T15:28:41+00:00\",\"mainEntityOfPage\":{\"@id\":\"https:\\\/\\\/radioljubuski.ba\\\/index.php\\\/2021\\\/10\\\/16\\\/chiesa-briljirao-na-euru-pola-europe-zeli-ponajvecu-talijansku-nogometnu-zvijezdu\\\/\"},\"wordCount\":319,\"publisher\":{\"@id\":\"https:\\\/\\\/radioljubuski.ba\\\/#organization\"},\"image\":{\"@id\":\"https:\\\/\\\/radioljubuski.ba\\\/index.php\\\/2021\\\/10\\\/16\\\/chiesa-briljirao-na-euru-pola-europe-zeli-ponajvecu-talijansku-nogometnu-zvijezdu\\\/#primaryimage\"},\"thumbnailUrl\":\"https:\\\/\\\/radioljubuski.ba\\\/wp-content\\\/uploads\\\/2021\\\/10\\\/HN20210706109893-696x454-1.jpg\",\"articleSection\":[\"\u0160port\"],\"inLanguage\":\"hr\"},{\"@type\":\"WebPage\",\"@id\":\"https:\\\/\\\/radioljubuski.ba\\\/index.php\\\/2021\\\/10\\\/16\\\/chiesa-briljirao-na-euru-pola-europe-zeli-ponajvecu-talijansku-nogometnu-zvijezdu\\\/\",\"url\":\"https:\\\/\\\/radioljubuski.ba\\\/index.php\\\/2021\\\/10\\\/16\\\/chiesa-briljirao-na-euru-pola-europe-zeli-ponajvecu-talijansku-nogometnu-zvijezdu\\\/\",\"name\":\"Chiesa briljirao na Euru: Pola Europe \u017eeli ponajve\u0107u talijansku nogometnu zvijezdu? - RADIO LJUBU\u0160KI\",\"isPartOf\":{\"@id\":\"https:\\\/\\\/radioljubuski.ba\\\/#website\"},\"primaryImageOfPage\":{\"@id\":\"https:\\\/\\\/radioljubuski.ba\\\/index.php\\\/2021\\\/10\\\/16\\\/chiesa-briljirao-na-euru-pola-europe-zeli-ponajvecu-talijansku-nogometnu-zvijezdu\\\/#primaryimage\"},\"image\":{\"@id\":\"https:\\\/\\\/radioljubuski.ba\\\/index.php\\\/2021\\\/10\\\/16\\\/chiesa-briljirao-na-euru-pola-europe-zeli-ponajvecu-talijansku-nogometnu-zvijezdu\\\/#primaryimage\"},\"thumbnailUrl\":\"https:\\\/\\\/radioljubuski.ba\\\/wp-content\\\/uploads\\\/2021\\\/10\\\/HN20210706109893-696x454-1.jpg\",\"datePublished\":\"2021-10-16T15:28:40+00:00\",\"dateModified\":\"2021-10-16T15:28:41+00:00\",\"breadcrumb\":{\"@id\":\"https:\\\/\\\/radioljubuski.ba\\\/index.php\\\/2021\\\/10\\\/16\\\/chiesa-briljirao-na-euru-pola-europe-zeli-ponajvecu-talijansku-nogometnu-zvijezdu\\\/#breadcrumb\"},\"inLanguage\":\"hr\",\"potentialAction\":[{\"@type\":\"ReadAction\",\"target\":[\"https:\\\/\\\/radioljubuski.ba\\\/index.php\\\/2021\\\/10\\\/16\\\/chiesa-briljirao-na-euru-pola-europe-zeli-ponajvecu-talijansku-nogometnu-zvijezdu\\\/\"]}]},{\"@type\":\"ImageObject\",\"inLanguage\":\"hr\",\"@id\":\"https:\\\/\\\/radioljubuski.ba\\\/index.php\\\/2021\\\/10\\\/16\\\/chiesa-briljirao-na-euru-pola-europe-zeli-ponajvecu-talijansku-nogometnu-zvijezdu\\\/#primaryimage\",\"url\":\"https:\\\/\\\/radioljubuski.ba\\\/wp-content\\\/uploads\\\/2021\\\/10\\\/HN20210706109893-696x454-1.jpg\",\"contentUrl\":\"https:\\\/\\\/radioljubuski.ba\\\/wp-content\\\/uploads\\\/2021\\\/10\\\/HN20210706109893-696x454-1.jpg\",\"width\":696,\"height\":454},{\"@type\":\"BreadcrumbList\",\"@id\":\"https:\\\/\\\/radioljubuski.ba\\\/index.php\\\/2021\\\/10\\\/16\\\/chiesa-briljirao-na-euru-pola-europe-zeli-ponajvecu-talijansku-nogometnu-zvijezdu\\\/#breadcrumb\",\"itemListElement\":[{\"@type\":\"ListItem\",\"position\":1,\"name\":\"Po\u010detna stranica\",\"item\":\"https:\\\/\\\/radioljubuski.ba\\\/\"},{\"@type\":\"ListItem\",\"position\":2,\"name\":\"Chiesa briljirao na Euru: Pola Europe \u017eeli ponajve\u0107u talijansku nogometnu zvijezdu?\"}]},{\"@type\":\"WebSite\",\"@id\":\"https:\\\/\\\/radioljubuski.ba\\\/#website\",\"url\":\"https:\\\/\\\/radioljubuski.ba\\\/\",\"name\":\"Radio Ljubu\u0161ki\",\"description\":\"Sun\u010dana frekvencija Hercegovine\",\"publisher\":{\"@id\":\"https:\\\/\\\/radioljubuski.ba\\\/#organization\"},\"potentialAction\":[{\"@type\":\"SearchAction\",\"target\":{\"@type\":\"EntryPoint\",\"urlTemplate\":\"https:\\\/\\\/radioljubuski.ba\\\/?s={search_term_string}\"},\"query-input\":{\"@type\":\"PropertyValueSpecification\",\"valueRequired\":true,\"valueName\":\"search_term_string\"}}],\"inLanguage\":\"hr\"},{\"@type\":\"Organization\",\"@id\":\"https:\\\/\\\/radioljubuski.ba\\\/#organization\",\"name\":\"Radio Ljubu\u0161ki\",\"url\":\"https:\\\/\\\/radioljubuski.ba\\\/\",\"logo\":{\"@type\":\"ImageObject\",\"inLanguage\":\"hr\",\"@id\":\"https:\\\/\\\/radioljubuski.ba\\\/#\\\/schema\\\/logo\\\/image\\\/\",\"url\":\"https:\\\/\\\/radioljubuski.ba\\\/wp-content\\\/uploads\\\/2021\\\/02\\\/cropped-Radio_Ljubuski_logo1.jpg\",\"contentUrl\":\"https:\\\/\\\/radioljubuski.ba\\\/wp-content\\\/uploads\\\/2021\\\/02\\\/cropped-Radio_Ljubuski_logo1.jpg\",\"width\":512,\"height\":512,\"caption\":\"Radio Ljubu\u0161ki\"},\"image\":{\"@id\":\"https:\\\/\\\/radioljubuski.ba\\\/#\\\/schema\\\/logo\\\/image\\\/\"},\"sameAs\":[\"https:\\\/\\\/www.facebook.com\\\/Radiio-Ljubuski-1490835324566332\",\"https:\\\/\\\/x.com\\\/radioljubuski\",\"https:\\\/\\\/hr.linkedin.com\\\/company\\\/radio-ljubuski\",\"https:\\\/\\\/www.youtube.com\\\/channel\\\/UCHYaeO_n0Db3tjNGudGpXyw\"]},{\"@type\":\"Person\",\"@id\":\"https:\\\/\\\/radioljubuski.ba\\\/#\\\/schema\\\/person\\\/19fc700381a780f69665d7956c469e3b\",\"name\":\"Radio Ljubu\u0161ki\"}]}<\/script>\n<!-- \/ Yoast SEO plugin. -->","yoast_head_json":{"title":"Chiesa briljirao na Euru: Pola Europe \u017eeli ponajve\u0107u talijansku nogometnu zvijezdu? - RADIO LJUBU\u0160KI","robots":{"index":"index","follow":"follow","max-snippet":"max-snippet:-1","max-image-preview":"max-image-preview:large","max-video-preview":"max-video-preview:-1"},"canonical":"https:\/\/radioljubuski.ba\/index.php\/2021\/10\/16\/chiesa-briljirao-na-euru-pola-europe-zeli-ponajvecu-talijansku-nogometnu-zvijezdu\/","og_locale":"hr_HR","og_type":"article","og_title":"Chiesa briljirao na Euru: Pola Europe \u017eeli ponajve\u0107u talijansku nogometnu zvijezdu? - RADIO LJUBU\u0160KI","og_description":"Kako pi\u0161e ina\u010de dobro informirana&nbsp;Gazzetta dello Sport&nbsp;dobar dio europskih nogometnih klubova \u017eeli anga\u017eirati mo\u017eda i najve\u0107u zvijezdu&nbsp;Europskog nogometnog prvenstva, koje je odr\u017eano pro\u0161log ljeta a rezultiralo je trijumfom&nbsp;Italije. Dakako, radi se o&nbsp;Federicu Chiesi. Chiesa je igra\u010d&nbsp;Juventusa, a odavno je za njega zanimanje pokazao&nbsp;Liverpool, prema najnovijim informacijama pojavili su se i&nbsp;Real Madrid, Chelsea&nbsp;te&nbsp;Newcastle&nbsp;koji je najavio znatno [&hellip;]","og_url":"https:\/\/radioljubuski.ba\/index.php\/2021\/10\/16\/chiesa-briljirao-na-euru-pola-europe-zeli-ponajvecu-talijansku-nogometnu-zvijezdu\/","og_site_name":"RADIO LJUBU\u0160KI","article_publisher":"https:\/\/www.facebook.com\/Radiio-Ljubuski-1490835324566332","article_published_time":"2021-10-16T15:28:40+00:00","article_modified_time":"2021-10-16T15:28:41+00:00","og_image":[{"width":696,"height":454,"url":"https:\/\/radioljubuski.ba\/wp-content\/uploads\/2021\/10\/HN20210706109893-696x454-1.jpg","type":"image\/jpeg"}],"author":"Radio Ljubu\u0161ki","twitter_card":"summary_large_image","twitter_creator":"@radioljubuski","twitter_site":"@radioljubuski","twitter_misc":{"Napisao\/la":"Radio Ljubu\u0161ki","Procijenjeno vrijeme \u010ditanja":"2 minute"},"schema":{"@context":"https:\/\/schema.org","@graph":[{"@type":"Article","@id":"https:\/\/radioljubuski.ba\/index.php\/2021\/10\/16\/chiesa-briljirao-na-euru-pola-europe-zeli-ponajvecu-talijansku-nogometnu-zvijezdu\/#article","isPartOf":{"@id":"https:\/\/radioljubuski.ba\/index.php\/2021\/10\/16\/chiesa-briljirao-na-euru-pola-europe-zeli-ponajvecu-talijansku-nogometnu-zvijezdu\/"},"author":{"name":"Radio Ljubu\u0161ki","@id":"https:\/\/radioljubuski.ba\/#\/schema\/person\/19fc700381a780f69665d7956c469e3b"},"headline":"Chiesa briljirao na Euru: Pola Europe \u017eeli ponajve\u0107u talijansku nogometnu zvijezdu?","datePublished":"2021-10-16T15:28:40+00:00","dateModified":"2021-10-16T15:28:41+00:00","mainEntityOfPage":{"@id":"https:\/\/radioljubuski.ba\/index.php\/2021\/10\/16\/chiesa-briljirao-na-euru-pola-europe-zeli-ponajvecu-talijansku-nogometnu-zvijezdu\/"},"wordCount":319,"publisher":{"@id":"https:\/\/radioljubuski.ba\/#organization"},"image":{"@id":"https:\/\/radioljubuski.ba\/index.php\/2021\/10\/16\/chiesa-briljirao-na-euru-pola-europe-zeli-ponajvecu-talijansku-nogometnu-zvijezdu\/#primaryimage"},"thumbnailUrl":"https:\/\/radioljubuski.ba\/wp-content\/uploads\/2021\/10\/HN20210706109893-696x454-1.jpg","articleSection":["\u0160port"],"inLanguage":"hr"},{"@type":"WebPage","@id":"https:\/\/radioljubuski.ba\/index.php\/2021\/10\/16\/chiesa-briljirao-na-euru-pola-europe-zeli-ponajvecu-talijansku-nogometnu-zvijezdu\/","url":"https:\/\/radioljubuski.ba\/index.php\/2021\/10\/16\/chiesa-briljirao-na-euru-pola-europe-zeli-ponajvecu-talijansku-nogometnu-zvijezdu\/","name":"Chiesa briljirao na Euru: Pola Europe \u017eeli ponajve\u0107u talijansku nogometnu zvijezdu? - RADIO LJUBU\u0160KI","isPartOf":{"@id":"https:\/\/radioljubuski.ba\/#website"},"primaryImageOfPage":{"@id":"https:\/\/radioljubuski.ba\/index.php\/2021\/10\/16\/chiesa-briljirao-na-euru-pola-europe-zeli-ponajvecu-talijansku-nogometnu-zvijezdu\/#primaryimage"},"image":{"@id":"https:\/\/radioljubuski.ba\/index.php\/2021\/10\/16\/chiesa-briljirao-na-euru-pola-europe-zeli-ponajvecu-talijansku-nogometnu-zvijezdu\/#primaryimage"},"thumbnailUrl":"https:\/\/radioljubuski.ba\/wp-content\/uploads\/2021\/10\/HN20210706109893-696x454-1.jpg","datePublished":"2021-10-16T15:28:40+00:00","dateModified":"2021-10-16T15:28:41+00:00","breadcrumb":{"@id":"https:\/\/radioljubuski.ba\/index.php\/2021\/10\/16\/chiesa-briljirao-na-euru-pola-europe-zeli-ponajvecu-talijansku-nogometnu-zvijezdu\/#breadcrumb"},"inLanguage":"hr","potentialAction":[{"@type":"ReadAction","target":["https:\/\/radioljubuski.ba\/index.php\/2021\/10\/16\/chiesa-briljirao-na-euru-pola-europe-zeli-ponajvecu-talijansku-nogometnu-zvijezdu\/"]}]},{"@type":"ImageObject","inLanguage":"hr","@id":"https:\/\/radioljubuski.ba\/index.php\/2021\/10\/16\/chiesa-briljirao-na-euru-pola-europe-zeli-ponajvecu-talijansku-nogometnu-zvijezdu\/#primaryimage","url":"https:\/\/radioljubuski.ba\/wp-content\/uploads\/2021\/10\/HN20210706109893-696x454-1.jpg","contentUrl":"https:\/\/radioljubuski.ba\/wp-content\/uploads\/2021\/10\/HN20210706109893-696x454-1.jpg","width":696,"height":454},{"@type":"BreadcrumbList","@id":"https:\/\/radioljubuski.ba\/index.php\/2021\/10\/16\/chiesa-briljirao-na-euru-pola-europe-zeli-ponajvecu-talijansku-nogometnu-zvijezdu\/#breadcrumb","itemListElement":[{"@type":"ListItem","position":1,"name":"Po\u010detna stranica","item":"https:\/\/radioljubuski.ba\/"},{"@type":"ListItem","position":2,"name":"Chiesa briljirao na Euru: Pola Europe \u017eeli ponajve\u0107u talijansku nogometnu zvijezdu?"}]},{"@type":"WebSite","@id":"https:\/\/radioljubuski.ba\/#website","url":"https:\/\/radioljubuski.ba\/","name":"Radio Ljubu\u0161ki","description":"Sun\u010dana frekvencija Hercegovine","publisher":{"@id":"https:\/\/radioljubuski.ba\/#organization"},"potentialAction":[{"@type":"SearchAction","target":{"@type":"EntryPoint","urlTemplate":"https:\/\/radioljubuski.ba\/?s={search_term_string}"},"query-input":{"@type":"PropertyValueSpecification","valueRequired":true,"valueName":"search_term_string"}}],"inLanguage":"hr"},{"@type":"Organization","@id":"https:\/\/radioljubuski.ba\/#organization","name":"Radio Ljubu\u0161ki","url":"https:\/\/radioljubuski.ba\/","logo":{"@type":"ImageObject","inLanguage":"hr","@id":"https:\/\/radioljubuski.ba\/#\/schema\/logo\/image\/","url":"https:\/\/radioljubuski.ba\/wp-content\/uploads\/2021\/02\/cropped-Radio_Ljubuski_logo1.jpg","contentUrl":"https:\/\/radioljubuski.ba\/wp-content\/uploads\/2021\/02\/cropped-Radio_Ljubuski_logo1.jpg","width":512,"height":512,"caption":"Radio Ljubu\u0161ki"},"image":{"@id":"https:\/\/radioljubuski.ba\/#\/schema\/logo\/image\/"},"sameAs":["https:\/\/www.facebook.com\/Radiio-Ljubuski-1490835324566332","https:\/\/x.com\/radioljubuski","https:\/\/hr.linkedin.com\/company\/radio-ljubuski","https:\/\/www.youtube.com\/channel\/UCHYaeO_n0Db3tjNGudGpXyw"]},{"@type":"Person","@id":"https:\/\/radioljubuski.ba\/#\/schema\/person\/19fc700381a780f69665d7956c469e3b","name":"Radio Ljubu\u0161ki"}]}},"_links":{"self":[{"href":"https:\/\/radioljubuski.ba\/index.php\/wp-json\/wp\/v2\/posts\/76525","targetHints":{"allow":["GET"]}}],"collection":[{"href":"https:\/\/radioljubuski.ba\/index.php\/wp-json\/wp\/v2\/posts"}],"about":[{"href":"https:\/\/radioljubuski.ba\/index.php\/wp-json\/wp\/v2\/types\/post"}],"author":[{"embeddable":true,"href":"https:\/\/radioljubuski.ba\/index.php\/wp-json\/wp\/v2\/users\/2"}],"replies":[{"embeddable":true,"href":"https:\/\/radioljubuski.ba\/index.php\/wp-json\/wp\/v2\/comments?post=76525"}],"version-history":[{"count":1,"href":"https:\/\/radioljubuski.ba\/index.php\/wp-json\/wp\/v2\/posts\/76525\/revisions"}],"predecessor-version":[{"id":76527,"href":"https:\/\/radioljubuski.ba\/index.php\/wp-json\/wp\/v2\/posts\/76525\/revisions\/76527"}],"wp:featuredmedia":[{"embeddable":true,"href":"https:\/\/radioljubuski.ba\/index.php\/wp-json\/wp\/v2\/media\/76526"}],"wp:attachment":[{"href":"https:\/\/radioljubuski.ba\/index.php\/wp-json\/wp\/v2\/media?parent=76525"}],"wp:term":[{"taxonomy":"category","embeddable":true,"href":"https:\/\/radioljubuski.ba\/index.php\/wp-json\/wp\/v2\/categories?post=76525"},{"taxonomy":"post_tag","embeddable":true,"href":"https:\/\/radioljubuski.ba\/index.php\/wp-json\/wp\/v2\/tags?post=76525"}],"curies":[{"name":"wp","href":"https:\/\/api.w.org\/{rel}","templated":true}]}}