{"id":76528,"date":"2021-10-16T16:29:45","date_gmt":"2021-10-16T15:29:45","guid":{"rendered":"https:\/\/radioljubuski.ba\/?p=76528"},"modified":"2021-10-16T16:29:46","modified_gmt":"2021-10-16T15:29:46","slug":"napadac-i-bilicev-miljenik-west-ham-mi-je-nalozio-da-me-prijatelj-tamo-treba-dovesti-na-potpis-ugovora-u-gepeku","status":"publish","type":"post","link":"https:\/\/radioljubuski.ba\/index.php\/2021\/10\/16\/napadac-i-bilicev-miljenik-west-ham-mi-je-nalozio-da-me-prijatelj-tamo-treba-dovesti-na-potpis-ugovora-u-gepeku\/","title":{"rendered":"Napada\u010d i Bili\u0107ev miljenik: \u2018West Ham mi je nalo\u017eio da me prijatelj tamo treba dovesti na potpis ugovora u gepeku\u2019"},"content":{"rendered":"\n<p>Demba Ba zavr\u0161io je svoju karijeru, nakon \u0161to je igrao za Hoffenheim, West Ham, Newcastle, Chelsea, Be\u0161ikta\u0161, Shanghai Shenghuu i Istanbul Ba\u0161ak\u0161ehir.<\/p>\n\n\n\n<p>Povodom toga je za Athletic ispri\u010dao najlu\u0111i doga\u0111aj burne i bogate karijere.<\/p>\n\n\n\n<p>\u201cBilo je to u zimskom prijelaznom roku 2011. Igrao sam za Hoffenheim i pregovarao sam s par klubova o prelasku u Premiership. Stoke je bio najbr\u017ei i sve smo dogovorili, ali nisam pro\u0161ao lije\u010dni\u010dki. Nije se radilo ni o kakvoj ozbiljnoj ozljedi pa sam produljio u West Ham, koji me tako\u0111er jako \u017eelio. Ipak, postavio mi je jedan uvjet\u201d, pri\u010da Ba i otkriva koji:<\/p>\n\n\n\n<p>\u201cKako bi moj transfer zadr\u017eao u tajnosti pred brojnim novinarima koji su \u010dekali pred sjedi\u0161tem kluba, West Ham mi je nalo\u017eio da me prijatelj tamo treba dovesti na potpis ugovora u gepeku. Da transfer ne bi propao, pristao sam, ali bila je to najneudobnija vo\u017enja u \u017eivotu. Gepek je bio malen i tijesan, pa sam na svakom skretanju lupao glavom.\u201d<\/p>\n\n\n\n<p><em>Izvor: narod.hr<\/em><\/p>\n","protected":false},"excerpt":{"rendered":"<p>Demba Ba zavr\u0161io je svoju karijeru, nakon \u0161to je igrao za Hoffenheim, West Ham, Newcastle, Chelsea, Be\u0161ikta\u0161, Shanghai Shenghuu i Istanbul Ba\u0161ak\u0161ehir. Povodom toga je za Athletic ispri\u010dao najlu\u0111i doga\u0111aj burne i bogate karijere. \u201cBilo je to u zimskom prijelaznom roku 2011. Igrao sam za Hoffenheim i pregovarao sam s par klubova o prelasku u [&hellip;]<\/p>\n","protected":false},"author":2,"featured_media":76529,"comment_status":"closed","ping_status":"closed","sticky":false,"template":"","format":"standard","meta":{"h5ap_radio_sources":[],"footnotes":""},"categories":[7],"tags":[],"class_list":["post-76528","post","type-post","status-publish","format-standard","has-post-thumbnail","hentry","category-sport"],"yoast_head":"<!-- This site is optimized with the Yoast SEO plugin v27.4 - https:\/\/yoast.com\/product\/yoast-seo-wordpress\/ -->\n<title>Napada\u010d i Bili\u0107ev miljenik: \u2018West Ham mi je nalo\u017eio da me prijatelj tamo treba dovesti na potpis ugovora u gepeku\u2019 - RADIO LJUBU\u0160KI<\/title>\n<meta name=\"robots\" content=\"index, follow, max-snippet:-1, max-image-preview:large, max-video-preview:-1\" \/>\n<link rel=\"canonical\" href=\"https:\/\/radioljubuski.ba\/index.php\/2021\/10\/16\/napadac-i-bilicev-miljenik-west-ham-mi-je-nalozio-da-me-prijatelj-tamo-treba-dovesti-na-potpis-ugovora-u-gepeku\/\" \/>\n<meta property=\"og:locale\" content=\"hr_HR\" \/>\n<meta property=\"og:type\" content=\"article\" \/>\n<meta property=\"og:title\" content=\"Napada\u010d i Bili\u0107ev miljenik: \u2018West Ham mi je nalo\u017eio da me prijatelj tamo treba dovesti na potpis ugovora u gepeku\u2019 - RADIO LJUBU\u0160KI\" \/>\n<meta property=\"og:description\" content=\"Demba Ba zavr\u0161io je svoju karijeru, nakon \u0161to je igrao za Hoffenheim, West Ham, Newcastle, Chelsea, Be\u0161ikta\u0161, Shanghai Shenghuu i Istanbul Ba\u0161ak\u0161ehir. Povodom toga je za Athletic ispri\u010dao najlu\u0111i doga\u0111aj burne i bogate karijere. \u201cBilo je to u zimskom prijelaznom roku 2011. Igrao sam za Hoffenheim i pregovarao sam s par klubova o prelasku u [&hellip;]\" \/>\n<meta property=\"og:url\" content=\"https:\/\/radioljubuski.ba\/index.php\/2021\/10\/16\/napadac-i-bilicev-miljenik-west-ham-mi-je-nalozio-da-me-prijatelj-tamo-treba-dovesti-na-potpis-ugovora-u-gepeku\/\" \/>\n<meta property=\"og:site_name\" content=\"RADIO LJUBU\u0160KI\" \/>\n<meta property=\"article:publisher\" content=\"https:\/\/www.facebook.com\/Radiio-Ljubuski-1490835324566332\" \/>\n<meta property=\"article:published_time\" content=\"2021-10-16T15:29:45+00:00\" \/>\n<meta property=\"article:modified_time\" content=\"2021-10-16T15:29:46+00:00\" \/>\n<meta property=\"og:image\" content=\"https:\/\/radioljubuski.ba\/wp-content\/uploads\/2021\/10\/demba_ba-1024x549-1.jpg\" \/>\n\t<meta property=\"og:image:width\" content=\"1024\" \/>\n\t<meta property=\"og:image:height\" content=\"549\" \/>\n\t<meta property=\"og:image:type\" content=\"image\/jpeg\" \/>\n<meta name=\"author\" content=\"Radio Ljubu\u0161ki\" \/>\n<meta name=\"twitter:card\" content=\"summary_large_image\" \/>\n<meta name=\"twitter:creator\" content=\"@radioljubuski\" \/>\n<meta name=\"twitter:site\" content=\"@radioljubuski\" \/>\n<meta name=\"twitter:label1\" content=\"Napisao\/la\" \/>\n\t<meta name=\"twitter:data1\" content=\"Radio Ljubu\u0161ki\" \/>\n\t<meta name=\"twitter:label2\" content=\"Procijenjeno vrijeme \u010ditanja\" \/>\n\t<meta name=\"twitter:data2\" content=\"1 minuta\" \/>\n<script type=\"application\/ld+json\" class=\"yoast-schema-graph\">{\"@context\":\"https:\\\/\\\/schema.org\",\"@graph\":[{\"@type\":\"Article\",\"@id\":\"https:\\\/\\\/radioljubuski.ba\\\/index.php\\\/2021\\\/10\\\/16\\\/napadac-i-bilicev-miljenik-west-ham-mi-je-nalozio-da-me-prijatelj-tamo-treba-dovesti-na-potpis-ugovora-u-gepeku\\\/#article\",\"isPartOf\":{\"@id\":\"https:\\\/\\\/radioljubuski.ba\\\/index.php\\\/2021\\\/10\\\/16\\\/napadac-i-bilicev-miljenik-west-ham-mi-je-nalozio-da-me-prijatelj-tamo-treba-dovesti-na-potpis-ugovora-u-gepeku\\\/\"},\"author\":{\"name\":\"Radio Ljubu\u0161ki\",\"@id\":\"https:\\\/\\\/radioljubuski.ba\\\/#\\\/schema\\\/person\\\/19fc700381a780f69665d7956c469e3b\"},\"headline\":\"Napada\u010d i Bili\u0107ev miljenik: \u2018West Ham mi je nalo\u017eio da me prijatelj tamo treba dovesti na potpis ugovora u gepeku\u2019\",\"datePublished\":\"2021-10-16T15:29:45+00:00\",\"dateModified\":\"2021-10-16T15:29:46+00:00\",\"mainEntityOfPage\":{\"@id\":\"https:\\\/\\\/radioljubuski.ba\\\/index.php\\\/2021\\\/10\\\/16\\\/napadac-i-bilicev-miljenik-west-ham-mi-je-nalozio-da-me-prijatelj-tamo-treba-dovesti-na-potpis-ugovora-u-gepeku\\\/\"},\"wordCount\":199,\"publisher\":{\"@id\":\"https:\\\/\\\/radioljubuski.ba\\\/#organization\"},\"image\":{\"@id\":\"https:\\\/\\\/radioljubuski.ba\\\/index.php\\\/2021\\\/10\\\/16\\\/napadac-i-bilicev-miljenik-west-ham-mi-je-nalozio-da-me-prijatelj-tamo-treba-dovesti-na-potpis-ugovora-u-gepeku\\\/#primaryimage\"},\"thumbnailUrl\":\"https:\\\/\\\/radioljubuski.ba\\\/wp-content\\\/uploads\\\/2021\\\/10\\\/demba_ba-1024x549-1.jpg\",\"articleSection\":[\"\u0160port\"],\"inLanguage\":\"hr\"},{\"@type\":\"WebPage\",\"@id\":\"https:\\\/\\\/radioljubuski.ba\\\/index.php\\\/2021\\\/10\\\/16\\\/napadac-i-bilicev-miljenik-west-ham-mi-je-nalozio-da-me-prijatelj-tamo-treba-dovesti-na-potpis-ugovora-u-gepeku\\\/\",\"url\":\"https:\\\/\\\/radioljubuski.ba\\\/index.php\\\/2021\\\/10\\\/16\\\/napadac-i-bilicev-miljenik-west-ham-mi-je-nalozio-da-me-prijatelj-tamo-treba-dovesti-na-potpis-ugovora-u-gepeku\\\/\",\"name\":\"Napada\u010d i Bili\u0107ev miljenik: \u2018West Ham mi je nalo\u017eio da me prijatelj tamo treba dovesti na potpis ugovora u gepeku\u2019 - RADIO LJUBU\u0160KI\",\"isPartOf\":{\"@id\":\"https:\\\/\\\/radioljubuski.ba\\\/#website\"},\"primaryImageOfPage\":{\"@id\":\"https:\\\/\\\/radioljubuski.ba\\\/index.php\\\/2021\\\/10\\\/16\\\/napadac-i-bilicev-miljenik-west-ham-mi-je-nalozio-da-me-prijatelj-tamo-treba-dovesti-na-potpis-ugovora-u-gepeku\\\/#primaryimage\"},\"image\":{\"@id\":\"https:\\\/\\\/radioljubuski.ba\\\/index.php\\\/2021\\\/10\\\/16\\\/napadac-i-bilicev-miljenik-west-ham-mi-je-nalozio-da-me-prijatelj-tamo-treba-dovesti-na-potpis-ugovora-u-gepeku\\\/#primaryimage\"},\"thumbnailUrl\":\"https:\\\/\\\/radioljubuski.ba\\\/wp-content\\\/uploads\\\/2021\\\/10\\\/demba_ba-1024x549-1.jpg\",\"datePublished\":\"2021-10-16T15:29:45+00:00\",\"dateModified\":\"2021-10-16T15:29:46+00:00\",\"breadcrumb\":{\"@id\":\"https:\\\/\\\/radioljubuski.ba\\\/index.php\\\/2021\\\/10\\\/16\\\/napadac-i-bilicev-miljenik-west-ham-mi-je-nalozio-da-me-prijatelj-tamo-treba-dovesti-na-potpis-ugovora-u-gepeku\\\/#breadcrumb\"},\"inLanguage\":\"hr\",\"potentialAction\":[{\"@type\":\"ReadAction\",\"target\":[\"https:\\\/\\\/radioljubuski.ba\\\/index.php\\\/2021\\\/10\\\/16\\\/napadac-i-bilicev-miljenik-west-ham-mi-je-nalozio-da-me-prijatelj-tamo-treba-dovesti-na-potpis-ugovora-u-gepeku\\\/\"]}]},{\"@type\":\"ImageObject\",\"inLanguage\":\"hr\",\"@id\":\"https:\\\/\\\/radioljubuski.ba\\\/index.php\\\/2021\\\/10\\\/16\\\/napadac-i-bilicev-miljenik-west-ham-mi-je-nalozio-da-me-prijatelj-tamo-treba-dovesti-na-potpis-ugovora-u-gepeku\\\/#primaryimage\",\"url\":\"https:\\\/\\\/radioljubuski.ba\\\/wp-content\\\/uploads\\\/2021\\\/10\\\/demba_ba-1024x549-1.jpg\",\"contentUrl\":\"https:\\\/\\\/radioljubuski.ba\\\/wp-content\\\/uploads\\\/2021\\\/10\\\/demba_ba-1024x549-1.jpg\",\"width\":1024,\"height\":549,\"caption\":\"epa04639077 Besiktas' Demba Ba reacts after missing a chance during the UEFA Europa League round of 32 soccer match between Besiktas Istanbul and Liverpool FC at the Ataturk Olimpiyat Stadium in Istanbul, Turkey, 26 February 2015. EPA\\\/TOLGA BOZOGLU\"},{\"@type\":\"BreadcrumbList\",\"@id\":\"https:\\\/\\\/radioljubuski.ba\\\/index.php\\\/2021\\\/10\\\/16\\\/napadac-i-bilicev-miljenik-west-ham-mi-je-nalozio-da-me-prijatelj-tamo-treba-dovesti-na-potpis-ugovora-u-gepeku\\\/#breadcrumb\",\"itemListElement\":[{\"@type\":\"ListItem\",\"position\":1,\"name\":\"Po\u010detna stranica\",\"item\":\"https:\\\/\\\/radioljubuski.ba\\\/\"},{\"@type\":\"ListItem\",\"position\":2,\"name\":\"Napada\u010d i Bili\u0107ev miljenik: \u2018West Ham mi je nalo\u017eio da me prijatelj tamo treba dovesti na potpis ugovora u gepeku\u2019\"}]},{\"@type\":\"WebSite\",\"@id\":\"https:\\\/\\\/radioljubuski.ba\\\/#website\",\"url\":\"https:\\\/\\\/radioljubuski.ba\\\/\",\"name\":\"Radio Ljubu\u0161ki\",\"description\":\"Sun\u010dana frekvencija Hercegovine\",\"publisher\":{\"@id\":\"https:\\\/\\\/radioljubuski.ba\\\/#organization\"},\"potentialAction\":[{\"@type\":\"SearchAction\",\"target\":{\"@type\":\"EntryPoint\",\"urlTemplate\":\"https:\\\/\\\/radioljubuski.ba\\\/?s={search_term_string}\"},\"query-input\":{\"@type\":\"PropertyValueSpecification\",\"valueRequired\":true,\"valueName\":\"search_term_string\"}}],\"inLanguage\":\"hr\"},{\"@type\":\"Organization\",\"@id\":\"https:\\\/\\\/radioljubuski.ba\\\/#organization\",\"name\":\"Radio Ljubu\u0161ki\",\"url\":\"https:\\\/\\\/radioljubuski.ba\\\/\",\"logo\":{\"@type\":\"ImageObject\",\"inLanguage\":\"hr\",\"@id\":\"https:\\\/\\\/radioljubuski.ba\\\/#\\\/schema\\\/logo\\\/image\\\/\",\"url\":\"https:\\\/\\\/radioljubuski.ba\\\/wp-content\\\/uploads\\\/2021\\\/02\\\/cropped-Radio_Ljubuski_logo1.jpg\",\"contentUrl\":\"https:\\\/\\\/radioljubuski.ba\\\/wp-content\\\/uploads\\\/2021\\\/02\\\/cropped-Radio_Ljubuski_logo1.jpg\",\"width\":512,\"height\":512,\"caption\":\"Radio Ljubu\u0161ki\"},\"image\":{\"@id\":\"https:\\\/\\\/radioljubuski.ba\\\/#\\\/schema\\\/logo\\\/image\\\/\"},\"sameAs\":[\"https:\\\/\\\/www.facebook.com\\\/Radiio-Ljubuski-1490835324566332\",\"https:\\\/\\\/x.com\\\/radioljubuski\",\"https:\\\/\\\/hr.linkedin.com\\\/company\\\/radio-ljubuski\",\"https:\\\/\\\/www.youtube.com\\\/channel\\\/UCHYaeO_n0Db3tjNGudGpXyw\"]},{\"@type\":\"Person\",\"@id\":\"https:\\\/\\\/radioljubuski.ba\\\/#\\\/schema\\\/person\\\/19fc700381a780f69665d7956c469e3b\",\"name\":\"Radio Ljubu\u0161ki\"}]}<\/script>\n<!-- \/ Yoast SEO plugin. -->","yoast_head_json":{"title":"Napada\u010d i Bili\u0107ev miljenik: \u2018West Ham mi je nalo\u017eio da me prijatelj tamo treba dovesti na potpis ugovora u gepeku\u2019 - RADIO LJUBU\u0160KI","robots":{"index":"index","follow":"follow","max-snippet":"max-snippet:-1","max-image-preview":"max-image-preview:large","max-video-preview":"max-video-preview:-1"},"canonical":"https:\/\/radioljubuski.ba\/index.php\/2021\/10\/16\/napadac-i-bilicev-miljenik-west-ham-mi-je-nalozio-da-me-prijatelj-tamo-treba-dovesti-na-potpis-ugovora-u-gepeku\/","og_locale":"hr_HR","og_type":"article","og_title":"Napada\u010d i Bili\u0107ev miljenik: \u2018West Ham mi je nalo\u017eio da me prijatelj tamo treba dovesti na potpis ugovora u gepeku\u2019 - RADIO LJUBU\u0160KI","og_description":"Demba Ba zavr\u0161io je svoju karijeru, nakon \u0161to je igrao za Hoffenheim, West Ham, Newcastle, Chelsea, Be\u0161ikta\u0161, Shanghai Shenghuu i Istanbul Ba\u0161ak\u0161ehir. Povodom toga je za Athletic ispri\u010dao najlu\u0111i doga\u0111aj burne i bogate karijere. \u201cBilo je to u zimskom prijelaznom roku 2011. Igrao sam za Hoffenheim i pregovarao sam s par klubova o prelasku u [&hellip;]","og_url":"https:\/\/radioljubuski.ba\/index.php\/2021\/10\/16\/napadac-i-bilicev-miljenik-west-ham-mi-je-nalozio-da-me-prijatelj-tamo-treba-dovesti-na-potpis-ugovora-u-gepeku\/","og_site_name":"RADIO LJUBU\u0160KI","article_publisher":"https:\/\/www.facebook.com\/Radiio-Ljubuski-1490835324566332","article_published_time":"2021-10-16T15:29:45+00:00","article_modified_time":"2021-10-16T15:29:46+00:00","og_image":[{"width":1024,"height":549,"url":"https:\/\/radioljubuski.ba\/wp-content\/uploads\/2021\/10\/demba_ba-1024x549-1.jpg","type":"image\/jpeg"}],"author":"Radio Ljubu\u0161ki","twitter_card":"summary_large_image","twitter_creator":"@radioljubuski","twitter_site":"@radioljubuski","twitter_misc":{"Napisao\/la":"Radio Ljubu\u0161ki","Procijenjeno vrijeme \u010ditanja":"1 minuta"},"schema":{"@context":"https:\/\/schema.org","@graph":[{"@type":"Article","@id":"https:\/\/radioljubuski.ba\/index.php\/2021\/10\/16\/napadac-i-bilicev-miljenik-west-ham-mi-je-nalozio-da-me-prijatelj-tamo-treba-dovesti-na-potpis-ugovora-u-gepeku\/#article","isPartOf":{"@id":"https:\/\/radioljubuski.ba\/index.php\/2021\/10\/16\/napadac-i-bilicev-miljenik-west-ham-mi-je-nalozio-da-me-prijatelj-tamo-treba-dovesti-na-potpis-ugovora-u-gepeku\/"},"author":{"name":"Radio Ljubu\u0161ki","@id":"https:\/\/radioljubuski.ba\/#\/schema\/person\/19fc700381a780f69665d7956c469e3b"},"headline":"Napada\u010d i Bili\u0107ev miljenik: \u2018West Ham mi je nalo\u017eio da me prijatelj tamo treba dovesti na potpis ugovora u gepeku\u2019","datePublished":"2021-10-16T15:29:45+00:00","dateModified":"2021-10-16T15:29:46+00:00","mainEntityOfPage":{"@id":"https:\/\/radioljubuski.ba\/index.php\/2021\/10\/16\/napadac-i-bilicev-miljenik-west-ham-mi-je-nalozio-da-me-prijatelj-tamo-treba-dovesti-na-potpis-ugovora-u-gepeku\/"},"wordCount":199,"publisher":{"@id":"https:\/\/radioljubuski.ba\/#organization"},"image":{"@id":"https:\/\/radioljubuski.ba\/index.php\/2021\/10\/16\/napadac-i-bilicev-miljenik-west-ham-mi-je-nalozio-da-me-prijatelj-tamo-treba-dovesti-na-potpis-ugovora-u-gepeku\/#primaryimage"},"thumbnailUrl":"https:\/\/radioljubuski.ba\/wp-content\/uploads\/2021\/10\/demba_ba-1024x549-1.jpg","articleSection":["\u0160port"],"inLanguage":"hr"},{"@type":"WebPage","@id":"https:\/\/radioljubuski.ba\/index.php\/2021\/10\/16\/napadac-i-bilicev-miljenik-west-ham-mi-je-nalozio-da-me-prijatelj-tamo-treba-dovesti-na-potpis-ugovora-u-gepeku\/","url":"https:\/\/radioljubuski.ba\/index.php\/2021\/10\/16\/napadac-i-bilicev-miljenik-west-ham-mi-je-nalozio-da-me-prijatelj-tamo-treba-dovesti-na-potpis-ugovora-u-gepeku\/","name":"Napada\u010d i Bili\u0107ev miljenik: \u2018West Ham mi je nalo\u017eio da me prijatelj tamo treba dovesti na potpis ugovora u gepeku\u2019 - RADIO LJUBU\u0160KI","isPartOf":{"@id":"https:\/\/radioljubuski.ba\/#website"},"primaryImageOfPage":{"@id":"https:\/\/radioljubuski.ba\/index.php\/2021\/10\/16\/napadac-i-bilicev-miljenik-west-ham-mi-je-nalozio-da-me-prijatelj-tamo-treba-dovesti-na-potpis-ugovora-u-gepeku\/#primaryimage"},"image":{"@id":"https:\/\/radioljubuski.ba\/index.php\/2021\/10\/16\/napadac-i-bilicev-miljenik-west-ham-mi-je-nalozio-da-me-prijatelj-tamo-treba-dovesti-na-potpis-ugovora-u-gepeku\/#primaryimage"},"thumbnailUrl":"https:\/\/radioljubuski.ba\/wp-content\/uploads\/2021\/10\/demba_ba-1024x549-1.jpg","datePublished":"2021-10-16T15:29:45+00:00","dateModified":"2021-10-16T15:29:46+00:00","breadcrumb":{"@id":"https:\/\/radioljubuski.ba\/index.php\/2021\/10\/16\/napadac-i-bilicev-miljenik-west-ham-mi-je-nalozio-da-me-prijatelj-tamo-treba-dovesti-na-potpis-ugovora-u-gepeku\/#breadcrumb"},"inLanguage":"hr","potentialAction":[{"@type":"ReadAction","target":["https:\/\/radioljubuski.ba\/index.php\/2021\/10\/16\/napadac-i-bilicev-miljenik-west-ham-mi-je-nalozio-da-me-prijatelj-tamo-treba-dovesti-na-potpis-ugovora-u-gepeku\/"]}]},{"@type":"ImageObject","inLanguage":"hr","@id":"https:\/\/radioljubuski.ba\/index.php\/2021\/10\/16\/napadac-i-bilicev-miljenik-west-ham-mi-je-nalozio-da-me-prijatelj-tamo-treba-dovesti-na-potpis-ugovora-u-gepeku\/#primaryimage","url":"https:\/\/radioljubuski.ba\/wp-content\/uploads\/2021\/10\/demba_ba-1024x549-1.jpg","contentUrl":"https:\/\/radioljubuski.ba\/wp-content\/uploads\/2021\/10\/demba_ba-1024x549-1.jpg","width":1024,"height":549,"caption":"epa04639077 Besiktas' Demba Ba reacts after missing a chance during the UEFA Europa League round of 32 soccer match between Besiktas Istanbul and Liverpool FC at the Ataturk Olimpiyat Stadium in Istanbul, Turkey, 26 February 2015. EPA\/TOLGA BOZOGLU"},{"@type":"BreadcrumbList","@id":"https:\/\/radioljubuski.ba\/index.php\/2021\/10\/16\/napadac-i-bilicev-miljenik-west-ham-mi-je-nalozio-da-me-prijatelj-tamo-treba-dovesti-na-potpis-ugovora-u-gepeku\/#breadcrumb","itemListElement":[{"@type":"ListItem","position":1,"name":"Po\u010detna stranica","item":"https:\/\/radioljubuski.ba\/"},{"@type":"ListItem","position":2,"name":"Napada\u010d i Bili\u0107ev miljenik: \u2018West Ham mi je nalo\u017eio da me prijatelj tamo treba dovesti na potpis ugovora u gepeku\u2019"}]},{"@type":"WebSite","@id":"https:\/\/radioljubuski.ba\/#website","url":"https:\/\/radioljubuski.ba\/","name":"Radio Ljubu\u0161ki","description":"Sun\u010dana frekvencija Hercegovine","publisher":{"@id":"https:\/\/radioljubuski.ba\/#organization"},"potentialAction":[{"@type":"SearchAction","target":{"@type":"EntryPoint","urlTemplate":"https:\/\/radioljubuski.ba\/?s={search_term_string}"},"query-input":{"@type":"PropertyValueSpecification","valueRequired":true,"valueName":"search_term_string"}}],"inLanguage":"hr"},{"@type":"Organization","@id":"https:\/\/radioljubuski.ba\/#organization","name":"Radio Ljubu\u0161ki","url":"https:\/\/radioljubuski.ba\/","logo":{"@type":"ImageObject","inLanguage":"hr","@id":"https:\/\/radioljubuski.ba\/#\/schema\/logo\/image\/","url":"https:\/\/radioljubuski.ba\/wp-content\/uploads\/2021\/02\/cropped-Radio_Ljubuski_logo1.jpg","contentUrl":"https:\/\/radioljubuski.ba\/wp-content\/uploads\/2021\/02\/cropped-Radio_Ljubuski_logo1.jpg","width":512,"height":512,"caption":"Radio Ljubu\u0161ki"},"image":{"@id":"https:\/\/radioljubuski.ba\/#\/schema\/logo\/image\/"},"sameAs":["https:\/\/www.facebook.com\/Radiio-Ljubuski-1490835324566332","https:\/\/x.com\/radioljubuski","https:\/\/hr.linkedin.com\/company\/radio-ljubuski","https:\/\/www.youtube.com\/channel\/UCHYaeO_n0Db3tjNGudGpXyw"]},{"@type":"Person","@id":"https:\/\/radioljubuski.ba\/#\/schema\/person\/19fc700381a780f69665d7956c469e3b","name":"Radio Ljubu\u0161ki"}]}},"_links":{"self":[{"href":"https:\/\/radioljubuski.ba\/index.php\/wp-json\/wp\/v2\/posts\/76528","targetHints":{"allow":["GET"]}}],"collection":[{"href":"https:\/\/radioljubuski.ba\/index.php\/wp-json\/wp\/v2\/posts"}],"about":[{"href":"https:\/\/radioljubuski.ba\/index.php\/wp-json\/wp\/v2\/types\/post"}],"author":[{"embeddable":true,"href":"https:\/\/radioljubuski.ba\/index.php\/wp-json\/wp\/v2\/users\/2"}],"replies":[{"embeddable":true,"href":"https:\/\/radioljubuski.ba\/index.php\/wp-json\/wp\/v2\/comments?post=76528"}],"version-history":[{"count":1,"href":"https:\/\/radioljubuski.ba\/index.php\/wp-json\/wp\/v2\/posts\/76528\/revisions"}],"predecessor-version":[{"id":76530,"href":"https:\/\/radioljubuski.ba\/index.php\/wp-json\/wp\/v2\/posts\/76528\/revisions\/76530"}],"wp:featuredmedia":[{"embeddable":true,"href":"https:\/\/radioljubuski.ba\/index.php\/wp-json\/wp\/v2\/media\/76529"}],"wp:attachment":[{"href":"https:\/\/radioljubuski.ba\/index.php\/wp-json\/wp\/v2\/media?parent=76528"}],"wp:term":[{"taxonomy":"category","embeddable":true,"href":"https:\/\/radioljubuski.ba\/index.php\/wp-json\/wp\/v2\/categories?post=76528"},{"taxonomy":"post_tag","embeddable":true,"href":"https:\/\/radioljubuski.ba\/index.php\/wp-json\/wp\/v2\/tags?post=76528"}],"curies":[{"name":"wp","href":"https:\/\/api.w.org\/{rel}","templated":true}]}}