{"id":76534,"date":"2021-10-16T16:32:25","date_gmt":"2021-10-16T15:32:25","guid":{"rendered":"https:\/\/radioljubuski.ba\/?p=76534"},"modified":"2021-10-16T16:32:25","modified_gmt":"2021-10-16T15:32:25","slug":"prof-hebrang-polako-se-planira-da-ljevica-opet-preuzme-hrvatsku","status":"publish","type":"post","link":"https:\/\/radioljubuski.ba\/index.php\/2021\/10\/16\/prof-hebrang-polako-se-planira-da-ljevica-opet-preuzme-hrvatsku\/","title":{"rendered":"Prof. Hebrang: Polako se planira da ljevica opet preuzme Hrvatsku"},"content":{"rendered":"\n<p>\u201c<strong>Polako se planira da ta ljevica opet preuzme Hrvatsku, tko to ne vidi taj je politi\u010dki kratkovidan.<\/strong>\u201c, upozorio je\u00a0<strong>prof. dr. sc. Andrija Hebrang<\/strong>, professor emeritus, nekada\u0161nji ministar zdravstva i Tu\u0111manov potpredsjednik HDZ-a, u emisiji Press klub Tihomira Dujmovi\u0107a na Z1 televiziji.<\/p>\n\n\n\n<iframe loading=\"lazy\" title=\"Hebrang\" width=\"640\" height=\"360\" src=\"https:\/\/www.youtube.com\/embed\/wa1Pttl4Utc?feature=oembed\" frameborder=\"0\" allow=\"accelerometer; autoplay; clipboard-write; encrypted-media; gyroscope; picture-in-picture; web-share\" referrerpolicy=\"strict-origin-when-cross-origin\" allowfullscreen><\/iframe>\n\n\n\n<p>\u201cI zato je odli\u010dan potez postaviti jednog Penavu, jer on je taj koji mo\u017ee stup desnice u\u010dvrstiti i koji mo\u017ee dignuti rejting te desnice i to iz vi\u0161e razloga. Prvo zato \u0161to ima pobjedni\u010dki mentalitet, vidimo da opet dobiva izbore, i to u Vukovaru. Drugo, \u010dovjek je izrazito domoljuban, ako u\u010dimo od velikih u\u010ditelja Europske unije i \u0161ire onda \u0107emo vidjeti da su oni svi u prvom redu domoljubi, a onda su tek onda globalisti. Za\u0161to smo mi prvo globalisti, a onda tek domoljubi? Penava je \u010dovjek koji to mo\u017ee promijeniti. On je \u010dovjek koji je po svom politi\u010dkom svjetonazoru suverenist, on gleda interes svog naroda. Pao je na ispitu u HDZ-u jer je tra\u017eio da se sudi srpskim zlo\u010dincima u Vukovaru. Pa zato \u0161to im nismo sudili sad nam se ponavlja ovo \u0161to Srbija radi. Polako opet plete mre\u017eu i kre\u0107e kao i prije devedesete\u201d, isti\u010de dr. Hebrang.<\/p>\n\n\n\n<p>\u201cI posljednja stvar o Penavi: Napokon jedan, u vrhu jedne stranke koji nije iz udbo-komunisti\u010dkih redova. Pa to je ono \u0161to je osvje\u017eenje za hrvatsku scenu\u201d, poru\u010dio je dr. Hebrang.<\/p>\n\n\n\n<p>U nizu aktualnih tema koje je Tihomir Dujmovi\u0107 analizirao i komentirao s dr. Hebrangom, u prvom redu je bila zastra\u0161uju\u0107a statistika o dnevnom broju od 13 branitelja koliko ih svakodnevno umire, pa unato\u010d tome ministarstvo branitelja ne poduzima adekvatne mjere, ba\u0161 kao ni ministarstvo zdravstva! Komentirali su i dolazak Ivana Penave na \u010delo Domovinskog pokreta, raspad SDP-a, te unutarstrana\u010dke izbore u HDZ-u.<\/p>\n\n\n\n<p><em>Izvor: narod.hr<\/em><\/p>\n","protected":false},"excerpt":{"rendered":"<p>\u201cPolako se planira da ta ljevica opet preuzme Hrvatsku, tko to ne vidi taj je politi\u010dki kratkovidan.\u201c, upozorio je\u00a0prof. dr. sc. Andrija Hebrang, professor emeritus, nekada\u0161nji ministar zdravstva i Tu\u0111manov potpredsjednik HDZ-a, u emisiji Press klub Tihomira Dujmovi\u0107a na Z1 televiziji. \u201cI zato je odli\u010dan potez postaviti jednog Penavu, jer on je taj koji mo\u017ee [&hellip;]<\/p>\n","protected":false},"author":2,"featured_media":76535,"comment_status":"closed","ping_status":"closed","sticky":false,"template":"","format":"standard","meta":{"h5ap_radio_sources":[],"footnotes":""},"categories":[1],"tags":[],"class_list":["post-76534","post","type-post","status-publish","format-standard","has-post-thumbnail","hentry","category-bihiregija"],"yoast_head":"<!-- This site is optimized with the Yoast SEO plugin v27.4 - https:\/\/yoast.com\/product\/yoast-seo-wordpress\/ -->\n<title>Prof. Hebrang: Polako se planira da ljevica opet preuzme Hrvatsku - RADIO LJUBU\u0160KI<\/title>\n<meta name=\"robots\" content=\"index, follow, max-snippet:-1, max-image-preview:large, max-video-preview:-1\" \/>\n<link rel=\"canonical\" href=\"https:\/\/radioljubuski.ba\/index.php\/2021\/10\/16\/prof-hebrang-polako-se-planira-da-ljevica-opet-preuzme-hrvatsku\/\" \/>\n<meta property=\"og:locale\" content=\"hr_HR\" \/>\n<meta property=\"og:type\" content=\"article\" \/>\n<meta property=\"og:title\" content=\"Prof. Hebrang: Polako se planira da ljevica opet preuzme Hrvatsku - RADIO LJUBU\u0160KI\" \/>\n<meta property=\"og:description\" content=\"\u201cPolako se planira da ta ljevica opet preuzme Hrvatsku, tko to ne vidi taj je politi\u010dki kratkovidan.\u201c, upozorio je\u00a0prof. dr. sc. Andrija Hebrang, professor emeritus, nekada\u0161nji ministar zdravstva i Tu\u0111manov potpredsjednik HDZ-a, u emisiji Press klub Tihomira Dujmovi\u0107a na Z1 televiziji. \u201cI zato je odli\u010dan potez postaviti jednog Penavu, jer on je taj koji mo\u017ee [&hellip;]\" \/>\n<meta property=\"og:url\" content=\"https:\/\/radioljubuski.ba\/index.php\/2021\/10\/16\/prof-hebrang-polako-se-planira-da-ljevica-opet-preuzme-hrvatsku\/\" \/>\n<meta property=\"og:site_name\" content=\"RADIO LJUBU\u0160KI\" \/>\n<meta property=\"article:publisher\" content=\"https:\/\/www.facebook.com\/Radiio-Ljubuski-1490835324566332\" \/>\n<meta property=\"article:published_time\" content=\"2021-10-16T15:32:25+00:00\" \/>\n<meta property=\"og:image\" content=\"https:\/\/radioljubuski.ba\/wp-content\/uploads\/2021\/10\/andrija-hebrang-696x470-1.jpg\" \/>\n\t<meta property=\"og:image:width\" content=\"696\" \/>\n\t<meta property=\"og:image:height\" content=\"470\" \/>\n\t<meta property=\"og:image:type\" content=\"image\/jpeg\" \/>\n<meta name=\"author\" content=\"Radio Ljubu\u0161ki\" \/>\n<meta name=\"twitter:card\" content=\"summary_large_image\" \/>\n<meta name=\"twitter:creator\" content=\"@radioljubuski\" \/>\n<meta name=\"twitter:site\" content=\"@radioljubuski\" \/>\n<meta name=\"twitter:label1\" content=\"Napisao\/la\" \/>\n\t<meta name=\"twitter:data1\" content=\"Radio Ljubu\u0161ki\" \/>\n\t<meta name=\"twitter:label2\" content=\"Procijenjeno vrijeme \u010ditanja\" \/>\n\t<meta name=\"twitter:data2\" content=\"2 minute\" \/>\n<script type=\"application\/ld+json\" class=\"yoast-schema-graph\">{\"@context\":\"https:\\\/\\\/schema.org\",\"@graph\":[{\"@type\":\"Article\",\"@id\":\"https:\\\/\\\/radioljubuski.ba\\\/index.php\\\/2021\\\/10\\\/16\\\/prof-hebrang-polako-se-planira-da-ljevica-opet-preuzme-hrvatsku\\\/#article\",\"isPartOf\":{\"@id\":\"https:\\\/\\\/radioljubuski.ba\\\/index.php\\\/2021\\\/10\\\/16\\\/prof-hebrang-polako-se-planira-da-ljevica-opet-preuzme-hrvatsku\\\/\"},\"author\":{\"name\":\"Radio Ljubu\u0161ki\",\"@id\":\"https:\\\/\\\/radioljubuski.ba\\\/#\\\/schema\\\/person\\\/19fc700381a780f69665d7956c469e3b\"},\"headline\":\"Prof. Hebrang: Polako se planira da ljevica opet preuzme Hrvatsku\",\"datePublished\":\"2021-10-16T15:32:25+00:00\",\"mainEntityOfPage\":{\"@id\":\"https:\\\/\\\/radioljubuski.ba\\\/index.php\\\/2021\\\/10\\\/16\\\/prof-hebrang-polako-se-planira-da-ljevica-opet-preuzme-hrvatsku\\\/\"},\"wordCount\":330,\"publisher\":{\"@id\":\"https:\\\/\\\/radioljubuski.ba\\\/#organization\"},\"image\":{\"@id\":\"https:\\\/\\\/radioljubuski.ba\\\/index.php\\\/2021\\\/10\\\/16\\\/prof-hebrang-polako-se-planira-da-ljevica-opet-preuzme-hrvatsku\\\/#primaryimage\"},\"thumbnailUrl\":\"https:\\\/\\\/radioljubuski.ba\\\/wp-content\\\/uploads\\\/2021\\\/10\\\/andrija-hebrang-696x470-1.jpg\",\"articleSection\":[\"BIH i regija\"],\"inLanguage\":\"hr\"},{\"@type\":\"WebPage\",\"@id\":\"https:\\\/\\\/radioljubuski.ba\\\/index.php\\\/2021\\\/10\\\/16\\\/prof-hebrang-polako-se-planira-da-ljevica-opet-preuzme-hrvatsku\\\/\",\"url\":\"https:\\\/\\\/radioljubuski.ba\\\/index.php\\\/2021\\\/10\\\/16\\\/prof-hebrang-polako-se-planira-da-ljevica-opet-preuzme-hrvatsku\\\/\",\"name\":\"Prof. Hebrang: Polako se planira da ljevica opet preuzme Hrvatsku - RADIO LJUBU\u0160KI\",\"isPartOf\":{\"@id\":\"https:\\\/\\\/radioljubuski.ba\\\/#website\"},\"primaryImageOfPage\":{\"@id\":\"https:\\\/\\\/radioljubuski.ba\\\/index.php\\\/2021\\\/10\\\/16\\\/prof-hebrang-polako-se-planira-da-ljevica-opet-preuzme-hrvatsku\\\/#primaryimage\"},\"image\":{\"@id\":\"https:\\\/\\\/radioljubuski.ba\\\/index.php\\\/2021\\\/10\\\/16\\\/prof-hebrang-polako-se-planira-da-ljevica-opet-preuzme-hrvatsku\\\/#primaryimage\"},\"thumbnailUrl\":\"https:\\\/\\\/radioljubuski.ba\\\/wp-content\\\/uploads\\\/2021\\\/10\\\/andrija-hebrang-696x470-1.jpg\",\"datePublished\":\"2021-10-16T15:32:25+00:00\",\"breadcrumb\":{\"@id\":\"https:\\\/\\\/radioljubuski.ba\\\/index.php\\\/2021\\\/10\\\/16\\\/prof-hebrang-polako-se-planira-da-ljevica-opet-preuzme-hrvatsku\\\/#breadcrumb\"},\"inLanguage\":\"hr\",\"potentialAction\":[{\"@type\":\"ReadAction\",\"target\":[\"https:\\\/\\\/radioljubuski.ba\\\/index.php\\\/2021\\\/10\\\/16\\\/prof-hebrang-polako-se-planira-da-ljevica-opet-preuzme-hrvatsku\\\/\"]}]},{\"@type\":\"ImageObject\",\"inLanguage\":\"hr\",\"@id\":\"https:\\\/\\\/radioljubuski.ba\\\/index.php\\\/2021\\\/10\\\/16\\\/prof-hebrang-polako-se-planira-da-ljevica-opet-preuzme-hrvatsku\\\/#primaryimage\",\"url\":\"https:\\\/\\\/radioljubuski.ba\\\/wp-content\\\/uploads\\\/2021\\\/10\\\/andrija-hebrang-696x470-1.jpg\",\"contentUrl\":\"https:\\\/\\\/radioljubuski.ba\\\/wp-content\\\/uploads\\\/2021\\\/10\\\/andrija-hebrang-696x470-1.jpg\",\"width\":696,\"height\":470},{\"@type\":\"BreadcrumbList\",\"@id\":\"https:\\\/\\\/radioljubuski.ba\\\/index.php\\\/2021\\\/10\\\/16\\\/prof-hebrang-polako-se-planira-da-ljevica-opet-preuzme-hrvatsku\\\/#breadcrumb\",\"itemListElement\":[{\"@type\":\"ListItem\",\"position\":1,\"name\":\"Po\u010detna stranica\",\"item\":\"https:\\\/\\\/radioljubuski.ba\\\/\"},{\"@type\":\"ListItem\",\"position\":2,\"name\":\"Prof. Hebrang: Polako se planira da ljevica opet preuzme Hrvatsku\"}]},{\"@type\":\"WebSite\",\"@id\":\"https:\\\/\\\/radioljubuski.ba\\\/#website\",\"url\":\"https:\\\/\\\/radioljubuski.ba\\\/\",\"name\":\"Radio Ljubu\u0161ki\",\"description\":\"Sun\u010dana frekvencija Hercegovine\",\"publisher\":{\"@id\":\"https:\\\/\\\/radioljubuski.ba\\\/#organization\"},\"potentialAction\":[{\"@type\":\"SearchAction\",\"target\":{\"@type\":\"EntryPoint\",\"urlTemplate\":\"https:\\\/\\\/radioljubuski.ba\\\/?s={search_term_string}\"},\"query-input\":{\"@type\":\"PropertyValueSpecification\",\"valueRequired\":true,\"valueName\":\"search_term_string\"}}],\"inLanguage\":\"hr\"},{\"@type\":\"Organization\",\"@id\":\"https:\\\/\\\/radioljubuski.ba\\\/#organization\",\"name\":\"Radio Ljubu\u0161ki\",\"url\":\"https:\\\/\\\/radioljubuski.ba\\\/\",\"logo\":{\"@type\":\"ImageObject\",\"inLanguage\":\"hr\",\"@id\":\"https:\\\/\\\/radioljubuski.ba\\\/#\\\/schema\\\/logo\\\/image\\\/\",\"url\":\"https:\\\/\\\/radioljubuski.ba\\\/wp-content\\\/uploads\\\/2021\\\/02\\\/cropped-Radio_Ljubuski_logo1.jpg\",\"contentUrl\":\"https:\\\/\\\/radioljubuski.ba\\\/wp-content\\\/uploads\\\/2021\\\/02\\\/cropped-Radio_Ljubuski_logo1.jpg\",\"width\":512,\"height\":512,\"caption\":\"Radio Ljubu\u0161ki\"},\"image\":{\"@id\":\"https:\\\/\\\/radioljubuski.ba\\\/#\\\/schema\\\/logo\\\/image\\\/\"},\"sameAs\":[\"https:\\\/\\\/www.facebook.com\\\/Radiio-Ljubuski-1490835324566332\",\"https:\\\/\\\/x.com\\\/radioljubuski\",\"https:\\\/\\\/hr.linkedin.com\\\/company\\\/radio-ljubuski\",\"https:\\\/\\\/www.youtube.com\\\/channel\\\/UCHYaeO_n0Db3tjNGudGpXyw\"]},{\"@type\":\"Person\",\"@id\":\"https:\\\/\\\/radioljubuski.ba\\\/#\\\/schema\\\/person\\\/19fc700381a780f69665d7956c469e3b\",\"name\":\"Radio Ljubu\u0161ki\"}]}<\/script>\n<!-- \/ Yoast SEO plugin. -->","yoast_head_json":{"title":"Prof. Hebrang: Polako se planira da ljevica opet preuzme Hrvatsku - RADIO LJUBU\u0160KI","robots":{"index":"index","follow":"follow","max-snippet":"max-snippet:-1","max-image-preview":"max-image-preview:large","max-video-preview":"max-video-preview:-1"},"canonical":"https:\/\/radioljubuski.ba\/index.php\/2021\/10\/16\/prof-hebrang-polako-se-planira-da-ljevica-opet-preuzme-hrvatsku\/","og_locale":"hr_HR","og_type":"article","og_title":"Prof. Hebrang: Polako se planira da ljevica opet preuzme Hrvatsku - RADIO LJUBU\u0160KI","og_description":"\u201cPolako se planira da ta ljevica opet preuzme Hrvatsku, tko to ne vidi taj je politi\u010dki kratkovidan.\u201c, upozorio je\u00a0prof. dr. sc. Andrija Hebrang, professor emeritus, nekada\u0161nji ministar zdravstva i Tu\u0111manov potpredsjednik HDZ-a, u emisiji Press klub Tihomira Dujmovi\u0107a na Z1 televiziji. \u201cI zato je odli\u010dan potez postaviti jednog Penavu, jer on je taj koji mo\u017ee [&hellip;]","og_url":"https:\/\/radioljubuski.ba\/index.php\/2021\/10\/16\/prof-hebrang-polako-se-planira-da-ljevica-opet-preuzme-hrvatsku\/","og_site_name":"RADIO LJUBU\u0160KI","article_publisher":"https:\/\/www.facebook.com\/Radiio-Ljubuski-1490835324566332","article_published_time":"2021-10-16T15:32:25+00:00","og_image":[{"width":696,"height":470,"url":"https:\/\/radioljubuski.ba\/wp-content\/uploads\/2021\/10\/andrija-hebrang-696x470-1.jpg","type":"image\/jpeg"}],"author":"Radio Ljubu\u0161ki","twitter_card":"summary_large_image","twitter_creator":"@radioljubuski","twitter_site":"@radioljubuski","twitter_misc":{"Napisao\/la":"Radio Ljubu\u0161ki","Procijenjeno vrijeme \u010ditanja":"2 minute"},"schema":{"@context":"https:\/\/schema.org","@graph":[{"@type":"Article","@id":"https:\/\/radioljubuski.ba\/index.php\/2021\/10\/16\/prof-hebrang-polako-se-planira-da-ljevica-opet-preuzme-hrvatsku\/#article","isPartOf":{"@id":"https:\/\/radioljubuski.ba\/index.php\/2021\/10\/16\/prof-hebrang-polako-se-planira-da-ljevica-opet-preuzme-hrvatsku\/"},"author":{"name":"Radio Ljubu\u0161ki","@id":"https:\/\/radioljubuski.ba\/#\/schema\/person\/19fc700381a780f69665d7956c469e3b"},"headline":"Prof. Hebrang: Polako se planira da ljevica opet preuzme Hrvatsku","datePublished":"2021-10-16T15:32:25+00:00","mainEntityOfPage":{"@id":"https:\/\/radioljubuski.ba\/index.php\/2021\/10\/16\/prof-hebrang-polako-se-planira-da-ljevica-opet-preuzme-hrvatsku\/"},"wordCount":330,"publisher":{"@id":"https:\/\/radioljubuski.ba\/#organization"},"image":{"@id":"https:\/\/radioljubuski.ba\/index.php\/2021\/10\/16\/prof-hebrang-polako-se-planira-da-ljevica-opet-preuzme-hrvatsku\/#primaryimage"},"thumbnailUrl":"https:\/\/radioljubuski.ba\/wp-content\/uploads\/2021\/10\/andrija-hebrang-696x470-1.jpg","articleSection":["BIH i regija"],"inLanguage":"hr"},{"@type":"WebPage","@id":"https:\/\/radioljubuski.ba\/index.php\/2021\/10\/16\/prof-hebrang-polako-se-planira-da-ljevica-opet-preuzme-hrvatsku\/","url":"https:\/\/radioljubuski.ba\/index.php\/2021\/10\/16\/prof-hebrang-polako-se-planira-da-ljevica-opet-preuzme-hrvatsku\/","name":"Prof. Hebrang: Polako se planira da ljevica opet preuzme Hrvatsku - RADIO LJUBU\u0160KI","isPartOf":{"@id":"https:\/\/radioljubuski.ba\/#website"},"primaryImageOfPage":{"@id":"https:\/\/radioljubuski.ba\/index.php\/2021\/10\/16\/prof-hebrang-polako-se-planira-da-ljevica-opet-preuzme-hrvatsku\/#primaryimage"},"image":{"@id":"https:\/\/radioljubuski.ba\/index.php\/2021\/10\/16\/prof-hebrang-polako-se-planira-da-ljevica-opet-preuzme-hrvatsku\/#primaryimage"},"thumbnailUrl":"https:\/\/radioljubuski.ba\/wp-content\/uploads\/2021\/10\/andrija-hebrang-696x470-1.jpg","datePublished":"2021-10-16T15:32:25+00:00","breadcrumb":{"@id":"https:\/\/radioljubuski.ba\/index.php\/2021\/10\/16\/prof-hebrang-polako-se-planira-da-ljevica-opet-preuzme-hrvatsku\/#breadcrumb"},"inLanguage":"hr","potentialAction":[{"@type":"ReadAction","target":["https:\/\/radioljubuski.ba\/index.php\/2021\/10\/16\/prof-hebrang-polako-se-planira-da-ljevica-opet-preuzme-hrvatsku\/"]}]},{"@type":"ImageObject","inLanguage":"hr","@id":"https:\/\/radioljubuski.ba\/index.php\/2021\/10\/16\/prof-hebrang-polako-se-planira-da-ljevica-opet-preuzme-hrvatsku\/#primaryimage","url":"https:\/\/radioljubuski.ba\/wp-content\/uploads\/2021\/10\/andrija-hebrang-696x470-1.jpg","contentUrl":"https:\/\/radioljubuski.ba\/wp-content\/uploads\/2021\/10\/andrija-hebrang-696x470-1.jpg","width":696,"height":470},{"@type":"BreadcrumbList","@id":"https:\/\/radioljubuski.ba\/index.php\/2021\/10\/16\/prof-hebrang-polako-se-planira-da-ljevica-opet-preuzme-hrvatsku\/#breadcrumb","itemListElement":[{"@type":"ListItem","position":1,"name":"Po\u010detna stranica","item":"https:\/\/radioljubuski.ba\/"},{"@type":"ListItem","position":2,"name":"Prof. Hebrang: Polako se planira da ljevica opet preuzme Hrvatsku"}]},{"@type":"WebSite","@id":"https:\/\/radioljubuski.ba\/#website","url":"https:\/\/radioljubuski.ba\/","name":"Radio Ljubu\u0161ki","description":"Sun\u010dana frekvencija Hercegovine","publisher":{"@id":"https:\/\/radioljubuski.ba\/#organization"},"potentialAction":[{"@type":"SearchAction","target":{"@type":"EntryPoint","urlTemplate":"https:\/\/radioljubuski.ba\/?s={search_term_string}"},"query-input":{"@type":"PropertyValueSpecification","valueRequired":true,"valueName":"search_term_string"}}],"inLanguage":"hr"},{"@type":"Organization","@id":"https:\/\/radioljubuski.ba\/#organization","name":"Radio Ljubu\u0161ki","url":"https:\/\/radioljubuski.ba\/","logo":{"@type":"ImageObject","inLanguage":"hr","@id":"https:\/\/radioljubuski.ba\/#\/schema\/logo\/image\/","url":"https:\/\/radioljubuski.ba\/wp-content\/uploads\/2021\/02\/cropped-Radio_Ljubuski_logo1.jpg","contentUrl":"https:\/\/radioljubuski.ba\/wp-content\/uploads\/2021\/02\/cropped-Radio_Ljubuski_logo1.jpg","width":512,"height":512,"caption":"Radio Ljubu\u0161ki"},"image":{"@id":"https:\/\/radioljubuski.ba\/#\/schema\/logo\/image\/"},"sameAs":["https:\/\/www.facebook.com\/Radiio-Ljubuski-1490835324566332","https:\/\/x.com\/radioljubuski","https:\/\/hr.linkedin.com\/company\/radio-ljubuski","https:\/\/www.youtube.com\/channel\/UCHYaeO_n0Db3tjNGudGpXyw"]},{"@type":"Person","@id":"https:\/\/radioljubuski.ba\/#\/schema\/person\/19fc700381a780f69665d7956c469e3b","name":"Radio Ljubu\u0161ki"}]}},"_links":{"self":[{"href":"https:\/\/radioljubuski.ba\/index.php\/wp-json\/wp\/v2\/posts\/76534","targetHints":{"allow":["GET"]}}],"collection":[{"href":"https:\/\/radioljubuski.ba\/index.php\/wp-json\/wp\/v2\/posts"}],"about":[{"href":"https:\/\/radioljubuski.ba\/index.php\/wp-json\/wp\/v2\/types\/post"}],"author":[{"embeddable":true,"href":"https:\/\/radioljubuski.ba\/index.php\/wp-json\/wp\/v2\/users\/2"}],"replies":[{"embeddable":true,"href":"https:\/\/radioljubuski.ba\/index.php\/wp-json\/wp\/v2\/comments?post=76534"}],"version-history":[{"count":1,"href":"https:\/\/radioljubuski.ba\/index.php\/wp-json\/wp\/v2\/posts\/76534\/revisions"}],"predecessor-version":[{"id":76536,"href":"https:\/\/radioljubuski.ba\/index.php\/wp-json\/wp\/v2\/posts\/76534\/revisions\/76536"}],"wp:featuredmedia":[{"embeddable":true,"href":"https:\/\/radioljubuski.ba\/index.php\/wp-json\/wp\/v2\/media\/76535"}],"wp:attachment":[{"href":"https:\/\/radioljubuski.ba\/index.php\/wp-json\/wp\/v2\/media?parent=76534"}],"wp:term":[{"taxonomy":"category","embeddable":true,"href":"https:\/\/radioljubuski.ba\/index.php\/wp-json\/wp\/v2\/categories?post=76534"},{"taxonomy":"post_tag","embeddable":true,"href":"https:\/\/radioljubuski.ba\/index.php\/wp-json\/wp\/v2\/tags?post=76534"}],"curies":[{"name":"wp","href":"https:\/\/api.w.org\/{rel}","templated":true}]}}