{"id":76541,"date":"2021-10-16T16:38:44","date_gmt":"2021-10-16T15:38:44","guid":{"rendered":"https:\/\/radioljubuski.ba\/?p=76541"},"modified":"2021-10-16T16:38:46","modified_gmt":"2021-10-16T15:38:46","slug":"u-hrvatskoj-1947-novih-slucajeva-zaraze-beros-i-dalje-bitku-gube-necijepljeni","status":"publish","type":"post","link":"https:\/\/radioljubuski.ba\/index.php\/2021\/10\/16\/u-hrvatskoj-1947-novih-slucajeva-zaraze-beros-i-dalje-bitku-gube-necijepljeni\/","title":{"rendered":"U Hrvatskoj 1947 novih slu\u010dajeva zaraze, Bero\u0161: I dalje bitku gube necijepljeni"},"content":{"rendered":"\n<p><strong>U posljednja 24 sata zabilje\u017eeno je 1947 novih slu\u010dajeva zaraze koronavirusom. Na bolni\u010dkom lije\u010denju je 871 pacijent, na respiratoru njih 114. Preminulo je 15 osoba.<\/strong><\/p>\n\n\n\n<p>Ministra\u00a0<strong>Davora Bo\u017einovi\u0107a\u00a0<\/strong>brojke nisu iznenadile.\u00a0<br><br>&#8211; To je ono \u0161to govorimo, da s hladnijim vremenom ljudi \u0107e sve vi\u0161e boraviti u zatvorenom prostoru. Ukoliko se radi o ve\u0107im skupinama, ukoliko se ne prozra\u010duju ti prostori, da se du\u017ee ostane u tim prostorima, to su sve pogodnosti za virus da se \u0161iri i to se na\u017ealost doga\u0111a, rekao je.<\/p>\n\n\n\n<div style=\"width: 640px;\" class=\"wp-video\"><video class=\"wp-video-shortcode\" id=\"video-76541-1\" width=\"640\" height=\"360\" preload=\"metadata\" controls=\"controls\"><source type=\"video\/mp4\" src=\"https:\/\/api.hrt.hr\/media\/ec\/6a\/v13-161021-tonbozinovic-20211016121145.mp4?_=1\" \/><a href=\"https:\/\/api.hrt.hr\/media\/ec\/6a\/v13-161021-tonbozinovic-20211016121145.mp4\">https:\/\/api.hrt.hr\/media\/ec\/6a\/v13-161021-tonbozinovic-20211016121145.mp4<\/a><\/video><\/div>\n\n\n\n<p>Na Twitteru se oglasio ministar zdravstva\u00a0<strong>Vili Bero\u0161<\/strong>.<\/p>\n\n\n\n<blockquote class=\"twitter-tweet\"><p lang=\"und\" dir=\"ltr\">Na 600. dan otkako se suo\u010davamo s najve\u0107om zdravstvenom krizom, klju\u010dno je o\u010duvati jedinstvo, odgovornost i pribranost. Danas, kada imamo u rukama najbolje oru\u017eje &#8211; cjepivo protiv <a href=\"https:\/\/twitter.com\/hashtag\/COVID19?src=hash&amp;ref_src=twsrc%5Etfw\">#COVID19<\/a> manji je broj oboljelih, ali i dalje gube bitku necijepljeni. \ud83c\udded\ud83c\uddf7 zna i mo\u017ee bolje!<\/p>&mdash; Vili Bero\u0161 (@ViliBeros) <a href=\"https:\/\/twitter.com\/ViliBeros\/status\/1449298433278414849?ref_src=twsrc%5Etfw\">October 16, 2021<\/a><\/blockquote> <script async src=\"https:\/\/platform.twitter.com\/widgets.js\" charset=\"utf-8\"><\/script>\n\n\n\n<p>Prema dnevnom izvje\u0161\u0107u \u017eupanijskog Sto\u017eera, tijekom protekla 24 sata u \u017eupanijskom Nastavnom zavodu za javno zdravstvo ispitano je 285 uzoraka briseva na COVID-19 te je potvr\u0111eno 28 novozara\u017eenih osoba u Istri.<br><br>U me\u0111uvremenu od ju\u010der oporavilo se devet osoba pa je trenutno u Istarskoj \u017eupaniji 124 zara\u017eenih koronavirusom. U mjerama samoizolacije nalazi se 676 osoba, dok su u pulskoj Op\u0107oj bolnici, na Odjelu za infektologiju, na lije\u010denju 22 osobe.<br><br>Sto\u017eer civilne za\u0161tite Istarske \u017eupanije stoga je jo\u0161 jednom pozvao sve zainteresirane odrasle osobe, koje se nisu jo\u0161 cijepile protiv Covida-19 da pristupe cijepljenju bez zakazanog termina. Cijepljenje bez zakazanog termina bit \u0107e od ponedjeljka, 18. listopada, u Buzetu, Labinu, Pazinu, Pore\u010du, Medulinu, Puli, Rovinju i Umagu. Kako navode iz Sto\u017eera, cijepiti se mogu samo osobe koje do sada nisu cijepljene, a na cijepljenje je potrebno donijeti osobnu iskaznicu i karticu zdravstvenog osiguranja.<\/p>\n\n\n\n<p>Pristi\u017eu i podaci lokalnih sto\u017eera o stanju u posljednjih 24 sata:<br><br>\u25cf U Sisa\u010dko-moslava\u010dkoj \u017eupaniji 33 novozara\u017eenih<br><br>\u25cf Koprivni\u010dko-kri\u017eeva\u010dka \u017eupanija: 53 nova slu\u010daja zaraze koronavirusom<br><br>\u25cf U Istri 28 novozara\u017eenih koronavirusom, Sto\u017eer poziva na cijepljenje<br><br>\u25cf&nbsp;U Vara\u017edinskoj \u017eupaniji 93 novozara\u017eene osobe<br><br>\u25cf Zagreba\u010dka \u017eupanija: 167 novih slu\u010dajeva zaraze<br><br>\u25cf U Osje\u010dko-baranjskoj \u017eupaniji 93 novozara\u017eene osobe, jedna umrla<br><br>\u25cf U Me\u0111imurskoj \u017eupaniji 26 novozara\u017eenih<br><br>\u25cf&nbsp; BB\u017d: 75 novozara\u017eenih osoba koronavirusom<br><br>\u25cf&nbsp; PG\u017d: 196 novooboljelih od covida-19, jedna osoba umrla<br><br>\u25cf U Zagrebu 423 nova slu\u010daja zaraze koronavirusom<br><br><strong>\u25cf&nbsp;<\/strong>U Krapinsko-zagorskoj \u017eupaniji 44 nova slu\u010daja zaraze, jedna osoba umrla<br><br>\u25cf U Brodsko-posavskoj \u017eupaniji 61 novooboljeli od covida-19<br><br>\u25cf U Zadarskoj \u017eupaniji 67 novih slu\u010dajeva zaraze<\/p>\n\n\n\n<p>Izvor:hrt.hr<\/p>\n","protected":false},"excerpt":{"rendered":"<p>U posljednja 24 sata zabilje\u017eeno je 1947 novih slu\u010dajeva zaraze koronavirusom. Na bolni\u010dkom lije\u010denju je 871 pacijent, na respiratoru njih 114. Preminulo je 15 osoba. Ministra\u00a0Davora Bo\u017einovi\u0107a\u00a0brojke nisu iznenadile.\u00a0 &#8211; To je ono \u0161to govorimo, da s hladnijim vremenom ljudi \u0107e sve vi\u0161e boraviti u zatvorenom prostoru. Ukoliko se radi o ve\u0107im skupinama, ukoliko se [&hellip;]<\/p>\n","protected":false},"author":2,"featured_media":76542,"comment_status":"closed","ping_status":"closed","sticky":false,"template":"","format":"standard","meta":{"h5ap_radio_sources":[],"footnotes":""},"categories":[1],"tags":[],"class_list":["post-76541","post","type-post","status-publish","format-standard","has-post-thumbnail","hentry","category-bihiregija"],"yoast_head":"<!-- This site is optimized with the Yoast SEO plugin v27.4 - https:\/\/yoast.com\/product\/yoast-seo-wordpress\/ -->\n<title>U Hrvatskoj 1947 novih slu\u010dajeva zaraze, Bero\u0161: I dalje bitku gube necijepljeni - RADIO LJUBU\u0160KI<\/title>\n<meta name=\"robots\" content=\"index, follow, max-snippet:-1, max-image-preview:large, max-video-preview:-1\" \/>\n<link rel=\"canonical\" href=\"https:\/\/radioljubuski.ba\/index.php\/2021\/10\/16\/u-hrvatskoj-1947-novih-slucajeva-zaraze-beros-i-dalje-bitku-gube-necijepljeni\/\" \/>\n<meta property=\"og:locale\" content=\"hr_HR\" \/>\n<meta property=\"og:type\" content=\"article\" \/>\n<meta property=\"og:title\" content=\"U Hrvatskoj 1947 novih slu\u010dajeva zaraze, Bero\u0161: I dalje bitku gube necijepljeni - RADIO LJUBU\u0160KI\" \/>\n<meta property=\"og:description\" content=\"U posljednja 24 sata zabilje\u017eeno je 1947 novih slu\u010dajeva zaraze koronavirusom. Na bolni\u010dkom lije\u010denju je 871 pacijent, na respiratoru njih 114. Preminulo je 15 osoba. Ministra\u00a0Davora Bo\u017einovi\u0107a\u00a0brojke nisu iznenadile.\u00a0 &#8211; To je ono \u0161to govorimo, da s hladnijim vremenom ljudi \u0107e sve vi\u0161e boraviti u zatvorenom prostoru. Ukoliko se radi o ve\u0107im skupinama, ukoliko se [&hellip;]\" \/>\n<meta property=\"og:url\" content=\"https:\/\/radioljubuski.ba\/index.php\/2021\/10\/16\/u-hrvatskoj-1947-novih-slucajeva-zaraze-beros-i-dalje-bitku-gube-necijepljeni\/\" \/>\n<meta property=\"og:site_name\" content=\"RADIO LJUBU\u0160KI\" \/>\n<meta property=\"article:publisher\" content=\"https:\/\/www.facebook.com\/Radiio-Ljubuski-1490835324566332\" \/>\n<meta property=\"article:published_time\" content=\"2021-10-16T15:38:44+00:00\" \/>\n<meta property=\"article:modified_time\" content=\"2021-10-16T15:38:46+00:00\" \/>\n<meta property=\"og:image\" content=\"https:\/\/radioljubuski.ba\/wp-content\/uploads\/2021\/10\/viliberostwitter-20211016114109.jpg\" \/>\n\t<meta property=\"og:image:width\" content=\"1000\" \/>\n\t<meta property=\"og:image:height\" content=\"667\" \/>\n\t<meta property=\"og:image:type\" content=\"image\/jpeg\" \/>\n<meta name=\"author\" content=\"Radio Ljubu\u0161ki\" \/>\n<meta name=\"twitter:card\" content=\"summary_large_image\" \/>\n<meta name=\"twitter:creator\" content=\"@radioljubuski\" \/>\n<meta name=\"twitter:site\" content=\"@radioljubuski\" \/>\n<meta name=\"twitter:label1\" content=\"Napisao\/la\" \/>\n\t<meta name=\"twitter:data1\" content=\"Radio Ljubu\u0161ki\" \/>\n\t<meta name=\"twitter:label2\" content=\"Procijenjeno vrijeme \u010ditanja\" \/>\n\t<meta name=\"twitter:data2\" content=\"2 minute\" \/>\n<script type=\"application\/ld+json\" class=\"yoast-schema-graph\">{\"@context\":\"https:\\\/\\\/schema.org\",\"@graph\":[{\"@type\":\"Article\",\"@id\":\"https:\\\/\\\/radioljubuski.ba\\\/index.php\\\/2021\\\/10\\\/16\\\/u-hrvatskoj-1947-novih-slucajeva-zaraze-beros-i-dalje-bitku-gube-necijepljeni\\\/#article\",\"isPartOf\":{\"@id\":\"https:\\\/\\\/radioljubuski.ba\\\/index.php\\\/2021\\\/10\\\/16\\\/u-hrvatskoj-1947-novih-slucajeva-zaraze-beros-i-dalje-bitku-gube-necijepljeni\\\/\"},\"author\":{\"name\":\"Radio Ljubu\u0161ki\",\"@id\":\"https:\\\/\\\/radioljubuski.ba\\\/#\\\/schema\\\/person\\\/19fc700381a780f69665d7956c469e3b\"},\"headline\":\"U Hrvatskoj 1947 novih slu\u010dajeva zaraze, Bero\u0161: I dalje bitku gube necijepljeni\",\"datePublished\":\"2021-10-16T15:38:44+00:00\",\"dateModified\":\"2021-10-16T15:38:46+00:00\",\"mainEntityOfPage\":{\"@id\":\"https:\\\/\\\/radioljubuski.ba\\\/index.php\\\/2021\\\/10\\\/16\\\/u-hrvatskoj-1947-novih-slucajeva-zaraze-beros-i-dalje-bitku-gube-necijepljeni\\\/\"},\"wordCount\":439,\"publisher\":{\"@id\":\"https:\\\/\\\/radioljubuski.ba\\\/#organization\"},\"image\":{\"@id\":\"https:\\\/\\\/radioljubuski.ba\\\/index.php\\\/2021\\\/10\\\/16\\\/u-hrvatskoj-1947-novih-slucajeva-zaraze-beros-i-dalje-bitku-gube-necijepljeni\\\/#primaryimage\"},\"thumbnailUrl\":\"https:\\\/\\\/radioljubuski.ba\\\/wp-content\\\/uploads\\\/2021\\\/10\\\/viliberostwitter-20211016114109.jpg\",\"articleSection\":[\"BIH i regija\"],\"inLanguage\":\"hr\"},{\"@type\":\"WebPage\",\"@id\":\"https:\\\/\\\/radioljubuski.ba\\\/index.php\\\/2021\\\/10\\\/16\\\/u-hrvatskoj-1947-novih-slucajeva-zaraze-beros-i-dalje-bitku-gube-necijepljeni\\\/\",\"url\":\"https:\\\/\\\/radioljubuski.ba\\\/index.php\\\/2021\\\/10\\\/16\\\/u-hrvatskoj-1947-novih-slucajeva-zaraze-beros-i-dalje-bitku-gube-necijepljeni\\\/\",\"name\":\"U Hrvatskoj 1947 novih slu\u010dajeva zaraze, Bero\u0161: I dalje bitku gube necijepljeni - RADIO LJUBU\u0160KI\",\"isPartOf\":{\"@id\":\"https:\\\/\\\/radioljubuski.ba\\\/#website\"},\"primaryImageOfPage\":{\"@id\":\"https:\\\/\\\/radioljubuski.ba\\\/index.php\\\/2021\\\/10\\\/16\\\/u-hrvatskoj-1947-novih-slucajeva-zaraze-beros-i-dalje-bitku-gube-necijepljeni\\\/#primaryimage\"},\"image\":{\"@id\":\"https:\\\/\\\/radioljubuski.ba\\\/index.php\\\/2021\\\/10\\\/16\\\/u-hrvatskoj-1947-novih-slucajeva-zaraze-beros-i-dalje-bitku-gube-necijepljeni\\\/#primaryimage\"},\"thumbnailUrl\":\"https:\\\/\\\/radioljubuski.ba\\\/wp-content\\\/uploads\\\/2021\\\/10\\\/viliberostwitter-20211016114109.jpg\",\"datePublished\":\"2021-10-16T15:38:44+00:00\",\"dateModified\":\"2021-10-16T15:38:46+00:00\",\"breadcrumb\":{\"@id\":\"https:\\\/\\\/radioljubuski.ba\\\/index.php\\\/2021\\\/10\\\/16\\\/u-hrvatskoj-1947-novih-slucajeva-zaraze-beros-i-dalje-bitku-gube-necijepljeni\\\/#breadcrumb\"},\"inLanguage\":\"hr\",\"potentialAction\":[{\"@type\":\"ReadAction\",\"target\":[\"https:\\\/\\\/radioljubuski.ba\\\/index.php\\\/2021\\\/10\\\/16\\\/u-hrvatskoj-1947-novih-slucajeva-zaraze-beros-i-dalje-bitku-gube-necijepljeni\\\/\"]}]},{\"@type\":\"ImageObject\",\"inLanguage\":\"hr\",\"@id\":\"https:\\\/\\\/radioljubuski.ba\\\/index.php\\\/2021\\\/10\\\/16\\\/u-hrvatskoj-1947-novih-slucajeva-zaraze-beros-i-dalje-bitku-gube-necijepljeni\\\/#primaryimage\",\"url\":\"https:\\\/\\\/radioljubuski.ba\\\/wp-content\\\/uploads\\\/2021\\\/10\\\/viliberostwitter-20211016114109.jpg\",\"contentUrl\":\"https:\\\/\\\/radioljubuski.ba\\\/wp-content\\\/uploads\\\/2021\\\/10\\\/viliberostwitter-20211016114109.jpg\",\"width\":1000,\"height\":667,\"caption\":\"28.10.2020., Karlovac - Na Covid odjelu u Opcoj bolnici Karlovac trenutno je 37 pacijenata od cega je troje na respiratoru. O pacijentima danonocno brine medicinsko osoblje, lijecnici i medicinske sestre koji u zastitnim odijelima provedu visesatne sm\"},{\"@type\":\"BreadcrumbList\",\"@id\":\"https:\\\/\\\/radioljubuski.ba\\\/index.php\\\/2021\\\/10\\\/16\\\/u-hrvatskoj-1947-novih-slucajeva-zaraze-beros-i-dalje-bitku-gube-necijepljeni\\\/#breadcrumb\",\"itemListElement\":[{\"@type\":\"ListItem\",\"position\":1,\"name\":\"Po\u010detna stranica\",\"item\":\"https:\\\/\\\/radioljubuski.ba\\\/\"},{\"@type\":\"ListItem\",\"position\":2,\"name\":\"U Hrvatskoj 1947 novih slu\u010dajeva zaraze, Bero\u0161: I dalje bitku gube necijepljeni\"}]},{\"@type\":\"WebSite\",\"@id\":\"https:\\\/\\\/radioljubuski.ba\\\/#website\",\"url\":\"https:\\\/\\\/radioljubuski.ba\\\/\",\"name\":\"Radio Ljubu\u0161ki\",\"description\":\"Sun\u010dana frekvencija Hercegovine\",\"publisher\":{\"@id\":\"https:\\\/\\\/radioljubuski.ba\\\/#organization\"},\"potentialAction\":[{\"@type\":\"SearchAction\",\"target\":{\"@type\":\"EntryPoint\",\"urlTemplate\":\"https:\\\/\\\/radioljubuski.ba\\\/?s={search_term_string}\"},\"query-input\":{\"@type\":\"PropertyValueSpecification\",\"valueRequired\":true,\"valueName\":\"search_term_string\"}}],\"inLanguage\":\"hr\"},{\"@type\":\"Organization\",\"@id\":\"https:\\\/\\\/radioljubuski.ba\\\/#organization\",\"name\":\"Radio Ljubu\u0161ki\",\"url\":\"https:\\\/\\\/radioljubuski.ba\\\/\",\"logo\":{\"@type\":\"ImageObject\",\"inLanguage\":\"hr\",\"@id\":\"https:\\\/\\\/radioljubuski.ba\\\/#\\\/schema\\\/logo\\\/image\\\/\",\"url\":\"https:\\\/\\\/radioljubuski.ba\\\/wp-content\\\/uploads\\\/2021\\\/02\\\/cropped-Radio_Ljubuski_logo1.jpg\",\"contentUrl\":\"https:\\\/\\\/radioljubuski.ba\\\/wp-content\\\/uploads\\\/2021\\\/02\\\/cropped-Radio_Ljubuski_logo1.jpg\",\"width\":512,\"height\":512,\"caption\":\"Radio Ljubu\u0161ki\"},\"image\":{\"@id\":\"https:\\\/\\\/radioljubuski.ba\\\/#\\\/schema\\\/logo\\\/image\\\/\"},\"sameAs\":[\"https:\\\/\\\/www.facebook.com\\\/Radiio-Ljubuski-1490835324566332\",\"https:\\\/\\\/x.com\\\/radioljubuski\",\"https:\\\/\\\/hr.linkedin.com\\\/company\\\/radio-ljubuski\",\"https:\\\/\\\/www.youtube.com\\\/channel\\\/UCHYaeO_n0Db3tjNGudGpXyw\"]},{\"@type\":\"Person\",\"@id\":\"https:\\\/\\\/radioljubuski.ba\\\/#\\\/schema\\\/person\\\/19fc700381a780f69665d7956c469e3b\",\"name\":\"Radio Ljubu\u0161ki\"}]}<\/script>\n<!-- \/ Yoast SEO plugin. -->","yoast_head_json":{"title":"U Hrvatskoj 1947 novih slu\u010dajeva zaraze, Bero\u0161: I dalje bitku gube necijepljeni - RADIO LJUBU\u0160KI","robots":{"index":"index","follow":"follow","max-snippet":"max-snippet:-1","max-image-preview":"max-image-preview:large","max-video-preview":"max-video-preview:-1"},"canonical":"https:\/\/radioljubuski.ba\/index.php\/2021\/10\/16\/u-hrvatskoj-1947-novih-slucajeva-zaraze-beros-i-dalje-bitku-gube-necijepljeni\/","og_locale":"hr_HR","og_type":"article","og_title":"U Hrvatskoj 1947 novih slu\u010dajeva zaraze, Bero\u0161: I dalje bitku gube necijepljeni - RADIO LJUBU\u0160KI","og_description":"U posljednja 24 sata zabilje\u017eeno je 1947 novih slu\u010dajeva zaraze koronavirusom. Na bolni\u010dkom lije\u010denju je 871 pacijent, na respiratoru njih 114. Preminulo je 15 osoba. Ministra\u00a0Davora Bo\u017einovi\u0107a\u00a0brojke nisu iznenadile.\u00a0 &#8211; To je ono \u0161to govorimo, da s hladnijim vremenom ljudi \u0107e sve vi\u0161e boraviti u zatvorenom prostoru. Ukoliko se radi o ve\u0107im skupinama, ukoliko se [&hellip;]","og_url":"https:\/\/radioljubuski.ba\/index.php\/2021\/10\/16\/u-hrvatskoj-1947-novih-slucajeva-zaraze-beros-i-dalje-bitku-gube-necijepljeni\/","og_site_name":"RADIO LJUBU\u0160KI","article_publisher":"https:\/\/www.facebook.com\/Radiio-Ljubuski-1490835324566332","article_published_time":"2021-10-16T15:38:44+00:00","article_modified_time":"2021-10-16T15:38:46+00:00","og_image":[{"width":1000,"height":667,"url":"https:\/\/radioljubuski.ba\/wp-content\/uploads\/2021\/10\/viliberostwitter-20211016114109.jpg","type":"image\/jpeg"}],"author":"Radio Ljubu\u0161ki","twitter_card":"summary_large_image","twitter_creator":"@radioljubuski","twitter_site":"@radioljubuski","twitter_misc":{"Napisao\/la":"Radio Ljubu\u0161ki","Procijenjeno vrijeme \u010ditanja":"2 minute"},"schema":{"@context":"https:\/\/schema.org","@graph":[{"@type":"Article","@id":"https:\/\/radioljubuski.ba\/index.php\/2021\/10\/16\/u-hrvatskoj-1947-novih-slucajeva-zaraze-beros-i-dalje-bitku-gube-necijepljeni\/#article","isPartOf":{"@id":"https:\/\/radioljubuski.ba\/index.php\/2021\/10\/16\/u-hrvatskoj-1947-novih-slucajeva-zaraze-beros-i-dalje-bitku-gube-necijepljeni\/"},"author":{"name":"Radio Ljubu\u0161ki","@id":"https:\/\/radioljubuski.ba\/#\/schema\/person\/19fc700381a780f69665d7956c469e3b"},"headline":"U Hrvatskoj 1947 novih slu\u010dajeva zaraze, Bero\u0161: I dalje bitku gube necijepljeni","datePublished":"2021-10-16T15:38:44+00:00","dateModified":"2021-10-16T15:38:46+00:00","mainEntityOfPage":{"@id":"https:\/\/radioljubuski.ba\/index.php\/2021\/10\/16\/u-hrvatskoj-1947-novih-slucajeva-zaraze-beros-i-dalje-bitku-gube-necijepljeni\/"},"wordCount":439,"publisher":{"@id":"https:\/\/radioljubuski.ba\/#organization"},"image":{"@id":"https:\/\/radioljubuski.ba\/index.php\/2021\/10\/16\/u-hrvatskoj-1947-novih-slucajeva-zaraze-beros-i-dalje-bitku-gube-necijepljeni\/#primaryimage"},"thumbnailUrl":"https:\/\/radioljubuski.ba\/wp-content\/uploads\/2021\/10\/viliberostwitter-20211016114109.jpg","articleSection":["BIH i regija"],"inLanguage":"hr"},{"@type":"WebPage","@id":"https:\/\/radioljubuski.ba\/index.php\/2021\/10\/16\/u-hrvatskoj-1947-novih-slucajeva-zaraze-beros-i-dalje-bitku-gube-necijepljeni\/","url":"https:\/\/radioljubuski.ba\/index.php\/2021\/10\/16\/u-hrvatskoj-1947-novih-slucajeva-zaraze-beros-i-dalje-bitku-gube-necijepljeni\/","name":"U Hrvatskoj 1947 novih slu\u010dajeva zaraze, Bero\u0161: I dalje bitku gube necijepljeni - RADIO LJUBU\u0160KI","isPartOf":{"@id":"https:\/\/radioljubuski.ba\/#website"},"primaryImageOfPage":{"@id":"https:\/\/radioljubuski.ba\/index.php\/2021\/10\/16\/u-hrvatskoj-1947-novih-slucajeva-zaraze-beros-i-dalje-bitku-gube-necijepljeni\/#primaryimage"},"image":{"@id":"https:\/\/radioljubuski.ba\/index.php\/2021\/10\/16\/u-hrvatskoj-1947-novih-slucajeva-zaraze-beros-i-dalje-bitku-gube-necijepljeni\/#primaryimage"},"thumbnailUrl":"https:\/\/radioljubuski.ba\/wp-content\/uploads\/2021\/10\/viliberostwitter-20211016114109.jpg","datePublished":"2021-10-16T15:38:44+00:00","dateModified":"2021-10-16T15:38:46+00:00","breadcrumb":{"@id":"https:\/\/radioljubuski.ba\/index.php\/2021\/10\/16\/u-hrvatskoj-1947-novih-slucajeva-zaraze-beros-i-dalje-bitku-gube-necijepljeni\/#breadcrumb"},"inLanguage":"hr","potentialAction":[{"@type":"ReadAction","target":["https:\/\/radioljubuski.ba\/index.php\/2021\/10\/16\/u-hrvatskoj-1947-novih-slucajeva-zaraze-beros-i-dalje-bitku-gube-necijepljeni\/"]}]},{"@type":"ImageObject","inLanguage":"hr","@id":"https:\/\/radioljubuski.ba\/index.php\/2021\/10\/16\/u-hrvatskoj-1947-novih-slucajeva-zaraze-beros-i-dalje-bitku-gube-necijepljeni\/#primaryimage","url":"https:\/\/radioljubuski.ba\/wp-content\/uploads\/2021\/10\/viliberostwitter-20211016114109.jpg","contentUrl":"https:\/\/radioljubuski.ba\/wp-content\/uploads\/2021\/10\/viliberostwitter-20211016114109.jpg","width":1000,"height":667,"caption":"28.10.2020., Karlovac - Na Covid odjelu u Opcoj bolnici Karlovac trenutno je 37 pacijenata od cega je troje na respiratoru. O pacijentima danonocno brine medicinsko osoblje, lijecnici i medicinske sestre koji u zastitnim odijelima provedu visesatne sm"},{"@type":"BreadcrumbList","@id":"https:\/\/radioljubuski.ba\/index.php\/2021\/10\/16\/u-hrvatskoj-1947-novih-slucajeva-zaraze-beros-i-dalje-bitku-gube-necijepljeni\/#breadcrumb","itemListElement":[{"@type":"ListItem","position":1,"name":"Po\u010detna stranica","item":"https:\/\/radioljubuski.ba\/"},{"@type":"ListItem","position":2,"name":"U Hrvatskoj 1947 novih slu\u010dajeva zaraze, Bero\u0161: I dalje bitku gube necijepljeni"}]},{"@type":"WebSite","@id":"https:\/\/radioljubuski.ba\/#website","url":"https:\/\/radioljubuski.ba\/","name":"Radio Ljubu\u0161ki","description":"Sun\u010dana frekvencija Hercegovine","publisher":{"@id":"https:\/\/radioljubuski.ba\/#organization"},"potentialAction":[{"@type":"SearchAction","target":{"@type":"EntryPoint","urlTemplate":"https:\/\/radioljubuski.ba\/?s={search_term_string}"},"query-input":{"@type":"PropertyValueSpecification","valueRequired":true,"valueName":"search_term_string"}}],"inLanguage":"hr"},{"@type":"Organization","@id":"https:\/\/radioljubuski.ba\/#organization","name":"Radio Ljubu\u0161ki","url":"https:\/\/radioljubuski.ba\/","logo":{"@type":"ImageObject","inLanguage":"hr","@id":"https:\/\/radioljubuski.ba\/#\/schema\/logo\/image\/","url":"https:\/\/radioljubuski.ba\/wp-content\/uploads\/2021\/02\/cropped-Radio_Ljubuski_logo1.jpg","contentUrl":"https:\/\/radioljubuski.ba\/wp-content\/uploads\/2021\/02\/cropped-Radio_Ljubuski_logo1.jpg","width":512,"height":512,"caption":"Radio Ljubu\u0161ki"},"image":{"@id":"https:\/\/radioljubuski.ba\/#\/schema\/logo\/image\/"},"sameAs":["https:\/\/www.facebook.com\/Radiio-Ljubuski-1490835324566332","https:\/\/x.com\/radioljubuski","https:\/\/hr.linkedin.com\/company\/radio-ljubuski","https:\/\/www.youtube.com\/channel\/UCHYaeO_n0Db3tjNGudGpXyw"]},{"@type":"Person","@id":"https:\/\/radioljubuski.ba\/#\/schema\/person\/19fc700381a780f69665d7956c469e3b","name":"Radio Ljubu\u0161ki"}]}},"_links":{"self":[{"href":"https:\/\/radioljubuski.ba\/index.php\/wp-json\/wp\/v2\/posts\/76541","targetHints":{"allow":["GET"]}}],"collection":[{"href":"https:\/\/radioljubuski.ba\/index.php\/wp-json\/wp\/v2\/posts"}],"about":[{"href":"https:\/\/radioljubuski.ba\/index.php\/wp-json\/wp\/v2\/types\/post"}],"author":[{"embeddable":true,"href":"https:\/\/radioljubuski.ba\/index.php\/wp-json\/wp\/v2\/users\/2"}],"replies":[{"embeddable":true,"href":"https:\/\/radioljubuski.ba\/index.php\/wp-json\/wp\/v2\/comments?post=76541"}],"version-history":[{"count":1,"href":"https:\/\/radioljubuski.ba\/index.php\/wp-json\/wp\/v2\/posts\/76541\/revisions"}],"predecessor-version":[{"id":76543,"href":"https:\/\/radioljubuski.ba\/index.php\/wp-json\/wp\/v2\/posts\/76541\/revisions\/76543"}],"wp:featuredmedia":[{"embeddable":true,"href":"https:\/\/radioljubuski.ba\/index.php\/wp-json\/wp\/v2\/media\/76542"}],"wp:attachment":[{"href":"https:\/\/radioljubuski.ba\/index.php\/wp-json\/wp\/v2\/media?parent=76541"}],"wp:term":[{"taxonomy":"category","embeddable":true,"href":"https:\/\/radioljubuski.ba\/index.php\/wp-json\/wp\/v2\/categories?post=76541"},{"taxonomy":"post_tag","embeddable":true,"href":"https:\/\/radioljubuski.ba\/index.php\/wp-json\/wp\/v2\/tags?post=76541"}],"curies":[{"name":"wp","href":"https:\/\/api.w.org\/{rel}","templated":true}]}}