{"id":76544,"date":"2021-10-16T16:42:06","date_gmt":"2021-10-16T15:42:06","guid":{"rendered":"https:\/\/radioljubuski.ba\/?p=76544"},"modified":"2021-10-16T16:42:08","modified_gmt":"2021-10-16T15:42:08","slug":"posljednje-rijeci-koje-je-uputio-sinu-govore-kakav-je-to-bio-covjek","status":"publish","type":"post","link":"https:\/\/radioljubuski.ba\/index.php\/2021\/10\/16\/posljednje-rijeci-koje-je-uputio-sinu-govore-kakav-je-to-bio-covjek\/","title":{"rendered":"&#8220;Posljednje rije\u010di koje je uputio sinu govore kakav je to bio \u010dovjek&#8221;"},"content":{"rendered":"\n<p><strong>Pro\u0161lo je 30 godina od pogibije jednog od najve\u0107ih heroja Domovinskog rata i simbola otpora ratnog Vukovara, general-bojnika\u00a0Blage Zadre. Pod njegovim vodstvom uni\u0161teni su deseci srpskih tenkova i transportera, zbog \u010dega je Trpinjska cesta prozvana grobljem tenkova.\u00a0<\/strong><\/p>\n\n\n\n<div style=\"width: 640px;\" class=\"wp-video\"><video class=\"wp-video-shortcode\" id=\"video-76544-1\" width=\"640\" height=\"360\" preload=\"metadata\" controls=\"controls\"><source type=\"video\/mp4\" src=\"https:\/\/api.hrt.hr\/media\/09\/8b\/tvd1-duplex-vukovar-20211016101858.mp4?_=1\" \/><a href=\"https:\/\/api.hrt.hr\/media\/09\/8b\/tvd1-duplex-vukovar-20211016101858.mp4\">https:\/\/api.hrt.hr\/media\/09\/8b\/tvd1-duplex-vukovar-20211016101858.mp4<\/a><\/video><\/div>\n\n\n\n<p>Oni koji su ga poznavali, pamte ga kao hrabrog, po\u0161tenog i karizmati\u010dnog. Kao zapovjednik 3. bojne legendarne 204. vukovarske brigade Blago je pokazao zavidnu vojnu inteligenciju. Silom prilika preko no\u0107i je postao ratnikom, a o njegovoj hrabrosti i ljubavi prema domovini najbolje svjedo\u010di \u010dinjenica da je bio zapovjednik svojim sinovima.<\/p>\n\n\n\n<p>Tog kobnog 16. listopada poginuo je pretr\u010davaju\u0107i cestu u Kupskoj ulici, bez ikakve za\u0161titne opreme a njegove posljednje rije\u010di koje je uputio sinu Tomislavu na svoj na\u010din govore kakav je to bio \u010dovjek. Rekao mu je: &#8220;Sine, ako moji vojnici nemaju pancirke, ne\u0107u je nositi ni ja&#8221;.<\/p>\n\n\n\n<p>Dana\u0161nji komemorativni program po\u010deo je na Memorijalnom groblju \u017ertava iz Domovinskog rata gdje su za\u00a0<strong>Blagu Zadru\u00a0<\/strong>polo\u017eeni vijenci. Isto tako i za\u00a0<strong>Alfreda Hilla<\/strong>, zapovjednika Vojne policije koji je tako\u0111er na dana\u0161nji dan ratne 1991. poginuo u Vukovaru.<br><br>Uz obitelj Zadro, u Vukovaru su danas bili i najvi\u0161i dr\u017eavni du\u017enosnici, brojni prijatelji i suborci.\u00a0<br><br>Evo \u0161to oni ka\u017eu:<\/p>\n\n\n\n<div style=\"width: 640px;\" class=\"wp-video\"><video class=\"wp-video-shortcode\" id=\"video-76544-2\" width=\"640\" height=\"360\" preload=\"metadata\" controls=\"controls\"><source type=\"video\/mp4\" src=\"https:\/\/api.hrt.hr\/media\/78\/d9\/pd-161021-tonvu-20211016100759.mp4?_=2\" \/><a href=\"https:\/\/api.hrt.hr\/media\/78\/d9\/pd-161021-tonvu-20211016100759.mp4\">https:\/\/api.hrt.hr\/media\/78\/d9\/pd-161021-tonvu-20211016100759.mp4<\/a><\/video><\/div>\n\n\n\n<p><strong>&#8220;Kad je Blago poginuo, kola su krenula nizbrdo&#8221;<br><\/strong><br>Na Trpinjskoj cesti ratne 1991. svi su konci bili u rukama legendarnog ratnog zapovjednika\u00a0<strong>Blage Zadre<\/strong>.<br><br>&#8211; \u010covjek velikog srca, istinski domoljub, \u010dovjek iz naroda i \u010dovjek koji je vodio svoje vojnike osobnim primjerom, komentirao je za Zadru svojevremeno biv\u0161i ministar obrane\u00a0<strong>Damir Krsti\u010devi\u0107<\/strong>.<br><br>Na vijest da je jugovojska krenula preko Trpinjske ceste prema Borovu naselju, Blago je krenuo prvi.<br><br>&#8211; Oni su uletjeli jednostavno ispred mitraljeskog gnijezda i na\u017ealost izgubio je \u017eivot, prisje\u0107a se vukovarski branitelj Tomislav Josi\u0107. &#8220;Za mene je to bio po\u010detak kraja. Kad je Blago poginuo, kola su krenula nizbrdo&#8221;, dodao je jednom prilikom.<br><br>Blago Zadro sad po\u010diva uz sina Roberta na Vukovarskom memorijalnom groblju.<br><br>Pogledajte prilog iz arhive HTV-a:<\/p>\n\n\n\n<div style=\"width: 640px;\" class=\"wp-video\"><video class=\"wp-video-shortcode\" id=\"video-76544-3\" width=\"640\" height=\"360\" preload=\"metadata\" controls=\"controls\"><source type=\"video\/mp4\" src=\"https:\/\/api.hrt.hr\/media\/1b\/b3\/blagozadro-20211016080435.mp4?_=3\" \/><a href=\"https:\/\/api.hrt.hr\/media\/1b\/b3\/blagozadro-20211016080435.mp4\">https:\/\/api.hrt.hr\/media\/1b\/b3\/blagozadro-20211016080435.mp4<\/a><\/video><\/div>\n\n\n\n<p>Izvor:hrt.hr<\/p>\n","protected":false},"excerpt":{"rendered":"<p>Pro\u0161lo je 30 godina od pogibije jednog od najve\u0107ih heroja Domovinskog rata i simbola otpora ratnog Vukovara, general-bojnika\u00a0Blage Zadre. Pod njegovim vodstvom uni\u0161teni su deseci srpskih tenkova i transportera, zbog \u010dega je Trpinjska cesta prozvana grobljem tenkova.\u00a0 https:\/\/api.hrt.hr\/media\/09\/8b\/tvd1-duplex-vukovar-20211016101858.mp4 Oni koji su ga poznavali, pamte ga kao hrabrog, po\u0161tenog i karizmati\u010dnog. Kao zapovjednik 3. bojne legendarne [&hellip;]<\/p>\n","protected":false},"author":2,"featured_media":76545,"comment_status":"closed","ping_status":"closed","sticky":false,"template":"","format":"standard","meta":{"h5ap_radio_sources":[],"footnotes":""},"categories":[1],"tags":[],"class_list":["post-76544","post","type-post","status-publish","format-standard","has-post-thumbnail","hentry","category-bihiregija"],"yoast_head":"<!-- This site is optimized with the Yoast SEO plugin v27.4 - https:\/\/yoast.com\/product\/yoast-seo-wordpress\/ -->\n<title>&quot;Posljednje rije\u010di koje je uputio sinu govore kakav je to bio \u010dovjek&quot; - RADIO LJUBU\u0160KI<\/title>\n<meta name=\"robots\" content=\"index, follow, max-snippet:-1, max-image-preview:large, max-video-preview:-1\" \/>\n<link rel=\"canonical\" href=\"https:\/\/radioljubuski.ba\/index.php\/2021\/10\/16\/posljednje-rijeci-koje-je-uputio-sinu-govore-kakav-je-to-bio-covjek\/\" \/>\n<meta property=\"og:locale\" content=\"hr_HR\" \/>\n<meta property=\"og:type\" content=\"article\" \/>\n<meta property=\"og:title\" content=\"&quot;Posljednje rije\u010di koje je uputio sinu govore kakav je to bio \u010dovjek&quot; - RADIO LJUBU\u0160KI\" \/>\n<meta property=\"og:description\" content=\"Pro\u0161lo je 30 godina od pogibije jednog od najve\u0107ih heroja Domovinskog rata i simbola otpora ratnog Vukovara, general-bojnika\u00a0Blage Zadre. Pod njegovim vodstvom uni\u0161teni su deseci srpskih tenkova i transportera, zbog \u010dega je Trpinjska cesta prozvana grobljem tenkova.\u00a0 https:\/\/api.hrt.hr\/media\/09\/8b\/tvd1-duplex-vukovar-20211016101858.mp4 Oni koji su ga poznavali, pamte ga kao hrabrog, po\u0161tenog i karizmati\u010dnog. Kao zapovjednik 3. bojne legendarne [&hellip;]\" \/>\n<meta property=\"og:url\" content=\"https:\/\/radioljubuski.ba\/index.php\/2021\/10\/16\/posljednje-rijeci-koje-je-uputio-sinu-govore-kakav-je-to-bio-covjek\/\" \/>\n<meta property=\"og:site_name\" content=\"RADIO LJUBU\u0160KI\" \/>\n<meta property=\"article:publisher\" content=\"https:\/\/www.facebook.com\/Radiio-Ljubuski-1490835324566332\" \/>\n<meta property=\"article:published_time\" content=\"2021-10-16T15:42:06+00:00\" \/>\n<meta property=\"article:modified_time\" content=\"2021-10-16T15:42:08+00:00\" \/>\n<meta property=\"og:image\" content=\"https:\/\/radioljubuski.ba\/wp-content\/uploads\/2021\/10\/blago-zadro-200756.jpeg\" \/>\n\t<meta property=\"og:image:width\" content=\"939\" \/>\n\t<meta property=\"og:image:height\" content=\"529\" \/>\n\t<meta property=\"og:image:type\" content=\"image\/jpeg\" \/>\n<meta name=\"author\" content=\"Radio Ljubu\u0161ki\" \/>\n<meta name=\"twitter:card\" content=\"summary_large_image\" \/>\n<meta name=\"twitter:creator\" content=\"@radioljubuski\" \/>\n<meta name=\"twitter:site\" content=\"@radioljubuski\" \/>\n<meta name=\"twitter:label1\" content=\"Napisao\/la\" \/>\n\t<meta name=\"twitter:data1\" content=\"Radio Ljubu\u0161ki\" \/>\n\t<meta name=\"twitter:label2\" content=\"Procijenjeno vrijeme \u010ditanja\" \/>\n\t<meta name=\"twitter:data2\" content=\"2 minute\" \/>\n<script type=\"application\/ld+json\" class=\"yoast-schema-graph\">{\"@context\":\"https:\\\/\\\/schema.org\",\"@graph\":[{\"@type\":\"Article\",\"@id\":\"https:\\\/\\\/radioljubuski.ba\\\/index.php\\\/2021\\\/10\\\/16\\\/posljednje-rijeci-koje-je-uputio-sinu-govore-kakav-je-to-bio-covjek\\\/#article\",\"isPartOf\":{\"@id\":\"https:\\\/\\\/radioljubuski.ba\\\/index.php\\\/2021\\\/10\\\/16\\\/posljednje-rijeci-koje-je-uputio-sinu-govore-kakav-je-to-bio-covjek\\\/\"},\"author\":{\"name\":\"Radio Ljubu\u0161ki\",\"@id\":\"https:\\\/\\\/radioljubuski.ba\\\/#\\\/schema\\\/person\\\/19fc700381a780f69665d7956c469e3b\"},\"headline\":\"&#8220;Posljednje rije\u010di koje je uputio sinu govore kakav je to bio \u010dovjek&#8221;\",\"datePublished\":\"2021-10-16T15:42:06+00:00\",\"dateModified\":\"2021-10-16T15:42:08+00:00\",\"mainEntityOfPage\":{\"@id\":\"https:\\\/\\\/radioljubuski.ba\\\/index.php\\\/2021\\\/10\\\/16\\\/posljednje-rijeci-koje-je-uputio-sinu-govore-kakav-je-to-bio-covjek\\\/\"},\"wordCount\":381,\"publisher\":{\"@id\":\"https:\\\/\\\/radioljubuski.ba\\\/#organization\"},\"image\":{\"@id\":\"https:\\\/\\\/radioljubuski.ba\\\/index.php\\\/2021\\\/10\\\/16\\\/posljednje-rijeci-koje-je-uputio-sinu-govore-kakav-je-to-bio-covjek\\\/#primaryimage\"},\"thumbnailUrl\":\"https:\\\/\\\/radioljubuski.ba\\\/wp-content\\\/uploads\\\/2021\\\/10\\\/blago-zadro-200756.jpeg\",\"articleSection\":[\"BIH i regija\"],\"inLanguage\":\"hr\"},{\"@type\":\"WebPage\",\"@id\":\"https:\\\/\\\/radioljubuski.ba\\\/index.php\\\/2021\\\/10\\\/16\\\/posljednje-rijeci-koje-je-uputio-sinu-govore-kakav-je-to-bio-covjek\\\/\",\"url\":\"https:\\\/\\\/radioljubuski.ba\\\/index.php\\\/2021\\\/10\\\/16\\\/posljednje-rijeci-koje-je-uputio-sinu-govore-kakav-je-to-bio-covjek\\\/\",\"name\":\"\\\"Posljednje rije\u010di koje je uputio sinu govore kakav je to bio \u010dovjek\\\" - RADIO LJUBU\u0160KI\",\"isPartOf\":{\"@id\":\"https:\\\/\\\/radioljubuski.ba\\\/#website\"},\"primaryImageOfPage\":{\"@id\":\"https:\\\/\\\/radioljubuski.ba\\\/index.php\\\/2021\\\/10\\\/16\\\/posljednje-rijeci-koje-je-uputio-sinu-govore-kakav-je-to-bio-covjek\\\/#primaryimage\"},\"image\":{\"@id\":\"https:\\\/\\\/radioljubuski.ba\\\/index.php\\\/2021\\\/10\\\/16\\\/posljednje-rijeci-koje-je-uputio-sinu-govore-kakav-je-to-bio-covjek\\\/#primaryimage\"},\"thumbnailUrl\":\"https:\\\/\\\/radioljubuski.ba\\\/wp-content\\\/uploads\\\/2021\\\/10\\\/blago-zadro-200756.jpeg\",\"datePublished\":\"2021-10-16T15:42:06+00:00\",\"dateModified\":\"2021-10-16T15:42:08+00:00\",\"breadcrumb\":{\"@id\":\"https:\\\/\\\/radioljubuski.ba\\\/index.php\\\/2021\\\/10\\\/16\\\/posljednje-rijeci-koje-je-uputio-sinu-govore-kakav-je-to-bio-covjek\\\/#breadcrumb\"},\"inLanguage\":\"hr\",\"potentialAction\":[{\"@type\":\"ReadAction\",\"target\":[\"https:\\\/\\\/radioljubuski.ba\\\/index.php\\\/2021\\\/10\\\/16\\\/posljednje-rijeci-koje-je-uputio-sinu-govore-kakav-je-to-bio-covjek\\\/\"]}]},{\"@type\":\"ImageObject\",\"inLanguage\":\"hr\",\"@id\":\"https:\\\/\\\/radioljubuski.ba\\\/index.php\\\/2021\\\/10\\\/16\\\/posljednje-rijeci-koje-je-uputio-sinu-govore-kakav-je-to-bio-covjek\\\/#primaryimage\",\"url\":\"https:\\\/\\\/radioljubuski.ba\\\/wp-content\\\/uploads\\\/2021\\\/10\\\/blago-zadro-200756.jpeg\",\"contentUrl\":\"https:\\\/\\\/radioljubuski.ba\\\/wp-content\\\/uploads\\\/2021\\\/10\\\/blago-zadro-200756.jpeg\",\"width\":939,\"height\":529},{\"@type\":\"BreadcrumbList\",\"@id\":\"https:\\\/\\\/radioljubuski.ba\\\/index.php\\\/2021\\\/10\\\/16\\\/posljednje-rijeci-koje-je-uputio-sinu-govore-kakav-je-to-bio-covjek\\\/#breadcrumb\",\"itemListElement\":[{\"@type\":\"ListItem\",\"position\":1,\"name\":\"Po\u010detna stranica\",\"item\":\"https:\\\/\\\/radioljubuski.ba\\\/\"},{\"@type\":\"ListItem\",\"position\":2,\"name\":\"&#8220;Posljednje rije\u010di koje je uputio sinu govore kakav je to bio \u010dovjek&#8221;\"}]},{\"@type\":\"WebSite\",\"@id\":\"https:\\\/\\\/radioljubuski.ba\\\/#website\",\"url\":\"https:\\\/\\\/radioljubuski.ba\\\/\",\"name\":\"Radio Ljubu\u0161ki\",\"description\":\"Sun\u010dana frekvencija Hercegovine\",\"publisher\":{\"@id\":\"https:\\\/\\\/radioljubuski.ba\\\/#organization\"},\"potentialAction\":[{\"@type\":\"SearchAction\",\"target\":{\"@type\":\"EntryPoint\",\"urlTemplate\":\"https:\\\/\\\/radioljubuski.ba\\\/?s={search_term_string}\"},\"query-input\":{\"@type\":\"PropertyValueSpecification\",\"valueRequired\":true,\"valueName\":\"search_term_string\"}}],\"inLanguage\":\"hr\"},{\"@type\":\"Organization\",\"@id\":\"https:\\\/\\\/radioljubuski.ba\\\/#organization\",\"name\":\"Radio Ljubu\u0161ki\",\"url\":\"https:\\\/\\\/radioljubuski.ba\\\/\",\"logo\":{\"@type\":\"ImageObject\",\"inLanguage\":\"hr\",\"@id\":\"https:\\\/\\\/radioljubuski.ba\\\/#\\\/schema\\\/logo\\\/image\\\/\",\"url\":\"https:\\\/\\\/radioljubuski.ba\\\/wp-content\\\/uploads\\\/2021\\\/02\\\/cropped-Radio_Ljubuski_logo1.jpg\",\"contentUrl\":\"https:\\\/\\\/radioljubuski.ba\\\/wp-content\\\/uploads\\\/2021\\\/02\\\/cropped-Radio_Ljubuski_logo1.jpg\",\"width\":512,\"height\":512,\"caption\":\"Radio Ljubu\u0161ki\"},\"image\":{\"@id\":\"https:\\\/\\\/radioljubuski.ba\\\/#\\\/schema\\\/logo\\\/image\\\/\"},\"sameAs\":[\"https:\\\/\\\/www.facebook.com\\\/Radiio-Ljubuski-1490835324566332\",\"https:\\\/\\\/x.com\\\/radioljubuski\",\"https:\\\/\\\/hr.linkedin.com\\\/company\\\/radio-ljubuski\",\"https:\\\/\\\/www.youtube.com\\\/channel\\\/UCHYaeO_n0Db3tjNGudGpXyw\"]},{\"@type\":\"Person\",\"@id\":\"https:\\\/\\\/radioljubuski.ba\\\/#\\\/schema\\\/person\\\/19fc700381a780f69665d7956c469e3b\",\"name\":\"Radio Ljubu\u0161ki\"}]}<\/script>\n<!-- \/ Yoast SEO plugin. -->","yoast_head_json":{"title":"\"Posljednje rije\u010di koje je uputio sinu govore kakav je to bio \u010dovjek\" - RADIO LJUBU\u0160KI","robots":{"index":"index","follow":"follow","max-snippet":"max-snippet:-1","max-image-preview":"max-image-preview:large","max-video-preview":"max-video-preview:-1"},"canonical":"https:\/\/radioljubuski.ba\/index.php\/2021\/10\/16\/posljednje-rijeci-koje-je-uputio-sinu-govore-kakav-je-to-bio-covjek\/","og_locale":"hr_HR","og_type":"article","og_title":"\"Posljednje rije\u010di koje je uputio sinu govore kakav je to bio \u010dovjek\" - RADIO LJUBU\u0160KI","og_description":"Pro\u0161lo je 30 godina od pogibije jednog od najve\u0107ih heroja Domovinskog rata i simbola otpora ratnog Vukovara, general-bojnika\u00a0Blage Zadre. Pod njegovim vodstvom uni\u0161teni su deseci srpskih tenkova i transportera, zbog \u010dega je Trpinjska cesta prozvana grobljem tenkova.\u00a0 https:\/\/api.hrt.hr\/media\/09\/8b\/tvd1-duplex-vukovar-20211016101858.mp4 Oni koji su ga poznavali, pamte ga kao hrabrog, po\u0161tenog i karizmati\u010dnog. Kao zapovjednik 3. bojne legendarne [&hellip;]","og_url":"https:\/\/radioljubuski.ba\/index.php\/2021\/10\/16\/posljednje-rijeci-koje-je-uputio-sinu-govore-kakav-je-to-bio-covjek\/","og_site_name":"RADIO LJUBU\u0160KI","article_publisher":"https:\/\/www.facebook.com\/Radiio-Ljubuski-1490835324566332","article_published_time":"2021-10-16T15:42:06+00:00","article_modified_time":"2021-10-16T15:42:08+00:00","og_image":[{"width":939,"height":529,"url":"https:\/\/radioljubuski.ba\/wp-content\/uploads\/2021\/10\/blago-zadro-200756.jpeg","type":"image\/jpeg"}],"author":"Radio Ljubu\u0161ki","twitter_card":"summary_large_image","twitter_creator":"@radioljubuski","twitter_site":"@radioljubuski","twitter_misc":{"Napisao\/la":"Radio Ljubu\u0161ki","Procijenjeno vrijeme \u010ditanja":"2 minute"},"schema":{"@context":"https:\/\/schema.org","@graph":[{"@type":"Article","@id":"https:\/\/radioljubuski.ba\/index.php\/2021\/10\/16\/posljednje-rijeci-koje-je-uputio-sinu-govore-kakav-je-to-bio-covjek\/#article","isPartOf":{"@id":"https:\/\/radioljubuski.ba\/index.php\/2021\/10\/16\/posljednje-rijeci-koje-je-uputio-sinu-govore-kakav-je-to-bio-covjek\/"},"author":{"name":"Radio Ljubu\u0161ki","@id":"https:\/\/radioljubuski.ba\/#\/schema\/person\/19fc700381a780f69665d7956c469e3b"},"headline":"&#8220;Posljednje rije\u010di koje je uputio sinu govore kakav je to bio \u010dovjek&#8221;","datePublished":"2021-10-16T15:42:06+00:00","dateModified":"2021-10-16T15:42:08+00:00","mainEntityOfPage":{"@id":"https:\/\/radioljubuski.ba\/index.php\/2021\/10\/16\/posljednje-rijeci-koje-je-uputio-sinu-govore-kakav-je-to-bio-covjek\/"},"wordCount":381,"publisher":{"@id":"https:\/\/radioljubuski.ba\/#organization"},"image":{"@id":"https:\/\/radioljubuski.ba\/index.php\/2021\/10\/16\/posljednje-rijeci-koje-je-uputio-sinu-govore-kakav-je-to-bio-covjek\/#primaryimage"},"thumbnailUrl":"https:\/\/radioljubuski.ba\/wp-content\/uploads\/2021\/10\/blago-zadro-200756.jpeg","articleSection":["BIH i regija"],"inLanguage":"hr"},{"@type":"WebPage","@id":"https:\/\/radioljubuski.ba\/index.php\/2021\/10\/16\/posljednje-rijeci-koje-je-uputio-sinu-govore-kakav-je-to-bio-covjek\/","url":"https:\/\/radioljubuski.ba\/index.php\/2021\/10\/16\/posljednje-rijeci-koje-je-uputio-sinu-govore-kakav-je-to-bio-covjek\/","name":"\"Posljednje rije\u010di koje je uputio sinu govore kakav je to bio \u010dovjek\" - RADIO LJUBU\u0160KI","isPartOf":{"@id":"https:\/\/radioljubuski.ba\/#website"},"primaryImageOfPage":{"@id":"https:\/\/radioljubuski.ba\/index.php\/2021\/10\/16\/posljednje-rijeci-koje-je-uputio-sinu-govore-kakav-je-to-bio-covjek\/#primaryimage"},"image":{"@id":"https:\/\/radioljubuski.ba\/index.php\/2021\/10\/16\/posljednje-rijeci-koje-je-uputio-sinu-govore-kakav-je-to-bio-covjek\/#primaryimage"},"thumbnailUrl":"https:\/\/radioljubuski.ba\/wp-content\/uploads\/2021\/10\/blago-zadro-200756.jpeg","datePublished":"2021-10-16T15:42:06+00:00","dateModified":"2021-10-16T15:42:08+00:00","breadcrumb":{"@id":"https:\/\/radioljubuski.ba\/index.php\/2021\/10\/16\/posljednje-rijeci-koje-je-uputio-sinu-govore-kakav-je-to-bio-covjek\/#breadcrumb"},"inLanguage":"hr","potentialAction":[{"@type":"ReadAction","target":["https:\/\/radioljubuski.ba\/index.php\/2021\/10\/16\/posljednje-rijeci-koje-je-uputio-sinu-govore-kakav-je-to-bio-covjek\/"]}]},{"@type":"ImageObject","inLanguage":"hr","@id":"https:\/\/radioljubuski.ba\/index.php\/2021\/10\/16\/posljednje-rijeci-koje-je-uputio-sinu-govore-kakav-je-to-bio-covjek\/#primaryimage","url":"https:\/\/radioljubuski.ba\/wp-content\/uploads\/2021\/10\/blago-zadro-200756.jpeg","contentUrl":"https:\/\/radioljubuski.ba\/wp-content\/uploads\/2021\/10\/blago-zadro-200756.jpeg","width":939,"height":529},{"@type":"BreadcrumbList","@id":"https:\/\/radioljubuski.ba\/index.php\/2021\/10\/16\/posljednje-rijeci-koje-je-uputio-sinu-govore-kakav-je-to-bio-covjek\/#breadcrumb","itemListElement":[{"@type":"ListItem","position":1,"name":"Po\u010detna stranica","item":"https:\/\/radioljubuski.ba\/"},{"@type":"ListItem","position":2,"name":"&#8220;Posljednje rije\u010di koje je uputio sinu govore kakav je to bio \u010dovjek&#8221;"}]},{"@type":"WebSite","@id":"https:\/\/radioljubuski.ba\/#website","url":"https:\/\/radioljubuski.ba\/","name":"Radio Ljubu\u0161ki","description":"Sun\u010dana frekvencija Hercegovine","publisher":{"@id":"https:\/\/radioljubuski.ba\/#organization"},"potentialAction":[{"@type":"SearchAction","target":{"@type":"EntryPoint","urlTemplate":"https:\/\/radioljubuski.ba\/?s={search_term_string}"},"query-input":{"@type":"PropertyValueSpecification","valueRequired":true,"valueName":"search_term_string"}}],"inLanguage":"hr"},{"@type":"Organization","@id":"https:\/\/radioljubuski.ba\/#organization","name":"Radio Ljubu\u0161ki","url":"https:\/\/radioljubuski.ba\/","logo":{"@type":"ImageObject","inLanguage":"hr","@id":"https:\/\/radioljubuski.ba\/#\/schema\/logo\/image\/","url":"https:\/\/radioljubuski.ba\/wp-content\/uploads\/2021\/02\/cropped-Radio_Ljubuski_logo1.jpg","contentUrl":"https:\/\/radioljubuski.ba\/wp-content\/uploads\/2021\/02\/cropped-Radio_Ljubuski_logo1.jpg","width":512,"height":512,"caption":"Radio Ljubu\u0161ki"},"image":{"@id":"https:\/\/radioljubuski.ba\/#\/schema\/logo\/image\/"},"sameAs":["https:\/\/www.facebook.com\/Radiio-Ljubuski-1490835324566332","https:\/\/x.com\/radioljubuski","https:\/\/hr.linkedin.com\/company\/radio-ljubuski","https:\/\/www.youtube.com\/channel\/UCHYaeO_n0Db3tjNGudGpXyw"]},{"@type":"Person","@id":"https:\/\/radioljubuski.ba\/#\/schema\/person\/19fc700381a780f69665d7956c469e3b","name":"Radio Ljubu\u0161ki"}]}},"_links":{"self":[{"href":"https:\/\/radioljubuski.ba\/index.php\/wp-json\/wp\/v2\/posts\/76544","targetHints":{"allow":["GET"]}}],"collection":[{"href":"https:\/\/radioljubuski.ba\/index.php\/wp-json\/wp\/v2\/posts"}],"about":[{"href":"https:\/\/radioljubuski.ba\/index.php\/wp-json\/wp\/v2\/types\/post"}],"author":[{"embeddable":true,"href":"https:\/\/radioljubuski.ba\/index.php\/wp-json\/wp\/v2\/users\/2"}],"replies":[{"embeddable":true,"href":"https:\/\/radioljubuski.ba\/index.php\/wp-json\/wp\/v2\/comments?post=76544"}],"version-history":[{"count":1,"href":"https:\/\/radioljubuski.ba\/index.php\/wp-json\/wp\/v2\/posts\/76544\/revisions"}],"predecessor-version":[{"id":76546,"href":"https:\/\/radioljubuski.ba\/index.php\/wp-json\/wp\/v2\/posts\/76544\/revisions\/76546"}],"wp:featuredmedia":[{"embeddable":true,"href":"https:\/\/radioljubuski.ba\/index.php\/wp-json\/wp\/v2\/media\/76545"}],"wp:attachment":[{"href":"https:\/\/radioljubuski.ba\/index.php\/wp-json\/wp\/v2\/media?parent=76544"}],"wp:term":[{"taxonomy":"category","embeddable":true,"href":"https:\/\/radioljubuski.ba\/index.php\/wp-json\/wp\/v2\/categories?post=76544"},{"taxonomy":"post_tag","embeddable":true,"href":"https:\/\/radioljubuski.ba\/index.php\/wp-json\/wp\/v2\/tags?post=76544"}],"curies":[{"name":"wp","href":"https:\/\/api.w.org\/{rel}","templated":true}]}}