{"id":76547,"date":"2021-10-16T16:44:12","date_gmt":"2021-10-16T15:44:12","guid":{"rendered":"https:\/\/radioljubuski.ba\/?p=76547"},"modified":"2021-10-16T18:53:44","modified_gmt":"2021-10-16T17:53:44","slug":"hzjz-objavio-raspored-cijepljenja-trecom-dozom-te-tko-je-treba-primiti","status":"publish","type":"post","link":"https:\/\/radioljubuski.ba\/index.php\/2021\/10\/16\/hzjz-objavio-raspored-cijepljenja-trecom-dozom-te-tko-je-treba-primiti\/","title":{"rendered":"HZJZ objavio raspored cijepljenja tre\u0107om dozom te tko je treba primiti"},"content":{"rendered":"\n<p><strong>Hrvatski zavod za javno zdravstvo objavio je najnovije preporuke za primjenu tre\u0107e i docjepne (tzv. booster) doze cjepiva protiv bolesti COVID-19.<\/strong><\/p>\n\n\n\n<p>Tre\u0107a doza predstavlja dodatnu dozu za osobe kod kojih postoji mogu\u0107nost da nisu razvile potpuni ili zadovoljavaju\u0107i imunolo\u0161ki odgovor i mo\u017ee se primiti osam tjedana nakon druge doze. Prema preporuci HZJZ-a, to su osobe s umjerenom do te\u0161kom imunosupresijom.<br><br>Za ostale osobe, docjepljivanje booster dozom predstavlja dodatnu dozu koja se primjenjuje \u0161est mjeseci od primarne serije cijepljenja, a kako bi se produ\u017eilo trajanje za\u0161tite.<\/p>\n\n\n\n<p><strong>Raspored cijepljenja po javnom pozivu protiv COVID-19:<br><\/strong><br>&#8211; Zagreba\u010dki Velesajam, Paviljon 6<br><br>Utorkom, \u010detvrtkom i petkom bit \u0107e organiziran nastavak cijepljenja prvom dozom i docjepljivanja svim dostupnim vrstama cjepiva.<br><br>Ponedjeljkom i srijedom \u0107e biti organizirana primjena tre\u0107e i docjepne (booster) doze osoba koje su zavr\u0161ile primarno cijepljenje.<br><br><strong>Raspored za sljede\u0107i tjedan:<\/strong><br><br>&#8211; 18. listopada (ponedjeljak), u vremenu od 8,00 do 12,00 sati, primjena tre\u0107e doze u imunokompromitiranih osoba cjepivom Comirnaty i Spikevax i docjepljivanje osoba koje su zavr\u0161ile primarno cijepljenje, neovisno o vrsti cjepiva, cjepivom Comirnaty<br><br>&#8211; 19. listopada (utorak), u vremenu od 14,30 do 19,00 sati, cjepivima Comirnaty , Janssen i Spikevax , javni poziv na prvu i drugu dozu<br><br>&#8211; 20. listopada (srijeda), u vremenu od 8,00 do 12,00 sati, primjena tre\u0107e doze u imunokompromitiranih osoba cjepivom Comirnaty i Spikevax i docjepljivanje osoba koje su zavr\u0161ile primarno cijepljenje, neovisno o vrsti cjepiva, cjepivom Comirnaty<br><br>&#8211; 21. listopada (\u010detvrtak), u vremenu od 14,30 do 19,00 sati, cjepivima Comirnaty , Janssen i Spikevax , javni poziv na prvu i drugu dozu<br><br>&#8211; 22. listopada (petak), u vremenu od 8,00 do 12,00 sati, cjepivima Comirnaty , Janssen i Spikevax , javni poziv na prvu i drugu dozu<\/p>\n\n\n\n<p>Prema uputama HZJZ-a&nbsp;<strong>\u201eUmjerena do te\u0161ka imunosupresija\u201c<\/strong>&nbsp;uklju\u010duje, ali nije ograni\u010dena, osobe sa sljede\u0107im stanjima:<br><br>&#8211; aktivno lije\u010denje solidnih tumorskih i hematolo\u0161kih zlo\u0107udnih bolesti<br><br>&#8211; osobe na hemodijalizi<br><br>&#8211; osobe kojima je transplantiran solidni organ te se primjenjuje imunosupresivna terapija<br><br>&#8211; primjena CAR-T stanica ili transplantacija hematopoetskih mati\u010dnih stanica (unutar 2 godine nakon transplantacije ili uzimanja imunosupresivne terapije)<br><br>&#8211; umjerena ili te\u0161ka primarna imunodeficijencija (npr. DiGeorgeov sindrom, WiskottAldrichov sindrom)<br><br>&#8211; uznapredovala ili nelije\u010dena HIV infekcija (osobe s HIV-om i brojem CD4 stanica &lt;200\/mm3, anamneza AIDS indikatorskih bolesti bez imunolo\u0161ke rekonstitucije te klini\u010dke manifestacije infekcije HIV-om)<br><br>&#8211; aktivno lije\u010denje visokim dozama kortikosteroida (tj. \u226520 mg prednizona ili ekvivalenta dnevno ako se primjenjuje \u22652 tjedna; \u226540 mg prednizona ili ekvivalenta dnevno dulje od tjedan dana), alkiliraju\u0107im agensima, antimetabolitima, imunosupresivnim lijekovima radi transplantacije, primjena kemoterapije u terapiji raka koja je klasificirana kao jako imunosupresivna, blokatori tumor-nekrotiziraju\u0107eg faktora (TNF blokatori) i drugi biolo\u0161ki lijekovi koji imaju imunosupresivno ili imunomodulacijsko djelovanje<br><br>Vrijeme davanja tre\u0107e doze za svaku imunokompromitiranu osobu, odluka je specijaliste koji osobu lije\u010di.<br><br>Tako\u0111er, prema istim uputama&nbsp;<strong>preporu\u010deno je davanje booster doze<\/strong>, odnosno \u201edocjepljivanje protiv bolesti COVID-19 sljede\u0107im kategorijama stanovni\u0161tva:<br><br>a. korisnicima domova za starije i nemo\u0107ne osobe i odrasle osobe s invaliditetom<br><br>b. radnicima zaposlenim kod pru\u017eatelja usluge smje\u0161taja za starije i nemo\u0107ne osobe i odrasle osobe s invaliditetom i kod drugih pru\u017eatelja usluge smje\u0161taja<br><br>c. zdravstvenim radnicima koji izravno skrbe o pacijentima: bilo koja razina zdravstvene za\u0161tite<br><br>d. svim osobama u dobi 65 i vi\u0161e godina,<br><br>e. svim osobama u dobi 18 i vi\u0161e godina koje dijele ku\u0107anstvo s imunokompromitiranim i izrazito osjetljivim osobama,<br><br>f. svim osobama u dobi 18 i vi\u0161e godina koje boluju od kroni\u010dnih bolesti koje uve\u0107avaju rizik za te\u017ee oblike bolesti COVID-19.\u201c<\/p>\n\n\n\n<p>Izvor:hrt.hr<\/p>\n","protected":false},"excerpt":{"rendered":"<p>Hrvatski zavod za javno zdravstvo objavio je najnovije preporuke za primjenu tre\u0107e i docjepne (tzv. booster) doze cjepiva protiv bolesti COVID-19. Tre\u0107a doza predstavlja dodatnu dozu za osobe kod kojih postoji mogu\u0107nost da nisu razvile potpuni ili zadovoljavaju\u0107i imunolo\u0161ki odgovor i mo\u017ee se primiti osam tjedana nakon druge doze. Prema preporuci HZJZ-a, to su osobe [&hellip;]<\/p>\n","protected":false},"author":2,"featured_media":25896,"comment_status":"closed","ping_status":"closed","sticky":false,"template":"","format":"standard","meta":{"h5ap_radio_sources":[],"footnotes":""},"categories":[1],"tags":[],"class_list":["post-76547","post","type-post","status-publish","format-standard","has-post-thumbnail","hentry","category-bihiregija"],"yoast_head":"<!-- This site is optimized with the Yoast SEO plugin v27.4 - https:\/\/yoast.com\/product\/yoast-seo-wordpress\/ -->\n<title>HZJZ objavio raspored cijepljenja tre\u0107om dozom te tko je treba primiti - RADIO LJUBU\u0160KI<\/title>\n<meta name=\"robots\" content=\"index, follow, max-snippet:-1, max-image-preview:large, max-video-preview:-1\" \/>\n<link rel=\"canonical\" href=\"https:\/\/radioljubuski.ba\/index.php\/2021\/10\/16\/hzjz-objavio-raspored-cijepljenja-trecom-dozom-te-tko-je-treba-primiti\/\" \/>\n<meta property=\"og:locale\" content=\"hr_HR\" \/>\n<meta property=\"og:type\" content=\"article\" \/>\n<meta property=\"og:title\" content=\"HZJZ objavio raspored cijepljenja tre\u0107om dozom te tko je treba primiti - RADIO LJUBU\u0160KI\" \/>\n<meta property=\"og:description\" content=\"Hrvatski zavod za javno zdravstvo objavio je najnovije preporuke za primjenu tre\u0107e i docjepne (tzv. booster) doze cjepiva protiv bolesti COVID-19. Tre\u0107a doza predstavlja dodatnu dozu za osobe kod kojih postoji mogu\u0107nost da nisu razvile potpuni ili zadovoljavaju\u0107i imunolo\u0161ki odgovor i mo\u017ee se primiti osam tjedana nakon druge doze. Prema preporuci HZJZ-a, to su osobe [&hellip;]\" \/>\n<meta property=\"og:url\" content=\"https:\/\/radioljubuski.ba\/index.php\/2021\/10\/16\/hzjz-objavio-raspored-cijepljenja-trecom-dozom-te-tko-je-treba-primiti\/\" \/>\n<meta property=\"og:site_name\" content=\"RADIO LJUBU\u0160KI\" \/>\n<meta property=\"article:publisher\" content=\"https:\/\/www.facebook.com\/Radiio-Ljubuski-1490835324566332\" \/>\n<meta property=\"article:published_time\" content=\"2021-10-16T15:44:12+00:00\" \/>\n<meta property=\"article:modified_time\" content=\"2021-10-16T17:53:44+00:00\" \/>\n<meta property=\"og:image\" content=\"https:\/\/radioljubuski.ba\/wp-content\/uploads\/2021\/05\/Mhbgft9k_cijepljenje2.jpg\" \/>\n\t<meta property=\"og:image:width\" content=\"1000\" \/>\n\t<meta property=\"og:image:height\" content=\"625\" \/>\n\t<meta property=\"og:image:type\" content=\"image\/jpeg\" \/>\n<meta name=\"author\" content=\"Radio Ljubu\u0161ki\" \/>\n<meta name=\"twitter:card\" content=\"summary_large_image\" \/>\n<meta name=\"twitter:creator\" content=\"@radioljubuski\" \/>\n<meta name=\"twitter:site\" content=\"@radioljubuski\" \/>\n<meta name=\"twitter:label1\" content=\"Napisao\/la\" \/>\n\t<meta name=\"twitter:data1\" content=\"Radio Ljubu\u0161ki\" \/>\n\t<meta name=\"twitter:label2\" content=\"Procijenjeno vrijeme \u010ditanja\" \/>\n\t<meta name=\"twitter:data2\" content=\"3 minute\" \/>\n<script type=\"application\/ld+json\" class=\"yoast-schema-graph\">{\"@context\":\"https:\\\/\\\/schema.org\",\"@graph\":[{\"@type\":\"Article\",\"@id\":\"https:\\\/\\\/radioljubuski.ba\\\/index.php\\\/2021\\\/10\\\/16\\\/hzjz-objavio-raspored-cijepljenja-trecom-dozom-te-tko-je-treba-primiti\\\/#article\",\"isPartOf\":{\"@id\":\"https:\\\/\\\/radioljubuski.ba\\\/index.php\\\/2021\\\/10\\\/16\\\/hzjz-objavio-raspored-cijepljenja-trecom-dozom-te-tko-je-treba-primiti\\\/\"},\"author\":{\"name\":\"Radio Ljubu\u0161ki\",\"@id\":\"https:\\\/\\\/radioljubuski.ba\\\/#\\\/schema\\\/person\\\/19fc700381a780f69665d7956c469e3b\"},\"headline\":\"HZJZ objavio raspored cijepljenja tre\u0107om dozom te tko je treba primiti\",\"datePublished\":\"2021-10-16T15:44:12+00:00\",\"dateModified\":\"2021-10-16T17:53:44+00:00\",\"mainEntityOfPage\":{\"@id\":\"https:\\\/\\\/radioljubuski.ba\\\/index.php\\\/2021\\\/10\\\/16\\\/hzjz-objavio-raspored-cijepljenja-trecom-dozom-te-tko-je-treba-primiti\\\/\"},\"wordCount\":609,\"publisher\":{\"@id\":\"https:\\\/\\\/radioljubuski.ba\\\/#organization\"},\"image\":{\"@id\":\"https:\\\/\\\/radioljubuski.ba\\\/index.php\\\/2021\\\/10\\\/16\\\/hzjz-objavio-raspored-cijepljenja-trecom-dozom-te-tko-je-treba-primiti\\\/#primaryimage\"},\"thumbnailUrl\":\"https:\\\/\\\/radioljubuski.ba\\\/wp-content\\\/uploads\\\/2021\\\/05\\\/Mhbgft9k_cijepljenje2.jpg\",\"articleSection\":[\"BIH i regija\"],\"inLanguage\":\"hr\"},{\"@type\":\"WebPage\",\"@id\":\"https:\\\/\\\/radioljubuski.ba\\\/index.php\\\/2021\\\/10\\\/16\\\/hzjz-objavio-raspored-cijepljenja-trecom-dozom-te-tko-je-treba-primiti\\\/\",\"url\":\"https:\\\/\\\/radioljubuski.ba\\\/index.php\\\/2021\\\/10\\\/16\\\/hzjz-objavio-raspored-cijepljenja-trecom-dozom-te-tko-je-treba-primiti\\\/\",\"name\":\"HZJZ objavio raspored cijepljenja tre\u0107om dozom te tko je treba primiti - RADIO LJUBU\u0160KI\",\"isPartOf\":{\"@id\":\"https:\\\/\\\/radioljubuski.ba\\\/#website\"},\"primaryImageOfPage\":{\"@id\":\"https:\\\/\\\/radioljubuski.ba\\\/index.php\\\/2021\\\/10\\\/16\\\/hzjz-objavio-raspored-cijepljenja-trecom-dozom-te-tko-je-treba-primiti\\\/#primaryimage\"},\"image\":{\"@id\":\"https:\\\/\\\/radioljubuski.ba\\\/index.php\\\/2021\\\/10\\\/16\\\/hzjz-objavio-raspored-cijepljenja-trecom-dozom-te-tko-je-treba-primiti\\\/#primaryimage\"},\"thumbnailUrl\":\"https:\\\/\\\/radioljubuski.ba\\\/wp-content\\\/uploads\\\/2021\\\/05\\\/Mhbgft9k_cijepljenje2.jpg\",\"datePublished\":\"2021-10-16T15:44:12+00:00\",\"dateModified\":\"2021-10-16T17:53:44+00:00\",\"breadcrumb\":{\"@id\":\"https:\\\/\\\/radioljubuski.ba\\\/index.php\\\/2021\\\/10\\\/16\\\/hzjz-objavio-raspored-cijepljenja-trecom-dozom-te-tko-je-treba-primiti\\\/#breadcrumb\"},\"inLanguage\":\"hr\",\"potentialAction\":[{\"@type\":\"ReadAction\",\"target\":[\"https:\\\/\\\/radioljubuski.ba\\\/index.php\\\/2021\\\/10\\\/16\\\/hzjz-objavio-raspored-cijepljenja-trecom-dozom-te-tko-je-treba-primiti\\\/\"]}]},{\"@type\":\"ImageObject\",\"inLanguage\":\"hr\",\"@id\":\"https:\\\/\\\/radioljubuski.ba\\\/index.php\\\/2021\\\/10\\\/16\\\/hzjz-objavio-raspored-cijepljenja-trecom-dozom-te-tko-je-treba-primiti\\\/#primaryimage\",\"url\":\"https:\\\/\\\/radioljubuski.ba\\\/wp-content\\\/uploads\\\/2021\\\/05\\\/Mhbgft9k_cijepljenje2.jpg\",\"contentUrl\":\"https:\\\/\\\/radioljubuski.ba\\\/wp-content\\\/uploads\\\/2021\\\/05\\\/Mhbgft9k_cijepljenje2.jpg\",\"width\":1000,\"height\":625},{\"@type\":\"BreadcrumbList\",\"@id\":\"https:\\\/\\\/radioljubuski.ba\\\/index.php\\\/2021\\\/10\\\/16\\\/hzjz-objavio-raspored-cijepljenja-trecom-dozom-te-tko-je-treba-primiti\\\/#breadcrumb\",\"itemListElement\":[{\"@type\":\"ListItem\",\"position\":1,\"name\":\"Po\u010detna stranica\",\"item\":\"https:\\\/\\\/radioljubuski.ba\\\/\"},{\"@type\":\"ListItem\",\"position\":2,\"name\":\"HZJZ objavio raspored cijepljenja tre\u0107om dozom te tko je treba primiti\"}]},{\"@type\":\"WebSite\",\"@id\":\"https:\\\/\\\/radioljubuski.ba\\\/#website\",\"url\":\"https:\\\/\\\/radioljubuski.ba\\\/\",\"name\":\"Radio Ljubu\u0161ki\",\"description\":\"Sun\u010dana frekvencija Hercegovine\",\"publisher\":{\"@id\":\"https:\\\/\\\/radioljubuski.ba\\\/#organization\"},\"potentialAction\":[{\"@type\":\"SearchAction\",\"target\":{\"@type\":\"EntryPoint\",\"urlTemplate\":\"https:\\\/\\\/radioljubuski.ba\\\/?s={search_term_string}\"},\"query-input\":{\"@type\":\"PropertyValueSpecification\",\"valueRequired\":true,\"valueName\":\"search_term_string\"}}],\"inLanguage\":\"hr\"},{\"@type\":\"Organization\",\"@id\":\"https:\\\/\\\/radioljubuski.ba\\\/#organization\",\"name\":\"Radio Ljubu\u0161ki\",\"url\":\"https:\\\/\\\/radioljubuski.ba\\\/\",\"logo\":{\"@type\":\"ImageObject\",\"inLanguage\":\"hr\",\"@id\":\"https:\\\/\\\/radioljubuski.ba\\\/#\\\/schema\\\/logo\\\/image\\\/\",\"url\":\"https:\\\/\\\/radioljubuski.ba\\\/wp-content\\\/uploads\\\/2021\\\/02\\\/cropped-Radio_Ljubuski_logo1.jpg\",\"contentUrl\":\"https:\\\/\\\/radioljubuski.ba\\\/wp-content\\\/uploads\\\/2021\\\/02\\\/cropped-Radio_Ljubuski_logo1.jpg\",\"width\":512,\"height\":512,\"caption\":\"Radio Ljubu\u0161ki\"},\"image\":{\"@id\":\"https:\\\/\\\/radioljubuski.ba\\\/#\\\/schema\\\/logo\\\/image\\\/\"},\"sameAs\":[\"https:\\\/\\\/www.facebook.com\\\/Radiio-Ljubuski-1490835324566332\",\"https:\\\/\\\/x.com\\\/radioljubuski\",\"https:\\\/\\\/hr.linkedin.com\\\/company\\\/radio-ljubuski\",\"https:\\\/\\\/www.youtube.com\\\/channel\\\/UCHYaeO_n0Db3tjNGudGpXyw\"]},{\"@type\":\"Person\",\"@id\":\"https:\\\/\\\/radioljubuski.ba\\\/#\\\/schema\\\/person\\\/19fc700381a780f69665d7956c469e3b\",\"name\":\"Radio Ljubu\u0161ki\"}]}<\/script>\n<!-- \/ Yoast SEO plugin. -->","yoast_head_json":{"title":"HZJZ objavio raspored cijepljenja tre\u0107om dozom te tko je treba primiti - RADIO LJUBU\u0160KI","robots":{"index":"index","follow":"follow","max-snippet":"max-snippet:-1","max-image-preview":"max-image-preview:large","max-video-preview":"max-video-preview:-1"},"canonical":"https:\/\/radioljubuski.ba\/index.php\/2021\/10\/16\/hzjz-objavio-raspored-cijepljenja-trecom-dozom-te-tko-je-treba-primiti\/","og_locale":"hr_HR","og_type":"article","og_title":"HZJZ objavio raspored cijepljenja tre\u0107om dozom te tko je treba primiti - RADIO LJUBU\u0160KI","og_description":"Hrvatski zavod za javno zdravstvo objavio je najnovije preporuke za primjenu tre\u0107e i docjepne (tzv. booster) doze cjepiva protiv bolesti COVID-19. Tre\u0107a doza predstavlja dodatnu dozu za osobe kod kojih postoji mogu\u0107nost da nisu razvile potpuni ili zadovoljavaju\u0107i imunolo\u0161ki odgovor i mo\u017ee se primiti osam tjedana nakon druge doze. Prema preporuci HZJZ-a, to su osobe [&hellip;]","og_url":"https:\/\/radioljubuski.ba\/index.php\/2021\/10\/16\/hzjz-objavio-raspored-cijepljenja-trecom-dozom-te-tko-je-treba-primiti\/","og_site_name":"RADIO LJUBU\u0160KI","article_publisher":"https:\/\/www.facebook.com\/Radiio-Ljubuski-1490835324566332","article_published_time":"2021-10-16T15:44:12+00:00","article_modified_time":"2021-10-16T17:53:44+00:00","og_image":[{"width":1000,"height":625,"url":"https:\/\/radioljubuski.ba\/wp-content\/uploads\/2021\/05\/Mhbgft9k_cijepljenje2.jpg","type":"image\/jpeg"}],"author":"Radio Ljubu\u0161ki","twitter_card":"summary_large_image","twitter_creator":"@radioljubuski","twitter_site":"@radioljubuski","twitter_misc":{"Napisao\/la":"Radio Ljubu\u0161ki","Procijenjeno vrijeme \u010ditanja":"3 minute"},"schema":{"@context":"https:\/\/schema.org","@graph":[{"@type":"Article","@id":"https:\/\/radioljubuski.ba\/index.php\/2021\/10\/16\/hzjz-objavio-raspored-cijepljenja-trecom-dozom-te-tko-je-treba-primiti\/#article","isPartOf":{"@id":"https:\/\/radioljubuski.ba\/index.php\/2021\/10\/16\/hzjz-objavio-raspored-cijepljenja-trecom-dozom-te-tko-je-treba-primiti\/"},"author":{"name":"Radio Ljubu\u0161ki","@id":"https:\/\/radioljubuski.ba\/#\/schema\/person\/19fc700381a780f69665d7956c469e3b"},"headline":"HZJZ objavio raspored cijepljenja tre\u0107om dozom te tko je treba primiti","datePublished":"2021-10-16T15:44:12+00:00","dateModified":"2021-10-16T17:53:44+00:00","mainEntityOfPage":{"@id":"https:\/\/radioljubuski.ba\/index.php\/2021\/10\/16\/hzjz-objavio-raspored-cijepljenja-trecom-dozom-te-tko-je-treba-primiti\/"},"wordCount":609,"publisher":{"@id":"https:\/\/radioljubuski.ba\/#organization"},"image":{"@id":"https:\/\/radioljubuski.ba\/index.php\/2021\/10\/16\/hzjz-objavio-raspored-cijepljenja-trecom-dozom-te-tko-je-treba-primiti\/#primaryimage"},"thumbnailUrl":"https:\/\/radioljubuski.ba\/wp-content\/uploads\/2021\/05\/Mhbgft9k_cijepljenje2.jpg","articleSection":["BIH i regija"],"inLanguage":"hr"},{"@type":"WebPage","@id":"https:\/\/radioljubuski.ba\/index.php\/2021\/10\/16\/hzjz-objavio-raspored-cijepljenja-trecom-dozom-te-tko-je-treba-primiti\/","url":"https:\/\/radioljubuski.ba\/index.php\/2021\/10\/16\/hzjz-objavio-raspored-cijepljenja-trecom-dozom-te-tko-je-treba-primiti\/","name":"HZJZ objavio raspored cijepljenja tre\u0107om dozom te tko je treba primiti - RADIO LJUBU\u0160KI","isPartOf":{"@id":"https:\/\/radioljubuski.ba\/#website"},"primaryImageOfPage":{"@id":"https:\/\/radioljubuski.ba\/index.php\/2021\/10\/16\/hzjz-objavio-raspored-cijepljenja-trecom-dozom-te-tko-je-treba-primiti\/#primaryimage"},"image":{"@id":"https:\/\/radioljubuski.ba\/index.php\/2021\/10\/16\/hzjz-objavio-raspored-cijepljenja-trecom-dozom-te-tko-je-treba-primiti\/#primaryimage"},"thumbnailUrl":"https:\/\/radioljubuski.ba\/wp-content\/uploads\/2021\/05\/Mhbgft9k_cijepljenje2.jpg","datePublished":"2021-10-16T15:44:12+00:00","dateModified":"2021-10-16T17:53:44+00:00","breadcrumb":{"@id":"https:\/\/radioljubuski.ba\/index.php\/2021\/10\/16\/hzjz-objavio-raspored-cijepljenja-trecom-dozom-te-tko-je-treba-primiti\/#breadcrumb"},"inLanguage":"hr","potentialAction":[{"@type":"ReadAction","target":["https:\/\/radioljubuski.ba\/index.php\/2021\/10\/16\/hzjz-objavio-raspored-cijepljenja-trecom-dozom-te-tko-je-treba-primiti\/"]}]},{"@type":"ImageObject","inLanguage":"hr","@id":"https:\/\/radioljubuski.ba\/index.php\/2021\/10\/16\/hzjz-objavio-raspored-cijepljenja-trecom-dozom-te-tko-je-treba-primiti\/#primaryimage","url":"https:\/\/radioljubuski.ba\/wp-content\/uploads\/2021\/05\/Mhbgft9k_cijepljenje2.jpg","contentUrl":"https:\/\/radioljubuski.ba\/wp-content\/uploads\/2021\/05\/Mhbgft9k_cijepljenje2.jpg","width":1000,"height":625},{"@type":"BreadcrumbList","@id":"https:\/\/radioljubuski.ba\/index.php\/2021\/10\/16\/hzjz-objavio-raspored-cijepljenja-trecom-dozom-te-tko-je-treba-primiti\/#breadcrumb","itemListElement":[{"@type":"ListItem","position":1,"name":"Po\u010detna stranica","item":"https:\/\/radioljubuski.ba\/"},{"@type":"ListItem","position":2,"name":"HZJZ objavio raspored cijepljenja tre\u0107om dozom te tko je treba primiti"}]},{"@type":"WebSite","@id":"https:\/\/radioljubuski.ba\/#website","url":"https:\/\/radioljubuski.ba\/","name":"Radio Ljubu\u0161ki","description":"Sun\u010dana frekvencija Hercegovine","publisher":{"@id":"https:\/\/radioljubuski.ba\/#organization"},"potentialAction":[{"@type":"SearchAction","target":{"@type":"EntryPoint","urlTemplate":"https:\/\/radioljubuski.ba\/?s={search_term_string}"},"query-input":{"@type":"PropertyValueSpecification","valueRequired":true,"valueName":"search_term_string"}}],"inLanguage":"hr"},{"@type":"Organization","@id":"https:\/\/radioljubuski.ba\/#organization","name":"Radio Ljubu\u0161ki","url":"https:\/\/radioljubuski.ba\/","logo":{"@type":"ImageObject","inLanguage":"hr","@id":"https:\/\/radioljubuski.ba\/#\/schema\/logo\/image\/","url":"https:\/\/radioljubuski.ba\/wp-content\/uploads\/2021\/02\/cropped-Radio_Ljubuski_logo1.jpg","contentUrl":"https:\/\/radioljubuski.ba\/wp-content\/uploads\/2021\/02\/cropped-Radio_Ljubuski_logo1.jpg","width":512,"height":512,"caption":"Radio Ljubu\u0161ki"},"image":{"@id":"https:\/\/radioljubuski.ba\/#\/schema\/logo\/image\/"},"sameAs":["https:\/\/www.facebook.com\/Radiio-Ljubuski-1490835324566332","https:\/\/x.com\/radioljubuski","https:\/\/hr.linkedin.com\/company\/radio-ljubuski","https:\/\/www.youtube.com\/channel\/UCHYaeO_n0Db3tjNGudGpXyw"]},{"@type":"Person","@id":"https:\/\/radioljubuski.ba\/#\/schema\/person\/19fc700381a780f69665d7956c469e3b","name":"Radio Ljubu\u0161ki"}]}},"_links":{"self":[{"href":"https:\/\/radioljubuski.ba\/index.php\/wp-json\/wp\/v2\/posts\/76547","targetHints":{"allow":["GET"]}}],"collection":[{"href":"https:\/\/radioljubuski.ba\/index.php\/wp-json\/wp\/v2\/posts"}],"about":[{"href":"https:\/\/radioljubuski.ba\/index.php\/wp-json\/wp\/v2\/types\/post"}],"author":[{"embeddable":true,"href":"https:\/\/radioljubuski.ba\/index.php\/wp-json\/wp\/v2\/users\/2"}],"replies":[{"embeddable":true,"href":"https:\/\/radioljubuski.ba\/index.php\/wp-json\/wp\/v2\/comments?post=76547"}],"version-history":[{"count":1,"href":"https:\/\/radioljubuski.ba\/index.php\/wp-json\/wp\/v2\/posts\/76547\/revisions"}],"predecessor-version":[{"id":76548,"href":"https:\/\/radioljubuski.ba\/index.php\/wp-json\/wp\/v2\/posts\/76547\/revisions\/76548"}],"wp:featuredmedia":[{"embeddable":true,"href":"https:\/\/radioljubuski.ba\/index.php\/wp-json\/wp\/v2\/media\/25896"}],"wp:attachment":[{"href":"https:\/\/radioljubuski.ba\/index.php\/wp-json\/wp\/v2\/media?parent=76547"}],"wp:term":[{"taxonomy":"category","embeddable":true,"href":"https:\/\/radioljubuski.ba\/index.php\/wp-json\/wp\/v2\/categories?post=76547"},{"taxonomy":"post_tag","embeddable":true,"href":"https:\/\/radioljubuski.ba\/index.php\/wp-json\/wp\/v2\/tags?post=76547"}],"curies":[{"name":"wp","href":"https:\/\/api.w.org\/{rel}","templated":true}]}}