{"id":76552,"date":"2021-10-16T16:49:50","date_gmt":"2021-10-16T15:49:50","guid":{"rendered":"https:\/\/radioljubuski.ba\/?p=76552"},"modified":"2021-10-16T16:49:51","modified_gmt":"2021-10-16T15:49:51","slug":"kosor-zaprepastila-me-obavijest-dorh-a-i-uskoka-stranku-sam-zatekla-u-tuznom-stanju","status":"publish","type":"post","link":"https:\/\/radioljubuski.ba\/index.php\/2021\/10\/16\/kosor-zaprepastila-me-obavijest-dorh-a-i-uskoka-stranku-sam-zatekla-u-tuznom-stanju\/","title":{"rendered":"Kosor: Zaprepastila me obavijest DORH-a i Uskoka, stranku sam zatekla u tu\u017enom stanju"},"content":{"rendered":"\n<p><strong>Go\u0161\u0107a emisije Hrvatskog radija &#8220;Intervju tjedna&#8221; urednice i voditeljice\u00a0Jasmine Popovi\u0107\u00a0bila je\u00a0Jadranka Kosor,\u00a0biv\u0161a predsjednica Vlade i HDZ-a.<\/strong><\/p>\n\n\n\n<iframe loading=\"lazy\" src=\"https:\/\/www.facebook.com\/plugins\/video.php?height=476&#038;href=https%3A%2F%2Fwww.facebook.com%2FHRTvijesti%2Fvideos%2F2870335076611684%2F&#038;show_text=false&#038;width=476&#038;t=0\" width=\"476\" height=\"476\" style=\"border:none;overflow:hidden\" scrolling=\"no\" frameborder=\"0\" allowfullscreen=\"true\" allow=\"autoplay; clipboard-write; encrypted-media; picture-in-picture; web-share\" allowFullScreen=\"true\"><\/iframe>\n\n\n\n<p><strong>O presudi u slu\u010daju Fimi media<\/strong><br><br>Povod razgovoru je odluka Vrhovnog suda u slu\u010daju Fimi media u kojem je krivim progla\u0161en&nbsp;<strong>Ivo Sanader<\/strong>, a odgovornim HDZ. Govore\u0107i o tome vremenu dok je bila premijerka Kosor je izjavila da je tada prije 10 godina do\u0161la obavijest iz DORH-a i USKOK-a koju je otvorila i sa zaprepa\u0161tenjem konstatirala \u0161to tamo pi\u0161e.<br><br>&#8211; Bili smo obavije\u0161teni da je pod istragom&nbsp;<strong>Ivo Sanader<\/strong>, ali i neki drugi ljudi, a me\u0111u ostalim i tada\u0161nji potpredsjednik&nbsp;<strong>Ivan Jarnjak<\/strong>, kao i stranka. O tome samo odmah obavijestila u\u017ee vodstvo stranke, odr\u017eala konferenciju za medije i obavijestila javnost, unato\u010d nekim protivljenjima. Deset godina je pro\u0161lo od tog trenutka i u me\u0111uvremenu se dogodilo jako puno toga. \u0160to se mene ti\u010de ova, dvostruka presuda jer je ponovljeno su\u0111enje, pravosudna pri\u010da zavr\u0161ava. U tom procesu sam morala u nekoliko slu\u010dajeva davati iskaze USKOK-u, biti svjedokom na sudu u nekoliko navrata, \u0161to je vrlo mu\u010dno.&nbsp;<strong>Ivo Sanader<\/strong>&nbsp;me preslu\u0161avao na sudu i optu\u017eio me izravno, kao i njegovi odvjetnici, za politi\u010dki progon. Sada je nedvojbeno utvr\u0111eno da se nije radilo o politi\u010dkom progonu nego da se radilo o njegovoj krivnji, rekla je Kosor.<br><br>&#8211; Ono na \u0161to bih podsjetila &#8211; na razdoblje 2009.-2010., a podsjetio je ovih dana i gospodin Mihanovi\u0107 koji je tada hrabro iza\u0161ao, stvaralo se ozra\u010dje u kojem je bilo te\u0161ko voditi stranku, bilo je razli\u010ditih vrsta pritisaka. Do kraja 2009.&nbsp;<strong>Ivo Sanader<\/strong>&nbsp;je bio po\u010dasni predsjednik HDZ-a, dolazio je na sjednice predsjedni\u0161tva, bio ogroman autoritet u HDZ-u, odr\u017eavao je neke sastanke s ministrima iako nije bio vi\u0161e predsjednik Vlade, i bilo je izuzetno te\u0161ko dr\u017eati kormilo i imati, ste\u0107i autoritet. \u010cesto me pitaju za\u0161to je oti\u0161ao. Nije dao obrazlo\u017eenje. Na kraju dana kona\u010dna presuda daje dosta elemenata za odgovoriti za\u0161to je zapravo oti\u0161ao, rekla je Kosor.<\/p>\n\n\n\n<p><strong>Kako je mogu\u0107e da nitko ni\u0161ta nije znao?<br><\/strong><br>&#8211; To je jako plo\u0161no, jako pojednostavljeno pitanje koje sad svi bez nekog prisje\u0107anja na elemente iz su\u0111enja, postavljaju. Zatekla sam stranku u tu\u017enom stanju, nije se ulagalo u stranku. Rekla sam da bismo mogli barem oli\u010diti hodnike. Izvanjski nije bilo mogu\u0107e zaklju\u010diti da postoji neki novac koji se ula\u017ee u stranku. Ta teza da nitko ni\u0161ta nije znao je neto\u010dna u tom smislu da su neki znali \u0161to se pokazalo i tijekom su\u0111enja, istaknula je Kosor.<br><br>Prisjetila se jedne od Sanaderovih optu\u017ebi na su\u0111enju:<br><br>&#8211; Postavljaju\u0107i mi pitanja pred sudskim vije\u0107em rekao je: &#8220;Evo, svjedokinja je nebrojeno puta slala razne ljude, razne svjedoke u DORH i USKOK&#8221;. Ja sam rekla da jesam kada sam po\u010dela saznavati , odnosno kad su mi se po\u010deli javljati ljudi i na vidjelo izbile indicije &#8211; te\u0161ko obja\u0161njive. Slala sam ljude, odnosno govorila &#8220;nemojte mi to pri\u010dati&#8221;, nego ih slala u DORH.<br><br>Krajem 2009. i po\u010detkom 2010. bio je, ka\u017ee, veliki pritisak da se smjeni dr\u017eavnog odvjetnika&nbsp;<strong>Mladena Baji\u0107a&nbsp;<\/strong>u vrijeme reizbora.<br><br>&#8211; No smatrala sam da bi to bilo skandalozno, jer su ve\u0107 i mediji pisali, i DORH i USKOK su ve\u0107 istra\u017eivali &#8211; i on je dobio moju punu potporu. Mislim da je taj odnos prema vladavini prava i pravnoj dr\u017eavi bio u to vrijeme na vi\u0161oj razini nego \u0161to je to uslijedilo nakon ulaska RH u Europsku uniju. To nije bilo sam zbog toga da je, kao \u0161to su neki interpretirali, trebao neki Pedro da zatvorimo poglavlje 23 i iska\u017eemo punu otvorenost prema borbi protiv korupcije, ka\u017ee.<br><br>Govorila je, ka\u017ee, &#8220;idemo o\u010distiti svoju ku\u0107u i svoje dvori\u0161te i pokazati i drugima da se to mo\u017ee&#8221;.<br><br>&#8211; Ali, vidjeli ste. Ono \u0161to sam ja najbolje radila kao predsjednica stranke mene je ko\u0161talo moje politi\u010dke glave jer su mnogi smatrali da \u010dinim krivo i da je trebalo zatvarati neke otvorene pri\u010de. Sada mnogi govore HDZ je platio svoju cijenu krajem 2011. godine. Ali HDZ je tada izgubio izbore kao stranka koja je tek dobila obavijest da je pod istragom, stranka nije bila pod optu\u017ebom, podsjetila je.<br><br><strong>Oporba tra\u017ei ispriku, ostavke, izvanredne izbore. Biste li se vi na premijerovom mjestu ispri\u010dali i za\u0161to?<br><br><\/strong>&#8211; Neka vrsta poruke, \u017ealjenja ili neka vrsta poniznosti bi dobro do\u0161la. Upravo zbog toga \u0161to HDZ vodi dr\u017eavu i \u0161to je najodgovorniji i zbog \u010dinjenice da smo \u010dlanica EU i da je to nezabilje\u017een slu\u010daj. Predsjednik stranke, osobito tako velike stranke, bez obzira kad se upisao u stranku i koliko vodi stranku, ne mo\u017ee stranku dijeliti na odre\u0111ena razdoblja. Mi smo svi prije&nbsp;<strong>Andreja Plenkovi\u0107a<\/strong>&nbsp;preuzimali stranku sa svim usponima i padovima, sa svim dobri i lo\u0161im. Nas je pratila kletva vezana uz privatizaciju. Cijeli proces i \u010dinjenica da je stranka progla\u0161ena odgovornom i da tisu\u0107e \u010dlanica i \u010dlanova stranke to te\u0161ko do\u017eivljava. Tisu\u0107e i tisu\u0107e HDZ-ovaca niti su i\u0161ta dobili, niti skrivili, i mislim da bi neka vrsta javno iskazanog \u017ealjenja jako dobro do\u0161la, smatra Kosor.<br><br><strong>&#8220;HDZ-a se nikad nisam odrekla, iako sam izba\u010dena&#8221;<br><\/strong><br>&#8211; Ovo je prilika da bude iscjeljuju\u0107e i za HDZ kao stranku. Jako va\u017eem \u0161to govorim o HDZ-u jer se HDZ-a nikad nisam odrekla, iako sam izba\u010dena. U visoku politiku me pozvao dr. Tu\u0111man, odmah sam postala potpredsjednica Sabora 1995. i obna\u0161ala najvi\u0161e du\u017enosti i na kraju bila premijerka. Ni\u0161ta od toga ja u politi\u010dkom smislu ne bih ostvarila da nisam bila \u010dlanica HDZ-a. HDZ mi je pru\u017eio veliku priliku pa i u kona\u010dnici da se borim protiv korupcije i kriminala, naglasila je.<br><br>&#8211; Mislim da je ovo mogla biti zaista dobra prilika, zbog presude bi HDZ trebao dizati stra\u0161no visoko ljestvicu u borbi protiv korupcije, ali i u obrani moralnih vrijednosti koji se ti\u010du politike, smatra.<br><br>&#8211; Smatra da je nepotrebno da se prigrljuje Hrelja, koji &#8220;prelije\u0107e&#8221; i koji je bio izabran na listi SDP-a. I bez njegove potpore HDZ bi sasvim sigurno mogao izglasati sve \u0161to ho\u0107e u Saboru. Zato govorim o ljestvici, dodala je.<\/p>\n\n\n\n<p><strong>O oporbi, Saboru i izboru ravnatelja HRT-a<br><br><\/strong>Kosor je bila premijerka kad je oporba bila jaka, kao i \u0161ef oporbe, te smatra da sada\u0161nja situacija ide u smjeru jednostrana\u010dja.<br><br>&#8211; Stranke koje su u koaliciji i koje su vladaju\u0107e su nebitne i neva\u017ene i ne bi postojale, od HSLS-a do Reformista, da ih HDZ ne vu\u010de i da nisu dio te ve\u0107ine. \u0160to se ti\u010de prosvjeda ispred doma ministra Bero\u0161a najo\u0161trije iz sveg srca to osu\u0111ujem jer sam to i ja pro\u0161la. Mene su ru\u017eno vrije\u0111ali, i kao \u017eenu, odlaske pod prozore osu\u0111ujem, kazala je izme\u0111u ostalog.<br><br>\u0160to se ti\u010de ovotjednog zauzimanja govornice u Saboru od strane oporbe, ka\u017ee da je to ne\u0161to \u0161to spada u parlamentarizam.<br><br>&#8211; Mnogi su zaboravili da je u Hrvatskom saboru bilo bacanja torbi, skakanja po stolu, izno\u0161enja, lupanja cipelama po stolu, vrije\u0111anja, pa i predsjednik Vlade je, revoltiran izjavom\u00a0<strong>Nikole Grmoje,<\/strong>\u00a0nasrnuo preko osiguranja prema njemu, Krsti\u010devi\u0107 je bacao makete. Mene su provocirali, kad sam predlagala prora\u010dun u Saboru\u00a0<strong>Milanka Opa\u010di\u0107\u00a0<\/strong>mi je dobacivala &#8220;ti nisi na\u0161a predsjednica Vlade&#8221;. Ono \u0161to je \u010dinjenica, oporba je izvojevala prvu pobjedu. Ravnatelja HRT-a se nije izabralo, no to ne zna\u010di da se tog istog ne\u0107e izabrati idu\u0107eg tjedna jer vidimo da su partneri tu \u010dvrsti. Mislim da se Plenkovi\u0107 dosta osje\u0107ao pogo\u0111enim izborom Dobroni\u0107a na \u010delo Vrhovnog suda. Kako god okrenuli, mnogi \u0107e tuma\u010diti kao neku vrstu pobjede\u00a0<strong>Zorana Milanovi\u0107a<\/strong>, rekla je zavr\u0161no.<br><br>Pogledajte cijeli razgovor\u00a0<strong>Jadranke Kosor\u00a0<\/strong>za Hrvatski radio:<\/p>\n\n\n\n<div style=\"width: 640px;\" class=\"wp-video\"><video class=\"wp-video-shortcode\" id=\"video-76552-1\" width=\"640\" height=\"360\" preload=\"metadata\" controls=\"controls\"><source type=\"video\/mp4\" src=\"https:\/\/api.hrt.hr\/media\/1f\/2e\/hr-intervju-tjedna-kosor-web-20211015172214.mp4?_=1\" \/><a href=\"https:\/\/api.hrt.hr\/media\/1f\/2e\/hr-intervju-tjedna-kosor-web-20211015172214.mp4\">https:\/\/api.hrt.hr\/media\/1f\/2e\/hr-intervju-tjedna-kosor-web-20211015172214.mp4<\/a><\/video><\/div>\n\n\n\n<p>Izvor:hrt.hr<\/p>\n","protected":false},"excerpt":{"rendered":"<p>Go\u0161\u0107a emisije Hrvatskog radija &#8220;Intervju tjedna&#8221; urednice i voditeljice\u00a0Jasmine Popovi\u0107\u00a0bila je\u00a0Jadranka Kosor,\u00a0biv\u0161a predsjednica Vlade i HDZ-a. O presudi u slu\u010daju Fimi media Povod razgovoru je odluka Vrhovnog suda u slu\u010daju Fimi media u kojem je krivim progla\u0161en&nbsp;Ivo Sanader, a odgovornim HDZ. Govore\u0107i o tome vremenu dok je bila premijerka Kosor je izjavila da je tada [&hellip;]<\/p>\n","protected":false},"author":2,"featured_media":76553,"comment_status":"closed","ping_status":"closed","sticky":false,"template":"","format":"standard","meta":{"h5ap_radio_sources":[],"footnotes":""},"categories":[1],"tags":[],"class_list":["post-76552","post","type-post","status-publish","format-standard","has-post-thumbnail","hentry","category-bihiregija"],"yoast_head":"<!-- This site is optimized with the Yoast SEO plugin v27.4 - https:\/\/yoast.com\/product\/yoast-seo-wordpress\/ -->\n<title>Kosor: Zaprepastila me obavijest DORH-a i Uskoka, stranku sam zatekla u tu\u017enom stanju - RADIO LJUBU\u0160KI<\/title>\n<meta name=\"robots\" content=\"index, follow, max-snippet:-1, max-image-preview:large, max-video-preview:-1\" \/>\n<link rel=\"canonical\" href=\"https:\/\/radioljubuski.ba\/index.php\/2021\/10\/16\/kosor-zaprepastila-me-obavijest-dorh-a-i-uskoka-stranku-sam-zatekla-u-tuznom-stanju\/\" \/>\n<meta property=\"og:locale\" content=\"hr_HR\" \/>\n<meta property=\"og:type\" content=\"article\" \/>\n<meta property=\"og:title\" content=\"Kosor: Zaprepastila me obavijest DORH-a i Uskoka, stranku sam zatekla u tu\u017enom stanju - RADIO LJUBU\u0160KI\" \/>\n<meta property=\"og:description\" content=\"Go\u0161\u0107a emisije Hrvatskog radija &#8220;Intervju tjedna&#8221; urednice i voditeljice\u00a0Jasmine Popovi\u0107\u00a0bila je\u00a0Jadranka Kosor,\u00a0biv\u0161a predsjednica Vlade i HDZ-a. O presudi u slu\u010daju Fimi media Povod razgovoru je odluka Vrhovnog suda u slu\u010daju Fimi media u kojem je krivim progla\u0161en&nbsp;Ivo Sanader, a odgovornim HDZ. Govore\u0107i o tome vremenu dok je bila premijerka Kosor je izjavila da je tada [&hellip;]\" \/>\n<meta property=\"og:url\" content=\"https:\/\/radioljubuski.ba\/index.php\/2021\/10\/16\/kosor-zaprepastila-me-obavijest-dorh-a-i-uskoka-stranku-sam-zatekla-u-tuznom-stanju\/\" \/>\n<meta property=\"og:site_name\" content=\"RADIO LJUBU\u0160KI\" \/>\n<meta property=\"article:publisher\" content=\"https:\/\/www.facebook.com\/Radiio-Ljubuski-1490835324566332\" \/>\n<meta property=\"article:published_time\" content=\"2021-10-16T15:49:50+00:00\" \/>\n<meta property=\"article:modified_time\" content=\"2021-10-16T15:49:51+00:00\" \/>\n<meta property=\"og:image\" content=\"https:\/\/radioljubuski.ba\/wp-content\/uploads\/2021\/10\/jadrankakosor-intervjutjedna-20211016070431.jpg\" \/>\n\t<meta property=\"og:image:width\" content=\"800\" \/>\n\t<meta property=\"og:image:height\" content=\"450\" \/>\n\t<meta property=\"og:image:type\" content=\"image\/jpeg\" \/>\n<meta name=\"author\" content=\"Radio Ljubu\u0161ki\" \/>\n<meta name=\"twitter:card\" content=\"summary_large_image\" \/>\n<meta name=\"twitter:creator\" content=\"@radioljubuski\" \/>\n<meta name=\"twitter:site\" content=\"@radioljubuski\" \/>\n<meta name=\"twitter:label1\" content=\"Napisao\/la\" \/>\n\t<meta name=\"twitter:data1\" content=\"Radio Ljubu\u0161ki\" \/>\n\t<meta name=\"twitter:label2\" content=\"Procijenjeno vrijeme \u010ditanja\" \/>\n\t<meta name=\"twitter:data2\" content=\"6 minuta\" \/>\n<script type=\"application\/ld+json\" class=\"yoast-schema-graph\">{\"@context\":\"https:\\\/\\\/schema.org\",\"@graph\":[{\"@type\":\"Article\",\"@id\":\"https:\\\/\\\/radioljubuski.ba\\\/index.php\\\/2021\\\/10\\\/16\\\/kosor-zaprepastila-me-obavijest-dorh-a-i-uskoka-stranku-sam-zatekla-u-tuznom-stanju\\\/#article\",\"isPartOf\":{\"@id\":\"https:\\\/\\\/radioljubuski.ba\\\/index.php\\\/2021\\\/10\\\/16\\\/kosor-zaprepastila-me-obavijest-dorh-a-i-uskoka-stranku-sam-zatekla-u-tuznom-stanju\\\/\"},\"author\":{\"name\":\"Radio Ljubu\u0161ki\",\"@id\":\"https:\\\/\\\/radioljubuski.ba\\\/#\\\/schema\\\/person\\\/19fc700381a780f69665d7956c469e3b\"},\"headline\":\"Kosor: Zaprepastila me obavijest DORH-a i Uskoka, stranku sam zatekla u tu\u017enom stanju\",\"datePublished\":\"2021-10-16T15:49:50+00:00\",\"dateModified\":\"2021-10-16T15:49:51+00:00\",\"mainEntityOfPage\":{\"@id\":\"https:\\\/\\\/radioljubuski.ba\\\/index.php\\\/2021\\\/10\\\/16\\\/kosor-zaprepastila-me-obavijest-dorh-a-i-uskoka-stranku-sam-zatekla-u-tuznom-stanju\\\/\"},\"wordCount\":1404,\"publisher\":{\"@id\":\"https:\\\/\\\/radioljubuski.ba\\\/#organization\"},\"image\":{\"@id\":\"https:\\\/\\\/radioljubuski.ba\\\/index.php\\\/2021\\\/10\\\/16\\\/kosor-zaprepastila-me-obavijest-dorh-a-i-uskoka-stranku-sam-zatekla-u-tuznom-stanju\\\/#primaryimage\"},\"thumbnailUrl\":\"https:\\\/\\\/radioljubuski.ba\\\/wp-content\\\/uploads\\\/2021\\\/10\\\/jadrankakosor-intervjutjedna-20211016070431.jpg\",\"articleSection\":[\"BIH i regija\"],\"inLanguage\":\"hr\"},{\"@type\":\"WebPage\",\"@id\":\"https:\\\/\\\/radioljubuski.ba\\\/index.php\\\/2021\\\/10\\\/16\\\/kosor-zaprepastila-me-obavijest-dorh-a-i-uskoka-stranku-sam-zatekla-u-tuznom-stanju\\\/\",\"url\":\"https:\\\/\\\/radioljubuski.ba\\\/index.php\\\/2021\\\/10\\\/16\\\/kosor-zaprepastila-me-obavijest-dorh-a-i-uskoka-stranku-sam-zatekla-u-tuznom-stanju\\\/\",\"name\":\"Kosor: Zaprepastila me obavijest DORH-a i Uskoka, stranku sam zatekla u tu\u017enom stanju - RADIO LJUBU\u0160KI\",\"isPartOf\":{\"@id\":\"https:\\\/\\\/radioljubuski.ba\\\/#website\"},\"primaryImageOfPage\":{\"@id\":\"https:\\\/\\\/radioljubuski.ba\\\/index.php\\\/2021\\\/10\\\/16\\\/kosor-zaprepastila-me-obavijest-dorh-a-i-uskoka-stranku-sam-zatekla-u-tuznom-stanju\\\/#primaryimage\"},\"image\":{\"@id\":\"https:\\\/\\\/radioljubuski.ba\\\/index.php\\\/2021\\\/10\\\/16\\\/kosor-zaprepastila-me-obavijest-dorh-a-i-uskoka-stranku-sam-zatekla-u-tuznom-stanju\\\/#primaryimage\"},\"thumbnailUrl\":\"https:\\\/\\\/radioljubuski.ba\\\/wp-content\\\/uploads\\\/2021\\\/10\\\/jadrankakosor-intervjutjedna-20211016070431.jpg\",\"datePublished\":\"2021-10-16T15:49:50+00:00\",\"dateModified\":\"2021-10-16T15:49:51+00:00\",\"breadcrumb\":{\"@id\":\"https:\\\/\\\/radioljubuski.ba\\\/index.php\\\/2021\\\/10\\\/16\\\/kosor-zaprepastila-me-obavijest-dorh-a-i-uskoka-stranku-sam-zatekla-u-tuznom-stanju\\\/#breadcrumb\"},\"inLanguage\":\"hr\",\"potentialAction\":[{\"@type\":\"ReadAction\",\"target\":[\"https:\\\/\\\/radioljubuski.ba\\\/index.php\\\/2021\\\/10\\\/16\\\/kosor-zaprepastila-me-obavijest-dorh-a-i-uskoka-stranku-sam-zatekla-u-tuznom-stanju\\\/\"]}]},{\"@type\":\"ImageObject\",\"inLanguage\":\"hr\",\"@id\":\"https:\\\/\\\/radioljubuski.ba\\\/index.php\\\/2021\\\/10\\\/16\\\/kosor-zaprepastila-me-obavijest-dorh-a-i-uskoka-stranku-sam-zatekla-u-tuznom-stanju\\\/#primaryimage\",\"url\":\"https:\\\/\\\/radioljubuski.ba\\\/wp-content\\\/uploads\\\/2021\\\/10\\\/jadrankakosor-intervjutjedna-20211016070431.jpg\",\"contentUrl\":\"https:\\\/\\\/radioljubuski.ba\\\/wp-content\\\/uploads\\\/2021\\\/10\\\/jadrankakosor-intervjutjedna-20211016070431.jpg\",\"width\":800,\"height\":450},{\"@type\":\"BreadcrumbList\",\"@id\":\"https:\\\/\\\/radioljubuski.ba\\\/index.php\\\/2021\\\/10\\\/16\\\/kosor-zaprepastila-me-obavijest-dorh-a-i-uskoka-stranku-sam-zatekla-u-tuznom-stanju\\\/#breadcrumb\",\"itemListElement\":[{\"@type\":\"ListItem\",\"position\":1,\"name\":\"Po\u010detna stranica\",\"item\":\"https:\\\/\\\/radioljubuski.ba\\\/\"},{\"@type\":\"ListItem\",\"position\":2,\"name\":\"Kosor: Zaprepastila me obavijest DORH-a i Uskoka, stranku sam zatekla u tu\u017enom stanju\"}]},{\"@type\":\"WebSite\",\"@id\":\"https:\\\/\\\/radioljubuski.ba\\\/#website\",\"url\":\"https:\\\/\\\/radioljubuski.ba\\\/\",\"name\":\"Radio Ljubu\u0161ki\",\"description\":\"Sun\u010dana frekvencija Hercegovine\",\"publisher\":{\"@id\":\"https:\\\/\\\/radioljubuski.ba\\\/#organization\"},\"potentialAction\":[{\"@type\":\"SearchAction\",\"target\":{\"@type\":\"EntryPoint\",\"urlTemplate\":\"https:\\\/\\\/radioljubuski.ba\\\/?s={search_term_string}\"},\"query-input\":{\"@type\":\"PropertyValueSpecification\",\"valueRequired\":true,\"valueName\":\"search_term_string\"}}],\"inLanguage\":\"hr\"},{\"@type\":\"Organization\",\"@id\":\"https:\\\/\\\/radioljubuski.ba\\\/#organization\",\"name\":\"Radio Ljubu\u0161ki\",\"url\":\"https:\\\/\\\/radioljubuski.ba\\\/\",\"logo\":{\"@type\":\"ImageObject\",\"inLanguage\":\"hr\",\"@id\":\"https:\\\/\\\/radioljubuski.ba\\\/#\\\/schema\\\/logo\\\/image\\\/\",\"url\":\"https:\\\/\\\/radioljubuski.ba\\\/wp-content\\\/uploads\\\/2021\\\/02\\\/cropped-Radio_Ljubuski_logo1.jpg\",\"contentUrl\":\"https:\\\/\\\/radioljubuski.ba\\\/wp-content\\\/uploads\\\/2021\\\/02\\\/cropped-Radio_Ljubuski_logo1.jpg\",\"width\":512,\"height\":512,\"caption\":\"Radio Ljubu\u0161ki\"},\"image\":{\"@id\":\"https:\\\/\\\/radioljubuski.ba\\\/#\\\/schema\\\/logo\\\/image\\\/\"},\"sameAs\":[\"https:\\\/\\\/www.facebook.com\\\/Radiio-Ljubuski-1490835324566332\",\"https:\\\/\\\/x.com\\\/radioljubuski\",\"https:\\\/\\\/hr.linkedin.com\\\/company\\\/radio-ljubuski\",\"https:\\\/\\\/www.youtube.com\\\/channel\\\/UCHYaeO_n0Db3tjNGudGpXyw\"]},{\"@type\":\"Person\",\"@id\":\"https:\\\/\\\/radioljubuski.ba\\\/#\\\/schema\\\/person\\\/19fc700381a780f69665d7956c469e3b\",\"name\":\"Radio Ljubu\u0161ki\"}]}<\/script>\n<!-- \/ Yoast SEO plugin. -->","yoast_head_json":{"title":"Kosor: Zaprepastila me obavijest DORH-a i Uskoka, stranku sam zatekla u tu\u017enom stanju - RADIO LJUBU\u0160KI","robots":{"index":"index","follow":"follow","max-snippet":"max-snippet:-1","max-image-preview":"max-image-preview:large","max-video-preview":"max-video-preview:-1"},"canonical":"https:\/\/radioljubuski.ba\/index.php\/2021\/10\/16\/kosor-zaprepastila-me-obavijest-dorh-a-i-uskoka-stranku-sam-zatekla-u-tuznom-stanju\/","og_locale":"hr_HR","og_type":"article","og_title":"Kosor: Zaprepastila me obavijest DORH-a i Uskoka, stranku sam zatekla u tu\u017enom stanju - RADIO LJUBU\u0160KI","og_description":"Go\u0161\u0107a emisije Hrvatskog radija &#8220;Intervju tjedna&#8221; urednice i voditeljice\u00a0Jasmine Popovi\u0107\u00a0bila je\u00a0Jadranka Kosor,\u00a0biv\u0161a predsjednica Vlade i HDZ-a. O presudi u slu\u010daju Fimi media Povod razgovoru je odluka Vrhovnog suda u slu\u010daju Fimi media u kojem je krivim progla\u0161en&nbsp;Ivo Sanader, a odgovornim HDZ. Govore\u0107i o tome vremenu dok je bila premijerka Kosor je izjavila da je tada [&hellip;]","og_url":"https:\/\/radioljubuski.ba\/index.php\/2021\/10\/16\/kosor-zaprepastila-me-obavijest-dorh-a-i-uskoka-stranku-sam-zatekla-u-tuznom-stanju\/","og_site_name":"RADIO LJUBU\u0160KI","article_publisher":"https:\/\/www.facebook.com\/Radiio-Ljubuski-1490835324566332","article_published_time":"2021-10-16T15:49:50+00:00","article_modified_time":"2021-10-16T15:49:51+00:00","og_image":[{"width":800,"height":450,"url":"https:\/\/radioljubuski.ba\/wp-content\/uploads\/2021\/10\/jadrankakosor-intervjutjedna-20211016070431.jpg","type":"image\/jpeg"}],"author":"Radio Ljubu\u0161ki","twitter_card":"summary_large_image","twitter_creator":"@radioljubuski","twitter_site":"@radioljubuski","twitter_misc":{"Napisao\/la":"Radio Ljubu\u0161ki","Procijenjeno vrijeme \u010ditanja":"6 minuta"},"schema":{"@context":"https:\/\/schema.org","@graph":[{"@type":"Article","@id":"https:\/\/radioljubuski.ba\/index.php\/2021\/10\/16\/kosor-zaprepastila-me-obavijest-dorh-a-i-uskoka-stranku-sam-zatekla-u-tuznom-stanju\/#article","isPartOf":{"@id":"https:\/\/radioljubuski.ba\/index.php\/2021\/10\/16\/kosor-zaprepastila-me-obavijest-dorh-a-i-uskoka-stranku-sam-zatekla-u-tuznom-stanju\/"},"author":{"name":"Radio Ljubu\u0161ki","@id":"https:\/\/radioljubuski.ba\/#\/schema\/person\/19fc700381a780f69665d7956c469e3b"},"headline":"Kosor: Zaprepastila me obavijest DORH-a i Uskoka, stranku sam zatekla u tu\u017enom stanju","datePublished":"2021-10-16T15:49:50+00:00","dateModified":"2021-10-16T15:49:51+00:00","mainEntityOfPage":{"@id":"https:\/\/radioljubuski.ba\/index.php\/2021\/10\/16\/kosor-zaprepastila-me-obavijest-dorh-a-i-uskoka-stranku-sam-zatekla-u-tuznom-stanju\/"},"wordCount":1404,"publisher":{"@id":"https:\/\/radioljubuski.ba\/#organization"},"image":{"@id":"https:\/\/radioljubuski.ba\/index.php\/2021\/10\/16\/kosor-zaprepastila-me-obavijest-dorh-a-i-uskoka-stranku-sam-zatekla-u-tuznom-stanju\/#primaryimage"},"thumbnailUrl":"https:\/\/radioljubuski.ba\/wp-content\/uploads\/2021\/10\/jadrankakosor-intervjutjedna-20211016070431.jpg","articleSection":["BIH i regija"],"inLanguage":"hr"},{"@type":"WebPage","@id":"https:\/\/radioljubuski.ba\/index.php\/2021\/10\/16\/kosor-zaprepastila-me-obavijest-dorh-a-i-uskoka-stranku-sam-zatekla-u-tuznom-stanju\/","url":"https:\/\/radioljubuski.ba\/index.php\/2021\/10\/16\/kosor-zaprepastila-me-obavijest-dorh-a-i-uskoka-stranku-sam-zatekla-u-tuznom-stanju\/","name":"Kosor: Zaprepastila me obavijest DORH-a i Uskoka, stranku sam zatekla u tu\u017enom stanju - RADIO LJUBU\u0160KI","isPartOf":{"@id":"https:\/\/radioljubuski.ba\/#website"},"primaryImageOfPage":{"@id":"https:\/\/radioljubuski.ba\/index.php\/2021\/10\/16\/kosor-zaprepastila-me-obavijest-dorh-a-i-uskoka-stranku-sam-zatekla-u-tuznom-stanju\/#primaryimage"},"image":{"@id":"https:\/\/radioljubuski.ba\/index.php\/2021\/10\/16\/kosor-zaprepastila-me-obavijest-dorh-a-i-uskoka-stranku-sam-zatekla-u-tuznom-stanju\/#primaryimage"},"thumbnailUrl":"https:\/\/radioljubuski.ba\/wp-content\/uploads\/2021\/10\/jadrankakosor-intervjutjedna-20211016070431.jpg","datePublished":"2021-10-16T15:49:50+00:00","dateModified":"2021-10-16T15:49:51+00:00","breadcrumb":{"@id":"https:\/\/radioljubuski.ba\/index.php\/2021\/10\/16\/kosor-zaprepastila-me-obavijest-dorh-a-i-uskoka-stranku-sam-zatekla-u-tuznom-stanju\/#breadcrumb"},"inLanguage":"hr","potentialAction":[{"@type":"ReadAction","target":["https:\/\/radioljubuski.ba\/index.php\/2021\/10\/16\/kosor-zaprepastila-me-obavijest-dorh-a-i-uskoka-stranku-sam-zatekla-u-tuznom-stanju\/"]}]},{"@type":"ImageObject","inLanguage":"hr","@id":"https:\/\/radioljubuski.ba\/index.php\/2021\/10\/16\/kosor-zaprepastila-me-obavijest-dorh-a-i-uskoka-stranku-sam-zatekla-u-tuznom-stanju\/#primaryimage","url":"https:\/\/radioljubuski.ba\/wp-content\/uploads\/2021\/10\/jadrankakosor-intervjutjedna-20211016070431.jpg","contentUrl":"https:\/\/radioljubuski.ba\/wp-content\/uploads\/2021\/10\/jadrankakosor-intervjutjedna-20211016070431.jpg","width":800,"height":450},{"@type":"BreadcrumbList","@id":"https:\/\/radioljubuski.ba\/index.php\/2021\/10\/16\/kosor-zaprepastila-me-obavijest-dorh-a-i-uskoka-stranku-sam-zatekla-u-tuznom-stanju\/#breadcrumb","itemListElement":[{"@type":"ListItem","position":1,"name":"Po\u010detna stranica","item":"https:\/\/radioljubuski.ba\/"},{"@type":"ListItem","position":2,"name":"Kosor: Zaprepastila me obavijest DORH-a i Uskoka, stranku sam zatekla u tu\u017enom stanju"}]},{"@type":"WebSite","@id":"https:\/\/radioljubuski.ba\/#website","url":"https:\/\/radioljubuski.ba\/","name":"Radio Ljubu\u0161ki","description":"Sun\u010dana frekvencija Hercegovine","publisher":{"@id":"https:\/\/radioljubuski.ba\/#organization"},"potentialAction":[{"@type":"SearchAction","target":{"@type":"EntryPoint","urlTemplate":"https:\/\/radioljubuski.ba\/?s={search_term_string}"},"query-input":{"@type":"PropertyValueSpecification","valueRequired":true,"valueName":"search_term_string"}}],"inLanguage":"hr"},{"@type":"Organization","@id":"https:\/\/radioljubuski.ba\/#organization","name":"Radio Ljubu\u0161ki","url":"https:\/\/radioljubuski.ba\/","logo":{"@type":"ImageObject","inLanguage":"hr","@id":"https:\/\/radioljubuski.ba\/#\/schema\/logo\/image\/","url":"https:\/\/radioljubuski.ba\/wp-content\/uploads\/2021\/02\/cropped-Radio_Ljubuski_logo1.jpg","contentUrl":"https:\/\/radioljubuski.ba\/wp-content\/uploads\/2021\/02\/cropped-Radio_Ljubuski_logo1.jpg","width":512,"height":512,"caption":"Radio Ljubu\u0161ki"},"image":{"@id":"https:\/\/radioljubuski.ba\/#\/schema\/logo\/image\/"},"sameAs":["https:\/\/www.facebook.com\/Radiio-Ljubuski-1490835324566332","https:\/\/x.com\/radioljubuski","https:\/\/hr.linkedin.com\/company\/radio-ljubuski","https:\/\/www.youtube.com\/channel\/UCHYaeO_n0Db3tjNGudGpXyw"]},{"@type":"Person","@id":"https:\/\/radioljubuski.ba\/#\/schema\/person\/19fc700381a780f69665d7956c469e3b","name":"Radio Ljubu\u0161ki"}]}},"_links":{"self":[{"href":"https:\/\/radioljubuski.ba\/index.php\/wp-json\/wp\/v2\/posts\/76552","targetHints":{"allow":["GET"]}}],"collection":[{"href":"https:\/\/radioljubuski.ba\/index.php\/wp-json\/wp\/v2\/posts"}],"about":[{"href":"https:\/\/radioljubuski.ba\/index.php\/wp-json\/wp\/v2\/types\/post"}],"author":[{"embeddable":true,"href":"https:\/\/radioljubuski.ba\/index.php\/wp-json\/wp\/v2\/users\/2"}],"replies":[{"embeddable":true,"href":"https:\/\/radioljubuski.ba\/index.php\/wp-json\/wp\/v2\/comments?post=76552"}],"version-history":[{"count":1,"href":"https:\/\/radioljubuski.ba\/index.php\/wp-json\/wp\/v2\/posts\/76552\/revisions"}],"predecessor-version":[{"id":76554,"href":"https:\/\/radioljubuski.ba\/index.php\/wp-json\/wp\/v2\/posts\/76552\/revisions\/76554"}],"wp:featuredmedia":[{"embeddable":true,"href":"https:\/\/radioljubuski.ba\/index.php\/wp-json\/wp\/v2\/media\/76553"}],"wp:attachment":[{"href":"https:\/\/radioljubuski.ba\/index.php\/wp-json\/wp\/v2\/media?parent=76552"}],"wp:term":[{"taxonomy":"category","embeddable":true,"href":"https:\/\/radioljubuski.ba\/index.php\/wp-json\/wp\/v2\/categories?post=76552"},{"taxonomy":"post_tag","embeddable":true,"href":"https:\/\/radioljubuski.ba\/index.php\/wp-json\/wp\/v2\/tags?post=76552"}],"curies":[{"name":"wp","href":"https:\/\/api.w.org\/{rel}","templated":true}]}}