{"id":76555,"date":"2021-10-16T18:49:15","date_gmt":"2021-10-16T17:49:15","guid":{"rendered":"https:\/\/radioljubuski.ba\/?p=76555"},"modified":"2021-10-16T18:49:15","modified_gmt":"2021-10-16T17:49:15","slug":"plenkovic-prosvjed-pred-kucama-clanova-stozera-cirkus-vlada-radi-odgovorno","status":"publish","type":"post","link":"https:\/\/radioljubuski.ba\/index.php\/2021\/10\/16\/plenkovic-prosvjed-pred-kucama-clanova-stozera-cirkus-vlada-radi-odgovorno\/","title":{"rendered":"Plenkovi\u0107: Prosvjed pred ku\u0107ama \u010dlanova Sto\u017eera cirkus, Vlada radi odgovorno"},"content":{"rendered":"\n<p><strong>Premijer Andrej Plenkovi\u0107 istaknuo je u subotu, vezano za prosvjede skupine nezadovoljnika pred domovima \u010dlanova Nacionalnog sto\u017eera civilne za\u0161tite, da su takvi cirkusi nepotrebni u situaciji kada je Vlada djelovala odgovorno u pandemiji i korona krizi.<\/strong><\/p>\n\n\n\n<p>&#8211;&nbsp;Svi ti cirkusi, a nazvat \u0107u ih cirkusima bez obzira na to \u0161to \u0107e oni misliti da sam &#8216;grozan&#8217;, su nepotrebni u situaciji kada je Vlada djelovala toliko razumno, odgovorno, primjereno, suptilno, fino, osjetljivo, na sve mogu\u0107e segmente funkcioniranja dr\u017eave u 600 dana u pandemiji; gdje su druge dr\u017eave zatvarale sve mjesecima, izjavio je premijer Plenkovi\u0107 nakon konferencije Dani poljoprivrede, ribarstva i \u0161umarstva u Zagrebu.<br><br>Podsjetio je, primjerice, kako gra\u0111ani u Belgiji \u0161est mjeseci u pandemiji nisu mogli do frizera, nisu radili kafi\u0107i, restorani, shopping centri, kina, kazali\u0161ta i muzeji, a dok su kod nas ostala samo dva elementa epidemiolo\u0161kih mjera &#8211; velika okupljanja i no\u0107ni klubovi.<br><br>&#8211; Zaista ne vidim koji je to iritantni trenutak koji nekoga &#8216;onako pikne&#8217;, pa da on mora i\u0107i kod ministra zdravstva (Vilija Bero\u0161a), profesorice Alenke Markoti\u0107 ili nekog drugog doma, da bi ne\u0161to prosvjedovao. Koji je to moment, koji je razlog? Ja to ne vidim, ni\u0161ta od toga mi ne djeluje racionalno i razumno, osim ako netko ne \u017eeli generirati neku situaciju ulice, procijenio je premijer.<br><br>Skupina prosvjednika se u \u010detvrtak nave\u010der, na Facebook poziv kri\u017eeva\u010dkog vjerou\u010ditelja Ivana Pokupca, okupila pred ku\u0107om ministra zdravstva Bero\u0161a zbog, kako su naveli, ograni\u010denja posjeta bolesnoj djeci tijekom pandemije, a on je roditeljima poru\u010dio da razumije njihovo nezadovoljstvo, no da mjesto za rje\u0161avanje takvih pitanja treba biti Ministarstvo zdravstva, a ne njegov dom. U petak je skupina do\u0161la &#8216;prosvjedovati&#8217; pred ku\u0107u ravnateljice Klinike za infektivne bolesti &#8220;Dr. Fran Mihaljevi\u0107&#8221;&nbsp;<strong>Alemke Markoti\u0107<\/strong>.<br><br>Na novinarsko pitanje mo\u017ee li ta situacija eskalirati i imaju li \u010dlanovi Sto\u017eera policijsku za\u0161titu, jer su najavljeni i &#8216;dodatni prosvjedi&#8217; pred ku\u0107ama, odgovorio je da, koliko zna, nemaju.<br><br>&#8211; Ako sad netko bude toliko divlji pa da baca kamen po nekome, da mu lupa na prozor, zastra\u0161uje djecu, suprugu, mamu, tatu &#8211; onda \u0107e imati. Ali u na\u010delu, do teroristi\u010dkog napada lani, pa mi smo svi bili &#8216;na izvolite&#8217;. Gdje ste vi mogli vidjeti dramati\u010dne barikade, naglasio je Plenkovi\u0107.<br><br>Mi smo normalna, mala srednjoeuropska i mediteranska zemlja, kulturna, topli, dobri doma\u0107ini; pa nismo mi divlji, dodao je.<br><br>&#8211; Ako ima divljih, tu i tamo ima, ali nije hrvatski narod ne\u0161to nasilan. Nisam to primijetio, ovo su iznimke. Pozivam ih da se smire i da budu razumni, nema nikakvog razloga za dramu, ima puno gorih situacija, ocijenio je.<br><br>Ponovno upitan o tajmingu presude Vrhovnog suda u slu\u010daju Fimi media, odgovorio je kako o tome misli isto kao i ju\u010der, referiraju\u0107i se na svoju izjavu u Zapre\u0161i\u0107u kada je rekao da trenutak dono\u0161enja presude nije dovodio u pitanje niti jednom izjavom.<br><br>\u0160to se ti\u010de eventualnog saborskog glasanja o opozivu ministra financija<strong>&nbsp;Zdravka Mari\u0107a<\/strong>, premijer Plenkovi\u0107 je podsjetio kako su do sada imali nekoliko interpelacija i branjenja u Saboru.<br><br>&#8211; Koliko se sje\u0107am, nije ba\u0161 niti jedna (interpelacija) pro\u0161la, a ne\u0107e ni ova. Ali to je demokracija, mi smo tu, nije problem, poru\u010dio je predsjednik Vlade.<\/p>\n\n\n\n<p>Izvor:hrt.hr<\/p>\n","protected":false},"excerpt":{"rendered":"<p>Premijer Andrej Plenkovi\u0107 istaknuo je u subotu, vezano za prosvjede skupine nezadovoljnika pred domovima \u010dlanova Nacionalnog sto\u017eera civilne za\u0161tite, da su takvi cirkusi nepotrebni u situaciji kada je Vlada djelovala odgovorno u pandemiji i korona krizi. &#8211;&nbsp;Svi ti cirkusi, a nazvat \u0107u ih cirkusima bez obzira na to \u0161to \u0107e oni misliti da sam &#8216;grozan&#8217;, [&hellip;]<\/p>\n","protected":false},"author":2,"featured_media":66996,"comment_status":"closed","ping_status":"closed","sticky":false,"template":"","format":"standard","meta":{"h5ap_radio_sources":[],"footnotes":""},"categories":[1],"tags":[],"class_list":["post-76555","post","type-post","status-publish","format-standard","has-post-thumbnail","hentry","category-bihiregija"],"yoast_head":"<!-- This site is optimized with the Yoast SEO plugin v27.4 - https:\/\/yoast.com\/product\/yoast-seo-wordpress\/ -->\n<title>Plenkovi\u0107: Prosvjed pred ku\u0107ama \u010dlanova Sto\u017eera cirkus, Vlada radi odgovorno - RADIO LJUBU\u0160KI<\/title>\n<meta name=\"robots\" content=\"index, follow, max-snippet:-1, max-image-preview:large, max-video-preview:-1\" \/>\n<link rel=\"canonical\" href=\"https:\/\/radioljubuski.ba\/index.php\/2021\/10\/16\/plenkovic-prosvjed-pred-kucama-clanova-stozera-cirkus-vlada-radi-odgovorno\/\" \/>\n<meta property=\"og:locale\" content=\"hr_HR\" \/>\n<meta property=\"og:type\" content=\"article\" \/>\n<meta property=\"og:title\" content=\"Plenkovi\u0107: Prosvjed pred ku\u0107ama \u010dlanova Sto\u017eera cirkus, Vlada radi odgovorno - RADIO LJUBU\u0160KI\" \/>\n<meta property=\"og:description\" content=\"Premijer Andrej Plenkovi\u0107 istaknuo je u subotu, vezano za prosvjede skupine nezadovoljnika pred domovima \u010dlanova Nacionalnog sto\u017eera civilne za\u0161tite, da su takvi cirkusi nepotrebni u situaciji kada je Vlada djelovala odgovorno u pandemiji i korona krizi. &#8211;&nbsp;Svi ti cirkusi, a nazvat \u0107u ih cirkusima bez obzira na to \u0161to \u0107e oni misliti da sam &#8216;grozan&#8217;, [&hellip;]\" \/>\n<meta property=\"og:url\" content=\"https:\/\/radioljubuski.ba\/index.php\/2021\/10\/16\/plenkovic-prosvjed-pred-kucama-clanova-stozera-cirkus-vlada-radi-odgovorno\/\" \/>\n<meta property=\"og:site_name\" content=\"RADIO LJUBU\u0160KI\" \/>\n<meta property=\"article:publisher\" content=\"https:\/\/www.facebook.com\/Radiio-Ljubuski-1490835324566332\" \/>\n<meta property=\"article:published_time\" content=\"2021-10-16T17:49:15+00:00\" \/>\n<meta property=\"og:image\" content=\"https:\/\/radioljubuski.ba\/wp-content\/uploads\/2021\/09\/7-2021-08-26-15-15-25-dvrULpzY_plenkovic_konferencija6_041019.jpg\" \/>\n\t<meta property=\"og:image:width\" content=\"1000\" \/>\n\t<meta property=\"og:image:height\" content=\"625\" \/>\n\t<meta property=\"og:image:type\" content=\"image\/jpeg\" \/>\n<meta name=\"author\" content=\"Radio Ljubu\u0161ki\" \/>\n<meta name=\"twitter:card\" content=\"summary_large_image\" \/>\n<meta name=\"twitter:creator\" content=\"@radioljubuski\" \/>\n<meta name=\"twitter:site\" content=\"@radioljubuski\" \/>\n<meta name=\"twitter:label1\" content=\"Napisao\/la\" \/>\n\t<meta name=\"twitter:data1\" content=\"Radio Ljubu\u0161ki\" \/>\n\t<meta name=\"twitter:label2\" content=\"Procijenjeno vrijeme \u010ditanja\" \/>\n\t<meta name=\"twitter:data2\" content=\"3 minute\" \/>\n<script type=\"application\/ld+json\" class=\"yoast-schema-graph\">{\"@context\":\"https:\\\/\\\/schema.org\",\"@graph\":[{\"@type\":\"Article\",\"@id\":\"https:\\\/\\\/radioljubuski.ba\\\/index.php\\\/2021\\\/10\\\/16\\\/plenkovic-prosvjed-pred-kucama-clanova-stozera-cirkus-vlada-radi-odgovorno\\\/#article\",\"isPartOf\":{\"@id\":\"https:\\\/\\\/radioljubuski.ba\\\/index.php\\\/2021\\\/10\\\/16\\\/plenkovic-prosvjed-pred-kucama-clanova-stozera-cirkus-vlada-radi-odgovorno\\\/\"},\"author\":{\"name\":\"Radio Ljubu\u0161ki\",\"@id\":\"https:\\\/\\\/radioljubuski.ba\\\/#\\\/schema\\\/person\\\/19fc700381a780f69665d7956c469e3b\"},\"headline\":\"Plenkovi\u0107: Prosvjed pred ku\u0107ama \u010dlanova Sto\u017eera cirkus, Vlada radi odgovorno\",\"datePublished\":\"2021-10-16T17:49:15+00:00\",\"mainEntityOfPage\":{\"@id\":\"https:\\\/\\\/radioljubuski.ba\\\/index.php\\\/2021\\\/10\\\/16\\\/plenkovic-prosvjed-pred-kucama-clanova-stozera-cirkus-vlada-radi-odgovorno\\\/\"},\"wordCount\":579,\"publisher\":{\"@id\":\"https:\\\/\\\/radioljubuski.ba\\\/#organization\"},\"image\":{\"@id\":\"https:\\\/\\\/radioljubuski.ba\\\/index.php\\\/2021\\\/10\\\/16\\\/plenkovic-prosvjed-pred-kucama-clanova-stozera-cirkus-vlada-radi-odgovorno\\\/#primaryimage\"},\"thumbnailUrl\":\"https:\\\/\\\/radioljubuski.ba\\\/wp-content\\\/uploads\\\/2021\\\/09\\\/7-2021-08-26-15-15-25-dvrULpzY_plenkovic_konferencija6_041019.jpg\",\"articleSection\":[\"BIH i regija\"],\"inLanguage\":\"hr\"},{\"@type\":\"WebPage\",\"@id\":\"https:\\\/\\\/radioljubuski.ba\\\/index.php\\\/2021\\\/10\\\/16\\\/plenkovic-prosvjed-pred-kucama-clanova-stozera-cirkus-vlada-radi-odgovorno\\\/\",\"url\":\"https:\\\/\\\/radioljubuski.ba\\\/index.php\\\/2021\\\/10\\\/16\\\/plenkovic-prosvjed-pred-kucama-clanova-stozera-cirkus-vlada-radi-odgovorno\\\/\",\"name\":\"Plenkovi\u0107: Prosvjed pred ku\u0107ama \u010dlanova Sto\u017eera cirkus, Vlada radi odgovorno - RADIO LJUBU\u0160KI\",\"isPartOf\":{\"@id\":\"https:\\\/\\\/radioljubuski.ba\\\/#website\"},\"primaryImageOfPage\":{\"@id\":\"https:\\\/\\\/radioljubuski.ba\\\/index.php\\\/2021\\\/10\\\/16\\\/plenkovic-prosvjed-pred-kucama-clanova-stozera-cirkus-vlada-radi-odgovorno\\\/#primaryimage\"},\"image\":{\"@id\":\"https:\\\/\\\/radioljubuski.ba\\\/index.php\\\/2021\\\/10\\\/16\\\/plenkovic-prosvjed-pred-kucama-clanova-stozera-cirkus-vlada-radi-odgovorno\\\/#primaryimage\"},\"thumbnailUrl\":\"https:\\\/\\\/radioljubuski.ba\\\/wp-content\\\/uploads\\\/2021\\\/09\\\/7-2021-08-26-15-15-25-dvrULpzY_plenkovic_konferencija6_041019.jpg\",\"datePublished\":\"2021-10-16T17:49:15+00:00\",\"breadcrumb\":{\"@id\":\"https:\\\/\\\/radioljubuski.ba\\\/index.php\\\/2021\\\/10\\\/16\\\/plenkovic-prosvjed-pred-kucama-clanova-stozera-cirkus-vlada-radi-odgovorno\\\/#breadcrumb\"},\"inLanguage\":\"hr\",\"potentialAction\":[{\"@type\":\"ReadAction\",\"target\":[\"https:\\\/\\\/radioljubuski.ba\\\/index.php\\\/2021\\\/10\\\/16\\\/plenkovic-prosvjed-pred-kucama-clanova-stozera-cirkus-vlada-radi-odgovorno\\\/\"]}]},{\"@type\":\"ImageObject\",\"inLanguage\":\"hr\",\"@id\":\"https:\\\/\\\/radioljubuski.ba\\\/index.php\\\/2021\\\/10\\\/16\\\/plenkovic-prosvjed-pred-kucama-clanova-stozera-cirkus-vlada-radi-odgovorno\\\/#primaryimage\",\"url\":\"https:\\\/\\\/radioljubuski.ba\\\/wp-content\\\/uploads\\\/2021\\\/09\\\/7-2021-08-26-15-15-25-dvrULpzY_plenkovic_konferencija6_041019.jpg\",\"contentUrl\":\"https:\\\/\\\/radioljubuski.ba\\\/wp-content\\\/uploads\\\/2021\\\/09\\\/7-2021-08-26-15-15-25-dvrULpzY_plenkovic_konferencija6_041019.jpg\",\"width\":1000,\"height\":625},{\"@type\":\"BreadcrumbList\",\"@id\":\"https:\\\/\\\/radioljubuski.ba\\\/index.php\\\/2021\\\/10\\\/16\\\/plenkovic-prosvjed-pred-kucama-clanova-stozera-cirkus-vlada-radi-odgovorno\\\/#breadcrumb\",\"itemListElement\":[{\"@type\":\"ListItem\",\"position\":1,\"name\":\"Po\u010detna stranica\",\"item\":\"https:\\\/\\\/radioljubuski.ba\\\/\"},{\"@type\":\"ListItem\",\"position\":2,\"name\":\"Plenkovi\u0107: Prosvjed pred ku\u0107ama \u010dlanova Sto\u017eera cirkus, Vlada radi odgovorno\"}]},{\"@type\":\"WebSite\",\"@id\":\"https:\\\/\\\/radioljubuski.ba\\\/#website\",\"url\":\"https:\\\/\\\/radioljubuski.ba\\\/\",\"name\":\"Radio Ljubu\u0161ki\",\"description\":\"Sun\u010dana frekvencija Hercegovine\",\"publisher\":{\"@id\":\"https:\\\/\\\/radioljubuski.ba\\\/#organization\"},\"potentialAction\":[{\"@type\":\"SearchAction\",\"target\":{\"@type\":\"EntryPoint\",\"urlTemplate\":\"https:\\\/\\\/radioljubuski.ba\\\/?s={search_term_string}\"},\"query-input\":{\"@type\":\"PropertyValueSpecification\",\"valueRequired\":true,\"valueName\":\"search_term_string\"}}],\"inLanguage\":\"hr\"},{\"@type\":\"Organization\",\"@id\":\"https:\\\/\\\/radioljubuski.ba\\\/#organization\",\"name\":\"Radio Ljubu\u0161ki\",\"url\":\"https:\\\/\\\/radioljubuski.ba\\\/\",\"logo\":{\"@type\":\"ImageObject\",\"inLanguage\":\"hr\",\"@id\":\"https:\\\/\\\/radioljubuski.ba\\\/#\\\/schema\\\/logo\\\/image\\\/\",\"url\":\"https:\\\/\\\/radioljubuski.ba\\\/wp-content\\\/uploads\\\/2021\\\/02\\\/cropped-Radio_Ljubuski_logo1.jpg\",\"contentUrl\":\"https:\\\/\\\/radioljubuski.ba\\\/wp-content\\\/uploads\\\/2021\\\/02\\\/cropped-Radio_Ljubuski_logo1.jpg\",\"width\":512,\"height\":512,\"caption\":\"Radio Ljubu\u0161ki\"},\"image\":{\"@id\":\"https:\\\/\\\/radioljubuski.ba\\\/#\\\/schema\\\/logo\\\/image\\\/\"},\"sameAs\":[\"https:\\\/\\\/www.facebook.com\\\/Radiio-Ljubuski-1490835324566332\",\"https:\\\/\\\/x.com\\\/radioljubuski\",\"https:\\\/\\\/hr.linkedin.com\\\/company\\\/radio-ljubuski\",\"https:\\\/\\\/www.youtube.com\\\/channel\\\/UCHYaeO_n0Db3tjNGudGpXyw\"]},{\"@type\":\"Person\",\"@id\":\"https:\\\/\\\/radioljubuski.ba\\\/#\\\/schema\\\/person\\\/19fc700381a780f69665d7956c469e3b\",\"name\":\"Radio Ljubu\u0161ki\"}]}<\/script>\n<!-- \/ Yoast SEO plugin. -->","yoast_head_json":{"title":"Plenkovi\u0107: Prosvjed pred ku\u0107ama \u010dlanova Sto\u017eera cirkus, Vlada radi odgovorno - RADIO LJUBU\u0160KI","robots":{"index":"index","follow":"follow","max-snippet":"max-snippet:-1","max-image-preview":"max-image-preview:large","max-video-preview":"max-video-preview:-1"},"canonical":"https:\/\/radioljubuski.ba\/index.php\/2021\/10\/16\/plenkovic-prosvjed-pred-kucama-clanova-stozera-cirkus-vlada-radi-odgovorno\/","og_locale":"hr_HR","og_type":"article","og_title":"Plenkovi\u0107: Prosvjed pred ku\u0107ama \u010dlanova Sto\u017eera cirkus, Vlada radi odgovorno - RADIO LJUBU\u0160KI","og_description":"Premijer Andrej Plenkovi\u0107 istaknuo je u subotu, vezano za prosvjede skupine nezadovoljnika pred domovima \u010dlanova Nacionalnog sto\u017eera civilne za\u0161tite, da su takvi cirkusi nepotrebni u situaciji kada je Vlada djelovala odgovorno u pandemiji i korona krizi. &#8211;&nbsp;Svi ti cirkusi, a nazvat \u0107u ih cirkusima bez obzira na to \u0161to \u0107e oni misliti da sam &#8216;grozan&#8217;, [&hellip;]","og_url":"https:\/\/radioljubuski.ba\/index.php\/2021\/10\/16\/plenkovic-prosvjed-pred-kucama-clanova-stozera-cirkus-vlada-radi-odgovorno\/","og_site_name":"RADIO LJUBU\u0160KI","article_publisher":"https:\/\/www.facebook.com\/Radiio-Ljubuski-1490835324566332","article_published_time":"2021-10-16T17:49:15+00:00","og_image":[{"width":1000,"height":625,"url":"https:\/\/radioljubuski.ba\/wp-content\/uploads\/2021\/09\/7-2021-08-26-15-15-25-dvrULpzY_plenkovic_konferencija6_041019.jpg","type":"image\/jpeg"}],"author":"Radio Ljubu\u0161ki","twitter_card":"summary_large_image","twitter_creator":"@radioljubuski","twitter_site":"@radioljubuski","twitter_misc":{"Napisao\/la":"Radio Ljubu\u0161ki","Procijenjeno vrijeme \u010ditanja":"3 minute"},"schema":{"@context":"https:\/\/schema.org","@graph":[{"@type":"Article","@id":"https:\/\/radioljubuski.ba\/index.php\/2021\/10\/16\/plenkovic-prosvjed-pred-kucama-clanova-stozera-cirkus-vlada-radi-odgovorno\/#article","isPartOf":{"@id":"https:\/\/radioljubuski.ba\/index.php\/2021\/10\/16\/plenkovic-prosvjed-pred-kucama-clanova-stozera-cirkus-vlada-radi-odgovorno\/"},"author":{"name":"Radio Ljubu\u0161ki","@id":"https:\/\/radioljubuski.ba\/#\/schema\/person\/19fc700381a780f69665d7956c469e3b"},"headline":"Plenkovi\u0107: Prosvjed pred ku\u0107ama \u010dlanova Sto\u017eera cirkus, Vlada radi odgovorno","datePublished":"2021-10-16T17:49:15+00:00","mainEntityOfPage":{"@id":"https:\/\/radioljubuski.ba\/index.php\/2021\/10\/16\/plenkovic-prosvjed-pred-kucama-clanova-stozera-cirkus-vlada-radi-odgovorno\/"},"wordCount":579,"publisher":{"@id":"https:\/\/radioljubuski.ba\/#organization"},"image":{"@id":"https:\/\/radioljubuski.ba\/index.php\/2021\/10\/16\/plenkovic-prosvjed-pred-kucama-clanova-stozera-cirkus-vlada-radi-odgovorno\/#primaryimage"},"thumbnailUrl":"https:\/\/radioljubuski.ba\/wp-content\/uploads\/2021\/09\/7-2021-08-26-15-15-25-dvrULpzY_plenkovic_konferencija6_041019.jpg","articleSection":["BIH i regija"],"inLanguage":"hr"},{"@type":"WebPage","@id":"https:\/\/radioljubuski.ba\/index.php\/2021\/10\/16\/plenkovic-prosvjed-pred-kucama-clanova-stozera-cirkus-vlada-radi-odgovorno\/","url":"https:\/\/radioljubuski.ba\/index.php\/2021\/10\/16\/plenkovic-prosvjed-pred-kucama-clanova-stozera-cirkus-vlada-radi-odgovorno\/","name":"Plenkovi\u0107: Prosvjed pred ku\u0107ama \u010dlanova Sto\u017eera cirkus, Vlada radi odgovorno - RADIO LJUBU\u0160KI","isPartOf":{"@id":"https:\/\/radioljubuski.ba\/#website"},"primaryImageOfPage":{"@id":"https:\/\/radioljubuski.ba\/index.php\/2021\/10\/16\/plenkovic-prosvjed-pred-kucama-clanova-stozera-cirkus-vlada-radi-odgovorno\/#primaryimage"},"image":{"@id":"https:\/\/radioljubuski.ba\/index.php\/2021\/10\/16\/plenkovic-prosvjed-pred-kucama-clanova-stozera-cirkus-vlada-radi-odgovorno\/#primaryimage"},"thumbnailUrl":"https:\/\/radioljubuski.ba\/wp-content\/uploads\/2021\/09\/7-2021-08-26-15-15-25-dvrULpzY_plenkovic_konferencija6_041019.jpg","datePublished":"2021-10-16T17:49:15+00:00","breadcrumb":{"@id":"https:\/\/radioljubuski.ba\/index.php\/2021\/10\/16\/plenkovic-prosvjed-pred-kucama-clanova-stozera-cirkus-vlada-radi-odgovorno\/#breadcrumb"},"inLanguage":"hr","potentialAction":[{"@type":"ReadAction","target":["https:\/\/radioljubuski.ba\/index.php\/2021\/10\/16\/plenkovic-prosvjed-pred-kucama-clanova-stozera-cirkus-vlada-radi-odgovorno\/"]}]},{"@type":"ImageObject","inLanguage":"hr","@id":"https:\/\/radioljubuski.ba\/index.php\/2021\/10\/16\/plenkovic-prosvjed-pred-kucama-clanova-stozera-cirkus-vlada-radi-odgovorno\/#primaryimage","url":"https:\/\/radioljubuski.ba\/wp-content\/uploads\/2021\/09\/7-2021-08-26-15-15-25-dvrULpzY_plenkovic_konferencija6_041019.jpg","contentUrl":"https:\/\/radioljubuski.ba\/wp-content\/uploads\/2021\/09\/7-2021-08-26-15-15-25-dvrULpzY_plenkovic_konferencija6_041019.jpg","width":1000,"height":625},{"@type":"BreadcrumbList","@id":"https:\/\/radioljubuski.ba\/index.php\/2021\/10\/16\/plenkovic-prosvjed-pred-kucama-clanova-stozera-cirkus-vlada-radi-odgovorno\/#breadcrumb","itemListElement":[{"@type":"ListItem","position":1,"name":"Po\u010detna stranica","item":"https:\/\/radioljubuski.ba\/"},{"@type":"ListItem","position":2,"name":"Plenkovi\u0107: Prosvjed pred ku\u0107ama \u010dlanova Sto\u017eera cirkus, Vlada radi odgovorno"}]},{"@type":"WebSite","@id":"https:\/\/radioljubuski.ba\/#website","url":"https:\/\/radioljubuski.ba\/","name":"Radio Ljubu\u0161ki","description":"Sun\u010dana frekvencija Hercegovine","publisher":{"@id":"https:\/\/radioljubuski.ba\/#organization"},"potentialAction":[{"@type":"SearchAction","target":{"@type":"EntryPoint","urlTemplate":"https:\/\/radioljubuski.ba\/?s={search_term_string}"},"query-input":{"@type":"PropertyValueSpecification","valueRequired":true,"valueName":"search_term_string"}}],"inLanguage":"hr"},{"@type":"Organization","@id":"https:\/\/radioljubuski.ba\/#organization","name":"Radio Ljubu\u0161ki","url":"https:\/\/radioljubuski.ba\/","logo":{"@type":"ImageObject","inLanguage":"hr","@id":"https:\/\/radioljubuski.ba\/#\/schema\/logo\/image\/","url":"https:\/\/radioljubuski.ba\/wp-content\/uploads\/2021\/02\/cropped-Radio_Ljubuski_logo1.jpg","contentUrl":"https:\/\/radioljubuski.ba\/wp-content\/uploads\/2021\/02\/cropped-Radio_Ljubuski_logo1.jpg","width":512,"height":512,"caption":"Radio Ljubu\u0161ki"},"image":{"@id":"https:\/\/radioljubuski.ba\/#\/schema\/logo\/image\/"},"sameAs":["https:\/\/www.facebook.com\/Radiio-Ljubuski-1490835324566332","https:\/\/x.com\/radioljubuski","https:\/\/hr.linkedin.com\/company\/radio-ljubuski","https:\/\/www.youtube.com\/channel\/UCHYaeO_n0Db3tjNGudGpXyw"]},{"@type":"Person","@id":"https:\/\/radioljubuski.ba\/#\/schema\/person\/19fc700381a780f69665d7956c469e3b","name":"Radio Ljubu\u0161ki"}]}},"_links":{"self":[{"href":"https:\/\/radioljubuski.ba\/index.php\/wp-json\/wp\/v2\/posts\/76555","targetHints":{"allow":["GET"]}}],"collection":[{"href":"https:\/\/radioljubuski.ba\/index.php\/wp-json\/wp\/v2\/posts"}],"about":[{"href":"https:\/\/radioljubuski.ba\/index.php\/wp-json\/wp\/v2\/types\/post"}],"author":[{"embeddable":true,"href":"https:\/\/radioljubuski.ba\/index.php\/wp-json\/wp\/v2\/users\/2"}],"replies":[{"embeddable":true,"href":"https:\/\/radioljubuski.ba\/index.php\/wp-json\/wp\/v2\/comments?post=76555"}],"version-history":[{"count":1,"href":"https:\/\/radioljubuski.ba\/index.php\/wp-json\/wp\/v2\/posts\/76555\/revisions"}],"predecessor-version":[{"id":76556,"href":"https:\/\/radioljubuski.ba\/index.php\/wp-json\/wp\/v2\/posts\/76555\/revisions\/76556"}],"wp:featuredmedia":[{"embeddable":true,"href":"https:\/\/radioljubuski.ba\/index.php\/wp-json\/wp\/v2\/media\/66996"}],"wp:attachment":[{"href":"https:\/\/radioljubuski.ba\/index.php\/wp-json\/wp\/v2\/media?parent=76555"}],"wp:term":[{"taxonomy":"category","embeddable":true,"href":"https:\/\/radioljubuski.ba\/index.php\/wp-json\/wp\/v2\/categories?post=76555"},{"taxonomy":"post_tag","embeddable":true,"href":"https:\/\/radioljubuski.ba\/index.php\/wp-json\/wp\/v2\/tags?post=76555"}],"curies":[{"name":"wp","href":"https:\/\/api.w.org\/{rel}","templated":true}]}}