{"id":7660,"date":"2021-03-28T18:46:30","date_gmt":"2021-03-28T17:46:30","guid":{"rendered":"https:\/\/radioljubuski.ba\/?p=7660"},"modified":"2021-03-28T18:46:31","modified_gmt":"2021-03-28T17:46:31","slug":"sto-se-zaista-dogada-s-cijepljenjem-i-pandemijom-koronavirusa-u-srbiji","status":"publish","type":"post","link":"https:\/\/radioljubuski.ba\/index.php\/2021\/03\/28\/sto-se-zaista-dogada-s-cijepljenjem-i-pandemijom-koronavirusa-u-srbiji\/","title":{"rendered":"\u0160to se zaista doga\u0111a s cijepljenjem i pandemijom koronavirusa u Srbiji?"},"content":{"rendered":"\n<p><strong>Srbija ne uspijeva obuzdati pandemiju koronavirusa unato\u010d tome \u0161to je me\u0111u vode\u0107ima po brzini cijepljenja u Europi.&nbsp;<\/strong><\/p>\n\n\n\n<p>Obdukcija je pokazala da je 56-godi\u0161nji gra\u0111evinski radnik iz Beograda umro od upale plu\u0107a, pet dana nakon \u0161to je primljen u bolnicu zbog temperature, ka\u0161lja i kratkog daha. A onda su analizom zamrznute teku\u0107ine iz njegova oka, u sklopu znanstvenog projekta, patolozi na Institutu za sudsku medicinu na beogradskom Medicinskom fakultetu dokazali da je zapravo umro od COVID-a 5. velja\u010de pro\u0161le godine, kao prva europska \u017ertva koju je pokosio novi virus. Prije toga nije putovao u inozemstvo.<br><br>&#8211; Naravno, kao i u svakoj situaciji, stvari se mogu sagledati dvojako. Onaj tko je zlonamjeran, a na\u017ealost takvih nam ne manjka, re\u0107i \u0107e da je netko prikrivao tu \u010dinjenicu. Ne, mi tada nismo za to znali niti se itko time bavio, kazao je&nbsp;<strong>\u0110or\u0111e Alempijevi\u0107<\/strong>&nbsp;iz Instituta za sudsku medicinu Medicinskog fakulteta u Beogradu.<\/p>\n\n\n\n<p>Ako se usporedi broj oboljelih i preminulih od COVID-a, Srbija bilje\u017ei jednu od najni\u017eih stopa smrtnosti, ispod 1 posto. Javna je tajna da je broj umrlih jo\u0161 pro\u0161loga travnja umanjivan za \u010detiri puta. Brojevi su striktno dr\u017eani pod kontrolom i uo\u010di parlamentarnih izbora pro\u0161loga lipnja, a netom nakon njihova odr\u017eavanja srbijanski istra\u017eiva\u010dki novinari raskrinkali su la\u017eiranje broja preminulih.<br><br>&#8211; Vrhunac se dogodio tijekom ove godine. U mjesec dana broj umrlih varirao je izme\u0111u 15 plus-minus 1, iznimno nekoliko puta plus-minus 2. Takva raspodjela smrtnosti mo\u017ee se pojaviti jednom u 4 milijarde. Dakle, rije\u010d je o svemirskoj vjerojatnosti, rekao je epidemiolog&nbsp;<strong>Zoran Radovanovi\u0107<\/strong>, umirovljeni profesor Medicinskog fakulteta u Beogradu.&nbsp;<\/p>\n\n\n\n<p><strong>Slu\u017ebeno, Srbija je zabilje\u017eila vi\u0161e od 5000 preminulih. Neovisni stru\u010dnjaci procjenjuju da je stvarni broj \u010dak tri ili \u010detiri puta ve\u0107i.<\/strong><br><br><br><\/p>\n\n\n\n<p>&#8211; Iz COVID jedinice u Kraljevu u studenome i prosincu dostavljeno je 150 potvrda o smrti. Nema stoga sumnje je li rije\u010d o COVID pacijentima. Istodobno, gradski Zavod za zdravlje prijavio je 93 preminule osobe, navodi&nbsp;<strong>Rade Pani\u0107&nbsp;<\/strong>iz Sindikata lije\u010dnika i farmaceuta Srbije.<br><br>Epidemiologinja&nbsp;<strong>Darija Kisi\u0107 Tepav\u010devi\u0107<\/strong>, ministrica i \u010dlanica Kriznog sto\u017eera, izjavila je da je odre\u0111enih te\u0161ko\u0107a bilo dosta, a ima ih i sada. Bit je, me\u0111utim, da nitko ne \u017eeli, ne treba niti mo\u017ee sakriti takvu vrstu podataka, dodaje.<br><br>&#8211; Kod nas kao da postoji neka Bo\u017eja ruka koja odre\u0111uje broj umrlih. Nije rije\u010d o namjeri da se smanji panika. Naprosto je razlog percepcija u me\u0111unarodnoj javnosti, \u017eelja da poka\u017eemo da smo najuspje\u0161niji. Na\u017ealost, to me podsje\u0107a na pri\u010du o ru\u017enom pa\u010detu koje neprestano \u017eeli ostaviti dojam, rekao je epidemiolog Radovanovi\u0107.<br><br>S cijepljenjem najugro\u017eenijih skupina populacije Srbija je po\u010dela potkraj pro\u0161le godine, od sredine sije\u010dnja cijepe se i svi ostali. \u010cetiri su dostupna cjepiva &#8211; dva zapadnih proizvo\u0111a\u010da, te po jedno rusko i kinesko. Gra\u0111ani biraju kojim se od njih \u017eele cijepiti, naj\u010de\u0161\u0107e putem elektroni\u010dke prijave. Dr\u017eava je dosad ugovorila kupnju oko 15 milijuna doza, najvi\u0161e s Kinezima. Zbog dostupnosti Sinopharmova cjepiva Srbija i cijepi br\u017ee nego itko u Europskoj uniji.<br><br>&#8211; Dosad je u zemlju stiglo dva milijuna doza kineskog cjepiva. Nedavno je potpisana kupnja jo\u0161 dva milijuna, tu po\u0161iljku o\u010dekujemo u Srbiji po\u010detkom sljede\u0107eg mjeseca. Imamo stalni ritam isporuke, prakti\u010dno smo osigurali cjepivo za sve na\u0161e gra\u0111ane, izjavila je Kisi\u0107 Tepav\u010devi\u0107, ministrica i \u010dlanica Kriznog sto\u017eera.<\/p>\n\n\n\n<p><strong>Ve\u0107a ponuda cjepiva nego potra\u017enja<\/strong><\/p>\n\n\n\n<p>Javnost ne zna pod kojim je uvjetima i po kojoj cijeni Aleksandar Vu\u010di\u0107 nabavio cjepiva. On poru\u010duje da \u0107e dr\u017eava ove godine na to potro\u0161iti izme\u0111u 200 i 300 milijuna eura. Paradoksalno, Srbija je trenuta\u010dno jedina zemlja na svijetu s ve\u0107om ponudom cjepiva od potra\u017enje za njim. Naime, samo petina gra\u0111ana nema dvojbi kada je rije\u010d o cijepljenju. I zbog izrazito jakog antivakserskog pokreta, itekako prisutnog i na dru\u0161tvenim mre\u017eama.<br><br>&#8211; Poprili\u010dno mi smeta kada se tvrdi da je antivakserski lobi jak. Zapravo nema mnogo gra\u0111ana koji su protivnici cijepljenja. Oni koji jesu, me\u0111utim, veoma su glasni i imaju velik prostor u medijima, ka\u017ee Kisi\u0107 Tepav\u010devi\u0107.<br><br>Alempijevi\u0107 isti\u010de da se \u201esvjedo\u010di tomu da se odre\u0111eni broj lije\u010dnika utrkuje u medijskim nastupima i izno\u0161enju stajali\u0161ta da je virus banalan, mjere potpuno nepotrebne, cjepiva \u0161tetna.\u201c<br><br>Prvi \u010dovjek Srbije ovih je dana zaokupljen i promicanjem cijepljenja po manjim sredinama, u jednoj od njih i sam bi se napokon trebao cijepiti. Za to vrijeme u zaba\u010dena sela diljem zemlje \u0161alje mobilne timove kako bi cijepili tamo\u0161nje starije stanovni\u0161tvo, neinformirano ili zbunjeno opre\u010dnim informacijama o cijepljenju.<br><br>&#8211; Na tragu populizma vlast dopu\u0161ta da na re\u017eimskim televizijskim kanalima i u \u017eutom tisku govore i oni koji su prista\u0161e teorije urote. Jer tako pokrivaju i stajali\u0161ta dijela glasa\u010da vladaju\u0107e ve\u0107ine, kazao je Radovanovi\u0107.<br><br>U Novom Pazaru, najve\u0107em gradu na Sand\u017eaku, od 100 tisu\u0107a stanovnika cijepljeno je ni 10 posto njih. Dijelom i zato \u0161to neki od vjerskih vo\u0111a tamo\u0161njih muslimana, a oni \u010dine vi\u0161e od 80 posto stanovni\u0161tva Novog Pazara, ne \u017eele promicati cijepljenje jer nemaju uvid u sastav cjepiva. Razlika u regionalnoj procijepljenosti golem je problem u Srbiji, do te mjere da su vlasnici privatnih tvrtki u manjim gradovima po\u010deli nov\u010dano stimulirati zaposlenike ako se cijepe.<br><br>&#8211; U Beogradu je u ovom trenutku cijepljeno 30-ak posto punoljetnih stanovnika. I \u010dak vi\u0161e od 60 posto najstarije populacije glavnoga grada, ka\u017ee Kisi\u0107 Tepav\u010devi\u0107.<\/p>\n\n\n\n<p><strong>Cjepivo je primila samo tre\u0107ina medicinskog osoblja<\/strong><\/p>\n\n\n\n<p>Slu\u017ebene statistike nema, ali procjene govore da je manje od deset posto onih koji su oboljeli nakon \u0161to su cijepljeni.<br><br>Cjepivo je primila tek tre\u0107ina medicinskog osoblja. Sredinom velja\u010de prosvjedovali su ispred zgrade vlade, odali po\u010dast kolegama preminulima od COVID-a. \u017divot zbog te po\u0161asti dosad je izgubilo 112 doktora, to je vjerojatno jedna od najlo\u0161ijih statistika na svijetu.<br><br>&#8211; Na po\u010detku epidemije nismo imali za\u0161titnu opremu. Nakon toga stigli su iznimno sporni protokoli o tome koga se testira i kakva je struktura tih testova. Izbjegavalo se testiranje zdravstvenih radnika. I zato \u0161to smo u epidemiju u\u0161li s manjkom od 12 do 15 posto njih, izjavio je Rade Pani\u0107 iz Sindikata lije\u010dnika i farmaceuta Srbije.<br><br>Udruga lije\u010dnika Ujedinjeni protiv kovida proziva kolege iz medicinskog dijela Kriznog sto\u017eera za pasivnost i dr\u017eanje ljestvi politi\u010darima. Optu\u017euju ih za puko sekundiranje u dono\u0161enju mjera koje odgovaraju vladaju\u0107ima i njihovu rejtingu u javnosti. Za to vrijeme, ka\u017eu, srbijanski zdravstveni sustav di\u0161e na \u0161krge, kao i svi oni koji u skafanderima rade u crvenim COVID zonama 6 do 8 sati bez prestanka. Upozoravaju da u nekim bolnicama o 50 pacijenata brigu vode jedan doktor i dvije medicinske sestre.<br><br>&#8211; Jo\u0161 u studenome izjavio sam da je sustav pukao. Za\u0161to? Zato \u0161to danima u COVID jedinici nije bilo dovoljno mjesta za zbrinjavanje najte\u017eih pacijenata, mogu\u0107nosti da se stave na respirator, tvrdi Pani\u0107.<br><br>I u Beogradu se pro\u0161loga vikenda prosvjedovalo protiv mjera zatvaranja. Na glavnom gradskom trgu i vlasnici kafi\u0107a, i protivnici cijepljenja i antiglobalisti. I oni, kao i ekonomski dio Kriznog sto\u017eera, groze se zahtjeva srbijanskih epidemiologa da se sve zatvori i do tri tjedna.<br><br>&#8211; Ta tri tjedna do\u017eivljavamo poput nekog zatvora. Odbrojavamo dane u njemu, misle\u0107i da \u0107e nakon izlaska na slobodu sve ponovno biti normalno. To bi onda zna\u010dilo samo odga\u0111anje na\u0161eg izlaganja virusu. Moramo shvatiti da je rije\u010d o dugoro\u010dnim mjerama. To, me\u0111utim, nije popularno izre\u0107i, rekla je epidemiologinja Kisi\u0107 Tepav\u010devi\u0107.<\/p>\n\n\n\n<p><strong>Ekonomija nije va\u017enija od ljudskih \u017eivota<\/strong><\/p>\n\n\n\n<p>Diljem Europe skijali\u0161ta su zatvorena, ne i u Srbiji. Za mnoge su staze na Zlatiboru i na Kopaoniku, kao i tamo\u0161nji kafi\u0107i i restorani rasadnici zaraze, najodgovorniji za skok broja novozara\u017eenih u sije\u010dnju i velja\u010di. Kriti\u010dari takvog pristupa podvla\u010de &#8211; turizam i ugostiteljstvo u srbijanskom BDP-u sudjeluju s manje od 3 posto, nema razloga da se zbog toga svjesno ugro\u017eava zdravlje nacije.<br><br>&#8211; Imamo informacije da u svakom srbijanskom gradu svaku no\u0107 rade dva-tri kafi\u0107a, \u010diji su vlasnici bliski vlasti. Iako slu\u0161amo o razbijanju tzv. COVID zabava, u Beogradu je taj broj znatno ve\u0107i. Bojim se da je rije\u010d o vezama kriminala i vlasti, ka\u017ee Pani\u0107.<br><br>&#8211; Postoje okupljanja i do 700 mladih ljudi, koji provedu gotovo cijelu no\u0107 u zadimljenom, sku\u010denom prostoru. Jasno je da su takva mjesta rasadnici virusa. Ako je takvo \u0161to zabranjeno, postavlja se pitanje za\u0161to vlast to ne sprje\u010dava. Naravno da odgovorni znaju za takve zabave, izjavio je epidemiolog Radovanovi\u0107.<br><br>Iz vlasti poru\u010duju da svaki dan potpunog zatvaranja Srbiju stoji 190 milijuna dolara. Dosad su pomo\u0107 davali svima, linearno. U sije\u010dnju je Srbija zabilje\u017eila pad BDP-a od 1 posto, ali i pove\u0107ala kreditni rejting.<br><br>Alempijevi\u0107 smatra da ekonomija ne mo\u017ee biti va\u017enija od ljudskih \u017eivota. Ona jest trenuta\u010dni izazov, ali drama s ljudskim \u017eivotima znatno je dugoro\u010dniji problem, dodao je.<br><br>Srbijom galopira britanski soj koronavirusa, udvostru\u010dio se broj zara\u017eene djece. Dok Aleksandar Vu\u010di\u0107 tuma\u010di stanovni\u0161tvu da Srbija ima najbla\u017ee mjere u Europi, epidemiolozi sa strahom \u010dekaju uskrsne blagdane.<\/p>\n\n\n\n<p>Izvor:hrt.hr<\/p>\n","protected":false},"excerpt":{"rendered":"<p>Srbija ne uspijeva obuzdati pandemiju koronavirusa unato\u010d tome \u0161to je me\u0111u vode\u0107ima po brzini cijepljenja u Europi.&nbsp; Obdukcija je pokazala da je 56-godi\u0161nji gra\u0111evinski radnik iz Beograda umro od upale plu\u0107a, pet dana nakon \u0161to je primljen u bolnicu zbog temperature, ka\u0161lja i kratkog daha. A onda su analizom zamrznute teku\u0107ine iz njegova oka, u [&hellip;]<\/p>\n","protected":false},"author":2,"featured_media":7661,"comment_status":"closed","ping_status":"closed","sticky":false,"template":"","format":"standard","meta":{"h5ap_radio_sources":[],"footnotes":""},"categories":[1],"tags":[],"class_list":["post-7660","post","type-post","status-publish","format-standard","has-post-thumbnail","hentry","category-bihiregija"],"yoast_head":"<!-- This site is optimized with the Yoast SEO plugin v27.4 - https:\/\/yoast.com\/product\/yoast-seo-wordpress\/ -->\n<title>\u0160to se zaista doga\u0111a s cijepljenjem i pandemijom koronavirusa u Srbiji? - RADIO LJUBU\u0160KI<\/title>\n<meta name=\"robots\" content=\"index, follow, max-snippet:-1, max-image-preview:large, max-video-preview:-1\" \/>\n<link rel=\"canonical\" href=\"https:\/\/radioljubuski.ba\/index.php\/2021\/03\/28\/sto-se-zaista-dogada-s-cijepljenjem-i-pandemijom-koronavirusa-u-srbiji\/\" \/>\n<meta property=\"og:locale\" content=\"hr_HR\" \/>\n<meta property=\"og:type\" content=\"article\" \/>\n<meta property=\"og:title\" content=\"\u0160to se zaista doga\u0111a s cijepljenjem i pandemijom koronavirusa u Srbiji? - RADIO LJUBU\u0160KI\" \/>\n<meta property=\"og:description\" content=\"Srbija ne uspijeva obuzdati pandemiju koronavirusa unato\u010d tome \u0161to je me\u0111u vode\u0107ima po brzini cijepljenja u Europi.&nbsp; Obdukcija je pokazala da je 56-godi\u0161nji gra\u0111evinski radnik iz Beograda umro od upale plu\u0107a, pet dana nakon \u0161to je primljen u bolnicu zbog temperature, ka\u0161lja i kratkog daha. A onda su analizom zamrznute teku\u0107ine iz njegova oka, u [&hellip;]\" \/>\n<meta property=\"og:url\" content=\"https:\/\/radioljubuski.ba\/index.php\/2021\/03\/28\/sto-se-zaista-dogada-s-cijepljenjem-i-pandemijom-koronavirusa-u-srbiji\/\" \/>\n<meta property=\"og:site_name\" content=\"RADIO LJUBU\u0160KI\" \/>\n<meta property=\"article:publisher\" content=\"https:\/\/www.facebook.com\/Radiio-Ljubuski-1490835324566332\" \/>\n<meta property=\"article:published_time\" content=\"2021-03-28T17:46:30+00:00\" \/>\n<meta property=\"article:modified_time\" content=\"2021-03-28T17:46:31+00:00\" \/>\n<meta property=\"og:image\" content=\"https:\/\/radioljubuski.ba\/wp-content\/uploads\/2021\/03\/1-23.png\" \/>\n\t<meta property=\"og:image:width\" content=\"646\" \/>\n\t<meta property=\"og:image:height\" content=\"360\" \/>\n\t<meta property=\"og:image:type\" content=\"image\/png\" \/>\n<meta name=\"author\" content=\"Radio Ljubu\u0161ki\" \/>\n<meta name=\"twitter:card\" content=\"summary_large_image\" \/>\n<meta name=\"twitter:creator\" content=\"@radioljubuski\" \/>\n<meta name=\"twitter:site\" content=\"@radioljubuski\" \/>\n<meta name=\"twitter:label1\" content=\"Napisao\/la\" \/>\n\t<meta name=\"twitter:data1\" content=\"Radio Ljubu\u0161ki\" \/>\n\t<meta name=\"twitter:label2\" content=\"Procijenjeno vrijeme \u010ditanja\" \/>\n\t<meta name=\"twitter:data2\" content=\"7 minuta\" \/>\n<script type=\"application\/ld+json\" class=\"yoast-schema-graph\">{\"@context\":\"https:\\\/\\\/schema.org\",\"@graph\":[{\"@type\":\"Article\",\"@id\":\"https:\\\/\\\/radioljubuski.ba\\\/index.php\\\/2021\\\/03\\\/28\\\/sto-se-zaista-dogada-s-cijepljenjem-i-pandemijom-koronavirusa-u-srbiji\\\/#article\",\"isPartOf\":{\"@id\":\"https:\\\/\\\/radioljubuski.ba\\\/index.php\\\/2021\\\/03\\\/28\\\/sto-se-zaista-dogada-s-cijepljenjem-i-pandemijom-koronavirusa-u-srbiji\\\/\"},\"author\":{\"name\":\"Radio Ljubu\u0161ki\",\"@id\":\"https:\\\/\\\/radioljubuski.ba\\\/#\\\/schema\\\/person\\\/19fc700381a780f69665d7956c469e3b\"},\"headline\":\"\u0160to se zaista doga\u0111a s cijepljenjem i pandemijom koronavirusa u Srbiji?\",\"datePublished\":\"2021-03-28T17:46:30+00:00\",\"dateModified\":\"2021-03-28T17:46:31+00:00\",\"mainEntityOfPage\":{\"@id\":\"https:\\\/\\\/radioljubuski.ba\\\/index.php\\\/2021\\\/03\\\/28\\\/sto-se-zaista-dogada-s-cijepljenjem-i-pandemijom-koronavirusa-u-srbiji\\\/\"},\"wordCount\":1602,\"publisher\":{\"@id\":\"https:\\\/\\\/radioljubuski.ba\\\/#organization\"},\"image\":{\"@id\":\"https:\\\/\\\/radioljubuski.ba\\\/index.php\\\/2021\\\/03\\\/28\\\/sto-se-zaista-dogada-s-cijepljenjem-i-pandemijom-koronavirusa-u-srbiji\\\/#primaryimage\"},\"thumbnailUrl\":\"https:\\\/\\\/radioljubuski.ba\\\/wp-content\\\/uploads\\\/2021\\\/03\\\/1-23.png\",\"articleSection\":[\"BIH i regija\"],\"inLanguage\":\"hr\"},{\"@type\":\"WebPage\",\"@id\":\"https:\\\/\\\/radioljubuski.ba\\\/index.php\\\/2021\\\/03\\\/28\\\/sto-se-zaista-dogada-s-cijepljenjem-i-pandemijom-koronavirusa-u-srbiji\\\/\",\"url\":\"https:\\\/\\\/radioljubuski.ba\\\/index.php\\\/2021\\\/03\\\/28\\\/sto-se-zaista-dogada-s-cijepljenjem-i-pandemijom-koronavirusa-u-srbiji\\\/\",\"name\":\"\u0160to se zaista doga\u0111a s cijepljenjem i pandemijom koronavirusa u Srbiji? - RADIO LJUBU\u0160KI\",\"isPartOf\":{\"@id\":\"https:\\\/\\\/radioljubuski.ba\\\/#website\"},\"primaryImageOfPage\":{\"@id\":\"https:\\\/\\\/radioljubuski.ba\\\/index.php\\\/2021\\\/03\\\/28\\\/sto-se-zaista-dogada-s-cijepljenjem-i-pandemijom-koronavirusa-u-srbiji\\\/#primaryimage\"},\"image\":{\"@id\":\"https:\\\/\\\/radioljubuski.ba\\\/index.php\\\/2021\\\/03\\\/28\\\/sto-se-zaista-dogada-s-cijepljenjem-i-pandemijom-koronavirusa-u-srbiji\\\/#primaryimage\"},\"thumbnailUrl\":\"https:\\\/\\\/radioljubuski.ba\\\/wp-content\\\/uploads\\\/2021\\\/03\\\/1-23.png\",\"datePublished\":\"2021-03-28T17:46:30+00:00\",\"dateModified\":\"2021-03-28T17:46:31+00:00\",\"breadcrumb\":{\"@id\":\"https:\\\/\\\/radioljubuski.ba\\\/index.php\\\/2021\\\/03\\\/28\\\/sto-se-zaista-dogada-s-cijepljenjem-i-pandemijom-koronavirusa-u-srbiji\\\/#breadcrumb\"},\"inLanguage\":\"hr\",\"potentialAction\":[{\"@type\":\"ReadAction\",\"target\":[\"https:\\\/\\\/radioljubuski.ba\\\/index.php\\\/2021\\\/03\\\/28\\\/sto-se-zaista-dogada-s-cijepljenjem-i-pandemijom-koronavirusa-u-srbiji\\\/\"]}]},{\"@type\":\"ImageObject\",\"inLanguage\":\"hr\",\"@id\":\"https:\\\/\\\/radioljubuski.ba\\\/index.php\\\/2021\\\/03\\\/28\\\/sto-se-zaista-dogada-s-cijepljenjem-i-pandemijom-koronavirusa-u-srbiji\\\/#primaryimage\",\"url\":\"https:\\\/\\\/radioljubuski.ba\\\/wp-content\\\/uploads\\\/2021\\\/03\\\/1-23.png\",\"contentUrl\":\"https:\\\/\\\/radioljubuski.ba\\\/wp-content\\\/uploads\\\/2021\\\/03\\\/1-23.png\",\"width\":646,\"height\":360},{\"@type\":\"BreadcrumbList\",\"@id\":\"https:\\\/\\\/radioljubuski.ba\\\/index.php\\\/2021\\\/03\\\/28\\\/sto-se-zaista-dogada-s-cijepljenjem-i-pandemijom-koronavirusa-u-srbiji\\\/#breadcrumb\",\"itemListElement\":[{\"@type\":\"ListItem\",\"position\":1,\"name\":\"Po\u010detna stranica\",\"item\":\"https:\\\/\\\/radioljubuski.ba\\\/\"},{\"@type\":\"ListItem\",\"position\":2,\"name\":\"\u0160to se zaista doga\u0111a s cijepljenjem i pandemijom koronavirusa u Srbiji?\"}]},{\"@type\":\"WebSite\",\"@id\":\"https:\\\/\\\/radioljubuski.ba\\\/#website\",\"url\":\"https:\\\/\\\/radioljubuski.ba\\\/\",\"name\":\"Radio Ljubu\u0161ki\",\"description\":\"Sun\u010dana frekvencija Hercegovine\",\"publisher\":{\"@id\":\"https:\\\/\\\/radioljubuski.ba\\\/#organization\"},\"potentialAction\":[{\"@type\":\"SearchAction\",\"target\":{\"@type\":\"EntryPoint\",\"urlTemplate\":\"https:\\\/\\\/radioljubuski.ba\\\/?s={search_term_string}\"},\"query-input\":{\"@type\":\"PropertyValueSpecification\",\"valueRequired\":true,\"valueName\":\"search_term_string\"}}],\"inLanguage\":\"hr\"},{\"@type\":\"Organization\",\"@id\":\"https:\\\/\\\/radioljubuski.ba\\\/#organization\",\"name\":\"Radio Ljubu\u0161ki\",\"url\":\"https:\\\/\\\/radioljubuski.ba\\\/\",\"logo\":{\"@type\":\"ImageObject\",\"inLanguage\":\"hr\",\"@id\":\"https:\\\/\\\/radioljubuski.ba\\\/#\\\/schema\\\/logo\\\/image\\\/\",\"url\":\"https:\\\/\\\/radioljubuski.ba\\\/wp-content\\\/uploads\\\/2021\\\/02\\\/cropped-Radio_Ljubuski_logo1.jpg\",\"contentUrl\":\"https:\\\/\\\/radioljubuski.ba\\\/wp-content\\\/uploads\\\/2021\\\/02\\\/cropped-Radio_Ljubuski_logo1.jpg\",\"width\":512,\"height\":512,\"caption\":\"Radio Ljubu\u0161ki\"},\"image\":{\"@id\":\"https:\\\/\\\/radioljubuski.ba\\\/#\\\/schema\\\/logo\\\/image\\\/\"},\"sameAs\":[\"https:\\\/\\\/www.facebook.com\\\/Radiio-Ljubuski-1490835324566332\",\"https:\\\/\\\/x.com\\\/radioljubuski\",\"https:\\\/\\\/hr.linkedin.com\\\/company\\\/radio-ljubuski\",\"https:\\\/\\\/www.youtube.com\\\/channel\\\/UCHYaeO_n0Db3tjNGudGpXyw\"]},{\"@type\":\"Person\",\"@id\":\"https:\\\/\\\/radioljubuski.ba\\\/#\\\/schema\\\/person\\\/19fc700381a780f69665d7956c469e3b\",\"name\":\"Radio Ljubu\u0161ki\"}]}<\/script>\n<!-- \/ Yoast SEO plugin. -->","yoast_head_json":{"title":"\u0160to se zaista doga\u0111a s cijepljenjem i pandemijom koronavirusa u Srbiji? - RADIO LJUBU\u0160KI","robots":{"index":"index","follow":"follow","max-snippet":"max-snippet:-1","max-image-preview":"max-image-preview:large","max-video-preview":"max-video-preview:-1"},"canonical":"https:\/\/radioljubuski.ba\/index.php\/2021\/03\/28\/sto-se-zaista-dogada-s-cijepljenjem-i-pandemijom-koronavirusa-u-srbiji\/","og_locale":"hr_HR","og_type":"article","og_title":"\u0160to se zaista doga\u0111a s cijepljenjem i pandemijom koronavirusa u Srbiji? - RADIO LJUBU\u0160KI","og_description":"Srbija ne uspijeva obuzdati pandemiju koronavirusa unato\u010d tome \u0161to je me\u0111u vode\u0107ima po brzini cijepljenja u Europi.&nbsp; Obdukcija je pokazala da je 56-godi\u0161nji gra\u0111evinski radnik iz Beograda umro od upale plu\u0107a, pet dana nakon \u0161to je primljen u bolnicu zbog temperature, ka\u0161lja i kratkog daha. A onda su analizom zamrznute teku\u0107ine iz njegova oka, u [&hellip;]","og_url":"https:\/\/radioljubuski.ba\/index.php\/2021\/03\/28\/sto-se-zaista-dogada-s-cijepljenjem-i-pandemijom-koronavirusa-u-srbiji\/","og_site_name":"RADIO LJUBU\u0160KI","article_publisher":"https:\/\/www.facebook.com\/Radiio-Ljubuski-1490835324566332","article_published_time":"2021-03-28T17:46:30+00:00","article_modified_time":"2021-03-28T17:46:31+00:00","og_image":[{"width":646,"height":360,"url":"https:\/\/radioljubuski.ba\/wp-content\/uploads\/2021\/03\/1-23.png","type":"image\/png"}],"author":"Radio Ljubu\u0161ki","twitter_card":"summary_large_image","twitter_creator":"@radioljubuski","twitter_site":"@radioljubuski","twitter_misc":{"Napisao\/la":"Radio Ljubu\u0161ki","Procijenjeno vrijeme \u010ditanja":"7 minuta"},"schema":{"@context":"https:\/\/schema.org","@graph":[{"@type":"Article","@id":"https:\/\/radioljubuski.ba\/index.php\/2021\/03\/28\/sto-se-zaista-dogada-s-cijepljenjem-i-pandemijom-koronavirusa-u-srbiji\/#article","isPartOf":{"@id":"https:\/\/radioljubuski.ba\/index.php\/2021\/03\/28\/sto-se-zaista-dogada-s-cijepljenjem-i-pandemijom-koronavirusa-u-srbiji\/"},"author":{"name":"Radio Ljubu\u0161ki","@id":"https:\/\/radioljubuski.ba\/#\/schema\/person\/19fc700381a780f69665d7956c469e3b"},"headline":"\u0160to se zaista doga\u0111a s cijepljenjem i pandemijom koronavirusa u Srbiji?","datePublished":"2021-03-28T17:46:30+00:00","dateModified":"2021-03-28T17:46:31+00:00","mainEntityOfPage":{"@id":"https:\/\/radioljubuski.ba\/index.php\/2021\/03\/28\/sto-se-zaista-dogada-s-cijepljenjem-i-pandemijom-koronavirusa-u-srbiji\/"},"wordCount":1602,"publisher":{"@id":"https:\/\/radioljubuski.ba\/#organization"},"image":{"@id":"https:\/\/radioljubuski.ba\/index.php\/2021\/03\/28\/sto-se-zaista-dogada-s-cijepljenjem-i-pandemijom-koronavirusa-u-srbiji\/#primaryimage"},"thumbnailUrl":"https:\/\/radioljubuski.ba\/wp-content\/uploads\/2021\/03\/1-23.png","articleSection":["BIH i regija"],"inLanguage":"hr"},{"@type":"WebPage","@id":"https:\/\/radioljubuski.ba\/index.php\/2021\/03\/28\/sto-se-zaista-dogada-s-cijepljenjem-i-pandemijom-koronavirusa-u-srbiji\/","url":"https:\/\/radioljubuski.ba\/index.php\/2021\/03\/28\/sto-se-zaista-dogada-s-cijepljenjem-i-pandemijom-koronavirusa-u-srbiji\/","name":"\u0160to se zaista doga\u0111a s cijepljenjem i pandemijom koronavirusa u Srbiji? - RADIO LJUBU\u0160KI","isPartOf":{"@id":"https:\/\/radioljubuski.ba\/#website"},"primaryImageOfPage":{"@id":"https:\/\/radioljubuski.ba\/index.php\/2021\/03\/28\/sto-se-zaista-dogada-s-cijepljenjem-i-pandemijom-koronavirusa-u-srbiji\/#primaryimage"},"image":{"@id":"https:\/\/radioljubuski.ba\/index.php\/2021\/03\/28\/sto-se-zaista-dogada-s-cijepljenjem-i-pandemijom-koronavirusa-u-srbiji\/#primaryimage"},"thumbnailUrl":"https:\/\/radioljubuski.ba\/wp-content\/uploads\/2021\/03\/1-23.png","datePublished":"2021-03-28T17:46:30+00:00","dateModified":"2021-03-28T17:46:31+00:00","breadcrumb":{"@id":"https:\/\/radioljubuski.ba\/index.php\/2021\/03\/28\/sto-se-zaista-dogada-s-cijepljenjem-i-pandemijom-koronavirusa-u-srbiji\/#breadcrumb"},"inLanguage":"hr","potentialAction":[{"@type":"ReadAction","target":["https:\/\/radioljubuski.ba\/index.php\/2021\/03\/28\/sto-se-zaista-dogada-s-cijepljenjem-i-pandemijom-koronavirusa-u-srbiji\/"]}]},{"@type":"ImageObject","inLanguage":"hr","@id":"https:\/\/radioljubuski.ba\/index.php\/2021\/03\/28\/sto-se-zaista-dogada-s-cijepljenjem-i-pandemijom-koronavirusa-u-srbiji\/#primaryimage","url":"https:\/\/radioljubuski.ba\/wp-content\/uploads\/2021\/03\/1-23.png","contentUrl":"https:\/\/radioljubuski.ba\/wp-content\/uploads\/2021\/03\/1-23.png","width":646,"height":360},{"@type":"BreadcrumbList","@id":"https:\/\/radioljubuski.ba\/index.php\/2021\/03\/28\/sto-se-zaista-dogada-s-cijepljenjem-i-pandemijom-koronavirusa-u-srbiji\/#breadcrumb","itemListElement":[{"@type":"ListItem","position":1,"name":"Po\u010detna stranica","item":"https:\/\/radioljubuski.ba\/"},{"@type":"ListItem","position":2,"name":"\u0160to se zaista doga\u0111a s cijepljenjem i pandemijom koronavirusa u Srbiji?"}]},{"@type":"WebSite","@id":"https:\/\/radioljubuski.ba\/#website","url":"https:\/\/radioljubuski.ba\/","name":"Radio Ljubu\u0161ki","description":"Sun\u010dana frekvencija Hercegovine","publisher":{"@id":"https:\/\/radioljubuski.ba\/#organization"},"potentialAction":[{"@type":"SearchAction","target":{"@type":"EntryPoint","urlTemplate":"https:\/\/radioljubuski.ba\/?s={search_term_string}"},"query-input":{"@type":"PropertyValueSpecification","valueRequired":true,"valueName":"search_term_string"}}],"inLanguage":"hr"},{"@type":"Organization","@id":"https:\/\/radioljubuski.ba\/#organization","name":"Radio Ljubu\u0161ki","url":"https:\/\/radioljubuski.ba\/","logo":{"@type":"ImageObject","inLanguage":"hr","@id":"https:\/\/radioljubuski.ba\/#\/schema\/logo\/image\/","url":"https:\/\/radioljubuski.ba\/wp-content\/uploads\/2021\/02\/cropped-Radio_Ljubuski_logo1.jpg","contentUrl":"https:\/\/radioljubuski.ba\/wp-content\/uploads\/2021\/02\/cropped-Radio_Ljubuski_logo1.jpg","width":512,"height":512,"caption":"Radio Ljubu\u0161ki"},"image":{"@id":"https:\/\/radioljubuski.ba\/#\/schema\/logo\/image\/"},"sameAs":["https:\/\/www.facebook.com\/Radiio-Ljubuski-1490835324566332","https:\/\/x.com\/radioljubuski","https:\/\/hr.linkedin.com\/company\/radio-ljubuski","https:\/\/www.youtube.com\/channel\/UCHYaeO_n0Db3tjNGudGpXyw"]},{"@type":"Person","@id":"https:\/\/radioljubuski.ba\/#\/schema\/person\/19fc700381a780f69665d7956c469e3b","name":"Radio Ljubu\u0161ki"}]}},"_links":{"self":[{"href":"https:\/\/radioljubuski.ba\/index.php\/wp-json\/wp\/v2\/posts\/7660","targetHints":{"allow":["GET"]}}],"collection":[{"href":"https:\/\/radioljubuski.ba\/index.php\/wp-json\/wp\/v2\/posts"}],"about":[{"href":"https:\/\/radioljubuski.ba\/index.php\/wp-json\/wp\/v2\/types\/post"}],"author":[{"embeddable":true,"href":"https:\/\/radioljubuski.ba\/index.php\/wp-json\/wp\/v2\/users\/2"}],"replies":[{"embeddable":true,"href":"https:\/\/radioljubuski.ba\/index.php\/wp-json\/wp\/v2\/comments?post=7660"}],"version-history":[{"count":1,"href":"https:\/\/radioljubuski.ba\/index.php\/wp-json\/wp\/v2\/posts\/7660\/revisions"}],"predecessor-version":[{"id":7662,"href":"https:\/\/radioljubuski.ba\/index.php\/wp-json\/wp\/v2\/posts\/7660\/revisions\/7662"}],"wp:featuredmedia":[{"embeddable":true,"href":"https:\/\/radioljubuski.ba\/index.php\/wp-json\/wp\/v2\/media\/7661"}],"wp:attachment":[{"href":"https:\/\/radioljubuski.ba\/index.php\/wp-json\/wp\/v2\/media?parent=7660"}],"wp:term":[{"taxonomy":"category","embeddable":true,"href":"https:\/\/radioljubuski.ba\/index.php\/wp-json\/wp\/v2\/categories?post=7660"},{"taxonomy":"post_tag","embeddable":true,"href":"https:\/\/radioljubuski.ba\/index.php\/wp-json\/wp\/v2\/tags?post=7660"}],"curies":[{"name":"wp","href":"https:\/\/api.w.org\/{rel}","templated":true}]}}