{"id":76638,"date":"2021-10-16T21:08:00","date_gmt":"2021-10-16T20:08:00","guid":{"rendered":"https:\/\/radioljubuski.ba\/?p=76638"},"modified":"2021-10-16T21:08:01","modified_gmt":"2021-10-16T20:08:01","slug":"radnici-u-njemackoj-nisu-bili-u-boljoj-poziciji-u-posljednjih-30-godina","status":"publish","type":"post","link":"https:\/\/radioljubuski.ba\/index.php\/2021\/10\/16\/radnici-u-njemackoj-nisu-bili-u-boljoj-poziciji-u-posljednjih-30-godina\/","title":{"rendered":"Radnici u Njema\u010dkoj nisu bili u boljoj poziciji u posljednjih 30 godina"},"content":{"rendered":"\n<p>Visokokvalificirana radna snaga, skladni radni odnosi i ograni\u010den rast plata ve\u0107 je dugo osnova ekonomskog uspjeha Njema\u010dke, pi\u0161e ugledni Economist. Prosje\u010dne pla\u0107e u Njema\u010dkoj narasle su za 5,5 posto u drugom tromjese\u010dju u odnosu na prethodnu godinu. To bi dijelom moglo biti uzrokovano time da su pla\u0107e pale za 4 posto u istom razdoblju 2020. godine, kada se dogodio ekonomski \u0161ok zbog pandemije. Ipak, radnici su danas u najboljoj poziciji u posljednjih 30 godina, tvrdi Gabriel Felbermayr uposlenik Instituta za svjetsku ekonomiju u Kielu, u okviru istra\u017eiva\u010dkog centra.<\/p>\n\n\n\n<p>Carsten Brzeski iz ING banke isti\u010de da \u0161efovi posebno tra\u017ee stru\u010dno osoblje, a da automatizacija i migracija ne mogu nadoknaditi nedostatak radne snage. Sindikati se ne stide koristiti svoju pove\u0107anu mo\u0107. &#8220;Odmah tra\u017eimo pove\u0107anje pla\u0107a za radnike u insdustriji od 4,5 posto, plus dodatna sredstva za prijevremeno penzionisanje&#8221;, ka\u017ee Frederic Striegler iz ig Metall-a, najve\u0107eg njema\u010dkog sindikata. \u0160efovi pojedinih industrijskih grana idu\u0107e godine nude pove\u0107anje od samo 1,2 posto, a godinu kasnije 1,3. To nije dovoljno, ka\u017ee Striegler, jer radnicima ne\u0107e nadoknaditi inflaciju.<\/p>\n\n\n\n<p>Potro\u0161a\u010dke cijene porasle su za 4,1 posto u rujnu, \u0161to je najve\u0107a stopa u 28 godina (iako je rast dijelom uzrokovan jednokratnim faktorima, poput privremenog smanjenja poreza na dodanu vrijednost 2020.). Sindikati su ranije radije \u010duvali radna mjesta nego osiguravali pove\u0107anje plata, pa su skloni dogovoru sa \u0161efovima koji nisu mogli priu\u0161titi ve\u0107e pla\u0107e. Stvari su sada nesigurnije, radnici kompanije Carthago, proizvo\u0111a\u010da kamper ku\u0107a, stupili su ovaj tjedan u \u0161trajk, zahtijevaju\u0107i pove\u0107anja plata zbog velike potra\u017enje za prikolicama.<\/p>\n\n\n\n<p>Planirani su dodatni \u0161trajkovi kod drugih proizvo\u0111a\u010da prikolica i namje\u0161taja. \u0160ef Ig Bau, sindikata koji predstavlja oko 900.000 gra\u0111evinskih radnika, upozorio je da \u0107e raspisati svoj prvi \u0161trajk u posljednjih 20 godina u cijeloj zemlji ako poslodavci ne ispune zahtjeve za pove\u0107anje plata idu\u0107e godine za 5,3 posto, te naknada za putovanje do narasla. Tako\u0111er, tra\u017ee pove\u0107anje plata za gra\u0111evinske radnike u isto\u010dnoj Njema\u010dkoj kako bi se izjedna\u010dili s onima na zapadu. Osim toga, 16 njema\u010dkih dr\u017eava pregovara sa sindikatima o ve\u0107oj pla\u0107i za vi\u0161e od 2,3 milijuna radnika u javnom sektoru. Sindikati zahtijevaju pove\u0107anje plata od 5 posto, uz pove\u0107anje od najmanje 150 eura mjese\u010dno za najmanje pla\u0107ene i 300 eura za zdravstvene radnike.<\/p>\n\n\n\n<p>Prosje\u010dno pove\u0107anje pla\u0107a od 5 posto sljede\u0107e godine \u010dini se &#8220;realnim&#8221;, smatra Felbermayr. Plate u industrijama koje se oslanjaju na kvalificirane radnike mogu porasti za jo\u0161 vi\u0161e. Ipak, pove\u0107anje ne\u0107e dodatno poticati inflaciju, barem ne kratkoro\u010dno, tvrdi Brzeski. Uprkos porastu plata ove godine, stvarni prihodi i dalje su ispod razine prije pandemije. I ve\u0107ina kompanija u ve\u0107ini industrija mo\u017ee priu\u0161titi razumno pove\u0107anje plata, jer je dr\u017eava snosila veliki dio tro\u0161kova uzrokovanih pandemijom. Ipak, nedostatak radnika bi se mogao ponovo osjetiti sa starenjem stanovni\u0161tva jer \u0107e se ponuda radne snage smanjiti od 2023. godine.<\/p>\n\n\n\n<p>Izvor:klix.ba<\/p>\n","protected":false},"excerpt":{"rendered":"<p>Visokokvalificirana radna snaga, skladni radni odnosi i ograni\u010den rast plata ve\u0107 je dugo osnova ekonomskog uspjeha Njema\u010dke, pi\u0161e ugledni Economist. Prosje\u010dne pla\u0107e u Njema\u010dkoj narasle su za 5,5 posto u drugom tromjese\u010dju u odnosu na prethodnu godinu. To bi dijelom moglo biti uzrokovano time da su pla\u0107e pale za 4 posto u istom razdoblju 2020. [&hellip;]<\/p>\n","protected":false},"author":2,"featured_media":58236,"comment_status":"closed","ping_status":"closed","sticky":false,"template":"","format":"standard","meta":{"h5ap_radio_sources":[],"footnotes":""},"categories":[1],"tags":[],"class_list":["post-76638","post","type-post","status-publish","format-standard","has-post-thumbnail","hentry","category-bihiregija"],"yoast_head":"<!-- This site is optimized with the Yoast SEO plugin v27.4 - https:\/\/yoast.com\/product\/yoast-seo-wordpress\/ -->\n<title>Radnici u Njema\u010dkoj nisu bili u boljoj poziciji u posljednjih 30 godina - RADIO LJUBU\u0160KI<\/title>\n<meta name=\"robots\" content=\"index, follow, max-snippet:-1, max-image-preview:large, max-video-preview:-1\" \/>\n<link rel=\"canonical\" href=\"https:\/\/radioljubuski.ba\/index.php\/2021\/10\/16\/radnici-u-njemackoj-nisu-bili-u-boljoj-poziciji-u-posljednjih-30-godina\/\" \/>\n<meta property=\"og:locale\" content=\"hr_HR\" \/>\n<meta property=\"og:type\" content=\"article\" \/>\n<meta property=\"og:title\" content=\"Radnici u Njema\u010dkoj nisu bili u boljoj poziciji u posljednjih 30 godina - RADIO LJUBU\u0160KI\" \/>\n<meta property=\"og:description\" content=\"Visokokvalificirana radna snaga, skladni radni odnosi i ograni\u010den rast plata ve\u0107 je dugo osnova ekonomskog uspjeha Njema\u010dke, pi\u0161e ugledni Economist. Prosje\u010dne pla\u0107e u Njema\u010dkoj narasle su za 5,5 posto u drugom tromjese\u010dju u odnosu na prethodnu godinu. To bi dijelom moglo biti uzrokovano time da su pla\u0107e pale za 4 posto u istom razdoblju 2020. [&hellip;]\" \/>\n<meta property=\"og:url\" content=\"https:\/\/radioljubuski.ba\/index.php\/2021\/10\/16\/radnici-u-njemackoj-nisu-bili-u-boljoj-poziciji-u-posljednjih-30-godina\/\" \/>\n<meta property=\"og:site_name\" content=\"RADIO LJUBU\u0160KI\" \/>\n<meta property=\"article:publisher\" content=\"https:\/\/www.facebook.com\/Radiio-Ljubuski-1490835324566332\" \/>\n<meta property=\"article:published_time\" content=\"2021-10-16T20:08:00+00:00\" \/>\n<meta property=\"article:modified_time\" content=\"2021-10-16T20:08:01+00:00\" \/>\n<meta property=\"og:image\" content=\"https:\/\/radioljubuski.ba\/wp-content\/uploads\/2021\/08\/IbHu3Edq_radnici.jpg\" \/>\n\t<meta property=\"og:image:width\" content=\"1000\" \/>\n\t<meta property=\"og:image:height\" content=\"625\" \/>\n\t<meta property=\"og:image:type\" content=\"image\/jpeg\" \/>\n<meta name=\"author\" content=\"Radio Ljubu\u0161ki\" \/>\n<meta name=\"twitter:card\" content=\"summary_large_image\" \/>\n<meta name=\"twitter:creator\" content=\"@radioljubuski\" \/>\n<meta name=\"twitter:site\" content=\"@radioljubuski\" \/>\n<meta name=\"twitter:label1\" content=\"Napisao\/la\" \/>\n\t<meta name=\"twitter:data1\" content=\"Radio Ljubu\u0161ki\" \/>\n\t<meta name=\"twitter:label2\" content=\"Procijenjeno vrijeme \u010ditanja\" \/>\n\t<meta name=\"twitter:data2\" content=\"3 minute\" \/>\n<script type=\"application\/ld+json\" class=\"yoast-schema-graph\">{\"@context\":\"https:\\\/\\\/schema.org\",\"@graph\":[{\"@type\":\"Article\",\"@id\":\"https:\\\/\\\/radioljubuski.ba\\\/index.php\\\/2021\\\/10\\\/16\\\/radnici-u-njemackoj-nisu-bili-u-boljoj-poziciji-u-posljednjih-30-godina\\\/#article\",\"isPartOf\":{\"@id\":\"https:\\\/\\\/radioljubuski.ba\\\/index.php\\\/2021\\\/10\\\/16\\\/radnici-u-njemackoj-nisu-bili-u-boljoj-poziciji-u-posljednjih-30-godina\\\/\"},\"author\":{\"name\":\"Radio Ljubu\u0161ki\",\"@id\":\"https:\\\/\\\/radioljubuski.ba\\\/#\\\/schema\\\/person\\\/19fc700381a780f69665d7956c469e3b\"},\"headline\":\"Radnici u Njema\u010dkoj nisu bili u boljoj poziciji u posljednjih 30 godina\",\"datePublished\":\"2021-10-16T20:08:00+00:00\",\"dateModified\":\"2021-10-16T20:08:01+00:00\",\"mainEntityOfPage\":{\"@id\":\"https:\\\/\\\/radioljubuski.ba\\\/index.php\\\/2021\\\/10\\\/16\\\/radnici-u-njemackoj-nisu-bili-u-boljoj-poziciji-u-posljednjih-30-godina\\\/\"},\"wordCount\":527,\"publisher\":{\"@id\":\"https:\\\/\\\/radioljubuski.ba\\\/#organization\"},\"image\":{\"@id\":\"https:\\\/\\\/radioljubuski.ba\\\/index.php\\\/2021\\\/10\\\/16\\\/radnici-u-njemackoj-nisu-bili-u-boljoj-poziciji-u-posljednjih-30-godina\\\/#primaryimage\"},\"thumbnailUrl\":\"https:\\\/\\\/radioljubuski.ba\\\/wp-content\\\/uploads\\\/2021\\\/08\\\/IbHu3Edq_radnici.jpg\",\"articleSection\":[\"BIH i regija\"],\"inLanguage\":\"hr\"},{\"@type\":\"WebPage\",\"@id\":\"https:\\\/\\\/radioljubuski.ba\\\/index.php\\\/2021\\\/10\\\/16\\\/radnici-u-njemackoj-nisu-bili-u-boljoj-poziciji-u-posljednjih-30-godina\\\/\",\"url\":\"https:\\\/\\\/radioljubuski.ba\\\/index.php\\\/2021\\\/10\\\/16\\\/radnici-u-njemackoj-nisu-bili-u-boljoj-poziciji-u-posljednjih-30-godina\\\/\",\"name\":\"Radnici u Njema\u010dkoj nisu bili u boljoj poziciji u posljednjih 30 godina - RADIO LJUBU\u0160KI\",\"isPartOf\":{\"@id\":\"https:\\\/\\\/radioljubuski.ba\\\/#website\"},\"primaryImageOfPage\":{\"@id\":\"https:\\\/\\\/radioljubuski.ba\\\/index.php\\\/2021\\\/10\\\/16\\\/radnici-u-njemackoj-nisu-bili-u-boljoj-poziciji-u-posljednjih-30-godina\\\/#primaryimage\"},\"image\":{\"@id\":\"https:\\\/\\\/radioljubuski.ba\\\/index.php\\\/2021\\\/10\\\/16\\\/radnici-u-njemackoj-nisu-bili-u-boljoj-poziciji-u-posljednjih-30-godina\\\/#primaryimage\"},\"thumbnailUrl\":\"https:\\\/\\\/radioljubuski.ba\\\/wp-content\\\/uploads\\\/2021\\\/08\\\/IbHu3Edq_radnici.jpg\",\"datePublished\":\"2021-10-16T20:08:00+00:00\",\"dateModified\":\"2021-10-16T20:08:01+00:00\",\"breadcrumb\":{\"@id\":\"https:\\\/\\\/radioljubuski.ba\\\/index.php\\\/2021\\\/10\\\/16\\\/radnici-u-njemackoj-nisu-bili-u-boljoj-poziciji-u-posljednjih-30-godina\\\/#breadcrumb\"},\"inLanguage\":\"hr\",\"potentialAction\":[{\"@type\":\"ReadAction\",\"target\":[\"https:\\\/\\\/radioljubuski.ba\\\/index.php\\\/2021\\\/10\\\/16\\\/radnici-u-njemackoj-nisu-bili-u-boljoj-poziciji-u-posljednjih-30-godina\\\/\"]}]},{\"@type\":\"ImageObject\",\"inLanguage\":\"hr\",\"@id\":\"https:\\\/\\\/radioljubuski.ba\\\/index.php\\\/2021\\\/10\\\/16\\\/radnici-u-njemackoj-nisu-bili-u-boljoj-poziciji-u-posljednjih-30-godina\\\/#primaryimage\",\"url\":\"https:\\\/\\\/radioljubuski.ba\\\/wp-content\\\/uploads\\\/2021\\\/08\\\/IbHu3Edq_radnici.jpg\",\"contentUrl\":\"https:\\\/\\\/radioljubuski.ba\\\/wp-content\\\/uploads\\\/2021\\\/08\\\/IbHu3Edq_radnici.jpg\",\"width\":1000,\"height\":625},{\"@type\":\"BreadcrumbList\",\"@id\":\"https:\\\/\\\/radioljubuski.ba\\\/index.php\\\/2021\\\/10\\\/16\\\/radnici-u-njemackoj-nisu-bili-u-boljoj-poziciji-u-posljednjih-30-godina\\\/#breadcrumb\",\"itemListElement\":[{\"@type\":\"ListItem\",\"position\":1,\"name\":\"Po\u010detna stranica\",\"item\":\"https:\\\/\\\/radioljubuski.ba\\\/\"},{\"@type\":\"ListItem\",\"position\":2,\"name\":\"Radnici u Njema\u010dkoj nisu bili u boljoj poziciji u posljednjih 30 godina\"}]},{\"@type\":\"WebSite\",\"@id\":\"https:\\\/\\\/radioljubuski.ba\\\/#website\",\"url\":\"https:\\\/\\\/radioljubuski.ba\\\/\",\"name\":\"Radio Ljubu\u0161ki\",\"description\":\"Sun\u010dana frekvencija Hercegovine\",\"publisher\":{\"@id\":\"https:\\\/\\\/radioljubuski.ba\\\/#organization\"},\"potentialAction\":[{\"@type\":\"SearchAction\",\"target\":{\"@type\":\"EntryPoint\",\"urlTemplate\":\"https:\\\/\\\/radioljubuski.ba\\\/?s={search_term_string}\"},\"query-input\":{\"@type\":\"PropertyValueSpecification\",\"valueRequired\":true,\"valueName\":\"search_term_string\"}}],\"inLanguage\":\"hr\"},{\"@type\":\"Organization\",\"@id\":\"https:\\\/\\\/radioljubuski.ba\\\/#organization\",\"name\":\"Radio Ljubu\u0161ki\",\"url\":\"https:\\\/\\\/radioljubuski.ba\\\/\",\"logo\":{\"@type\":\"ImageObject\",\"inLanguage\":\"hr\",\"@id\":\"https:\\\/\\\/radioljubuski.ba\\\/#\\\/schema\\\/logo\\\/image\\\/\",\"url\":\"https:\\\/\\\/radioljubuski.ba\\\/wp-content\\\/uploads\\\/2021\\\/02\\\/cropped-Radio_Ljubuski_logo1.jpg\",\"contentUrl\":\"https:\\\/\\\/radioljubuski.ba\\\/wp-content\\\/uploads\\\/2021\\\/02\\\/cropped-Radio_Ljubuski_logo1.jpg\",\"width\":512,\"height\":512,\"caption\":\"Radio Ljubu\u0161ki\"},\"image\":{\"@id\":\"https:\\\/\\\/radioljubuski.ba\\\/#\\\/schema\\\/logo\\\/image\\\/\"},\"sameAs\":[\"https:\\\/\\\/www.facebook.com\\\/Radiio-Ljubuski-1490835324566332\",\"https:\\\/\\\/x.com\\\/radioljubuski\",\"https:\\\/\\\/hr.linkedin.com\\\/company\\\/radio-ljubuski\",\"https:\\\/\\\/www.youtube.com\\\/channel\\\/UCHYaeO_n0Db3tjNGudGpXyw\"]},{\"@type\":\"Person\",\"@id\":\"https:\\\/\\\/radioljubuski.ba\\\/#\\\/schema\\\/person\\\/19fc700381a780f69665d7956c469e3b\",\"name\":\"Radio Ljubu\u0161ki\"}]}<\/script>\n<!-- \/ Yoast SEO plugin. -->","yoast_head_json":{"title":"Radnici u Njema\u010dkoj nisu bili u boljoj poziciji u posljednjih 30 godina - RADIO LJUBU\u0160KI","robots":{"index":"index","follow":"follow","max-snippet":"max-snippet:-1","max-image-preview":"max-image-preview:large","max-video-preview":"max-video-preview:-1"},"canonical":"https:\/\/radioljubuski.ba\/index.php\/2021\/10\/16\/radnici-u-njemackoj-nisu-bili-u-boljoj-poziciji-u-posljednjih-30-godina\/","og_locale":"hr_HR","og_type":"article","og_title":"Radnici u Njema\u010dkoj nisu bili u boljoj poziciji u posljednjih 30 godina - RADIO LJUBU\u0160KI","og_description":"Visokokvalificirana radna snaga, skladni radni odnosi i ograni\u010den rast plata ve\u0107 je dugo osnova ekonomskog uspjeha Njema\u010dke, pi\u0161e ugledni Economist. Prosje\u010dne pla\u0107e u Njema\u010dkoj narasle su za 5,5 posto u drugom tromjese\u010dju u odnosu na prethodnu godinu. To bi dijelom moglo biti uzrokovano time da su pla\u0107e pale za 4 posto u istom razdoblju 2020. [&hellip;]","og_url":"https:\/\/radioljubuski.ba\/index.php\/2021\/10\/16\/radnici-u-njemackoj-nisu-bili-u-boljoj-poziciji-u-posljednjih-30-godina\/","og_site_name":"RADIO LJUBU\u0160KI","article_publisher":"https:\/\/www.facebook.com\/Radiio-Ljubuski-1490835324566332","article_published_time":"2021-10-16T20:08:00+00:00","article_modified_time":"2021-10-16T20:08:01+00:00","og_image":[{"width":1000,"height":625,"url":"https:\/\/radioljubuski.ba\/wp-content\/uploads\/2021\/08\/IbHu3Edq_radnici.jpg","type":"image\/jpeg"}],"author":"Radio Ljubu\u0161ki","twitter_card":"summary_large_image","twitter_creator":"@radioljubuski","twitter_site":"@radioljubuski","twitter_misc":{"Napisao\/la":"Radio Ljubu\u0161ki","Procijenjeno vrijeme \u010ditanja":"3 minute"},"schema":{"@context":"https:\/\/schema.org","@graph":[{"@type":"Article","@id":"https:\/\/radioljubuski.ba\/index.php\/2021\/10\/16\/radnici-u-njemackoj-nisu-bili-u-boljoj-poziciji-u-posljednjih-30-godina\/#article","isPartOf":{"@id":"https:\/\/radioljubuski.ba\/index.php\/2021\/10\/16\/radnici-u-njemackoj-nisu-bili-u-boljoj-poziciji-u-posljednjih-30-godina\/"},"author":{"name":"Radio Ljubu\u0161ki","@id":"https:\/\/radioljubuski.ba\/#\/schema\/person\/19fc700381a780f69665d7956c469e3b"},"headline":"Radnici u Njema\u010dkoj nisu bili u boljoj poziciji u posljednjih 30 godina","datePublished":"2021-10-16T20:08:00+00:00","dateModified":"2021-10-16T20:08:01+00:00","mainEntityOfPage":{"@id":"https:\/\/radioljubuski.ba\/index.php\/2021\/10\/16\/radnici-u-njemackoj-nisu-bili-u-boljoj-poziciji-u-posljednjih-30-godina\/"},"wordCount":527,"publisher":{"@id":"https:\/\/radioljubuski.ba\/#organization"},"image":{"@id":"https:\/\/radioljubuski.ba\/index.php\/2021\/10\/16\/radnici-u-njemackoj-nisu-bili-u-boljoj-poziciji-u-posljednjih-30-godina\/#primaryimage"},"thumbnailUrl":"https:\/\/radioljubuski.ba\/wp-content\/uploads\/2021\/08\/IbHu3Edq_radnici.jpg","articleSection":["BIH i regija"],"inLanguage":"hr"},{"@type":"WebPage","@id":"https:\/\/radioljubuski.ba\/index.php\/2021\/10\/16\/radnici-u-njemackoj-nisu-bili-u-boljoj-poziciji-u-posljednjih-30-godina\/","url":"https:\/\/radioljubuski.ba\/index.php\/2021\/10\/16\/radnici-u-njemackoj-nisu-bili-u-boljoj-poziciji-u-posljednjih-30-godina\/","name":"Radnici u Njema\u010dkoj nisu bili u boljoj poziciji u posljednjih 30 godina - RADIO LJUBU\u0160KI","isPartOf":{"@id":"https:\/\/radioljubuski.ba\/#website"},"primaryImageOfPage":{"@id":"https:\/\/radioljubuski.ba\/index.php\/2021\/10\/16\/radnici-u-njemackoj-nisu-bili-u-boljoj-poziciji-u-posljednjih-30-godina\/#primaryimage"},"image":{"@id":"https:\/\/radioljubuski.ba\/index.php\/2021\/10\/16\/radnici-u-njemackoj-nisu-bili-u-boljoj-poziciji-u-posljednjih-30-godina\/#primaryimage"},"thumbnailUrl":"https:\/\/radioljubuski.ba\/wp-content\/uploads\/2021\/08\/IbHu3Edq_radnici.jpg","datePublished":"2021-10-16T20:08:00+00:00","dateModified":"2021-10-16T20:08:01+00:00","breadcrumb":{"@id":"https:\/\/radioljubuski.ba\/index.php\/2021\/10\/16\/radnici-u-njemackoj-nisu-bili-u-boljoj-poziciji-u-posljednjih-30-godina\/#breadcrumb"},"inLanguage":"hr","potentialAction":[{"@type":"ReadAction","target":["https:\/\/radioljubuski.ba\/index.php\/2021\/10\/16\/radnici-u-njemackoj-nisu-bili-u-boljoj-poziciji-u-posljednjih-30-godina\/"]}]},{"@type":"ImageObject","inLanguage":"hr","@id":"https:\/\/radioljubuski.ba\/index.php\/2021\/10\/16\/radnici-u-njemackoj-nisu-bili-u-boljoj-poziciji-u-posljednjih-30-godina\/#primaryimage","url":"https:\/\/radioljubuski.ba\/wp-content\/uploads\/2021\/08\/IbHu3Edq_radnici.jpg","contentUrl":"https:\/\/radioljubuski.ba\/wp-content\/uploads\/2021\/08\/IbHu3Edq_radnici.jpg","width":1000,"height":625},{"@type":"BreadcrumbList","@id":"https:\/\/radioljubuski.ba\/index.php\/2021\/10\/16\/radnici-u-njemackoj-nisu-bili-u-boljoj-poziciji-u-posljednjih-30-godina\/#breadcrumb","itemListElement":[{"@type":"ListItem","position":1,"name":"Po\u010detna stranica","item":"https:\/\/radioljubuski.ba\/"},{"@type":"ListItem","position":2,"name":"Radnici u Njema\u010dkoj nisu bili u boljoj poziciji u posljednjih 30 godina"}]},{"@type":"WebSite","@id":"https:\/\/radioljubuski.ba\/#website","url":"https:\/\/radioljubuski.ba\/","name":"Radio Ljubu\u0161ki","description":"Sun\u010dana frekvencija Hercegovine","publisher":{"@id":"https:\/\/radioljubuski.ba\/#organization"},"potentialAction":[{"@type":"SearchAction","target":{"@type":"EntryPoint","urlTemplate":"https:\/\/radioljubuski.ba\/?s={search_term_string}"},"query-input":{"@type":"PropertyValueSpecification","valueRequired":true,"valueName":"search_term_string"}}],"inLanguage":"hr"},{"@type":"Organization","@id":"https:\/\/radioljubuski.ba\/#organization","name":"Radio Ljubu\u0161ki","url":"https:\/\/radioljubuski.ba\/","logo":{"@type":"ImageObject","inLanguage":"hr","@id":"https:\/\/radioljubuski.ba\/#\/schema\/logo\/image\/","url":"https:\/\/radioljubuski.ba\/wp-content\/uploads\/2021\/02\/cropped-Radio_Ljubuski_logo1.jpg","contentUrl":"https:\/\/radioljubuski.ba\/wp-content\/uploads\/2021\/02\/cropped-Radio_Ljubuski_logo1.jpg","width":512,"height":512,"caption":"Radio Ljubu\u0161ki"},"image":{"@id":"https:\/\/radioljubuski.ba\/#\/schema\/logo\/image\/"},"sameAs":["https:\/\/www.facebook.com\/Radiio-Ljubuski-1490835324566332","https:\/\/x.com\/radioljubuski","https:\/\/hr.linkedin.com\/company\/radio-ljubuski","https:\/\/www.youtube.com\/channel\/UCHYaeO_n0Db3tjNGudGpXyw"]},{"@type":"Person","@id":"https:\/\/radioljubuski.ba\/#\/schema\/person\/19fc700381a780f69665d7956c469e3b","name":"Radio Ljubu\u0161ki"}]}},"_links":{"self":[{"href":"https:\/\/radioljubuski.ba\/index.php\/wp-json\/wp\/v2\/posts\/76638","targetHints":{"allow":["GET"]}}],"collection":[{"href":"https:\/\/radioljubuski.ba\/index.php\/wp-json\/wp\/v2\/posts"}],"about":[{"href":"https:\/\/radioljubuski.ba\/index.php\/wp-json\/wp\/v2\/types\/post"}],"author":[{"embeddable":true,"href":"https:\/\/radioljubuski.ba\/index.php\/wp-json\/wp\/v2\/users\/2"}],"replies":[{"embeddable":true,"href":"https:\/\/radioljubuski.ba\/index.php\/wp-json\/wp\/v2\/comments?post=76638"}],"version-history":[{"count":1,"href":"https:\/\/radioljubuski.ba\/index.php\/wp-json\/wp\/v2\/posts\/76638\/revisions"}],"predecessor-version":[{"id":76639,"href":"https:\/\/radioljubuski.ba\/index.php\/wp-json\/wp\/v2\/posts\/76638\/revisions\/76639"}],"wp:featuredmedia":[{"embeddable":true,"href":"https:\/\/radioljubuski.ba\/index.php\/wp-json\/wp\/v2\/media\/58236"}],"wp:attachment":[{"href":"https:\/\/radioljubuski.ba\/index.php\/wp-json\/wp\/v2\/media?parent=76638"}],"wp:term":[{"taxonomy":"category","embeddable":true,"href":"https:\/\/radioljubuski.ba\/index.php\/wp-json\/wp\/v2\/categories?post=76638"},{"taxonomy":"post_tag","embeddable":true,"href":"https:\/\/radioljubuski.ba\/index.php\/wp-json\/wp\/v2\/tags?post=76638"}],"curies":[{"name":"wp","href":"https:\/\/api.w.org\/{rel}","templated":true}]}}