{"id":7715,"date":"2021-03-29T01:16:37","date_gmt":"2021-03-29T00:16:37","guid":{"rendered":"https:\/\/radioljubuski.ba\/?p=7715"},"modified":"2021-03-29T01:16:38","modified_gmt":"2021-03-29T00:16:38","slug":"uzas-kod-kaknja-dosao-navodno-naplatiti-vodu-djedu-polomio-nogu-davio-ga-i-opljackao","status":"publish","type":"post","link":"https:\/\/radioljubuski.ba\/index.php\/2021\/03\/29\/uzas-kod-kaknja-dosao-navodno-naplatiti-vodu-djedu-polomio-nogu-davio-ga-i-opljackao\/","title":{"rendered":"U\u017eas kod Kaknja: Do\u0161ao navodno naplatiti vodu, djedu polomio nogu, davio ga i oplja\u010dkao"},"content":{"rendered":"\n<p>Stravi\u010dan napad dogodio se u petak u popodnevnim satima u selu Crna\u010d kod Kaknja gdje je nepoznati mu\u0161karac upao u ku\u0107u 79-godi\u0161njeg Pere Kalfi\u0107a kojeg je zvjerski tukao i poku\u0161ao ubiti, da bi ga na kraju oplja\u010dkao. Perin unuk Robert Kalfi\u0107 je kazao za Avaz kako je njegovom djedu \u017eivot bio ugro\u017een.<\/p>\n\n\n\n<p>&#8211; To se dogodilo u petak oko 17 sati. Djed je od ku\u0107e mojih roditelja udaljen 200 metara. Vjerojatno je taj provalnik pratio mog oca kad ide u drugu smjenu jer s talnmoj otac obilazi djeda i poma\u017ee mu. Kako nam je djed ispri\u010dao, do\u0161la mu je ta osoba, starosti izme\u0111u 30 i 40 godina, crn visok i rekao da je do\u0161ao naplatiti radove za vodu. Djed rekao \u201cnema problema\u201d u\u0161ao u ku\u0107u i donio mu 20 maraka i mu\u0161karac je oti\u0161ao &#8211; pri\u010da Robert. Nakon dvije minute razbojnik se vra\u0107a i napada djeda Peru koji je tu no\u0107 do\u017eivio pravi horor.<\/p>\n\n\n\n<p>&#8211; Mu\u0161karac je razvalio vrata, udarao je djeda stalno. Djed je krvario na podu. Provalnik je krenuo po ku\u0107i preturati stvari i tra\u017eiti novac. Razbijao je stvari. Djed je ustao, a mu\u0161karac se vratio i nastavio ga udarati. Djed je imao \u0161al na sebi i provalnik ga je davio s tim \u0161alom. Djed nam je ispri\u010dao da ga je nogama udarao i slomio mu nogu &#8211; ka\u017ee Robert.<\/p>\n\n\n\n<p>Razbojnik se nije zaustavio, djedu Peri je prijetio, govorio da \u0107e biti obje\u0161en, a na kraju je izletio iz ku\u0107e. Slomljene noge, Pero nije uspio do\u0107i do sinove ku\u0107e. &#8211; Sutradan smo do\u0161li \u010destitati mu ro\u0111endan. Nismo mogli u\u0107i, provalili smo vrata.<\/p>\n\n\n\n<p>Zatekli smo djeda nepomi\u010dnog- ispri\u010dao je Robert. Dodao je kako njegov djed \u017eivi od svoje mirovine i u ku\u0107i i nije imao mnogo novca. Obitelj je odmah pozvala policiju koja je obavila uvi\u0111aj na lici mjesta. U tijeku je potraga za razbojnikom. Djed je trenutno u zeni\u010dkoj bolnici i \u010deka operaciju.<\/p>\n\n\n\n<p>Izvor:avaz.ba<\/p>\n","protected":false},"excerpt":{"rendered":"<p>Stravi\u010dan napad dogodio se u petak u popodnevnim satima u selu Crna\u010d kod Kaknja gdje je nepoznati mu\u0161karac upao u ku\u0107u 79-godi\u0161njeg Pere Kalfi\u0107a kojeg je zvjerski tukao i poku\u0161ao ubiti, da bi ga na kraju oplja\u010dkao. Perin unuk Robert Kalfi\u0107 je kazao za Avaz kako je njegovom djedu \u017eivot bio ugro\u017een. &#8211; To se [&hellip;]<\/p>\n","protected":false},"author":2,"featured_media":0,"comment_status":"closed","ping_status":"closed","sticky":false,"template":"","format":"standard","meta":{"h5ap_radio_sources":[],"footnotes":""},"categories":[1],"tags":[],"class_list":["post-7715","post","type-post","status-publish","format-standard","hentry","category-bihiregija"],"yoast_head":"<!-- This site is optimized with the Yoast SEO plugin v27.4 - https:\/\/yoast.com\/product\/yoast-seo-wordpress\/ -->\n<title>U\u017eas kod Kaknja: Do\u0161ao navodno naplatiti vodu, djedu polomio nogu, davio ga i oplja\u010dkao - RADIO LJUBU\u0160KI<\/title>\n<meta name=\"robots\" content=\"index, follow, max-snippet:-1, max-image-preview:large, max-video-preview:-1\" \/>\n<link rel=\"canonical\" href=\"https:\/\/radioljubuski.ba\/index.php\/2021\/03\/29\/uzas-kod-kaknja-dosao-navodno-naplatiti-vodu-djedu-polomio-nogu-davio-ga-i-opljackao\/\" \/>\n<meta property=\"og:locale\" content=\"hr_HR\" \/>\n<meta property=\"og:type\" content=\"article\" \/>\n<meta property=\"og:title\" content=\"U\u017eas kod Kaknja: Do\u0161ao navodno naplatiti vodu, djedu polomio nogu, davio ga i oplja\u010dkao - RADIO LJUBU\u0160KI\" \/>\n<meta property=\"og:description\" content=\"Stravi\u010dan napad dogodio se u petak u popodnevnim satima u selu Crna\u010d kod Kaknja gdje je nepoznati mu\u0161karac upao u ku\u0107u 79-godi\u0161njeg Pere Kalfi\u0107a kojeg je zvjerski tukao i poku\u0161ao ubiti, da bi ga na kraju oplja\u010dkao. Perin unuk Robert Kalfi\u0107 je kazao za Avaz kako je njegovom djedu \u017eivot bio ugro\u017een. &#8211; To se [&hellip;]\" \/>\n<meta property=\"og:url\" content=\"https:\/\/radioljubuski.ba\/index.php\/2021\/03\/29\/uzas-kod-kaknja-dosao-navodno-naplatiti-vodu-djedu-polomio-nogu-davio-ga-i-opljackao\/\" \/>\n<meta property=\"og:site_name\" content=\"RADIO LJUBU\u0160KI\" \/>\n<meta property=\"article:publisher\" content=\"https:\/\/www.facebook.com\/Radiio-Ljubuski-1490835324566332\" \/>\n<meta property=\"article:published_time\" content=\"2021-03-29T00:16:37+00:00\" \/>\n<meta property=\"article:modified_time\" content=\"2021-03-29T00:16:38+00:00\" \/>\n<meta property=\"og:image\" content=\"https:\/\/radioljubuski.ba\/wp-content\/uploads\/2021\/03\/9-2021-03-28-20-35-23-napad3.png\" \/>\n\t<meta property=\"og:image:width\" content=\"1000\" \/>\n\t<meta property=\"og:image:height\" content=\"625\" \/>\n\t<meta property=\"og:image:type\" content=\"image\/png\" \/>\n<meta name=\"author\" content=\"Radio Ljubu\u0161ki\" \/>\n<meta name=\"twitter:card\" content=\"summary_large_image\" \/>\n<meta name=\"twitter:creator\" content=\"@radioljubuski\" \/>\n<meta name=\"twitter:site\" content=\"@radioljubuski\" \/>\n<meta name=\"twitter:label1\" content=\"Napisao\/la\" \/>\n\t<meta name=\"twitter:data1\" content=\"Radio Ljubu\u0161ki\" \/>\n\t<meta name=\"twitter:label2\" content=\"Procijenjeno vrijeme \u010ditanja\" \/>\n\t<meta name=\"twitter:data2\" content=\"2 minute\" \/>\n<script type=\"application\/ld+json\" class=\"yoast-schema-graph\">{\"@context\":\"https:\\\/\\\/schema.org\",\"@graph\":[{\"@type\":\"Article\",\"@id\":\"https:\\\/\\\/radioljubuski.ba\\\/index.php\\\/2021\\\/03\\\/29\\\/uzas-kod-kaknja-dosao-navodno-naplatiti-vodu-djedu-polomio-nogu-davio-ga-i-opljackao\\\/#article\",\"isPartOf\":{\"@id\":\"https:\\\/\\\/radioljubuski.ba\\\/index.php\\\/2021\\\/03\\\/29\\\/uzas-kod-kaknja-dosao-navodno-naplatiti-vodu-djedu-polomio-nogu-davio-ga-i-opljackao\\\/\"},\"author\":{\"name\":\"Radio Ljubu\u0161ki\",\"@id\":\"https:\\\/\\\/radioljubuski.ba\\\/#\\\/schema\\\/person\\\/19fc700381a780f69665d7956c469e3b\"},\"headline\":\"U\u017eas kod Kaknja: Do\u0161ao navodno naplatiti vodu, djedu polomio nogu, davio ga i oplja\u010dkao\",\"datePublished\":\"2021-03-29T00:16:37+00:00\",\"dateModified\":\"2021-03-29T00:16:38+00:00\",\"mainEntityOfPage\":{\"@id\":\"https:\\\/\\\/radioljubuski.ba\\\/index.php\\\/2021\\\/03\\\/29\\\/uzas-kod-kaknja-dosao-navodno-naplatiti-vodu-djedu-polomio-nogu-davio-ga-i-opljackao\\\/\"},\"wordCount\":369,\"publisher\":{\"@id\":\"https:\\\/\\\/radioljubuski.ba\\\/#organization\"},\"articleSection\":[\"BIH i regija\"],\"inLanguage\":\"hr\"},{\"@type\":\"WebPage\",\"@id\":\"https:\\\/\\\/radioljubuski.ba\\\/index.php\\\/2021\\\/03\\\/29\\\/uzas-kod-kaknja-dosao-navodno-naplatiti-vodu-djedu-polomio-nogu-davio-ga-i-opljackao\\\/\",\"url\":\"https:\\\/\\\/radioljubuski.ba\\\/index.php\\\/2021\\\/03\\\/29\\\/uzas-kod-kaknja-dosao-navodno-naplatiti-vodu-djedu-polomio-nogu-davio-ga-i-opljackao\\\/\",\"name\":\"U\u017eas kod Kaknja: Do\u0161ao navodno naplatiti vodu, djedu polomio nogu, davio ga i oplja\u010dkao - RADIO LJUBU\u0160KI\",\"isPartOf\":{\"@id\":\"https:\\\/\\\/radioljubuski.ba\\\/#website\"},\"datePublished\":\"2021-03-29T00:16:37+00:00\",\"dateModified\":\"2021-03-29T00:16:38+00:00\",\"breadcrumb\":{\"@id\":\"https:\\\/\\\/radioljubuski.ba\\\/index.php\\\/2021\\\/03\\\/29\\\/uzas-kod-kaknja-dosao-navodno-naplatiti-vodu-djedu-polomio-nogu-davio-ga-i-opljackao\\\/#breadcrumb\"},\"inLanguage\":\"hr\",\"potentialAction\":[{\"@type\":\"ReadAction\",\"target\":[\"https:\\\/\\\/radioljubuski.ba\\\/index.php\\\/2021\\\/03\\\/29\\\/uzas-kod-kaknja-dosao-navodno-naplatiti-vodu-djedu-polomio-nogu-davio-ga-i-opljackao\\\/\"]}]},{\"@type\":\"BreadcrumbList\",\"@id\":\"https:\\\/\\\/radioljubuski.ba\\\/index.php\\\/2021\\\/03\\\/29\\\/uzas-kod-kaknja-dosao-navodno-naplatiti-vodu-djedu-polomio-nogu-davio-ga-i-opljackao\\\/#breadcrumb\",\"itemListElement\":[{\"@type\":\"ListItem\",\"position\":1,\"name\":\"Po\u010detna stranica\",\"item\":\"https:\\\/\\\/radioljubuski.ba\\\/\"},{\"@type\":\"ListItem\",\"position\":2,\"name\":\"U\u017eas kod Kaknja: Do\u0161ao navodno naplatiti vodu, djedu polomio nogu, davio ga i oplja\u010dkao\"}]},{\"@type\":\"WebSite\",\"@id\":\"https:\\\/\\\/radioljubuski.ba\\\/#website\",\"url\":\"https:\\\/\\\/radioljubuski.ba\\\/\",\"name\":\"Radio Ljubu\u0161ki\",\"description\":\"Sun\u010dana frekvencija Hercegovine\",\"publisher\":{\"@id\":\"https:\\\/\\\/radioljubuski.ba\\\/#organization\"},\"potentialAction\":[{\"@type\":\"SearchAction\",\"target\":{\"@type\":\"EntryPoint\",\"urlTemplate\":\"https:\\\/\\\/radioljubuski.ba\\\/?s={search_term_string}\"},\"query-input\":{\"@type\":\"PropertyValueSpecification\",\"valueRequired\":true,\"valueName\":\"search_term_string\"}}],\"inLanguage\":\"hr\"},{\"@type\":\"Organization\",\"@id\":\"https:\\\/\\\/radioljubuski.ba\\\/#organization\",\"name\":\"Radio Ljubu\u0161ki\",\"url\":\"https:\\\/\\\/radioljubuski.ba\\\/\",\"logo\":{\"@type\":\"ImageObject\",\"inLanguage\":\"hr\",\"@id\":\"https:\\\/\\\/radioljubuski.ba\\\/#\\\/schema\\\/logo\\\/image\\\/\",\"url\":\"https:\\\/\\\/radioljubuski.ba\\\/wp-content\\\/uploads\\\/2021\\\/02\\\/cropped-Radio_Ljubuski_logo1.jpg\",\"contentUrl\":\"https:\\\/\\\/radioljubuski.ba\\\/wp-content\\\/uploads\\\/2021\\\/02\\\/cropped-Radio_Ljubuski_logo1.jpg\",\"width\":512,\"height\":512,\"caption\":\"Radio Ljubu\u0161ki\"},\"image\":{\"@id\":\"https:\\\/\\\/radioljubuski.ba\\\/#\\\/schema\\\/logo\\\/image\\\/\"},\"sameAs\":[\"https:\\\/\\\/www.facebook.com\\\/Radiio-Ljubuski-1490835324566332\",\"https:\\\/\\\/x.com\\\/radioljubuski\",\"https:\\\/\\\/hr.linkedin.com\\\/company\\\/radio-ljubuski\",\"https:\\\/\\\/www.youtube.com\\\/channel\\\/UCHYaeO_n0Db3tjNGudGpXyw\"]},{\"@type\":\"Person\",\"@id\":\"https:\\\/\\\/radioljubuski.ba\\\/#\\\/schema\\\/person\\\/19fc700381a780f69665d7956c469e3b\",\"name\":\"Radio Ljubu\u0161ki\"}]}<\/script>\n<!-- \/ Yoast SEO plugin. -->","yoast_head_json":{"title":"U\u017eas kod Kaknja: Do\u0161ao navodno naplatiti vodu, djedu polomio nogu, davio ga i oplja\u010dkao - RADIO LJUBU\u0160KI","robots":{"index":"index","follow":"follow","max-snippet":"max-snippet:-1","max-image-preview":"max-image-preview:large","max-video-preview":"max-video-preview:-1"},"canonical":"https:\/\/radioljubuski.ba\/index.php\/2021\/03\/29\/uzas-kod-kaknja-dosao-navodno-naplatiti-vodu-djedu-polomio-nogu-davio-ga-i-opljackao\/","og_locale":"hr_HR","og_type":"article","og_title":"U\u017eas kod Kaknja: Do\u0161ao navodno naplatiti vodu, djedu polomio nogu, davio ga i oplja\u010dkao - RADIO LJUBU\u0160KI","og_description":"Stravi\u010dan napad dogodio se u petak u popodnevnim satima u selu Crna\u010d kod Kaknja gdje je nepoznati mu\u0161karac upao u ku\u0107u 79-godi\u0161njeg Pere Kalfi\u0107a kojeg je zvjerski tukao i poku\u0161ao ubiti, da bi ga na kraju oplja\u010dkao. Perin unuk Robert Kalfi\u0107 je kazao za Avaz kako je njegovom djedu \u017eivot bio ugro\u017een. &#8211; To se [&hellip;]","og_url":"https:\/\/radioljubuski.ba\/index.php\/2021\/03\/29\/uzas-kod-kaknja-dosao-navodno-naplatiti-vodu-djedu-polomio-nogu-davio-ga-i-opljackao\/","og_site_name":"RADIO LJUBU\u0160KI","article_publisher":"https:\/\/www.facebook.com\/Radiio-Ljubuski-1490835324566332","article_published_time":"2021-03-29T00:16:37+00:00","article_modified_time":"2021-03-29T00:16:38+00:00","og_image":[{"width":1000,"height":625,"url":"https:\/\/radioljubuski.ba\/wp-content\/uploads\/2021\/03\/9-2021-03-28-20-35-23-napad3.png","type":"image\/png"}],"author":"Radio Ljubu\u0161ki","twitter_card":"summary_large_image","twitter_creator":"@radioljubuski","twitter_site":"@radioljubuski","twitter_misc":{"Napisao\/la":"Radio Ljubu\u0161ki","Procijenjeno vrijeme \u010ditanja":"2 minute"},"schema":{"@context":"https:\/\/schema.org","@graph":[{"@type":"Article","@id":"https:\/\/radioljubuski.ba\/index.php\/2021\/03\/29\/uzas-kod-kaknja-dosao-navodno-naplatiti-vodu-djedu-polomio-nogu-davio-ga-i-opljackao\/#article","isPartOf":{"@id":"https:\/\/radioljubuski.ba\/index.php\/2021\/03\/29\/uzas-kod-kaknja-dosao-navodno-naplatiti-vodu-djedu-polomio-nogu-davio-ga-i-opljackao\/"},"author":{"name":"Radio Ljubu\u0161ki","@id":"https:\/\/radioljubuski.ba\/#\/schema\/person\/19fc700381a780f69665d7956c469e3b"},"headline":"U\u017eas kod Kaknja: Do\u0161ao navodno naplatiti vodu, djedu polomio nogu, davio ga i oplja\u010dkao","datePublished":"2021-03-29T00:16:37+00:00","dateModified":"2021-03-29T00:16:38+00:00","mainEntityOfPage":{"@id":"https:\/\/radioljubuski.ba\/index.php\/2021\/03\/29\/uzas-kod-kaknja-dosao-navodno-naplatiti-vodu-djedu-polomio-nogu-davio-ga-i-opljackao\/"},"wordCount":369,"publisher":{"@id":"https:\/\/radioljubuski.ba\/#organization"},"articleSection":["BIH i regija"],"inLanguage":"hr"},{"@type":"WebPage","@id":"https:\/\/radioljubuski.ba\/index.php\/2021\/03\/29\/uzas-kod-kaknja-dosao-navodno-naplatiti-vodu-djedu-polomio-nogu-davio-ga-i-opljackao\/","url":"https:\/\/radioljubuski.ba\/index.php\/2021\/03\/29\/uzas-kod-kaknja-dosao-navodno-naplatiti-vodu-djedu-polomio-nogu-davio-ga-i-opljackao\/","name":"U\u017eas kod Kaknja: Do\u0161ao navodno naplatiti vodu, djedu polomio nogu, davio ga i oplja\u010dkao - RADIO LJUBU\u0160KI","isPartOf":{"@id":"https:\/\/radioljubuski.ba\/#website"},"datePublished":"2021-03-29T00:16:37+00:00","dateModified":"2021-03-29T00:16:38+00:00","breadcrumb":{"@id":"https:\/\/radioljubuski.ba\/index.php\/2021\/03\/29\/uzas-kod-kaknja-dosao-navodno-naplatiti-vodu-djedu-polomio-nogu-davio-ga-i-opljackao\/#breadcrumb"},"inLanguage":"hr","potentialAction":[{"@type":"ReadAction","target":["https:\/\/radioljubuski.ba\/index.php\/2021\/03\/29\/uzas-kod-kaknja-dosao-navodno-naplatiti-vodu-djedu-polomio-nogu-davio-ga-i-opljackao\/"]}]},{"@type":"BreadcrumbList","@id":"https:\/\/radioljubuski.ba\/index.php\/2021\/03\/29\/uzas-kod-kaknja-dosao-navodno-naplatiti-vodu-djedu-polomio-nogu-davio-ga-i-opljackao\/#breadcrumb","itemListElement":[{"@type":"ListItem","position":1,"name":"Po\u010detna stranica","item":"https:\/\/radioljubuski.ba\/"},{"@type":"ListItem","position":2,"name":"U\u017eas kod Kaknja: Do\u0161ao navodno naplatiti vodu, djedu polomio nogu, davio ga i oplja\u010dkao"}]},{"@type":"WebSite","@id":"https:\/\/radioljubuski.ba\/#website","url":"https:\/\/radioljubuski.ba\/","name":"Radio Ljubu\u0161ki","description":"Sun\u010dana frekvencija Hercegovine","publisher":{"@id":"https:\/\/radioljubuski.ba\/#organization"},"potentialAction":[{"@type":"SearchAction","target":{"@type":"EntryPoint","urlTemplate":"https:\/\/radioljubuski.ba\/?s={search_term_string}"},"query-input":{"@type":"PropertyValueSpecification","valueRequired":true,"valueName":"search_term_string"}}],"inLanguage":"hr"},{"@type":"Organization","@id":"https:\/\/radioljubuski.ba\/#organization","name":"Radio Ljubu\u0161ki","url":"https:\/\/radioljubuski.ba\/","logo":{"@type":"ImageObject","inLanguage":"hr","@id":"https:\/\/radioljubuski.ba\/#\/schema\/logo\/image\/","url":"https:\/\/radioljubuski.ba\/wp-content\/uploads\/2021\/02\/cropped-Radio_Ljubuski_logo1.jpg","contentUrl":"https:\/\/radioljubuski.ba\/wp-content\/uploads\/2021\/02\/cropped-Radio_Ljubuski_logo1.jpg","width":512,"height":512,"caption":"Radio Ljubu\u0161ki"},"image":{"@id":"https:\/\/radioljubuski.ba\/#\/schema\/logo\/image\/"},"sameAs":["https:\/\/www.facebook.com\/Radiio-Ljubuski-1490835324566332","https:\/\/x.com\/radioljubuski","https:\/\/hr.linkedin.com\/company\/radio-ljubuski","https:\/\/www.youtube.com\/channel\/UCHYaeO_n0Db3tjNGudGpXyw"]},{"@type":"Person","@id":"https:\/\/radioljubuski.ba\/#\/schema\/person\/19fc700381a780f69665d7956c469e3b","name":"Radio Ljubu\u0161ki"}]}},"_links":{"self":[{"href":"https:\/\/radioljubuski.ba\/index.php\/wp-json\/wp\/v2\/posts\/7715","targetHints":{"allow":["GET"]}}],"collection":[{"href":"https:\/\/radioljubuski.ba\/index.php\/wp-json\/wp\/v2\/posts"}],"about":[{"href":"https:\/\/radioljubuski.ba\/index.php\/wp-json\/wp\/v2\/types\/post"}],"author":[{"embeddable":true,"href":"https:\/\/radioljubuski.ba\/index.php\/wp-json\/wp\/v2\/users\/2"}],"replies":[{"embeddable":true,"href":"https:\/\/radioljubuski.ba\/index.php\/wp-json\/wp\/v2\/comments?post=7715"}],"version-history":[{"count":1,"href":"https:\/\/radioljubuski.ba\/index.php\/wp-json\/wp\/v2\/posts\/7715\/revisions"}],"predecessor-version":[{"id":7717,"href":"https:\/\/radioljubuski.ba\/index.php\/wp-json\/wp\/v2\/posts\/7715\/revisions\/7717"}],"wp:attachment":[{"href":"https:\/\/radioljubuski.ba\/index.php\/wp-json\/wp\/v2\/media?parent=7715"}],"wp:term":[{"taxonomy":"category","embeddable":true,"href":"https:\/\/radioljubuski.ba\/index.php\/wp-json\/wp\/v2\/categories?post=7715"},{"taxonomy":"post_tag","embeddable":true,"href":"https:\/\/radioljubuski.ba\/index.php\/wp-json\/wp\/v2\/tags?post=7715"}],"curies":[{"name":"wp","href":"https:\/\/api.w.org\/{rel}","templated":true}]}}