{"id":7718,"date":"2021-03-29T01:20:48","date_gmt":"2021-03-29T00:20:48","guid":{"rendered":"https:\/\/radioljubuski.ba\/?p=7718"},"modified":"2021-03-29T01:20:49","modified_gmt":"2021-03-29T00:20:49","slug":"maske-ffp2-od-srijede-obvezne-na-javnim-mjestima-u-berlinu-kazu-da-im-kirurske-vise-nisu-dovoljne-za-borbu-s-epidemijom","status":"publish","type":"post","link":"https:\/\/radioljubuski.ba\/index.php\/2021\/03\/29\/maske-ffp2-od-srijede-obvezne-na-javnim-mjestima-u-berlinu-kazu-da-im-kirurske-vise-nisu-dovoljne-za-borbu-s-epidemijom\/","title":{"rendered":"Maske FFP2 od srijede obvezne na javnim mjestima u Berlinu, ka\u017eu da im kirur\u0161ke vi\u0161e nisu dovoljne za borbu s epidemijom"},"content":{"rendered":"\n<p>Za\u0161titne maske FFP2 postat \u0107e obvezne na javnim mjestima u Berlinu od srijede, objavila je u nedjelju glasnogovornica gradskog vije\u0107a njema\u010dke prijestolnice.<br>Za\u0161titne maske FFP2&nbsp;imaju deblji za\u0161titni sloj i gu\u0161\u0107e tkanje te pru\u017eajubolju za\u0161titu nego obi\u010dna kirur\u0161ka maska i morat \u0107e se u Berlinu od sredine idu\u0107eg tjedna nositi u sredstvima javnog prijevoza, medicinskim ustanovama, trgovinama i kulturnim institucijama.<br>Kirur\u0161ke maske vi\u0161e nisu dovoljne, rekla je glasnogovornica.<\/p>\n\n\n\n<p>Njema\u010dka je na udaru tre\u0107eg te\u0161kog vala koronavirusa, a uglavnom je rije\u010d o britanskoj, zaraznijoj varijanti bolesti.&nbsp;<br>Zbog naglog rasta broja novozara\u017eenih mnogi vode\u0107i njema\u010dki politi\u010dari u nedjelju tra\u017ee izvanredni sastanak savezne i pokrajinskih vlada kako bi se uvele stro\u017ee mjere za Uskrs.<\/p>\n\n\n\n<p>Berlinske vlasti \u017eele neke manje korake prema ubla\u017eavanju nacionalnog zatvaranja, a s druge strane \u017eele poja\u010dati testiranje.&nbsp;<br>Stanovnici glavnoga grada ve\u0107 su&nbsp;na dru\u0161tvenim mre\u017eama kritizirali obvezu no\u0161enja maske FFP2 koje su skuplje od kirur\u0161kih. &nbsp;<br>Dr\u017eavni epidemiolo\u0161ki institut Robert Koch je u nedjelju zabilje\u017eio sedmodnevnu incidenciju od 129,7 \u0161to je osjetno vi\u0161e nego u petak kada je incidencije jo\u0161 iznosila 119,1.<\/p>\n\n\n\n<p>Zabrinutost vlada i zbog predstoje\u0107ih uskrsnih praznika.<br>Njema\u010dka kancelarka Angela Merkel povukla je u srijedu planove o potpunom zatvaranju od 1. do 6. travnja nazvav\u0161i ih pogre\u0161kom. Pretpostavlja se da je odluka povu\u010dena zbog otpora saveznih pokrajina i nemogu\u0107nosti kratokro\u010dne regulacije Velikog \u010detvrtka i Velike subote kao neradnih praznika.&nbsp;<\/p>\n\n\n\n<p><strong>PI\u0160E&nbsp;<\/strong>HINA\/PSD<\/p>\n","protected":false},"excerpt":{"rendered":"<p>Za\u0161titne maske FFP2 postat \u0107e obvezne na javnim mjestima u Berlinu od srijede, objavila je u nedjelju glasnogovornica gradskog vije\u0107a njema\u010dke prijestolnice.Za\u0161titne maske FFP2&nbsp;imaju deblji za\u0161titni sloj i gu\u0161\u0107e tkanje te pru\u017eajubolju za\u0161titu nego obi\u010dna kirur\u0161ka maska i morat \u0107e se u Berlinu od sredine idu\u0107eg tjedna nositi u sredstvima javnog prijevoza, medicinskim ustanovama, trgovinama [&hellip;]<\/p>\n","protected":false},"author":2,"featured_media":7719,"comment_status":"closed","ping_status":"closed","sticky":false,"template":"","format":"standard","meta":{"h5ap_radio_sources":[],"footnotes":""},"categories":[1],"tags":[],"class_list":["post-7718","post","type-post","status-publish","format-standard","has-post-thumbnail","hentry","category-bihiregija"],"yoast_head":"<!-- This site is optimized with the Yoast SEO plugin v27.4 - https:\/\/yoast.com\/product\/yoast-seo-wordpress\/ -->\n<title>Maske FFP2 od srijede obvezne na javnim mjestima u Berlinu, ka\u017eu da im kirur\u0161ke vi\u0161e nisu dovoljne za borbu s epidemijom - RADIO LJUBU\u0160KI<\/title>\n<meta name=\"robots\" content=\"index, follow, max-snippet:-1, max-image-preview:large, max-video-preview:-1\" \/>\n<link rel=\"canonical\" href=\"https:\/\/radioljubuski.ba\/index.php\/2021\/03\/29\/maske-ffp2-od-srijede-obvezne-na-javnim-mjestima-u-berlinu-kazu-da-im-kirurske-vise-nisu-dovoljne-za-borbu-s-epidemijom\/\" \/>\n<meta property=\"og:locale\" content=\"hr_HR\" \/>\n<meta property=\"og:type\" content=\"article\" \/>\n<meta property=\"og:title\" content=\"Maske FFP2 od srijede obvezne na javnim mjestima u Berlinu, ka\u017eu da im kirur\u0161ke vi\u0161e nisu dovoljne za borbu s epidemijom - RADIO LJUBU\u0160KI\" \/>\n<meta property=\"og:description\" content=\"Za\u0161titne maske FFP2 postat \u0107e obvezne na javnim mjestima u Berlinu od srijede, objavila je u nedjelju glasnogovornica gradskog vije\u0107a njema\u010dke prijestolnice.Za\u0161titne maske FFP2&nbsp;imaju deblji za\u0161titni sloj i gu\u0161\u0107e tkanje te pru\u017eajubolju za\u0161titu nego obi\u010dna kirur\u0161ka maska i morat \u0107e se u Berlinu od sredine idu\u0107eg tjedna nositi u sredstvima javnog prijevoza, medicinskim ustanovama, trgovinama [&hellip;]\" \/>\n<meta property=\"og:url\" content=\"https:\/\/radioljubuski.ba\/index.php\/2021\/03\/29\/maske-ffp2-od-srijede-obvezne-na-javnim-mjestima-u-berlinu-kazu-da-im-kirurske-vise-nisu-dovoljne-za-borbu-s-epidemijom\/\" \/>\n<meta property=\"og:site_name\" content=\"RADIO LJUBU\u0160KI\" \/>\n<meta property=\"article:publisher\" content=\"https:\/\/www.facebook.com\/Radiio-Ljubuski-1490835324566332\" \/>\n<meta property=\"article:published_time\" content=\"2021-03-29T00:20:48+00:00\" \/>\n<meta property=\"article:modified_time\" content=\"2021-03-29T00:20:49+00:00\" \/>\n<meta property=\"og:image\" content=\"https:\/\/radioljubuski.ba\/wp-content\/uploads\/2021\/03\/55-15.png\" \/>\n\t<meta property=\"og:image:width\" content=\"600\" \/>\n\t<meta property=\"og:image:height\" content=\"443\" \/>\n\t<meta property=\"og:image:type\" content=\"image\/png\" \/>\n<meta name=\"author\" content=\"Radio Ljubu\u0161ki\" \/>\n<meta name=\"twitter:card\" content=\"summary_large_image\" \/>\n<meta name=\"twitter:creator\" content=\"@radioljubuski\" \/>\n<meta name=\"twitter:site\" content=\"@radioljubuski\" \/>\n<meta name=\"twitter:label1\" content=\"Napisao\/la\" \/>\n\t<meta name=\"twitter:data1\" content=\"Radio Ljubu\u0161ki\" \/>\n\t<meta name=\"twitter:label2\" content=\"Procijenjeno vrijeme \u010ditanja\" \/>\n\t<meta name=\"twitter:data2\" content=\"1 minuta\" \/>\n<script type=\"application\/ld+json\" class=\"yoast-schema-graph\">{\"@context\":\"https:\\\/\\\/schema.org\",\"@graph\":[{\"@type\":\"Article\",\"@id\":\"https:\\\/\\\/radioljubuski.ba\\\/index.php\\\/2021\\\/03\\\/29\\\/maske-ffp2-od-srijede-obvezne-na-javnim-mjestima-u-berlinu-kazu-da-im-kirurske-vise-nisu-dovoljne-za-borbu-s-epidemijom\\\/#article\",\"isPartOf\":{\"@id\":\"https:\\\/\\\/radioljubuski.ba\\\/index.php\\\/2021\\\/03\\\/29\\\/maske-ffp2-od-srijede-obvezne-na-javnim-mjestima-u-berlinu-kazu-da-im-kirurske-vise-nisu-dovoljne-za-borbu-s-epidemijom\\\/\"},\"author\":{\"name\":\"Radio Ljubu\u0161ki\",\"@id\":\"https:\\\/\\\/radioljubuski.ba\\\/#\\\/schema\\\/person\\\/19fc700381a780f69665d7956c469e3b\"},\"headline\":\"Maske FFP2 od srijede obvezne na javnim mjestima u Berlinu, ka\u017eu da im kirur\u0161ke vi\u0161e nisu dovoljne za borbu s epidemijom\",\"datePublished\":\"2021-03-29T00:20:48+00:00\",\"dateModified\":\"2021-03-29T00:20:49+00:00\",\"mainEntityOfPage\":{\"@id\":\"https:\\\/\\\/radioljubuski.ba\\\/index.php\\\/2021\\\/03\\\/29\\\/maske-ffp2-od-srijede-obvezne-na-javnim-mjestima-u-berlinu-kazu-da-im-kirurske-vise-nisu-dovoljne-za-borbu-s-epidemijom\\\/\"},\"wordCount\":291,\"publisher\":{\"@id\":\"https:\\\/\\\/radioljubuski.ba\\\/#organization\"},\"image\":{\"@id\":\"https:\\\/\\\/radioljubuski.ba\\\/index.php\\\/2021\\\/03\\\/29\\\/maske-ffp2-od-srijede-obvezne-na-javnim-mjestima-u-berlinu-kazu-da-im-kirurske-vise-nisu-dovoljne-za-borbu-s-epidemijom\\\/#primaryimage\"},\"thumbnailUrl\":\"https:\\\/\\\/radioljubuski.ba\\\/wp-content\\\/uploads\\\/2021\\\/03\\\/55-15.png\",\"articleSection\":[\"BIH i regija\"],\"inLanguage\":\"hr\"},{\"@type\":\"WebPage\",\"@id\":\"https:\\\/\\\/radioljubuski.ba\\\/index.php\\\/2021\\\/03\\\/29\\\/maske-ffp2-od-srijede-obvezne-na-javnim-mjestima-u-berlinu-kazu-da-im-kirurske-vise-nisu-dovoljne-za-borbu-s-epidemijom\\\/\",\"url\":\"https:\\\/\\\/radioljubuski.ba\\\/index.php\\\/2021\\\/03\\\/29\\\/maske-ffp2-od-srijede-obvezne-na-javnim-mjestima-u-berlinu-kazu-da-im-kirurske-vise-nisu-dovoljne-za-borbu-s-epidemijom\\\/\",\"name\":\"Maske FFP2 od srijede obvezne na javnim mjestima u Berlinu, ka\u017eu da im kirur\u0161ke vi\u0161e nisu dovoljne za borbu s epidemijom - RADIO LJUBU\u0160KI\",\"isPartOf\":{\"@id\":\"https:\\\/\\\/radioljubuski.ba\\\/#website\"},\"primaryImageOfPage\":{\"@id\":\"https:\\\/\\\/radioljubuski.ba\\\/index.php\\\/2021\\\/03\\\/29\\\/maske-ffp2-od-srijede-obvezne-na-javnim-mjestima-u-berlinu-kazu-da-im-kirurske-vise-nisu-dovoljne-za-borbu-s-epidemijom\\\/#primaryimage\"},\"image\":{\"@id\":\"https:\\\/\\\/radioljubuski.ba\\\/index.php\\\/2021\\\/03\\\/29\\\/maske-ffp2-od-srijede-obvezne-na-javnim-mjestima-u-berlinu-kazu-da-im-kirurske-vise-nisu-dovoljne-za-borbu-s-epidemijom\\\/#primaryimage\"},\"thumbnailUrl\":\"https:\\\/\\\/radioljubuski.ba\\\/wp-content\\\/uploads\\\/2021\\\/03\\\/55-15.png\",\"datePublished\":\"2021-03-29T00:20:48+00:00\",\"dateModified\":\"2021-03-29T00:20:49+00:00\",\"breadcrumb\":{\"@id\":\"https:\\\/\\\/radioljubuski.ba\\\/index.php\\\/2021\\\/03\\\/29\\\/maske-ffp2-od-srijede-obvezne-na-javnim-mjestima-u-berlinu-kazu-da-im-kirurske-vise-nisu-dovoljne-za-borbu-s-epidemijom\\\/#breadcrumb\"},\"inLanguage\":\"hr\",\"potentialAction\":[{\"@type\":\"ReadAction\",\"target\":[\"https:\\\/\\\/radioljubuski.ba\\\/index.php\\\/2021\\\/03\\\/29\\\/maske-ffp2-od-srijede-obvezne-na-javnim-mjestima-u-berlinu-kazu-da-im-kirurske-vise-nisu-dovoljne-za-borbu-s-epidemijom\\\/\"]}]},{\"@type\":\"ImageObject\",\"inLanguage\":\"hr\",\"@id\":\"https:\\\/\\\/radioljubuski.ba\\\/index.php\\\/2021\\\/03\\\/29\\\/maske-ffp2-od-srijede-obvezne-na-javnim-mjestima-u-berlinu-kazu-da-im-kirurske-vise-nisu-dovoljne-za-borbu-s-epidemijom\\\/#primaryimage\",\"url\":\"https:\\\/\\\/radioljubuski.ba\\\/wp-content\\\/uploads\\\/2021\\\/03\\\/55-15.png\",\"contentUrl\":\"https:\\\/\\\/radioljubuski.ba\\\/wp-content\\\/uploads\\\/2021\\\/03\\\/55-15.png\",\"width\":600,\"height\":443},{\"@type\":\"BreadcrumbList\",\"@id\":\"https:\\\/\\\/radioljubuski.ba\\\/index.php\\\/2021\\\/03\\\/29\\\/maske-ffp2-od-srijede-obvezne-na-javnim-mjestima-u-berlinu-kazu-da-im-kirurske-vise-nisu-dovoljne-za-borbu-s-epidemijom\\\/#breadcrumb\",\"itemListElement\":[{\"@type\":\"ListItem\",\"position\":1,\"name\":\"Po\u010detna stranica\",\"item\":\"https:\\\/\\\/radioljubuski.ba\\\/\"},{\"@type\":\"ListItem\",\"position\":2,\"name\":\"Maske FFP2 od srijede obvezne na javnim mjestima u Berlinu, ka\u017eu da im kirur\u0161ke vi\u0161e nisu dovoljne za borbu s epidemijom\"}]},{\"@type\":\"WebSite\",\"@id\":\"https:\\\/\\\/radioljubuski.ba\\\/#website\",\"url\":\"https:\\\/\\\/radioljubuski.ba\\\/\",\"name\":\"Radio Ljubu\u0161ki\",\"description\":\"Sun\u010dana frekvencija Hercegovine\",\"publisher\":{\"@id\":\"https:\\\/\\\/radioljubuski.ba\\\/#organization\"},\"potentialAction\":[{\"@type\":\"SearchAction\",\"target\":{\"@type\":\"EntryPoint\",\"urlTemplate\":\"https:\\\/\\\/radioljubuski.ba\\\/?s={search_term_string}\"},\"query-input\":{\"@type\":\"PropertyValueSpecification\",\"valueRequired\":true,\"valueName\":\"search_term_string\"}}],\"inLanguage\":\"hr\"},{\"@type\":\"Organization\",\"@id\":\"https:\\\/\\\/radioljubuski.ba\\\/#organization\",\"name\":\"Radio Ljubu\u0161ki\",\"url\":\"https:\\\/\\\/radioljubuski.ba\\\/\",\"logo\":{\"@type\":\"ImageObject\",\"inLanguage\":\"hr\",\"@id\":\"https:\\\/\\\/radioljubuski.ba\\\/#\\\/schema\\\/logo\\\/image\\\/\",\"url\":\"https:\\\/\\\/radioljubuski.ba\\\/wp-content\\\/uploads\\\/2021\\\/02\\\/cropped-Radio_Ljubuski_logo1.jpg\",\"contentUrl\":\"https:\\\/\\\/radioljubuski.ba\\\/wp-content\\\/uploads\\\/2021\\\/02\\\/cropped-Radio_Ljubuski_logo1.jpg\",\"width\":512,\"height\":512,\"caption\":\"Radio Ljubu\u0161ki\"},\"image\":{\"@id\":\"https:\\\/\\\/radioljubuski.ba\\\/#\\\/schema\\\/logo\\\/image\\\/\"},\"sameAs\":[\"https:\\\/\\\/www.facebook.com\\\/Radiio-Ljubuski-1490835324566332\",\"https:\\\/\\\/x.com\\\/radioljubuski\",\"https:\\\/\\\/hr.linkedin.com\\\/company\\\/radio-ljubuski\",\"https:\\\/\\\/www.youtube.com\\\/channel\\\/UCHYaeO_n0Db3tjNGudGpXyw\"]},{\"@type\":\"Person\",\"@id\":\"https:\\\/\\\/radioljubuski.ba\\\/#\\\/schema\\\/person\\\/19fc700381a780f69665d7956c469e3b\",\"name\":\"Radio Ljubu\u0161ki\"}]}<\/script>\n<!-- \/ Yoast SEO plugin. -->","yoast_head_json":{"title":"Maske FFP2 od srijede obvezne na javnim mjestima u Berlinu, ka\u017eu da im kirur\u0161ke vi\u0161e nisu dovoljne za borbu s epidemijom - RADIO LJUBU\u0160KI","robots":{"index":"index","follow":"follow","max-snippet":"max-snippet:-1","max-image-preview":"max-image-preview:large","max-video-preview":"max-video-preview:-1"},"canonical":"https:\/\/radioljubuski.ba\/index.php\/2021\/03\/29\/maske-ffp2-od-srijede-obvezne-na-javnim-mjestima-u-berlinu-kazu-da-im-kirurske-vise-nisu-dovoljne-za-borbu-s-epidemijom\/","og_locale":"hr_HR","og_type":"article","og_title":"Maske FFP2 od srijede obvezne na javnim mjestima u Berlinu, ka\u017eu da im kirur\u0161ke vi\u0161e nisu dovoljne za borbu s epidemijom - RADIO LJUBU\u0160KI","og_description":"Za\u0161titne maske FFP2 postat \u0107e obvezne na javnim mjestima u Berlinu od srijede, objavila je u nedjelju glasnogovornica gradskog vije\u0107a njema\u010dke prijestolnice.Za\u0161titne maske FFP2&nbsp;imaju deblji za\u0161titni sloj i gu\u0161\u0107e tkanje te pru\u017eajubolju za\u0161titu nego obi\u010dna kirur\u0161ka maska i morat \u0107e se u Berlinu od sredine idu\u0107eg tjedna nositi u sredstvima javnog prijevoza, medicinskim ustanovama, trgovinama [&hellip;]","og_url":"https:\/\/radioljubuski.ba\/index.php\/2021\/03\/29\/maske-ffp2-od-srijede-obvezne-na-javnim-mjestima-u-berlinu-kazu-da-im-kirurske-vise-nisu-dovoljne-za-borbu-s-epidemijom\/","og_site_name":"RADIO LJUBU\u0160KI","article_publisher":"https:\/\/www.facebook.com\/Radiio-Ljubuski-1490835324566332","article_published_time":"2021-03-29T00:20:48+00:00","article_modified_time":"2021-03-29T00:20:49+00:00","og_image":[{"width":600,"height":443,"url":"https:\/\/radioljubuski.ba\/wp-content\/uploads\/2021\/03\/55-15.png","type":"image\/png"}],"author":"Radio Ljubu\u0161ki","twitter_card":"summary_large_image","twitter_creator":"@radioljubuski","twitter_site":"@radioljubuski","twitter_misc":{"Napisao\/la":"Radio Ljubu\u0161ki","Procijenjeno vrijeme \u010ditanja":"1 minuta"},"schema":{"@context":"https:\/\/schema.org","@graph":[{"@type":"Article","@id":"https:\/\/radioljubuski.ba\/index.php\/2021\/03\/29\/maske-ffp2-od-srijede-obvezne-na-javnim-mjestima-u-berlinu-kazu-da-im-kirurske-vise-nisu-dovoljne-za-borbu-s-epidemijom\/#article","isPartOf":{"@id":"https:\/\/radioljubuski.ba\/index.php\/2021\/03\/29\/maske-ffp2-od-srijede-obvezne-na-javnim-mjestima-u-berlinu-kazu-da-im-kirurske-vise-nisu-dovoljne-za-borbu-s-epidemijom\/"},"author":{"name":"Radio Ljubu\u0161ki","@id":"https:\/\/radioljubuski.ba\/#\/schema\/person\/19fc700381a780f69665d7956c469e3b"},"headline":"Maske FFP2 od srijede obvezne na javnim mjestima u Berlinu, ka\u017eu da im kirur\u0161ke vi\u0161e nisu dovoljne za borbu s epidemijom","datePublished":"2021-03-29T00:20:48+00:00","dateModified":"2021-03-29T00:20:49+00:00","mainEntityOfPage":{"@id":"https:\/\/radioljubuski.ba\/index.php\/2021\/03\/29\/maske-ffp2-od-srijede-obvezne-na-javnim-mjestima-u-berlinu-kazu-da-im-kirurske-vise-nisu-dovoljne-za-borbu-s-epidemijom\/"},"wordCount":291,"publisher":{"@id":"https:\/\/radioljubuski.ba\/#organization"},"image":{"@id":"https:\/\/radioljubuski.ba\/index.php\/2021\/03\/29\/maske-ffp2-od-srijede-obvezne-na-javnim-mjestima-u-berlinu-kazu-da-im-kirurske-vise-nisu-dovoljne-za-borbu-s-epidemijom\/#primaryimage"},"thumbnailUrl":"https:\/\/radioljubuski.ba\/wp-content\/uploads\/2021\/03\/55-15.png","articleSection":["BIH i regija"],"inLanguage":"hr"},{"@type":"WebPage","@id":"https:\/\/radioljubuski.ba\/index.php\/2021\/03\/29\/maske-ffp2-od-srijede-obvezne-na-javnim-mjestima-u-berlinu-kazu-da-im-kirurske-vise-nisu-dovoljne-za-borbu-s-epidemijom\/","url":"https:\/\/radioljubuski.ba\/index.php\/2021\/03\/29\/maske-ffp2-od-srijede-obvezne-na-javnim-mjestima-u-berlinu-kazu-da-im-kirurske-vise-nisu-dovoljne-za-borbu-s-epidemijom\/","name":"Maske FFP2 od srijede obvezne na javnim mjestima u Berlinu, ka\u017eu da im kirur\u0161ke vi\u0161e nisu dovoljne za borbu s epidemijom - RADIO LJUBU\u0160KI","isPartOf":{"@id":"https:\/\/radioljubuski.ba\/#website"},"primaryImageOfPage":{"@id":"https:\/\/radioljubuski.ba\/index.php\/2021\/03\/29\/maske-ffp2-od-srijede-obvezne-na-javnim-mjestima-u-berlinu-kazu-da-im-kirurske-vise-nisu-dovoljne-za-borbu-s-epidemijom\/#primaryimage"},"image":{"@id":"https:\/\/radioljubuski.ba\/index.php\/2021\/03\/29\/maske-ffp2-od-srijede-obvezne-na-javnim-mjestima-u-berlinu-kazu-da-im-kirurske-vise-nisu-dovoljne-za-borbu-s-epidemijom\/#primaryimage"},"thumbnailUrl":"https:\/\/radioljubuski.ba\/wp-content\/uploads\/2021\/03\/55-15.png","datePublished":"2021-03-29T00:20:48+00:00","dateModified":"2021-03-29T00:20:49+00:00","breadcrumb":{"@id":"https:\/\/radioljubuski.ba\/index.php\/2021\/03\/29\/maske-ffp2-od-srijede-obvezne-na-javnim-mjestima-u-berlinu-kazu-da-im-kirurske-vise-nisu-dovoljne-za-borbu-s-epidemijom\/#breadcrumb"},"inLanguage":"hr","potentialAction":[{"@type":"ReadAction","target":["https:\/\/radioljubuski.ba\/index.php\/2021\/03\/29\/maske-ffp2-od-srijede-obvezne-na-javnim-mjestima-u-berlinu-kazu-da-im-kirurske-vise-nisu-dovoljne-za-borbu-s-epidemijom\/"]}]},{"@type":"ImageObject","inLanguage":"hr","@id":"https:\/\/radioljubuski.ba\/index.php\/2021\/03\/29\/maske-ffp2-od-srijede-obvezne-na-javnim-mjestima-u-berlinu-kazu-da-im-kirurske-vise-nisu-dovoljne-za-borbu-s-epidemijom\/#primaryimage","url":"https:\/\/radioljubuski.ba\/wp-content\/uploads\/2021\/03\/55-15.png","contentUrl":"https:\/\/radioljubuski.ba\/wp-content\/uploads\/2021\/03\/55-15.png","width":600,"height":443},{"@type":"BreadcrumbList","@id":"https:\/\/radioljubuski.ba\/index.php\/2021\/03\/29\/maske-ffp2-od-srijede-obvezne-na-javnim-mjestima-u-berlinu-kazu-da-im-kirurske-vise-nisu-dovoljne-za-borbu-s-epidemijom\/#breadcrumb","itemListElement":[{"@type":"ListItem","position":1,"name":"Po\u010detna stranica","item":"https:\/\/radioljubuski.ba\/"},{"@type":"ListItem","position":2,"name":"Maske FFP2 od srijede obvezne na javnim mjestima u Berlinu, ka\u017eu da im kirur\u0161ke vi\u0161e nisu dovoljne za borbu s epidemijom"}]},{"@type":"WebSite","@id":"https:\/\/radioljubuski.ba\/#website","url":"https:\/\/radioljubuski.ba\/","name":"Radio Ljubu\u0161ki","description":"Sun\u010dana frekvencija Hercegovine","publisher":{"@id":"https:\/\/radioljubuski.ba\/#organization"},"potentialAction":[{"@type":"SearchAction","target":{"@type":"EntryPoint","urlTemplate":"https:\/\/radioljubuski.ba\/?s={search_term_string}"},"query-input":{"@type":"PropertyValueSpecification","valueRequired":true,"valueName":"search_term_string"}}],"inLanguage":"hr"},{"@type":"Organization","@id":"https:\/\/radioljubuski.ba\/#organization","name":"Radio Ljubu\u0161ki","url":"https:\/\/radioljubuski.ba\/","logo":{"@type":"ImageObject","inLanguage":"hr","@id":"https:\/\/radioljubuski.ba\/#\/schema\/logo\/image\/","url":"https:\/\/radioljubuski.ba\/wp-content\/uploads\/2021\/02\/cropped-Radio_Ljubuski_logo1.jpg","contentUrl":"https:\/\/radioljubuski.ba\/wp-content\/uploads\/2021\/02\/cropped-Radio_Ljubuski_logo1.jpg","width":512,"height":512,"caption":"Radio Ljubu\u0161ki"},"image":{"@id":"https:\/\/radioljubuski.ba\/#\/schema\/logo\/image\/"},"sameAs":["https:\/\/www.facebook.com\/Radiio-Ljubuski-1490835324566332","https:\/\/x.com\/radioljubuski","https:\/\/hr.linkedin.com\/company\/radio-ljubuski","https:\/\/www.youtube.com\/channel\/UCHYaeO_n0Db3tjNGudGpXyw"]},{"@type":"Person","@id":"https:\/\/radioljubuski.ba\/#\/schema\/person\/19fc700381a780f69665d7956c469e3b","name":"Radio Ljubu\u0161ki"}]}},"_links":{"self":[{"href":"https:\/\/radioljubuski.ba\/index.php\/wp-json\/wp\/v2\/posts\/7718","targetHints":{"allow":["GET"]}}],"collection":[{"href":"https:\/\/radioljubuski.ba\/index.php\/wp-json\/wp\/v2\/posts"}],"about":[{"href":"https:\/\/radioljubuski.ba\/index.php\/wp-json\/wp\/v2\/types\/post"}],"author":[{"embeddable":true,"href":"https:\/\/radioljubuski.ba\/index.php\/wp-json\/wp\/v2\/users\/2"}],"replies":[{"embeddable":true,"href":"https:\/\/radioljubuski.ba\/index.php\/wp-json\/wp\/v2\/comments?post=7718"}],"version-history":[{"count":1,"href":"https:\/\/radioljubuski.ba\/index.php\/wp-json\/wp\/v2\/posts\/7718\/revisions"}],"predecessor-version":[{"id":7720,"href":"https:\/\/radioljubuski.ba\/index.php\/wp-json\/wp\/v2\/posts\/7718\/revisions\/7720"}],"wp:featuredmedia":[{"embeddable":true,"href":"https:\/\/radioljubuski.ba\/index.php\/wp-json\/wp\/v2\/media\/7719"}],"wp:attachment":[{"href":"https:\/\/radioljubuski.ba\/index.php\/wp-json\/wp\/v2\/media?parent=7718"}],"wp:term":[{"taxonomy":"category","embeddable":true,"href":"https:\/\/radioljubuski.ba\/index.php\/wp-json\/wp\/v2\/categories?post=7718"},{"taxonomy":"post_tag","embeddable":true,"href":"https:\/\/radioljubuski.ba\/index.php\/wp-json\/wp\/v2\/tags?post=7718"}],"curies":[{"name":"wp","href":"https:\/\/api.w.org\/{rel}","templated":true}]}}