{"id":77215,"date":"2021-10-17T23:04:24","date_gmt":"2021-10-17T22:04:24","guid":{"rendered":"https:\/\/radioljubuski.ba\/?p=77215"},"modified":"2021-10-18T09:50:16","modified_gmt":"2021-10-18T08:50:16","slug":"eminem-slavi-49-rodendan-droga-ga-je-skoro-ubila-nakon-nje-je-poceo-opsesivno-vjezbati-a-iz-pakla-su-ga-izvukla-djeca","status":"publish","type":"post","link":"https:\/\/radioljubuski.ba\/index.php\/2021\/10\/17\/eminem-slavi-49-rodendan-droga-ga-je-skoro-ubila-nakon-nje-je-poceo-opsesivno-vjezbati-a-iz-pakla-su-ga-izvukla-djeca\/","title":{"rendered":"Eminem slavi 49. ro\u0111endan: Droga ga je skoro ubila, nakon nje je po\u010deo opsesivno vje\u017ebati, a iz &#8216;pakla&#8217; su ga izvukla djeca"},"content":{"rendered":"\n<p>Marshall Bruce Mathers III poznatiji kao Eminem na dana\u0161nji dan slavi 49. ro\u0111endan. Ameri\u010dki rap glazbenik, producent i glumac vi\u0161estruki je dobitnik nagrade Grammy. Prodao je preko 80 milijuna albuma po cijelom svijetu te je me\u0111u najuspje\u0161nijim hip-hoperima svih vremena.<\/p>\n\n\n\n<p>Svjetsku popularnost stekao je 1999., izlaskom albuma The Slim Shady LP. Nakon uspjeha njegovih albuma osnovao je vlastitu izdava\u010dku tvrtku Shady Records, koja je proslavila mnoge repere, uklju\u010duju\u0107i i 50 Centa.<\/p>\n\n\n\n<p>U kratkom roku stekao je veliku slavu i postao jedan od rijetkih mega-poznatih bijelaca na rap sceni, ali ona mu je u jednom trenutku &#8216;udarila u glavu&#8217;. Dnevno je uzimao po trideset Vicodina, jednom je bio blizu smrti, ali mu je pomogao glazbenik Elton John (74).&nbsp;<\/p>\n\n\n\n<p>&#8211; Slava me udarila kao cigla &#8211; rekao je Eminem koji je redovito partijao, konzumirao alkohol i razne droge, nosio napunjeno oru\u017eje sa sobom, tukao se i bio nekoliko puta na sudu.<\/p>\n\n\n\n<p>Njegova borba zapo\u010dela je 2000. godine dok je radio na produkciji filma &#8216;8 Mile&#8217;. Shvatio je da ima problema s nesanicom jer je radio i po \u0161esnaest sati dnevno. Prijatelj mu je rekao za Ambien, lijek koji ina\u010de poma\u017ee ljudima da br\u017ee zaspu. Brzo se &#8216;navukao&#8217;.<\/p>\n\n\n\n<p>&#8211; Bilo je dana kad sam samo le\u017eao u krevetu, gutao tablete i plakao. Trebale su mi tablete u tijelu kako bih se osje\u0107ao normalno, ali mi je bilo samo jo\u0161 gore. Bio je to za\u010darani krug &#8211; ispri\u010dao je Eminem.&nbsp;<\/p>\n\n\n\n<p>Kriti\u010dne 2007. godine se predozirao. Doktori su mu rekli da je unio u sebe ekvivalent \u010detiri vre\u0107ice heroina i, da je do\u0161ao dva sata kasnije, umro bi.<\/p>\n\n\n\n<p>&#8211; Da sam dva sata kasnije do\u0161ao u bolnicu, bio bih mrtav. Otkazivali su mi organi, jetra, bubrezi, sve. Stavljali su me na dijalizu i nisu mislili da \u0107u pre\u017eivjeti. Moje dno je trebala biti smrt &#8211; ispri\u010dao je za New York Times 2010. godine.<\/p>\n\n\n\n<p>Iako je skoro izgubio \u017eivot, niti to ga nije opametilo. Imao je jo\u0161 kriznih trenutaka prije nego je potra\u017eio pomo\u0107 kod Eltona. On mu je pomogao da prestane konzumirati opojna sredstva.<\/p>\n\n\n\n<p>&#8211; Elton John mu je bio savr\u0161en mentor. Tjedno mu je javljao kako napreduje i postali su vrlo bliski &#8211; pi\u0161e Anthony Bozza u Eminemovoj biografiji.&nbsp;<\/p>\n\n\n\n<p>Nakon borbe s tom ovisno\u0161\u0107u po\u010deo je opsesivno skidati kilograme koje je nakupio. Svaki je dan tr\u010dao 27 kilometara, opsesivno je brojao kalorije koje unosi i na kraju do\u0161ao do 67 kilograma. Ka\u017ee da je s jedne ovisnosti pre\u0161ao na drugu.<\/p>\n\n\n\n<p>&#8211; Bio sam kao hr\u010dak, stalno sam tr\u010dao, sve dok se nisam ozlijedio. Tek tad sam po\u010deo paziti i postao sam umjeren u vje\u017ebanju &#8211; rekao je jednom prilikom Eminem.<\/p>\n\n\n\n<p>2018. godine nastala je i jedna od najbizarnijih sva\u0111a na slavnoj sceni. Te godine je Eminem iznenada i bez najave objavio album &#8216;Kamikaze&#8217; i u njemu izvrije\u0111ao, pa, mnoge repere, jedan od njih, Machine Gun Kelly, se osjetio posebno prozvanim pa je odlu\u010dio snimiti disstrack na Eminema i tu je sve krenulo.<\/p>\n\n\n\n<p>Eminem je u pjesmi izvrije\u0111ao Kellyja jer je ovaj jo\u0161 2012. godine na Twitteru napisao kako je Eminemova k\u0107erka Hailie Jade Scott (25) &#8216;je**no zgodna&#8217;. Tada je imala samo 17 godina i Eminemu je to zasmetalo. Nakon pjesme i prvog Kellyjevog disstracka &#8216;Rap Devil&#8217;, Eminem je opet uzvratio disstrackom &#8216;Killshot&#8217;. Izvrije\u0111ao je mladog repera i nazvao ga fejkerom, a onda se narugao i njegovoj frizuri. I tu je, nakon jo\u0161 malo drame i javnog prozivanja, sve stalo. No, njih dvojica od ove sva\u0111e vi\u0161e se uop\u0107e ne podnose.<\/p>\n\n\n\n<p>Dvije godine nakon ove velike sva\u0111e, Eminem je pozitivno \u0161okirao javnost.<\/p>\n\n\n\n<p>Naime, sa svojim pratiteljima na dru\u0161tvenim mre\u017eama je pro\u0161le godine podijelio vrlo emotivnu obavijest. Iako ina\u010de rijetko govori o intimnim stvarima, ovaj puta se odlu\u010dio pohvaliti. Objavio je fotografiju &#8216;\u010dipa trijeznosti&#8217; i pohvalio se da je ve\u0107 12 godina \u010dist.<\/p>\n\n\n\n<p>&#8211; \u010cistih 12, u knjigama. Ne bojim se &#8211; napisao je pjeva\u010d u opisu.<\/p>\n\n\n\n<p>O ovisnosti je govorio bez zadr\u0161ke i tako je jednom prilikom otkrio da je znao piti i do 30 tableta protiv bolova i 40 do 60 tableta za smirenje u jednom danu.&nbsp;<\/p>\n\n\n\n<p>&#8211; Ne znam u kojem je to to\u010dno trenutku postao problem. Sje\u0107am se samo da mi se sve vi\u0161e i vi\u0161e svi\u0111alo &#8211; rekao je u dokumentarcu &#8216;How To Make Money Selling Drugs&#8217;.<\/p>\n\n\n\n<p>Zahvale za njegov, sada, &#8216;\u010dist&#8217; \u017eivot pridaje svojim k\u0107erima Hailie Jade Scott, Alaini Mathers (28) i Whitney Mathers (19).<\/p>\n\n\n\n<iframe loading=\"lazy\" width=\"560\" height=\"315\" src=\"https:\/\/www.youtube.com\/embed\/_Yhyp-_hX2s\" title=\"YouTube video player\" frameborder=\"0\" allow=\"accelerometer; autoplay; clipboard-write; encrypted-media; gyroscope; picture-in-picture\" allowfullscreen><\/iframe>\n\n\n\n<p>Izvor:24sata.hr<\/p>\n","protected":false},"excerpt":{"rendered":"<p>Marshall Bruce Mathers III poznatiji kao Eminem na dana\u0161nji dan slavi 49. ro\u0111endan. Ameri\u010dki rap glazbenik, producent i glumac vi\u0161estruki je dobitnik nagrade Grammy. Prodao je preko 80 milijuna albuma po cijelom svijetu te je me\u0111u najuspje\u0161nijim hip-hoperima svih vremena. Svjetsku popularnost stekao je 1999., izlaskom albuma The Slim Shady LP. Nakon uspjeha njegovih albuma [&hellip;]<\/p>\n","protected":false},"author":2,"featured_media":77216,"comment_status":"closed","ping_status":"closed","sticky":false,"template":"","format":"standard","meta":{"h5ap_radio_sources":[],"footnotes":""},"categories":[1],"tags":[],"class_list":["post-77215","post","type-post","status-publish","format-standard","has-post-thumbnail","hentry","category-bihiregija"],"yoast_head":"<!-- This site is optimized with the Yoast SEO plugin v27.4 - https:\/\/yoast.com\/product\/yoast-seo-wordpress\/ -->\n<title>Eminem slavi 49. ro\u0111endan: Droga ga je skoro ubila, nakon nje je po\u010deo opsesivno vje\u017ebati, a iz &#039;pakla&#039; su ga izvukla djeca - RADIO LJUBU\u0160KI<\/title>\n<meta name=\"robots\" content=\"index, follow, max-snippet:-1, max-image-preview:large, max-video-preview:-1\" \/>\n<link rel=\"canonical\" href=\"https:\/\/radioljubuski.ba\/index.php\/2021\/10\/17\/eminem-slavi-49-rodendan-droga-ga-je-skoro-ubila-nakon-nje-je-poceo-opsesivno-vjezbati-a-iz-pakla-su-ga-izvukla-djeca\/\" \/>\n<meta property=\"og:locale\" content=\"hr_HR\" \/>\n<meta property=\"og:type\" content=\"article\" \/>\n<meta property=\"og:title\" content=\"Eminem slavi 49. ro\u0111endan: Droga ga je skoro ubila, nakon nje je po\u010deo opsesivno vje\u017ebati, a iz &#039;pakla&#039; su ga izvukla djeca - RADIO LJUBU\u0160KI\" \/>\n<meta property=\"og:description\" content=\"Marshall Bruce Mathers III poznatiji kao Eminem na dana\u0161nji dan slavi 49. ro\u0111endan. Ameri\u010dki rap glazbenik, producent i glumac vi\u0161estruki je dobitnik nagrade Grammy. Prodao je preko 80 milijuna albuma po cijelom svijetu te je me\u0111u najuspje\u0161nijim hip-hoperima svih vremena. Svjetsku popularnost stekao je 1999., izlaskom albuma The Slim Shady LP. Nakon uspjeha njegovih albuma [&hellip;]\" \/>\n<meta property=\"og:url\" content=\"https:\/\/radioljubuski.ba\/index.php\/2021\/10\/17\/eminem-slavi-49-rodendan-droga-ga-je-skoro-ubila-nakon-nje-je-poceo-opsesivno-vjezbati-a-iz-pakla-su-ga-izvukla-djeca\/\" \/>\n<meta property=\"og:site_name\" content=\"RADIO LJUBU\u0160KI\" \/>\n<meta property=\"article:publisher\" content=\"https:\/\/www.facebook.com\/Radiio-Ljubuski-1490835324566332\" \/>\n<meta property=\"article:published_time\" content=\"2021-10-17T22:04:24+00:00\" \/>\n<meta property=\"article:modified_time\" content=\"2021-10-18T08:50:16+00:00\" \/>\n<meta property=\"og:image\" content=\"https:\/\/radioljubuski.ba\/wp-content\/uploads\/2021\/10\/9-2021-10-17-16-17-03-inssii.jpg\" \/>\n\t<meta property=\"og:image:width\" content=\"1000\" \/>\n\t<meta property=\"og:image:height\" content=\"625\" \/>\n\t<meta property=\"og:image:type\" content=\"image\/jpeg\" \/>\n<meta name=\"author\" content=\"Radio Ljubu\u0161ki\" \/>\n<meta name=\"twitter:card\" content=\"summary_large_image\" \/>\n<meta name=\"twitter:creator\" content=\"@radioljubuski\" \/>\n<meta name=\"twitter:site\" content=\"@radioljubuski\" \/>\n<meta name=\"twitter:label1\" content=\"Napisao\/la\" \/>\n\t<meta name=\"twitter:data1\" content=\"Radio Ljubu\u0161ki\" \/>\n\t<meta name=\"twitter:label2\" content=\"Procijenjeno vrijeme \u010ditanja\" \/>\n\t<meta name=\"twitter:data2\" content=\"4 minute\" \/>\n<script type=\"application\/ld+json\" class=\"yoast-schema-graph\">{\"@context\":\"https:\\\/\\\/schema.org\",\"@graph\":[{\"@type\":\"Article\",\"@id\":\"https:\\\/\\\/radioljubuski.ba\\\/index.php\\\/2021\\\/10\\\/17\\\/eminem-slavi-49-rodendan-droga-ga-je-skoro-ubila-nakon-nje-je-poceo-opsesivno-vjezbati-a-iz-pakla-su-ga-izvukla-djeca\\\/#article\",\"isPartOf\":{\"@id\":\"https:\\\/\\\/radioljubuski.ba\\\/index.php\\\/2021\\\/10\\\/17\\\/eminem-slavi-49-rodendan-droga-ga-je-skoro-ubila-nakon-nje-je-poceo-opsesivno-vjezbati-a-iz-pakla-su-ga-izvukla-djeca\\\/\"},\"author\":{\"name\":\"Radio Ljubu\u0161ki\",\"@id\":\"https:\\\/\\\/radioljubuski.ba\\\/#\\\/schema\\\/person\\\/19fc700381a780f69665d7956c469e3b\"},\"headline\":\"Eminem slavi 49. ro\u0111endan: Droga ga je skoro ubila, nakon nje je po\u010deo opsesivno vje\u017ebati, a iz &#8216;pakla&#8217; su ga izvukla djeca\",\"datePublished\":\"2021-10-17T22:04:24+00:00\",\"dateModified\":\"2021-10-18T08:50:16+00:00\",\"mainEntityOfPage\":{\"@id\":\"https:\\\/\\\/radioljubuski.ba\\\/index.php\\\/2021\\\/10\\\/17\\\/eminem-slavi-49-rodendan-droga-ga-je-skoro-ubila-nakon-nje-je-poceo-opsesivno-vjezbati-a-iz-pakla-su-ga-izvukla-djeca\\\/\"},\"wordCount\":794,\"publisher\":{\"@id\":\"https:\\\/\\\/radioljubuski.ba\\\/#organization\"},\"image\":{\"@id\":\"https:\\\/\\\/radioljubuski.ba\\\/index.php\\\/2021\\\/10\\\/17\\\/eminem-slavi-49-rodendan-droga-ga-je-skoro-ubila-nakon-nje-je-poceo-opsesivno-vjezbati-a-iz-pakla-su-ga-izvukla-djeca\\\/#primaryimage\"},\"thumbnailUrl\":\"https:\\\/\\\/radioljubuski.ba\\\/wp-content\\\/uploads\\\/2021\\\/10\\\/9-2021-10-17-16-17-03-inssii.jpg\",\"articleSection\":[\"BIH i regija\"],\"inLanguage\":\"hr\"},{\"@type\":\"WebPage\",\"@id\":\"https:\\\/\\\/radioljubuski.ba\\\/index.php\\\/2021\\\/10\\\/17\\\/eminem-slavi-49-rodendan-droga-ga-je-skoro-ubila-nakon-nje-je-poceo-opsesivno-vjezbati-a-iz-pakla-su-ga-izvukla-djeca\\\/\",\"url\":\"https:\\\/\\\/radioljubuski.ba\\\/index.php\\\/2021\\\/10\\\/17\\\/eminem-slavi-49-rodendan-droga-ga-je-skoro-ubila-nakon-nje-je-poceo-opsesivno-vjezbati-a-iz-pakla-su-ga-izvukla-djeca\\\/\",\"name\":\"Eminem slavi 49. ro\u0111endan: Droga ga je skoro ubila, nakon nje je po\u010deo opsesivno vje\u017ebati, a iz 'pakla' su ga izvukla djeca - RADIO LJUBU\u0160KI\",\"isPartOf\":{\"@id\":\"https:\\\/\\\/radioljubuski.ba\\\/#website\"},\"primaryImageOfPage\":{\"@id\":\"https:\\\/\\\/radioljubuski.ba\\\/index.php\\\/2021\\\/10\\\/17\\\/eminem-slavi-49-rodendan-droga-ga-je-skoro-ubila-nakon-nje-je-poceo-opsesivno-vjezbati-a-iz-pakla-su-ga-izvukla-djeca\\\/#primaryimage\"},\"image\":{\"@id\":\"https:\\\/\\\/radioljubuski.ba\\\/index.php\\\/2021\\\/10\\\/17\\\/eminem-slavi-49-rodendan-droga-ga-je-skoro-ubila-nakon-nje-je-poceo-opsesivno-vjezbati-a-iz-pakla-su-ga-izvukla-djeca\\\/#primaryimage\"},\"thumbnailUrl\":\"https:\\\/\\\/radioljubuski.ba\\\/wp-content\\\/uploads\\\/2021\\\/10\\\/9-2021-10-17-16-17-03-inssii.jpg\",\"datePublished\":\"2021-10-17T22:04:24+00:00\",\"dateModified\":\"2021-10-18T08:50:16+00:00\",\"breadcrumb\":{\"@id\":\"https:\\\/\\\/radioljubuski.ba\\\/index.php\\\/2021\\\/10\\\/17\\\/eminem-slavi-49-rodendan-droga-ga-je-skoro-ubila-nakon-nje-je-poceo-opsesivno-vjezbati-a-iz-pakla-su-ga-izvukla-djeca\\\/#breadcrumb\"},\"inLanguage\":\"hr\",\"potentialAction\":[{\"@type\":\"ReadAction\",\"target\":[\"https:\\\/\\\/radioljubuski.ba\\\/index.php\\\/2021\\\/10\\\/17\\\/eminem-slavi-49-rodendan-droga-ga-je-skoro-ubila-nakon-nje-je-poceo-opsesivno-vjezbati-a-iz-pakla-su-ga-izvukla-djeca\\\/\"]}]},{\"@type\":\"ImageObject\",\"inLanguage\":\"hr\",\"@id\":\"https:\\\/\\\/radioljubuski.ba\\\/index.php\\\/2021\\\/10\\\/17\\\/eminem-slavi-49-rodendan-droga-ga-je-skoro-ubila-nakon-nje-je-poceo-opsesivno-vjezbati-a-iz-pakla-su-ga-izvukla-djeca\\\/#primaryimage\",\"url\":\"https:\\\/\\\/radioljubuski.ba\\\/wp-content\\\/uploads\\\/2021\\\/10\\\/9-2021-10-17-16-17-03-inssii.jpg\",\"contentUrl\":\"https:\\\/\\\/radioljubuski.ba\\\/wp-content\\\/uploads\\\/2021\\\/10\\\/9-2021-10-17-16-17-03-inssii.jpg\",\"width\":1000,\"height\":625},{\"@type\":\"BreadcrumbList\",\"@id\":\"https:\\\/\\\/radioljubuski.ba\\\/index.php\\\/2021\\\/10\\\/17\\\/eminem-slavi-49-rodendan-droga-ga-je-skoro-ubila-nakon-nje-je-poceo-opsesivno-vjezbati-a-iz-pakla-su-ga-izvukla-djeca\\\/#breadcrumb\",\"itemListElement\":[{\"@type\":\"ListItem\",\"position\":1,\"name\":\"Po\u010detna stranica\",\"item\":\"https:\\\/\\\/radioljubuski.ba\\\/\"},{\"@type\":\"ListItem\",\"position\":2,\"name\":\"Eminem slavi 49. ro\u0111endan: Droga ga je skoro ubila, nakon nje je po\u010deo opsesivno vje\u017ebati, a iz &#8216;pakla&#8217; su ga izvukla djeca\"}]},{\"@type\":\"WebSite\",\"@id\":\"https:\\\/\\\/radioljubuski.ba\\\/#website\",\"url\":\"https:\\\/\\\/radioljubuski.ba\\\/\",\"name\":\"Radio Ljubu\u0161ki\",\"description\":\"Sun\u010dana frekvencija Hercegovine\",\"publisher\":{\"@id\":\"https:\\\/\\\/radioljubuski.ba\\\/#organization\"},\"potentialAction\":[{\"@type\":\"SearchAction\",\"target\":{\"@type\":\"EntryPoint\",\"urlTemplate\":\"https:\\\/\\\/radioljubuski.ba\\\/?s={search_term_string}\"},\"query-input\":{\"@type\":\"PropertyValueSpecification\",\"valueRequired\":true,\"valueName\":\"search_term_string\"}}],\"inLanguage\":\"hr\"},{\"@type\":\"Organization\",\"@id\":\"https:\\\/\\\/radioljubuski.ba\\\/#organization\",\"name\":\"Radio Ljubu\u0161ki\",\"url\":\"https:\\\/\\\/radioljubuski.ba\\\/\",\"logo\":{\"@type\":\"ImageObject\",\"inLanguage\":\"hr\",\"@id\":\"https:\\\/\\\/radioljubuski.ba\\\/#\\\/schema\\\/logo\\\/image\\\/\",\"url\":\"https:\\\/\\\/radioljubuski.ba\\\/wp-content\\\/uploads\\\/2021\\\/02\\\/cropped-Radio_Ljubuski_logo1.jpg\",\"contentUrl\":\"https:\\\/\\\/radioljubuski.ba\\\/wp-content\\\/uploads\\\/2021\\\/02\\\/cropped-Radio_Ljubuski_logo1.jpg\",\"width\":512,\"height\":512,\"caption\":\"Radio Ljubu\u0161ki\"},\"image\":{\"@id\":\"https:\\\/\\\/radioljubuski.ba\\\/#\\\/schema\\\/logo\\\/image\\\/\"},\"sameAs\":[\"https:\\\/\\\/www.facebook.com\\\/Radiio-Ljubuski-1490835324566332\",\"https:\\\/\\\/x.com\\\/radioljubuski\",\"https:\\\/\\\/hr.linkedin.com\\\/company\\\/radio-ljubuski\",\"https:\\\/\\\/www.youtube.com\\\/channel\\\/UCHYaeO_n0Db3tjNGudGpXyw\"]},{\"@type\":\"Person\",\"@id\":\"https:\\\/\\\/radioljubuski.ba\\\/#\\\/schema\\\/person\\\/19fc700381a780f69665d7956c469e3b\",\"name\":\"Radio Ljubu\u0161ki\"}]}<\/script>\n<!-- \/ Yoast SEO plugin. -->","yoast_head_json":{"title":"Eminem slavi 49. ro\u0111endan: Droga ga je skoro ubila, nakon nje je po\u010deo opsesivno vje\u017ebati, a iz 'pakla' su ga izvukla djeca - RADIO LJUBU\u0160KI","robots":{"index":"index","follow":"follow","max-snippet":"max-snippet:-1","max-image-preview":"max-image-preview:large","max-video-preview":"max-video-preview:-1"},"canonical":"https:\/\/radioljubuski.ba\/index.php\/2021\/10\/17\/eminem-slavi-49-rodendan-droga-ga-je-skoro-ubila-nakon-nje-je-poceo-opsesivno-vjezbati-a-iz-pakla-su-ga-izvukla-djeca\/","og_locale":"hr_HR","og_type":"article","og_title":"Eminem slavi 49. ro\u0111endan: Droga ga je skoro ubila, nakon nje je po\u010deo opsesivno vje\u017ebati, a iz 'pakla' su ga izvukla djeca - RADIO LJUBU\u0160KI","og_description":"Marshall Bruce Mathers III poznatiji kao Eminem na dana\u0161nji dan slavi 49. ro\u0111endan. Ameri\u010dki rap glazbenik, producent i glumac vi\u0161estruki je dobitnik nagrade Grammy. Prodao je preko 80 milijuna albuma po cijelom svijetu te je me\u0111u najuspje\u0161nijim hip-hoperima svih vremena. Svjetsku popularnost stekao je 1999., izlaskom albuma The Slim Shady LP. Nakon uspjeha njegovih albuma [&hellip;]","og_url":"https:\/\/radioljubuski.ba\/index.php\/2021\/10\/17\/eminem-slavi-49-rodendan-droga-ga-je-skoro-ubila-nakon-nje-je-poceo-opsesivno-vjezbati-a-iz-pakla-su-ga-izvukla-djeca\/","og_site_name":"RADIO LJUBU\u0160KI","article_publisher":"https:\/\/www.facebook.com\/Radiio-Ljubuski-1490835324566332","article_published_time":"2021-10-17T22:04:24+00:00","article_modified_time":"2021-10-18T08:50:16+00:00","og_image":[{"width":1000,"height":625,"url":"https:\/\/radioljubuski.ba\/wp-content\/uploads\/2021\/10\/9-2021-10-17-16-17-03-inssii.jpg","type":"image\/jpeg"}],"author":"Radio Ljubu\u0161ki","twitter_card":"summary_large_image","twitter_creator":"@radioljubuski","twitter_site":"@radioljubuski","twitter_misc":{"Napisao\/la":"Radio Ljubu\u0161ki","Procijenjeno vrijeme \u010ditanja":"4 minute"},"schema":{"@context":"https:\/\/schema.org","@graph":[{"@type":"Article","@id":"https:\/\/radioljubuski.ba\/index.php\/2021\/10\/17\/eminem-slavi-49-rodendan-droga-ga-je-skoro-ubila-nakon-nje-je-poceo-opsesivno-vjezbati-a-iz-pakla-su-ga-izvukla-djeca\/#article","isPartOf":{"@id":"https:\/\/radioljubuski.ba\/index.php\/2021\/10\/17\/eminem-slavi-49-rodendan-droga-ga-je-skoro-ubila-nakon-nje-je-poceo-opsesivno-vjezbati-a-iz-pakla-su-ga-izvukla-djeca\/"},"author":{"name":"Radio Ljubu\u0161ki","@id":"https:\/\/radioljubuski.ba\/#\/schema\/person\/19fc700381a780f69665d7956c469e3b"},"headline":"Eminem slavi 49. ro\u0111endan: Droga ga je skoro ubila, nakon nje je po\u010deo opsesivno vje\u017ebati, a iz &#8216;pakla&#8217; su ga izvukla djeca","datePublished":"2021-10-17T22:04:24+00:00","dateModified":"2021-10-18T08:50:16+00:00","mainEntityOfPage":{"@id":"https:\/\/radioljubuski.ba\/index.php\/2021\/10\/17\/eminem-slavi-49-rodendan-droga-ga-je-skoro-ubila-nakon-nje-je-poceo-opsesivno-vjezbati-a-iz-pakla-su-ga-izvukla-djeca\/"},"wordCount":794,"publisher":{"@id":"https:\/\/radioljubuski.ba\/#organization"},"image":{"@id":"https:\/\/radioljubuski.ba\/index.php\/2021\/10\/17\/eminem-slavi-49-rodendan-droga-ga-je-skoro-ubila-nakon-nje-je-poceo-opsesivno-vjezbati-a-iz-pakla-su-ga-izvukla-djeca\/#primaryimage"},"thumbnailUrl":"https:\/\/radioljubuski.ba\/wp-content\/uploads\/2021\/10\/9-2021-10-17-16-17-03-inssii.jpg","articleSection":["BIH i regija"],"inLanguage":"hr"},{"@type":"WebPage","@id":"https:\/\/radioljubuski.ba\/index.php\/2021\/10\/17\/eminem-slavi-49-rodendan-droga-ga-je-skoro-ubila-nakon-nje-je-poceo-opsesivno-vjezbati-a-iz-pakla-su-ga-izvukla-djeca\/","url":"https:\/\/radioljubuski.ba\/index.php\/2021\/10\/17\/eminem-slavi-49-rodendan-droga-ga-je-skoro-ubila-nakon-nje-je-poceo-opsesivno-vjezbati-a-iz-pakla-su-ga-izvukla-djeca\/","name":"Eminem slavi 49. ro\u0111endan: Droga ga je skoro ubila, nakon nje je po\u010deo opsesivno vje\u017ebati, a iz 'pakla' su ga izvukla djeca - RADIO LJUBU\u0160KI","isPartOf":{"@id":"https:\/\/radioljubuski.ba\/#website"},"primaryImageOfPage":{"@id":"https:\/\/radioljubuski.ba\/index.php\/2021\/10\/17\/eminem-slavi-49-rodendan-droga-ga-je-skoro-ubila-nakon-nje-je-poceo-opsesivno-vjezbati-a-iz-pakla-su-ga-izvukla-djeca\/#primaryimage"},"image":{"@id":"https:\/\/radioljubuski.ba\/index.php\/2021\/10\/17\/eminem-slavi-49-rodendan-droga-ga-je-skoro-ubila-nakon-nje-je-poceo-opsesivno-vjezbati-a-iz-pakla-su-ga-izvukla-djeca\/#primaryimage"},"thumbnailUrl":"https:\/\/radioljubuski.ba\/wp-content\/uploads\/2021\/10\/9-2021-10-17-16-17-03-inssii.jpg","datePublished":"2021-10-17T22:04:24+00:00","dateModified":"2021-10-18T08:50:16+00:00","breadcrumb":{"@id":"https:\/\/radioljubuski.ba\/index.php\/2021\/10\/17\/eminem-slavi-49-rodendan-droga-ga-je-skoro-ubila-nakon-nje-je-poceo-opsesivno-vjezbati-a-iz-pakla-su-ga-izvukla-djeca\/#breadcrumb"},"inLanguage":"hr","potentialAction":[{"@type":"ReadAction","target":["https:\/\/radioljubuski.ba\/index.php\/2021\/10\/17\/eminem-slavi-49-rodendan-droga-ga-je-skoro-ubila-nakon-nje-je-poceo-opsesivno-vjezbati-a-iz-pakla-su-ga-izvukla-djeca\/"]}]},{"@type":"ImageObject","inLanguage":"hr","@id":"https:\/\/radioljubuski.ba\/index.php\/2021\/10\/17\/eminem-slavi-49-rodendan-droga-ga-je-skoro-ubila-nakon-nje-je-poceo-opsesivno-vjezbati-a-iz-pakla-su-ga-izvukla-djeca\/#primaryimage","url":"https:\/\/radioljubuski.ba\/wp-content\/uploads\/2021\/10\/9-2021-10-17-16-17-03-inssii.jpg","contentUrl":"https:\/\/radioljubuski.ba\/wp-content\/uploads\/2021\/10\/9-2021-10-17-16-17-03-inssii.jpg","width":1000,"height":625},{"@type":"BreadcrumbList","@id":"https:\/\/radioljubuski.ba\/index.php\/2021\/10\/17\/eminem-slavi-49-rodendan-droga-ga-je-skoro-ubila-nakon-nje-je-poceo-opsesivno-vjezbati-a-iz-pakla-su-ga-izvukla-djeca\/#breadcrumb","itemListElement":[{"@type":"ListItem","position":1,"name":"Po\u010detna stranica","item":"https:\/\/radioljubuski.ba\/"},{"@type":"ListItem","position":2,"name":"Eminem slavi 49. ro\u0111endan: Droga ga je skoro ubila, nakon nje je po\u010deo opsesivno vje\u017ebati, a iz &#8216;pakla&#8217; su ga izvukla djeca"}]},{"@type":"WebSite","@id":"https:\/\/radioljubuski.ba\/#website","url":"https:\/\/radioljubuski.ba\/","name":"Radio Ljubu\u0161ki","description":"Sun\u010dana frekvencija Hercegovine","publisher":{"@id":"https:\/\/radioljubuski.ba\/#organization"},"potentialAction":[{"@type":"SearchAction","target":{"@type":"EntryPoint","urlTemplate":"https:\/\/radioljubuski.ba\/?s={search_term_string}"},"query-input":{"@type":"PropertyValueSpecification","valueRequired":true,"valueName":"search_term_string"}}],"inLanguage":"hr"},{"@type":"Organization","@id":"https:\/\/radioljubuski.ba\/#organization","name":"Radio Ljubu\u0161ki","url":"https:\/\/radioljubuski.ba\/","logo":{"@type":"ImageObject","inLanguage":"hr","@id":"https:\/\/radioljubuski.ba\/#\/schema\/logo\/image\/","url":"https:\/\/radioljubuski.ba\/wp-content\/uploads\/2021\/02\/cropped-Radio_Ljubuski_logo1.jpg","contentUrl":"https:\/\/radioljubuski.ba\/wp-content\/uploads\/2021\/02\/cropped-Radio_Ljubuski_logo1.jpg","width":512,"height":512,"caption":"Radio Ljubu\u0161ki"},"image":{"@id":"https:\/\/radioljubuski.ba\/#\/schema\/logo\/image\/"},"sameAs":["https:\/\/www.facebook.com\/Radiio-Ljubuski-1490835324566332","https:\/\/x.com\/radioljubuski","https:\/\/hr.linkedin.com\/company\/radio-ljubuski","https:\/\/www.youtube.com\/channel\/UCHYaeO_n0Db3tjNGudGpXyw"]},{"@type":"Person","@id":"https:\/\/radioljubuski.ba\/#\/schema\/person\/19fc700381a780f69665d7956c469e3b","name":"Radio Ljubu\u0161ki"}]}},"_links":{"self":[{"href":"https:\/\/radioljubuski.ba\/index.php\/wp-json\/wp\/v2\/posts\/77215","targetHints":{"allow":["GET"]}}],"collection":[{"href":"https:\/\/radioljubuski.ba\/index.php\/wp-json\/wp\/v2\/posts"}],"about":[{"href":"https:\/\/radioljubuski.ba\/index.php\/wp-json\/wp\/v2\/types\/post"}],"author":[{"embeddable":true,"href":"https:\/\/radioljubuski.ba\/index.php\/wp-json\/wp\/v2\/users\/2"}],"replies":[{"embeddable":true,"href":"https:\/\/radioljubuski.ba\/index.php\/wp-json\/wp\/v2\/comments?post=77215"}],"version-history":[{"count":2,"href":"https:\/\/radioljubuski.ba\/index.php\/wp-json\/wp\/v2\/posts\/77215\/revisions"}],"predecessor-version":[{"id":77406,"href":"https:\/\/radioljubuski.ba\/index.php\/wp-json\/wp\/v2\/posts\/77215\/revisions\/77406"}],"wp:featuredmedia":[{"embeddable":true,"href":"https:\/\/radioljubuski.ba\/index.php\/wp-json\/wp\/v2\/media\/77216"}],"wp:attachment":[{"href":"https:\/\/radioljubuski.ba\/index.php\/wp-json\/wp\/v2\/media?parent=77215"}],"wp:term":[{"taxonomy":"category","embeddable":true,"href":"https:\/\/radioljubuski.ba\/index.php\/wp-json\/wp\/v2\/categories?post=77215"},{"taxonomy":"post_tag","embeddable":true,"href":"https:\/\/radioljubuski.ba\/index.php\/wp-json\/wp\/v2\/tags?post=77215"}],"curies":[{"name":"wp","href":"https:\/\/api.w.org\/{rel}","templated":true}]}}