{"id":77218,"date":"2021-10-17T23:05:27","date_gmt":"2021-10-17T22:05:27","guid":{"rendered":"https:\/\/radioljubuski.ba\/?p=77218"},"modified":"2021-10-17T23:05:28","modified_gmt":"2021-10-17T22:05:28","slug":"u-srbiji-5-077-novozarazenih-umrle-53-osobe","status":"publish","type":"post","link":"https:\/\/radioljubuski.ba\/index.php\/2021\/10\/17\/u-srbiji-5-077-novozarazenih-umrle-53-osobe\/","title":{"rendered":"U Srbiji 5.077 novozara\u017eenih, umrle 53 osobe"},"content":{"rendered":"\n<p>Novih 5.077 slu\u010dajeva koronavirusa potvr\u0111eno je u Srbiji u protekla 24 sata, a od posljedica tog virusa umrle su jo\u0161 53 osobe.<\/p>\n\n\n\n<p>Na respiratorima je 275 pacijenata.<\/p>\n\n\n\n<p>Premijerka Srbije Ana Brnabi\u0107 izjavila je u nedjelju kako broj umrlih u toj zemlji zabrinjava.<\/p>\n\n\n\n<p>Kazala je kako je u Srbiji do sada cjepivo protiv koronavirusa primilo 23,51 posto mladih \u0161to je, po njenim rije\u010dima, i dalje slab odziv.<\/p>\n\n\n\n<p>Apelirala je pritom na starije od 12 godina da se odazovu pozivu za imunizaciju.<\/p>\n\n\n\n<p>&#8220;Samo kada bi se ljudi cijepili bili bismo u stanju spasiti \u017eivote&#8221;, poru\u010dila je Brnabi\u0107 i ukazala na nultu toleranciju za nepo\u0161tovanje mjera, odnosno po\u010detak poo\u0161travanja kontrola, javio je Tanjug.&nbsp;<\/p>\n\n\n\n<p>Izvor:pogled.ba<\/p>\n","protected":false},"excerpt":{"rendered":"<p>Novih 5.077 slu\u010dajeva koronavirusa potvr\u0111eno je u Srbiji u protekla 24 sata, a od posljedica tog virusa umrle su jo\u0161 53 osobe. Na respiratorima je 275 pacijenata. Premijerka Srbije Ana Brnabi\u0107 izjavila je u nedjelju kako broj umrlih u toj zemlji zabrinjava. Kazala je kako je u Srbiji do sada cjepivo protiv koronavirusa primilo 23,51 [&hellip;]<\/p>\n","protected":false},"author":2,"featured_media":7515,"comment_status":"closed","ping_status":"closed","sticky":false,"template":"","format":"standard","meta":{"h5ap_radio_sources":[],"footnotes":""},"categories":[1],"tags":[],"class_list":["post-77218","post","type-post","status-publish","format-standard","has-post-thumbnail","hentry","category-bihiregija"],"yoast_head":"<!-- This site is optimized with the Yoast SEO plugin v27.4 - https:\/\/yoast.com\/product\/yoast-seo-wordpress\/ -->\n<title>U Srbiji 5.077 novozara\u017eenih, umrle 53 osobe - RADIO LJUBU\u0160KI<\/title>\n<meta name=\"robots\" content=\"index, follow, max-snippet:-1, max-image-preview:large, max-video-preview:-1\" \/>\n<link rel=\"canonical\" href=\"https:\/\/radioljubuski.ba\/index.php\/2021\/10\/17\/u-srbiji-5-077-novozarazenih-umrle-53-osobe\/\" \/>\n<meta property=\"og:locale\" content=\"hr_HR\" \/>\n<meta property=\"og:type\" content=\"article\" \/>\n<meta property=\"og:title\" content=\"U Srbiji 5.077 novozara\u017eenih, umrle 53 osobe - RADIO LJUBU\u0160KI\" \/>\n<meta property=\"og:description\" content=\"Novih 5.077 slu\u010dajeva koronavirusa potvr\u0111eno je u Srbiji u protekla 24 sata, a od posljedica tog virusa umrle su jo\u0161 53 osobe. Na respiratorima je 275 pacijenata. Premijerka Srbije Ana Brnabi\u0107 izjavila je u nedjelju kako broj umrlih u toj zemlji zabrinjava. Kazala je kako je u Srbiji do sada cjepivo protiv koronavirusa primilo 23,51 [&hellip;]\" \/>\n<meta property=\"og:url\" content=\"https:\/\/radioljubuski.ba\/index.php\/2021\/10\/17\/u-srbiji-5-077-novozarazenih-umrle-53-osobe\/\" \/>\n<meta property=\"og:site_name\" content=\"RADIO LJUBU\u0160KI\" \/>\n<meta property=\"article:publisher\" content=\"https:\/\/www.facebook.com\/Radiio-Ljubuski-1490835324566332\" \/>\n<meta property=\"article:published_time\" content=\"2021-10-17T22:05:27+00:00\" \/>\n<meta property=\"article:modified_time\" content=\"2021-10-17T22:05:28+00:00\" \/>\n<meta property=\"og:image\" content=\"https:\/\/radioljubuski.ba\/wp-content\/uploads\/2021\/03\/9-2021-03-15-15-55-02-korona-srbija-1.png\" \/>\n\t<meta property=\"og:image:width\" content=\"1000\" \/>\n\t<meta property=\"og:image:height\" content=\"625\" \/>\n\t<meta property=\"og:image:type\" content=\"image\/png\" \/>\n<meta name=\"author\" content=\"Radio Ljubu\u0161ki\" \/>\n<meta name=\"twitter:card\" content=\"summary_large_image\" \/>\n<meta name=\"twitter:creator\" content=\"@radioljubuski\" \/>\n<meta name=\"twitter:site\" content=\"@radioljubuski\" \/>\n<meta name=\"twitter:label1\" content=\"Napisao\/la\" \/>\n\t<meta name=\"twitter:data1\" content=\"Radio Ljubu\u0161ki\" \/>\n\t<meta name=\"twitter:label2\" content=\"Procijenjeno vrijeme \u010ditanja\" \/>\n\t<meta name=\"twitter:data2\" content=\"1 minuta\" \/>\n<script type=\"application\/ld+json\" class=\"yoast-schema-graph\">{\"@context\":\"https:\\\/\\\/schema.org\",\"@graph\":[{\"@type\":\"Article\",\"@id\":\"https:\\\/\\\/radioljubuski.ba\\\/index.php\\\/2021\\\/10\\\/17\\\/u-srbiji-5-077-novozarazenih-umrle-53-osobe\\\/#article\",\"isPartOf\":{\"@id\":\"https:\\\/\\\/radioljubuski.ba\\\/index.php\\\/2021\\\/10\\\/17\\\/u-srbiji-5-077-novozarazenih-umrle-53-osobe\\\/\"},\"author\":{\"name\":\"Radio Ljubu\u0161ki\",\"@id\":\"https:\\\/\\\/radioljubuski.ba\\\/#\\\/schema\\\/person\\\/19fc700381a780f69665d7956c469e3b\"},\"headline\":\"U Srbiji 5.077 novozara\u017eenih, umrle 53 osobe\",\"datePublished\":\"2021-10-17T22:05:27+00:00\",\"dateModified\":\"2021-10-17T22:05:28+00:00\",\"mainEntityOfPage\":{\"@id\":\"https:\\\/\\\/radioljubuski.ba\\\/index.php\\\/2021\\\/10\\\/17\\\/u-srbiji-5-077-novozarazenih-umrle-53-osobe\\\/\"},\"wordCount\":121,\"publisher\":{\"@id\":\"https:\\\/\\\/radioljubuski.ba\\\/#organization\"},\"image\":{\"@id\":\"https:\\\/\\\/radioljubuski.ba\\\/index.php\\\/2021\\\/10\\\/17\\\/u-srbiji-5-077-novozarazenih-umrle-53-osobe\\\/#primaryimage\"},\"thumbnailUrl\":\"https:\\\/\\\/radioljubuski.ba\\\/wp-content\\\/uploads\\\/2021\\\/03\\\/9-2021-03-15-15-55-02-korona-srbija-1.png\",\"articleSection\":[\"BIH i regija\"],\"inLanguage\":\"hr\"},{\"@type\":\"WebPage\",\"@id\":\"https:\\\/\\\/radioljubuski.ba\\\/index.php\\\/2021\\\/10\\\/17\\\/u-srbiji-5-077-novozarazenih-umrle-53-osobe\\\/\",\"url\":\"https:\\\/\\\/radioljubuski.ba\\\/index.php\\\/2021\\\/10\\\/17\\\/u-srbiji-5-077-novozarazenih-umrle-53-osobe\\\/\",\"name\":\"U Srbiji 5.077 novozara\u017eenih, umrle 53 osobe - RADIO LJUBU\u0160KI\",\"isPartOf\":{\"@id\":\"https:\\\/\\\/radioljubuski.ba\\\/#website\"},\"primaryImageOfPage\":{\"@id\":\"https:\\\/\\\/radioljubuski.ba\\\/index.php\\\/2021\\\/10\\\/17\\\/u-srbiji-5-077-novozarazenih-umrle-53-osobe\\\/#primaryimage\"},\"image\":{\"@id\":\"https:\\\/\\\/radioljubuski.ba\\\/index.php\\\/2021\\\/10\\\/17\\\/u-srbiji-5-077-novozarazenih-umrle-53-osobe\\\/#primaryimage\"},\"thumbnailUrl\":\"https:\\\/\\\/radioljubuski.ba\\\/wp-content\\\/uploads\\\/2021\\\/03\\\/9-2021-03-15-15-55-02-korona-srbija-1.png\",\"datePublished\":\"2021-10-17T22:05:27+00:00\",\"dateModified\":\"2021-10-17T22:05:28+00:00\",\"breadcrumb\":{\"@id\":\"https:\\\/\\\/radioljubuski.ba\\\/index.php\\\/2021\\\/10\\\/17\\\/u-srbiji-5-077-novozarazenih-umrle-53-osobe\\\/#breadcrumb\"},\"inLanguage\":\"hr\",\"potentialAction\":[{\"@type\":\"ReadAction\",\"target\":[\"https:\\\/\\\/radioljubuski.ba\\\/index.php\\\/2021\\\/10\\\/17\\\/u-srbiji-5-077-novozarazenih-umrle-53-osobe\\\/\"]}]},{\"@type\":\"ImageObject\",\"inLanguage\":\"hr\",\"@id\":\"https:\\\/\\\/radioljubuski.ba\\\/index.php\\\/2021\\\/10\\\/17\\\/u-srbiji-5-077-novozarazenih-umrle-53-osobe\\\/#primaryimage\",\"url\":\"https:\\\/\\\/radioljubuski.ba\\\/wp-content\\\/uploads\\\/2021\\\/03\\\/9-2021-03-15-15-55-02-korona-srbija-1.png\",\"contentUrl\":\"https:\\\/\\\/radioljubuski.ba\\\/wp-content\\\/uploads\\\/2021\\\/03\\\/9-2021-03-15-15-55-02-korona-srbija-1.png\",\"width\":1000,\"height\":625},{\"@type\":\"BreadcrumbList\",\"@id\":\"https:\\\/\\\/radioljubuski.ba\\\/index.php\\\/2021\\\/10\\\/17\\\/u-srbiji-5-077-novozarazenih-umrle-53-osobe\\\/#breadcrumb\",\"itemListElement\":[{\"@type\":\"ListItem\",\"position\":1,\"name\":\"Po\u010detna stranica\",\"item\":\"https:\\\/\\\/radioljubuski.ba\\\/\"},{\"@type\":\"ListItem\",\"position\":2,\"name\":\"U Srbiji 5.077 novozara\u017eenih, umrle 53 osobe\"}]},{\"@type\":\"WebSite\",\"@id\":\"https:\\\/\\\/radioljubuski.ba\\\/#website\",\"url\":\"https:\\\/\\\/radioljubuski.ba\\\/\",\"name\":\"Radio Ljubu\u0161ki\",\"description\":\"Sun\u010dana frekvencija Hercegovine\",\"publisher\":{\"@id\":\"https:\\\/\\\/radioljubuski.ba\\\/#organization\"},\"potentialAction\":[{\"@type\":\"SearchAction\",\"target\":{\"@type\":\"EntryPoint\",\"urlTemplate\":\"https:\\\/\\\/radioljubuski.ba\\\/?s={search_term_string}\"},\"query-input\":{\"@type\":\"PropertyValueSpecification\",\"valueRequired\":true,\"valueName\":\"search_term_string\"}}],\"inLanguage\":\"hr\"},{\"@type\":\"Organization\",\"@id\":\"https:\\\/\\\/radioljubuski.ba\\\/#organization\",\"name\":\"Radio Ljubu\u0161ki\",\"url\":\"https:\\\/\\\/radioljubuski.ba\\\/\",\"logo\":{\"@type\":\"ImageObject\",\"inLanguage\":\"hr\",\"@id\":\"https:\\\/\\\/radioljubuski.ba\\\/#\\\/schema\\\/logo\\\/image\\\/\",\"url\":\"https:\\\/\\\/radioljubuski.ba\\\/wp-content\\\/uploads\\\/2021\\\/02\\\/cropped-Radio_Ljubuski_logo1.jpg\",\"contentUrl\":\"https:\\\/\\\/radioljubuski.ba\\\/wp-content\\\/uploads\\\/2021\\\/02\\\/cropped-Radio_Ljubuski_logo1.jpg\",\"width\":512,\"height\":512,\"caption\":\"Radio Ljubu\u0161ki\"},\"image\":{\"@id\":\"https:\\\/\\\/radioljubuski.ba\\\/#\\\/schema\\\/logo\\\/image\\\/\"},\"sameAs\":[\"https:\\\/\\\/www.facebook.com\\\/Radiio-Ljubuski-1490835324566332\",\"https:\\\/\\\/x.com\\\/radioljubuski\",\"https:\\\/\\\/hr.linkedin.com\\\/company\\\/radio-ljubuski\",\"https:\\\/\\\/www.youtube.com\\\/channel\\\/UCHYaeO_n0Db3tjNGudGpXyw\"]},{\"@type\":\"Person\",\"@id\":\"https:\\\/\\\/radioljubuski.ba\\\/#\\\/schema\\\/person\\\/19fc700381a780f69665d7956c469e3b\",\"name\":\"Radio Ljubu\u0161ki\"}]}<\/script>\n<!-- \/ Yoast SEO plugin. -->","yoast_head_json":{"title":"U Srbiji 5.077 novozara\u017eenih, umrle 53 osobe - RADIO LJUBU\u0160KI","robots":{"index":"index","follow":"follow","max-snippet":"max-snippet:-1","max-image-preview":"max-image-preview:large","max-video-preview":"max-video-preview:-1"},"canonical":"https:\/\/radioljubuski.ba\/index.php\/2021\/10\/17\/u-srbiji-5-077-novozarazenih-umrle-53-osobe\/","og_locale":"hr_HR","og_type":"article","og_title":"U Srbiji 5.077 novozara\u017eenih, umrle 53 osobe - RADIO LJUBU\u0160KI","og_description":"Novih 5.077 slu\u010dajeva koronavirusa potvr\u0111eno je u Srbiji u protekla 24 sata, a od posljedica tog virusa umrle su jo\u0161 53 osobe. Na respiratorima je 275 pacijenata. Premijerka Srbije Ana Brnabi\u0107 izjavila je u nedjelju kako broj umrlih u toj zemlji zabrinjava. Kazala je kako je u Srbiji do sada cjepivo protiv koronavirusa primilo 23,51 [&hellip;]","og_url":"https:\/\/radioljubuski.ba\/index.php\/2021\/10\/17\/u-srbiji-5-077-novozarazenih-umrle-53-osobe\/","og_site_name":"RADIO LJUBU\u0160KI","article_publisher":"https:\/\/www.facebook.com\/Radiio-Ljubuski-1490835324566332","article_published_time":"2021-10-17T22:05:27+00:00","article_modified_time":"2021-10-17T22:05:28+00:00","og_image":[{"width":1000,"height":625,"url":"https:\/\/radioljubuski.ba\/wp-content\/uploads\/2021\/03\/9-2021-03-15-15-55-02-korona-srbija-1.png","type":"image\/png"}],"author":"Radio Ljubu\u0161ki","twitter_card":"summary_large_image","twitter_creator":"@radioljubuski","twitter_site":"@radioljubuski","twitter_misc":{"Napisao\/la":"Radio Ljubu\u0161ki","Procijenjeno vrijeme \u010ditanja":"1 minuta"},"schema":{"@context":"https:\/\/schema.org","@graph":[{"@type":"Article","@id":"https:\/\/radioljubuski.ba\/index.php\/2021\/10\/17\/u-srbiji-5-077-novozarazenih-umrle-53-osobe\/#article","isPartOf":{"@id":"https:\/\/radioljubuski.ba\/index.php\/2021\/10\/17\/u-srbiji-5-077-novozarazenih-umrle-53-osobe\/"},"author":{"name":"Radio Ljubu\u0161ki","@id":"https:\/\/radioljubuski.ba\/#\/schema\/person\/19fc700381a780f69665d7956c469e3b"},"headline":"U Srbiji 5.077 novozara\u017eenih, umrle 53 osobe","datePublished":"2021-10-17T22:05:27+00:00","dateModified":"2021-10-17T22:05:28+00:00","mainEntityOfPage":{"@id":"https:\/\/radioljubuski.ba\/index.php\/2021\/10\/17\/u-srbiji-5-077-novozarazenih-umrle-53-osobe\/"},"wordCount":121,"publisher":{"@id":"https:\/\/radioljubuski.ba\/#organization"},"image":{"@id":"https:\/\/radioljubuski.ba\/index.php\/2021\/10\/17\/u-srbiji-5-077-novozarazenih-umrle-53-osobe\/#primaryimage"},"thumbnailUrl":"https:\/\/radioljubuski.ba\/wp-content\/uploads\/2021\/03\/9-2021-03-15-15-55-02-korona-srbija-1.png","articleSection":["BIH i regija"],"inLanguage":"hr"},{"@type":"WebPage","@id":"https:\/\/radioljubuski.ba\/index.php\/2021\/10\/17\/u-srbiji-5-077-novozarazenih-umrle-53-osobe\/","url":"https:\/\/radioljubuski.ba\/index.php\/2021\/10\/17\/u-srbiji-5-077-novozarazenih-umrle-53-osobe\/","name":"U Srbiji 5.077 novozara\u017eenih, umrle 53 osobe - RADIO LJUBU\u0160KI","isPartOf":{"@id":"https:\/\/radioljubuski.ba\/#website"},"primaryImageOfPage":{"@id":"https:\/\/radioljubuski.ba\/index.php\/2021\/10\/17\/u-srbiji-5-077-novozarazenih-umrle-53-osobe\/#primaryimage"},"image":{"@id":"https:\/\/radioljubuski.ba\/index.php\/2021\/10\/17\/u-srbiji-5-077-novozarazenih-umrle-53-osobe\/#primaryimage"},"thumbnailUrl":"https:\/\/radioljubuski.ba\/wp-content\/uploads\/2021\/03\/9-2021-03-15-15-55-02-korona-srbija-1.png","datePublished":"2021-10-17T22:05:27+00:00","dateModified":"2021-10-17T22:05:28+00:00","breadcrumb":{"@id":"https:\/\/radioljubuski.ba\/index.php\/2021\/10\/17\/u-srbiji-5-077-novozarazenih-umrle-53-osobe\/#breadcrumb"},"inLanguage":"hr","potentialAction":[{"@type":"ReadAction","target":["https:\/\/radioljubuski.ba\/index.php\/2021\/10\/17\/u-srbiji-5-077-novozarazenih-umrle-53-osobe\/"]}]},{"@type":"ImageObject","inLanguage":"hr","@id":"https:\/\/radioljubuski.ba\/index.php\/2021\/10\/17\/u-srbiji-5-077-novozarazenih-umrle-53-osobe\/#primaryimage","url":"https:\/\/radioljubuski.ba\/wp-content\/uploads\/2021\/03\/9-2021-03-15-15-55-02-korona-srbija-1.png","contentUrl":"https:\/\/radioljubuski.ba\/wp-content\/uploads\/2021\/03\/9-2021-03-15-15-55-02-korona-srbija-1.png","width":1000,"height":625},{"@type":"BreadcrumbList","@id":"https:\/\/radioljubuski.ba\/index.php\/2021\/10\/17\/u-srbiji-5-077-novozarazenih-umrle-53-osobe\/#breadcrumb","itemListElement":[{"@type":"ListItem","position":1,"name":"Po\u010detna stranica","item":"https:\/\/radioljubuski.ba\/"},{"@type":"ListItem","position":2,"name":"U Srbiji 5.077 novozara\u017eenih, umrle 53 osobe"}]},{"@type":"WebSite","@id":"https:\/\/radioljubuski.ba\/#website","url":"https:\/\/radioljubuski.ba\/","name":"Radio Ljubu\u0161ki","description":"Sun\u010dana frekvencija Hercegovine","publisher":{"@id":"https:\/\/radioljubuski.ba\/#organization"},"potentialAction":[{"@type":"SearchAction","target":{"@type":"EntryPoint","urlTemplate":"https:\/\/radioljubuski.ba\/?s={search_term_string}"},"query-input":{"@type":"PropertyValueSpecification","valueRequired":true,"valueName":"search_term_string"}}],"inLanguage":"hr"},{"@type":"Organization","@id":"https:\/\/radioljubuski.ba\/#organization","name":"Radio Ljubu\u0161ki","url":"https:\/\/radioljubuski.ba\/","logo":{"@type":"ImageObject","inLanguage":"hr","@id":"https:\/\/radioljubuski.ba\/#\/schema\/logo\/image\/","url":"https:\/\/radioljubuski.ba\/wp-content\/uploads\/2021\/02\/cropped-Radio_Ljubuski_logo1.jpg","contentUrl":"https:\/\/radioljubuski.ba\/wp-content\/uploads\/2021\/02\/cropped-Radio_Ljubuski_logo1.jpg","width":512,"height":512,"caption":"Radio Ljubu\u0161ki"},"image":{"@id":"https:\/\/radioljubuski.ba\/#\/schema\/logo\/image\/"},"sameAs":["https:\/\/www.facebook.com\/Radiio-Ljubuski-1490835324566332","https:\/\/x.com\/radioljubuski","https:\/\/hr.linkedin.com\/company\/radio-ljubuski","https:\/\/www.youtube.com\/channel\/UCHYaeO_n0Db3tjNGudGpXyw"]},{"@type":"Person","@id":"https:\/\/radioljubuski.ba\/#\/schema\/person\/19fc700381a780f69665d7956c469e3b","name":"Radio Ljubu\u0161ki"}]}},"_links":{"self":[{"href":"https:\/\/radioljubuski.ba\/index.php\/wp-json\/wp\/v2\/posts\/77218","targetHints":{"allow":["GET"]}}],"collection":[{"href":"https:\/\/radioljubuski.ba\/index.php\/wp-json\/wp\/v2\/posts"}],"about":[{"href":"https:\/\/radioljubuski.ba\/index.php\/wp-json\/wp\/v2\/types\/post"}],"author":[{"embeddable":true,"href":"https:\/\/radioljubuski.ba\/index.php\/wp-json\/wp\/v2\/users\/2"}],"replies":[{"embeddable":true,"href":"https:\/\/radioljubuski.ba\/index.php\/wp-json\/wp\/v2\/comments?post=77218"}],"version-history":[{"count":1,"href":"https:\/\/radioljubuski.ba\/index.php\/wp-json\/wp\/v2\/posts\/77218\/revisions"}],"predecessor-version":[{"id":77219,"href":"https:\/\/radioljubuski.ba\/index.php\/wp-json\/wp\/v2\/posts\/77218\/revisions\/77219"}],"wp:featuredmedia":[{"embeddable":true,"href":"https:\/\/radioljubuski.ba\/index.php\/wp-json\/wp\/v2\/media\/7515"}],"wp:attachment":[{"href":"https:\/\/radioljubuski.ba\/index.php\/wp-json\/wp\/v2\/media?parent=77218"}],"wp:term":[{"taxonomy":"category","embeddable":true,"href":"https:\/\/radioljubuski.ba\/index.php\/wp-json\/wp\/v2\/categories?post=77218"},{"taxonomy":"post_tag","embeddable":true,"href":"https:\/\/radioljubuski.ba\/index.php\/wp-json\/wp\/v2\/tags?post=77218"}],"curies":[{"name":"wp","href":"https:\/\/api.w.org\/{rel}","templated":true}]}}