{"id":77244,"date":"2021-10-17T23:21:15","date_gmt":"2021-10-17T22:21:15","guid":{"rendered":"https:\/\/radioljubuski.ba\/?p=77244"},"modified":"2021-10-17T23:21:17","modified_gmt":"2021-10-17T22:21:17","slug":"cagliari-ostvario-prvu-pobjedu-sezone","status":"publish","type":"post","link":"https:\/\/radioljubuski.ba\/index.php\/2021\/10\/17\/cagliari-ostvario-prvu-pobjedu-sezone\/","title":{"rendered":"Cagliari ostvario prvu pobjedu sezone"},"content":{"rendered":"\n<p><strong>Cagliari je u nedjelju u utakmici 8. kolo talijanskog prvenstva kod ku\u0107e sa 3-1 nadigrao Sampdoriju upisav\u0161i tako prvu pobjedu u sezoni.<\/strong><\/p>\n\n\n\n<p>Doma\u0107a je mom\u010dad brzo do\u0161la u vodstvo,&nbsp;<strong>Joao Pedro<\/strong>&nbsp;je ve\u0107 u \u010detvrtoj minuti zabio za 1-0. Nakon prvog prvog gola na utakmici dugo nije bilo pogodaka, ali&nbsp;<strong>Caceres<\/strong>&nbsp;u 74. minuti podi\u017ee na 2-0. Sampdorija smanjuje na 2-1 pogotkom&nbsp;<strong>Thorsbyja<\/strong>&nbsp;u 82. minuti, no Pedro zabija svoj drugi gol na utakmici u suda\u010dkoj nadoknadi za 3-1.<\/p>\n\n\n\n<p>Cagliari je nakon ove pobjede 17. na ljestvici sa \u0161est bodova koliko ima i Sampdorija koja je na 16. mjestu. Prvi je Milan sa 22 boda.<\/p>\n\n\n\n<p>Italija &#8211; 8. kolo:<\/p>\n\n\n\n<p>Cagliari &#8211; Sampdoria 3-1 (Joo Pedro 4, M. C\u00e1ceres 74, Joo Pedro 90+4\/M. Thorsby 82)<\/p>\n\n\n\n<p>U subotu:<\/p>\n\n\n\n<p>Spezia &#8211; Salernitana 2-1 (Strelec 51, Kovalenko 76 \/ Simy 39)<\/p>\n\n\n\n<p>Lazio &#8211; Inter 3-1 (Immobile 64-11m, Anderson 81, Milinkovi\u0107-Savi\u0107 90+1 \/ Peri\u0161i\u0107 12-11m)<\/p>\n\n\n\n<p>Milan &#8211; Verona 3-2 (Giroud 59, Kessie 76-11m, Gunter 78-ag \/ Caprari 7, Barak 24-11m)<\/p>\n\n\n\n<p>Kasnije u nedjelju:<\/p>\n\n\n\n<p>Empoli &#8211; Atalanta (ned, 15.00)<\/p>\n\n\n\n<p>Genoa &#8211; Sassuolo (ned, 15.00)<\/p>\n\n\n\n<p>Udinese &#8211; Bologna (ned, 15.00)<\/p>\n\n\n\n<p>Napoli &#8211; Torino (ned, 18.00)<\/p>\n\n\n\n<p>Juventus &#8211; Roma (ned, 20.45)<\/p>\n\n\n\n<p>Venezia &#8211; Fiorentina (pon, 20.45)<\/p>\n\n\n\n<p>Ljestvica:<\/p>\n\n\n\n<p>1 Milan 8 7 1 0 18 7 22<\/p>\n\n\n\n<p>2 Napoli 7 7 0 0 18 3 21<\/p>\n\n\n\n<p>3 Inter 8 5 2 1 23 11 17<\/p>\n\n\n\n<p>4 Roma 7 5 0 2 16 8 15<\/p>\n\n\n\n<p>&#8230;&#8230;&#8230;&#8230;&#8230;&#8230;&#8230;&#8230;&#8230;&#8230;&#8230;&#8230;&#8230;.<\/p>\n\n\n\n<p>5 Lazio 8 4 2 2 18 13 14<\/p>\n\n\n\n<p>&#8230;&#8230;&#8230;&#8230;&#8230;&#8230;&#8230;&#8230;&#8230;&#8230;&#8230;&#8230;&#8230;.<\/p>\n\n\n\n<p>6 Fiorentina 7 4 0 3 10 11 12<\/p>\n\n\n\n<p>&#8230;&#8230;&#8230;&#8230;&#8230;&#8230;&#8230;&#8230;&#8230;&#8230;&#8230;&#8230;&#8230;.<\/p>\n\n\n\n<p>7 Juventus 7 3 2 2 11 10 11<\/p>\n\n\n\n<p>&#8230;&#8230;&#8230;&#8230;&#8230;&#8230;&#8230;&#8230;&#8230;&#8230;&#8230;&#8230;&#8230;.<\/p>\n\n\n\n<p>8 Atalanta 7 3 2 2 10 9 11<\/p>\n\n\n\n<p>9 Bologna 7 3 2 2 12 14 11<\/p>\n\n\n\n<p>10 Empoli 7 3 0 4 9 12 9<\/p>\n\n\n\n<p>11 Torino 7 2 2 3 9 7 8<\/p>\n\n\n\n<p>12 Verona 8 2 2 4 17 17 8<\/p>\n\n\n\n<p>13 Udinese 7 2 2 3 9 11 8<\/p>\n\n\n\n<p>14 Sassuolo 7 2 1 4 7 9 7<\/p>\n\n\n\n<p>15 Spezia 8 2 1 5 10 20 7<\/p>\n\n\n\n<p>16 Sampdoria 8 1 3 4 11 16 6<\/p>\n\n\n\n<p>17 Cagliari 8 1 3 4 11 17 6<\/p>\n\n\n\n<p>&#8230;&#8230;&#8230;&#8230;&#8230;&#8230;&#8230;&#8230;&#8230;&#8230;&#8230;&#8230;&#8230;.<\/p>\n\n\n\n<p>18 Genoa 7 1 2 4 10 16 5<\/p>\n\n\n\n<p>19 Venezia 7 1 2 4 5 12 5<\/p>\n\n\n\n<p>20 Salernitana 8 1 1 6 6 17 4<\/p>\n\n\n\n<p>Izvor:hrt.hr<\/p>\n","protected":false},"excerpt":{"rendered":"<p>Cagliari je u nedjelju u utakmici 8. kolo talijanskog prvenstva kod ku\u0107e sa 3-1 nadigrao Sampdoriju upisav\u0161i tako prvu pobjedu u sezoni. Doma\u0107a je mom\u010dad brzo do\u0161la u vodstvo,&nbsp;Joao Pedro&nbsp;je ve\u0107 u \u010detvrtoj minuti zabio za 1-0. Nakon prvog prvog gola na utakmici dugo nije bilo pogodaka, ali&nbsp;Caceres&nbsp;u 74. minuti podi\u017ee na 2-0. Sampdorija smanjuje [&hellip;]<\/p>\n","protected":false},"author":2,"featured_media":77245,"comment_status":"closed","ping_status":"closed","sticky":false,"template":"","format":"standard","meta":{"h5ap_radio_sources":[],"footnotes":""},"categories":[7],"tags":[],"class_list":["post-77244","post","type-post","status-publish","format-standard","has-post-thumbnail","hentry","category-sport"],"yoast_head":"<!-- This site is optimized with the Yoast SEO plugin v27.4 - https:\/\/yoast.com\/product\/yoast-seo-wordpress\/ -->\n<title>Cagliari ostvario prvu pobjedu sezone - RADIO LJUBU\u0160KI<\/title>\n<meta name=\"robots\" content=\"index, follow, max-snippet:-1, max-image-preview:large, max-video-preview:-1\" \/>\n<link rel=\"canonical\" href=\"https:\/\/radioljubuski.ba\/index.php\/2021\/10\/17\/cagliari-ostvario-prvu-pobjedu-sezone\/\" \/>\n<meta property=\"og:locale\" content=\"hr_HR\" \/>\n<meta property=\"og:type\" content=\"article\" \/>\n<meta property=\"og:title\" content=\"Cagliari ostvario prvu pobjedu sezone - RADIO LJUBU\u0160KI\" \/>\n<meta property=\"og:description\" content=\"Cagliari je u nedjelju u utakmici 8. kolo talijanskog prvenstva kod ku\u0107e sa 3-1 nadigrao Sampdoriju upisav\u0161i tako prvu pobjedu u sezoni. Doma\u0107a je mom\u010dad brzo do\u0161la u vodstvo,&nbsp;Joao Pedro&nbsp;je ve\u0107 u \u010detvrtoj minuti zabio za 1-0. Nakon prvog prvog gola na utakmici dugo nije bilo pogodaka, ali&nbsp;Caceres&nbsp;u 74. minuti podi\u017ee na 2-0. Sampdorija smanjuje [&hellip;]\" \/>\n<meta property=\"og:url\" content=\"https:\/\/radioljubuski.ba\/index.php\/2021\/10\/17\/cagliari-ostvario-prvu-pobjedu-sezone\/\" \/>\n<meta property=\"og:site_name\" content=\"RADIO LJUBU\u0160KI\" \/>\n<meta property=\"article:publisher\" content=\"https:\/\/www.facebook.com\/Radiio-Ljubuski-1490835324566332\" \/>\n<meta property=\"article:published_time\" content=\"2021-10-17T22:21:15+00:00\" \/>\n<meta property=\"article:modified_time\" content=\"2021-10-17T22:21:17+00:00\" \/>\n<meta property=\"og:image\" content=\"https:\/\/radioljubuski.ba\/wp-content\/uploads\/2021\/10\/291447.jpg\" \/>\n\t<meta property=\"og:image:width\" content=\"730\" \/>\n\t<meta property=\"og:image:height\" content=\"487\" \/>\n\t<meta property=\"og:image:type\" content=\"image\/jpeg\" \/>\n<meta name=\"author\" content=\"Radio Ljubu\u0161ki\" \/>\n<meta name=\"twitter:card\" content=\"summary_large_image\" \/>\n<meta name=\"twitter:creator\" content=\"@radioljubuski\" \/>\n<meta name=\"twitter:site\" content=\"@radioljubuski\" \/>\n<meta name=\"twitter:label1\" content=\"Napisao\/la\" \/>\n\t<meta name=\"twitter:data1\" content=\"Radio Ljubu\u0161ki\" \/>\n\t<meta name=\"twitter:label2\" content=\"Procijenjeno vrijeme \u010ditanja\" \/>\n\t<meta name=\"twitter:data2\" content=\"2 minute\" \/>\n<script type=\"application\/ld+json\" class=\"yoast-schema-graph\">{\"@context\":\"https:\\\/\\\/schema.org\",\"@graph\":[{\"@type\":\"Article\",\"@id\":\"https:\\\/\\\/radioljubuski.ba\\\/index.php\\\/2021\\\/10\\\/17\\\/cagliari-ostvario-prvu-pobjedu-sezone\\\/#article\",\"isPartOf\":{\"@id\":\"https:\\\/\\\/radioljubuski.ba\\\/index.php\\\/2021\\\/10\\\/17\\\/cagliari-ostvario-prvu-pobjedu-sezone\\\/\"},\"author\":{\"name\":\"Radio Ljubu\u0161ki\",\"@id\":\"https:\\\/\\\/radioljubuski.ba\\\/#\\\/schema\\\/person\\\/19fc700381a780f69665d7956c469e3b\"},\"headline\":\"Cagliari ostvario prvu pobjedu sezone\",\"datePublished\":\"2021-10-17T22:21:15+00:00\",\"dateModified\":\"2021-10-17T22:21:17+00:00\",\"mainEntityOfPage\":{\"@id\":\"https:\\\/\\\/radioljubuski.ba\\\/index.php\\\/2021\\\/10\\\/17\\\/cagliari-ostvario-prvu-pobjedu-sezone\\\/\"},\"wordCount\":221,\"publisher\":{\"@id\":\"https:\\\/\\\/radioljubuski.ba\\\/#organization\"},\"image\":{\"@id\":\"https:\\\/\\\/radioljubuski.ba\\\/index.php\\\/2021\\\/10\\\/17\\\/cagliari-ostvario-prvu-pobjedu-sezone\\\/#primaryimage\"},\"thumbnailUrl\":\"https:\\\/\\\/radioljubuski.ba\\\/wp-content\\\/uploads\\\/2021\\\/10\\\/291447.jpg\",\"articleSection\":[\"\u0160port\"],\"inLanguage\":\"hr\"},{\"@type\":\"WebPage\",\"@id\":\"https:\\\/\\\/radioljubuski.ba\\\/index.php\\\/2021\\\/10\\\/17\\\/cagliari-ostvario-prvu-pobjedu-sezone\\\/\",\"url\":\"https:\\\/\\\/radioljubuski.ba\\\/index.php\\\/2021\\\/10\\\/17\\\/cagliari-ostvario-prvu-pobjedu-sezone\\\/\",\"name\":\"Cagliari ostvario prvu pobjedu sezone - RADIO LJUBU\u0160KI\",\"isPartOf\":{\"@id\":\"https:\\\/\\\/radioljubuski.ba\\\/#website\"},\"primaryImageOfPage\":{\"@id\":\"https:\\\/\\\/radioljubuski.ba\\\/index.php\\\/2021\\\/10\\\/17\\\/cagliari-ostvario-prvu-pobjedu-sezone\\\/#primaryimage\"},\"image\":{\"@id\":\"https:\\\/\\\/radioljubuski.ba\\\/index.php\\\/2021\\\/10\\\/17\\\/cagliari-ostvario-prvu-pobjedu-sezone\\\/#primaryimage\"},\"thumbnailUrl\":\"https:\\\/\\\/radioljubuski.ba\\\/wp-content\\\/uploads\\\/2021\\\/10\\\/291447.jpg\",\"datePublished\":\"2021-10-17T22:21:15+00:00\",\"dateModified\":\"2021-10-17T22:21:17+00:00\",\"breadcrumb\":{\"@id\":\"https:\\\/\\\/radioljubuski.ba\\\/index.php\\\/2021\\\/10\\\/17\\\/cagliari-ostvario-prvu-pobjedu-sezone\\\/#breadcrumb\"},\"inLanguage\":\"hr\",\"potentialAction\":[{\"@type\":\"ReadAction\",\"target\":[\"https:\\\/\\\/radioljubuski.ba\\\/index.php\\\/2021\\\/10\\\/17\\\/cagliari-ostvario-prvu-pobjedu-sezone\\\/\"]}]},{\"@type\":\"ImageObject\",\"inLanguage\":\"hr\",\"@id\":\"https:\\\/\\\/radioljubuski.ba\\\/index.php\\\/2021\\\/10\\\/17\\\/cagliari-ostvario-prvu-pobjedu-sezone\\\/#primaryimage\",\"url\":\"https:\\\/\\\/radioljubuski.ba\\\/wp-content\\\/uploads\\\/2021\\\/10\\\/291447.jpg\",\"contentUrl\":\"https:\\\/\\\/radioljubuski.ba\\\/wp-content\\\/uploads\\\/2021\\\/10\\\/291447.jpg\",\"width\":730,\"height\":487},{\"@type\":\"BreadcrumbList\",\"@id\":\"https:\\\/\\\/radioljubuski.ba\\\/index.php\\\/2021\\\/10\\\/17\\\/cagliari-ostvario-prvu-pobjedu-sezone\\\/#breadcrumb\",\"itemListElement\":[{\"@type\":\"ListItem\",\"position\":1,\"name\":\"Po\u010detna stranica\",\"item\":\"https:\\\/\\\/radioljubuski.ba\\\/\"},{\"@type\":\"ListItem\",\"position\":2,\"name\":\"Cagliari ostvario prvu pobjedu sezone\"}]},{\"@type\":\"WebSite\",\"@id\":\"https:\\\/\\\/radioljubuski.ba\\\/#website\",\"url\":\"https:\\\/\\\/radioljubuski.ba\\\/\",\"name\":\"Radio Ljubu\u0161ki\",\"description\":\"Sun\u010dana frekvencija Hercegovine\",\"publisher\":{\"@id\":\"https:\\\/\\\/radioljubuski.ba\\\/#organization\"},\"potentialAction\":[{\"@type\":\"SearchAction\",\"target\":{\"@type\":\"EntryPoint\",\"urlTemplate\":\"https:\\\/\\\/radioljubuski.ba\\\/?s={search_term_string}\"},\"query-input\":{\"@type\":\"PropertyValueSpecification\",\"valueRequired\":true,\"valueName\":\"search_term_string\"}}],\"inLanguage\":\"hr\"},{\"@type\":\"Organization\",\"@id\":\"https:\\\/\\\/radioljubuski.ba\\\/#organization\",\"name\":\"Radio Ljubu\u0161ki\",\"url\":\"https:\\\/\\\/radioljubuski.ba\\\/\",\"logo\":{\"@type\":\"ImageObject\",\"inLanguage\":\"hr\",\"@id\":\"https:\\\/\\\/radioljubuski.ba\\\/#\\\/schema\\\/logo\\\/image\\\/\",\"url\":\"https:\\\/\\\/radioljubuski.ba\\\/wp-content\\\/uploads\\\/2021\\\/02\\\/cropped-Radio_Ljubuski_logo1.jpg\",\"contentUrl\":\"https:\\\/\\\/radioljubuski.ba\\\/wp-content\\\/uploads\\\/2021\\\/02\\\/cropped-Radio_Ljubuski_logo1.jpg\",\"width\":512,\"height\":512,\"caption\":\"Radio Ljubu\u0161ki\"},\"image\":{\"@id\":\"https:\\\/\\\/radioljubuski.ba\\\/#\\\/schema\\\/logo\\\/image\\\/\"},\"sameAs\":[\"https:\\\/\\\/www.facebook.com\\\/Radiio-Ljubuski-1490835324566332\",\"https:\\\/\\\/x.com\\\/radioljubuski\",\"https:\\\/\\\/hr.linkedin.com\\\/company\\\/radio-ljubuski\",\"https:\\\/\\\/www.youtube.com\\\/channel\\\/UCHYaeO_n0Db3tjNGudGpXyw\"]},{\"@type\":\"Person\",\"@id\":\"https:\\\/\\\/radioljubuski.ba\\\/#\\\/schema\\\/person\\\/19fc700381a780f69665d7956c469e3b\",\"name\":\"Radio Ljubu\u0161ki\"}]}<\/script>\n<!-- \/ Yoast SEO plugin. -->","yoast_head_json":{"title":"Cagliari ostvario prvu pobjedu sezone - RADIO LJUBU\u0160KI","robots":{"index":"index","follow":"follow","max-snippet":"max-snippet:-1","max-image-preview":"max-image-preview:large","max-video-preview":"max-video-preview:-1"},"canonical":"https:\/\/radioljubuski.ba\/index.php\/2021\/10\/17\/cagliari-ostvario-prvu-pobjedu-sezone\/","og_locale":"hr_HR","og_type":"article","og_title":"Cagliari ostvario prvu pobjedu sezone - RADIO LJUBU\u0160KI","og_description":"Cagliari je u nedjelju u utakmici 8. kolo talijanskog prvenstva kod ku\u0107e sa 3-1 nadigrao Sampdoriju upisav\u0161i tako prvu pobjedu u sezoni. Doma\u0107a je mom\u010dad brzo do\u0161la u vodstvo,&nbsp;Joao Pedro&nbsp;je ve\u0107 u \u010detvrtoj minuti zabio za 1-0. Nakon prvog prvog gola na utakmici dugo nije bilo pogodaka, ali&nbsp;Caceres&nbsp;u 74. minuti podi\u017ee na 2-0. Sampdorija smanjuje [&hellip;]","og_url":"https:\/\/radioljubuski.ba\/index.php\/2021\/10\/17\/cagliari-ostvario-prvu-pobjedu-sezone\/","og_site_name":"RADIO LJUBU\u0160KI","article_publisher":"https:\/\/www.facebook.com\/Radiio-Ljubuski-1490835324566332","article_published_time":"2021-10-17T22:21:15+00:00","article_modified_time":"2021-10-17T22:21:17+00:00","og_image":[{"width":730,"height":487,"url":"https:\/\/radioljubuski.ba\/wp-content\/uploads\/2021\/10\/291447.jpg","type":"image\/jpeg"}],"author":"Radio Ljubu\u0161ki","twitter_card":"summary_large_image","twitter_creator":"@radioljubuski","twitter_site":"@radioljubuski","twitter_misc":{"Napisao\/la":"Radio Ljubu\u0161ki","Procijenjeno vrijeme \u010ditanja":"2 minute"},"schema":{"@context":"https:\/\/schema.org","@graph":[{"@type":"Article","@id":"https:\/\/radioljubuski.ba\/index.php\/2021\/10\/17\/cagliari-ostvario-prvu-pobjedu-sezone\/#article","isPartOf":{"@id":"https:\/\/radioljubuski.ba\/index.php\/2021\/10\/17\/cagliari-ostvario-prvu-pobjedu-sezone\/"},"author":{"name":"Radio Ljubu\u0161ki","@id":"https:\/\/radioljubuski.ba\/#\/schema\/person\/19fc700381a780f69665d7956c469e3b"},"headline":"Cagliari ostvario prvu pobjedu sezone","datePublished":"2021-10-17T22:21:15+00:00","dateModified":"2021-10-17T22:21:17+00:00","mainEntityOfPage":{"@id":"https:\/\/radioljubuski.ba\/index.php\/2021\/10\/17\/cagliari-ostvario-prvu-pobjedu-sezone\/"},"wordCount":221,"publisher":{"@id":"https:\/\/radioljubuski.ba\/#organization"},"image":{"@id":"https:\/\/radioljubuski.ba\/index.php\/2021\/10\/17\/cagliari-ostvario-prvu-pobjedu-sezone\/#primaryimage"},"thumbnailUrl":"https:\/\/radioljubuski.ba\/wp-content\/uploads\/2021\/10\/291447.jpg","articleSection":["\u0160port"],"inLanguage":"hr"},{"@type":"WebPage","@id":"https:\/\/radioljubuski.ba\/index.php\/2021\/10\/17\/cagliari-ostvario-prvu-pobjedu-sezone\/","url":"https:\/\/radioljubuski.ba\/index.php\/2021\/10\/17\/cagliari-ostvario-prvu-pobjedu-sezone\/","name":"Cagliari ostvario prvu pobjedu sezone - RADIO LJUBU\u0160KI","isPartOf":{"@id":"https:\/\/radioljubuski.ba\/#website"},"primaryImageOfPage":{"@id":"https:\/\/radioljubuski.ba\/index.php\/2021\/10\/17\/cagliari-ostvario-prvu-pobjedu-sezone\/#primaryimage"},"image":{"@id":"https:\/\/radioljubuski.ba\/index.php\/2021\/10\/17\/cagliari-ostvario-prvu-pobjedu-sezone\/#primaryimage"},"thumbnailUrl":"https:\/\/radioljubuski.ba\/wp-content\/uploads\/2021\/10\/291447.jpg","datePublished":"2021-10-17T22:21:15+00:00","dateModified":"2021-10-17T22:21:17+00:00","breadcrumb":{"@id":"https:\/\/radioljubuski.ba\/index.php\/2021\/10\/17\/cagliari-ostvario-prvu-pobjedu-sezone\/#breadcrumb"},"inLanguage":"hr","potentialAction":[{"@type":"ReadAction","target":["https:\/\/radioljubuski.ba\/index.php\/2021\/10\/17\/cagliari-ostvario-prvu-pobjedu-sezone\/"]}]},{"@type":"ImageObject","inLanguage":"hr","@id":"https:\/\/radioljubuski.ba\/index.php\/2021\/10\/17\/cagliari-ostvario-prvu-pobjedu-sezone\/#primaryimage","url":"https:\/\/radioljubuski.ba\/wp-content\/uploads\/2021\/10\/291447.jpg","contentUrl":"https:\/\/radioljubuski.ba\/wp-content\/uploads\/2021\/10\/291447.jpg","width":730,"height":487},{"@type":"BreadcrumbList","@id":"https:\/\/radioljubuski.ba\/index.php\/2021\/10\/17\/cagliari-ostvario-prvu-pobjedu-sezone\/#breadcrumb","itemListElement":[{"@type":"ListItem","position":1,"name":"Po\u010detna stranica","item":"https:\/\/radioljubuski.ba\/"},{"@type":"ListItem","position":2,"name":"Cagliari ostvario prvu pobjedu sezone"}]},{"@type":"WebSite","@id":"https:\/\/radioljubuski.ba\/#website","url":"https:\/\/radioljubuski.ba\/","name":"Radio Ljubu\u0161ki","description":"Sun\u010dana frekvencija Hercegovine","publisher":{"@id":"https:\/\/radioljubuski.ba\/#organization"},"potentialAction":[{"@type":"SearchAction","target":{"@type":"EntryPoint","urlTemplate":"https:\/\/radioljubuski.ba\/?s={search_term_string}"},"query-input":{"@type":"PropertyValueSpecification","valueRequired":true,"valueName":"search_term_string"}}],"inLanguage":"hr"},{"@type":"Organization","@id":"https:\/\/radioljubuski.ba\/#organization","name":"Radio Ljubu\u0161ki","url":"https:\/\/radioljubuski.ba\/","logo":{"@type":"ImageObject","inLanguage":"hr","@id":"https:\/\/radioljubuski.ba\/#\/schema\/logo\/image\/","url":"https:\/\/radioljubuski.ba\/wp-content\/uploads\/2021\/02\/cropped-Radio_Ljubuski_logo1.jpg","contentUrl":"https:\/\/radioljubuski.ba\/wp-content\/uploads\/2021\/02\/cropped-Radio_Ljubuski_logo1.jpg","width":512,"height":512,"caption":"Radio Ljubu\u0161ki"},"image":{"@id":"https:\/\/radioljubuski.ba\/#\/schema\/logo\/image\/"},"sameAs":["https:\/\/www.facebook.com\/Radiio-Ljubuski-1490835324566332","https:\/\/x.com\/radioljubuski","https:\/\/hr.linkedin.com\/company\/radio-ljubuski","https:\/\/www.youtube.com\/channel\/UCHYaeO_n0Db3tjNGudGpXyw"]},{"@type":"Person","@id":"https:\/\/radioljubuski.ba\/#\/schema\/person\/19fc700381a780f69665d7956c469e3b","name":"Radio Ljubu\u0161ki"}]}},"_links":{"self":[{"href":"https:\/\/radioljubuski.ba\/index.php\/wp-json\/wp\/v2\/posts\/77244","targetHints":{"allow":["GET"]}}],"collection":[{"href":"https:\/\/radioljubuski.ba\/index.php\/wp-json\/wp\/v2\/posts"}],"about":[{"href":"https:\/\/radioljubuski.ba\/index.php\/wp-json\/wp\/v2\/types\/post"}],"author":[{"embeddable":true,"href":"https:\/\/radioljubuski.ba\/index.php\/wp-json\/wp\/v2\/users\/2"}],"replies":[{"embeddable":true,"href":"https:\/\/radioljubuski.ba\/index.php\/wp-json\/wp\/v2\/comments?post=77244"}],"version-history":[{"count":1,"href":"https:\/\/radioljubuski.ba\/index.php\/wp-json\/wp\/v2\/posts\/77244\/revisions"}],"predecessor-version":[{"id":77246,"href":"https:\/\/radioljubuski.ba\/index.php\/wp-json\/wp\/v2\/posts\/77244\/revisions\/77246"}],"wp:featuredmedia":[{"embeddable":true,"href":"https:\/\/radioljubuski.ba\/index.php\/wp-json\/wp\/v2\/media\/77245"}],"wp:attachment":[{"href":"https:\/\/radioljubuski.ba\/index.php\/wp-json\/wp\/v2\/media?parent=77244"}],"wp:term":[{"taxonomy":"category","embeddable":true,"href":"https:\/\/radioljubuski.ba\/index.php\/wp-json\/wp\/v2\/categories?post=77244"},{"taxonomy":"post_tag","embeddable":true,"href":"https:\/\/radioljubuski.ba\/index.php\/wp-json\/wp\/v2\/tags?post=77244"}],"curies":[{"name":"wp","href":"https:\/\/api.w.org\/{rel}","templated":true}]}}