{"id":77250,"date":"2021-10-17T23:24:11","date_gmt":"2021-10-17T22:24:11","guid":{"rendered":"https:\/\/radioljubuski.ba\/?p=77250"},"modified":"2021-10-17T23:24:12","modified_gmt":"2021-10-17T22:24:12","slug":"dvije-asistencije-pasalica-u-pobjedi-atalante","status":"publish","type":"post","link":"https:\/\/radioljubuski.ba\/index.php\/2021\/10\/17\/dvije-asistencije-pasalica-u-pobjedi-atalante\/","title":{"rendered":"Dvije asistencije Pa\u0161ali\u0107a u pobjedi Atalante"},"content":{"rendered":"\n<p><strong>Hrvatski reprezentativni veznjak Mario Pa\u0161ali\u0107 upisao je dvije asistencije u 4-1 (2-1) gostuju\u0107oj pobjedi Atalante protiv Empolija u susretu 8. kola talijanskog nogometnog prvenstva.<\/strong><\/p>\n\n\n\n<p>Pa\u0161ali\u0107, koji je odigrao \u010ditav susret za Atalantu, prvo je u 12. minuti iskoristio pogre\u0161ku suparni\u010dkog stopera koji je proma\u0161io loptu, ubacio mu se iza le\u0111a i zatim idealno uposlio&nbsp;<strong>Ili\u010di\u0107a&nbsp;<\/strong>kojemu nije bilo te\u0161ko sa 10 metara zatresti mre\u017eu. U samoj zavr\u0161nici utakmice, u 89. minuti na\u0161 je reprezentativac pratio dugi trk&nbsp;<strong>Zapate&nbsp;<\/strong>koji je krenuo sa svoje polovice te potom odigrao idealan dupli pas s Kolumbijcem koji je s pet metara lako pogodio za svoj 100. pogodak u Serie A u karijeri.<br><br>U me\u0111uvremenu je Ili\u010di\u0107 u 26. minuti prekrasnim udarcem s ruba kaznenog prostora pogodio za 2-0, vrlo brzo potom, u 30. minuti je Di Francesco iz protunapada smanjio na 2-1, no po\u010detkom drugog poluvremena je&nbsp;<strong>Viti&nbsp;<\/strong>autogolom u 49. minuti odveo Atalantu na dva gola prednosti. Potom je Ili\u010di\u0107 &#8220;uspio&#8221; jo\u0161 i zapucati kazneni udarac.<br><br>\u0160esta Atalanta sada ima 14 bodova, kao i peti Lazio, dok je Empoli 11. s devet bodova.<br><br><strong>Milan Badelj&nbsp;<\/strong>odigrao je prvo poluvrijeme za Genou koja je na svom terenu igrala 2-2 protiv Sassuola. Gosti su poveli 2-0 golovima&nbsp;<strong>Scamacce&nbsp;<\/strong>(17, 21), no Destro (27) i&nbsp;<strong>Vasquez&nbsp;<\/strong>(89) spasili su bod za Genou koja je sada 17. sa \u0161est bodova. Sassuolo je 14. s osam bodova.<br>&nbsp;<br><br>REZULTATI 8. KOLA,<br>Subota:<br>Spezia &#8211; Salernitana 2-1 (Strelec 51, Kovalenko 76 \/ Simy 39)<br>Lazio &#8211; Inter 3-1 (Immobile 64-11m, Anderson 81, Milinkovi\u0107-Savi\u0107 90+1 \/ Peri\u0161i\u0107 12-11m)<br>Milan &#8211; Verona 3-2 (Giroud 59, Kessie 76-11m, Gunter 78-ag \/ Caprari 7, Barak 24-11m)<br>Nedjelja:<br>Cagliari &#8211; Sampdoria 3-1 (Joao Pedro 4, 90+4, Caceres 74 \/ Thorsby 82)<br>Empoli &#8211; Atalanta 1-4 (Di Francesco 30 \/ Ili\u010di\u0107 11, 26, Viti 49-ag, Zapata 89)<br>Genoa &#8211; Sassuolo 2-2 (Destro 27, Vasquez 89 \/ Scamacca 17, 21)<br>Udinese &#8211; Bologna 1-1 (Beto 82 \/ Barrow 67)<br>Kasnije igraju:<br>Napoli &#8211; Torino<br>Juventus &#8211; Roma<br>Ponedjeljak:<br>Venezia &#8211; Fiorentina<br><br>Ljestvica<br>1. Milan 8 7 1 0 18-7 22<br>2. Napoli 7 7 0 0 18-3 21<br>3. Inter 8 5 2 1 23-11 17<br>4. Roma 7 5 0 2 16-8 15<br>5. Lazio 8 4 2 2 18-13 14<br>6. Atalanta 8 4 2 2 14-10 14<br>7. Fiorentina 7 4 0 3 10-11 12<br>8. Bologna 8 3 3 2 13-15 12<br>9. Juventus 7 3 2 2 11-10 11<br>10. Udinese 8 2 3 3 10-12 9<br>11. Empoli 8 3 0 5 10-16 9<br>12. Torino 7 2 2 3 9-7 8<br>13. Verona 8 2 2 4 17-17 8<br>14. Sassuolo 8 2 2 4 9-11 8<br>15. Spezia 8 2 1 5 10-20 7<br>16. Sampdoria 8 1 3 4 11-16 6<br>17. Genoa 8 1 3 4 12-18 6<br>18. Cagliari 8 1 3 4 11-17 6<br>19. Venezia 7 1 2 4 5-12 5<br>20. Salernitana 8 1 1 6 6-17 4<\/p>\n\n\n\n<p>Izvor:hrt.hr<\/p>\n","protected":false},"excerpt":{"rendered":"<p>Hrvatski reprezentativni veznjak Mario Pa\u0161ali\u0107 upisao je dvije asistencije u 4-1 (2-1) gostuju\u0107oj pobjedi Atalante protiv Empolija u susretu 8. kola talijanskog nogometnog prvenstva. Pa\u0161ali\u0107, koji je odigrao \u010ditav susret za Atalantu, prvo je u 12. minuti iskoristio pogre\u0161ku suparni\u010dkog stopera koji je proma\u0161io loptu, ubacio mu se iza le\u0111a i zatim idealno uposlio&nbsp;Ili\u010di\u0107a&nbsp;kojemu nije [&hellip;]<\/p>\n","protected":false},"author":2,"featured_media":77251,"comment_status":"closed","ping_status":"closed","sticky":false,"template":"","format":"standard","meta":{"h5ap_radio_sources":[],"footnotes":""},"categories":[7],"tags":[],"class_list":["post-77250","post","type-post","status-publish","format-standard","has-post-thumbnail","hentry","category-sport"],"yoast_head":"<!-- This site is optimized with the Yoast SEO plugin v27.4 - https:\/\/yoast.com\/product\/yoast-seo-wordpress\/ -->\n<title>Dvije asistencije Pa\u0161ali\u0107a u pobjedi Atalante - RADIO LJUBU\u0160KI<\/title>\n<meta name=\"robots\" content=\"index, follow, max-snippet:-1, max-image-preview:large, max-video-preview:-1\" \/>\n<link rel=\"canonical\" href=\"https:\/\/radioljubuski.ba\/index.php\/2021\/10\/17\/dvije-asistencije-pasalica-u-pobjedi-atalante\/\" \/>\n<meta property=\"og:locale\" content=\"hr_HR\" \/>\n<meta property=\"og:type\" content=\"article\" \/>\n<meta property=\"og:title\" content=\"Dvije asistencije Pa\u0161ali\u0107a u pobjedi Atalante - RADIO LJUBU\u0160KI\" \/>\n<meta property=\"og:description\" content=\"Hrvatski reprezentativni veznjak Mario Pa\u0161ali\u0107 upisao je dvije asistencije u 4-1 (2-1) gostuju\u0107oj pobjedi Atalante protiv Empolija u susretu 8. kola talijanskog nogometnog prvenstva. Pa\u0161ali\u0107, koji je odigrao \u010ditav susret za Atalantu, prvo je u 12. minuti iskoristio pogre\u0161ku suparni\u010dkog stopera koji je proma\u0161io loptu, ubacio mu se iza le\u0111a i zatim idealno uposlio&nbsp;Ili\u010di\u0107a&nbsp;kojemu nije [&hellip;]\" \/>\n<meta property=\"og:url\" content=\"https:\/\/radioljubuski.ba\/index.php\/2021\/10\/17\/dvije-asistencije-pasalica-u-pobjedi-atalante\/\" \/>\n<meta property=\"og:site_name\" content=\"RADIO LJUBU\u0160KI\" \/>\n<meta property=\"article:publisher\" content=\"https:\/\/www.facebook.com\/Radiio-Ljubuski-1490835324566332\" \/>\n<meta property=\"article:published_time\" content=\"2021-10-17T22:24:11+00:00\" \/>\n<meta property=\"article:modified_time\" content=\"2021-10-17T22:24:12+00:00\" \/>\n<meta property=\"og:image\" content=\"https:\/\/radioljubuski.ba\/wp-content\/uploads\/2021\/10\/pxl-180919-26060201-20211017151935.jpg\" \/>\n\t<meta property=\"og:image:width\" content=\"1600\" \/>\n\t<meta property=\"og:image:height\" content=\"1066\" \/>\n\t<meta property=\"og:image:type\" content=\"image\/jpeg\" \/>\n<meta name=\"author\" content=\"Radio Ljubu\u0161ki\" \/>\n<meta name=\"twitter:card\" content=\"summary_large_image\" \/>\n<meta name=\"twitter:creator\" content=\"@radioljubuski\" \/>\n<meta name=\"twitter:site\" content=\"@radioljubuski\" \/>\n<meta name=\"twitter:label1\" content=\"Napisao\/la\" \/>\n\t<meta name=\"twitter:data1\" content=\"Radio Ljubu\u0161ki\" \/>\n\t<meta name=\"twitter:label2\" content=\"Procijenjeno vrijeme \u010ditanja\" \/>\n\t<meta name=\"twitter:data2\" content=\"3 minute\" \/>\n<script type=\"application\/ld+json\" class=\"yoast-schema-graph\">{\"@context\":\"https:\\\/\\\/schema.org\",\"@graph\":[{\"@type\":\"Article\",\"@id\":\"https:\\\/\\\/radioljubuski.ba\\\/index.php\\\/2021\\\/10\\\/17\\\/dvije-asistencije-pasalica-u-pobjedi-atalante\\\/#article\",\"isPartOf\":{\"@id\":\"https:\\\/\\\/radioljubuski.ba\\\/index.php\\\/2021\\\/10\\\/17\\\/dvije-asistencije-pasalica-u-pobjedi-atalante\\\/\"},\"author\":{\"name\":\"Radio Ljubu\u0161ki\",\"@id\":\"https:\\\/\\\/radioljubuski.ba\\\/#\\\/schema\\\/person\\\/19fc700381a780f69665d7956c469e3b\"},\"headline\":\"Dvije asistencije Pa\u0161ali\u0107a u pobjedi Atalante\",\"datePublished\":\"2021-10-17T22:24:11+00:00\",\"dateModified\":\"2021-10-17T22:24:12+00:00\",\"mainEntityOfPage\":{\"@id\":\"https:\\\/\\\/radioljubuski.ba\\\/index.php\\\/2021\\\/10\\\/17\\\/dvije-asistencije-pasalica-u-pobjedi-atalante\\\/\"},\"wordCount\":374,\"publisher\":{\"@id\":\"https:\\\/\\\/radioljubuski.ba\\\/#organization\"},\"image\":{\"@id\":\"https:\\\/\\\/radioljubuski.ba\\\/index.php\\\/2021\\\/10\\\/17\\\/dvije-asistencije-pasalica-u-pobjedi-atalante\\\/#primaryimage\"},\"thumbnailUrl\":\"https:\\\/\\\/radioljubuski.ba\\\/wp-content\\\/uploads\\\/2021\\\/10\\\/pxl-180919-26060201-20211017151935.jpg\",\"articleSection\":[\"\u0160port\"],\"inLanguage\":\"hr\"},{\"@type\":\"WebPage\",\"@id\":\"https:\\\/\\\/radioljubuski.ba\\\/index.php\\\/2021\\\/10\\\/17\\\/dvije-asistencije-pasalica-u-pobjedi-atalante\\\/\",\"url\":\"https:\\\/\\\/radioljubuski.ba\\\/index.php\\\/2021\\\/10\\\/17\\\/dvije-asistencije-pasalica-u-pobjedi-atalante\\\/\",\"name\":\"Dvije asistencije Pa\u0161ali\u0107a u pobjedi Atalante - RADIO LJUBU\u0160KI\",\"isPartOf\":{\"@id\":\"https:\\\/\\\/radioljubuski.ba\\\/#website\"},\"primaryImageOfPage\":{\"@id\":\"https:\\\/\\\/radioljubuski.ba\\\/index.php\\\/2021\\\/10\\\/17\\\/dvije-asistencije-pasalica-u-pobjedi-atalante\\\/#primaryimage\"},\"image\":{\"@id\":\"https:\\\/\\\/radioljubuski.ba\\\/index.php\\\/2021\\\/10\\\/17\\\/dvije-asistencije-pasalica-u-pobjedi-atalante\\\/#primaryimage\"},\"thumbnailUrl\":\"https:\\\/\\\/radioljubuski.ba\\\/wp-content\\\/uploads\\\/2021\\\/10\\\/pxl-180919-26060201-20211017151935.jpg\",\"datePublished\":\"2021-10-17T22:24:11+00:00\",\"dateModified\":\"2021-10-17T22:24:12+00:00\",\"breadcrumb\":{\"@id\":\"https:\\\/\\\/radioljubuski.ba\\\/index.php\\\/2021\\\/10\\\/17\\\/dvije-asistencije-pasalica-u-pobjedi-atalante\\\/#breadcrumb\"},\"inLanguage\":\"hr\",\"potentialAction\":[{\"@type\":\"ReadAction\",\"target\":[\"https:\\\/\\\/radioljubuski.ba\\\/index.php\\\/2021\\\/10\\\/17\\\/dvije-asistencije-pasalica-u-pobjedi-atalante\\\/\"]}]},{\"@type\":\"ImageObject\",\"inLanguage\":\"hr\",\"@id\":\"https:\\\/\\\/radioljubuski.ba\\\/index.php\\\/2021\\\/10\\\/17\\\/dvije-asistencije-pasalica-u-pobjedi-atalante\\\/#primaryimage\",\"url\":\"https:\\\/\\\/radioljubuski.ba\\\/wp-content\\\/uploads\\\/2021\\\/10\\\/pxl-180919-26060201-20211017151935.jpg\",\"contentUrl\":\"https:\\\/\\\/radioljubuski.ba\\\/wp-content\\\/uploads\\\/2021\\\/10\\\/pxl-180919-26060201-20211017151935.jpg\",\"width\":1600,\"height\":1066,\"caption\":\"18.09.2019., stadion Maksimir, Zagreb - UEFA Liga prvaka, skupina C, 1. kolo, GNK Dinamo - Atalanta B.C. Mario Pasalic Photo: Goran Stanzl\\\/PIXSELL\"},{\"@type\":\"BreadcrumbList\",\"@id\":\"https:\\\/\\\/radioljubuski.ba\\\/index.php\\\/2021\\\/10\\\/17\\\/dvije-asistencije-pasalica-u-pobjedi-atalante\\\/#breadcrumb\",\"itemListElement\":[{\"@type\":\"ListItem\",\"position\":1,\"name\":\"Po\u010detna stranica\",\"item\":\"https:\\\/\\\/radioljubuski.ba\\\/\"},{\"@type\":\"ListItem\",\"position\":2,\"name\":\"Dvije asistencije Pa\u0161ali\u0107a u pobjedi Atalante\"}]},{\"@type\":\"WebSite\",\"@id\":\"https:\\\/\\\/radioljubuski.ba\\\/#website\",\"url\":\"https:\\\/\\\/radioljubuski.ba\\\/\",\"name\":\"Radio Ljubu\u0161ki\",\"description\":\"Sun\u010dana frekvencija Hercegovine\",\"publisher\":{\"@id\":\"https:\\\/\\\/radioljubuski.ba\\\/#organization\"},\"potentialAction\":[{\"@type\":\"SearchAction\",\"target\":{\"@type\":\"EntryPoint\",\"urlTemplate\":\"https:\\\/\\\/radioljubuski.ba\\\/?s={search_term_string}\"},\"query-input\":{\"@type\":\"PropertyValueSpecification\",\"valueRequired\":true,\"valueName\":\"search_term_string\"}}],\"inLanguage\":\"hr\"},{\"@type\":\"Organization\",\"@id\":\"https:\\\/\\\/radioljubuski.ba\\\/#organization\",\"name\":\"Radio Ljubu\u0161ki\",\"url\":\"https:\\\/\\\/radioljubuski.ba\\\/\",\"logo\":{\"@type\":\"ImageObject\",\"inLanguage\":\"hr\",\"@id\":\"https:\\\/\\\/radioljubuski.ba\\\/#\\\/schema\\\/logo\\\/image\\\/\",\"url\":\"https:\\\/\\\/radioljubuski.ba\\\/wp-content\\\/uploads\\\/2021\\\/02\\\/cropped-Radio_Ljubuski_logo1.jpg\",\"contentUrl\":\"https:\\\/\\\/radioljubuski.ba\\\/wp-content\\\/uploads\\\/2021\\\/02\\\/cropped-Radio_Ljubuski_logo1.jpg\",\"width\":512,\"height\":512,\"caption\":\"Radio Ljubu\u0161ki\"},\"image\":{\"@id\":\"https:\\\/\\\/radioljubuski.ba\\\/#\\\/schema\\\/logo\\\/image\\\/\"},\"sameAs\":[\"https:\\\/\\\/www.facebook.com\\\/Radiio-Ljubuski-1490835324566332\",\"https:\\\/\\\/x.com\\\/radioljubuski\",\"https:\\\/\\\/hr.linkedin.com\\\/company\\\/radio-ljubuski\",\"https:\\\/\\\/www.youtube.com\\\/channel\\\/UCHYaeO_n0Db3tjNGudGpXyw\"]},{\"@type\":\"Person\",\"@id\":\"https:\\\/\\\/radioljubuski.ba\\\/#\\\/schema\\\/person\\\/19fc700381a780f69665d7956c469e3b\",\"name\":\"Radio Ljubu\u0161ki\"}]}<\/script>\n<!-- \/ Yoast SEO plugin. -->","yoast_head_json":{"title":"Dvije asistencije Pa\u0161ali\u0107a u pobjedi Atalante - RADIO LJUBU\u0160KI","robots":{"index":"index","follow":"follow","max-snippet":"max-snippet:-1","max-image-preview":"max-image-preview:large","max-video-preview":"max-video-preview:-1"},"canonical":"https:\/\/radioljubuski.ba\/index.php\/2021\/10\/17\/dvije-asistencije-pasalica-u-pobjedi-atalante\/","og_locale":"hr_HR","og_type":"article","og_title":"Dvije asistencije Pa\u0161ali\u0107a u pobjedi Atalante - RADIO LJUBU\u0160KI","og_description":"Hrvatski reprezentativni veznjak Mario Pa\u0161ali\u0107 upisao je dvije asistencije u 4-1 (2-1) gostuju\u0107oj pobjedi Atalante protiv Empolija u susretu 8. kola talijanskog nogometnog prvenstva. Pa\u0161ali\u0107, koji je odigrao \u010ditav susret za Atalantu, prvo je u 12. minuti iskoristio pogre\u0161ku suparni\u010dkog stopera koji je proma\u0161io loptu, ubacio mu se iza le\u0111a i zatim idealno uposlio&nbsp;Ili\u010di\u0107a&nbsp;kojemu nije [&hellip;]","og_url":"https:\/\/radioljubuski.ba\/index.php\/2021\/10\/17\/dvije-asistencije-pasalica-u-pobjedi-atalante\/","og_site_name":"RADIO LJUBU\u0160KI","article_publisher":"https:\/\/www.facebook.com\/Radiio-Ljubuski-1490835324566332","article_published_time":"2021-10-17T22:24:11+00:00","article_modified_time":"2021-10-17T22:24:12+00:00","og_image":[{"width":1600,"height":1066,"url":"https:\/\/radioljubuski.ba\/wp-content\/uploads\/2021\/10\/pxl-180919-26060201-20211017151935.jpg","type":"image\/jpeg"}],"author":"Radio Ljubu\u0161ki","twitter_card":"summary_large_image","twitter_creator":"@radioljubuski","twitter_site":"@radioljubuski","twitter_misc":{"Napisao\/la":"Radio Ljubu\u0161ki","Procijenjeno vrijeme \u010ditanja":"3 minute"},"schema":{"@context":"https:\/\/schema.org","@graph":[{"@type":"Article","@id":"https:\/\/radioljubuski.ba\/index.php\/2021\/10\/17\/dvije-asistencije-pasalica-u-pobjedi-atalante\/#article","isPartOf":{"@id":"https:\/\/radioljubuski.ba\/index.php\/2021\/10\/17\/dvije-asistencije-pasalica-u-pobjedi-atalante\/"},"author":{"name":"Radio Ljubu\u0161ki","@id":"https:\/\/radioljubuski.ba\/#\/schema\/person\/19fc700381a780f69665d7956c469e3b"},"headline":"Dvije asistencije Pa\u0161ali\u0107a u pobjedi Atalante","datePublished":"2021-10-17T22:24:11+00:00","dateModified":"2021-10-17T22:24:12+00:00","mainEntityOfPage":{"@id":"https:\/\/radioljubuski.ba\/index.php\/2021\/10\/17\/dvije-asistencije-pasalica-u-pobjedi-atalante\/"},"wordCount":374,"publisher":{"@id":"https:\/\/radioljubuski.ba\/#organization"},"image":{"@id":"https:\/\/radioljubuski.ba\/index.php\/2021\/10\/17\/dvije-asistencije-pasalica-u-pobjedi-atalante\/#primaryimage"},"thumbnailUrl":"https:\/\/radioljubuski.ba\/wp-content\/uploads\/2021\/10\/pxl-180919-26060201-20211017151935.jpg","articleSection":["\u0160port"],"inLanguage":"hr"},{"@type":"WebPage","@id":"https:\/\/radioljubuski.ba\/index.php\/2021\/10\/17\/dvije-asistencije-pasalica-u-pobjedi-atalante\/","url":"https:\/\/radioljubuski.ba\/index.php\/2021\/10\/17\/dvije-asistencije-pasalica-u-pobjedi-atalante\/","name":"Dvije asistencije Pa\u0161ali\u0107a u pobjedi Atalante - RADIO LJUBU\u0160KI","isPartOf":{"@id":"https:\/\/radioljubuski.ba\/#website"},"primaryImageOfPage":{"@id":"https:\/\/radioljubuski.ba\/index.php\/2021\/10\/17\/dvije-asistencije-pasalica-u-pobjedi-atalante\/#primaryimage"},"image":{"@id":"https:\/\/radioljubuski.ba\/index.php\/2021\/10\/17\/dvije-asistencije-pasalica-u-pobjedi-atalante\/#primaryimage"},"thumbnailUrl":"https:\/\/radioljubuski.ba\/wp-content\/uploads\/2021\/10\/pxl-180919-26060201-20211017151935.jpg","datePublished":"2021-10-17T22:24:11+00:00","dateModified":"2021-10-17T22:24:12+00:00","breadcrumb":{"@id":"https:\/\/radioljubuski.ba\/index.php\/2021\/10\/17\/dvije-asistencije-pasalica-u-pobjedi-atalante\/#breadcrumb"},"inLanguage":"hr","potentialAction":[{"@type":"ReadAction","target":["https:\/\/radioljubuski.ba\/index.php\/2021\/10\/17\/dvije-asistencije-pasalica-u-pobjedi-atalante\/"]}]},{"@type":"ImageObject","inLanguage":"hr","@id":"https:\/\/radioljubuski.ba\/index.php\/2021\/10\/17\/dvije-asistencije-pasalica-u-pobjedi-atalante\/#primaryimage","url":"https:\/\/radioljubuski.ba\/wp-content\/uploads\/2021\/10\/pxl-180919-26060201-20211017151935.jpg","contentUrl":"https:\/\/radioljubuski.ba\/wp-content\/uploads\/2021\/10\/pxl-180919-26060201-20211017151935.jpg","width":1600,"height":1066,"caption":"18.09.2019., stadion Maksimir, Zagreb - UEFA Liga prvaka, skupina C, 1. kolo, GNK Dinamo - Atalanta B.C. Mario Pasalic Photo: Goran Stanzl\/PIXSELL"},{"@type":"BreadcrumbList","@id":"https:\/\/radioljubuski.ba\/index.php\/2021\/10\/17\/dvije-asistencije-pasalica-u-pobjedi-atalante\/#breadcrumb","itemListElement":[{"@type":"ListItem","position":1,"name":"Po\u010detna stranica","item":"https:\/\/radioljubuski.ba\/"},{"@type":"ListItem","position":2,"name":"Dvije asistencije Pa\u0161ali\u0107a u pobjedi Atalante"}]},{"@type":"WebSite","@id":"https:\/\/radioljubuski.ba\/#website","url":"https:\/\/radioljubuski.ba\/","name":"Radio Ljubu\u0161ki","description":"Sun\u010dana frekvencija Hercegovine","publisher":{"@id":"https:\/\/radioljubuski.ba\/#organization"},"potentialAction":[{"@type":"SearchAction","target":{"@type":"EntryPoint","urlTemplate":"https:\/\/radioljubuski.ba\/?s={search_term_string}"},"query-input":{"@type":"PropertyValueSpecification","valueRequired":true,"valueName":"search_term_string"}}],"inLanguage":"hr"},{"@type":"Organization","@id":"https:\/\/radioljubuski.ba\/#organization","name":"Radio Ljubu\u0161ki","url":"https:\/\/radioljubuski.ba\/","logo":{"@type":"ImageObject","inLanguage":"hr","@id":"https:\/\/radioljubuski.ba\/#\/schema\/logo\/image\/","url":"https:\/\/radioljubuski.ba\/wp-content\/uploads\/2021\/02\/cropped-Radio_Ljubuski_logo1.jpg","contentUrl":"https:\/\/radioljubuski.ba\/wp-content\/uploads\/2021\/02\/cropped-Radio_Ljubuski_logo1.jpg","width":512,"height":512,"caption":"Radio Ljubu\u0161ki"},"image":{"@id":"https:\/\/radioljubuski.ba\/#\/schema\/logo\/image\/"},"sameAs":["https:\/\/www.facebook.com\/Radiio-Ljubuski-1490835324566332","https:\/\/x.com\/radioljubuski","https:\/\/hr.linkedin.com\/company\/radio-ljubuski","https:\/\/www.youtube.com\/channel\/UCHYaeO_n0Db3tjNGudGpXyw"]},{"@type":"Person","@id":"https:\/\/radioljubuski.ba\/#\/schema\/person\/19fc700381a780f69665d7956c469e3b","name":"Radio Ljubu\u0161ki"}]}},"_links":{"self":[{"href":"https:\/\/radioljubuski.ba\/index.php\/wp-json\/wp\/v2\/posts\/77250","targetHints":{"allow":["GET"]}}],"collection":[{"href":"https:\/\/radioljubuski.ba\/index.php\/wp-json\/wp\/v2\/posts"}],"about":[{"href":"https:\/\/radioljubuski.ba\/index.php\/wp-json\/wp\/v2\/types\/post"}],"author":[{"embeddable":true,"href":"https:\/\/radioljubuski.ba\/index.php\/wp-json\/wp\/v2\/users\/2"}],"replies":[{"embeddable":true,"href":"https:\/\/radioljubuski.ba\/index.php\/wp-json\/wp\/v2\/comments?post=77250"}],"version-history":[{"count":1,"href":"https:\/\/radioljubuski.ba\/index.php\/wp-json\/wp\/v2\/posts\/77250\/revisions"}],"predecessor-version":[{"id":77252,"href":"https:\/\/radioljubuski.ba\/index.php\/wp-json\/wp\/v2\/posts\/77250\/revisions\/77252"}],"wp:featuredmedia":[{"embeddable":true,"href":"https:\/\/radioljubuski.ba\/index.php\/wp-json\/wp\/v2\/media\/77251"}],"wp:attachment":[{"href":"https:\/\/radioljubuski.ba\/index.php\/wp-json\/wp\/v2\/media?parent=77250"}],"wp:term":[{"taxonomy":"category","embeddable":true,"href":"https:\/\/radioljubuski.ba\/index.php\/wp-json\/wp\/v2\/categories?post=77250"},{"taxonomy":"post_tag","embeddable":true,"href":"https:\/\/radioljubuski.ba\/index.php\/wp-json\/wp\/v2\/tags?post=77250"}],"curies":[{"name":"wp","href":"https:\/\/api.w.org\/{rel}","templated":true}]}}