{"id":77253,"date":"2021-10-17T23:25:30","date_gmt":"2021-10-17T22:25:30","guid":{"rendered":"https:\/\/radioljubuski.ba\/?p=77253"},"modified":"2021-10-17T23:25:31","modified_gmt":"2021-10-17T22:25:31","slug":"majer-nastupio-za-rennes-icardi-dobio-odmor-zbog-obiteljskih-razloga","status":"publish","type":"post","link":"https:\/\/radioljubuski.ba\/index.php\/2021\/10\/17\/majer-nastupio-za-rennes-icardi-dobio-odmor-zbog-obiteljskih-razloga\/","title":{"rendered":"Majer nastupio za Rennes, Icardi dobio odmor zbog &#8220;obiteljskih razloga&#8221;"},"content":{"rendered":"\n<p><strong>U susretu 10. kola francuskog nogometnog prvenstva Rennes je na gostovanju pobijedio Metz sa 3-0, a za goste je posljednjih 20 minuta zaigrao Lovro Majer.<\/strong><\/p>\n\n\n\n<p>Rennes je sav posao obavio u prvom poluvremenu postigav\u0161i tri gola, a strijelci su bili&nbsp;<strong>Gaetan Laborde&nbsp;<\/strong>(24),&nbsp;<strong>Kamal Sulemana<\/strong>&nbsp;(37) i&nbsp;<strong>Martin Terrier<\/strong>&nbsp;(45).<br><br><strong>Lovro Majer<\/strong>&nbsp;je u\u0161ao u igru u 68. minuti umjesto strijelaca&nbsp;<strong>Sulemana<\/strong>.<br><br>U utakmici sa \u0161est golova Strasbourg je deklasirao &#8220;fenjera\u0161a&#8221; St Etienne sa 5-1. Za doma\u0107i sastav zabili su&nbsp;<strong>Marchand&nbsp;<\/strong>(26),&nbsp;<strong>Youssouf&nbsp;<\/strong>(38-ag),&nbsp;<strong>Gameiro&nbsp;<\/strong>(69),&nbsp;<strong>Ajorque&nbsp;<\/strong>(73) i&nbsp;<strong>Diallo&nbsp;<\/strong>(85), dok je za St Etienne zabio&nbsp;<strong>Khazri&nbsp;<\/strong>(45+5-11m).<br><br>Bordeaux i Nants su odigrali 1-1, a identi\u010dnim rezultatom je zavr\u0161ila utakmica izme\u0111u Bresta i Reimsa. Ve\u010deras se jo\u0161 sastaju Montpellier &#8211; Lens, te Marseille &#8211; Lorient.<br><br>Na ljestvici vodi PSG sa 27 bodova, devet vi\u0161e od Lensa, dok Nica, Angers i Lyon imaju po 16 bodova.<br><br>Iz vode\u0107eg sastava Le Championnata u nedjelju su objavili kako je argentinski napada\u010d&nbsp;<strong>Mauro Icardi&nbsp;<\/strong>propustio trening zbog &#8220;obiteljskih razloga&#8221;.<br><br>Objava je uslijedila nakon \u0161to je Icardijeva supruga i menad\u017eerica<strong>&nbsp;Wanda Nara&nbsp;<\/strong>u subotu na Instagramu objavila poruku iz koje se mo\u017ee i\u0161\u010ditati kako je njihovom braku do\u0161ao kraj.<br><br>Francuski mediji naga\u0111aju kako je Icardi imao aferu s argentinskom glumicom&nbsp;<strong>Chinom Suarez<\/strong>.<br><br>Icardi i Wanda su sedam godina zajedno, a imaju i dvoje djece. Vezu su po\u010deli nakon \u0161to je Wanda napustila Icardijevog prijatelja i biv\u0161eg suigra\u010da<strong>&nbsp;Maxija Lopeza<\/strong>.<br><br>REZULTATI:<br><br>Troyes &#8211; Nica 1-0 (Balde 4)<br>Bordeaux &#8211; Nante 1-1 (Hwang Ui-Jo 62 \/ Chirivella 75)<br>Brest &#8211; Reims 1-1 (Honorat 74 \/ Faes 12)<br>Metz &#8211; Rennes 0-3 (Laborde 24, Sulemana 37, Terrier 45)<br>Strasbourg &#8211; St Etienne 5-1 (Marchand 26, Youssouf 38-ag, Gameiro 69, Ajorque 73, Diallo 85 \/ Khazri 45+5-11m)<br>U subotu:<br>Clermont &#8211; Lille 1-0 (N&#8217;Simba 32)<br>Lyon &#8211; Monaco 2-0 (Toko Ekambi 75-11m, Denayer 90)<br>U petak:<br>PSG &#8211; Angers 2-1 (Pereira 69, Mbappe 87-11m \/ Fulgini 36)<br>Kasnije:<br>Montpellier &#8211; Lens<br>Marseille &#8211; Lorient<br><br>LJESTVICA:<br><br>1. PSG 10 9 0 1 24 10 27<br>2. Lens 9 5 3 1 16 10 18<br>3. Nice 9 5 2 2 17 5 16<br>4. Angers 10 4 4 2 15 11 16<br>5. Lyon 10 4 4 2 16 13 16<br>6. Rennes 10 4 3 3 15 9 15<br>7. Marseille 8 4 2 2 14 10 14<br>8. Strasbourg 10 4 2 4 18 15 14<br>9. Nantes 10 4 2 4 14 11 14<br>10. Monaco 10 4 2 4 14 13 14<br>11. Lorient 9 3 5 1 10 9 14<br>12. Lille 10 4 2 4 13 15 14<br>13. Clermont 10 3 4 3 13 20 13<br>14. Reims 10 2 5 3 11 12 11<br>15. Montpellier 9 2 4 3 16 16 10<br>16. Troyes 10 2 3 5 9 14 9<br>17. Bordeaux 10 1 5 4 12 21 8<br>18. Metz 10 1 3 6 11 22 6<br>19. Brest 10 0 5 5 11 19 5<br>20. Saint-\u00c9tienne 10 0 4 6 9 23 4<\/p>\n\n\n\n<p>Izvor:hrt.hr<\/p>\n","protected":false},"excerpt":{"rendered":"<p>U susretu 10. kola francuskog nogometnog prvenstva Rennes je na gostovanju pobijedio Metz sa 3-0, a za goste je posljednjih 20 minuta zaigrao Lovro Majer. Rennes je sav posao obavio u prvom poluvremenu postigav\u0161i tri gola, a strijelci su bili&nbsp;Gaetan Laborde&nbsp;(24),&nbsp;Kamal Sulemana&nbsp;(37) i&nbsp;Martin Terrier&nbsp;(45). Lovro Majer&nbsp;je u\u0161ao u igru u 68. minuti umjesto strijelaca&nbsp;Sulemana. U [&hellip;]<\/p>\n","protected":false},"author":2,"featured_media":0,"comment_status":"closed","ping_status":"closed","sticky":false,"template":"","format":"standard","meta":{"h5ap_radio_sources":[],"footnotes":""},"categories":[7],"tags":[],"class_list":["post-77253","post","type-post","status-publish","format-standard","hentry","category-sport"],"yoast_head":"<!-- This site is optimized with the Yoast SEO plugin v27.4 - https:\/\/yoast.com\/product\/yoast-seo-wordpress\/ -->\n<title>Majer nastupio za Rennes, Icardi dobio odmor zbog &quot;obiteljskih razloga&quot; - RADIO LJUBU\u0160KI<\/title>\n<meta name=\"robots\" content=\"index, follow, max-snippet:-1, max-image-preview:large, max-video-preview:-1\" \/>\n<link rel=\"canonical\" href=\"https:\/\/radioljubuski.ba\/index.php\/2021\/10\/17\/majer-nastupio-za-rennes-icardi-dobio-odmor-zbog-obiteljskih-razloga\/\" \/>\n<meta property=\"og:locale\" content=\"hr_HR\" \/>\n<meta property=\"og:type\" content=\"article\" \/>\n<meta property=\"og:title\" content=\"Majer nastupio za Rennes, Icardi dobio odmor zbog &quot;obiteljskih razloga&quot; - RADIO LJUBU\u0160KI\" \/>\n<meta property=\"og:description\" content=\"U susretu 10. kola francuskog nogometnog prvenstva Rennes je na gostovanju pobijedio Metz sa 3-0, a za goste je posljednjih 20 minuta zaigrao Lovro Majer. Rennes je sav posao obavio u prvom poluvremenu postigav\u0161i tri gola, a strijelci su bili&nbsp;Gaetan Laborde&nbsp;(24),&nbsp;Kamal Sulemana&nbsp;(37) i&nbsp;Martin Terrier&nbsp;(45). Lovro Majer&nbsp;je u\u0161ao u igru u 68. minuti umjesto strijelaca&nbsp;Sulemana. U [&hellip;]\" \/>\n<meta property=\"og:url\" content=\"https:\/\/radioljubuski.ba\/index.php\/2021\/10\/17\/majer-nastupio-za-rennes-icardi-dobio-odmor-zbog-obiteljskih-razloga\/\" \/>\n<meta property=\"og:site_name\" content=\"RADIO LJUBU\u0160KI\" \/>\n<meta property=\"article:publisher\" content=\"https:\/\/www.facebook.com\/Radiio-Ljubuski-1490835324566332\" \/>\n<meta property=\"article:published_time\" content=\"2021-10-17T22:25:30+00:00\" \/>\n<meta property=\"article:modified_time\" content=\"2021-10-17T22:25:31+00:00\" \/>\n<meta property=\"og:image\" content=\"https:\/\/radioljubuski.ba\/wp-content\/uploads\/2021\/10\/2021-10-15t203207z-158131653-up1ehaf1l1h3v-rtrmadp-3-soccer-france-psg-ang-report-20211017153414-scaled.jpg\" \/>\n\t<meta property=\"og:image:width\" content=\"2560\" \/>\n\t<meta property=\"og:image:height\" content=\"1891\" \/>\n\t<meta property=\"og:image:type\" content=\"image\/jpeg\" \/>\n<meta name=\"author\" content=\"Radio Ljubu\u0161ki\" \/>\n<meta name=\"twitter:card\" content=\"summary_large_image\" \/>\n<meta name=\"twitter:creator\" content=\"@radioljubuski\" \/>\n<meta name=\"twitter:site\" content=\"@radioljubuski\" \/>\n<meta name=\"twitter:label1\" content=\"Napisao\/la\" \/>\n\t<meta name=\"twitter:data1\" content=\"Radio Ljubu\u0161ki\" \/>\n\t<meta name=\"twitter:label2\" content=\"Procijenjeno vrijeme \u010ditanja\" \/>\n\t<meta name=\"twitter:data2\" content=\"3 minute\" \/>\n<script type=\"application\/ld+json\" class=\"yoast-schema-graph\">{\"@context\":\"https:\\\/\\\/schema.org\",\"@graph\":[{\"@type\":\"Article\",\"@id\":\"https:\\\/\\\/radioljubuski.ba\\\/index.php\\\/2021\\\/10\\\/17\\\/majer-nastupio-za-rennes-icardi-dobio-odmor-zbog-obiteljskih-razloga\\\/#article\",\"isPartOf\":{\"@id\":\"https:\\\/\\\/radioljubuski.ba\\\/index.php\\\/2021\\\/10\\\/17\\\/majer-nastupio-za-rennes-icardi-dobio-odmor-zbog-obiteljskih-razloga\\\/\"},\"author\":{\"name\":\"Radio Ljubu\u0161ki\",\"@id\":\"https:\\\/\\\/radioljubuski.ba\\\/#\\\/schema\\\/person\\\/19fc700381a780f69665d7956c469e3b\"},\"headline\":\"Majer nastupio za Rennes, Icardi dobio odmor zbog &#8220;obiteljskih razloga&#8221;\",\"datePublished\":\"2021-10-17T22:25:30+00:00\",\"dateModified\":\"2021-10-17T22:25:31+00:00\",\"mainEntityOfPage\":{\"@id\":\"https:\\\/\\\/radioljubuski.ba\\\/index.php\\\/2021\\\/10\\\/17\\\/majer-nastupio-za-rennes-icardi-dobio-odmor-zbog-obiteljskih-razloga\\\/\"},\"wordCount\":377,\"publisher\":{\"@id\":\"https:\\\/\\\/radioljubuski.ba\\\/#organization\"},\"articleSection\":[\"\u0160port\"],\"inLanguage\":\"hr\"},{\"@type\":\"WebPage\",\"@id\":\"https:\\\/\\\/radioljubuski.ba\\\/index.php\\\/2021\\\/10\\\/17\\\/majer-nastupio-za-rennes-icardi-dobio-odmor-zbog-obiteljskih-razloga\\\/\",\"url\":\"https:\\\/\\\/radioljubuski.ba\\\/index.php\\\/2021\\\/10\\\/17\\\/majer-nastupio-za-rennes-icardi-dobio-odmor-zbog-obiteljskih-razloga\\\/\",\"name\":\"Majer nastupio za Rennes, Icardi dobio odmor zbog \\\"obiteljskih razloga\\\" - RADIO LJUBU\u0160KI\",\"isPartOf\":{\"@id\":\"https:\\\/\\\/radioljubuski.ba\\\/#website\"},\"datePublished\":\"2021-10-17T22:25:30+00:00\",\"dateModified\":\"2021-10-17T22:25:31+00:00\",\"breadcrumb\":{\"@id\":\"https:\\\/\\\/radioljubuski.ba\\\/index.php\\\/2021\\\/10\\\/17\\\/majer-nastupio-za-rennes-icardi-dobio-odmor-zbog-obiteljskih-razloga\\\/#breadcrumb\"},\"inLanguage\":\"hr\",\"potentialAction\":[{\"@type\":\"ReadAction\",\"target\":[\"https:\\\/\\\/radioljubuski.ba\\\/index.php\\\/2021\\\/10\\\/17\\\/majer-nastupio-za-rennes-icardi-dobio-odmor-zbog-obiteljskih-razloga\\\/\"]}]},{\"@type\":\"BreadcrumbList\",\"@id\":\"https:\\\/\\\/radioljubuski.ba\\\/index.php\\\/2021\\\/10\\\/17\\\/majer-nastupio-za-rennes-icardi-dobio-odmor-zbog-obiteljskih-razloga\\\/#breadcrumb\",\"itemListElement\":[{\"@type\":\"ListItem\",\"position\":1,\"name\":\"Po\u010detna stranica\",\"item\":\"https:\\\/\\\/radioljubuski.ba\\\/\"},{\"@type\":\"ListItem\",\"position\":2,\"name\":\"Majer nastupio za Rennes, Icardi dobio odmor zbog &#8220;obiteljskih razloga&#8221;\"}]},{\"@type\":\"WebSite\",\"@id\":\"https:\\\/\\\/radioljubuski.ba\\\/#website\",\"url\":\"https:\\\/\\\/radioljubuski.ba\\\/\",\"name\":\"Radio Ljubu\u0161ki\",\"description\":\"Sun\u010dana frekvencija Hercegovine\",\"publisher\":{\"@id\":\"https:\\\/\\\/radioljubuski.ba\\\/#organization\"},\"potentialAction\":[{\"@type\":\"SearchAction\",\"target\":{\"@type\":\"EntryPoint\",\"urlTemplate\":\"https:\\\/\\\/radioljubuski.ba\\\/?s={search_term_string}\"},\"query-input\":{\"@type\":\"PropertyValueSpecification\",\"valueRequired\":true,\"valueName\":\"search_term_string\"}}],\"inLanguage\":\"hr\"},{\"@type\":\"Organization\",\"@id\":\"https:\\\/\\\/radioljubuski.ba\\\/#organization\",\"name\":\"Radio Ljubu\u0161ki\",\"url\":\"https:\\\/\\\/radioljubuski.ba\\\/\",\"logo\":{\"@type\":\"ImageObject\",\"inLanguage\":\"hr\",\"@id\":\"https:\\\/\\\/radioljubuski.ba\\\/#\\\/schema\\\/logo\\\/image\\\/\",\"url\":\"https:\\\/\\\/radioljubuski.ba\\\/wp-content\\\/uploads\\\/2021\\\/02\\\/cropped-Radio_Ljubuski_logo1.jpg\",\"contentUrl\":\"https:\\\/\\\/radioljubuski.ba\\\/wp-content\\\/uploads\\\/2021\\\/02\\\/cropped-Radio_Ljubuski_logo1.jpg\",\"width\":512,\"height\":512,\"caption\":\"Radio Ljubu\u0161ki\"},\"image\":{\"@id\":\"https:\\\/\\\/radioljubuski.ba\\\/#\\\/schema\\\/logo\\\/image\\\/\"},\"sameAs\":[\"https:\\\/\\\/www.facebook.com\\\/Radiio-Ljubuski-1490835324566332\",\"https:\\\/\\\/x.com\\\/radioljubuski\",\"https:\\\/\\\/hr.linkedin.com\\\/company\\\/radio-ljubuski\",\"https:\\\/\\\/www.youtube.com\\\/channel\\\/UCHYaeO_n0Db3tjNGudGpXyw\"]},{\"@type\":\"Person\",\"@id\":\"https:\\\/\\\/radioljubuski.ba\\\/#\\\/schema\\\/person\\\/19fc700381a780f69665d7956c469e3b\",\"name\":\"Radio Ljubu\u0161ki\"}]}<\/script>\n<!-- \/ Yoast SEO plugin. -->","yoast_head_json":{"title":"Majer nastupio za Rennes, Icardi dobio odmor zbog \"obiteljskih razloga\" - RADIO LJUBU\u0160KI","robots":{"index":"index","follow":"follow","max-snippet":"max-snippet:-1","max-image-preview":"max-image-preview:large","max-video-preview":"max-video-preview:-1"},"canonical":"https:\/\/radioljubuski.ba\/index.php\/2021\/10\/17\/majer-nastupio-za-rennes-icardi-dobio-odmor-zbog-obiteljskih-razloga\/","og_locale":"hr_HR","og_type":"article","og_title":"Majer nastupio za Rennes, Icardi dobio odmor zbog \"obiteljskih razloga\" - RADIO LJUBU\u0160KI","og_description":"U susretu 10. kola francuskog nogometnog prvenstva Rennes je na gostovanju pobijedio Metz sa 3-0, a za goste je posljednjih 20 minuta zaigrao Lovro Majer. Rennes je sav posao obavio u prvom poluvremenu postigav\u0161i tri gola, a strijelci su bili&nbsp;Gaetan Laborde&nbsp;(24),&nbsp;Kamal Sulemana&nbsp;(37) i&nbsp;Martin Terrier&nbsp;(45). Lovro Majer&nbsp;je u\u0161ao u igru u 68. minuti umjesto strijelaca&nbsp;Sulemana. U [&hellip;]","og_url":"https:\/\/radioljubuski.ba\/index.php\/2021\/10\/17\/majer-nastupio-za-rennes-icardi-dobio-odmor-zbog-obiteljskih-razloga\/","og_site_name":"RADIO LJUBU\u0160KI","article_publisher":"https:\/\/www.facebook.com\/Radiio-Ljubuski-1490835324566332","article_published_time":"2021-10-17T22:25:30+00:00","article_modified_time":"2021-10-17T22:25:31+00:00","og_image":[{"width":2560,"height":1891,"url":"https:\/\/radioljubuski.ba\/wp-content\/uploads\/2021\/10\/2021-10-15t203207z-158131653-up1ehaf1l1h3v-rtrmadp-3-soccer-france-psg-ang-report-20211017153414-scaled.jpg","type":"image\/jpeg"}],"author":"Radio Ljubu\u0161ki","twitter_card":"summary_large_image","twitter_creator":"@radioljubuski","twitter_site":"@radioljubuski","twitter_misc":{"Napisao\/la":"Radio Ljubu\u0161ki","Procijenjeno vrijeme \u010ditanja":"3 minute"},"schema":{"@context":"https:\/\/schema.org","@graph":[{"@type":"Article","@id":"https:\/\/radioljubuski.ba\/index.php\/2021\/10\/17\/majer-nastupio-za-rennes-icardi-dobio-odmor-zbog-obiteljskih-razloga\/#article","isPartOf":{"@id":"https:\/\/radioljubuski.ba\/index.php\/2021\/10\/17\/majer-nastupio-za-rennes-icardi-dobio-odmor-zbog-obiteljskih-razloga\/"},"author":{"name":"Radio Ljubu\u0161ki","@id":"https:\/\/radioljubuski.ba\/#\/schema\/person\/19fc700381a780f69665d7956c469e3b"},"headline":"Majer nastupio za Rennes, Icardi dobio odmor zbog &#8220;obiteljskih razloga&#8221;","datePublished":"2021-10-17T22:25:30+00:00","dateModified":"2021-10-17T22:25:31+00:00","mainEntityOfPage":{"@id":"https:\/\/radioljubuski.ba\/index.php\/2021\/10\/17\/majer-nastupio-za-rennes-icardi-dobio-odmor-zbog-obiteljskih-razloga\/"},"wordCount":377,"publisher":{"@id":"https:\/\/radioljubuski.ba\/#organization"},"articleSection":["\u0160port"],"inLanguage":"hr"},{"@type":"WebPage","@id":"https:\/\/radioljubuski.ba\/index.php\/2021\/10\/17\/majer-nastupio-za-rennes-icardi-dobio-odmor-zbog-obiteljskih-razloga\/","url":"https:\/\/radioljubuski.ba\/index.php\/2021\/10\/17\/majer-nastupio-za-rennes-icardi-dobio-odmor-zbog-obiteljskih-razloga\/","name":"Majer nastupio za Rennes, Icardi dobio odmor zbog \"obiteljskih razloga\" - RADIO LJUBU\u0160KI","isPartOf":{"@id":"https:\/\/radioljubuski.ba\/#website"},"datePublished":"2021-10-17T22:25:30+00:00","dateModified":"2021-10-17T22:25:31+00:00","breadcrumb":{"@id":"https:\/\/radioljubuski.ba\/index.php\/2021\/10\/17\/majer-nastupio-za-rennes-icardi-dobio-odmor-zbog-obiteljskih-razloga\/#breadcrumb"},"inLanguage":"hr","potentialAction":[{"@type":"ReadAction","target":["https:\/\/radioljubuski.ba\/index.php\/2021\/10\/17\/majer-nastupio-za-rennes-icardi-dobio-odmor-zbog-obiteljskih-razloga\/"]}]},{"@type":"BreadcrumbList","@id":"https:\/\/radioljubuski.ba\/index.php\/2021\/10\/17\/majer-nastupio-za-rennes-icardi-dobio-odmor-zbog-obiteljskih-razloga\/#breadcrumb","itemListElement":[{"@type":"ListItem","position":1,"name":"Po\u010detna stranica","item":"https:\/\/radioljubuski.ba\/"},{"@type":"ListItem","position":2,"name":"Majer nastupio za Rennes, Icardi dobio odmor zbog &#8220;obiteljskih razloga&#8221;"}]},{"@type":"WebSite","@id":"https:\/\/radioljubuski.ba\/#website","url":"https:\/\/radioljubuski.ba\/","name":"Radio Ljubu\u0161ki","description":"Sun\u010dana frekvencija Hercegovine","publisher":{"@id":"https:\/\/radioljubuski.ba\/#organization"},"potentialAction":[{"@type":"SearchAction","target":{"@type":"EntryPoint","urlTemplate":"https:\/\/radioljubuski.ba\/?s={search_term_string}"},"query-input":{"@type":"PropertyValueSpecification","valueRequired":true,"valueName":"search_term_string"}}],"inLanguage":"hr"},{"@type":"Organization","@id":"https:\/\/radioljubuski.ba\/#organization","name":"Radio Ljubu\u0161ki","url":"https:\/\/radioljubuski.ba\/","logo":{"@type":"ImageObject","inLanguage":"hr","@id":"https:\/\/radioljubuski.ba\/#\/schema\/logo\/image\/","url":"https:\/\/radioljubuski.ba\/wp-content\/uploads\/2021\/02\/cropped-Radio_Ljubuski_logo1.jpg","contentUrl":"https:\/\/radioljubuski.ba\/wp-content\/uploads\/2021\/02\/cropped-Radio_Ljubuski_logo1.jpg","width":512,"height":512,"caption":"Radio Ljubu\u0161ki"},"image":{"@id":"https:\/\/radioljubuski.ba\/#\/schema\/logo\/image\/"},"sameAs":["https:\/\/www.facebook.com\/Radiio-Ljubuski-1490835324566332","https:\/\/x.com\/radioljubuski","https:\/\/hr.linkedin.com\/company\/radio-ljubuski","https:\/\/www.youtube.com\/channel\/UCHYaeO_n0Db3tjNGudGpXyw"]},{"@type":"Person","@id":"https:\/\/radioljubuski.ba\/#\/schema\/person\/19fc700381a780f69665d7956c469e3b","name":"Radio Ljubu\u0161ki"}]}},"_links":{"self":[{"href":"https:\/\/radioljubuski.ba\/index.php\/wp-json\/wp\/v2\/posts\/77253","targetHints":{"allow":["GET"]}}],"collection":[{"href":"https:\/\/radioljubuski.ba\/index.php\/wp-json\/wp\/v2\/posts"}],"about":[{"href":"https:\/\/radioljubuski.ba\/index.php\/wp-json\/wp\/v2\/types\/post"}],"author":[{"embeddable":true,"href":"https:\/\/radioljubuski.ba\/index.php\/wp-json\/wp\/v2\/users\/2"}],"replies":[{"embeddable":true,"href":"https:\/\/radioljubuski.ba\/index.php\/wp-json\/wp\/v2\/comments?post=77253"}],"version-history":[{"count":1,"href":"https:\/\/radioljubuski.ba\/index.php\/wp-json\/wp\/v2\/posts\/77253\/revisions"}],"predecessor-version":[{"id":77255,"href":"https:\/\/radioljubuski.ba\/index.php\/wp-json\/wp\/v2\/posts\/77253\/revisions\/77255"}],"wp:attachment":[{"href":"https:\/\/radioljubuski.ba\/index.php\/wp-json\/wp\/v2\/media?parent=77253"}],"wp:term":[{"taxonomy":"category","embeddable":true,"href":"https:\/\/radioljubuski.ba\/index.php\/wp-json\/wp\/v2\/categories?post=77253"},{"taxonomy":"post_tag","embeddable":true,"href":"https:\/\/radioljubuski.ba\/index.php\/wp-json\/wp\/v2\/tags?post=77253"}],"curies":[{"name":"wp","href":"https:\/\/api.w.org\/{rel}","templated":true}]}}