{"id":77268,"date":"2021-10-17T23:38:31","date_gmt":"2021-10-17T22:38:31","guid":{"rendered":"https:\/\/radioljubuski.ba\/?p=77268"},"modified":"2021-10-17T23:38:32","modified_gmt":"2021-10-17T22:38:32","slug":"sevilla-pobjedom-skocila-na-trece-mjesto-rakitic-nastupio","status":"publish","type":"post","link":"https:\/\/radioljubuski.ba\/index.php\/2021\/10\/17\/sevilla-pobjedom-skocila-na-trece-mjesto-rakitic-nastupio\/","title":{"rendered":"Sevilla pobjedom sko\u010dila na tre\u0107e mjesto, Rakiti\u0107 nastupio"},"content":{"rendered":"\n<p><strong>U susretu devetog kola \u0161panjolskog nogometnog prvenstva Sevilla je na gostovanju pobijedila Celtu sa 1-0 sko\u010div\u0161i na tre\u0107e mjesto Primere.<\/strong><\/p>\n\n\n\n<p>Pogodak odluke zabio je&nbsp;<strong>Rafa Mir&nbsp;<\/strong>u 54. minuti utakmice.<br><br>Biv\u0161i hrvatski reprezentativac<strong>&nbsp;Ivan Rakiti\u0107&nbsp;<\/strong>za Sevillu je igrao do 52. minute kada je umjesto njega u\u0161ao Suso.<br><br>Sevilla je ovom pobjedom sko\u010dila na tre\u0107e mjesto ljestvice sa 17 bodova koliko ima i Real Madrid na drugoj poziciji, te Atletico Madrid koji je \u010detvrti.<br><br>U vodstvu je Real Sociedad sa 20 bodova.<br><br>REZULTATI:<br>Rayo Vallecano &#8211; Elche 2-1 (M.Hernandez 26, Nteka 65 \/ Boye 14)<br>Celta Vigo &#8211; Sevilla 0-1 (Mir 54)<br>Villarreal &#8211; Osasuna<br>Barcelona &#8211; Valencia<br><br>Odgo\u0111eno:<br>Granada &#8211; Atletico Madrid<br>Real madrid &#8211; Athletic Bilbao<br><br>U subotu:<br>Levante &#8211; Getafe 0-0<br>Real Sociedad &#8211; Mallorca 1-0 (Lobete 90)<br><br>U ponedjeljak:<br>Deportivo Alaves &#8211; Real Betis<br>Espanyol &#8211; C\u00e1diz<br><br>LJESTVICA:<br>1. Real Sociedad 9 6 2 1 12 7 20<br>2. Real Madrid 8 5 2 1 22 10 17<br>3. Sevilla 8 5 2 1 11 3 17<br>4. Atl\u00e9tico 8 5 2 1 11 6 17<br>5. Vallecano 9 5 1 3 15 9 16<br>6. Osasuna 8 4 2 2 11 11 14<br>7. Athletic Club 8 3 4 1 7 4 13<br>8. Valencia 8 3 3 2 12 8 12<br>9. Barcelona 7 3 3 1 11 7 12<br>10. Betis 8 3 3 2 11 9 12<br>11. Villarreal 7 2 5 0 8 3 11<br>12. Mallorca 9 3 2 4 7 13 11<br>13. Espanyol 8 2 3 3 6 8 9<br>14. Elche 9 2 3 4 6 10 9<br>15. C\u00e1diz 8 1 4 3 7 11 7<br>16. Celta Vigo 9 2 1 6 7 12 7<br>17. Granada 8 1 3 4 6 12 6<br>18. Levante 9 0 5 4 6 13 5<br>19. Alav\u00e9s 7 1 0 6 2 12 3<br>20. Getafe 9 0 2 7 3 13 2<\/p>\n\n\n\n<p>Izvor:hrt.hr<\/p>\n","protected":false},"excerpt":{"rendered":"<p>U susretu devetog kola \u0161panjolskog nogometnog prvenstva Sevilla je na gostovanju pobijedila Celtu sa 1-0 sko\u010div\u0161i na tre\u0107e mjesto Primere. Pogodak odluke zabio je&nbsp;Rafa Mir&nbsp;u 54. minuti utakmice. Biv\u0161i hrvatski reprezentativac&nbsp;Ivan Rakiti\u0107&nbsp;za Sevillu je igrao do 52. minute kada je umjesto njega u\u0161ao Suso. Sevilla je ovom pobjedom sko\u010dila na tre\u0107e mjesto ljestvice sa 17 [&hellip;]<\/p>\n","protected":false},"author":2,"featured_media":77269,"comment_status":"closed","ping_status":"closed","sticky":false,"template":"","format":"standard","meta":{"h5ap_radio_sources":[],"footnotes":""},"categories":[7],"tags":[],"class_list":["post-77268","post","type-post","status-publish","format-standard","has-post-thumbnail","hentry","category-sport"],"yoast_head":"<!-- This site is optimized with the Yoast SEO plugin v27.4 - https:\/\/yoast.com\/product\/yoast-seo-wordpress\/ -->\n<title>Sevilla pobjedom sko\u010dila na tre\u0107e mjesto, Rakiti\u0107 nastupio - RADIO LJUBU\u0160KI<\/title>\n<meta name=\"robots\" content=\"index, follow, max-snippet:-1, max-image-preview:large, max-video-preview:-1\" \/>\n<link rel=\"canonical\" href=\"https:\/\/radioljubuski.ba\/index.php\/2021\/10\/17\/sevilla-pobjedom-skocila-na-trece-mjesto-rakitic-nastupio\/\" \/>\n<meta property=\"og:locale\" content=\"hr_HR\" \/>\n<meta property=\"og:type\" content=\"article\" \/>\n<meta property=\"og:title\" content=\"Sevilla pobjedom sko\u010dila na tre\u0107e mjesto, Rakiti\u0107 nastupio - RADIO LJUBU\u0160KI\" \/>\n<meta property=\"og:description\" content=\"U susretu devetog kola \u0161panjolskog nogometnog prvenstva Sevilla je na gostovanju pobijedila Celtu sa 1-0 sko\u010div\u0161i na tre\u0107e mjesto Primere. Pogodak odluke zabio je&nbsp;Rafa Mir&nbsp;u 54. minuti utakmice. Biv\u0161i hrvatski reprezentativac&nbsp;Ivan Rakiti\u0107&nbsp;za Sevillu je igrao do 52. minute kada je umjesto njega u\u0161ao Suso. Sevilla je ovom pobjedom sko\u010dila na tre\u0107e mjesto ljestvice sa 17 [&hellip;]\" \/>\n<meta property=\"og:url\" content=\"https:\/\/radioljubuski.ba\/index.php\/2021\/10\/17\/sevilla-pobjedom-skocila-na-trece-mjesto-rakitic-nastupio\/\" \/>\n<meta property=\"og:site_name\" content=\"RADIO LJUBU\u0160KI\" \/>\n<meta property=\"article:publisher\" content=\"https:\/\/www.facebook.com\/Radiio-Ljubuski-1490835324566332\" \/>\n<meta property=\"article:published_time\" content=\"2021-10-17T22:38:31+00:00\" \/>\n<meta property=\"article:modified_time\" content=\"2021-10-17T22:38:32+00:00\" \/>\n<meta property=\"og:image\" content=\"https:\/\/radioljubuski.ba\/wp-content\/uploads\/2021\/10\/1541795.jpeg\" \/>\n\t<meta property=\"og:image:width\" content=\"1000\" \/>\n\t<meta property=\"og:image:height\" content=\"665\" \/>\n\t<meta property=\"og:image:type\" content=\"image\/jpeg\" \/>\n<meta name=\"author\" content=\"Radio Ljubu\u0161ki\" \/>\n<meta name=\"twitter:card\" content=\"summary_large_image\" \/>\n<meta name=\"twitter:creator\" content=\"@radioljubuski\" \/>\n<meta name=\"twitter:site\" content=\"@radioljubuski\" \/>\n<meta name=\"twitter:label1\" content=\"Napisao\/la\" \/>\n\t<meta name=\"twitter:data1\" content=\"Radio Ljubu\u0161ki\" \/>\n\t<meta name=\"twitter:label2\" content=\"Procijenjeno vrijeme \u010ditanja\" \/>\n\t<meta name=\"twitter:data2\" content=\"2 minute\" \/>\n<script type=\"application\/ld+json\" class=\"yoast-schema-graph\">{\"@context\":\"https:\\\/\\\/schema.org\",\"@graph\":[{\"@type\":\"Article\",\"@id\":\"https:\\\/\\\/radioljubuski.ba\\\/index.php\\\/2021\\\/10\\\/17\\\/sevilla-pobjedom-skocila-na-trece-mjesto-rakitic-nastupio\\\/#article\",\"isPartOf\":{\"@id\":\"https:\\\/\\\/radioljubuski.ba\\\/index.php\\\/2021\\\/10\\\/17\\\/sevilla-pobjedom-skocila-na-trece-mjesto-rakitic-nastupio\\\/\"},\"author\":{\"name\":\"Radio Ljubu\u0161ki\",\"@id\":\"https:\\\/\\\/radioljubuski.ba\\\/#\\\/schema\\\/person\\\/19fc700381a780f69665d7956c469e3b\"},\"headline\":\"Sevilla pobjedom sko\u010dila na tre\u0107e mjesto, Rakiti\u0107 nastupio\",\"datePublished\":\"2021-10-17T22:38:31+00:00\",\"dateModified\":\"2021-10-17T22:38:32+00:00\",\"mainEntityOfPage\":{\"@id\":\"https:\\\/\\\/radioljubuski.ba\\\/index.php\\\/2021\\\/10\\\/17\\\/sevilla-pobjedom-skocila-na-trece-mjesto-rakitic-nastupio\\\/\"},\"wordCount\":183,\"publisher\":{\"@id\":\"https:\\\/\\\/radioljubuski.ba\\\/#organization\"},\"image\":{\"@id\":\"https:\\\/\\\/radioljubuski.ba\\\/index.php\\\/2021\\\/10\\\/17\\\/sevilla-pobjedom-skocila-na-trece-mjesto-rakitic-nastupio\\\/#primaryimage\"},\"thumbnailUrl\":\"https:\\\/\\\/radioljubuski.ba\\\/wp-content\\\/uploads\\\/2021\\\/10\\\/1541795.jpeg\",\"articleSection\":[\"\u0160port\"],\"inLanguage\":\"hr\"},{\"@type\":\"WebPage\",\"@id\":\"https:\\\/\\\/radioljubuski.ba\\\/index.php\\\/2021\\\/10\\\/17\\\/sevilla-pobjedom-skocila-na-trece-mjesto-rakitic-nastupio\\\/\",\"url\":\"https:\\\/\\\/radioljubuski.ba\\\/index.php\\\/2021\\\/10\\\/17\\\/sevilla-pobjedom-skocila-na-trece-mjesto-rakitic-nastupio\\\/\",\"name\":\"Sevilla pobjedom sko\u010dila na tre\u0107e mjesto, Rakiti\u0107 nastupio - RADIO LJUBU\u0160KI\",\"isPartOf\":{\"@id\":\"https:\\\/\\\/radioljubuski.ba\\\/#website\"},\"primaryImageOfPage\":{\"@id\":\"https:\\\/\\\/radioljubuski.ba\\\/index.php\\\/2021\\\/10\\\/17\\\/sevilla-pobjedom-skocila-na-trece-mjesto-rakitic-nastupio\\\/#primaryimage\"},\"image\":{\"@id\":\"https:\\\/\\\/radioljubuski.ba\\\/index.php\\\/2021\\\/10\\\/17\\\/sevilla-pobjedom-skocila-na-trece-mjesto-rakitic-nastupio\\\/#primaryimage\"},\"thumbnailUrl\":\"https:\\\/\\\/radioljubuski.ba\\\/wp-content\\\/uploads\\\/2021\\\/10\\\/1541795.jpeg\",\"datePublished\":\"2021-10-17T22:38:31+00:00\",\"dateModified\":\"2021-10-17T22:38:32+00:00\",\"breadcrumb\":{\"@id\":\"https:\\\/\\\/radioljubuski.ba\\\/index.php\\\/2021\\\/10\\\/17\\\/sevilla-pobjedom-skocila-na-trece-mjesto-rakitic-nastupio\\\/#breadcrumb\"},\"inLanguage\":\"hr\",\"potentialAction\":[{\"@type\":\"ReadAction\",\"target\":[\"https:\\\/\\\/radioljubuski.ba\\\/index.php\\\/2021\\\/10\\\/17\\\/sevilla-pobjedom-skocila-na-trece-mjesto-rakitic-nastupio\\\/\"]}]},{\"@type\":\"ImageObject\",\"inLanguage\":\"hr\",\"@id\":\"https:\\\/\\\/radioljubuski.ba\\\/index.php\\\/2021\\\/10\\\/17\\\/sevilla-pobjedom-skocila-na-trece-mjesto-rakitic-nastupio\\\/#primaryimage\",\"url\":\"https:\\\/\\\/radioljubuski.ba\\\/wp-content\\\/uploads\\\/2021\\\/10\\\/1541795.jpeg\",\"contentUrl\":\"https:\\\/\\\/radioljubuski.ba\\\/wp-content\\\/uploads\\\/2021\\\/10\\\/1541795.jpeg\",\"width\":1000,\"height\":665},{\"@type\":\"BreadcrumbList\",\"@id\":\"https:\\\/\\\/radioljubuski.ba\\\/index.php\\\/2021\\\/10\\\/17\\\/sevilla-pobjedom-skocila-na-trece-mjesto-rakitic-nastupio\\\/#breadcrumb\",\"itemListElement\":[{\"@type\":\"ListItem\",\"position\":1,\"name\":\"Po\u010detna stranica\",\"item\":\"https:\\\/\\\/radioljubuski.ba\\\/\"},{\"@type\":\"ListItem\",\"position\":2,\"name\":\"Sevilla pobjedom sko\u010dila na tre\u0107e mjesto, Rakiti\u0107 nastupio\"}]},{\"@type\":\"WebSite\",\"@id\":\"https:\\\/\\\/radioljubuski.ba\\\/#website\",\"url\":\"https:\\\/\\\/radioljubuski.ba\\\/\",\"name\":\"Radio Ljubu\u0161ki\",\"description\":\"Sun\u010dana frekvencija Hercegovine\",\"publisher\":{\"@id\":\"https:\\\/\\\/radioljubuski.ba\\\/#organization\"},\"potentialAction\":[{\"@type\":\"SearchAction\",\"target\":{\"@type\":\"EntryPoint\",\"urlTemplate\":\"https:\\\/\\\/radioljubuski.ba\\\/?s={search_term_string}\"},\"query-input\":{\"@type\":\"PropertyValueSpecification\",\"valueRequired\":true,\"valueName\":\"search_term_string\"}}],\"inLanguage\":\"hr\"},{\"@type\":\"Organization\",\"@id\":\"https:\\\/\\\/radioljubuski.ba\\\/#organization\",\"name\":\"Radio Ljubu\u0161ki\",\"url\":\"https:\\\/\\\/radioljubuski.ba\\\/\",\"logo\":{\"@type\":\"ImageObject\",\"inLanguage\":\"hr\",\"@id\":\"https:\\\/\\\/radioljubuski.ba\\\/#\\\/schema\\\/logo\\\/image\\\/\",\"url\":\"https:\\\/\\\/radioljubuski.ba\\\/wp-content\\\/uploads\\\/2021\\\/02\\\/cropped-Radio_Ljubuski_logo1.jpg\",\"contentUrl\":\"https:\\\/\\\/radioljubuski.ba\\\/wp-content\\\/uploads\\\/2021\\\/02\\\/cropped-Radio_Ljubuski_logo1.jpg\",\"width\":512,\"height\":512,\"caption\":\"Radio Ljubu\u0161ki\"},\"image\":{\"@id\":\"https:\\\/\\\/radioljubuski.ba\\\/#\\\/schema\\\/logo\\\/image\\\/\"},\"sameAs\":[\"https:\\\/\\\/www.facebook.com\\\/Radiio-Ljubuski-1490835324566332\",\"https:\\\/\\\/x.com\\\/radioljubuski\",\"https:\\\/\\\/hr.linkedin.com\\\/company\\\/radio-ljubuski\",\"https:\\\/\\\/www.youtube.com\\\/channel\\\/UCHYaeO_n0Db3tjNGudGpXyw\"]},{\"@type\":\"Person\",\"@id\":\"https:\\\/\\\/radioljubuski.ba\\\/#\\\/schema\\\/person\\\/19fc700381a780f69665d7956c469e3b\",\"name\":\"Radio Ljubu\u0161ki\"}]}<\/script>\n<!-- \/ Yoast SEO plugin. -->","yoast_head_json":{"title":"Sevilla pobjedom sko\u010dila na tre\u0107e mjesto, Rakiti\u0107 nastupio - RADIO LJUBU\u0160KI","robots":{"index":"index","follow":"follow","max-snippet":"max-snippet:-1","max-image-preview":"max-image-preview:large","max-video-preview":"max-video-preview:-1"},"canonical":"https:\/\/radioljubuski.ba\/index.php\/2021\/10\/17\/sevilla-pobjedom-skocila-na-trece-mjesto-rakitic-nastupio\/","og_locale":"hr_HR","og_type":"article","og_title":"Sevilla pobjedom sko\u010dila na tre\u0107e mjesto, Rakiti\u0107 nastupio - RADIO LJUBU\u0160KI","og_description":"U susretu devetog kola \u0161panjolskog nogometnog prvenstva Sevilla je na gostovanju pobijedila Celtu sa 1-0 sko\u010div\u0161i na tre\u0107e mjesto Primere. Pogodak odluke zabio je&nbsp;Rafa Mir&nbsp;u 54. minuti utakmice. Biv\u0161i hrvatski reprezentativac&nbsp;Ivan Rakiti\u0107&nbsp;za Sevillu je igrao do 52. minute kada je umjesto njega u\u0161ao Suso. Sevilla je ovom pobjedom sko\u010dila na tre\u0107e mjesto ljestvice sa 17 [&hellip;]","og_url":"https:\/\/radioljubuski.ba\/index.php\/2021\/10\/17\/sevilla-pobjedom-skocila-na-trece-mjesto-rakitic-nastupio\/","og_site_name":"RADIO LJUBU\u0160KI","article_publisher":"https:\/\/www.facebook.com\/Radiio-Ljubuski-1490835324566332","article_published_time":"2021-10-17T22:38:31+00:00","article_modified_time":"2021-10-17T22:38:32+00:00","og_image":[{"width":1000,"height":665,"url":"https:\/\/radioljubuski.ba\/wp-content\/uploads\/2021\/10\/1541795.jpeg","type":"image\/jpeg"}],"author":"Radio Ljubu\u0161ki","twitter_card":"summary_large_image","twitter_creator":"@radioljubuski","twitter_site":"@radioljubuski","twitter_misc":{"Napisao\/la":"Radio Ljubu\u0161ki","Procijenjeno vrijeme \u010ditanja":"2 minute"},"schema":{"@context":"https:\/\/schema.org","@graph":[{"@type":"Article","@id":"https:\/\/radioljubuski.ba\/index.php\/2021\/10\/17\/sevilla-pobjedom-skocila-na-trece-mjesto-rakitic-nastupio\/#article","isPartOf":{"@id":"https:\/\/radioljubuski.ba\/index.php\/2021\/10\/17\/sevilla-pobjedom-skocila-na-trece-mjesto-rakitic-nastupio\/"},"author":{"name":"Radio Ljubu\u0161ki","@id":"https:\/\/radioljubuski.ba\/#\/schema\/person\/19fc700381a780f69665d7956c469e3b"},"headline":"Sevilla pobjedom sko\u010dila na tre\u0107e mjesto, Rakiti\u0107 nastupio","datePublished":"2021-10-17T22:38:31+00:00","dateModified":"2021-10-17T22:38:32+00:00","mainEntityOfPage":{"@id":"https:\/\/radioljubuski.ba\/index.php\/2021\/10\/17\/sevilla-pobjedom-skocila-na-trece-mjesto-rakitic-nastupio\/"},"wordCount":183,"publisher":{"@id":"https:\/\/radioljubuski.ba\/#organization"},"image":{"@id":"https:\/\/radioljubuski.ba\/index.php\/2021\/10\/17\/sevilla-pobjedom-skocila-na-trece-mjesto-rakitic-nastupio\/#primaryimage"},"thumbnailUrl":"https:\/\/radioljubuski.ba\/wp-content\/uploads\/2021\/10\/1541795.jpeg","articleSection":["\u0160port"],"inLanguage":"hr"},{"@type":"WebPage","@id":"https:\/\/radioljubuski.ba\/index.php\/2021\/10\/17\/sevilla-pobjedom-skocila-na-trece-mjesto-rakitic-nastupio\/","url":"https:\/\/radioljubuski.ba\/index.php\/2021\/10\/17\/sevilla-pobjedom-skocila-na-trece-mjesto-rakitic-nastupio\/","name":"Sevilla pobjedom sko\u010dila na tre\u0107e mjesto, Rakiti\u0107 nastupio - RADIO LJUBU\u0160KI","isPartOf":{"@id":"https:\/\/radioljubuski.ba\/#website"},"primaryImageOfPage":{"@id":"https:\/\/radioljubuski.ba\/index.php\/2021\/10\/17\/sevilla-pobjedom-skocila-na-trece-mjesto-rakitic-nastupio\/#primaryimage"},"image":{"@id":"https:\/\/radioljubuski.ba\/index.php\/2021\/10\/17\/sevilla-pobjedom-skocila-na-trece-mjesto-rakitic-nastupio\/#primaryimage"},"thumbnailUrl":"https:\/\/radioljubuski.ba\/wp-content\/uploads\/2021\/10\/1541795.jpeg","datePublished":"2021-10-17T22:38:31+00:00","dateModified":"2021-10-17T22:38:32+00:00","breadcrumb":{"@id":"https:\/\/radioljubuski.ba\/index.php\/2021\/10\/17\/sevilla-pobjedom-skocila-na-trece-mjesto-rakitic-nastupio\/#breadcrumb"},"inLanguage":"hr","potentialAction":[{"@type":"ReadAction","target":["https:\/\/radioljubuski.ba\/index.php\/2021\/10\/17\/sevilla-pobjedom-skocila-na-trece-mjesto-rakitic-nastupio\/"]}]},{"@type":"ImageObject","inLanguage":"hr","@id":"https:\/\/radioljubuski.ba\/index.php\/2021\/10\/17\/sevilla-pobjedom-skocila-na-trece-mjesto-rakitic-nastupio\/#primaryimage","url":"https:\/\/radioljubuski.ba\/wp-content\/uploads\/2021\/10\/1541795.jpeg","contentUrl":"https:\/\/radioljubuski.ba\/wp-content\/uploads\/2021\/10\/1541795.jpeg","width":1000,"height":665},{"@type":"BreadcrumbList","@id":"https:\/\/radioljubuski.ba\/index.php\/2021\/10\/17\/sevilla-pobjedom-skocila-na-trece-mjesto-rakitic-nastupio\/#breadcrumb","itemListElement":[{"@type":"ListItem","position":1,"name":"Po\u010detna stranica","item":"https:\/\/radioljubuski.ba\/"},{"@type":"ListItem","position":2,"name":"Sevilla pobjedom sko\u010dila na tre\u0107e mjesto, Rakiti\u0107 nastupio"}]},{"@type":"WebSite","@id":"https:\/\/radioljubuski.ba\/#website","url":"https:\/\/radioljubuski.ba\/","name":"Radio Ljubu\u0161ki","description":"Sun\u010dana frekvencija Hercegovine","publisher":{"@id":"https:\/\/radioljubuski.ba\/#organization"},"potentialAction":[{"@type":"SearchAction","target":{"@type":"EntryPoint","urlTemplate":"https:\/\/radioljubuski.ba\/?s={search_term_string}"},"query-input":{"@type":"PropertyValueSpecification","valueRequired":true,"valueName":"search_term_string"}}],"inLanguage":"hr"},{"@type":"Organization","@id":"https:\/\/radioljubuski.ba\/#organization","name":"Radio Ljubu\u0161ki","url":"https:\/\/radioljubuski.ba\/","logo":{"@type":"ImageObject","inLanguage":"hr","@id":"https:\/\/radioljubuski.ba\/#\/schema\/logo\/image\/","url":"https:\/\/radioljubuski.ba\/wp-content\/uploads\/2021\/02\/cropped-Radio_Ljubuski_logo1.jpg","contentUrl":"https:\/\/radioljubuski.ba\/wp-content\/uploads\/2021\/02\/cropped-Radio_Ljubuski_logo1.jpg","width":512,"height":512,"caption":"Radio Ljubu\u0161ki"},"image":{"@id":"https:\/\/radioljubuski.ba\/#\/schema\/logo\/image\/"},"sameAs":["https:\/\/www.facebook.com\/Radiio-Ljubuski-1490835324566332","https:\/\/x.com\/radioljubuski","https:\/\/hr.linkedin.com\/company\/radio-ljubuski","https:\/\/www.youtube.com\/channel\/UCHYaeO_n0Db3tjNGudGpXyw"]},{"@type":"Person","@id":"https:\/\/radioljubuski.ba\/#\/schema\/person\/19fc700381a780f69665d7956c469e3b","name":"Radio Ljubu\u0161ki"}]}},"_links":{"self":[{"href":"https:\/\/radioljubuski.ba\/index.php\/wp-json\/wp\/v2\/posts\/77268","targetHints":{"allow":["GET"]}}],"collection":[{"href":"https:\/\/radioljubuski.ba\/index.php\/wp-json\/wp\/v2\/posts"}],"about":[{"href":"https:\/\/radioljubuski.ba\/index.php\/wp-json\/wp\/v2\/types\/post"}],"author":[{"embeddable":true,"href":"https:\/\/radioljubuski.ba\/index.php\/wp-json\/wp\/v2\/users\/2"}],"replies":[{"embeddable":true,"href":"https:\/\/radioljubuski.ba\/index.php\/wp-json\/wp\/v2\/comments?post=77268"}],"version-history":[{"count":1,"href":"https:\/\/radioljubuski.ba\/index.php\/wp-json\/wp\/v2\/posts\/77268\/revisions"}],"predecessor-version":[{"id":77270,"href":"https:\/\/radioljubuski.ba\/index.php\/wp-json\/wp\/v2\/posts\/77268\/revisions\/77270"}],"wp:featuredmedia":[{"embeddable":true,"href":"https:\/\/radioljubuski.ba\/index.php\/wp-json\/wp\/v2\/media\/77269"}],"wp:attachment":[{"href":"https:\/\/radioljubuski.ba\/index.php\/wp-json\/wp\/v2\/media?parent=77268"}],"wp:term":[{"taxonomy":"category","embeddable":true,"href":"https:\/\/radioljubuski.ba\/index.php\/wp-json\/wp\/v2\/categories?post=77268"},{"taxonomy":"post_tag","embeddable":true,"href":"https:\/\/radioljubuski.ba\/index.php\/wp-json\/wp\/v2\/tags?post=77268"}],"curies":[{"name":"wp","href":"https:\/\/api.w.org\/{rel}","templated":true}]}}