{"id":77277,"date":"2021-10-17T23:43:45","date_gmt":"2021-10-17T22:43:45","guid":{"rendered":"https:\/\/radioljubuski.ba\/?p=77277"},"modified":"2021-10-17T23:45:07","modified_gmt":"2021-10-17T22:45:07","slug":"u-derbiju-zacelja-augsburg-i-arminia-podijelili-bodove","status":"publish","type":"post","link":"https:\/\/radioljubuski.ba\/index.php\/2021\/10\/17\/u-derbiju-zacelja-augsburg-i-arminia-podijelili-bodove\/","title":{"rendered":"U derbiju za\u010delja Augsburg i Arminia podijelili bodove"},"content":{"rendered":"\n<p><strong>U posljednjem susretu osmog kola njema\u010dkog nogometnog prvenstva Augsburg i Arminija su odigrali 1-1.<\/strong><\/p>\n\n\n\n<p>Bio je to derbi za\u010delja, a nakon ove utakmice obje mom\u010dadi su ostale u opasnoj zoni.<br><br>Doma\u0107in je poveo u 19. minuti golom&nbsp;<strong>Reecea Oxforda<\/strong>, a izjedna\u010dio je&nbsp;<strong>Jacob Laursen&nbsp;<\/strong>u 77. minuti.<br><br>U derbiju osmog kola Bayern Munchen je na gostovanju pobijedio Bayer Leverkusen sa 5-1 vrativ\u0161i se na vrh Bundeslige.<br><br>&#8220;Bavarci&#8221; su odigrali fantasti\u010dno prvo poluvrijeme u kojem su postigli pet golova, a potom su u nastavku spustili &#8220;nogu s gasa&#8221;.<br><br>Bayern je pet golova zabio u prvih 37 minuta utakmice, a u povijesti Bundeslige samo su dva kluba br\u017ee zabila pet golova u jednom susretu &#8211; Borussija Dortmund protiv Schalkea 1964. godine (23 minute), te Karlsruhe iste godine protiv Eintrachta (30 minuta).<br><br>Prva dva gola zabio je&nbsp;<strong>Robert Lewandowski&nbsp;<\/strong>(3, 30), koji je tako stigao do brojke od devet golova ove sezone, koliko je zabio i napada\u010d Borussije Dortmund&nbsp;<strong>Erling Haaland<\/strong>.<br><br>Na 3-0 je povisi<strong>o Thomas Muller&nbsp;<\/strong>(34), a me\u0111u strijelce se upisao i&nbsp;<strong>Serge Gnabry<\/strong>&nbsp;(35, 37). U nastavku susreta<strong>&nbsp;Patrik Schick<\/strong>&nbsp;je u 55. minuti zabio utje\u0161ni pogodak za &#8220;Apotekare&#8221;.<br><br>Hrvatski reprezentativac&nbsp;<strong>Josip Stani\u0161i\u0107<\/strong>&nbsp;je za Bayern igrao od 40. minute zamijeniv\u0161i ozlije\u0111enog&nbsp;<strong>Alphonsa Daviesa<\/strong>.<br><br>Na ljestvici vod Bayern sa 19 bodova, Borussija Dortmund ima 18, a Bayer Leverkusen i Freiburg po 16 bodova.<br><br><strong>REZULTATI<\/strong><br><br>Bayer Leverkusen &#8211; Bayern 1-5 (Schick \/ Lewandowski 3, 30, Muller 34, Gnabry 35, 37.Kasnije:<\/p>\n\n\n\n<p>Augsburg &#8211; Arminia 1-1 (Oxford 19 \/ Laursen 77)<br><br><strong>U subotu:<\/strong><br><br>Borussia Mo. &#8211; Stuttgart 1-1 (Hoffmann 43 \/ Mavropanos 15)<\/p>\n\n\n\n<p>Borussia Do. &#8211; Mainz 3-1 (Reus 3, Haaland 54-11m, 90+4 \/ Burkardt 87)<\/p>\n\n\n\n<p>Eintracht &#8211; Hertha 1-2 (Paciencia 78-11m \/ Richter 7, Ekkelenkamp 63)<\/p>\n\n\n\n<p>Union Berlin &#8211; Wolfsburg 2-0 (Awoniyi 49, Becker 83)<\/p>\n\n\n\n<p>Freiburg &#8211; RB Leipzig 1-1 (Jeong 64 \/ Forsberg 32-11m)<\/p>\n\n\n\n<p>Greuther Furth &#8211; Bochum 0-1 (Losilla 80)<br><br><strong>U petak:<\/strong><br><br>Hoffenheim &#8211; Koeln 5-0 (Bebou 31, 49, Baumgartner 51, Geiger 74, Posch 87)<br><br><strong>LJESTVICA:<\/strong><br><br>1. Bayern Munchen 8 6 1 1 29-8 19<\/p>\n\n\n\n<p>2. Borussia Dortmund 8 6 0 2 22-14 18<\/p>\n\n\n\n<p>3. Bayer Leverkusen 8 5 1 2 21-12 16<\/p>\n\n\n\n<p>4. Freiburg 8 4 4 0 12-6 16<\/p>\n\n\n\n<p>5. Union Berlin 8 4 3 1 12-9 15<\/p>\n\n\n\n<p>6. Wolfsburg 8 4 1 3 9-10 13<\/p>\n\n\n\n<p>7. K\u00f6ln 8 3 3 2 13-14 12<\/p>\n\n\n\n<p>8. Leipzig 8 3 2 3 16-8 11<\/p>\n\n\n\n<p>9. Hoffenheim 8 3 2 3 17-11 11<\/p>\n\n\n\n<p>10. Borussia M\u00f6nchengladbach 8 3 2 3 10-11 11<\/p>\n\n\n\n<p>11. Mainz 8 3 1 4 8-8 10<\/p>\n\n\n\n<p>12. Stuttgart 8 2 3 3 13-14 9<\/p>\n\n\n\n<p>13. Hertha Berlin 8 3 0 5 10-21 9<\/p>\n\n\n\n<p>14. Eintracht Frankfurt 8 1 5 2 9-12 8<\/p>\n\n\n\n<p>15. Bochum 8 2 1 5 5-16 7<\/p>\n\n\n\n<p>16. Augsburg 8 1 3 4 4-14 6<\/p>\n\n\n\n<p>17. Arminia Bielefeld 8 0 5 3 4-11 5<\/p>\n\n\n\n<p>18. Greuther F\u00fcrth 8 0 1 7 5-20 1<\/p>\n\n\n\n<p>Izvor:hrt.hr<\/p>\n","protected":false},"excerpt":{"rendered":"<p>U posljednjem susretu osmog kola njema\u010dkog nogometnog prvenstva Augsburg i Arminija su odigrali 1-1. Bio je to derbi za\u010delja, a nakon ove utakmice obje mom\u010dadi su ostale u opasnoj zoni. Doma\u0107in je poveo u 19. minuti golom&nbsp;Reecea Oxforda, a izjedna\u010dio je&nbsp;Jacob Laursen&nbsp;u 77. minuti. U derbiju osmog kola Bayern Munchen je na gostovanju pobijedio Bayer [&hellip;]<\/p>\n","protected":false},"author":2,"featured_media":77278,"comment_status":"closed","ping_status":"closed","sticky":false,"template":"","format":"standard","meta":{"h5ap_radio_sources":[],"footnotes":""},"categories":[7],"tags":[],"class_list":["post-77277","post","type-post","status-publish","format-standard","has-post-thumbnail","hentry","category-sport"],"yoast_head":"<!-- This site is optimized with the Yoast SEO plugin v27.4 - https:\/\/yoast.com\/product\/yoast-seo-wordpress\/ -->\n<title>U derbiju za\u010delja Augsburg i Arminia podijelili bodove - RADIO LJUBU\u0160KI<\/title>\n<meta name=\"robots\" content=\"index, follow, max-snippet:-1, max-image-preview:large, max-video-preview:-1\" \/>\n<link rel=\"canonical\" href=\"https:\/\/radioljubuski.ba\/index.php\/2021\/10\/17\/u-derbiju-zacelja-augsburg-i-arminia-podijelili-bodove\/\" \/>\n<meta property=\"og:locale\" content=\"hr_HR\" \/>\n<meta property=\"og:type\" content=\"article\" \/>\n<meta property=\"og:title\" content=\"U derbiju za\u010delja Augsburg i Arminia podijelili bodove - RADIO LJUBU\u0160KI\" \/>\n<meta property=\"og:description\" content=\"U posljednjem susretu osmog kola njema\u010dkog nogometnog prvenstva Augsburg i Arminija su odigrali 1-1. Bio je to derbi za\u010delja, a nakon ove utakmice obje mom\u010dadi su ostale u opasnoj zoni. Doma\u0107in je poveo u 19. minuti golom&nbsp;Reecea Oxforda, a izjedna\u010dio je&nbsp;Jacob Laursen&nbsp;u 77. minuti. U derbiju osmog kola Bayern Munchen je na gostovanju pobijedio Bayer [&hellip;]\" \/>\n<meta property=\"og:url\" content=\"https:\/\/radioljubuski.ba\/index.php\/2021\/10\/17\/u-derbiju-zacelja-augsburg-i-arminia-podijelili-bodove\/\" \/>\n<meta property=\"og:site_name\" content=\"RADIO LJUBU\u0160KI\" \/>\n<meta property=\"article:publisher\" content=\"https:\/\/www.facebook.com\/Radiio-Ljubuski-1490835324566332\" \/>\n<meta property=\"article:published_time\" content=\"2021-10-17T22:43:45+00:00\" \/>\n<meta property=\"article:modified_time\" content=\"2021-10-17T22:45:07+00:00\" \/>\n<meta property=\"og:image\" content=\"https:\/\/radioljubuski.ba\/wp-content\/uploads\/2021\/10\/fussball-bundesliga-augsburg-bielefeld-104_2400x1350.jpg\" \/>\n\t<meta property=\"og:image:width\" content=\"2400\" \/>\n\t<meta property=\"og:image:height\" content=\"1350\" \/>\n\t<meta property=\"og:image:type\" content=\"image\/jpeg\" \/>\n<meta name=\"author\" content=\"Radio Ljubu\u0161ki\" \/>\n<meta name=\"twitter:card\" content=\"summary_large_image\" \/>\n<meta name=\"twitter:creator\" content=\"@radioljubuski\" \/>\n<meta name=\"twitter:site\" content=\"@radioljubuski\" \/>\n<meta name=\"twitter:label1\" content=\"Napisao\/la\" \/>\n\t<meta name=\"twitter:data1\" content=\"Radio Ljubu\u0161ki\" \/>\n\t<meta name=\"twitter:label2\" content=\"Procijenjeno vrijeme \u010ditanja\" \/>\n\t<meta name=\"twitter:data2\" content=\"3 minute\" \/>\n<script type=\"application\/ld+json\" class=\"yoast-schema-graph\">{\"@context\":\"https:\\\/\\\/schema.org\",\"@graph\":[{\"@type\":\"Article\",\"@id\":\"https:\\\/\\\/radioljubuski.ba\\\/index.php\\\/2021\\\/10\\\/17\\\/u-derbiju-zacelja-augsburg-i-arminia-podijelili-bodove\\\/#article\",\"isPartOf\":{\"@id\":\"https:\\\/\\\/radioljubuski.ba\\\/index.php\\\/2021\\\/10\\\/17\\\/u-derbiju-zacelja-augsburg-i-arminia-podijelili-bodove\\\/\"},\"author\":{\"name\":\"Radio Ljubu\u0161ki\",\"@id\":\"https:\\\/\\\/radioljubuski.ba\\\/#\\\/schema\\\/person\\\/19fc700381a780f69665d7956c469e3b\"},\"headline\":\"U derbiju za\u010delja Augsburg i Arminia podijelili bodove\",\"datePublished\":\"2021-10-17T22:43:45+00:00\",\"dateModified\":\"2021-10-17T22:45:07+00:00\",\"mainEntityOfPage\":{\"@id\":\"https:\\\/\\\/radioljubuski.ba\\\/index.php\\\/2021\\\/10\\\/17\\\/u-derbiju-zacelja-augsburg-i-arminia-podijelili-bodove\\\/\"},\"wordCount\":372,\"publisher\":{\"@id\":\"https:\\\/\\\/radioljubuski.ba\\\/#organization\"},\"image\":{\"@id\":\"https:\\\/\\\/radioljubuski.ba\\\/index.php\\\/2021\\\/10\\\/17\\\/u-derbiju-zacelja-augsburg-i-arminia-podijelili-bodove\\\/#primaryimage\"},\"thumbnailUrl\":\"https:\\\/\\\/radioljubuski.ba\\\/wp-content\\\/uploads\\\/2021\\\/10\\\/fussball-bundesliga-augsburg-bielefeld-104_2400x1350.jpg\",\"articleSection\":[\"\u0160port\"],\"inLanguage\":\"hr\"},{\"@type\":\"WebPage\",\"@id\":\"https:\\\/\\\/radioljubuski.ba\\\/index.php\\\/2021\\\/10\\\/17\\\/u-derbiju-zacelja-augsburg-i-arminia-podijelili-bodove\\\/\",\"url\":\"https:\\\/\\\/radioljubuski.ba\\\/index.php\\\/2021\\\/10\\\/17\\\/u-derbiju-zacelja-augsburg-i-arminia-podijelili-bodove\\\/\",\"name\":\"U derbiju za\u010delja Augsburg i Arminia podijelili bodove - RADIO LJUBU\u0160KI\",\"isPartOf\":{\"@id\":\"https:\\\/\\\/radioljubuski.ba\\\/#website\"},\"primaryImageOfPage\":{\"@id\":\"https:\\\/\\\/radioljubuski.ba\\\/index.php\\\/2021\\\/10\\\/17\\\/u-derbiju-zacelja-augsburg-i-arminia-podijelili-bodove\\\/#primaryimage\"},\"image\":{\"@id\":\"https:\\\/\\\/radioljubuski.ba\\\/index.php\\\/2021\\\/10\\\/17\\\/u-derbiju-zacelja-augsburg-i-arminia-podijelili-bodove\\\/#primaryimage\"},\"thumbnailUrl\":\"https:\\\/\\\/radioljubuski.ba\\\/wp-content\\\/uploads\\\/2021\\\/10\\\/fussball-bundesliga-augsburg-bielefeld-104_2400x1350.jpg\",\"datePublished\":\"2021-10-17T22:43:45+00:00\",\"dateModified\":\"2021-10-17T22:45:07+00:00\",\"breadcrumb\":{\"@id\":\"https:\\\/\\\/radioljubuski.ba\\\/index.php\\\/2021\\\/10\\\/17\\\/u-derbiju-zacelja-augsburg-i-arminia-podijelili-bodove\\\/#breadcrumb\"},\"inLanguage\":\"hr\",\"potentialAction\":[{\"@type\":\"ReadAction\",\"target\":[\"https:\\\/\\\/radioljubuski.ba\\\/index.php\\\/2021\\\/10\\\/17\\\/u-derbiju-zacelja-augsburg-i-arminia-podijelili-bodove\\\/\"]}]},{\"@type\":\"ImageObject\",\"inLanguage\":\"hr\",\"@id\":\"https:\\\/\\\/radioljubuski.ba\\\/index.php\\\/2021\\\/10\\\/17\\\/u-derbiju-zacelja-augsburg-i-arminia-podijelili-bodove\\\/#primaryimage\",\"url\":\"https:\\\/\\\/radioljubuski.ba\\\/wp-content\\\/uploads\\\/2021\\\/10\\\/fussball-bundesliga-augsburg-bielefeld-104_2400x1350.jpg\",\"contentUrl\":\"https:\\\/\\\/radioljubuski.ba\\\/wp-content\\\/uploads\\\/2021\\\/10\\\/fussball-bundesliga-augsburg-bielefeld-104_2400x1350.jpg\",\"width\":2400,\"height\":1350},{\"@type\":\"BreadcrumbList\",\"@id\":\"https:\\\/\\\/radioljubuski.ba\\\/index.php\\\/2021\\\/10\\\/17\\\/u-derbiju-zacelja-augsburg-i-arminia-podijelili-bodove\\\/#breadcrumb\",\"itemListElement\":[{\"@type\":\"ListItem\",\"position\":1,\"name\":\"Po\u010detna stranica\",\"item\":\"https:\\\/\\\/radioljubuski.ba\\\/\"},{\"@type\":\"ListItem\",\"position\":2,\"name\":\"U derbiju za\u010delja Augsburg i Arminia podijelili bodove\"}]},{\"@type\":\"WebSite\",\"@id\":\"https:\\\/\\\/radioljubuski.ba\\\/#website\",\"url\":\"https:\\\/\\\/radioljubuski.ba\\\/\",\"name\":\"Radio Ljubu\u0161ki\",\"description\":\"Sun\u010dana frekvencija Hercegovine\",\"publisher\":{\"@id\":\"https:\\\/\\\/radioljubuski.ba\\\/#organization\"},\"potentialAction\":[{\"@type\":\"SearchAction\",\"target\":{\"@type\":\"EntryPoint\",\"urlTemplate\":\"https:\\\/\\\/radioljubuski.ba\\\/?s={search_term_string}\"},\"query-input\":{\"@type\":\"PropertyValueSpecification\",\"valueRequired\":true,\"valueName\":\"search_term_string\"}}],\"inLanguage\":\"hr\"},{\"@type\":\"Organization\",\"@id\":\"https:\\\/\\\/radioljubuski.ba\\\/#organization\",\"name\":\"Radio Ljubu\u0161ki\",\"url\":\"https:\\\/\\\/radioljubuski.ba\\\/\",\"logo\":{\"@type\":\"ImageObject\",\"inLanguage\":\"hr\",\"@id\":\"https:\\\/\\\/radioljubuski.ba\\\/#\\\/schema\\\/logo\\\/image\\\/\",\"url\":\"https:\\\/\\\/radioljubuski.ba\\\/wp-content\\\/uploads\\\/2021\\\/02\\\/cropped-Radio_Ljubuski_logo1.jpg\",\"contentUrl\":\"https:\\\/\\\/radioljubuski.ba\\\/wp-content\\\/uploads\\\/2021\\\/02\\\/cropped-Radio_Ljubuski_logo1.jpg\",\"width\":512,\"height\":512,\"caption\":\"Radio Ljubu\u0161ki\"},\"image\":{\"@id\":\"https:\\\/\\\/radioljubuski.ba\\\/#\\\/schema\\\/logo\\\/image\\\/\"},\"sameAs\":[\"https:\\\/\\\/www.facebook.com\\\/Radiio-Ljubuski-1490835324566332\",\"https:\\\/\\\/x.com\\\/radioljubuski\",\"https:\\\/\\\/hr.linkedin.com\\\/company\\\/radio-ljubuski\",\"https:\\\/\\\/www.youtube.com\\\/channel\\\/UCHYaeO_n0Db3tjNGudGpXyw\"]},{\"@type\":\"Person\",\"@id\":\"https:\\\/\\\/radioljubuski.ba\\\/#\\\/schema\\\/person\\\/19fc700381a780f69665d7956c469e3b\",\"name\":\"Radio Ljubu\u0161ki\"}]}<\/script>\n<!-- \/ Yoast SEO plugin. -->","yoast_head_json":{"title":"U derbiju za\u010delja Augsburg i Arminia podijelili bodove - RADIO LJUBU\u0160KI","robots":{"index":"index","follow":"follow","max-snippet":"max-snippet:-1","max-image-preview":"max-image-preview:large","max-video-preview":"max-video-preview:-1"},"canonical":"https:\/\/radioljubuski.ba\/index.php\/2021\/10\/17\/u-derbiju-zacelja-augsburg-i-arminia-podijelili-bodove\/","og_locale":"hr_HR","og_type":"article","og_title":"U derbiju za\u010delja Augsburg i Arminia podijelili bodove - RADIO LJUBU\u0160KI","og_description":"U posljednjem susretu osmog kola njema\u010dkog nogometnog prvenstva Augsburg i Arminija su odigrali 1-1. Bio je to derbi za\u010delja, a nakon ove utakmice obje mom\u010dadi su ostale u opasnoj zoni. Doma\u0107in je poveo u 19. minuti golom&nbsp;Reecea Oxforda, a izjedna\u010dio je&nbsp;Jacob Laursen&nbsp;u 77. minuti. U derbiju osmog kola Bayern Munchen je na gostovanju pobijedio Bayer [&hellip;]","og_url":"https:\/\/radioljubuski.ba\/index.php\/2021\/10\/17\/u-derbiju-zacelja-augsburg-i-arminia-podijelili-bodove\/","og_site_name":"RADIO LJUBU\u0160KI","article_publisher":"https:\/\/www.facebook.com\/Radiio-Ljubuski-1490835324566332","article_published_time":"2021-10-17T22:43:45+00:00","article_modified_time":"2021-10-17T22:45:07+00:00","og_image":[{"width":2400,"height":1350,"url":"https:\/\/radioljubuski.ba\/wp-content\/uploads\/2021\/10\/fussball-bundesliga-augsburg-bielefeld-104_2400x1350.jpg","type":"image\/jpeg"}],"author":"Radio Ljubu\u0161ki","twitter_card":"summary_large_image","twitter_creator":"@radioljubuski","twitter_site":"@radioljubuski","twitter_misc":{"Napisao\/la":"Radio Ljubu\u0161ki","Procijenjeno vrijeme \u010ditanja":"3 minute"},"schema":{"@context":"https:\/\/schema.org","@graph":[{"@type":"Article","@id":"https:\/\/radioljubuski.ba\/index.php\/2021\/10\/17\/u-derbiju-zacelja-augsburg-i-arminia-podijelili-bodove\/#article","isPartOf":{"@id":"https:\/\/radioljubuski.ba\/index.php\/2021\/10\/17\/u-derbiju-zacelja-augsburg-i-arminia-podijelili-bodove\/"},"author":{"name":"Radio Ljubu\u0161ki","@id":"https:\/\/radioljubuski.ba\/#\/schema\/person\/19fc700381a780f69665d7956c469e3b"},"headline":"U derbiju za\u010delja Augsburg i Arminia podijelili bodove","datePublished":"2021-10-17T22:43:45+00:00","dateModified":"2021-10-17T22:45:07+00:00","mainEntityOfPage":{"@id":"https:\/\/radioljubuski.ba\/index.php\/2021\/10\/17\/u-derbiju-zacelja-augsburg-i-arminia-podijelili-bodove\/"},"wordCount":372,"publisher":{"@id":"https:\/\/radioljubuski.ba\/#organization"},"image":{"@id":"https:\/\/radioljubuski.ba\/index.php\/2021\/10\/17\/u-derbiju-zacelja-augsburg-i-arminia-podijelili-bodove\/#primaryimage"},"thumbnailUrl":"https:\/\/radioljubuski.ba\/wp-content\/uploads\/2021\/10\/fussball-bundesliga-augsburg-bielefeld-104_2400x1350.jpg","articleSection":["\u0160port"],"inLanguage":"hr"},{"@type":"WebPage","@id":"https:\/\/radioljubuski.ba\/index.php\/2021\/10\/17\/u-derbiju-zacelja-augsburg-i-arminia-podijelili-bodove\/","url":"https:\/\/radioljubuski.ba\/index.php\/2021\/10\/17\/u-derbiju-zacelja-augsburg-i-arminia-podijelili-bodove\/","name":"U derbiju za\u010delja Augsburg i Arminia podijelili bodove - RADIO LJUBU\u0160KI","isPartOf":{"@id":"https:\/\/radioljubuski.ba\/#website"},"primaryImageOfPage":{"@id":"https:\/\/radioljubuski.ba\/index.php\/2021\/10\/17\/u-derbiju-zacelja-augsburg-i-arminia-podijelili-bodove\/#primaryimage"},"image":{"@id":"https:\/\/radioljubuski.ba\/index.php\/2021\/10\/17\/u-derbiju-zacelja-augsburg-i-arminia-podijelili-bodove\/#primaryimage"},"thumbnailUrl":"https:\/\/radioljubuski.ba\/wp-content\/uploads\/2021\/10\/fussball-bundesliga-augsburg-bielefeld-104_2400x1350.jpg","datePublished":"2021-10-17T22:43:45+00:00","dateModified":"2021-10-17T22:45:07+00:00","breadcrumb":{"@id":"https:\/\/radioljubuski.ba\/index.php\/2021\/10\/17\/u-derbiju-zacelja-augsburg-i-arminia-podijelili-bodove\/#breadcrumb"},"inLanguage":"hr","potentialAction":[{"@type":"ReadAction","target":["https:\/\/radioljubuski.ba\/index.php\/2021\/10\/17\/u-derbiju-zacelja-augsburg-i-arminia-podijelili-bodove\/"]}]},{"@type":"ImageObject","inLanguage":"hr","@id":"https:\/\/radioljubuski.ba\/index.php\/2021\/10\/17\/u-derbiju-zacelja-augsburg-i-arminia-podijelili-bodove\/#primaryimage","url":"https:\/\/radioljubuski.ba\/wp-content\/uploads\/2021\/10\/fussball-bundesliga-augsburg-bielefeld-104_2400x1350.jpg","contentUrl":"https:\/\/radioljubuski.ba\/wp-content\/uploads\/2021\/10\/fussball-bundesliga-augsburg-bielefeld-104_2400x1350.jpg","width":2400,"height":1350},{"@type":"BreadcrumbList","@id":"https:\/\/radioljubuski.ba\/index.php\/2021\/10\/17\/u-derbiju-zacelja-augsburg-i-arminia-podijelili-bodove\/#breadcrumb","itemListElement":[{"@type":"ListItem","position":1,"name":"Po\u010detna stranica","item":"https:\/\/radioljubuski.ba\/"},{"@type":"ListItem","position":2,"name":"U derbiju za\u010delja Augsburg i Arminia podijelili bodove"}]},{"@type":"WebSite","@id":"https:\/\/radioljubuski.ba\/#website","url":"https:\/\/radioljubuski.ba\/","name":"Radio Ljubu\u0161ki","description":"Sun\u010dana frekvencija Hercegovine","publisher":{"@id":"https:\/\/radioljubuski.ba\/#organization"},"potentialAction":[{"@type":"SearchAction","target":{"@type":"EntryPoint","urlTemplate":"https:\/\/radioljubuski.ba\/?s={search_term_string}"},"query-input":{"@type":"PropertyValueSpecification","valueRequired":true,"valueName":"search_term_string"}}],"inLanguage":"hr"},{"@type":"Organization","@id":"https:\/\/radioljubuski.ba\/#organization","name":"Radio Ljubu\u0161ki","url":"https:\/\/radioljubuski.ba\/","logo":{"@type":"ImageObject","inLanguage":"hr","@id":"https:\/\/radioljubuski.ba\/#\/schema\/logo\/image\/","url":"https:\/\/radioljubuski.ba\/wp-content\/uploads\/2021\/02\/cropped-Radio_Ljubuski_logo1.jpg","contentUrl":"https:\/\/radioljubuski.ba\/wp-content\/uploads\/2021\/02\/cropped-Radio_Ljubuski_logo1.jpg","width":512,"height":512,"caption":"Radio Ljubu\u0161ki"},"image":{"@id":"https:\/\/radioljubuski.ba\/#\/schema\/logo\/image\/"},"sameAs":["https:\/\/www.facebook.com\/Radiio-Ljubuski-1490835324566332","https:\/\/x.com\/radioljubuski","https:\/\/hr.linkedin.com\/company\/radio-ljubuski","https:\/\/www.youtube.com\/channel\/UCHYaeO_n0Db3tjNGudGpXyw"]},{"@type":"Person","@id":"https:\/\/radioljubuski.ba\/#\/schema\/person\/19fc700381a780f69665d7956c469e3b","name":"Radio Ljubu\u0161ki"}]}},"_links":{"self":[{"href":"https:\/\/radioljubuski.ba\/index.php\/wp-json\/wp\/v2\/posts\/77277","targetHints":{"allow":["GET"]}}],"collection":[{"href":"https:\/\/radioljubuski.ba\/index.php\/wp-json\/wp\/v2\/posts"}],"about":[{"href":"https:\/\/radioljubuski.ba\/index.php\/wp-json\/wp\/v2\/types\/post"}],"author":[{"embeddable":true,"href":"https:\/\/radioljubuski.ba\/index.php\/wp-json\/wp\/v2\/users\/2"}],"replies":[{"embeddable":true,"href":"https:\/\/radioljubuski.ba\/index.php\/wp-json\/wp\/v2\/comments?post=77277"}],"version-history":[{"count":1,"href":"https:\/\/radioljubuski.ba\/index.php\/wp-json\/wp\/v2\/posts\/77277\/revisions"}],"predecessor-version":[{"id":77279,"href":"https:\/\/radioljubuski.ba\/index.php\/wp-json\/wp\/v2\/posts\/77277\/revisions\/77279"}],"wp:featuredmedia":[{"embeddable":true,"href":"https:\/\/radioljubuski.ba\/index.php\/wp-json\/wp\/v2\/media\/77278"}],"wp:attachment":[{"href":"https:\/\/radioljubuski.ba\/index.php\/wp-json\/wp\/v2\/media?parent=77277"}],"wp:term":[{"taxonomy":"category","embeddable":true,"href":"https:\/\/radioljubuski.ba\/index.php\/wp-json\/wp\/v2\/categories?post=77277"},{"taxonomy":"post_tag","embeddable":true,"href":"https:\/\/radioljubuski.ba\/index.php\/wp-json\/wp\/v2\/tags?post=77277"}],"curies":[{"name":"wp","href":"https:\/\/api.w.org\/{rel}","templated":true}]}}