{"id":77283,"date":"2021-10-17T23:48:02","date_gmt":"2021-10-17T22:48:02","guid":{"rendered":"https:\/\/radioljubuski.ba\/?p=77283"},"modified":"2021-10-17T23:48:04","modified_gmt":"2021-10-17T22:48:04","slug":"tottenhamov-dvojac-dobio-priznanje-premier-lige-zbog-reakcije-pri-spasavanju-navijaca","status":"publish","type":"post","link":"https:\/\/radioljubuski.ba\/index.php\/2021\/10\/17\/tottenhamov-dvojac-dobio-priznanje-premier-lige-zbog-reakcije-pri-spasavanju-navijaca\/","title":{"rendered":"Tottenhamov dvojac dobio priznanje Premier lige zbog reakcije pri spa\u0161avanju navija\u010da"},"content":{"rendered":"\n<p><strong>Nogometa\u0161i Tottenham Hotspura u susretu su 8. kola engleskog prvenstva kao gosti svladali Newcastle United s 3-2 (3-1), a susret je obiilje\u017eio polusatni prekid u prvom poluvremenu zbog pomo\u0107i koja se ukazivala jednom od gledatelja kojemu je pozlilo na tribinama.<\/strong><\/p>\n\n\n\n<p>Dvojica igra\u010da Tottenhama\u00a0<strong>Sergio Reguilon<\/strong>\u00a0i<strong>\u00a0Eric Dier\u00a0<\/strong>dobili su od Premier lige nagradu za igra\u010da utakmice, bez obzira \u0161to je Dier postigao autogol. Nagradu su dobili zbog reakcije kada su shvatili da se na tribinama odr\u017eava prava drama i da je navija\u010du potrebna pomo\u0107.<br><br>&#8211; Pogledao sam tribine i navija\u010de te sam vidio kako vi\u010du &#8216;stanite, stanite&#8217;. Pokazivali su da nekoga o\u017eivljavaju pa sam pri\u0161ao sucu i rekao mu da se netko sru\u0161io te ga zamolio da zaustavi utakmicu, rekao je \u0161panjolski brani\u010d Reguilon nakon utakmice.<\/p>\n\n\n\n<blockquote class=\"twitter-tweet\"><p lang=\"en\" dir=\"ltr\">Football is not the most important. Get well soon \ud83d\udcaa\ud83d\ude4f <a href=\"https:\/\/t.co\/Ltwvxy7wrU\">pic.twitter.com\/Ltwvxy7wrU<\/a><\/p>&mdash; Sergio Reguil\u00f3n (@sergio_regui) <a href=\"https:\/\/twitter.com\/sergio_regui\/status\/1449801003096846338?ref_src=twsrc%5Etfw\">October 17, 2021<\/a><\/blockquote> <script async src=\"https:\/\/platform.twitter.com\/widgets.js\" charset=\"utf-8\"><\/script>\n\n\n\n<p>Dier je odmah pohitao prema klupi kako bi do unesre\u0107enog \u010dim prije do\u0161ao defibrillator.<br><br>&#8211; Dier i Reguilon su postupili instinktivno i reagirali. Svaka im \u010dast, kao i sucu koji je odmah zaustavio utakmicu. Ni\u0161ta nije va\u017enije od ljudskog \u017eivota, rekao je trener Spursa\u00a0<strong>Nuno Espirito Santo<\/strong>.<\/p>\n\n\n\n<blockquote class=\"twitter-tweet\"><p lang=\"en\" dir=\"ltr\">Eric Dier and Sergio Reguilon awarded joint MOTM for quick actions to save Newcastle fan<a href=\"https:\/\/t.co\/C7PuKSrLpa\">https:\/\/t.co\/C7PuKSrLpa<\/a> <a href=\"https:\/\/t.co\/gSmdhrdbG7\">pic.twitter.com\/gSmdhrdbG7<\/a><\/p>&mdash; Mirror Football (@MirrorFootball) <a href=\"https:\/\/twitter.com\/MirrorFootball\/status\/1449806305615622145?ref_src=twsrc%5Etfw\">October 17, 2021<\/a><\/blockquote> <script async src=\"https:\/\/platform.twitter.com\/widgets.js\" charset=\"utf-8\"><\/script>\n\n\n\n<p>Izvor:hrt.hr<\/p>\n","protected":false},"excerpt":{"rendered":"<p>Nogometa\u0161i Tottenham Hotspura u susretu su 8. kola engleskog prvenstva kao gosti svladali Newcastle United s 3-2 (3-1), a susret je obiilje\u017eio polusatni prekid u prvom poluvremenu zbog pomo\u0107i koja se ukazivala jednom od gledatelja kojemu je pozlilo na tribinama. Dvojica igra\u010da Tottenhama\u00a0Sergio Reguilon\u00a0i\u00a0Eric Dier\u00a0dobili su od Premier lige nagradu za igra\u010da utakmice, bez obzira [&hellip;]<\/p>\n","protected":false},"author":2,"featured_media":77284,"comment_status":"closed","ping_status":"closed","sticky":false,"template":"","format":"standard","meta":{"h5ap_radio_sources":[],"footnotes":""},"categories":[7],"tags":[],"class_list":["post-77283","post","type-post","status-publish","format-standard","has-post-thumbnail","hentry","category-sport"],"yoast_head":"<!-- This site is optimized with the Yoast SEO plugin v27.4 - https:\/\/yoast.com\/product\/yoast-seo-wordpress\/ -->\n<title>Tottenhamov dvojac dobio priznanje Premier lige zbog reakcije pri spa\u0161avanju navija\u010da - RADIO LJUBU\u0160KI<\/title>\n<meta name=\"robots\" content=\"index, follow, max-snippet:-1, max-image-preview:large, max-video-preview:-1\" \/>\n<link rel=\"canonical\" href=\"https:\/\/radioljubuski.ba\/index.php\/2021\/10\/17\/tottenhamov-dvojac-dobio-priznanje-premier-lige-zbog-reakcije-pri-spasavanju-navijaca\/\" \/>\n<meta property=\"og:locale\" content=\"hr_HR\" \/>\n<meta property=\"og:type\" content=\"article\" \/>\n<meta property=\"og:title\" content=\"Tottenhamov dvojac dobio priznanje Premier lige zbog reakcije pri spa\u0161avanju navija\u010da - RADIO LJUBU\u0160KI\" \/>\n<meta property=\"og:description\" content=\"Nogometa\u0161i Tottenham Hotspura u susretu su 8. kola engleskog prvenstva kao gosti svladali Newcastle United s 3-2 (3-1), a susret je obiilje\u017eio polusatni prekid u prvom poluvremenu zbog pomo\u0107i koja se ukazivala jednom od gledatelja kojemu je pozlilo na tribinama. Dvojica igra\u010da Tottenhama\u00a0Sergio Reguilon\u00a0i\u00a0Eric Dier\u00a0dobili su od Premier lige nagradu za igra\u010da utakmice, bez obzira [&hellip;]\" \/>\n<meta property=\"og:url\" content=\"https:\/\/radioljubuski.ba\/index.php\/2021\/10\/17\/tottenhamov-dvojac-dobio-priznanje-premier-lige-zbog-reakcije-pri-spasavanju-navijaca\/\" \/>\n<meta property=\"og:site_name\" content=\"RADIO LJUBU\u0160KI\" \/>\n<meta property=\"article:publisher\" content=\"https:\/\/www.facebook.com\/Radiio-Ljubuski-1490835324566332\" \/>\n<meta property=\"article:published_time\" content=\"2021-10-17T22:48:02+00:00\" \/>\n<meta property=\"article:modified_time\" content=\"2021-10-17T22:48:04+00:00\" \/>\n<meta property=\"og:image\" content=\"https:\/\/radioljubuski.ba\/wp-content\/uploads\/2021\/10\/preuzmi-42.jpg\" \/>\n\t<meta property=\"og:image:width\" content=\"265\" \/>\n\t<meta property=\"og:image:height\" content=\"190\" \/>\n\t<meta property=\"og:image:type\" content=\"image\/jpeg\" \/>\n<meta name=\"author\" content=\"Radio Ljubu\u0161ki\" \/>\n<meta name=\"twitter:card\" content=\"summary_large_image\" \/>\n<meta name=\"twitter:creator\" content=\"@radioljubuski\" \/>\n<meta name=\"twitter:site\" content=\"@radioljubuski\" \/>\n<meta name=\"twitter:label1\" content=\"Napisao\/la\" \/>\n\t<meta name=\"twitter:data1\" content=\"Radio Ljubu\u0161ki\" \/>\n\t<meta name=\"twitter:label2\" content=\"Procijenjeno vrijeme \u010ditanja\" \/>\n\t<meta name=\"twitter:data2\" content=\"1 minuta\" \/>\n<script type=\"application\/ld+json\" class=\"yoast-schema-graph\">{\"@context\":\"https:\\\/\\\/schema.org\",\"@graph\":[{\"@type\":\"Article\",\"@id\":\"https:\\\/\\\/radioljubuski.ba\\\/index.php\\\/2021\\\/10\\\/17\\\/tottenhamov-dvojac-dobio-priznanje-premier-lige-zbog-reakcije-pri-spasavanju-navijaca\\\/#article\",\"isPartOf\":{\"@id\":\"https:\\\/\\\/radioljubuski.ba\\\/index.php\\\/2021\\\/10\\\/17\\\/tottenhamov-dvojac-dobio-priznanje-premier-lige-zbog-reakcije-pri-spasavanju-navijaca\\\/\"},\"author\":{\"name\":\"Radio Ljubu\u0161ki\",\"@id\":\"https:\\\/\\\/radioljubuski.ba\\\/#\\\/schema\\\/person\\\/19fc700381a780f69665d7956c469e3b\"},\"headline\":\"Tottenhamov dvojac dobio priznanje Premier lige zbog reakcije pri spa\u0161avanju navija\u010da\",\"datePublished\":\"2021-10-17T22:48:02+00:00\",\"dateModified\":\"2021-10-17T22:48:04+00:00\",\"mainEntityOfPage\":{\"@id\":\"https:\\\/\\\/radioljubuski.ba\\\/index.php\\\/2021\\\/10\\\/17\\\/tottenhamov-dvojac-dobio-priznanje-premier-lige-zbog-reakcije-pri-spasavanju-navijaca\\\/\"},\"wordCount\":254,\"publisher\":{\"@id\":\"https:\\\/\\\/radioljubuski.ba\\\/#organization\"},\"image\":{\"@id\":\"https:\\\/\\\/radioljubuski.ba\\\/index.php\\\/2021\\\/10\\\/17\\\/tottenhamov-dvojac-dobio-priznanje-premier-lige-zbog-reakcije-pri-spasavanju-navijaca\\\/#primaryimage\"},\"thumbnailUrl\":\"https:\\\/\\\/radioljubuski.ba\\\/wp-content\\\/uploads\\\/2021\\\/10\\\/preuzmi-42.jpg\",\"articleSection\":[\"\u0160port\"],\"inLanguage\":\"hr\"},{\"@type\":\"WebPage\",\"@id\":\"https:\\\/\\\/radioljubuski.ba\\\/index.php\\\/2021\\\/10\\\/17\\\/tottenhamov-dvojac-dobio-priznanje-premier-lige-zbog-reakcije-pri-spasavanju-navijaca\\\/\",\"url\":\"https:\\\/\\\/radioljubuski.ba\\\/index.php\\\/2021\\\/10\\\/17\\\/tottenhamov-dvojac-dobio-priznanje-premier-lige-zbog-reakcije-pri-spasavanju-navijaca\\\/\",\"name\":\"Tottenhamov dvojac dobio priznanje Premier lige zbog reakcije pri spa\u0161avanju navija\u010da - RADIO LJUBU\u0160KI\",\"isPartOf\":{\"@id\":\"https:\\\/\\\/radioljubuski.ba\\\/#website\"},\"primaryImageOfPage\":{\"@id\":\"https:\\\/\\\/radioljubuski.ba\\\/index.php\\\/2021\\\/10\\\/17\\\/tottenhamov-dvojac-dobio-priznanje-premier-lige-zbog-reakcije-pri-spasavanju-navijaca\\\/#primaryimage\"},\"image\":{\"@id\":\"https:\\\/\\\/radioljubuski.ba\\\/index.php\\\/2021\\\/10\\\/17\\\/tottenhamov-dvojac-dobio-priznanje-premier-lige-zbog-reakcije-pri-spasavanju-navijaca\\\/#primaryimage\"},\"thumbnailUrl\":\"https:\\\/\\\/radioljubuski.ba\\\/wp-content\\\/uploads\\\/2021\\\/10\\\/preuzmi-42.jpg\",\"datePublished\":\"2021-10-17T22:48:02+00:00\",\"dateModified\":\"2021-10-17T22:48:04+00:00\",\"breadcrumb\":{\"@id\":\"https:\\\/\\\/radioljubuski.ba\\\/index.php\\\/2021\\\/10\\\/17\\\/tottenhamov-dvojac-dobio-priznanje-premier-lige-zbog-reakcije-pri-spasavanju-navijaca\\\/#breadcrumb\"},\"inLanguage\":\"hr\",\"potentialAction\":[{\"@type\":\"ReadAction\",\"target\":[\"https:\\\/\\\/radioljubuski.ba\\\/index.php\\\/2021\\\/10\\\/17\\\/tottenhamov-dvojac-dobio-priznanje-premier-lige-zbog-reakcije-pri-spasavanju-navijaca\\\/\"]}]},{\"@type\":\"ImageObject\",\"inLanguage\":\"hr\",\"@id\":\"https:\\\/\\\/radioljubuski.ba\\\/index.php\\\/2021\\\/10\\\/17\\\/tottenhamov-dvojac-dobio-priznanje-premier-lige-zbog-reakcije-pri-spasavanju-navijaca\\\/#primaryimage\",\"url\":\"https:\\\/\\\/radioljubuski.ba\\\/wp-content\\\/uploads\\\/2021\\\/10\\\/preuzmi-42.jpg\",\"contentUrl\":\"https:\\\/\\\/radioljubuski.ba\\\/wp-content\\\/uploads\\\/2021\\\/10\\\/preuzmi-42.jpg\",\"width\":265,\"height\":190},{\"@type\":\"BreadcrumbList\",\"@id\":\"https:\\\/\\\/radioljubuski.ba\\\/index.php\\\/2021\\\/10\\\/17\\\/tottenhamov-dvojac-dobio-priznanje-premier-lige-zbog-reakcije-pri-spasavanju-navijaca\\\/#breadcrumb\",\"itemListElement\":[{\"@type\":\"ListItem\",\"position\":1,\"name\":\"Po\u010detna stranica\",\"item\":\"https:\\\/\\\/radioljubuski.ba\\\/\"},{\"@type\":\"ListItem\",\"position\":2,\"name\":\"Tottenhamov dvojac dobio priznanje Premier lige zbog reakcije pri spa\u0161avanju navija\u010da\"}]},{\"@type\":\"WebSite\",\"@id\":\"https:\\\/\\\/radioljubuski.ba\\\/#website\",\"url\":\"https:\\\/\\\/radioljubuski.ba\\\/\",\"name\":\"Radio Ljubu\u0161ki\",\"description\":\"Sun\u010dana frekvencija Hercegovine\",\"publisher\":{\"@id\":\"https:\\\/\\\/radioljubuski.ba\\\/#organization\"},\"potentialAction\":[{\"@type\":\"SearchAction\",\"target\":{\"@type\":\"EntryPoint\",\"urlTemplate\":\"https:\\\/\\\/radioljubuski.ba\\\/?s={search_term_string}\"},\"query-input\":{\"@type\":\"PropertyValueSpecification\",\"valueRequired\":true,\"valueName\":\"search_term_string\"}}],\"inLanguage\":\"hr\"},{\"@type\":\"Organization\",\"@id\":\"https:\\\/\\\/radioljubuski.ba\\\/#organization\",\"name\":\"Radio Ljubu\u0161ki\",\"url\":\"https:\\\/\\\/radioljubuski.ba\\\/\",\"logo\":{\"@type\":\"ImageObject\",\"inLanguage\":\"hr\",\"@id\":\"https:\\\/\\\/radioljubuski.ba\\\/#\\\/schema\\\/logo\\\/image\\\/\",\"url\":\"https:\\\/\\\/radioljubuski.ba\\\/wp-content\\\/uploads\\\/2021\\\/02\\\/cropped-Radio_Ljubuski_logo1.jpg\",\"contentUrl\":\"https:\\\/\\\/radioljubuski.ba\\\/wp-content\\\/uploads\\\/2021\\\/02\\\/cropped-Radio_Ljubuski_logo1.jpg\",\"width\":512,\"height\":512,\"caption\":\"Radio Ljubu\u0161ki\"},\"image\":{\"@id\":\"https:\\\/\\\/radioljubuski.ba\\\/#\\\/schema\\\/logo\\\/image\\\/\"},\"sameAs\":[\"https:\\\/\\\/www.facebook.com\\\/Radiio-Ljubuski-1490835324566332\",\"https:\\\/\\\/x.com\\\/radioljubuski\",\"https:\\\/\\\/hr.linkedin.com\\\/company\\\/radio-ljubuski\",\"https:\\\/\\\/www.youtube.com\\\/channel\\\/UCHYaeO_n0Db3tjNGudGpXyw\"]},{\"@type\":\"Person\",\"@id\":\"https:\\\/\\\/radioljubuski.ba\\\/#\\\/schema\\\/person\\\/19fc700381a780f69665d7956c469e3b\",\"name\":\"Radio Ljubu\u0161ki\"}]}<\/script>\n<!-- \/ Yoast SEO plugin. -->","yoast_head_json":{"title":"Tottenhamov dvojac dobio priznanje Premier lige zbog reakcije pri spa\u0161avanju navija\u010da - RADIO LJUBU\u0160KI","robots":{"index":"index","follow":"follow","max-snippet":"max-snippet:-1","max-image-preview":"max-image-preview:large","max-video-preview":"max-video-preview:-1"},"canonical":"https:\/\/radioljubuski.ba\/index.php\/2021\/10\/17\/tottenhamov-dvojac-dobio-priznanje-premier-lige-zbog-reakcije-pri-spasavanju-navijaca\/","og_locale":"hr_HR","og_type":"article","og_title":"Tottenhamov dvojac dobio priznanje Premier lige zbog reakcije pri spa\u0161avanju navija\u010da - RADIO LJUBU\u0160KI","og_description":"Nogometa\u0161i Tottenham Hotspura u susretu su 8. kola engleskog prvenstva kao gosti svladali Newcastle United s 3-2 (3-1), a susret je obiilje\u017eio polusatni prekid u prvom poluvremenu zbog pomo\u0107i koja se ukazivala jednom od gledatelja kojemu je pozlilo na tribinama. Dvojica igra\u010da Tottenhama\u00a0Sergio Reguilon\u00a0i\u00a0Eric Dier\u00a0dobili su od Premier lige nagradu za igra\u010da utakmice, bez obzira [&hellip;]","og_url":"https:\/\/radioljubuski.ba\/index.php\/2021\/10\/17\/tottenhamov-dvojac-dobio-priznanje-premier-lige-zbog-reakcije-pri-spasavanju-navijaca\/","og_site_name":"RADIO LJUBU\u0160KI","article_publisher":"https:\/\/www.facebook.com\/Radiio-Ljubuski-1490835324566332","article_published_time":"2021-10-17T22:48:02+00:00","article_modified_time":"2021-10-17T22:48:04+00:00","og_image":[{"width":265,"height":190,"url":"https:\/\/radioljubuski.ba\/wp-content\/uploads\/2021\/10\/preuzmi-42.jpg","type":"image\/jpeg"}],"author":"Radio Ljubu\u0161ki","twitter_card":"summary_large_image","twitter_creator":"@radioljubuski","twitter_site":"@radioljubuski","twitter_misc":{"Napisao\/la":"Radio Ljubu\u0161ki","Procijenjeno vrijeme \u010ditanja":"1 minuta"},"schema":{"@context":"https:\/\/schema.org","@graph":[{"@type":"Article","@id":"https:\/\/radioljubuski.ba\/index.php\/2021\/10\/17\/tottenhamov-dvojac-dobio-priznanje-premier-lige-zbog-reakcije-pri-spasavanju-navijaca\/#article","isPartOf":{"@id":"https:\/\/radioljubuski.ba\/index.php\/2021\/10\/17\/tottenhamov-dvojac-dobio-priznanje-premier-lige-zbog-reakcije-pri-spasavanju-navijaca\/"},"author":{"name":"Radio Ljubu\u0161ki","@id":"https:\/\/radioljubuski.ba\/#\/schema\/person\/19fc700381a780f69665d7956c469e3b"},"headline":"Tottenhamov dvojac dobio priznanje Premier lige zbog reakcije pri spa\u0161avanju navija\u010da","datePublished":"2021-10-17T22:48:02+00:00","dateModified":"2021-10-17T22:48:04+00:00","mainEntityOfPage":{"@id":"https:\/\/radioljubuski.ba\/index.php\/2021\/10\/17\/tottenhamov-dvojac-dobio-priznanje-premier-lige-zbog-reakcije-pri-spasavanju-navijaca\/"},"wordCount":254,"publisher":{"@id":"https:\/\/radioljubuski.ba\/#organization"},"image":{"@id":"https:\/\/radioljubuski.ba\/index.php\/2021\/10\/17\/tottenhamov-dvojac-dobio-priznanje-premier-lige-zbog-reakcije-pri-spasavanju-navijaca\/#primaryimage"},"thumbnailUrl":"https:\/\/radioljubuski.ba\/wp-content\/uploads\/2021\/10\/preuzmi-42.jpg","articleSection":["\u0160port"],"inLanguage":"hr"},{"@type":"WebPage","@id":"https:\/\/radioljubuski.ba\/index.php\/2021\/10\/17\/tottenhamov-dvojac-dobio-priznanje-premier-lige-zbog-reakcije-pri-spasavanju-navijaca\/","url":"https:\/\/radioljubuski.ba\/index.php\/2021\/10\/17\/tottenhamov-dvojac-dobio-priznanje-premier-lige-zbog-reakcije-pri-spasavanju-navijaca\/","name":"Tottenhamov dvojac dobio priznanje Premier lige zbog reakcije pri spa\u0161avanju navija\u010da - RADIO LJUBU\u0160KI","isPartOf":{"@id":"https:\/\/radioljubuski.ba\/#website"},"primaryImageOfPage":{"@id":"https:\/\/radioljubuski.ba\/index.php\/2021\/10\/17\/tottenhamov-dvojac-dobio-priznanje-premier-lige-zbog-reakcije-pri-spasavanju-navijaca\/#primaryimage"},"image":{"@id":"https:\/\/radioljubuski.ba\/index.php\/2021\/10\/17\/tottenhamov-dvojac-dobio-priznanje-premier-lige-zbog-reakcije-pri-spasavanju-navijaca\/#primaryimage"},"thumbnailUrl":"https:\/\/radioljubuski.ba\/wp-content\/uploads\/2021\/10\/preuzmi-42.jpg","datePublished":"2021-10-17T22:48:02+00:00","dateModified":"2021-10-17T22:48:04+00:00","breadcrumb":{"@id":"https:\/\/radioljubuski.ba\/index.php\/2021\/10\/17\/tottenhamov-dvojac-dobio-priznanje-premier-lige-zbog-reakcije-pri-spasavanju-navijaca\/#breadcrumb"},"inLanguage":"hr","potentialAction":[{"@type":"ReadAction","target":["https:\/\/radioljubuski.ba\/index.php\/2021\/10\/17\/tottenhamov-dvojac-dobio-priznanje-premier-lige-zbog-reakcije-pri-spasavanju-navijaca\/"]}]},{"@type":"ImageObject","inLanguage":"hr","@id":"https:\/\/radioljubuski.ba\/index.php\/2021\/10\/17\/tottenhamov-dvojac-dobio-priznanje-premier-lige-zbog-reakcije-pri-spasavanju-navijaca\/#primaryimage","url":"https:\/\/radioljubuski.ba\/wp-content\/uploads\/2021\/10\/preuzmi-42.jpg","contentUrl":"https:\/\/radioljubuski.ba\/wp-content\/uploads\/2021\/10\/preuzmi-42.jpg","width":265,"height":190},{"@type":"BreadcrumbList","@id":"https:\/\/radioljubuski.ba\/index.php\/2021\/10\/17\/tottenhamov-dvojac-dobio-priznanje-premier-lige-zbog-reakcije-pri-spasavanju-navijaca\/#breadcrumb","itemListElement":[{"@type":"ListItem","position":1,"name":"Po\u010detna stranica","item":"https:\/\/radioljubuski.ba\/"},{"@type":"ListItem","position":2,"name":"Tottenhamov dvojac dobio priznanje Premier lige zbog reakcije pri spa\u0161avanju navija\u010da"}]},{"@type":"WebSite","@id":"https:\/\/radioljubuski.ba\/#website","url":"https:\/\/radioljubuski.ba\/","name":"Radio Ljubu\u0161ki","description":"Sun\u010dana frekvencija Hercegovine","publisher":{"@id":"https:\/\/radioljubuski.ba\/#organization"},"potentialAction":[{"@type":"SearchAction","target":{"@type":"EntryPoint","urlTemplate":"https:\/\/radioljubuski.ba\/?s={search_term_string}"},"query-input":{"@type":"PropertyValueSpecification","valueRequired":true,"valueName":"search_term_string"}}],"inLanguage":"hr"},{"@type":"Organization","@id":"https:\/\/radioljubuski.ba\/#organization","name":"Radio Ljubu\u0161ki","url":"https:\/\/radioljubuski.ba\/","logo":{"@type":"ImageObject","inLanguage":"hr","@id":"https:\/\/radioljubuski.ba\/#\/schema\/logo\/image\/","url":"https:\/\/radioljubuski.ba\/wp-content\/uploads\/2021\/02\/cropped-Radio_Ljubuski_logo1.jpg","contentUrl":"https:\/\/radioljubuski.ba\/wp-content\/uploads\/2021\/02\/cropped-Radio_Ljubuski_logo1.jpg","width":512,"height":512,"caption":"Radio Ljubu\u0161ki"},"image":{"@id":"https:\/\/radioljubuski.ba\/#\/schema\/logo\/image\/"},"sameAs":["https:\/\/www.facebook.com\/Radiio-Ljubuski-1490835324566332","https:\/\/x.com\/radioljubuski","https:\/\/hr.linkedin.com\/company\/radio-ljubuski","https:\/\/www.youtube.com\/channel\/UCHYaeO_n0Db3tjNGudGpXyw"]},{"@type":"Person","@id":"https:\/\/radioljubuski.ba\/#\/schema\/person\/19fc700381a780f69665d7956c469e3b","name":"Radio Ljubu\u0161ki"}]}},"_links":{"self":[{"href":"https:\/\/radioljubuski.ba\/index.php\/wp-json\/wp\/v2\/posts\/77283","targetHints":{"allow":["GET"]}}],"collection":[{"href":"https:\/\/radioljubuski.ba\/index.php\/wp-json\/wp\/v2\/posts"}],"about":[{"href":"https:\/\/radioljubuski.ba\/index.php\/wp-json\/wp\/v2\/types\/post"}],"author":[{"embeddable":true,"href":"https:\/\/radioljubuski.ba\/index.php\/wp-json\/wp\/v2\/users\/2"}],"replies":[{"embeddable":true,"href":"https:\/\/radioljubuski.ba\/index.php\/wp-json\/wp\/v2\/comments?post=77283"}],"version-history":[{"count":1,"href":"https:\/\/radioljubuski.ba\/index.php\/wp-json\/wp\/v2\/posts\/77283\/revisions"}],"predecessor-version":[{"id":77285,"href":"https:\/\/radioljubuski.ba\/index.php\/wp-json\/wp\/v2\/posts\/77283\/revisions\/77285"}],"wp:featuredmedia":[{"embeddable":true,"href":"https:\/\/radioljubuski.ba\/index.php\/wp-json\/wp\/v2\/media\/77284"}],"wp:attachment":[{"href":"https:\/\/radioljubuski.ba\/index.php\/wp-json\/wp\/v2\/media?parent=77283"}],"wp:term":[{"taxonomy":"category","embeddable":true,"href":"https:\/\/radioljubuski.ba\/index.php\/wp-json\/wp\/v2\/categories?post=77283"},{"taxonomy":"post_tag","embeddable":true,"href":"https:\/\/radioljubuski.ba\/index.php\/wp-json\/wp\/v2\/tags?post=77283"}],"curies":[{"name":"wp","href":"https:\/\/api.w.org\/{rel}","templated":true}]}}