{"id":77295,"date":"2021-10-17T23:53:40","date_gmt":"2021-10-17T22:53:40","guid":{"rendered":"https:\/\/radioljubuski.ba\/?p=77295"},"modified":"2021-10-17T23:53:41","modified_gmt":"2021-10-17T22:53:41","slug":"sudac-kees-van-der-weide-progledao-clanovi-vstv-sada-pokusavaju-sakriti-istinu-od-javnosti","status":"publish","type":"post","link":"https:\/\/radioljubuski.ba\/index.php\/2021\/10\/17\/sudac-kees-van-der-weide-progledao-clanovi-vstv-sada-pokusavaju-sakriti-istinu-od-javnosti\/","title":{"rendered":"Sudac Kees van der Weide \u201eprogledao\u201c, \u010dlanovi VSTV sada poku\u0161avaju sakriti istinu od javnosti"},"content":{"rendered":"\n<p><strong>Napokon je nizozemski sudac i savjetnik Visokog sudskog i tu\u017eiteljskog vije\u0107a (VSTV) Bosne i Hercegovine Kees van der Wiede \u201eprogledao\u201c kada su u pitanju stegovni postupci za glavnu tu\u017eiteljicu Gordanu Tadi\u0107 i predsjednika suda Ranka Debevec.<\/strong><\/p>\n\n\n\n<p><strong>Pi\u0161e: Estera Horvat,&nbsp;<a href=\"https:\/\/fenix-magazin.de\/i-to-se-dogodilo-sudac-kees-van-der-weide-progledao-clanovi-vstv-sada-pokusavaju-sakriti-istinu-od-javnosti\/\" target=\"_blank\" rel=\"noreferrer noopener\">Fenix magazin.de<\/a><\/strong><\/p>\n\n\n\n<p>Naime, sasvim je jasno da su mediji svakodnevno torpedirali javnost tekstovima kojima su imputirali krivicu glavne tu\u017eiteljice Gordane Tadi\u0107. Pored onih medija koji podr\u017eavaju SDA i SDS, bili su tu i oni mediji koji se predstavljaju objektivnim, a koje financiraju razna veleposlanstva i nevladine organizacije. Pojedini novinari BIRN-a, koji su bliski SDA stranci, pojedini \u201eneovisni\u201c novinari isped \u201eCIN\u201c-a, bloger Slobodan Vaskovi\u0107, koji nikada ne pi\u0161e o kriminalu \u010dlanova SDS-a, zatim Ivana Korajli\u0107, koja je ispred Transparency international BiH (TI BiH), bila redovita u davanju izjava, koje su bile samo jedno tj. tra\u017eenje od \u010dlanova VSTV da se ukloni Gordana Tadi\u0107 s mjesta glavne tu\u017eiteljice.<\/p>\n\n\n\n<p>Ina\u010de majka Ivane Korajli\u0107 je Svetlana Ceni\u0107, politi\u010dka analiti\u010darka i ekonomistica, koja je bila \u010dlanica u Upravnom odboru organizacije TI BiH kada je njena k\u0107erka Ivana Korajli\u0107 bila primljena u TI BiH. Dakle, sumnja se kako je ona utjecala da se njezina k\u0107erka primi u TI BiH. Nije nepozato da je Svetlana Ceni\u0107 bila pri SDS-u, prevodila je za kadrove SDS i bila osobna prevoditeljica Mom\u010dila Kraji\u0161nika, te je bila suradnica Jovana Tintora u ratnim godinama. Sada ta njezina k\u0107erka Ivana Korajli\u0107, koja je najmla\u0111i izvr\u0161ni ravnatelj TI BiH, govori o korupciji i napada sve one koji su zaposleni po nepotizmu i glavna je djeliteljica \u201epravde\u201c.<\/p>\n\n\n\n<p><strong>\u201e\u017dedni krvi\u201c<\/strong><\/p>\n\n\n\n<p>Gordana Tadi\u0107 je pogrije\u0161ila \u0161to je koristila pravo koje joj pripada po zakonu, da raspore\u0111uje tu\u017eitelje da postupaju u pojedinim predmetima? Pogrije\u0161ila je \u0161to je postupala isto kao i svi drugi glavni tu\u017eitelji, ali koji nisu procesuirani. Zna se da bi razrije\u0161enjem Gordane Tadi\u0107 SDA i SDS, doveli svoga podobnog glavnog tu\u017eitelja da zaustavi predmete, koji se vode protiv njihovih \u010delnika. Navijaju za to otvoreno i Osman Mehmedagi\u0107 i Bakir Izetbegovi\u0107, ali i Dragan Mekti\u0107, optu\u017eenik protiv kojeg se vodi predmet pred Sudom BiH zbog korupcije. Ti mediji su uporno javno tra\u017eili i pitali za\u0161to se ne donosi stegovna odluka za glavnu tu\u017eiteljicu Gordanu Tadi\u0107. Iako je bilo sve u zakonskom roku.<br>\u201e\u017dedni krvi\u201c nisu mogli do\u010dekati \u201esje\u010du glave\u201c Gordane Tadi\u0107! Kada je donesena drugostupanjska stegovna odluka, ti mediji su bili odu\u0161evljeni. Sada mediji kao \u0161to su Istraga.ba, Patria.ba kao i mediji bliski SDA, te portal Banja Luka smi\u0161ljaju razne stvari kako bi utjecali na \u010dlanove VSTV i javnost, da potvrdi svoju odluku o razrje\u0161enju Gordane Tadi\u0107. Tako podme\u0107u kako Gordanu Tadi\u0107 spa\u0161ava Vu\u010di\u0107, jer je uspjela dogovoriti i da se svi postupci pokrenuti protiv dr\u017eavljana BiH u vezi ratnih zlo\u010dina ustupe BiH pravosu\u0111u. Zna\u010di Gordana Tadi\u0107 \u0161to god da uradi, bez obzira \u0161to je pozitivno, od tih medija se prikazuje kao negativno. Nadalje, portal iz Banja Luke navodi da je sad dat ogroman novac da se Gordan Tadi\u0107 oslobodi odgovornosti. A to sve \u0161to su svjesni, da ne postoji razlog niti je u\u010dinila stegovni prekr\u0161aj da Gordana Tadi\u0107 bude razrije\u0161ena du\u017enosti glavne tu\u017eiteljice.<\/p>\n\n\n\n<p><strong>Progledao i sudac<\/strong><\/p>\n\n\n\n<p>Sudac Kees van der Weide napokon je progledao i usporedio ovaj stegovni postupak s postupkom predsjednika Ranka Debevca, te naveo da u svezi stegovnog postupka postoji \u0161utnja. Mediji \u0161ute o tom postupku! Iako je VSTV donijelo najsramniju odluku od kako postoji i oslobodilo predsjenika Debevca od bilo kakve odgovornosti, iako je isti po\u010dinio kazneno djelo, a ne samo prekr\u0161aj. \u010clanovi VSTV sada \u017eele sakriti tu odluku u potpunosti od javnosti. Ne\u0107e \u010dak niti da anonimiziraju odluku, te da prikriju sve one podatke, koji bi se odnosili na druge osobe. Naravno, kada je odluka nezakonita. Naime, \u010dlanovi su obrazlagali odluku i primjenivali odredbe i tuma\u010denje prema Zakonu o kaznenom postupku, iako se postupak vodi po pravilima Zakona o parni\u010dnom postupku.<\/p>\n\n\n\n<p>Prema Zakonu u parni\u010dnom postupku, kada tu\u017eitelj podnese tu\u017ebu i tvrdi odre\u0111ene \u010dinjenice, tu\u017eeni je du\u017ean da doka\u017ee da to nije. U ovome slu\u010daju stegovni tu\u017eitelj je dokazao da se Ranko Debevec sastao zajedno sa Osmanom Mehmedagi\u0107 u stanu jednog poznanika. Pa i kada bi bila to\u010dna \u010dinjenica da ih je taj poznanik pozvao isti su ba\u0161 do\u0161li u isto vrijeme i oti\u0161li u isto vrijeme, a \u0161to je zabilje\u017eeno na nadzornoj kameri i \u0161to se ne mo\u017ee podvesti pod slu\u010dajnost. Poznanik je mogao i pozvati njih dvojicu zajedno, ali je Ranko Debevec morao odmah napustitu taj stan ili ne ulaziti u zgradu, kada je vidio da ide i Osman Mehmedagi\u0107 koji je optu\u017eeni u njegovom sudu i koji raspore\u0111uje suce koji \u0107e suditi u tom predmetu. Naravno svi u Sarajevu znaju da to nije slu\u010dajno, jer se Ranko Debevec i Osman Mehmedagi\u0107 dru\u017ee intenzivno. Kakav motiv je stegovni tu\u017eitelj trebao dokazati kada postoji materijalni dokaz da je Ranko Debevec tri puta unio la\u017ene podatke u vezi svoje imovine, dr\u017eavljanstva i identiteta i na kojem obrascu stoji da \u0107e odgovarati kazneno i stegovno, te da \u0107e biti razrije\u0161en ukoliko unese neistinite podatke. Ni\u0161ta tu\u017eitelj nakon toga nije vi\u0161e morao dokazivati, a motiv je jasan jer je Ranko Debevec Kaveson znao vrlo dobro da bi izgubio \u0161panjolsko dr\u017eavljanstvo ako se dozna da je opet dobio BiH dr\u017eavljanstvo, jer je Zakon o dr\u017eavljanstvu \u0160panjolske jasan:\u201c gubi se dr\u017eavljanstvo \u0160panjolske prijemom drugog dr\u017eavljanstva\u201c.<\/p>\n\n\n\n<p><strong>Pritisak na tu\u017eiteljicu<\/strong><\/p>\n\n\n\n<p>Nakon takve odluke Ranko Debevec kao predsjednik Suda BiH i Ranko Debevec Kaveson mo\u017ee i dalje varati \u0160panjolsku, kao i sve druge gra\u0111ane Bosne i Hercegovine. Ranko Debevec je slao postupaju\u0107oj tu\u017eiteljici Vedrani Miovi\u0107 poruke kojim vr\u0161i pritisak na tu\u017eiteljicu i \u0161to provjerava njegovu imovinu i prijavu te ni za to ne odgovara. Bi li bilo koji gra\u0111anin mogao napisati tu\u017eitelju poruku zbog \u010dega ga istra\u017euje i da ne mo\u017ee njega istra\u017eivati? Naravno da ne bi, jer bi po\u010dinio kazneno djelo ometaju\u0107i istragu! Ranko Debevec je izvan zakona! Ni poruka upu\u0107ena poznaniku nije mogla dovesti do odgovornosti Debevca, koji prijeti poput nekog mafija\u0161kog kuma, te mu je tom prigodom napisao: \u201cMene, a \u0161to je najgore i moje dijete, su ti ljudi iz grupe s kojom si ti, proglasili me\u0111unarodnim kriminalcem u Europi i svijetu, a svatko zna da to ni u snu nisam i da ni\u0161ta kriminalno nisam napravio. Moj otac bi se u grobu prevrtao da zna \u0161to mu se sinu i unuci radi. To se mo\u017ee samo krvlju oprati i ni\u010dim vi\u0161e\u201d, sadr\u017eaj je poruke koju je sudac poslao biv\u0161em prijatelju.<\/p>\n\n\n\n<p>VSTV, ali i me\u0111unarodna zajednica, su pali na ispitu, jer su \u0161utjeli na o\u010dite nezakonitosti, \u010dime su pokazali da su selektivni i reagiraju i postupanju samo po \u017eeljama SDA-ovih i SDS-ovih protagonista. Naravno Ranko Debevec je imao sre\u0107u da ga \u0161titi SDA i Osman Mehmedagi\u0107 Osmica, ali pored toga i da ga \u0161titi Halil Lagumd\u017eija predsjednik VSTV, jer je on sudac Rankovog suda i kojeg je Ranko Debevec izlobirao za \u010dlana VSTV-a. Nevjerojatno je kakva se ljubav rodila izme\u0111u Ranka Debevca i SDA, protiv \u010dijeg je izbora bila SDA 2016. godine, te su prijetili \u010dlanovima VSTV da \u0107e zbog toga snositi odgovornost. Mo\u017eda je dobro \u0161to se SDA i SDS promijenili mi\u0161ljenje o Ranku Debevcu, a pogotovo \u0161to im poma\u017ee sudac Branko Peri\u0107, koji je blizak SDS stranci i koji o\u010dito sudjeluje u pomaganju spa\u0161avanja \u010delnika SDA, koji su optu\u017eeni, te se mo\u017ee skoro pa sigurno zaklju\u010diti kakav \u0107e biti epilog predmeta, koje taj sudac sudi.<\/p>\n\n\n\n<p>\/HMS\/<\/p>\n","protected":false},"excerpt":{"rendered":"<p>Napokon je nizozemski sudac i savjetnik Visokog sudskog i tu\u017eiteljskog vije\u0107a (VSTV) Bosne i Hercegovine Kees van der Wiede \u201eprogledao\u201c kada su u pitanju stegovni postupci za glavnu tu\u017eiteljicu Gordanu Tadi\u0107 i predsjednika suda Ranka Debevec. Pi\u0161e: Estera Horvat,&nbsp;Fenix magazin.de Naime, sasvim je jasno da su mediji svakodnevno torpedirali javnost tekstovima kojima su imputirali krivicu [&hellip;]<\/p>\n","protected":false},"author":2,"featured_media":77296,"comment_status":"closed","ping_status":"closed","sticky":false,"template":"","format":"standard","meta":{"h5ap_radio_sources":[],"footnotes":""},"categories":[1],"tags":[],"class_list":["post-77295","post","type-post","status-publish","format-standard","has-post-thumbnail","hentry","category-bihiregija"],"yoast_head":"<!-- This site is optimized with the Yoast SEO plugin v27.4 - https:\/\/yoast.com\/product\/yoast-seo-wordpress\/ -->\n<title>Sudac Kees van der Weide \u201eprogledao\u201c, \u010dlanovi VSTV sada poku\u0161avaju sakriti istinu od javnosti - RADIO LJUBU\u0160KI<\/title>\n<meta name=\"robots\" content=\"index, follow, max-snippet:-1, max-image-preview:large, max-video-preview:-1\" \/>\n<link rel=\"canonical\" href=\"https:\/\/radioljubuski.ba\/index.php\/2021\/10\/17\/sudac-kees-van-der-weide-progledao-clanovi-vstv-sada-pokusavaju-sakriti-istinu-od-javnosti\/\" \/>\n<meta property=\"og:locale\" content=\"hr_HR\" \/>\n<meta property=\"og:type\" content=\"article\" \/>\n<meta property=\"og:title\" content=\"Sudac Kees van der Weide \u201eprogledao\u201c, \u010dlanovi VSTV sada poku\u0161avaju sakriti istinu od javnosti - RADIO LJUBU\u0160KI\" \/>\n<meta property=\"og:description\" content=\"Napokon je nizozemski sudac i savjetnik Visokog sudskog i tu\u017eiteljskog vije\u0107a (VSTV) Bosne i Hercegovine Kees van der Wiede \u201eprogledao\u201c kada su u pitanju stegovni postupci za glavnu tu\u017eiteljicu Gordanu Tadi\u0107 i predsjednika suda Ranka Debevec. Pi\u0161e: Estera Horvat,&nbsp;Fenix magazin.de Naime, sasvim je jasno da su mediji svakodnevno torpedirali javnost tekstovima kojima su imputirali krivicu [&hellip;]\" \/>\n<meta property=\"og:url\" content=\"https:\/\/radioljubuski.ba\/index.php\/2021\/10\/17\/sudac-kees-van-der-weide-progledao-clanovi-vstv-sada-pokusavaju-sakriti-istinu-od-javnosti\/\" \/>\n<meta property=\"og:site_name\" content=\"RADIO LJUBU\u0160KI\" \/>\n<meta property=\"article:publisher\" content=\"https:\/\/www.facebook.com\/Radiio-Ljubuski-1490835324566332\" \/>\n<meta property=\"article:published_time\" content=\"2021-10-17T22:53:40+00:00\" \/>\n<meta property=\"article:modified_time\" content=\"2021-10-17T22:53:41+00:00\" \/>\n<meta property=\"og:image\" content=\"https:\/\/radioljubuski.ba\/wp-content\/uploads\/2021\/10\/Kees-van-der-Weide.jpg\" \/>\n\t<meta property=\"og:image:width\" content=\"660\" \/>\n\t<meta property=\"og:image:height\" content=\"330\" \/>\n\t<meta property=\"og:image:type\" content=\"image\/jpeg\" \/>\n<meta name=\"author\" content=\"Radio Ljubu\u0161ki\" \/>\n<meta name=\"twitter:card\" content=\"summary_large_image\" \/>\n<meta name=\"twitter:creator\" content=\"@radioljubuski\" \/>\n<meta name=\"twitter:site\" content=\"@radioljubuski\" \/>\n<meta name=\"twitter:label1\" content=\"Napisao\/la\" \/>\n\t<meta name=\"twitter:data1\" content=\"Radio Ljubu\u0161ki\" \/>\n\t<meta name=\"twitter:label2\" content=\"Procijenjeno vrijeme \u010ditanja\" \/>\n\t<meta name=\"twitter:data2\" content=\"6 minuta\" \/>\n<script type=\"application\/ld+json\" class=\"yoast-schema-graph\">{\"@context\":\"https:\\\/\\\/schema.org\",\"@graph\":[{\"@type\":\"Article\",\"@id\":\"https:\\\/\\\/radioljubuski.ba\\\/index.php\\\/2021\\\/10\\\/17\\\/sudac-kees-van-der-weide-progledao-clanovi-vstv-sada-pokusavaju-sakriti-istinu-od-javnosti\\\/#article\",\"isPartOf\":{\"@id\":\"https:\\\/\\\/radioljubuski.ba\\\/index.php\\\/2021\\\/10\\\/17\\\/sudac-kees-van-der-weide-progledao-clanovi-vstv-sada-pokusavaju-sakriti-istinu-od-javnosti\\\/\"},\"author\":{\"name\":\"Radio Ljubu\u0161ki\",\"@id\":\"https:\\\/\\\/radioljubuski.ba\\\/#\\\/schema\\\/person\\\/19fc700381a780f69665d7956c469e3b\"},\"headline\":\"Sudac Kees van der Weide \u201eprogledao\u201c, \u010dlanovi VSTV sada poku\u0161avaju sakriti istinu od javnosti\",\"datePublished\":\"2021-10-17T22:53:40+00:00\",\"dateModified\":\"2021-10-17T22:53:41+00:00\",\"mainEntityOfPage\":{\"@id\":\"https:\\\/\\\/radioljubuski.ba\\\/index.php\\\/2021\\\/10\\\/17\\\/sudac-kees-van-der-weide-progledao-clanovi-vstv-sada-pokusavaju-sakriti-istinu-od-javnosti\\\/\"},\"wordCount\":1350,\"publisher\":{\"@id\":\"https:\\\/\\\/radioljubuski.ba\\\/#organization\"},\"image\":{\"@id\":\"https:\\\/\\\/radioljubuski.ba\\\/index.php\\\/2021\\\/10\\\/17\\\/sudac-kees-van-der-weide-progledao-clanovi-vstv-sada-pokusavaju-sakriti-istinu-od-javnosti\\\/#primaryimage\"},\"thumbnailUrl\":\"https:\\\/\\\/radioljubuski.ba\\\/wp-content\\\/uploads\\\/2021\\\/10\\\/Kees-van-der-Weide.jpg\",\"articleSection\":[\"BIH i regija\"],\"inLanguage\":\"hr\"},{\"@type\":\"WebPage\",\"@id\":\"https:\\\/\\\/radioljubuski.ba\\\/index.php\\\/2021\\\/10\\\/17\\\/sudac-kees-van-der-weide-progledao-clanovi-vstv-sada-pokusavaju-sakriti-istinu-od-javnosti\\\/\",\"url\":\"https:\\\/\\\/radioljubuski.ba\\\/index.php\\\/2021\\\/10\\\/17\\\/sudac-kees-van-der-weide-progledao-clanovi-vstv-sada-pokusavaju-sakriti-istinu-od-javnosti\\\/\",\"name\":\"Sudac Kees van der Weide \u201eprogledao\u201c, \u010dlanovi VSTV sada poku\u0161avaju sakriti istinu od javnosti - RADIO LJUBU\u0160KI\",\"isPartOf\":{\"@id\":\"https:\\\/\\\/radioljubuski.ba\\\/#website\"},\"primaryImageOfPage\":{\"@id\":\"https:\\\/\\\/radioljubuski.ba\\\/index.php\\\/2021\\\/10\\\/17\\\/sudac-kees-van-der-weide-progledao-clanovi-vstv-sada-pokusavaju-sakriti-istinu-od-javnosti\\\/#primaryimage\"},\"image\":{\"@id\":\"https:\\\/\\\/radioljubuski.ba\\\/index.php\\\/2021\\\/10\\\/17\\\/sudac-kees-van-der-weide-progledao-clanovi-vstv-sada-pokusavaju-sakriti-istinu-od-javnosti\\\/#primaryimage\"},\"thumbnailUrl\":\"https:\\\/\\\/radioljubuski.ba\\\/wp-content\\\/uploads\\\/2021\\\/10\\\/Kees-van-der-Weide.jpg\",\"datePublished\":\"2021-10-17T22:53:40+00:00\",\"dateModified\":\"2021-10-17T22:53:41+00:00\",\"breadcrumb\":{\"@id\":\"https:\\\/\\\/radioljubuski.ba\\\/index.php\\\/2021\\\/10\\\/17\\\/sudac-kees-van-der-weide-progledao-clanovi-vstv-sada-pokusavaju-sakriti-istinu-od-javnosti\\\/#breadcrumb\"},\"inLanguage\":\"hr\",\"potentialAction\":[{\"@type\":\"ReadAction\",\"target\":[\"https:\\\/\\\/radioljubuski.ba\\\/index.php\\\/2021\\\/10\\\/17\\\/sudac-kees-van-der-weide-progledao-clanovi-vstv-sada-pokusavaju-sakriti-istinu-od-javnosti\\\/\"]}]},{\"@type\":\"ImageObject\",\"inLanguage\":\"hr\",\"@id\":\"https:\\\/\\\/radioljubuski.ba\\\/index.php\\\/2021\\\/10\\\/17\\\/sudac-kees-van-der-weide-progledao-clanovi-vstv-sada-pokusavaju-sakriti-istinu-od-javnosti\\\/#primaryimage\",\"url\":\"https:\\\/\\\/radioljubuski.ba\\\/wp-content\\\/uploads\\\/2021\\\/10\\\/Kees-van-der-Weide.jpg\",\"contentUrl\":\"https:\\\/\\\/radioljubuski.ba\\\/wp-content\\\/uploads\\\/2021\\\/10\\\/Kees-van-der-Weide.jpg\",\"width\":660,\"height\":330},{\"@type\":\"BreadcrumbList\",\"@id\":\"https:\\\/\\\/radioljubuski.ba\\\/index.php\\\/2021\\\/10\\\/17\\\/sudac-kees-van-der-weide-progledao-clanovi-vstv-sada-pokusavaju-sakriti-istinu-od-javnosti\\\/#breadcrumb\",\"itemListElement\":[{\"@type\":\"ListItem\",\"position\":1,\"name\":\"Po\u010detna stranica\",\"item\":\"https:\\\/\\\/radioljubuski.ba\\\/\"},{\"@type\":\"ListItem\",\"position\":2,\"name\":\"Sudac Kees van der Weide \u201eprogledao\u201c, \u010dlanovi VSTV sada poku\u0161avaju sakriti istinu od javnosti\"}]},{\"@type\":\"WebSite\",\"@id\":\"https:\\\/\\\/radioljubuski.ba\\\/#website\",\"url\":\"https:\\\/\\\/radioljubuski.ba\\\/\",\"name\":\"Radio Ljubu\u0161ki\",\"description\":\"Sun\u010dana frekvencija Hercegovine\",\"publisher\":{\"@id\":\"https:\\\/\\\/radioljubuski.ba\\\/#organization\"},\"potentialAction\":[{\"@type\":\"SearchAction\",\"target\":{\"@type\":\"EntryPoint\",\"urlTemplate\":\"https:\\\/\\\/radioljubuski.ba\\\/?s={search_term_string}\"},\"query-input\":{\"@type\":\"PropertyValueSpecification\",\"valueRequired\":true,\"valueName\":\"search_term_string\"}}],\"inLanguage\":\"hr\"},{\"@type\":\"Organization\",\"@id\":\"https:\\\/\\\/radioljubuski.ba\\\/#organization\",\"name\":\"Radio Ljubu\u0161ki\",\"url\":\"https:\\\/\\\/radioljubuski.ba\\\/\",\"logo\":{\"@type\":\"ImageObject\",\"inLanguage\":\"hr\",\"@id\":\"https:\\\/\\\/radioljubuski.ba\\\/#\\\/schema\\\/logo\\\/image\\\/\",\"url\":\"https:\\\/\\\/radioljubuski.ba\\\/wp-content\\\/uploads\\\/2021\\\/02\\\/cropped-Radio_Ljubuski_logo1.jpg\",\"contentUrl\":\"https:\\\/\\\/radioljubuski.ba\\\/wp-content\\\/uploads\\\/2021\\\/02\\\/cropped-Radio_Ljubuski_logo1.jpg\",\"width\":512,\"height\":512,\"caption\":\"Radio Ljubu\u0161ki\"},\"image\":{\"@id\":\"https:\\\/\\\/radioljubuski.ba\\\/#\\\/schema\\\/logo\\\/image\\\/\"},\"sameAs\":[\"https:\\\/\\\/www.facebook.com\\\/Radiio-Ljubuski-1490835324566332\",\"https:\\\/\\\/x.com\\\/radioljubuski\",\"https:\\\/\\\/hr.linkedin.com\\\/company\\\/radio-ljubuski\",\"https:\\\/\\\/www.youtube.com\\\/channel\\\/UCHYaeO_n0Db3tjNGudGpXyw\"]},{\"@type\":\"Person\",\"@id\":\"https:\\\/\\\/radioljubuski.ba\\\/#\\\/schema\\\/person\\\/19fc700381a780f69665d7956c469e3b\",\"name\":\"Radio Ljubu\u0161ki\"}]}<\/script>\n<!-- \/ Yoast SEO plugin. -->","yoast_head_json":{"title":"Sudac Kees van der Weide \u201eprogledao\u201c, \u010dlanovi VSTV sada poku\u0161avaju sakriti istinu od javnosti - RADIO LJUBU\u0160KI","robots":{"index":"index","follow":"follow","max-snippet":"max-snippet:-1","max-image-preview":"max-image-preview:large","max-video-preview":"max-video-preview:-1"},"canonical":"https:\/\/radioljubuski.ba\/index.php\/2021\/10\/17\/sudac-kees-van-der-weide-progledao-clanovi-vstv-sada-pokusavaju-sakriti-istinu-od-javnosti\/","og_locale":"hr_HR","og_type":"article","og_title":"Sudac Kees van der Weide \u201eprogledao\u201c, \u010dlanovi VSTV sada poku\u0161avaju sakriti istinu od javnosti - RADIO LJUBU\u0160KI","og_description":"Napokon je nizozemski sudac i savjetnik Visokog sudskog i tu\u017eiteljskog vije\u0107a (VSTV) Bosne i Hercegovine Kees van der Wiede \u201eprogledao\u201c kada su u pitanju stegovni postupci za glavnu tu\u017eiteljicu Gordanu Tadi\u0107 i predsjednika suda Ranka Debevec. Pi\u0161e: Estera Horvat,&nbsp;Fenix magazin.de Naime, sasvim je jasno da su mediji svakodnevno torpedirali javnost tekstovima kojima su imputirali krivicu [&hellip;]","og_url":"https:\/\/radioljubuski.ba\/index.php\/2021\/10\/17\/sudac-kees-van-der-weide-progledao-clanovi-vstv-sada-pokusavaju-sakriti-istinu-od-javnosti\/","og_site_name":"RADIO LJUBU\u0160KI","article_publisher":"https:\/\/www.facebook.com\/Radiio-Ljubuski-1490835324566332","article_published_time":"2021-10-17T22:53:40+00:00","article_modified_time":"2021-10-17T22:53:41+00:00","og_image":[{"width":660,"height":330,"url":"https:\/\/radioljubuski.ba\/wp-content\/uploads\/2021\/10\/Kees-van-der-Weide.jpg","type":"image\/jpeg"}],"author":"Radio Ljubu\u0161ki","twitter_card":"summary_large_image","twitter_creator":"@radioljubuski","twitter_site":"@radioljubuski","twitter_misc":{"Napisao\/la":"Radio Ljubu\u0161ki","Procijenjeno vrijeme \u010ditanja":"6 minuta"},"schema":{"@context":"https:\/\/schema.org","@graph":[{"@type":"Article","@id":"https:\/\/radioljubuski.ba\/index.php\/2021\/10\/17\/sudac-kees-van-der-weide-progledao-clanovi-vstv-sada-pokusavaju-sakriti-istinu-od-javnosti\/#article","isPartOf":{"@id":"https:\/\/radioljubuski.ba\/index.php\/2021\/10\/17\/sudac-kees-van-der-weide-progledao-clanovi-vstv-sada-pokusavaju-sakriti-istinu-od-javnosti\/"},"author":{"name":"Radio Ljubu\u0161ki","@id":"https:\/\/radioljubuski.ba\/#\/schema\/person\/19fc700381a780f69665d7956c469e3b"},"headline":"Sudac Kees van der Weide \u201eprogledao\u201c, \u010dlanovi VSTV sada poku\u0161avaju sakriti istinu od javnosti","datePublished":"2021-10-17T22:53:40+00:00","dateModified":"2021-10-17T22:53:41+00:00","mainEntityOfPage":{"@id":"https:\/\/radioljubuski.ba\/index.php\/2021\/10\/17\/sudac-kees-van-der-weide-progledao-clanovi-vstv-sada-pokusavaju-sakriti-istinu-od-javnosti\/"},"wordCount":1350,"publisher":{"@id":"https:\/\/radioljubuski.ba\/#organization"},"image":{"@id":"https:\/\/radioljubuski.ba\/index.php\/2021\/10\/17\/sudac-kees-van-der-weide-progledao-clanovi-vstv-sada-pokusavaju-sakriti-istinu-od-javnosti\/#primaryimage"},"thumbnailUrl":"https:\/\/radioljubuski.ba\/wp-content\/uploads\/2021\/10\/Kees-van-der-Weide.jpg","articleSection":["BIH i regija"],"inLanguage":"hr"},{"@type":"WebPage","@id":"https:\/\/radioljubuski.ba\/index.php\/2021\/10\/17\/sudac-kees-van-der-weide-progledao-clanovi-vstv-sada-pokusavaju-sakriti-istinu-od-javnosti\/","url":"https:\/\/radioljubuski.ba\/index.php\/2021\/10\/17\/sudac-kees-van-der-weide-progledao-clanovi-vstv-sada-pokusavaju-sakriti-istinu-od-javnosti\/","name":"Sudac Kees van der Weide \u201eprogledao\u201c, \u010dlanovi VSTV sada poku\u0161avaju sakriti istinu od javnosti - RADIO LJUBU\u0160KI","isPartOf":{"@id":"https:\/\/radioljubuski.ba\/#website"},"primaryImageOfPage":{"@id":"https:\/\/radioljubuski.ba\/index.php\/2021\/10\/17\/sudac-kees-van-der-weide-progledao-clanovi-vstv-sada-pokusavaju-sakriti-istinu-od-javnosti\/#primaryimage"},"image":{"@id":"https:\/\/radioljubuski.ba\/index.php\/2021\/10\/17\/sudac-kees-van-der-weide-progledao-clanovi-vstv-sada-pokusavaju-sakriti-istinu-od-javnosti\/#primaryimage"},"thumbnailUrl":"https:\/\/radioljubuski.ba\/wp-content\/uploads\/2021\/10\/Kees-van-der-Weide.jpg","datePublished":"2021-10-17T22:53:40+00:00","dateModified":"2021-10-17T22:53:41+00:00","breadcrumb":{"@id":"https:\/\/radioljubuski.ba\/index.php\/2021\/10\/17\/sudac-kees-van-der-weide-progledao-clanovi-vstv-sada-pokusavaju-sakriti-istinu-od-javnosti\/#breadcrumb"},"inLanguage":"hr","potentialAction":[{"@type":"ReadAction","target":["https:\/\/radioljubuski.ba\/index.php\/2021\/10\/17\/sudac-kees-van-der-weide-progledao-clanovi-vstv-sada-pokusavaju-sakriti-istinu-od-javnosti\/"]}]},{"@type":"ImageObject","inLanguage":"hr","@id":"https:\/\/radioljubuski.ba\/index.php\/2021\/10\/17\/sudac-kees-van-der-weide-progledao-clanovi-vstv-sada-pokusavaju-sakriti-istinu-od-javnosti\/#primaryimage","url":"https:\/\/radioljubuski.ba\/wp-content\/uploads\/2021\/10\/Kees-van-der-Weide.jpg","contentUrl":"https:\/\/radioljubuski.ba\/wp-content\/uploads\/2021\/10\/Kees-van-der-Weide.jpg","width":660,"height":330},{"@type":"BreadcrumbList","@id":"https:\/\/radioljubuski.ba\/index.php\/2021\/10\/17\/sudac-kees-van-der-weide-progledao-clanovi-vstv-sada-pokusavaju-sakriti-istinu-od-javnosti\/#breadcrumb","itemListElement":[{"@type":"ListItem","position":1,"name":"Po\u010detna stranica","item":"https:\/\/radioljubuski.ba\/"},{"@type":"ListItem","position":2,"name":"Sudac Kees van der Weide \u201eprogledao\u201c, \u010dlanovi VSTV sada poku\u0161avaju sakriti istinu od javnosti"}]},{"@type":"WebSite","@id":"https:\/\/radioljubuski.ba\/#website","url":"https:\/\/radioljubuski.ba\/","name":"Radio Ljubu\u0161ki","description":"Sun\u010dana frekvencija Hercegovine","publisher":{"@id":"https:\/\/radioljubuski.ba\/#organization"},"potentialAction":[{"@type":"SearchAction","target":{"@type":"EntryPoint","urlTemplate":"https:\/\/radioljubuski.ba\/?s={search_term_string}"},"query-input":{"@type":"PropertyValueSpecification","valueRequired":true,"valueName":"search_term_string"}}],"inLanguage":"hr"},{"@type":"Organization","@id":"https:\/\/radioljubuski.ba\/#organization","name":"Radio Ljubu\u0161ki","url":"https:\/\/radioljubuski.ba\/","logo":{"@type":"ImageObject","inLanguage":"hr","@id":"https:\/\/radioljubuski.ba\/#\/schema\/logo\/image\/","url":"https:\/\/radioljubuski.ba\/wp-content\/uploads\/2021\/02\/cropped-Radio_Ljubuski_logo1.jpg","contentUrl":"https:\/\/radioljubuski.ba\/wp-content\/uploads\/2021\/02\/cropped-Radio_Ljubuski_logo1.jpg","width":512,"height":512,"caption":"Radio Ljubu\u0161ki"},"image":{"@id":"https:\/\/radioljubuski.ba\/#\/schema\/logo\/image\/"},"sameAs":["https:\/\/www.facebook.com\/Radiio-Ljubuski-1490835324566332","https:\/\/x.com\/radioljubuski","https:\/\/hr.linkedin.com\/company\/radio-ljubuski","https:\/\/www.youtube.com\/channel\/UCHYaeO_n0Db3tjNGudGpXyw"]},{"@type":"Person","@id":"https:\/\/radioljubuski.ba\/#\/schema\/person\/19fc700381a780f69665d7956c469e3b","name":"Radio Ljubu\u0161ki"}]}},"_links":{"self":[{"href":"https:\/\/radioljubuski.ba\/index.php\/wp-json\/wp\/v2\/posts\/77295","targetHints":{"allow":["GET"]}}],"collection":[{"href":"https:\/\/radioljubuski.ba\/index.php\/wp-json\/wp\/v2\/posts"}],"about":[{"href":"https:\/\/radioljubuski.ba\/index.php\/wp-json\/wp\/v2\/types\/post"}],"author":[{"embeddable":true,"href":"https:\/\/radioljubuski.ba\/index.php\/wp-json\/wp\/v2\/users\/2"}],"replies":[{"embeddable":true,"href":"https:\/\/radioljubuski.ba\/index.php\/wp-json\/wp\/v2\/comments?post=77295"}],"version-history":[{"count":1,"href":"https:\/\/radioljubuski.ba\/index.php\/wp-json\/wp\/v2\/posts\/77295\/revisions"}],"predecessor-version":[{"id":77297,"href":"https:\/\/radioljubuski.ba\/index.php\/wp-json\/wp\/v2\/posts\/77295\/revisions\/77297"}],"wp:featuredmedia":[{"embeddable":true,"href":"https:\/\/radioljubuski.ba\/index.php\/wp-json\/wp\/v2\/media\/77296"}],"wp:attachment":[{"href":"https:\/\/radioljubuski.ba\/index.php\/wp-json\/wp\/v2\/media?parent=77295"}],"wp:term":[{"taxonomy":"category","embeddable":true,"href":"https:\/\/radioljubuski.ba\/index.php\/wp-json\/wp\/v2\/categories?post=77295"},{"taxonomy":"post_tag","embeddable":true,"href":"https:\/\/radioljubuski.ba\/index.php\/wp-json\/wp\/v2\/tags?post=77295"}],"curies":[{"name":"wp","href":"https:\/\/api.w.org\/{rel}","templated":true}]}}