{"id":77298,"date":"2021-10-17T23:55:17","date_gmt":"2021-10-17T22:55:17","guid":{"rendered":"https:\/\/radioljubuski.ba\/?p=77298"},"modified":"2021-10-17T23:55:19","modified_gmt":"2021-10-17T22:55:19","slug":"sirokobrijesko-selo-dobiva-besplatnu-digitalnu-akademiju-za-djecu","status":"publish","type":"post","link":"https:\/\/radioljubuski.ba\/index.php\/2021\/10\/17\/sirokobrijesko-selo-dobiva-besplatnu-digitalnu-akademiju-za-djecu\/","title":{"rendered":"\u0160irokobrije\u0161ko selo dobiva besplatnu Digitalnu akademiju za djecu"},"content":{"rendered":"\n<h5 class=\"wp-block-heading\"><strong>Neprofitna organizacija Vitko Foundation, pokrenuta od lokalnog poduzetnika, lani je donijela u selo Duboko Mokro u \u0160irokom Brijegu besplatnu \u0161kolu engleskog jezika koju je poha\u0111alo gotovo 50 polaznika.<\/strong><\/h5>\n\n\n\n<p>Vitkova \u0161kola&nbsp;<strong>engleskog jezika<\/strong>&nbsp;nastavila je svoj rad, a sada u&nbsp;<strong>Duboko Mokro<\/strong>&nbsp;sti\u017ee besplatna Digitalna akademija:<strong>&nbsp;djeca \u0107e programirati<\/strong>&nbsp;robote, kreirati ra\u010dunalne igrice, raditi web dizajn stranica, u\u010diti o digitalnom marketingu i stvarati svoju \u0161kolu budu\u0107nosti.<\/p>\n\n\n\n<p>Vitko Foundation se tako\u0111er pobrinuo osigurati&nbsp;<strong>ra\u010dunala u u\u010dionici podru\u010dne \u0161kole u Mokrom.<\/strong><\/p>\n\n\n\n<p>Vitkova Digitalna akademija namijenjena je u\u010denicima od&nbsp;<strong>1. do 9. razreda osnovne \u0161kole<\/strong>. U svijetu u kojem se tehnologija mijenja i napreduje iz dana u dan \u0161to kod \u010dovjeka zahtjeva konstantnu prilagodbu, o njoj je potrebno u\u010diti od malih nogu.<\/p>\n\n\n\n<p>Upravo zato, a s ciljem razvoja digitalnih kompetencija budu\u0107nosti, organizacija Vitko Foundation je za one najmla\u0111e pripremila i prilagodila&nbsp;<strong>program Digitalne akademije kroz 4 razine<\/strong>&nbsp;koje mogu poha\u0111ati sva djeca, bez obzira na predznanje.<\/p>\n\n\n\n<p>Polaznici Vitkove Digitalne akademije u Dubokom Mokrom imat \u0107e tako priliku od malih nogu&nbsp;<strong>uploviti u svijet<\/strong>&nbsp;najvi\u0161ih tehnologija na njima prilago\u0111en na\u010din te postati programeri, kreatori digitalnih slikovnica, videoigara, izumitelji vlastitih robota ili pak dizajneri web stranica i&nbsp;<strong>mali marketing stru\u010dnjaci.<\/strong><\/p>\n\n\n\n<p>Na svakom je stupnju sadr\u017eaj organiziran u projekte kojima se posti\u017eu&nbsp;<strong>obrazovni ishodi<\/strong>&nbsp;definirani kroz cjeline: Vizualno programiranje, Robotika, Programiranje senzora mikrokontrolera, Rad na arduino platformi i rad u programskim jezicima prilago\u0111enim dobi osnovno\u0161kolaca poslije \u010dega ide Web dizajn, HTML, CSS, Javascript i rad u drugim programskim jezicima.<\/p>\n\n\n\n<p>Va\u017eno je istaknuti da glavni fokus Vitkove Digitalne akademije nije tek u\u010denje digitalnih tehnologija, ve\u0107&nbsp;<strong>razvoj dje\u010dje kreativnosti<\/strong>, znati\u017eelje i kriti\u010dkog mi\u0161ljenja te dolazak do rje\u0161enja problema uz eksperimentiranje, \u0161to su vje\u0161tine potrebne za uspje\u0161an&nbsp;<strong>\u017eivot i djelovanje u 21. stolje\u0107u.<\/strong><\/p>\n\n\n\n<p><strong>Vitko Foundation<\/strong>&nbsp;organizacija je koja nastoji dokazati da se s malo dobre volje i puno kreativnosti \u2013 a bez izda\u0161nih financija \u2013 mo\u017ee napraviti bolja i prosperitetnija sredina u materijalnom, mentalnom i duhovnom smislu.<\/p>\n\n\n\n<p>Trenutno djeluju samo na podru\u010dju&nbsp;<strong>MZ Mokro<\/strong>.<\/p>\n\n\n\n<p><strong>Detalje o trenutnom projektu,<\/strong>&nbsp;ali i svim dosada\u0161njim i budu\u0107im projektima mo\u017eete saznati prate\u0107i&nbsp;<a href=\"https:\/\/www.facebook.com\/vitko.foundation\" target=\"_blank\" rel=\"noreferrer noopener\">facebook stranicu Vitko Foundation<\/a>&nbsp;te njihovu web stranicu&nbsp;<a href=\"http:\/\/www.vitko.ba\/\" target=\"_blank\" rel=\"noreferrer noopener\">www.vitko.ba<\/a>.<\/p>\n\n\n\n<p>Iz ove organizacije poru\u010duju kako na ovome&nbsp;<strong>ne\u0107e stati<\/strong>&nbsp;te da ve\u0107 rade na vi\u0161e drugih projekata, od kojih \u0107e neki jako brzo do\u0107i u implementaciju.<\/p>\n\n\n\n<p>\/HMS\/<\/p>\n","protected":false},"excerpt":{"rendered":"<p>Neprofitna organizacija Vitko Foundation, pokrenuta od lokalnog poduzetnika, lani je donijela u selo Duboko Mokro u \u0160irokom Brijegu besplatnu \u0161kolu engleskog jezika koju je poha\u0111alo gotovo 50 polaznika. Vitkova \u0161kola&nbsp;engleskog jezika&nbsp;nastavila je svoj rad, a sada u&nbsp;Duboko Mokro&nbsp;sti\u017ee besplatna Digitalna akademija:&nbsp;djeca \u0107e programirati&nbsp;robote, kreirati ra\u010dunalne igrice, raditi web dizajn stranica, u\u010diti o digitalnom marketingu i [&hellip;]<\/p>\n","protected":false},"author":2,"featured_media":77299,"comment_status":"closed","ping_status":"closed","sticky":false,"template":"","format":"standard","meta":{"h5ap_radio_sources":[],"footnotes":""},"categories":[1],"tags":[],"class_list":["post-77298","post","type-post","status-publish","format-standard","has-post-thumbnail","hentry","category-bihiregija"],"yoast_head":"<!-- This site is optimized with the Yoast SEO plugin v27.4 - https:\/\/yoast.com\/product\/yoast-seo-wordpress\/ -->\n<title>\u0160irokobrije\u0161ko selo dobiva besplatnu Digitalnu akademiju za djecu - RADIO LJUBU\u0160KI<\/title>\n<meta name=\"robots\" content=\"index, follow, max-snippet:-1, max-image-preview:large, max-video-preview:-1\" \/>\n<link rel=\"canonical\" href=\"https:\/\/radioljubuski.ba\/index.php\/2021\/10\/17\/sirokobrijesko-selo-dobiva-besplatnu-digitalnu-akademiju-za-djecu\/\" \/>\n<meta property=\"og:locale\" content=\"hr_HR\" \/>\n<meta property=\"og:type\" content=\"article\" \/>\n<meta property=\"og:title\" content=\"\u0160irokobrije\u0161ko selo dobiva besplatnu Digitalnu akademiju za djecu - RADIO LJUBU\u0160KI\" \/>\n<meta property=\"og:description\" content=\"Neprofitna organizacija Vitko Foundation, pokrenuta od lokalnog poduzetnika, lani je donijela u selo Duboko Mokro u \u0160irokom Brijegu besplatnu \u0161kolu engleskog jezika koju je poha\u0111alo gotovo 50 polaznika. Vitkova \u0161kola&nbsp;engleskog jezika&nbsp;nastavila je svoj rad, a sada u&nbsp;Duboko Mokro&nbsp;sti\u017ee besplatna Digitalna akademija:&nbsp;djeca \u0107e programirati&nbsp;robote, kreirati ra\u010dunalne igrice, raditi web dizajn stranica, u\u010diti o digitalnom marketingu i [&hellip;]\" \/>\n<meta property=\"og:url\" content=\"https:\/\/radioljubuski.ba\/index.php\/2021\/10\/17\/sirokobrijesko-selo-dobiva-besplatnu-digitalnu-akademiju-za-djecu\/\" \/>\n<meta property=\"og:site_name\" content=\"RADIO LJUBU\u0160KI\" \/>\n<meta property=\"article:publisher\" content=\"https:\/\/www.facebook.com\/Radiio-Ljubuski-1490835324566332\" \/>\n<meta property=\"article:published_time\" content=\"2021-10-17T22:55:17+00:00\" \/>\n<meta property=\"article:modified_time\" content=\"2021-10-17T22:55:19+00:00\" \/>\n<meta property=\"og:image\" content=\"https:\/\/radioljubuski.ba\/wp-content\/uploads\/2021\/10\/vitko-foundation-siroki-brijeg.jpg\" \/>\n\t<meta property=\"og:image:width\" content=\"810\" \/>\n\t<meta property=\"og:image:height\" content=\"676\" \/>\n\t<meta property=\"og:image:type\" content=\"image\/jpeg\" \/>\n<meta name=\"author\" content=\"Radio Ljubu\u0161ki\" \/>\n<meta name=\"twitter:card\" content=\"summary_large_image\" \/>\n<meta name=\"twitter:creator\" content=\"@radioljubuski\" \/>\n<meta name=\"twitter:site\" content=\"@radioljubuski\" \/>\n<meta name=\"twitter:label1\" content=\"Napisao\/la\" \/>\n\t<meta name=\"twitter:data1\" content=\"Radio Ljubu\u0161ki\" \/>\n\t<meta name=\"twitter:label2\" content=\"Procijenjeno vrijeme \u010ditanja\" \/>\n\t<meta name=\"twitter:data2\" content=\"2 minute\" \/>\n<script type=\"application\/ld+json\" class=\"yoast-schema-graph\">{\"@context\":\"https:\\\/\\\/schema.org\",\"@graph\":[{\"@type\":\"Article\",\"@id\":\"https:\\\/\\\/radioljubuski.ba\\\/index.php\\\/2021\\\/10\\\/17\\\/sirokobrijesko-selo-dobiva-besplatnu-digitalnu-akademiju-za-djecu\\\/#article\",\"isPartOf\":{\"@id\":\"https:\\\/\\\/radioljubuski.ba\\\/index.php\\\/2021\\\/10\\\/17\\\/sirokobrijesko-selo-dobiva-besplatnu-digitalnu-akademiju-za-djecu\\\/\"},\"author\":{\"name\":\"Radio Ljubu\u0161ki\",\"@id\":\"https:\\\/\\\/radioljubuski.ba\\\/#\\\/schema\\\/person\\\/19fc700381a780f69665d7956c469e3b\"},\"headline\":\"\u0160irokobrije\u0161ko selo dobiva besplatnu Digitalnu akademiju za djecu\",\"datePublished\":\"2021-10-17T22:55:17+00:00\",\"dateModified\":\"2021-10-17T22:55:19+00:00\",\"mainEntityOfPage\":{\"@id\":\"https:\\\/\\\/radioljubuski.ba\\\/index.php\\\/2021\\\/10\\\/17\\\/sirokobrijesko-selo-dobiva-besplatnu-digitalnu-akademiju-za-djecu\\\/\"},\"wordCount\":446,\"publisher\":{\"@id\":\"https:\\\/\\\/radioljubuski.ba\\\/#organization\"},\"image\":{\"@id\":\"https:\\\/\\\/radioljubuski.ba\\\/index.php\\\/2021\\\/10\\\/17\\\/sirokobrijesko-selo-dobiva-besplatnu-digitalnu-akademiju-za-djecu\\\/#primaryimage\"},\"thumbnailUrl\":\"https:\\\/\\\/radioljubuski.ba\\\/wp-content\\\/uploads\\\/2021\\\/10\\\/vitko-foundation-siroki-brijeg.jpg\",\"articleSection\":[\"BIH i regija\"],\"inLanguage\":\"hr\"},{\"@type\":\"WebPage\",\"@id\":\"https:\\\/\\\/radioljubuski.ba\\\/index.php\\\/2021\\\/10\\\/17\\\/sirokobrijesko-selo-dobiva-besplatnu-digitalnu-akademiju-za-djecu\\\/\",\"url\":\"https:\\\/\\\/radioljubuski.ba\\\/index.php\\\/2021\\\/10\\\/17\\\/sirokobrijesko-selo-dobiva-besplatnu-digitalnu-akademiju-za-djecu\\\/\",\"name\":\"\u0160irokobrije\u0161ko selo dobiva besplatnu Digitalnu akademiju za djecu - RADIO LJUBU\u0160KI\",\"isPartOf\":{\"@id\":\"https:\\\/\\\/radioljubuski.ba\\\/#website\"},\"primaryImageOfPage\":{\"@id\":\"https:\\\/\\\/radioljubuski.ba\\\/index.php\\\/2021\\\/10\\\/17\\\/sirokobrijesko-selo-dobiva-besplatnu-digitalnu-akademiju-za-djecu\\\/#primaryimage\"},\"image\":{\"@id\":\"https:\\\/\\\/radioljubuski.ba\\\/index.php\\\/2021\\\/10\\\/17\\\/sirokobrijesko-selo-dobiva-besplatnu-digitalnu-akademiju-za-djecu\\\/#primaryimage\"},\"thumbnailUrl\":\"https:\\\/\\\/radioljubuski.ba\\\/wp-content\\\/uploads\\\/2021\\\/10\\\/vitko-foundation-siroki-brijeg.jpg\",\"datePublished\":\"2021-10-17T22:55:17+00:00\",\"dateModified\":\"2021-10-17T22:55:19+00:00\",\"breadcrumb\":{\"@id\":\"https:\\\/\\\/radioljubuski.ba\\\/index.php\\\/2021\\\/10\\\/17\\\/sirokobrijesko-selo-dobiva-besplatnu-digitalnu-akademiju-za-djecu\\\/#breadcrumb\"},\"inLanguage\":\"hr\",\"potentialAction\":[{\"@type\":\"ReadAction\",\"target\":[\"https:\\\/\\\/radioljubuski.ba\\\/index.php\\\/2021\\\/10\\\/17\\\/sirokobrijesko-selo-dobiva-besplatnu-digitalnu-akademiju-za-djecu\\\/\"]}]},{\"@type\":\"ImageObject\",\"inLanguage\":\"hr\",\"@id\":\"https:\\\/\\\/radioljubuski.ba\\\/index.php\\\/2021\\\/10\\\/17\\\/sirokobrijesko-selo-dobiva-besplatnu-digitalnu-akademiju-za-djecu\\\/#primaryimage\",\"url\":\"https:\\\/\\\/radioljubuski.ba\\\/wp-content\\\/uploads\\\/2021\\\/10\\\/vitko-foundation-siroki-brijeg.jpg\",\"contentUrl\":\"https:\\\/\\\/radioljubuski.ba\\\/wp-content\\\/uploads\\\/2021\\\/10\\\/vitko-foundation-siroki-brijeg.jpg\",\"width\":810,\"height\":676},{\"@type\":\"BreadcrumbList\",\"@id\":\"https:\\\/\\\/radioljubuski.ba\\\/index.php\\\/2021\\\/10\\\/17\\\/sirokobrijesko-selo-dobiva-besplatnu-digitalnu-akademiju-za-djecu\\\/#breadcrumb\",\"itemListElement\":[{\"@type\":\"ListItem\",\"position\":1,\"name\":\"Po\u010detna stranica\",\"item\":\"https:\\\/\\\/radioljubuski.ba\\\/\"},{\"@type\":\"ListItem\",\"position\":2,\"name\":\"\u0160irokobrije\u0161ko selo dobiva besplatnu Digitalnu akademiju za djecu\"}]},{\"@type\":\"WebSite\",\"@id\":\"https:\\\/\\\/radioljubuski.ba\\\/#website\",\"url\":\"https:\\\/\\\/radioljubuski.ba\\\/\",\"name\":\"Radio Ljubu\u0161ki\",\"description\":\"Sun\u010dana frekvencija Hercegovine\",\"publisher\":{\"@id\":\"https:\\\/\\\/radioljubuski.ba\\\/#organization\"},\"potentialAction\":[{\"@type\":\"SearchAction\",\"target\":{\"@type\":\"EntryPoint\",\"urlTemplate\":\"https:\\\/\\\/radioljubuski.ba\\\/?s={search_term_string}\"},\"query-input\":{\"@type\":\"PropertyValueSpecification\",\"valueRequired\":true,\"valueName\":\"search_term_string\"}}],\"inLanguage\":\"hr\"},{\"@type\":\"Organization\",\"@id\":\"https:\\\/\\\/radioljubuski.ba\\\/#organization\",\"name\":\"Radio Ljubu\u0161ki\",\"url\":\"https:\\\/\\\/radioljubuski.ba\\\/\",\"logo\":{\"@type\":\"ImageObject\",\"inLanguage\":\"hr\",\"@id\":\"https:\\\/\\\/radioljubuski.ba\\\/#\\\/schema\\\/logo\\\/image\\\/\",\"url\":\"https:\\\/\\\/radioljubuski.ba\\\/wp-content\\\/uploads\\\/2021\\\/02\\\/cropped-Radio_Ljubuski_logo1.jpg\",\"contentUrl\":\"https:\\\/\\\/radioljubuski.ba\\\/wp-content\\\/uploads\\\/2021\\\/02\\\/cropped-Radio_Ljubuski_logo1.jpg\",\"width\":512,\"height\":512,\"caption\":\"Radio Ljubu\u0161ki\"},\"image\":{\"@id\":\"https:\\\/\\\/radioljubuski.ba\\\/#\\\/schema\\\/logo\\\/image\\\/\"},\"sameAs\":[\"https:\\\/\\\/www.facebook.com\\\/Radiio-Ljubuski-1490835324566332\",\"https:\\\/\\\/x.com\\\/radioljubuski\",\"https:\\\/\\\/hr.linkedin.com\\\/company\\\/radio-ljubuski\",\"https:\\\/\\\/www.youtube.com\\\/channel\\\/UCHYaeO_n0Db3tjNGudGpXyw\"]},{\"@type\":\"Person\",\"@id\":\"https:\\\/\\\/radioljubuski.ba\\\/#\\\/schema\\\/person\\\/19fc700381a780f69665d7956c469e3b\",\"name\":\"Radio Ljubu\u0161ki\"}]}<\/script>\n<!-- \/ Yoast SEO plugin. -->","yoast_head_json":{"title":"\u0160irokobrije\u0161ko selo dobiva besplatnu Digitalnu akademiju za djecu - RADIO LJUBU\u0160KI","robots":{"index":"index","follow":"follow","max-snippet":"max-snippet:-1","max-image-preview":"max-image-preview:large","max-video-preview":"max-video-preview:-1"},"canonical":"https:\/\/radioljubuski.ba\/index.php\/2021\/10\/17\/sirokobrijesko-selo-dobiva-besplatnu-digitalnu-akademiju-za-djecu\/","og_locale":"hr_HR","og_type":"article","og_title":"\u0160irokobrije\u0161ko selo dobiva besplatnu Digitalnu akademiju za djecu - RADIO LJUBU\u0160KI","og_description":"Neprofitna organizacija Vitko Foundation, pokrenuta od lokalnog poduzetnika, lani je donijela u selo Duboko Mokro u \u0160irokom Brijegu besplatnu \u0161kolu engleskog jezika koju je poha\u0111alo gotovo 50 polaznika. Vitkova \u0161kola&nbsp;engleskog jezika&nbsp;nastavila je svoj rad, a sada u&nbsp;Duboko Mokro&nbsp;sti\u017ee besplatna Digitalna akademija:&nbsp;djeca \u0107e programirati&nbsp;robote, kreirati ra\u010dunalne igrice, raditi web dizajn stranica, u\u010diti o digitalnom marketingu i [&hellip;]","og_url":"https:\/\/radioljubuski.ba\/index.php\/2021\/10\/17\/sirokobrijesko-selo-dobiva-besplatnu-digitalnu-akademiju-za-djecu\/","og_site_name":"RADIO LJUBU\u0160KI","article_publisher":"https:\/\/www.facebook.com\/Radiio-Ljubuski-1490835324566332","article_published_time":"2021-10-17T22:55:17+00:00","article_modified_time":"2021-10-17T22:55:19+00:00","og_image":[{"width":810,"height":676,"url":"https:\/\/radioljubuski.ba\/wp-content\/uploads\/2021\/10\/vitko-foundation-siroki-brijeg.jpg","type":"image\/jpeg"}],"author":"Radio Ljubu\u0161ki","twitter_card":"summary_large_image","twitter_creator":"@radioljubuski","twitter_site":"@radioljubuski","twitter_misc":{"Napisao\/la":"Radio Ljubu\u0161ki","Procijenjeno vrijeme \u010ditanja":"2 minute"},"schema":{"@context":"https:\/\/schema.org","@graph":[{"@type":"Article","@id":"https:\/\/radioljubuski.ba\/index.php\/2021\/10\/17\/sirokobrijesko-selo-dobiva-besplatnu-digitalnu-akademiju-za-djecu\/#article","isPartOf":{"@id":"https:\/\/radioljubuski.ba\/index.php\/2021\/10\/17\/sirokobrijesko-selo-dobiva-besplatnu-digitalnu-akademiju-za-djecu\/"},"author":{"name":"Radio Ljubu\u0161ki","@id":"https:\/\/radioljubuski.ba\/#\/schema\/person\/19fc700381a780f69665d7956c469e3b"},"headline":"\u0160irokobrije\u0161ko selo dobiva besplatnu Digitalnu akademiju za djecu","datePublished":"2021-10-17T22:55:17+00:00","dateModified":"2021-10-17T22:55:19+00:00","mainEntityOfPage":{"@id":"https:\/\/radioljubuski.ba\/index.php\/2021\/10\/17\/sirokobrijesko-selo-dobiva-besplatnu-digitalnu-akademiju-za-djecu\/"},"wordCount":446,"publisher":{"@id":"https:\/\/radioljubuski.ba\/#organization"},"image":{"@id":"https:\/\/radioljubuski.ba\/index.php\/2021\/10\/17\/sirokobrijesko-selo-dobiva-besplatnu-digitalnu-akademiju-za-djecu\/#primaryimage"},"thumbnailUrl":"https:\/\/radioljubuski.ba\/wp-content\/uploads\/2021\/10\/vitko-foundation-siroki-brijeg.jpg","articleSection":["BIH i regija"],"inLanguage":"hr"},{"@type":"WebPage","@id":"https:\/\/radioljubuski.ba\/index.php\/2021\/10\/17\/sirokobrijesko-selo-dobiva-besplatnu-digitalnu-akademiju-za-djecu\/","url":"https:\/\/radioljubuski.ba\/index.php\/2021\/10\/17\/sirokobrijesko-selo-dobiva-besplatnu-digitalnu-akademiju-za-djecu\/","name":"\u0160irokobrije\u0161ko selo dobiva besplatnu Digitalnu akademiju za djecu - RADIO LJUBU\u0160KI","isPartOf":{"@id":"https:\/\/radioljubuski.ba\/#website"},"primaryImageOfPage":{"@id":"https:\/\/radioljubuski.ba\/index.php\/2021\/10\/17\/sirokobrijesko-selo-dobiva-besplatnu-digitalnu-akademiju-za-djecu\/#primaryimage"},"image":{"@id":"https:\/\/radioljubuski.ba\/index.php\/2021\/10\/17\/sirokobrijesko-selo-dobiva-besplatnu-digitalnu-akademiju-za-djecu\/#primaryimage"},"thumbnailUrl":"https:\/\/radioljubuski.ba\/wp-content\/uploads\/2021\/10\/vitko-foundation-siroki-brijeg.jpg","datePublished":"2021-10-17T22:55:17+00:00","dateModified":"2021-10-17T22:55:19+00:00","breadcrumb":{"@id":"https:\/\/radioljubuski.ba\/index.php\/2021\/10\/17\/sirokobrijesko-selo-dobiva-besplatnu-digitalnu-akademiju-za-djecu\/#breadcrumb"},"inLanguage":"hr","potentialAction":[{"@type":"ReadAction","target":["https:\/\/radioljubuski.ba\/index.php\/2021\/10\/17\/sirokobrijesko-selo-dobiva-besplatnu-digitalnu-akademiju-za-djecu\/"]}]},{"@type":"ImageObject","inLanguage":"hr","@id":"https:\/\/radioljubuski.ba\/index.php\/2021\/10\/17\/sirokobrijesko-selo-dobiva-besplatnu-digitalnu-akademiju-za-djecu\/#primaryimage","url":"https:\/\/radioljubuski.ba\/wp-content\/uploads\/2021\/10\/vitko-foundation-siroki-brijeg.jpg","contentUrl":"https:\/\/radioljubuski.ba\/wp-content\/uploads\/2021\/10\/vitko-foundation-siroki-brijeg.jpg","width":810,"height":676},{"@type":"BreadcrumbList","@id":"https:\/\/radioljubuski.ba\/index.php\/2021\/10\/17\/sirokobrijesko-selo-dobiva-besplatnu-digitalnu-akademiju-za-djecu\/#breadcrumb","itemListElement":[{"@type":"ListItem","position":1,"name":"Po\u010detna stranica","item":"https:\/\/radioljubuski.ba\/"},{"@type":"ListItem","position":2,"name":"\u0160irokobrije\u0161ko selo dobiva besplatnu Digitalnu akademiju za djecu"}]},{"@type":"WebSite","@id":"https:\/\/radioljubuski.ba\/#website","url":"https:\/\/radioljubuski.ba\/","name":"Radio Ljubu\u0161ki","description":"Sun\u010dana frekvencija Hercegovine","publisher":{"@id":"https:\/\/radioljubuski.ba\/#organization"},"potentialAction":[{"@type":"SearchAction","target":{"@type":"EntryPoint","urlTemplate":"https:\/\/radioljubuski.ba\/?s={search_term_string}"},"query-input":{"@type":"PropertyValueSpecification","valueRequired":true,"valueName":"search_term_string"}}],"inLanguage":"hr"},{"@type":"Organization","@id":"https:\/\/radioljubuski.ba\/#organization","name":"Radio Ljubu\u0161ki","url":"https:\/\/radioljubuski.ba\/","logo":{"@type":"ImageObject","inLanguage":"hr","@id":"https:\/\/radioljubuski.ba\/#\/schema\/logo\/image\/","url":"https:\/\/radioljubuski.ba\/wp-content\/uploads\/2021\/02\/cropped-Radio_Ljubuski_logo1.jpg","contentUrl":"https:\/\/radioljubuski.ba\/wp-content\/uploads\/2021\/02\/cropped-Radio_Ljubuski_logo1.jpg","width":512,"height":512,"caption":"Radio Ljubu\u0161ki"},"image":{"@id":"https:\/\/radioljubuski.ba\/#\/schema\/logo\/image\/"},"sameAs":["https:\/\/www.facebook.com\/Radiio-Ljubuski-1490835324566332","https:\/\/x.com\/radioljubuski","https:\/\/hr.linkedin.com\/company\/radio-ljubuski","https:\/\/www.youtube.com\/channel\/UCHYaeO_n0Db3tjNGudGpXyw"]},{"@type":"Person","@id":"https:\/\/radioljubuski.ba\/#\/schema\/person\/19fc700381a780f69665d7956c469e3b","name":"Radio Ljubu\u0161ki"}]}},"_links":{"self":[{"href":"https:\/\/radioljubuski.ba\/index.php\/wp-json\/wp\/v2\/posts\/77298","targetHints":{"allow":["GET"]}}],"collection":[{"href":"https:\/\/radioljubuski.ba\/index.php\/wp-json\/wp\/v2\/posts"}],"about":[{"href":"https:\/\/radioljubuski.ba\/index.php\/wp-json\/wp\/v2\/types\/post"}],"author":[{"embeddable":true,"href":"https:\/\/radioljubuski.ba\/index.php\/wp-json\/wp\/v2\/users\/2"}],"replies":[{"embeddable":true,"href":"https:\/\/radioljubuski.ba\/index.php\/wp-json\/wp\/v2\/comments?post=77298"}],"version-history":[{"count":1,"href":"https:\/\/radioljubuski.ba\/index.php\/wp-json\/wp\/v2\/posts\/77298\/revisions"}],"predecessor-version":[{"id":77300,"href":"https:\/\/radioljubuski.ba\/index.php\/wp-json\/wp\/v2\/posts\/77298\/revisions\/77300"}],"wp:featuredmedia":[{"embeddable":true,"href":"https:\/\/radioljubuski.ba\/index.php\/wp-json\/wp\/v2\/media\/77299"}],"wp:attachment":[{"href":"https:\/\/radioljubuski.ba\/index.php\/wp-json\/wp\/v2\/media?parent=77298"}],"wp:term":[{"taxonomy":"category","embeddable":true,"href":"https:\/\/radioljubuski.ba\/index.php\/wp-json\/wp\/v2\/categories?post=77298"},{"taxonomy":"post_tag","embeddable":true,"href":"https:\/\/radioljubuski.ba\/index.php\/wp-json\/wp\/v2\/tags?post=77298"}],"curies":[{"name":"wp","href":"https:\/\/api.w.org\/{rel}","templated":true}]}}