{"id":77301,"date":"2021-10-17T23:57:17","date_gmt":"2021-10-17T22:57:17","guid":{"rendered":"https:\/\/radioljubuski.ba\/?p=77301"},"modified":"2021-10-17T23:57:19","modified_gmt":"2021-10-17T22:57:19","slug":"mostarsko-sveuciliste-odredilo-ciljeve-i-aktivnosti-za-sljedece-cetiri-godine","status":"publish","type":"post","link":"https:\/\/radioljubuski.ba\/index.php\/2021\/10\/17\/mostarsko-sveuciliste-odredilo-ciljeve-i-aktivnosti-za-sljedece-cetiri-godine\/","title":{"rendered":"Mostarsko Sveu\u010dili\u0161te odredilo ciljeve i aktivnosti za sljede\u0107e \u010detiri godine"},"content":{"rendered":"\n<p><strong>Klauzure povodom aktivnosti u mandatu novog saziva Senata odvijale su se kroz cijeli tjedan na Sveu\u010dili\u0161tu u Mostaru, a zaklju\u010dene su klauzurom na kojoj su razmatrani radni zaklju\u010dci i ujedno smjernice rada za sljede\u0107e razdoblje koje \u0107e u kona\u010dnici usvojiti Senat.<\/strong><\/p>\n\n\n\n<p>Ukupno je odr\u017eano 15 klauzura s preko 200 sudionika o obrazovanju, me\u0111unarodnoj suradnji, pravnom sektoru, projektima, upravljanju kvalitetom, poslovanju, znanosti, umjetnosti, javnoj nabavi, ljudskim potencijalima, odnosima s javno\u0161\u0107u, informacijskim tehnologijama na kojima su govorili \u010dlanovi uprave i voditelji ureda SUM-a. Razmotrena je analiza stanja i problema za odre\u0111eno podru\u010dje te donesene smjernice za djelovanje u sljede\u0107em razdoblju.<\/p>\n\n\n\n<h4 class=\"wp-block-heading\">Znanost i poslovanje<\/h4>\n\n\n\n<p>Prorektor za znanost i razvoj prof. dr.&nbsp;<strong>Ivo \u010colak&nbsp;<\/strong>odr\u017eao je klauzuru na podru\u010dju znanosti na kojoj se naglasak stavio na sveu\u010dili\u0161nu tiskaru PresSUM, knji\u017enice SUM-a, kao i poslijediplomske studije na sveu\u010dili\u0161tu te digitalizaciju i samo ja\u010danje vidljivosti znanstvenih radova nastavnog osoblja SUM-a. Osposobljavanje softvera za plagijate, odr\u017eavanje te\u010dajeva i radionica za objavu znanstvenih radova u znanstvene i stru\u010dne \u010dasopise tako\u0111er su dio aktivnosti koje \u0107e se provoditi u sljede\u0107em razdoblju.<\/p>\n\n\n\n<p>Klauzuru posve\u0107enu poslovanju vodio je prorektor za poslovanje, ljudske potencijale i upravljanje kvalitetom prof. dr.&nbsp;<strong>Zdenko Klepi\u0107&nbsp;<\/strong>a obuhvatila je upravljanje ljudskim potencijalima, upravljanje financijskim i materijalnim resursima. \u010clanovi Ureda za osiguranje i unapre\u0111enja kvalitete, koordinatori kvalitete ustrojbenih jedinica, predstavnici studenata te prorektor Klepi\u0107 sudjelovali su na klauzuri za osiguranje kvalitete. Teme za raspravu bile su analiza provedbe Godi\u0161njeg plana aktivnosti sustava za osiguranja kvalitete u akademskoj 20.\/21. godini, planirane aktivnosti u akademskoj 21.\/22. te priprema za akreditaciju studijskih programa.<\/p>\n\n\n\n<h4 class=\"wp-block-heading\">Obrazovanje i pravni akti<\/h4>\n\n\n\n<p>Klauzuru za podru\u010dje obrazovanja vodila je pomo\u0107nica rektora SUM-a za nastavu, studente i pravna pitanja prof. dr.&nbsp;<strong>Vesna Kazazi\u0107&nbsp;<\/strong>na kojoj je izlo\u017eila prijedloge vezane za izradu novih pravilnika, kao i izmjenu postoje\u0107ih na podru\u010dju obrazovanja u cilju pobolj\u0161anja nastavnog procesa. Odr\u017eavanje radionica, objavljivanje registara, nastavak aktivnosti oko uklanjanja arhitektonskih prepreka za studente s invaliditetom te ujedinjenje svih knji\u017enica ustrojbenih jedinica i sveu\u010dili\u0161ne knji\u017enice u jedinstvenu COBISS bazu bile su neke od teme o kojima se razgovaralo. Temeljem odr\u017eane interne klauzure pravnog sektora utvr\u0111eno je kako najvi\u0161e problematike postoji u podru\u010djima koja su regulirana Pravilnikom o studiranju te u onim podru\u010djima koja nisu uop\u0107e regulirana pravnim aktima i rezultiraju razli\u010ditom praksom unutar Sveu\u010dili\u0161ta ili brojnim nejasno\u0107ama u rje\u0161avanju pojedinih pitanja. Sukladno tome budu\u0107i zadaci i smjernice podru\u010dja pravnog sektora su dono\u0161enje novih pravnih akata kao i izmjene postoje\u0107ih.<\/p>\n\n\n\n<h4 class=\"wp-block-heading\">Me\u0111unarodna suradnja i projekti<\/h4>\n\n\n\n<p>Prorektorica za me\u0111unarodnu suradnju SUM-a prof. dr.&nbsp;<strong>Sanja Bijak\u0161i\u0107&nbsp;<\/strong>naglasila je budu\u0107e zadatke i smjernice ovoga podru\u010dja u narednom razdoblju. Klauzura iz podru\u010dja me\u0111unarodne suradnje odr\u017eana je u utorak, a na njoj su nazo\u010dili prodekani i koordinatori za me\u0111unarodnu suradnju, koordinatori za CEEPUS mre\u017eu i predstavnica Studentskog zbora SUM-a odgovorna za aktivnost me\u0111unarodne razmjene. Ured za projekte je predstavio dosada\u0161nje aktivnosti i dao smjernice predstavnicima ustrojbenih jedinica za budu\u0107e aktivnosti i obveze. Kao rezultat klauzure doneseni su zaklju\u010dci koji definiraju budu\u0107e okvire rada Ureda za projekte, funkcioniranja koordinacije s ustrojbenim jedinicama i uspostavljanja funkcionalnog sustava pisanja, vo\u0111enja i pra\u0107enja projekata na Sveu\u010dili\u0161tu kroz u\u010dinkovite procedure, digitalizaciju, ja\u010danje kapaciteta na svim razinama i edukaciju.<\/p>\n\n\n\n<h4 class=\"wp-block-heading\">Informacijske tehnologije i javne nabave<\/h4>\n\n\n\n<p>Centar za informacijske tehnologije Sveu\u010dili\u0161ta u Mostaru SUMIT odr\u017eao je IT klauzuru koju je vodio pomo\u0107nik rektora za informacijske tehnologije i inovacije doc. dr. sc.&nbsp;<strong>Tomislav Volari\u0107<\/strong>. Volari\u0107 je predstavio e-Sveu\u010dili\u0161te koje donosi inovativnost u u\u010denju i pou\u010davanju i istra\u017eiva\u010dkom radu, digitalno kompetentne studente, nastavno i nenastavno osoblje, dostupnost digitalnih alata i sadr\u017eaja za u\u010denje i istra\u017eivanje, kao i u\u010dinkovito i transparentno poslovanje.<\/p>\n\n\n\n<p>Klauzurom o javnoj nabavi nagla\u0161ena je potreba za obrazovanjem postoje\u0107ih kadrova kroz sudjelovanje na seminarima, konferencijama, razmjenama i ostalim sli\u010dnim aktivnostima vezanim za postupke javnih nabava. Pokretanje portala javnenabave.sum.ba u suradnji sa SUMITom te uspostava elektronskog podno\u0161enja za pokretanje postupka ubrzat \u0107e proces i podi\u0107i transparentnost javnih nabava na jo\u0161 vi\u0161u razinu. Odr\u017eana je i klauzura posve\u0107ena odnosima s javno\u0161\u0107u gdje su zaklju\u010dci, izme\u0111u ostaloga, uspostava interne platforme za lak\u0161u razmjenu informacija i arhive fotografija kao i izrada protokola informiranja.<\/p>\n\n\n\n<p>\/HMS\/<\/p>\n","protected":false},"excerpt":{"rendered":"<p>Klauzure povodom aktivnosti u mandatu novog saziva Senata odvijale su se kroz cijeli tjedan na Sveu\u010dili\u0161tu u Mostaru, a zaklju\u010dene su klauzurom na kojoj su razmatrani radni zaklju\u010dci i ujedno smjernice rada za sljede\u0107e razdoblje koje \u0107e u kona\u010dnici usvojiti Senat. Ukupno je odr\u017eano 15 klauzura s preko 200 sudionika o obrazovanju, me\u0111unarodnoj suradnji, pravnom [&hellip;]<\/p>\n","protected":false},"author":2,"featured_media":77302,"comment_status":"closed","ping_status":"closed","sticky":false,"template":"","format":"standard","meta":{"h5ap_radio_sources":[],"footnotes":""},"categories":[1],"tags":[],"class_list":["post-77301","post","type-post","status-publish","format-standard","has-post-thumbnail","hentry","category-bihiregija"],"yoast_head":"<!-- This site is optimized with the Yoast SEO plugin v27.4 - https:\/\/yoast.com\/product\/yoast-seo-wordpress\/ -->\n<title>Mostarsko Sveu\u010dili\u0161te odredilo ciljeve i aktivnosti za sljede\u0107e \u010detiri godine - RADIO LJUBU\u0160KI<\/title>\n<meta name=\"robots\" content=\"index, follow, max-snippet:-1, max-image-preview:large, max-video-preview:-1\" \/>\n<link rel=\"canonical\" href=\"https:\/\/radioljubuski.ba\/index.php\/2021\/10\/17\/mostarsko-sveuciliste-odredilo-ciljeve-i-aktivnosti-za-sljedece-cetiri-godine\/\" \/>\n<meta property=\"og:locale\" content=\"hr_HR\" \/>\n<meta property=\"og:type\" content=\"article\" \/>\n<meta property=\"og:title\" content=\"Mostarsko Sveu\u010dili\u0161te odredilo ciljeve i aktivnosti za sljede\u0107e \u010detiri godine - RADIO LJUBU\u0160KI\" \/>\n<meta property=\"og:description\" content=\"Klauzure povodom aktivnosti u mandatu novog saziva Senata odvijale su se kroz cijeli tjedan na Sveu\u010dili\u0161tu u Mostaru, a zaklju\u010dene su klauzurom na kojoj su razmatrani radni zaklju\u010dci i ujedno smjernice rada za sljede\u0107e razdoblje koje \u0107e u kona\u010dnici usvojiti Senat. Ukupno je odr\u017eano 15 klauzura s preko 200 sudionika o obrazovanju, me\u0111unarodnoj suradnji, pravnom [&hellip;]\" \/>\n<meta property=\"og:url\" content=\"https:\/\/radioljubuski.ba\/index.php\/2021\/10\/17\/mostarsko-sveuciliste-odredilo-ciljeve-i-aktivnosti-za-sljedece-cetiri-godine\/\" \/>\n<meta property=\"og:site_name\" content=\"RADIO LJUBU\u0160KI\" \/>\n<meta property=\"article:publisher\" content=\"https:\/\/www.facebook.com\/Radiio-Ljubuski-1490835324566332\" \/>\n<meta property=\"article:published_time\" content=\"2021-10-17T22:57:17+00:00\" \/>\n<meta property=\"article:modified_time\" content=\"2021-10-17T22:57:19+00:00\" \/>\n<meta property=\"og:image\" content=\"https:\/\/radioljubuski.ba\/wp-content\/uploads\/2021\/10\/kampus-sveuciliste-logo-1.jpg\" \/>\n\t<meta property=\"og:image:width\" content=\"1280\" \/>\n\t<meta property=\"og:image:height\" content=\"880\" \/>\n\t<meta property=\"og:image:type\" content=\"image\/jpeg\" \/>\n<meta name=\"author\" content=\"Radio Ljubu\u0161ki\" \/>\n<meta name=\"twitter:card\" content=\"summary_large_image\" \/>\n<meta name=\"twitter:creator\" content=\"@radioljubuski\" \/>\n<meta name=\"twitter:site\" content=\"@radioljubuski\" \/>\n<meta name=\"twitter:label1\" content=\"Napisao\/la\" \/>\n\t<meta name=\"twitter:data1\" content=\"Radio Ljubu\u0161ki\" \/>\n\t<meta name=\"twitter:label2\" content=\"Procijenjeno vrijeme \u010ditanja\" \/>\n\t<meta name=\"twitter:data2\" content=\"3 minute\" \/>\n<script type=\"application\/ld+json\" class=\"yoast-schema-graph\">{\"@context\":\"https:\\\/\\\/schema.org\",\"@graph\":[{\"@type\":\"Article\",\"@id\":\"https:\\\/\\\/radioljubuski.ba\\\/index.php\\\/2021\\\/10\\\/17\\\/mostarsko-sveuciliste-odredilo-ciljeve-i-aktivnosti-za-sljedece-cetiri-godine\\\/#article\",\"isPartOf\":{\"@id\":\"https:\\\/\\\/radioljubuski.ba\\\/index.php\\\/2021\\\/10\\\/17\\\/mostarsko-sveuciliste-odredilo-ciljeve-i-aktivnosti-za-sljedece-cetiri-godine\\\/\"},\"author\":{\"name\":\"Radio Ljubu\u0161ki\",\"@id\":\"https:\\\/\\\/radioljubuski.ba\\\/#\\\/schema\\\/person\\\/19fc700381a780f69665d7956c469e3b\"},\"headline\":\"Mostarsko Sveu\u010dili\u0161te odredilo ciljeve i aktivnosti za sljede\u0107e \u010detiri godine\",\"datePublished\":\"2021-10-17T22:57:17+00:00\",\"dateModified\":\"2021-10-17T22:57:19+00:00\",\"mainEntityOfPage\":{\"@id\":\"https:\\\/\\\/radioljubuski.ba\\\/index.php\\\/2021\\\/10\\\/17\\\/mostarsko-sveuciliste-odredilo-ciljeve-i-aktivnosti-za-sljedece-cetiri-godine\\\/\"},\"wordCount\":782,\"publisher\":{\"@id\":\"https:\\\/\\\/radioljubuski.ba\\\/#organization\"},\"image\":{\"@id\":\"https:\\\/\\\/radioljubuski.ba\\\/index.php\\\/2021\\\/10\\\/17\\\/mostarsko-sveuciliste-odredilo-ciljeve-i-aktivnosti-za-sljedece-cetiri-godine\\\/#primaryimage\"},\"thumbnailUrl\":\"https:\\\/\\\/radioljubuski.ba\\\/wp-content\\\/uploads\\\/2021\\\/10\\\/kampus-sveuciliste-logo-1.jpg\",\"articleSection\":[\"BIH i regija\"],\"inLanguage\":\"hr\"},{\"@type\":\"WebPage\",\"@id\":\"https:\\\/\\\/radioljubuski.ba\\\/index.php\\\/2021\\\/10\\\/17\\\/mostarsko-sveuciliste-odredilo-ciljeve-i-aktivnosti-za-sljedece-cetiri-godine\\\/\",\"url\":\"https:\\\/\\\/radioljubuski.ba\\\/index.php\\\/2021\\\/10\\\/17\\\/mostarsko-sveuciliste-odredilo-ciljeve-i-aktivnosti-za-sljedece-cetiri-godine\\\/\",\"name\":\"Mostarsko Sveu\u010dili\u0161te odredilo ciljeve i aktivnosti za sljede\u0107e \u010detiri godine - RADIO LJUBU\u0160KI\",\"isPartOf\":{\"@id\":\"https:\\\/\\\/radioljubuski.ba\\\/#website\"},\"primaryImageOfPage\":{\"@id\":\"https:\\\/\\\/radioljubuski.ba\\\/index.php\\\/2021\\\/10\\\/17\\\/mostarsko-sveuciliste-odredilo-ciljeve-i-aktivnosti-za-sljedece-cetiri-godine\\\/#primaryimage\"},\"image\":{\"@id\":\"https:\\\/\\\/radioljubuski.ba\\\/index.php\\\/2021\\\/10\\\/17\\\/mostarsko-sveuciliste-odredilo-ciljeve-i-aktivnosti-za-sljedece-cetiri-godine\\\/#primaryimage\"},\"thumbnailUrl\":\"https:\\\/\\\/radioljubuski.ba\\\/wp-content\\\/uploads\\\/2021\\\/10\\\/kampus-sveuciliste-logo-1.jpg\",\"datePublished\":\"2021-10-17T22:57:17+00:00\",\"dateModified\":\"2021-10-17T22:57:19+00:00\",\"breadcrumb\":{\"@id\":\"https:\\\/\\\/radioljubuski.ba\\\/index.php\\\/2021\\\/10\\\/17\\\/mostarsko-sveuciliste-odredilo-ciljeve-i-aktivnosti-za-sljedece-cetiri-godine\\\/#breadcrumb\"},\"inLanguage\":\"hr\",\"potentialAction\":[{\"@type\":\"ReadAction\",\"target\":[\"https:\\\/\\\/radioljubuski.ba\\\/index.php\\\/2021\\\/10\\\/17\\\/mostarsko-sveuciliste-odredilo-ciljeve-i-aktivnosti-za-sljedece-cetiri-godine\\\/\"]}]},{\"@type\":\"ImageObject\",\"inLanguage\":\"hr\",\"@id\":\"https:\\\/\\\/radioljubuski.ba\\\/index.php\\\/2021\\\/10\\\/17\\\/mostarsko-sveuciliste-odredilo-ciljeve-i-aktivnosti-za-sljedece-cetiri-godine\\\/#primaryimage\",\"url\":\"https:\\\/\\\/radioljubuski.ba\\\/wp-content\\\/uploads\\\/2021\\\/10\\\/kampus-sveuciliste-logo-1.jpg\",\"contentUrl\":\"https:\\\/\\\/radioljubuski.ba\\\/wp-content\\\/uploads\\\/2021\\\/10\\\/kampus-sveuciliste-logo-1.jpg\",\"width\":1280,\"height\":880},{\"@type\":\"BreadcrumbList\",\"@id\":\"https:\\\/\\\/radioljubuski.ba\\\/index.php\\\/2021\\\/10\\\/17\\\/mostarsko-sveuciliste-odredilo-ciljeve-i-aktivnosti-za-sljedece-cetiri-godine\\\/#breadcrumb\",\"itemListElement\":[{\"@type\":\"ListItem\",\"position\":1,\"name\":\"Po\u010detna stranica\",\"item\":\"https:\\\/\\\/radioljubuski.ba\\\/\"},{\"@type\":\"ListItem\",\"position\":2,\"name\":\"Mostarsko Sveu\u010dili\u0161te odredilo ciljeve i aktivnosti za sljede\u0107e \u010detiri godine\"}]},{\"@type\":\"WebSite\",\"@id\":\"https:\\\/\\\/radioljubuski.ba\\\/#website\",\"url\":\"https:\\\/\\\/radioljubuski.ba\\\/\",\"name\":\"Radio Ljubu\u0161ki\",\"description\":\"Sun\u010dana frekvencija Hercegovine\",\"publisher\":{\"@id\":\"https:\\\/\\\/radioljubuski.ba\\\/#organization\"},\"potentialAction\":[{\"@type\":\"SearchAction\",\"target\":{\"@type\":\"EntryPoint\",\"urlTemplate\":\"https:\\\/\\\/radioljubuski.ba\\\/?s={search_term_string}\"},\"query-input\":{\"@type\":\"PropertyValueSpecification\",\"valueRequired\":true,\"valueName\":\"search_term_string\"}}],\"inLanguage\":\"hr\"},{\"@type\":\"Organization\",\"@id\":\"https:\\\/\\\/radioljubuski.ba\\\/#organization\",\"name\":\"Radio Ljubu\u0161ki\",\"url\":\"https:\\\/\\\/radioljubuski.ba\\\/\",\"logo\":{\"@type\":\"ImageObject\",\"inLanguage\":\"hr\",\"@id\":\"https:\\\/\\\/radioljubuski.ba\\\/#\\\/schema\\\/logo\\\/image\\\/\",\"url\":\"https:\\\/\\\/radioljubuski.ba\\\/wp-content\\\/uploads\\\/2021\\\/02\\\/cropped-Radio_Ljubuski_logo1.jpg\",\"contentUrl\":\"https:\\\/\\\/radioljubuski.ba\\\/wp-content\\\/uploads\\\/2021\\\/02\\\/cropped-Radio_Ljubuski_logo1.jpg\",\"width\":512,\"height\":512,\"caption\":\"Radio Ljubu\u0161ki\"},\"image\":{\"@id\":\"https:\\\/\\\/radioljubuski.ba\\\/#\\\/schema\\\/logo\\\/image\\\/\"},\"sameAs\":[\"https:\\\/\\\/www.facebook.com\\\/Radiio-Ljubuski-1490835324566332\",\"https:\\\/\\\/x.com\\\/radioljubuski\",\"https:\\\/\\\/hr.linkedin.com\\\/company\\\/radio-ljubuski\",\"https:\\\/\\\/www.youtube.com\\\/channel\\\/UCHYaeO_n0Db3tjNGudGpXyw\"]},{\"@type\":\"Person\",\"@id\":\"https:\\\/\\\/radioljubuski.ba\\\/#\\\/schema\\\/person\\\/19fc700381a780f69665d7956c469e3b\",\"name\":\"Radio Ljubu\u0161ki\"}]}<\/script>\n<!-- \/ Yoast SEO plugin. -->","yoast_head_json":{"title":"Mostarsko Sveu\u010dili\u0161te odredilo ciljeve i aktivnosti za sljede\u0107e \u010detiri godine - RADIO LJUBU\u0160KI","robots":{"index":"index","follow":"follow","max-snippet":"max-snippet:-1","max-image-preview":"max-image-preview:large","max-video-preview":"max-video-preview:-1"},"canonical":"https:\/\/radioljubuski.ba\/index.php\/2021\/10\/17\/mostarsko-sveuciliste-odredilo-ciljeve-i-aktivnosti-za-sljedece-cetiri-godine\/","og_locale":"hr_HR","og_type":"article","og_title":"Mostarsko Sveu\u010dili\u0161te odredilo ciljeve i aktivnosti za sljede\u0107e \u010detiri godine - RADIO LJUBU\u0160KI","og_description":"Klauzure povodom aktivnosti u mandatu novog saziva Senata odvijale su se kroz cijeli tjedan na Sveu\u010dili\u0161tu u Mostaru, a zaklju\u010dene su klauzurom na kojoj su razmatrani radni zaklju\u010dci i ujedno smjernice rada za sljede\u0107e razdoblje koje \u0107e u kona\u010dnici usvojiti Senat. Ukupno je odr\u017eano 15 klauzura s preko 200 sudionika o obrazovanju, me\u0111unarodnoj suradnji, pravnom [&hellip;]","og_url":"https:\/\/radioljubuski.ba\/index.php\/2021\/10\/17\/mostarsko-sveuciliste-odredilo-ciljeve-i-aktivnosti-za-sljedece-cetiri-godine\/","og_site_name":"RADIO LJUBU\u0160KI","article_publisher":"https:\/\/www.facebook.com\/Radiio-Ljubuski-1490835324566332","article_published_time":"2021-10-17T22:57:17+00:00","article_modified_time":"2021-10-17T22:57:19+00:00","og_image":[{"width":1280,"height":880,"url":"https:\/\/radioljubuski.ba\/wp-content\/uploads\/2021\/10\/kampus-sveuciliste-logo-1.jpg","type":"image\/jpeg"}],"author":"Radio Ljubu\u0161ki","twitter_card":"summary_large_image","twitter_creator":"@radioljubuski","twitter_site":"@radioljubuski","twitter_misc":{"Napisao\/la":"Radio Ljubu\u0161ki","Procijenjeno vrijeme \u010ditanja":"3 minute"},"schema":{"@context":"https:\/\/schema.org","@graph":[{"@type":"Article","@id":"https:\/\/radioljubuski.ba\/index.php\/2021\/10\/17\/mostarsko-sveuciliste-odredilo-ciljeve-i-aktivnosti-za-sljedece-cetiri-godine\/#article","isPartOf":{"@id":"https:\/\/radioljubuski.ba\/index.php\/2021\/10\/17\/mostarsko-sveuciliste-odredilo-ciljeve-i-aktivnosti-za-sljedece-cetiri-godine\/"},"author":{"name":"Radio Ljubu\u0161ki","@id":"https:\/\/radioljubuski.ba\/#\/schema\/person\/19fc700381a780f69665d7956c469e3b"},"headline":"Mostarsko Sveu\u010dili\u0161te odredilo ciljeve i aktivnosti za sljede\u0107e \u010detiri godine","datePublished":"2021-10-17T22:57:17+00:00","dateModified":"2021-10-17T22:57:19+00:00","mainEntityOfPage":{"@id":"https:\/\/radioljubuski.ba\/index.php\/2021\/10\/17\/mostarsko-sveuciliste-odredilo-ciljeve-i-aktivnosti-za-sljedece-cetiri-godine\/"},"wordCount":782,"publisher":{"@id":"https:\/\/radioljubuski.ba\/#organization"},"image":{"@id":"https:\/\/radioljubuski.ba\/index.php\/2021\/10\/17\/mostarsko-sveuciliste-odredilo-ciljeve-i-aktivnosti-za-sljedece-cetiri-godine\/#primaryimage"},"thumbnailUrl":"https:\/\/radioljubuski.ba\/wp-content\/uploads\/2021\/10\/kampus-sveuciliste-logo-1.jpg","articleSection":["BIH i regija"],"inLanguage":"hr"},{"@type":"WebPage","@id":"https:\/\/radioljubuski.ba\/index.php\/2021\/10\/17\/mostarsko-sveuciliste-odredilo-ciljeve-i-aktivnosti-za-sljedece-cetiri-godine\/","url":"https:\/\/radioljubuski.ba\/index.php\/2021\/10\/17\/mostarsko-sveuciliste-odredilo-ciljeve-i-aktivnosti-za-sljedece-cetiri-godine\/","name":"Mostarsko Sveu\u010dili\u0161te odredilo ciljeve i aktivnosti za sljede\u0107e \u010detiri godine - RADIO LJUBU\u0160KI","isPartOf":{"@id":"https:\/\/radioljubuski.ba\/#website"},"primaryImageOfPage":{"@id":"https:\/\/radioljubuski.ba\/index.php\/2021\/10\/17\/mostarsko-sveuciliste-odredilo-ciljeve-i-aktivnosti-za-sljedece-cetiri-godine\/#primaryimage"},"image":{"@id":"https:\/\/radioljubuski.ba\/index.php\/2021\/10\/17\/mostarsko-sveuciliste-odredilo-ciljeve-i-aktivnosti-za-sljedece-cetiri-godine\/#primaryimage"},"thumbnailUrl":"https:\/\/radioljubuski.ba\/wp-content\/uploads\/2021\/10\/kampus-sveuciliste-logo-1.jpg","datePublished":"2021-10-17T22:57:17+00:00","dateModified":"2021-10-17T22:57:19+00:00","breadcrumb":{"@id":"https:\/\/radioljubuski.ba\/index.php\/2021\/10\/17\/mostarsko-sveuciliste-odredilo-ciljeve-i-aktivnosti-za-sljedece-cetiri-godine\/#breadcrumb"},"inLanguage":"hr","potentialAction":[{"@type":"ReadAction","target":["https:\/\/radioljubuski.ba\/index.php\/2021\/10\/17\/mostarsko-sveuciliste-odredilo-ciljeve-i-aktivnosti-za-sljedece-cetiri-godine\/"]}]},{"@type":"ImageObject","inLanguage":"hr","@id":"https:\/\/radioljubuski.ba\/index.php\/2021\/10\/17\/mostarsko-sveuciliste-odredilo-ciljeve-i-aktivnosti-za-sljedece-cetiri-godine\/#primaryimage","url":"https:\/\/radioljubuski.ba\/wp-content\/uploads\/2021\/10\/kampus-sveuciliste-logo-1.jpg","contentUrl":"https:\/\/radioljubuski.ba\/wp-content\/uploads\/2021\/10\/kampus-sveuciliste-logo-1.jpg","width":1280,"height":880},{"@type":"BreadcrumbList","@id":"https:\/\/radioljubuski.ba\/index.php\/2021\/10\/17\/mostarsko-sveuciliste-odredilo-ciljeve-i-aktivnosti-za-sljedece-cetiri-godine\/#breadcrumb","itemListElement":[{"@type":"ListItem","position":1,"name":"Po\u010detna stranica","item":"https:\/\/radioljubuski.ba\/"},{"@type":"ListItem","position":2,"name":"Mostarsko Sveu\u010dili\u0161te odredilo ciljeve i aktivnosti za sljede\u0107e \u010detiri godine"}]},{"@type":"WebSite","@id":"https:\/\/radioljubuski.ba\/#website","url":"https:\/\/radioljubuski.ba\/","name":"Radio Ljubu\u0161ki","description":"Sun\u010dana frekvencija Hercegovine","publisher":{"@id":"https:\/\/radioljubuski.ba\/#organization"},"potentialAction":[{"@type":"SearchAction","target":{"@type":"EntryPoint","urlTemplate":"https:\/\/radioljubuski.ba\/?s={search_term_string}"},"query-input":{"@type":"PropertyValueSpecification","valueRequired":true,"valueName":"search_term_string"}}],"inLanguage":"hr"},{"@type":"Organization","@id":"https:\/\/radioljubuski.ba\/#organization","name":"Radio Ljubu\u0161ki","url":"https:\/\/radioljubuski.ba\/","logo":{"@type":"ImageObject","inLanguage":"hr","@id":"https:\/\/radioljubuski.ba\/#\/schema\/logo\/image\/","url":"https:\/\/radioljubuski.ba\/wp-content\/uploads\/2021\/02\/cropped-Radio_Ljubuski_logo1.jpg","contentUrl":"https:\/\/radioljubuski.ba\/wp-content\/uploads\/2021\/02\/cropped-Radio_Ljubuski_logo1.jpg","width":512,"height":512,"caption":"Radio Ljubu\u0161ki"},"image":{"@id":"https:\/\/radioljubuski.ba\/#\/schema\/logo\/image\/"},"sameAs":["https:\/\/www.facebook.com\/Radiio-Ljubuski-1490835324566332","https:\/\/x.com\/radioljubuski","https:\/\/hr.linkedin.com\/company\/radio-ljubuski","https:\/\/www.youtube.com\/channel\/UCHYaeO_n0Db3tjNGudGpXyw"]},{"@type":"Person","@id":"https:\/\/radioljubuski.ba\/#\/schema\/person\/19fc700381a780f69665d7956c469e3b","name":"Radio Ljubu\u0161ki"}]}},"_links":{"self":[{"href":"https:\/\/radioljubuski.ba\/index.php\/wp-json\/wp\/v2\/posts\/77301","targetHints":{"allow":["GET"]}}],"collection":[{"href":"https:\/\/radioljubuski.ba\/index.php\/wp-json\/wp\/v2\/posts"}],"about":[{"href":"https:\/\/radioljubuski.ba\/index.php\/wp-json\/wp\/v2\/types\/post"}],"author":[{"embeddable":true,"href":"https:\/\/radioljubuski.ba\/index.php\/wp-json\/wp\/v2\/users\/2"}],"replies":[{"embeddable":true,"href":"https:\/\/radioljubuski.ba\/index.php\/wp-json\/wp\/v2\/comments?post=77301"}],"version-history":[{"count":1,"href":"https:\/\/radioljubuski.ba\/index.php\/wp-json\/wp\/v2\/posts\/77301\/revisions"}],"predecessor-version":[{"id":77303,"href":"https:\/\/radioljubuski.ba\/index.php\/wp-json\/wp\/v2\/posts\/77301\/revisions\/77303"}],"wp:featuredmedia":[{"embeddable":true,"href":"https:\/\/radioljubuski.ba\/index.php\/wp-json\/wp\/v2\/media\/77302"}],"wp:attachment":[{"href":"https:\/\/radioljubuski.ba\/index.php\/wp-json\/wp\/v2\/media?parent=77301"}],"wp:term":[{"taxonomy":"category","embeddable":true,"href":"https:\/\/radioljubuski.ba\/index.php\/wp-json\/wp\/v2\/categories?post=77301"},{"taxonomy":"post_tag","embeddable":true,"href":"https:\/\/radioljubuski.ba\/index.php\/wp-json\/wp\/v2\/tags?post=77301"}],"curies":[{"name":"wp","href":"https:\/\/api.w.org\/{rel}","templated":true}]}}