{"id":77304,"date":"2021-10-18T00:38:33","date_gmt":"2021-10-17T23:38:33","guid":{"rendered":"https:\/\/radioljubuski.ba\/?p=77304"},"modified":"2021-10-18T00:38:34","modified_gmt":"2021-10-17T23:38:34","slug":"rijecki-surfnfries-od-jucer-u-sad-u-imaju-drugo-ime-otvaramo-preko-300-ducana","status":"publish","type":"post","link":"https:\/\/radioljubuski.ba\/index.php\/2021\/10\/18\/rijecki-surfnfries-od-jucer-u-sad-u-imaju-drugo-ime-otvaramo-preko-300-ducana\/","title":{"rendered":"Rije\u010dki Surf\u2019n\u2019Fries od ju\u010der u SAD-u, imaju drugo ime: \u201cOtvaramo preko 300 du\u0107ana\u201d"},"content":{"rendered":"\n<p><strong>Najuspje\u0161niji hrvatski fran\u0161izni lanac Surf\u2019n\u2019Fries, koji su pokrenuli Rije\u010dani Andrija \u010colak i Denis Poli\u0107, pro\u0161irio je usred epidemije posao na Sjedinjene Ameri\u010dke Dr\u017eave.<\/strong><\/p>\n\n\n\n<p>Kako&nbsp;<strong>je<\/strong>&nbsp;na Facebooku objavio Andrija \u010colak, ju\u010der su otvorili prvi du\u0107an, a tijekom idu\u0107ih pet godina planiraju ih otvoriti jo\u0161 300.<\/p>\n\n\n\n<p><strong>Ugovor s Walmartom, planiraju 300 du\u0107ana<\/strong><\/p>\n\n\n\n<p>\u201cStigao je i taj dan! SURF\u2019N\u2019FRIES JE KRENUO U OSVAJANJE AMERIKE!!! Ovo je prvi od planiranih 300+ du\u0107ana koji se otvorio na dana\u0161nji dan. Zadnjih godinu i pol dana&nbsp;danono\u0107no smo radili na otvaranju ameri\u010dkog tr\u017ei\u0161ta. Jo\u0161 krajem pro\u0161le godine uspjeli smo potpisati ugovor s Walmartom, najve\u0107im retail-lancem na svijetu, u kojem otvaramo na\u0161e du\u0107ane. Do sada ni&nbsp;jednom europskom brandu nije po\u0161lo za rukom dobiti ugovor s Walmartom, a kamoli graditi nacionalni QSR lanac u Americi. Mi smo uspjeli zbog pravog timinga, pravih ljudi s kojima smo radili i koncepta u koji smo beskrajno vjerovali. Bili smo voljni napraviti mnoge promjene, poput pro\u0161irenja menija u takozvani \u2018full menu\u2019,&nbsp;\u0161to zna\u010di da imamo sve, od doru\u010dka, preko chicken burgera, pa do deserta.<\/p>\n\n\n\n<p>Tako\u0111er, zbog specifi\u010dnosti tr\u017ei\u0161ta morali smo promijeniti i ime jer \u2018surf\u2019&nbsp;u Americi podrazumijeva riblje proizvode, a na\u0161e pozicioniranje je u \u2018chicken\u2019&nbsp;segmentu, tako je nastala \u2018surfaju\u0107a koko\u0161\u2019&nbsp;odnosno SURFIN\u2019 CHICKEN (to nije bila nimalo laka odluka). Trenutno je u procesu otvaranja 12 lokacija, od toga 10 u Texasu i dvije u&nbsp;Kaliforniji. Za sada je odaziv fran\u0161izera izvrstan jer pred potpisom imamo jo\u0161 50 lokacija. U planu je otvaranje vi\u0161e od&nbsp;300 lokacija u sljede\u0107ih 5 godina samo u Walmartu, planiramo razvijati i druge formate, poput drive througha i sl. Sve to smo odradili vlastitim snagama, bez vanjskog financiranja, u doba kada su nam svi du\u0107ani bili pozatvarani zbog pandemije te su nam prihodi bili ravni nuli.<\/p>\n\n\n\n<p>Nevjerojatno je koliko se mo\u017ee posti\u0107i s jako malo samo ako ne\u0161to dovoljno jako \u017eeli\u0161 i vjeruje\u0161 (i ne odustaje\u0161 dok lu\u0111a\u010dki gura\u0161 naprijed). Ni\u0161ta od ovoga ne bi bilo mogu\u0107e bez na\u0161ih fran\u0161izera koji su vjerovali u brend, koncept i nas, pa im zato veliko hvala! Tako\u0111er, veliko hvala svima koji su bili uz nas zadnjih 12 godina i trpjeli poprili\u010dno lude ideje, ali, evo,&nbsp;nekad se i najlu\u0111e ideje ostvare \ud83d\ude42 Huh, sad mi je lak\u0161e jer sam morao \u0161utjeti&nbsp;o ovome mjesecima\u2026 \ud83d\ude42 &nbsp;HVALA SVIMA!!!!\u201d&nbsp;objavio je \u010colak na Facebooku.<\/p>\n\n\n\n<p><strong>Otvorili mali lokal u Rijeci i posao je eksplodirao<\/strong><\/p>\n\n\n\n<p>2009. godine Surf\u2019n\u2019Fries nije bio zami\u0161ljen kao fran\u0161izni lanac. Ideja je bila otvaranje malog lokala u Rijeci u kojem bi se prodavao pomfrit&nbsp;pa se polako \u0161iriti, no posao je eksplodirao&nbsp;te danas imaju vi\u0161e od 70 fran\u0161izera u skoro dvadeset zemalja svijeta. Osim u Hrvatskoj, Surf\u2019n\u2019Fries danas radi u Austriji, Njema\u010dkoj, Norve\u0161koj, Irskoj, Rumunjskoj, \u0160vedskoj, Iranu, Ujedinjenim Arapskim Emiratima, Vijetnamu, Ju\u017enoafri\u010dkoj Republici&nbsp;te susjednim zemljama \u2013 Sloveniji, Ma\u0111arskoj, Bosni i Hercegovini te&nbsp;Crnoj Gori. U ovoj godini bit \u0107e otvoreni lokali i u Kuvajtu, Australiji i Indiji.<\/p>\n\n\n\n<p>Andrija \u010colak, suosniva\u010d Surf\u2019n\u2019Friesa, za Index je prije dvije godine rekao da ih je na ulazak u ovaj posao inspirirao jedan rije\u010dki lokal u kojem se prodavao pomfrit, a koji je bio vrlo popularan \u201970-ih godina.<\/p>\n\n\n\n<figure class=\"wp-block-image\"><img decoding=\"async\" src=\"https:\/\/indexnew.s3.index.hr\/6d658e50-0793-42d6-840c-8b81ec7d9119.jpg?v1\" alt=\"\"\/><\/figure>\n\n\n\n<p>\u201cNa ideju je do\u0161ao Denis nakon \u0161to smo prodali svoju prvu tvrtku i do\u0161li do ne\u0161to kapitala i onda se pitali \u2018\u0161to sad?\u2019 Uglavnom, ideja je bilo \u2018reinventati\u2019 pomfrit, a inspiracija je do\u0161la od jednog pomfrit-du\u0107ana koji je u Rijeci radio \u201970-ih godina i bio je vrlo popularan. Po\u010deli smo raditi na ambala\u017ei, koja je i danas inovativna i dr\u017ei klju\u010dnu vrijednost cijelog brenda. Fran\u0161iza nije inicijalno bila u planu, ve\u0107 smo mislili razvijati vlastiti lanac malih pomfrit-du\u0107ana. Iskreno, nismo ba\u0161 previ\u0161e imali pojma \u0161to radimo, me\u0111utim i\u0161li smo srcem u posao.<\/p>\n\n\n\n<p>Nakon 2-3 mjeseca taj mali du\u0107an od 27 m2 u Rijeci je doslovno eksplodirao prometom, u prvoj godini smo u prosjeku prodavali 1000 porcija na dan! Vrlo brzo su po\u010deli dolaziti prvi ljudi koji su nam rekli da&nbsp;bi oni to&nbsp;mogli otvoriti u svojim gradovima. Tu smo se tek zamislili i shvatili da ako ne na\u0111emo neki odgovor za zainteresirane, da \u0107e najvjerojatnije oni otvoriti svoje verzije i zatvoriti nam tr\u017ei\u0161te. Fran\u0161iza je bila najmudrije rje\u0161enje i krenuli smo u tom smjeru. Ve\u0107 krajem 2009., zna\u010di ni&nbsp;godinu dana od otvaranja prvog du\u0107ana u Rijeci, imali smo prvu fran\u0161izu u Zagrebu. Nakon toga smo krenuli razvijati nove formate du\u0107ana, poput mobilnih, i tako do\u0161li na pla\u017ee u Hrvatskoj. Jednom kad smo bili na pla\u017eama, vidjelo nas je jako puno turista i tu su po\u010deli dolaziti upiti iz drugih zemalja. Eto, realno, i dan danas mi nismo ni jednu fran\u0161izu prodali, doslovno su je svi do\u0161li kupiti od nas\u201d, ka\u017ee \u010colak.<\/p>\n\n\n\n<p><strong>Sada rade u skoro 20 zemalja<\/strong><\/p>\n\n\n\n<p>Danas rade u skoro 20 zemalja&nbsp;i imaju vi\u0161e od 70 fran\u0161izera. Surf\u2019n\u2019Fries fran\u0161izerima daje brend i podr\u0161ku u poslovanju, dok oni, s druge strane, to pla\u0107aju postotkom od prometa. Osim pomfrita, uvode i dodatne proizvode, poput pile\u0107ih medaljona, pruti\u0107a od mozzarelle i sli\u010dno. \u010colak ka\u017ee da je za uspjeh ovakvog biznisa klju\u010dno da svi u lancu budu zadovoljni \u2013 i davatelj fran\u0161ize&nbsp;i fran\u0161izeri i kupci. Tada stvar funkcionira.<\/p>\n\n\n\n<p>\u201cDo danas smo Surf\u2019n\u2019Fries lansirali u blizu 20 zemalja svijeta i imamo vi\u0161e od 70 fran\u0161izera. U ponudi su nam uvijek krumpiri\u0107i, me\u0111utim tu su i umaci, npr. u novom du\u0107anu u Dubaiju imamo 34 umaka u ponudi. Onda su tu topinzi koji idu na krumpiri\u0107e, primjerice umak holandez,\u00a0ili\u00a0razne kombinacije s tartufima, parmezanom, pa sve do pulled pork\u00a0ili beef ili \u010dak guacamole. Nadalje, imamo ono \u0161to zovemo \u2018add on\u2019s\u2019,\u00a0poput pile\u0107ih medaljona ili krilaca\u00a0ili, npr., \u0161tapi\u0107i od mozzarelle\u00a0ili camembert bites, kozice i sli\u010dno.<\/p>\n\n\n\n<figure class=\"wp-block-image\"><img decoding=\"async\" src=\"https:\/\/indexnew.s3.index.hr\/370b253d-9e68-4793-9b75-84acf2f99f84.jpg?v1\" alt=\"\"\/><\/figure>\n\n\n\n<p>Tako\u0111er eksperimentiramo s desertima, poput funner fries s cimetom itd. Uglavnom, dosta smo radili na, ne bih rekao&nbsp;\u0161irini menija, ali na dubini da. U jednom trenutku smo krenuli u \u0161irinu pa smo vrlo brzo shvatili da je to velika pogre\u0161ka. \u0160to se ti\u010de tipa ljudi koji otvaraju Surf\u2019n\u2019Fries, to su naj\u010de\u0161\u0107e ljudi koji se zaljube u koncept i \u017eele biti dio njega i podijeliti ga na svom tr\u017ei\u0161tu. Mi se zaista trudimo da na\u0161a fran\u0161iza bude win-win situacija za fran\u0161izere, kupce i nas, vjerujemo da bez dobrog balansa te\u0161ko mo\u017ee biti napretka. U praksi to izgleda tako da mi poma\u017eemo fran\u0161izerima u lansiranju sa svi znanjem koje&nbsp;smo skupili proteklih godina, kao i sa svom dokumentacijom, networkom itd. Zauzvrat tra\u017eimo dio prometa, \u0161to je u fran\u0161iznoj industriji naj\u010de\u0161\u0107e izme\u0111u 4 i 7 posto. Na po\u010detku smo radili gre\u0161ke, gdje smo,&nbsp;tako re\u0107i, svima&nbsp;davali fran\u0161izu jer smo bili uzbu\u0111eni \u0161to&nbsp;nam brand raste, me\u0111utim s vremenom smo morali nau\u010diti re\u0107i \u2018ne\u2019&nbsp;i davati fran\u0161izu samo onima koji se zaista kvalificiraju za biti dobar fran\u0161izer\u201d, ka\u017ee \u010colak.<\/p>\n\n\n\n<p>Imaju i razli\u010dite formate prodajnih mjesta \u2013 od lokala, prikolica do mobilnih \u0161tandova.<\/p>\n\n\n\n<p>\u201cNa\u0161 brand ima stvarno veliku fleksibilnost po pitanju formata du\u0107ana, imamo ih \u010dak pet. U Hrvatskoj smo najuspje\u0161niji na pla\u017eama s malim mobilnim \u0161tandovima, u nekim drugim zemljama s trailer-modelom, odnosno prikolicom koje rade nevjerojatne performance na street-food festivalima, koncertima i sli\u010dnome. Evo, pro\u0161le godine je fran\u0161izer u Njema\u010dkoj postavio rekord brenda na festivalu, prodav\u0161i 3440 porcija u samo 8 sati. \u0160to se ti\u010de fiksnih du\u0107ana, klju\u010dne su nam lokacije koje su pje\u0161a\u010dke zone, visoke frekvencije i gdje ljudi imaju vremena probati ne\u0161to novo\u201d, ka\u017ee \u010colak.<\/p>\n\n\n\n<figure class=\"wp-block-image\"><img decoding=\"async\" src=\"https:\/\/indexnew.s3.index.hr\/18852563-33fe-44a1-bfe6-6d3ec2475099.jpg?v1\" alt=\"\"\/><\/figure>\n\n\n\n<p><strong>Od pro\u0161le godine i na najve\u0107im europskim stadionima<\/strong><\/p>\n\n\n\n<p>Pro\u0161le godine potpisali su ugovor s Rapid Retail tvrtkom iz Velike Britanije, gdje je Rapid Retail kao njihov fran\u0161izer postavio Surf\u2019n\u2019Fries ku\u0107ice na mnoge europske stadione diljem Velike Britanije i Francuske. Me\u0111u njima su i poznata zdanja poput Stade de Francea i Old Trafforda.<\/p>\n\n\n\n<p>\u201cOdu\u0161evljeni smo \u0161to smo otkrili na\u0161u novu suradnju, Rapid Food &amp; Beverage, kao i novo uzbudljivo partnerstvo sa Surf\u2019n\u2019Friesom, koji je prvi u rastu\u0107em portfelju brendova s kojima \u0107emo sura\u0111ivati. Cilj nam je isporu\u010diti izvrsnu hranu na stadione\u201d, komentirao je Charlie Daffern, \u0161ef Rapidovog europskog razvoja.<\/p>\n\n\n\n<p>\u201cSurf\u2019n\u2019Fries je proizvod iznimne kvalitete, a njegovo jednostavno pakiranje, koje stane u jednu ruku, pokazalo se savr\u0161enim za jelo u pokretu, pogotovo za navija\u010de na tribinama i ljude koji u\u017eivo gledaju neki doga\u0111aj\u201d, dodao je.<\/p>\n\n\n\n<p>Hrvatski krumpiri\u0107i su od 2018. godine dostupni i na legendarnoj surferskoj pla\u017ei Bondi Beach u Australiji.<\/p>\n\n\n\n<p>\/HMS\/<\/p>\n","protected":false},"excerpt":{"rendered":"<p>Najuspje\u0161niji hrvatski fran\u0161izni lanac Surf\u2019n\u2019Fries, koji su pokrenuli Rije\u010dani Andrija \u010colak i Denis Poli\u0107, pro\u0161irio je usred epidemije posao na Sjedinjene Ameri\u010dke Dr\u017eave. Kako&nbsp;je&nbsp;na Facebooku objavio Andrija \u010colak, ju\u010der su otvorili prvi du\u0107an, a tijekom idu\u0107ih pet godina planiraju ih otvoriti jo\u0161 300. Ugovor s Walmartom, planiraju 300 du\u0107ana \u201cStigao je i taj dan! SURF\u2019N\u2019FRIES [&hellip;]<\/p>\n","protected":false},"author":2,"featured_media":77305,"comment_status":"closed","ping_status":"closed","sticky":false,"template":"","format":"standard","meta":{"h5ap_radio_sources":[],"footnotes":""},"categories":[1],"tags":[],"class_list":["post-77304","post","type-post","status-publish","format-standard","has-post-thumbnail","hentry","category-bihiregija"],"yoast_head":"<!-- This site is optimized with the Yoast SEO plugin v27.4 - https:\/\/yoast.com\/product\/yoast-seo-wordpress\/ -->\n<title>Rije\u010dki Surf\u2019n\u2019Fries od ju\u010der u SAD-u, imaju drugo ime: \u201cOtvaramo preko 300 du\u0107ana\u201d - RADIO LJUBU\u0160KI<\/title>\n<meta name=\"robots\" content=\"index, follow, max-snippet:-1, max-image-preview:large, max-video-preview:-1\" \/>\n<link rel=\"canonical\" href=\"https:\/\/radioljubuski.ba\/index.php\/2021\/10\/18\/rijecki-surfnfries-od-jucer-u-sad-u-imaju-drugo-ime-otvaramo-preko-300-ducana\/\" \/>\n<meta property=\"og:locale\" content=\"hr_HR\" \/>\n<meta property=\"og:type\" content=\"article\" \/>\n<meta property=\"og:title\" content=\"Rije\u010dki Surf\u2019n\u2019Fries od ju\u010der u SAD-u, imaju drugo ime: \u201cOtvaramo preko 300 du\u0107ana\u201d - RADIO LJUBU\u0160KI\" \/>\n<meta property=\"og:description\" content=\"Najuspje\u0161niji hrvatski fran\u0161izni lanac Surf\u2019n\u2019Fries, koji su pokrenuli Rije\u010dani Andrija \u010colak i Denis Poli\u0107, pro\u0161irio je usred epidemije posao na Sjedinjene Ameri\u010dke Dr\u017eave. Kako&nbsp;je&nbsp;na Facebooku objavio Andrija \u010colak, ju\u010der su otvorili prvi du\u0107an, a tijekom idu\u0107ih pet godina planiraju ih otvoriti jo\u0161 300. Ugovor s Walmartom, planiraju 300 du\u0107ana \u201cStigao je i taj dan! SURF\u2019N\u2019FRIES [&hellip;]\" \/>\n<meta property=\"og:url\" content=\"https:\/\/radioljubuski.ba\/index.php\/2021\/10\/18\/rijecki-surfnfries-od-jucer-u-sad-u-imaju-drugo-ime-otvaramo-preko-300-ducana\/\" \/>\n<meta property=\"og:site_name\" content=\"RADIO LJUBU\u0160KI\" \/>\n<meta property=\"article:publisher\" content=\"https:\/\/www.facebook.com\/Radiio-Ljubuski-1490835324566332\" \/>\n<meta property=\"article:published_time\" content=\"2021-10-17T23:38:33+00:00\" \/>\n<meta property=\"article:modified_time\" content=\"2021-10-17T23:38:34+00:00\" \/>\n<meta property=\"og:image\" content=\"https:\/\/radioljubuski.ba\/wp-content\/uploads\/2021\/10\/1100dcf3-ab67-4177-9764-64637761dbf4.jpg\" \/>\n\t<meta property=\"og:image:width\" content=\"765\" \/>\n\t<meta property=\"og:image:height\" content=\"395\" \/>\n\t<meta property=\"og:image:type\" content=\"image\/jpeg\" \/>\n<meta name=\"author\" content=\"Radio Ljubu\u0161ki\" \/>\n<meta name=\"twitter:card\" content=\"summary_large_image\" \/>\n<meta name=\"twitter:creator\" content=\"@radioljubuski\" \/>\n<meta name=\"twitter:site\" content=\"@radioljubuski\" \/>\n<meta name=\"twitter:label1\" content=\"Napisao\/la\" \/>\n\t<meta name=\"twitter:data1\" content=\"Radio Ljubu\u0161ki\" \/>\n\t<meta name=\"twitter:label2\" content=\"Procijenjeno vrijeme \u010ditanja\" \/>\n\t<meta name=\"twitter:data2\" content=\"7 minuta\" \/>\n<script type=\"application\/ld+json\" class=\"yoast-schema-graph\">{\"@context\":\"https:\\\/\\\/schema.org\",\"@graph\":[{\"@type\":\"Article\",\"@id\":\"https:\\\/\\\/radioljubuski.ba\\\/index.php\\\/2021\\\/10\\\/18\\\/rijecki-surfnfries-od-jucer-u-sad-u-imaju-drugo-ime-otvaramo-preko-300-ducana\\\/#article\",\"isPartOf\":{\"@id\":\"https:\\\/\\\/radioljubuski.ba\\\/index.php\\\/2021\\\/10\\\/18\\\/rijecki-surfnfries-od-jucer-u-sad-u-imaju-drugo-ime-otvaramo-preko-300-ducana\\\/\"},\"author\":{\"name\":\"Radio Ljubu\u0161ki\",\"@id\":\"https:\\\/\\\/radioljubuski.ba\\\/#\\\/schema\\\/person\\\/19fc700381a780f69665d7956c469e3b\"},\"headline\":\"Rije\u010dki Surf\u2019n\u2019Fries od ju\u010der u SAD-u, imaju drugo ime: \u201cOtvaramo preko 300 du\u0107ana\u201d\",\"datePublished\":\"2021-10-17T23:38:33+00:00\",\"dateModified\":\"2021-10-17T23:38:34+00:00\",\"mainEntityOfPage\":{\"@id\":\"https:\\\/\\\/radioljubuski.ba\\\/index.php\\\/2021\\\/10\\\/18\\\/rijecki-surfnfries-od-jucer-u-sad-u-imaju-drugo-ime-otvaramo-preko-300-ducana\\\/\"},\"wordCount\":1572,\"publisher\":{\"@id\":\"https:\\\/\\\/radioljubuski.ba\\\/#organization\"},\"image\":{\"@id\":\"https:\\\/\\\/radioljubuski.ba\\\/index.php\\\/2021\\\/10\\\/18\\\/rijecki-surfnfries-od-jucer-u-sad-u-imaju-drugo-ime-otvaramo-preko-300-ducana\\\/#primaryimage\"},\"thumbnailUrl\":\"https:\\\/\\\/radioljubuski.ba\\\/wp-content\\\/uploads\\\/2021\\\/10\\\/1100dcf3-ab67-4177-9764-64637761dbf4.jpg\",\"articleSection\":[\"BIH i regija\"],\"inLanguage\":\"hr\"},{\"@type\":\"WebPage\",\"@id\":\"https:\\\/\\\/radioljubuski.ba\\\/index.php\\\/2021\\\/10\\\/18\\\/rijecki-surfnfries-od-jucer-u-sad-u-imaju-drugo-ime-otvaramo-preko-300-ducana\\\/\",\"url\":\"https:\\\/\\\/radioljubuski.ba\\\/index.php\\\/2021\\\/10\\\/18\\\/rijecki-surfnfries-od-jucer-u-sad-u-imaju-drugo-ime-otvaramo-preko-300-ducana\\\/\",\"name\":\"Rije\u010dki Surf\u2019n\u2019Fries od ju\u010der u SAD-u, imaju drugo ime: \u201cOtvaramo preko 300 du\u0107ana\u201d - RADIO LJUBU\u0160KI\",\"isPartOf\":{\"@id\":\"https:\\\/\\\/radioljubuski.ba\\\/#website\"},\"primaryImageOfPage\":{\"@id\":\"https:\\\/\\\/radioljubuski.ba\\\/index.php\\\/2021\\\/10\\\/18\\\/rijecki-surfnfries-od-jucer-u-sad-u-imaju-drugo-ime-otvaramo-preko-300-ducana\\\/#primaryimage\"},\"image\":{\"@id\":\"https:\\\/\\\/radioljubuski.ba\\\/index.php\\\/2021\\\/10\\\/18\\\/rijecki-surfnfries-od-jucer-u-sad-u-imaju-drugo-ime-otvaramo-preko-300-ducana\\\/#primaryimage\"},\"thumbnailUrl\":\"https:\\\/\\\/radioljubuski.ba\\\/wp-content\\\/uploads\\\/2021\\\/10\\\/1100dcf3-ab67-4177-9764-64637761dbf4.jpg\",\"datePublished\":\"2021-10-17T23:38:33+00:00\",\"dateModified\":\"2021-10-17T23:38:34+00:00\",\"breadcrumb\":{\"@id\":\"https:\\\/\\\/radioljubuski.ba\\\/index.php\\\/2021\\\/10\\\/18\\\/rijecki-surfnfries-od-jucer-u-sad-u-imaju-drugo-ime-otvaramo-preko-300-ducana\\\/#breadcrumb\"},\"inLanguage\":\"hr\",\"potentialAction\":[{\"@type\":\"ReadAction\",\"target\":[\"https:\\\/\\\/radioljubuski.ba\\\/index.php\\\/2021\\\/10\\\/18\\\/rijecki-surfnfries-od-jucer-u-sad-u-imaju-drugo-ime-otvaramo-preko-300-ducana\\\/\"]}]},{\"@type\":\"ImageObject\",\"inLanguage\":\"hr\",\"@id\":\"https:\\\/\\\/radioljubuski.ba\\\/index.php\\\/2021\\\/10\\\/18\\\/rijecki-surfnfries-od-jucer-u-sad-u-imaju-drugo-ime-otvaramo-preko-300-ducana\\\/#primaryimage\",\"url\":\"https:\\\/\\\/radioljubuski.ba\\\/wp-content\\\/uploads\\\/2021\\\/10\\\/1100dcf3-ab67-4177-9764-64637761dbf4.jpg\",\"contentUrl\":\"https:\\\/\\\/radioljubuski.ba\\\/wp-content\\\/uploads\\\/2021\\\/10\\\/1100dcf3-ab67-4177-9764-64637761dbf4.jpg\",\"width\":765,\"height\":395},{\"@type\":\"BreadcrumbList\",\"@id\":\"https:\\\/\\\/radioljubuski.ba\\\/index.php\\\/2021\\\/10\\\/18\\\/rijecki-surfnfries-od-jucer-u-sad-u-imaju-drugo-ime-otvaramo-preko-300-ducana\\\/#breadcrumb\",\"itemListElement\":[{\"@type\":\"ListItem\",\"position\":1,\"name\":\"Po\u010detna stranica\",\"item\":\"https:\\\/\\\/radioljubuski.ba\\\/\"},{\"@type\":\"ListItem\",\"position\":2,\"name\":\"Rije\u010dki Surf\u2019n\u2019Fries od ju\u010der u SAD-u, imaju drugo ime: \u201cOtvaramo preko 300 du\u0107ana\u201d\"}]},{\"@type\":\"WebSite\",\"@id\":\"https:\\\/\\\/radioljubuski.ba\\\/#website\",\"url\":\"https:\\\/\\\/radioljubuski.ba\\\/\",\"name\":\"Radio Ljubu\u0161ki\",\"description\":\"Sun\u010dana frekvencija Hercegovine\",\"publisher\":{\"@id\":\"https:\\\/\\\/radioljubuski.ba\\\/#organization\"},\"potentialAction\":[{\"@type\":\"SearchAction\",\"target\":{\"@type\":\"EntryPoint\",\"urlTemplate\":\"https:\\\/\\\/radioljubuski.ba\\\/?s={search_term_string}\"},\"query-input\":{\"@type\":\"PropertyValueSpecification\",\"valueRequired\":true,\"valueName\":\"search_term_string\"}}],\"inLanguage\":\"hr\"},{\"@type\":\"Organization\",\"@id\":\"https:\\\/\\\/radioljubuski.ba\\\/#organization\",\"name\":\"Radio Ljubu\u0161ki\",\"url\":\"https:\\\/\\\/radioljubuski.ba\\\/\",\"logo\":{\"@type\":\"ImageObject\",\"inLanguage\":\"hr\",\"@id\":\"https:\\\/\\\/radioljubuski.ba\\\/#\\\/schema\\\/logo\\\/image\\\/\",\"url\":\"https:\\\/\\\/radioljubuski.ba\\\/wp-content\\\/uploads\\\/2021\\\/02\\\/cropped-Radio_Ljubuski_logo1.jpg\",\"contentUrl\":\"https:\\\/\\\/radioljubuski.ba\\\/wp-content\\\/uploads\\\/2021\\\/02\\\/cropped-Radio_Ljubuski_logo1.jpg\",\"width\":512,\"height\":512,\"caption\":\"Radio Ljubu\u0161ki\"},\"image\":{\"@id\":\"https:\\\/\\\/radioljubuski.ba\\\/#\\\/schema\\\/logo\\\/image\\\/\"},\"sameAs\":[\"https:\\\/\\\/www.facebook.com\\\/Radiio-Ljubuski-1490835324566332\",\"https:\\\/\\\/x.com\\\/radioljubuski\",\"https:\\\/\\\/hr.linkedin.com\\\/company\\\/radio-ljubuski\",\"https:\\\/\\\/www.youtube.com\\\/channel\\\/UCHYaeO_n0Db3tjNGudGpXyw\"]},{\"@type\":\"Person\",\"@id\":\"https:\\\/\\\/radioljubuski.ba\\\/#\\\/schema\\\/person\\\/19fc700381a780f69665d7956c469e3b\",\"name\":\"Radio Ljubu\u0161ki\"}]}<\/script>\n<!-- \/ Yoast SEO plugin. -->","yoast_head_json":{"title":"Rije\u010dki Surf\u2019n\u2019Fries od ju\u010der u SAD-u, imaju drugo ime: \u201cOtvaramo preko 300 du\u0107ana\u201d - RADIO LJUBU\u0160KI","robots":{"index":"index","follow":"follow","max-snippet":"max-snippet:-1","max-image-preview":"max-image-preview:large","max-video-preview":"max-video-preview:-1"},"canonical":"https:\/\/radioljubuski.ba\/index.php\/2021\/10\/18\/rijecki-surfnfries-od-jucer-u-sad-u-imaju-drugo-ime-otvaramo-preko-300-ducana\/","og_locale":"hr_HR","og_type":"article","og_title":"Rije\u010dki Surf\u2019n\u2019Fries od ju\u010der u SAD-u, imaju drugo ime: \u201cOtvaramo preko 300 du\u0107ana\u201d - RADIO LJUBU\u0160KI","og_description":"Najuspje\u0161niji hrvatski fran\u0161izni lanac Surf\u2019n\u2019Fries, koji su pokrenuli Rije\u010dani Andrija \u010colak i Denis Poli\u0107, pro\u0161irio je usred epidemije posao na Sjedinjene Ameri\u010dke Dr\u017eave. Kako&nbsp;je&nbsp;na Facebooku objavio Andrija \u010colak, ju\u010der su otvorili prvi du\u0107an, a tijekom idu\u0107ih pet godina planiraju ih otvoriti jo\u0161 300. Ugovor s Walmartom, planiraju 300 du\u0107ana \u201cStigao je i taj dan! SURF\u2019N\u2019FRIES [&hellip;]","og_url":"https:\/\/radioljubuski.ba\/index.php\/2021\/10\/18\/rijecki-surfnfries-od-jucer-u-sad-u-imaju-drugo-ime-otvaramo-preko-300-ducana\/","og_site_name":"RADIO LJUBU\u0160KI","article_publisher":"https:\/\/www.facebook.com\/Radiio-Ljubuski-1490835324566332","article_published_time":"2021-10-17T23:38:33+00:00","article_modified_time":"2021-10-17T23:38:34+00:00","og_image":[{"width":765,"height":395,"url":"https:\/\/radioljubuski.ba\/wp-content\/uploads\/2021\/10\/1100dcf3-ab67-4177-9764-64637761dbf4.jpg","type":"image\/jpeg"}],"author":"Radio Ljubu\u0161ki","twitter_card":"summary_large_image","twitter_creator":"@radioljubuski","twitter_site":"@radioljubuski","twitter_misc":{"Napisao\/la":"Radio Ljubu\u0161ki","Procijenjeno vrijeme \u010ditanja":"7 minuta"},"schema":{"@context":"https:\/\/schema.org","@graph":[{"@type":"Article","@id":"https:\/\/radioljubuski.ba\/index.php\/2021\/10\/18\/rijecki-surfnfries-od-jucer-u-sad-u-imaju-drugo-ime-otvaramo-preko-300-ducana\/#article","isPartOf":{"@id":"https:\/\/radioljubuski.ba\/index.php\/2021\/10\/18\/rijecki-surfnfries-od-jucer-u-sad-u-imaju-drugo-ime-otvaramo-preko-300-ducana\/"},"author":{"name":"Radio Ljubu\u0161ki","@id":"https:\/\/radioljubuski.ba\/#\/schema\/person\/19fc700381a780f69665d7956c469e3b"},"headline":"Rije\u010dki Surf\u2019n\u2019Fries od ju\u010der u SAD-u, imaju drugo ime: \u201cOtvaramo preko 300 du\u0107ana\u201d","datePublished":"2021-10-17T23:38:33+00:00","dateModified":"2021-10-17T23:38:34+00:00","mainEntityOfPage":{"@id":"https:\/\/radioljubuski.ba\/index.php\/2021\/10\/18\/rijecki-surfnfries-od-jucer-u-sad-u-imaju-drugo-ime-otvaramo-preko-300-ducana\/"},"wordCount":1572,"publisher":{"@id":"https:\/\/radioljubuski.ba\/#organization"},"image":{"@id":"https:\/\/radioljubuski.ba\/index.php\/2021\/10\/18\/rijecki-surfnfries-od-jucer-u-sad-u-imaju-drugo-ime-otvaramo-preko-300-ducana\/#primaryimage"},"thumbnailUrl":"https:\/\/radioljubuski.ba\/wp-content\/uploads\/2021\/10\/1100dcf3-ab67-4177-9764-64637761dbf4.jpg","articleSection":["BIH i regija"],"inLanguage":"hr"},{"@type":"WebPage","@id":"https:\/\/radioljubuski.ba\/index.php\/2021\/10\/18\/rijecki-surfnfries-od-jucer-u-sad-u-imaju-drugo-ime-otvaramo-preko-300-ducana\/","url":"https:\/\/radioljubuski.ba\/index.php\/2021\/10\/18\/rijecki-surfnfries-od-jucer-u-sad-u-imaju-drugo-ime-otvaramo-preko-300-ducana\/","name":"Rije\u010dki Surf\u2019n\u2019Fries od ju\u010der u SAD-u, imaju drugo ime: \u201cOtvaramo preko 300 du\u0107ana\u201d - RADIO LJUBU\u0160KI","isPartOf":{"@id":"https:\/\/radioljubuski.ba\/#website"},"primaryImageOfPage":{"@id":"https:\/\/radioljubuski.ba\/index.php\/2021\/10\/18\/rijecki-surfnfries-od-jucer-u-sad-u-imaju-drugo-ime-otvaramo-preko-300-ducana\/#primaryimage"},"image":{"@id":"https:\/\/radioljubuski.ba\/index.php\/2021\/10\/18\/rijecki-surfnfries-od-jucer-u-sad-u-imaju-drugo-ime-otvaramo-preko-300-ducana\/#primaryimage"},"thumbnailUrl":"https:\/\/radioljubuski.ba\/wp-content\/uploads\/2021\/10\/1100dcf3-ab67-4177-9764-64637761dbf4.jpg","datePublished":"2021-10-17T23:38:33+00:00","dateModified":"2021-10-17T23:38:34+00:00","breadcrumb":{"@id":"https:\/\/radioljubuski.ba\/index.php\/2021\/10\/18\/rijecki-surfnfries-od-jucer-u-sad-u-imaju-drugo-ime-otvaramo-preko-300-ducana\/#breadcrumb"},"inLanguage":"hr","potentialAction":[{"@type":"ReadAction","target":["https:\/\/radioljubuski.ba\/index.php\/2021\/10\/18\/rijecki-surfnfries-od-jucer-u-sad-u-imaju-drugo-ime-otvaramo-preko-300-ducana\/"]}]},{"@type":"ImageObject","inLanguage":"hr","@id":"https:\/\/radioljubuski.ba\/index.php\/2021\/10\/18\/rijecki-surfnfries-od-jucer-u-sad-u-imaju-drugo-ime-otvaramo-preko-300-ducana\/#primaryimage","url":"https:\/\/radioljubuski.ba\/wp-content\/uploads\/2021\/10\/1100dcf3-ab67-4177-9764-64637761dbf4.jpg","contentUrl":"https:\/\/radioljubuski.ba\/wp-content\/uploads\/2021\/10\/1100dcf3-ab67-4177-9764-64637761dbf4.jpg","width":765,"height":395},{"@type":"BreadcrumbList","@id":"https:\/\/radioljubuski.ba\/index.php\/2021\/10\/18\/rijecki-surfnfries-od-jucer-u-sad-u-imaju-drugo-ime-otvaramo-preko-300-ducana\/#breadcrumb","itemListElement":[{"@type":"ListItem","position":1,"name":"Po\u010detna stranica","item":"https:\/\/radioljubuski.ba\/"},{"@type":"ListItem","position":2,"name":"Rije\u010dki Surf\u2019n\u2019Fries od ju\u010der u SAD-u, imaju drugo ime: \u201cOtvaramo preko 300 du\u0107ana\u201d"}]},{"@type":"WebSite","@id":"https:\/\/radioljubuski.ba\/#website","url":"https:\/\/radioljubuski.ba\/","name":"Radio Ljubu\u0161ki","description":"Sun\u010dana frekvencija Hercegovine","publisher":{"@id":"https:\/\/radioljubuski.ba\/#organization"},"potentialAction":[{"@type":"SearchAction","target":{"@type":"EntryPoint","urlTemplate":"https:\/\/radioljubuski.ba\/?s={search_term_string}"},"query-input":{"@type":"PropertyValueSpecification","valueRequired":true,"valueName":"search_term_string"}}],"inLanguage":"hr"},{"@type":"Organization","@id":"https:\/\/radioljubuski.ba\/#organization","name":"Radio Ljubu\u0161ki","url":"https:\/\/radioljubuski.ba\/","logo":{"@type":"ImageObject","inLanguage":"hr","@id":"https:\/\/radioljubuski.ba\/#\/schema\/logo\/image\/","url":"https:\/\/radioljubuski.ba\/wp-content\/uploads\/2021\/02\/cropped-Radio_Ljubuski_logo1.jpg","contentUrl":"https:\/\/radioljubuski.ba\/wp-content\/uploads\/2021\/02\/cropped-Radio_Ljubuski_logo1.jpg","width":512,"height":512,"caption":"Radio Ljubu\u0161ki"},"image":{"@id":"https:\/\/radioljubuski.ba\/#\/schema\/logo\/image\/"},"sameAs":["https:\/\/www.facebook.com\/Radiio-Ljubuski-1490835324566332","https:\/\/x.com\/radioljubuski","https:\/\/hr.linkedin.com\/company\/radio-ljubuski","https:\/\/www.youtube.com\/channel\/UCHYaeO_n0Db3tjNGudGpXyw"]},{"@type":"Person","@id":"https:\/\/radioljubuski.ba\/#\/schema\/person\/19fc700381a780f69665d7956c469e3b","name":"Radio Ljubu\u0161ki"}]}},"_links":{"self":[{"href":"https:\/\/radioljubuski.ba\/index.php\/wp-json\/wp\/v2\/posts\/77304","targetHints":{"allow":["GET"]}}],"collection":[{"href":"https:\/\/radioljubuski.ba\/index.php\/wp-json\/wp\/v2\/posts"}],"about":[{"href":"https:\/\/radioljubuski.ba\/index.php\/wp-json\/wp\/v2\/types\/post"}],"author":[{"embeddable":true,"href":"https:\/\/radioljubuski.ba\/index.php\/wp-json\/wp\/v2\/users\/2"}],"replies":[{"embeddable":true,"href":"https:\/\/radioljubuski.ba\/index.php\/wp-json\/wp\/v2\/comments?post=77304"}],"version-history":[{"count":1,"href":"https:\/\/radioljubuski.ba\/index.php\/wp-json\/wp\/v2\/posts\/77304\/revisions"}],"predecessor-version":[{"id":77306,"href":"https:\/\/radioljubuski.ba\/index.php\/wp-json\/wp\/v2\/posts\/77304\/revisions\/77306"}],"wp:featuredmedia":[{"embeddable":true,"href":"https:\/\/radioljubuski.ba\/index.php\/wp-json\/wp\/v2\/media\/77305"}],"wp:attachment":[{"href":"https:\/\/radioljubuski.ba\/index.php\/wp-json\/wp\/v2\/media?parent=77304"}],"wp:term":[{"taxonomy":"category","embeddable":true,"href":"https:\/\/radioljubuski.ba\/index.php\/wp-json\/wp\/v2\/categories?post=77304"},{"taxonomy":"post_tag","embeddable":true,"href":"https:\/\/radioljubuski.ba\/index.php\/wp-json\/wp\/v2\/tags?post=77304"}],"curies":[{"name":"wp","href":"https:\/\/api.w.org\/{rel}","templated":true}]}}