{"id":77307,"date":"2021-10-18T00:39:33","date_gmt":"2021-10-17T23:39:33","guid":{"rendered":"https:\/\/radioljubuski.ba\/?p=77307"},"modified":"2021-10-18T00:39:33","modified_gmt":"2021-10-17T23:39:33","slug":"moze-li-peljeski-most-srusiti-potres-hoce-li-ga-zatvarati-bura-i-sto-ako-udari-brod-u-stup","status":"publish","type":"post","link":"https:\/\/radioljubuski.ba\/index.php\/2021\/10\/18\/moze-li-peljeski-most-srusiti-potres-hoce-li-ga-zatvarati-bura-i-sto-ako-udari-brod-u-stup\/","title":{"rendered":"Mo\u017ee li Pelje\u0161ki most sru\u0161iti potres, ho\u0107e li ga zatvarati bura i \u0161to ako udari brod u stup?"},"content":{"rendered":"\n<p><strong>Pelje\u0161ki most sa svoja 2404 metra opasao je Malostonski zaljev i spojio Hrvatsku. Sada je dio dalmatinskog krajolika, ali taj krajolik nije nimalo bezopasan. Most se nalazi na izuzetno trusnom seizmi\u010dkom podru\u010dju, na kojem su \u010desti i jaki vjetrovi. Stoga se postavlja pitanje mo\u017ee li ga sru\u0161iti potres, kolike udare juga i bure mo\u017ee podnijeti, \u0161to ako se u most zabije brod te kako \u0107e se motriti njegova nosivost i stabilnost tijekom godina<\/strong><\/p>\n\n\n\n<p>Goran Legac, in\u017eenjer koji vodi projekt cestovnog spajanja ju\u017ene Dalmacije s ostatkom zemlje, svojim timom stru\u010dnjaka raznih struka i uz pomo\u0107 brojnih nadzornih slu\u017ebi \u2018visi\u2019 nad glavama Kineza koji grade Pelje\u0161ki most te Grka (tvrtka Avax) i Austrijanaca (Strabag) \u010diji zadatak je izgradnja pristupnih cesta, pi\u0161e Tportal.<\/p>\n\n\n\n<p>\u201dUobi\u010dajeno je o\u010dekivati kako \u0107e se u projektiranom \u017eivotnom vijeku gra\u0111evine, recimo 100-godi\u0161njem periodu, konstrukcija i oprema mosta kroz redovno i izvanredno odr\u017eavanje kompletno popraviti, pa zamijeniti. Zna\u010di ako je gradnja ko\u0161tala dvije milijarde kuna barem jo\u0161 toliko \u0107e se potro\u0161iti u 100 godina na odr\u017eavanje. Naravno ti tro\u0161kovi \u0107e u po\u010detku biti manji, a kasnije \u0107e rasti, sukladno garancijama izvo\u0111a\u010da\u201d, tvrdi Legac.<\/p>\n\n\n\n<p>Treba uzeti u obzir da je jug Hrvatske jedno je od najtrusnijih podru\u010dja u zemlji. Po procjenama seizmologa, maksimalan intenzitet potresa koji mo\u017ee zadesiti Dalmaciju kre\u0107e se od 6,3 do 7 stupnjeva po Richteru. Ne ohrabruje ni \u010dinjenica da se u blizini Pelje\u0161kog mosta nalazi nekoliko rasjeda, \u0161to je vidljivo uvidom u znanstvenu bazu podataka Europskih seizmi\u010dkih rasjeda.<\/p>\n\n\n\n<p>\u201dIstina je da se most nalazi u zoni vrlo visoke seizmi\u010dke aktivnosti, s projektnim ubrzanjem tla na razini temelja od 0,34 g, \u0161to je izuzetno sna\u017eno. Me\u0111utim konstrukcija je projektirana i konstruirana tako da izdr\u017ei djelovanje potresa bez ru\u0161enja. Grani\u010dnim stanjem uporabivosti osigurana je dovoljna krutost tako da i nakon potresa most bude upotrebljiv. Zna\u010di, on mo\u017ee odoljeti i najsna\u017enijim potresima koji se o\u010dekuju u tom podru\u010dju\u201d, izjavio je Legac.<\/p>\n\n\n\n<p>Pojasnio je da su za temeljenje stupova koji se nalaze u moru kori\u0161teni piloti, odnosno ogromne \u010deli\u010dne cijevi promjera 1,8 metara i dva metra. Njihova duljina je od 36 do 130,9 metara.<\/p>\n\n\n\n<p>Piloti su zabijeni u morsko dno, s time da je pilot od 130,9 metara svjetski rekorder. Uobi\u010dajeno se piloti ovakvih duljina izvode u nastavcima. Krajnji piloti su u potpunosti ispunjeni betonom, a u sredi\u0161njem dijelu ispunjeni su do dubine 40 metara kako bi se osigurala njihova pozicija. Piloti su na razini mora usidreni u masivnu betonsku naglavnicu, tako da su osigurane potrebna nosivost i horizontalna krutost temelja. Na naglavnicama stoje stupovi mosta.<\/p>\n\n\n\n<p>Lokacija mosta poznata je po jakim vjetrovima. Mnogi se pitaju ho\u0107emo li imati istu situaciju kao s Masleni\u010dkim mostom, a koji se zatvara kad zapu\u0161e orkanska bura?<\/p>\n\n\n\n<p>\u201dU analizi su predvi\u0111eni udari vjetra od \u010dak 180 kilometara na sat. Iz mog iskustva, jer blizu mosta \u017eivim oko tri i pol godine, u Malostonskom zaljevu jugo je puno intenzivnije od bure. \u010citavom du\u017einom mosta s obje strane nalazit \u0107e se burobrani visine 3,2 metra. Sli\u010dne burobrane mo\u017eete vidjeti na vijaduktu Bari\u010devi\u0107 na autocesti kod Sv. Roka. Oni su garancija da \u0107e se promet nesmetano odvijati u gotovo svim vremenskim uvjetima do brzine vjetra od 180 kilometara na sat\u201d, kazao je Legac.<\/p>\n\n\n\n<p>\u201dTrenuta\u010dno nema nikakvih brodskih linija na tom podru\u010dju. Bez obzira na to, predvi\u0111en je plovidbeni put koji prolazi kroz sredi\u0161nji raspon. Veliki brodovi plovit \u0107e ispod mosta uz pomo\u0107 remorkera, a oni srednji uz pomo\u0107 peljara. Tako \u0107e biti sprije\u010den udar velikih brodova u stupove\u201d, nastavlja Legac.<\/p>\n\n\n\n<p>Stupovi su projektirani tako da izdr\u017ee udar broda, s time da oni u sredini, izme\u0111u kojih prolazi plovni put, mogu izdr\u017eati udar srednje velikog broda od 100 metara duljine i mase 10.000 tona.<\/p>\n\n\n\n<p>\/HSM\/<\/p>\n","protected":false},"excerpt":{"rendered":"<p>Pelje\u0161ki most sa svoja 2404 metra opasao je Malostonski zaljev i spojio Hrvatsku. Sada je dio dalmatinskog krajolika, ali taj krajolik nije nimalo bezopasan. Most se nalazi na izuzetno trusnom seizmi\u010dkom podru\u010dju, na kojem su \u010desti i jaki vjetrovi. Stoga se postavlja pitanje mo\u017ee li ga sru\u0161iti potres, kolike udare juga i bure mo\u017ee podnijeti, [&hellip;]<\/p>\n","protected":false},"author":2,"featured_media":77308,"comment_status":"closed","ping_status":"closed","sticky":false,"template":"","format":"standard","meta":{"h5ap_radio_sources":[],"footnotes":""},"categories":[1],"tags":[],"class_list":["post-77307","post","type-post","status-publish","format-standard","has-post-thumbnail","hentry","category-bihiregija"],"yoast_head":"<!-- This site is optimized with the Yoast SEO plugin v27.4 - https:\/\/yoast.com\/product\/yoast-seo-wordpress\/ -->\n<title>Mo\u017ee li Pelje\u0161ki most sru\u0161iti potres, ho\u0107e li ga zatvarati bura i \u0161to ako udari brod u stup? - RADIO LJUBU\u0160KI<\/title>\n<meta name=\"robots\" content=\"index, follow, max-snippet:-1, max-image-preview:large, max-video-preview:-1\" \/>\n<link rel=\"canonical\" href=\"https:\/\/radioljubuski.ba\/index.php\/2021\/10\/18\/moze-li-peljeski-most-srusiti-potres-hoce-li-ga-zatvarati-bura-i-sto-ako-udari-brod-u-stup\/\" \/>\n<meta property=\"og:locale\" content=\"hr_HR\" \/>\n<meta property=\"og:type\" content=\"article\" \/>\n<meta property=\"og:title\" content=\"Mo\u017ee li Pelje\u0161ki most sru\u0161iti potres, ho\u0107e li ga zatvarati bura i \u0161to ako udari brod u stup? - RADIO LJUBU\u0160KI\" \/>\n<meta property=\"og:description\" content=\"Pelje\u0161ki most sa svoja 2404 metra opasao je Malostonski zaljev i spojio Hrvatsku. Sada je dio dalmatinskog krajolika, ali taj krajolik nije nimalo bezopasan. Most se nalazi na izuzetno trusnom seizmi\u010dkom podru\u010dju, na kojem su \u010desti i jaki vjetrovi. Stoga se postavlja pitanje mo\u017ee li ga sru\u0161iti potres, kolike udare juga i bure mo\u017ee podnijeti, [&hellip;]\" \/>\n<meta property=\"og:url\" content=\"https:\/\/radioljubuski.ba\/index.php\/2021\/10\/18\/moze-li-peljeski-most-srusiti-potres-hoce-li-ga-zatvarati-bura-i-sto-ako-udari-brod-u-stup\/\" \/>\n<meta property=\"og:site_name\" content=\"RADIO LJUBU\u0160KI\" \/>\n<meta property=\"article:publisher\" content=\"https:\/\/www.facebook.com\/Radiio-Ljubuski-1490835324566332\" \/>\n<meta property=\"article:published_time\" content=\"2021-10-17T23:39:33+00:00\" \/>\n<meta property=\"og:image\" content=\"https:\/\/radioljubuski.ba\/wp-content\/uploads\/2021\/10\/peljeski-most-nova2.jpg\" \/>\n\t<meta property=\"og:image:width\" content=\"840\" \/>\n\t<meta property=\"og:image:height\" content=\"470\" \/>\n\t<meta property=\"og:image:type\" content=\"image\/jpeg\" \/>\n<meta name=\"author\" content=\"Radio Ljubu\u0161ki\" \/>\n<meta name=\"twitter:card\" content=\"summary_large_image\" \/>\n<meta name=\"twitter:creator\" content=\"@radioljubuski\" \/>\n<meta name=\"twitter:site\" content=\"@radioljubuski\" \/>\n<meta name=\"twitter:label1\" content=\"Napisao\/la\" \/>\n\t<meta name=\"twitter:data1\" content=\"Radio Ljubu\u0161ki\" \/>\n\t<meta name=\"twitter:label2\" content=\"Procijenjeno vrijeme \u010ditanja\" \/>\n\t<meta name=\"twitter:data2\" content=\"3 minute\" \/>\n<script type=\"application\/ld+json\" class=\"yoast-schema-graph\">{\"@context\":\"https:\\\/\\\/schema.org\",\"@graph\":[{\"@type\":\"Article\",\"@id\":\"https:\\\/\\\/radioljubuski.ba\\\/index.php\\\/2021\\\/10\\\/18\\\/moze-li-peljeski-most-srusiti-potres-hoce-li-ga-zatvarati-bura-i-sto-ako-udari-brod-u-stup\\\/#article\",\"isPartOf\":{\"@id\":\"https:\\\/\\\/radioljubuski.ba\\\/index.php\\\/2021\\\/10\\\/18\\\/moze-li-peljeski-most-srusiti-potres-hoce-li-ga-zatvarati-bura-i-sto-ako-udari-brod-u-stup\\\/\"},\"author\":{\"name\":\"Radio Ljubu\u0161ki\",\"@id\":\"https:\\\/\\\/radioljubuski.ba\\\/#\\\/schema\\\/person\\\/19fc700381a780f69665d7956c469e3b\"},\"headline\":\"Mo\u017ee li Pelje\u0161ki most sru\u0161iti potres, ho\u0107e li ga zatvarati bura i \u0161to ako udari brod u stup?\",\"datePublished\":\"2021-10-17T23:39:33+00:00\",\"mainEntityOfPage\":{\"@id\":\"https:\\\/\\\/radioljubuski.ba\\\/index.php\\\/2021\\\/10\\\/18\\\/moze-li-peljeski-most-srusiti-potres-hoce-li-ga-zatvarati-bura-i-sto-ako-udari-brod-u-stup\\\/\"},\"wordCount\":674,\"publisher\":{\"@id\":\"https:\\\/\\\/radioljubuski.ba\\\/#organization\"},\"image\":{\"@id\":\"https:\\\/\\\/radioljubuski.ba\\\/index.php\\\/2021\\\/10\\\/18\\\/moze-li-peljeski-most-srusiti-potres-hoce-li-ga-zatvarati-bura-i-sto-ako-udari-brod-u-stup\\\/#primaryimage\"},\"thumbnailUrl\":\"https:\\\/\\\/radioljubuski.ba\\\/wp-content\\\/uploads\\\/2021\\\/10\\\/peljeski-most-nova2.jpg\",\"articleSection\":[\"BIH i regija\"],\"inLanguage\":\"hr\"},{\"@type\":\"WebPage\",\"@id\":\"https:\\\/\\\/radioljubuski.ba\\\/index.php\\\/2021\\\/10\\\/18\\\/moze-li-peljeski-most-srusiti-potres-hoce-li-ga-zatvarati-bura-i-sto-ako-udari-brod-u-stup\\\/\",\"url\":\"https:\\\/\\\/radioljubuski.ba\\\/index.php\\\/2021\\\/10\\\/18\\\/moze-li-peljeski-most-srusiti-potres-hoce-li-ga-zatvarati-bura-i-sto-ako-udari-brod-u-stup\\\/\",\"name\":\"Mo\u017ee li Pelje\u0161ki most sru\u0161iti potres, ho\u0107e li ga zatvarati bura i \u0161to ako udari brod u stup? - RADIO LJUBU\u0160KI\",\"isPartOf\":{\"@id\":\"https:\\\/\\\/radioljubuski.ba\\\/#website\"},\"primaryImageOfPage\":{\"@id\":\"https:\\\/\\\/radioljubuski.ba\\\/index.php\\\/2021\\\/10\\\/18\\\/moze-li-peljeski-most-srusiti-potres-hoce-li-ga-zatvarati-bura-i-sto-ako-udari-brod-u-stup\\\/#primaryimage\"},\"image\":{\"@id\":\"https:\\\/\\\/radioljubuski.ba\\\/index.php\\\/2021\\\/10\\\/18\\\/moze-li-peljeski-most-srusiti-potres-hoce-li-ga-zatvarati-bura-i-sto-ako-udari-brod-u-stup\\\/#primaryimage\"},\"thumbnailUrl\":\"https:\\\/\\\/radioljubuski.ba\\\/wp-content\\\/uploads\\\/2021\\\/10\\\/peljeski-most-nova2.jpg\",\"datePublished\":\"2021-10-17T23:39:33+00:00\",\"breadcrumb\":{\"@id\":\"https:\\\/\\\/radioljubuski.ba\\\/index.php\\\/2021\\\/10\\\/18\\\/moze-li-peljeski-most-srusiti-potres-hoce-li-ga-zatvarati-bura-i-sto-ako-udari-brod-u-stup\\\/#breadcrumb\"},\"inLanguage\":\"hr\",\"potentialAction\":[{\"@type\":\"ReadAction\",\"target\":[\"https:\\\/\\\/radioljubuski.ba\\\/index.php\\\/2021\\\/10\\\/18\\\/moze-li-peljeski-most-srusiti-potres-hoce-li-ga-zatvarati-bura-i-sto-ako-udari-brod-u-stup\\\/\"]}]},{\"@type\":\"ImageObject\",\"inLanguage\":\"hr\",\"@id\":\"https:\\\/\\\/radioljubuski.ba\\\/index.php\\\/2021\\\/10\\\/18\\\/moze-li-peljeski-most-srusiti-potres-hoce-li-ga-zatvarati-bura-i-sto-ako-udari-brod-u-stup\\\/#primaryimage\",\"url\":\"https:\\\/\\\/radioljubuski.ba\\\/wp-content\\\/uploads\\\/2021\\\/10\\\/peljeski-most-nova2.jpg\",\"contentUrl\":\"https:\\\/\\\/radioljubuski.ba\\\/wp-content\\\/uploads\\\/2021\\\/10\\\/peljeski-most-nova2.jpg\",\"width\":840,\"height\":470},{\"@type\":\"BreadcrumbList\",\"@id\":\"https:\\\/\\\/radioljubuski.ba\\\/index.php\\\/2021\\\/10\\\/18\\\/moze-li-peljeski-most-srusiti-potres-hoce-li-ga-zatvarati-bura-i-sto-ako-udari-brod-u-stup\\\/#breadcrumb\",\"itemListElement\":[{\"@type\":\"ListItem\",\"position\":1,\"name\":\"Po\u010detna stranica\",\"item\":\"https:\\\/\\\/radioljubuski.ba\\\/\"},{\"@type\":\"ListItem\",\"position\":2,\"name\":\"Mo\u017ee li Pelje\u0161ki most sru\u0161iti potres, ho\u0107e li ga zatvarati bura i \u0161to ako udari brod u stup?\"}]},{\"@type\":\"WebSite\",\"@id\":\"https:\\\/\\\/radioljubuski.ba\\\/#website\",\"url\":\"https:\\\/\\\/radioljubuski.ba\\\/\",\"name\":\"Radio Ljubu\u0161ki\",\"description\":\"Sun\u010dana frekvencija Hercegovine\",\"publisher\":{\"@id\":\"https:\\\/\\\/radioljubuski.ba\\\/#organization\"},\"potentialAction\":[{\"@type\":\"SearchAction\",\"target\":{\"@type\":\"EntryPoint\",\"urlTemplate\":\"https:\\\/\\\/radioljubuski.ba\\\/?s={search_term_string}\"},\"query-input\":{\"@type\":\"PropertyValueSpecification\",\"valueRequired\":true,\"valueName\":\"search_term_string\"}}],\"inLanguage\":\"hr\"},{\"@type\":\"Organization\",\"@id\":\"https:\\\/\\\/radioljubuski.ba\\\/#organization\",\"name\":\"Radio Ljubu\u0161ki\",\"url\":\"https:\\\/\\\/radioljubuski.ba\\\/\",\"logo\":{\"@type\":\"ImageObject\",\"inLanguage\":\"hr\",\"@id\":\"https:\\\/\\\/radioljubuski.ba\\\/#\\\/schema\\\/logo\\\/image\\\/\",\"url\":\"https:\\\/\\\/radioljubuski.ba\\\/wp-content\\\/uploads\\\/2021\\\/02\\\/cropped-Radio_Ljubuski_logo1.jpg\",\"contentUrl\":\"https:\\\/\\\/radioljubuski.ba\\\/wp-content\\\/uploads\\\/2021\\\/02\\\/cropped-Radio_Ljubuski_logo1.jpg\",\"width\":512,\"height\":512,\"caption\":\"Radio Ljubu\u0161ki\"},\"image\":{\"@id\":\"https:\\\/\\\/radioljubuski.ba\\\/#\\\/schema\\\/logo\\\/image\\\/\"},\"sameAs\":[\"https:\\\/\\\/www.facebook.com\\\/Radiio-Ljubuski-1490835324566332\",\"https:\\\/\\\/x.com\\\/radioljubuski\",\"https:\\\/\\\/hr.linkedin.com\\\/company\\\/radio-ljubuski\",\"https:\\\/\\\/www.youtube.com\\\/channel\\\/UCHYaeO_n0Db3tjNGudGpXyw\"]},{\"@type\":\"Person\",\"@id\":\"https:\\\/\\\/radioljubuski.ba\\\/#\\\/schema\\\/person\\\/19fc700381a780f69665d7956c469e3b\",\"name\":\"Radio Ljubu\u0161ki\"}]}<\/script>\n<!-- \/ Yoast SEO plugin. -->","yoast_head_json":{"title":"Mo\u017ee li Pelje\u0161ki most sru\u0161iti potres, ho\u0107e li ga zatvarati bura i \u0161to ako udari brod u stup? - RADIO LJUBU\u0160KI","robots":{"index":"index","follow":"follow","max-snippet":"max-snippet:-1","max-image-preview":"max-image-preview:large","max-video-preview":"max-video-preview:-1"},"canonical":"https:\/\/radioljubuski.ba\/index.php\/2021\/10\/18\/moze-li-peljeski-most-srusiti-potres-hoce-li-ga-zatvarati-bura-i-sto-ako-udari-brod-u-stup\/","og_locale":"hr_HR","og_type":"article","og_title":"Mo\u017ee li Pelje\u0161ki most sru\u0161iti potres, ho\u0107e li ga zatvarati bura i \u0161to ako udari brod u stup? - RADIO LJUBU\u0160KI","og_description":"Pelje\u0161ki most sa svoja 2404 metra opasao je Malostonski zaljev i spojio Hrvatsku. Sada je dio dalmatinskog krajolika, ali taj krajolik nije nimalo bezopasan. Most se nalazi na izuzetno trusnom seizmi\u010dkom podru\u010dju, na kojem su \u010desti i jaki vjetrovi. Stoga se postavlja pitanje mo\u017ee li ga sru\u0161iti potres, kolike udare juga i bure mo\u017ee podnijeti, [&hellip;]","og_url":"https:\/\/radioljubuski.ba\/index.php\/2021\/10\/18\/moze-li-peljeski-most-srusiti-potres-hoce-li-ga-zatvarati-bura-i-sto-ako-udari-brod-u-stup\/","og_site_name":"RADIO LJUBU\u0160KI","article_publisher":"https:\/\/www.facebook.com\/Radiio-Ljubuski-1490835324566332","article_published_time":"2021-10-17T23:39:33+00:00","og_image":[{"width":840,"height":470,"url":"https:\/\/radioljubuski.ba\/wp-content\/uploads\/2021\/10\/peljeski-most-nova2.jpg","type":"image\/jpeg"}],"author":"Radio Ljubu\u0161ki","twitter_card":"summary_large_image","twitter_creator":"@radioljubuski","twitter_site":"@radioljubuski","twitter_misc":{"Napisao\/la":"Radio Ljubu\u0161ki","Procijenjeno vrijeme \u010ditanja":"3 minute"},"schema":{"@context":"https:\/\/schema.org","@graph":[{"@type":"Article","@id":"https:\/\/radioljubuski.ba\/index.php\/2021\/10\/18\/moze-li-peljeski-most-srusiti-potres-hoce-li-ga-zatvarati-bura-i-sto-ako-udari-brod-u-stup\/#article","isPartOf":{"@id":"https:\/\/radioljubuski.ba\/index.php\/2021\/10\/18\/moze-li-peljeski-most-srusiti-potres-hoce-li-ga-zatvarati-bura-i-sto-ako-udari-brod-u-stup\/"},"author":{"name":"Radio Ljubu\u0161ki","@id":"https:\/\/radioljubuski.ba\/#\/schema\/person\/19fc700381a780f69665d7956c469e3b"},"headline":"Mo\u017ee li Pelje\u0161ki most sru\u0161iti potres, ho\u0107e li ga zatvarati bura i \u0161to ako udari brod u stup?","datePublished":"2021-10-17T23:39:33+00:00","mainEntityOfPage":{"@id":"https:\/\/radioljubuski.ba\/index.php\/2021\/10\/18\/moze-li-peljeski-most-srusiti-potres-hoce-li-ga-zatvarati-bura-i-sto-ako-udari-brod-u-stup\/"},"wordCount":674,"publisher":{"@id":"https:\/\/radioljubuski.ba\/#organization"},"image":{"@id":"https:\/\/radioljubuski.ba\/index.php\/2021\/10\/18\/moze-li-peljeski-most-srusiti-potres-hoce-li-ga-zatvarati-bura-i-sto-ako-udari-brod-u-stup\/#primaryimage"},"thumbnailUrl":"https:\/\/radioljubuski.ba\/wp-content\/uploads\/2021\/10\/peljeski-most-nova2.jpg","articleSection":["BIH i regija"],"inLanguage":"hr"},{"@type":"WebPage","@id":"https:\/\/radioljubuski.ba\/index.php\/2021\/10\/18\/moze-li-peljeski-most-srusiti-potres-hoce-li-ga-zatvarati-bura-i-sto-ako-udari-brod-u-stup\/","url":"https:\/\/radioljubuski.ba\/index.php\/2021\/10\/18\/moze-li-peljeski-most-srusiti-potres-hoce-li-ga-zatvarati-bura-i-sto-ako-udari-brod-u-stup\/","name":"Mo\u017ee li Pelje\u0161ki most sru\u0161iti potres, ho\u0107e li ga zatvarati bura i \u0161to ako udari brod u stup? - RADIO LJUBU\u0160KI","isPartOf":{"@id":"https:\/\/radioljubuski.ba\/#website"},"primaryImageOfPage":{"@id":"https:\/\/radioljubuski.ba\/index.php\/2021\/10\/18\/moze-li-peljeski-most-srusiti-potres-hoce-li-ga-zatvarati-bura-i-sto-ako-udari-brod-u-stup\/#primaryimage"},"image":{"@id":"https:\/\/radioljubuski.ba\/index.php\/2021\/10\/18\/moze-li-peljeski-most-srusiti-potres-hoce-li-ga-zatvarati-bura-i-sto-ako-udari-brod-u-stup\/#primaryimage"},"thumbnailUrl":"https:\/\/radioljubuski.ba\/wp-content\/uploads\/2021\/10\/peljeski-most-nova2.jpg","datePublished":"2021-10-17T23:39:33+00:00","breadcrumb":{"@id":"https:\/\/radioljubuski.ba\/index.php\/2021\/10\/18\/moze-li-peljeski-most-srusiti-potres-hoce-li-ga-zatvarati-bura-i-sto-ako-udari-brod-u-stup\/#breadcrumb"},"inLanguage":"hr","potentialAction":[{"@type":"ReadAction","target":["https:\/\/radioljubuski.ba\/index.php\/2021\/10\/18\/moze-li-peljeski-most-srusiti-potres-hoce-li-ga-zatvarati-bura-i-sto-ako-udari-brod-u-stup\/"]}]},{"@type":"ImageObject","inLanguage":"hr","@id":"https:\/\/radioljubuski.ba\/index.php\/2021\/10\/18\/moze-li-peljeski-most-srusiti-potres-hoce-li-ga-zatvarati-bura-i-sto-ako-udari-brod-u-stup\/#primaryimage","url":"https:\/\/radioljubuski.ba\/wp-content\/uploads\/2021\/10\/peljeski-most-nova2.jpg","contentUrl":"https:\/\/radioljubuski.ba\/wp-content\/uploads\/2021\/10\/peljeski-most-nova2.jpg","width":840,"height":470},{"@type":"BreadcrumbList","@id":"https:\/\/radioljubuski.ba\/index.php\/2021\/10\/18\/moze-li-peljeski-most-srusiti-potres-hoce-li-ga-zatvarati-bura-i-sto-ako-udari-brod-u-stup\/#breadcrumb","itemListElement":[{"@type":"ListItem","position":1,"name":"Po\u010detna stranica","item":"https:\/\/radioljubuski.ba\/"},{"@type":"ListItem","position":2,"name":"Mo\u017ee li Pelje\u0161ki most sru\u0161iti potres, ho\u0107e li ga zatvarati bura i \u0161to ako udari brod u stup?"}]},{"@type":"WebSite","@id":"https:\/\/radioljubuski.ba\/#website","url":"https:\/\/radioljubuski.ba\/","name":"Radio Ljubu\u0161ki","description":"Sun\u010dana frekvencija Hercegovine","publisher":{"@id":"https:\/\/radioljubuski.ba\/#organization"},"potentialAction":[{"@type":"SearchAction","target":{"@type":"EntryPoint","urlTemplate":"https:\/\/radioljubuski.ba\/?s={search_term_string}"},"query-input":{"@type":"PropertyValueSpecification","valueRequired":true,"valueName":"search_term_string"}}],"inLanguage":"hr"},{"@type":"Organization","@id":"https:\/\/radioljubuski.ba\/#organization","name":"Radio Ljubu\u0161ki","url":"https:\/\/radioljubuski.ba\/","logo":{"@type":"ImageObject","inLanguage":"hr","@id":"https:\/\/radioljubuski.ba\/#\/schema\/logo\/image\/","url":"https:\/\/radioljubuski.ba\/wp-content\/uploads\/2021\/02\/cropped-Radio_Ljubuski_logo1.jpg","contentUrl":"https:\/\/radioljubuski.ba\/wp-content\/uploads\/2021\/02\/cropped-Radio_Ljubuski_logo1.jpg","width":512,"height":512,"caption":"Radio Ljubu\u0161ki"},"image":{"@id":"https:\/\/radioljubuski.ba\/#\/schema\/logo\/image\/"},"sameAs":["https:\/\/www.facebook.com\/Radiio-Ljubuski-1490835324566332","https:\/\/x.com\/radioljubuski","https:\/\/hr.linkedin.com\/company\/radio-ljubuski","https:\/\/www.youtube.com\/channel\/UCHYaeO_n0Db3tjNGudGpXyw"]},{"@type":"Person","@id":"https:\/\/radioljubuski.ba\/#\/schema\/person\/19fc700381a780f69665d7956c469e3b","name":"Radio Ljubu\u0161ki"}]}},"_links":{"self":[{"href":"https:\/\/radioljubuski.ba\/index.php\/wp-json\/wp\/v2\/posts\/77307","targetHints":{"allow":["GET"]}}],"collection":[{"href":"https:\/\/radioljubuski.ba\/index.php\/wp-json\/wp\/v2\/posts"}],"about":[{"href":"https:\/\/radioljubuski.ba\/index.php\/wp-json\/wp\/v2\/types\/post"}],"author":[{"embeddable":true,"href":"https:\/\/radioljubuski.ba\/index.php\/wp-json\/wp\/v2\/users\/2"}],"replies":[{"embeddable":true,"href":"https:\/\/radioljubuski.ba\/index.php\/wp-json\/wp\/v2\/comments?post=77307"}],"version-history":[{"count":1,"href":"https:\/\/radioljubuski.ba\/index.php\/wp-json\/wp\/v2\/posts\/77307\/revisions"}],"predecessor-version":[{"id":77309,"href":"https:\/\/radioljubuski.ba\/index.php\/wp-json\/wp\/v2\/posts\/77307\/revisions\/77309"}],"wp:featuredmedia":[{"embeddable":true,"href":"https:\/\/radioljubuski.ba\/index.php\/wp-json\/wp\/v2\/media\/77308"}],"wp:attachment":[{"href":"https:\/\/radioljubuski.ba\/index.php\/wp-json\/wp\/v2\/media?parent=77307"}],"wp:term":[{"taxonomy":"category","embeddable":true,"href":"https:\/\/radioljubuski.ba\/index.php\/wp-json\/wp\/v2\/categories?post=77307"},{"taxonomy":"post_tag","embeddable":true,"href":"https:\/\/radioljubuski.ba\/index.php\/wp-json\/wp\/v2\/tags?post=77307"}],"curies":[{"name":"wp","href":"https:\/\/api.w.org\/{rel}","templated":true}]}}