{"id":77316,"date":"2021-10-18T00:44:57","date_gmt":"2021-10-17T23:44:57","guid":{"rendered":"https:\/\/radioljubuski.ba\/?p=77316"},"modified":"2021-10-18T00:44:59","modified_gmt":"2021-10-17T23:44:59","slug":"uhicenje-najmocnije-zene-srbije-pred-kojom-su-drhtali-i-generali-i-nacelnici-policije-uzdrmalo-je-vucicev-rezim-je-li-zatvorena-zbog-predsjednikovog-brata","status":"publish","type":"post","link":"https:\/\/radioljubuski.ba\/index.php\/2021\/10\/18\/uhicenje-najmocnije-zene-srbije-pred-kojom-su-drhtali-i-generali-i-nacelnici-policije-uzdrmalo-je-vucicev-rezim-je-li-zatvorena-zbog-predsjednikovog-brata\/","title":{"rendered":"Uhi\u0107enje najmo\u0107nije \u017eene Srbije pred kojom su drhtali i generali i na\u010delnici policije uzdrmalo je Vu\u010di\u0107ev re\u017eim. Je li zatvorena zbog predsjednikovog brata?"},"content":{"rendered":"\n<p>Uhi\u0107enje nekada najmo\u0107nije \u017eene Srbije&nbsp;Dijane Hrkalovi\u0107, pred kojom su, ka\u017eu, drhtali i generali i na\u010delnici policije, uzdrmalo je re\u017eim&nbsp;Aleksandra Vu\u010di\u0107a&nbsp;jer ona dolazi iz njegova miljea, a sve vi\u0161e je naznaka da je ona bila &#8220;veza&#8221; izme\u0111u re\u017eima i srbijanskih kriminalnih klanova, poput onoga&nbsp;Veljka Belivuka&nbsp;zvanog&nbsp;Velja Nevolja, koji je u zatvoru od velja\u010de i \u010deka su\u0111enje. Tako da, o\u010dito, ona ima neka &#8220;saznanja&#8221; neugodna po Vu\u010di\u0107a, pi\u0161e&nbsp;<a href=\"https:\/\/www.jutarnji.hr\/vijesti\/svijet\/novi-skandali-je-li-najmocnija-zena-srbije-uhapsena-da-se-spasi-brat-aleksandra-vucica-15110795\" target=\"_blank\" rel=\"noreferrer noopener\">Jutarnji list.<\/a><\/p>\n\n\n\n<p>Gledaju\u0107i \u0161to se sve zbiva oko tog slu\u010daja, dojam je da se sve ovo \u010dini zbog spa\u0161avanja predsjednik Vu\u010di\u0107a, odnosno zbog upletenosti njegova brata&nbsp;Andreja&nbsp;i sina&nbsp;Danila&nbsp;te nekih strana\u010dkih ljudi iz vrha vlasti u &#8220;dilove&#8221; s podzemljem, ali i \u010dinjenice, koje su iza\u0161le u javnost sa saslu\u0161anja, da je Velja Nevolja&nbsp;bio na usluzi Aleksandru Vu\u010di\u0107u te da se sada on treba izvu\u0107i iz neugodne situacije.<\/p>\n\n\n\n<p>&#8211; Bojim se da je hap\u0161enje Hrkalovi\u0107 tek pu\u0161tanje dimne zavjese jer vidimo da nema politi\u010dke odgovornosti &#8211; ka\u017ee za njema\u010dke medije novinar beogradskog NIN-a&nbsp;Vuk Cviji\u0107. On govori da je Dijana Hrkalovi\u0107 do\u0161la na svoju funkciju &#8220;po politi\u010dkoj liniji&#8221;. Kada je postavljena, ka\u017ee Cviji\u0107, Vu\u010di\u0107 je upravo postao premijer Srbije te je bio i \u0161ef Ureda za koordinaciju slu\u017ebi sigurnosti.<\/p>\n\n\n\n<p>&#8211; Politi\u010dka odgovornost je jasna. Hrkalovi\u0107 je nesumnjivo politi\u010dki postavljen kadar &#8211; ka\u017ee Cviji\u0107, te se mo\u017ee shvatiti da je sve ovo, zapravo, sukob unutar &#8220;strana\u010dke re\u017eimske obitelji&#8221;. Naime, novinarka srbijanskog istra\u017eiva\u010dkog portala KRIK&nbsp;Bojana Jovanovi\u0107&nbsp;ka\u017ee da je Dijana Hrkalovi\u0107, koja je uhap\u0161ena zbog povezanosti s ubojstvom&nbsp;Vlastimira Milo\u0161evi\u0107a&nbsp;2017., &#8220;ve\u0107 godinama bila za\u0161ti\u0107ena i i\u0161la je ispod radara policije i tu\u017eila\u0161tva&#8221;.<\/p>\n\n\n\n<p>KRIK je otkrio, ka\u017ee Bojana Jovanovi\u0107, da je Dijana Hrkalovi\u0107 bila povezana s klanom Velje Nevolje, a time i s kava\u010dkim klanom, jednim od najgorih klanova organiziranog kriminala na ovim prostorima.<\/p>\n\n\n\n<p>&#8211; Postojao je i posrednik. To je pripadnik \u017eandarmerije&nbsp;Nenad Vu\u010dkovi\u0107. I svih ovih godina policija i tu\u017eila\u0161tvo se nisu bavili ispitivanjem ovih veza&#8221;, rekla je Jovanovi\u0107.<\/p>\n\n\n\n<p>Urednik u beogradskom tjedniku Vreme&nbsp;Filip \u0160varm&nbsp;rekao je za srbijansku redakciju N1 kako uhi\u0107enjem Dijane Hrkalovi\u0107 re\u017eim \u017eeli &#8220;odvratiti pa\u017enju ili kontrolirati \u0161tetu&#8221;. Naime, zadnjih dana ponovno je izbio skandal Jovanjica, \u0161to je izbio zbog planta\u017ee marihuane na tom poljoprivrednom dobru koje je, navodno, u vlasni\u0161tvu ili barem pod kontrolom Vu\u010di\u0107eva brata Andreja.<\/p>\n\n\n\n<p>\u0160varm ka\u017ee kako je slu\u010daj Jovanjica &#8220;ogroman skandal&#8221; te da je iza prvooptu\u017eenog u tom slu\u010daju (radi se o Predragu Koluviji) stao \u010ditav dr\u017eavni vrh. \u010cini se da je i sam re\u017eim svjestan skandala u vezi sa Jovanjicom, te je hap\u0161enje Hrkalovi\u0107 na neki na\u010din odvra\u0107anje pa\u017enje od Jovanjice.<\/p>\n\n\n\n<p>&#8211; Kao da je hap\u0161enje Dijane Hrkalovi\u0107 va\u0111enje \u0161tete ili kontrola \u0161tete &#8211; ka\u017ee \u0160varm. Ina\u010de na\u010delnika Ureda za suzbijanje narkotika&nbsp;Slobodan Milenkovi\u0107, koji je otkrio slu\u010daj Jovanjica, premje\u0161ten je u Ureda za ratne zlo\u010dine, \u0161to neki smatraju kaznom zbog &#8220;provale&#8221; Jovanjice.<\/p>\n\n\n\n<p>Prema \u0160varmu, po\u010delo je kada je&nbsp;Vladimir Rebi\u0107, direktor policije (koji ka\u017ee da nije znao za hap\u0161enje Dijane Hrkalovi\u0107 jer je bio na odmoru), odveden na poligraf. Tamo je oti\u0161ao zbog izjave&nbsp;Predraga Koluvije&nbsp;njegovu odvjetniku&nbsp;Vladimiru \u0110ukanovi\u0107u&nbsp;da mu je slu\u010daj Jovanjica &#8220;napakiran&#8221;.<\/p>\n\n\n\n<p>&#8211; To je bilo dovoljno da direktor policije ode na poligraf, a potom se od urednika provu\u010di\u0107evskog tabloida Informera, \u0161to je samo po sebi bizarno, doznalo kako se Rebi\u0107 branio na poligrafu &#8211; &#8220;ne znam, ne sje\u0107am se&#8221;. Mislim da je to jedno veliko poni\u017eenje, ne samo za Rebi\u0107a, nego i za policiju &#8211; ka\u017ee \u0160varm.<\/p>\n\n\n\n<p>Osim toga, ponavlja i se i pri\u010da o prislu\u0161kivanju predsjednika Vu\u010di\u0107a i njegove obitelji (dodu\u0161e, \u010dini se da on nije bio meta prislu\u0161kivanja nego je &#8220;uletio kao kolateralna \u017ertva&#8221; dok su prislu\u0161kivane druge pra\u0107ene osobe iz kriminalnog miljea! Sada su sva tri neugodna slu\u010daja &#8211; Jovanjica, Belivuk i prislu\u0161kivanje &#8211; svedena na jednu aferu koja, kako ka\u017ee \u0160varm, ima za cilj pokazati kako se protiv Vu\u010di\u0107a i njegove obitelji &#8220;kuje zavjera&#8221; s ciljem njegove diskreditacije, ali i poku\u0161aja smjene.<\/p>\n\n\n\n<p>I za Bojanu Jovanovi\u0107 to objedinjavanje je veoma va\u017eno za ovaj slu\u010daj &#8220;jer se, mo\u017eda, polako ste\u017ee obru\u010d oko biv\u0161eg ministra policije&nbsp;Neboj\u0161e Stefanovi\u0107a&#8221;, kojem je Dijana Hrkalovi\u0107 bila suradnica. I dok neovisni srbijanski mediji nastoje &#8220;poloviti&#8221; \u0161to se krije iza uhi\u0107enje Dijane Hrkalovi\u0107 te koliko je Vu\u010di\u0107 umije\u0161an u sve te afere, prore\u017eimski mediji pak donose pri\u010de o njezinoj mogu\u0107oj umije\u0161anosti u likvidaciju poznatog beogradskog odvjetnika&nbsp;Dragoslava Mi\u0161e Ognjanovi\u0107a, ubijenog 2018. godine, ina\u010de branitelja poznatog kriminalca i svojedobno suradnika&nbsp;\u017deljka Ra\u017enatovi\u0107a Arkana,&nbsp;Luke Bojovi\u0107a.<\/p>\n\n\n\n<p>Prema tabloidu Kurir, on je navodno posjedovao neke njezine erotske fotografije koje je slala pripadniku podzemlja s kojim je bila u vezi. U svakom slu\u010daju, klupko se odmotava te u narednim danima mo\u017ee izbiti jo\u0161 kakav skandal, a mo\u017eda i &#8220;kre\u0161endo&#8221; bude uhi\u0107enje biv\u0161eg ministra unutarnjih poslova, a trenutnog ministra obrane Neboj\u0161e Stefanovi\u0107a, o \u010demu ve\u0107 bruji Beograd.<\/p>\n\n\n\n<p><strong>PI\u0160E&nbsp;<\/strong>VLADO VURU\u0160I\u0106\/JL<\/p>\n","protected":false},"excerpt":{"rendered":"<p>Uhi\u0107enje nekada najmo\u0107nije \u017eene Srbije&nbsp;Dijane Hrkalovi\u0107, pred kojom su, ka\u017eu, drhtali i generali i na\u010delnici policije, uzdrmalo je re\u017eim&nbsp;Aleksandra Vu\u010di\u0107a&nbsp;jer ona dolazi iz njegova miljea, a sve vi\u0161e je naznaka da je ona bila &#8220;veza&#8221; izme\u0111u re\u017eima i srbijanskih kriminalnih klanova, poput onoga&nbsp;Veljka Belivuka&nbsp;zvanog&nbsp;Velja Nevolja, koji je u zatvoru od velja\u010de i \u010deka su\u0111enje. Tako [&hellip;]<\/p>\n","protected":false},"author":2,"featured_media":77317,"comment_status":"closed","ping_status":"closed","sticky":false,"template":"","format":"standard","meta":{"h5ap_radio_sources":[],"footnotes":""},"categories":[1],"tags":[],"class_list":["post-77316","post","type-post","status-publish","format-standard","has-post-thumbnail","hentry","category-bihiregija"],"yoast_head":"<!-- This site is optimized with the Yoast SEO plugin v27.4 - https:\/\/yoast.com\/product\/yoast-seo-wordpress\/ -->\n<title>Uhi\u0107enje najmo\u0107nije \u017eene Srbije pred kojom su drhtali i generali i na\u010delnici policije uzdrmalo je Vu\u010di\u0107ev re\u017eim. Je li zatvorena zbog predsjednikovog brata? - RADIO LJUBU\u0160KI<\/title>\n<meta name=\"robots\" content=\"index, follow, max-snippet:-1, max-image-preview:large, max-video-preview:-1\" \/>\n<link rel=\"canonical\" href=\"https:\/\/radioljubuski.ba\/index.php\/2021\/10\/18\/uhicenje-najmocnije-zene-srbije-pred-kojom-su-drhtali-i-generali-i-nacelnici-policije-uzdrmalo-je-vucicev-rezim-je-li-zatvorena-zbog-predsjednikovog-brata\/\" \/>\n<meta property=\"og:locale\" content=\"hr_HR\" \/>\n<meta property=\"og:type\" content=\"article\" \/>\n<meta property=\"og:title\" content=\"Uhi\u0107enje najmo\u0107nije \u017eene Srbije pred kojom su drhtali i generali i na\u010delnici policije uzdrmalo je Vu\u010di\u0107ev re\u017eim. Je li zatvorena zbog predsjednikovog brata? - RADIO LJUBU\u0160KI\" \/>\n<meta property=\"og:description\" content=\"Uhi\u0107enje nekada najmo\u0107nije \u017eene Srbije&nbsp;Dijane Hrkalovi\u0107, pred kojom su, ka\u017eu, drhtali i generali i na\u010delnici policije, uzdrmalo je re\u017eim&nbsp;Aleksandra Vu\u010di\u0107a&nbsp;jer ona dolazi iz njegova miljea, a sve vi\u0161e je naznaka da je ona bila &#8220;veza&#8221; izme\u0111u re\u017eima i srbijanskih kriminalnih klanova, poput onoga&nbsp;Veljka Belivuka&nbsp;zvanog&nbsp;Velja Nevolja, koji je u zatvoru od velja\u010de i \u010deka su\u0111enje. Tako [&hellip;]\" \/>\n<meta property=\"og:url\" content=\"https:\/\/radioljubuski.ba\/index.php\/2021\/10\/18\/uhicenje-najmocnije-zene-srbije-pred-kojom-su-drhtali-i-generali-i-nacelnici-policije-uzdrmalo-je-vucicev-rezim-je-li-zatvorena-zbog-predsjednikovog-brata\/\" \/>\n<meta property=\"og:site_name\" content=\"RADIO LJUBU\u0160KI\" \/>\n<meta property=\"article:publisher\" content=\"https:\/\/www.facebook.com\/Radiio-Ljubuski-1490835324566332\" \/>\n<meta property=\"article:published_time\" content=\"2021-10-17T23:44:57+00:00\" \/>\n<meta property=\"article:modified_time\" content=\"2021-10-17T23:44:59+00:00\" \/>\n<meta property=\"og:image\" content=\"https:\/\/radioljubuski.ba\/wp-content\/uploads\/2021\/10\/o_19695026_1024.jpg\" \/>\n\t<meta property=\"og:image:width\" content=\"1024\" \/>\n\t<meta property=\"og:image:height\" content=\"536\" \/>\n\t<meta property=\"og:image:type\" content=\"image\/jpeg\" \/>\n<meta name=\"author\" content=\"Radio Ljubu\u0161ki\" \/>\n<meta name=\"twitter:card\" content=\"summary_large_image\" \/>\n<meta name=\"twitter:creator\" content=\"@radioljubuski\" \/>\n<meta name=\"twitter:site\" content=\"@radioljubuski\" \/>\n<meta name=\"twitter:label1\" content=\"Napisao\/la\" \/>\n\t<meta name=\"twitter:data1\" content=\"Radio Ljubu\u0161ki\" \/>\n\t<meta name=\"twitter:label2\" content=\"Procijenjeno vrijeme \u010ditanja\" \/>\n\t<meta name=\"twitter:data2\" content=\"4 minute\" \/>\n<script type=\"application\/ld+json\" class=\"yoast-schema-graph\">{\"@context\":\"https:\\\/\\\/schema.org\",\"@graph\":[{\"@type\":\"Article\",\"@id\":\"https:\\\/\\\/radioljubuski.ba\\\/index.php\\\/2021\\\/10\\\/18\\\/uhicenje-najmocnije-zene-srbije-pred-kojom-su-drhtali-i-generali-i-nacelnici-policije-uzdrmalo-je-vucicev-rezim-je-li-zatvorena-zbog-predsjednikovog-brata\\\/#article\",\"isPartOf\":{\"@id\":\"https:\\\/\\\/radioljubuski.ba\\\/index.php\\\/2021\\\/10\\\/18\\\/uhicenje-najmocnije-zene-srbije-pred-kojom-su-drhtali-i-generali-i-nacelnici-policije-uzdrmalo-je-vucicev-rezim-je-li-zatvorena-zbog-predsjednikovog-brata\\\/\"},\"author\":{\"name\":\"Radio Ljubu\u0161ki\",\"@id\":\"https:\\\/\\\/radioljubuski.ba\\\/#\\\/schema\\\/person\\\/19fc700381a780f69665d7956c469e3b\"},\"headline\":\"Uhi\u0107enje najmo\u0107nije \u017eene Srbije pred kojom su drhtali i generali i na\u010delnici policije uzdrmalo je Vu\u010di\u0107ev re\u017eim. Je li zatvorena zbog predsjednikovog brata?\",\"datePublished\":\"2021-10-17T23:44:57+00:00\",\"dateModified\":\"2021-10-17T23:44:59+00:00\",\"mainEntityOfPage\":{\"@id\":\"https:\\\/\\\/radioljubuski.ba\\\/index.php\\\/2021\\\/10\\\/18\\\/uhicenje-najmocnije-zene-srbije-pred-kojom-su-drhtali-i-generali-i-nacelnici-policije-uzdrmalo-je-vucicev-rezim-je-li-zatvorena-zbog-predsjednikovog-brata\\\/\"},\"wordCount\":992,\"publisher\":{\"@id\":\"https:\\\/\\\/radioljubuski.ba\\\/#organization\"},\"image\":{\"@id\":\"https:\\\/\\\/radioljubuski.ba\\\/index.php\\\/2021\\\/10\\\/18\\\/uhicenje-najmocnije-zene-srbije-pred-kojom-su-drhtali-i-generali-i-nacelnici-policije-uzdrmalo-je-vucicev-rezim-je-li-zatvorena-zbog-predsjednikovog-brata\\\/#primaryimage\"},\"thumbnailUrl\":\"https:\\\/\\\/radioljubuski.ba\\\/wp-content\\\/uploads\\\/2021\\\/10\\\/o_19695026_1024.jpg\",\"articleSection\":[\"BIH i regija\"],\"inLanguage\":\"hr\"},{\"@type\":\"WebPage\",\"@id\":\"https:\\\/\\\/radioljubuski.ba\\\/index.php\\\/2021\\\/10\\\/18\\\/uhicenje-najmocnije-zene-srbije-pred-kojom-su-drhtali-i-generali-i-nacelnici-policije-uzdrmalo-je-vucicev-rezim-je-li-zatvorena-zbog-predsjednikovog-brata\\\/\",\"url\":\"https:\\\/\\\/radioljubuski.ba\\\/index.php\\\/2021\\\/10\\\/18\\\/uhicenje-najmocnije-zene-srbije-pred-kojom-su-drhtali-i-generali-i-nacelnici-policije-uzdrmalo-je-vucicev-rezim-je-li-zatvorena-zbog-predsjednikovog-brata\\\/\",\"name\":\"Uhi\u0107enje najmo\u0107nije \u017eene Srbije pred kojom su drhtali i generali i na\u010delnici policije uzdrmalo je Vu\u010di\u0107ev re\u017eim. Je li zatvorena zbog predsjednikovog brata? - RADIO LJUBU\u0160KI\",\"isPartOf\":{\"@id\":\"https:\\\/\\\/radioljubuski.ba\\\/#website\"},\"primaryImageOfPage\":{\"@id\":\"https:\\\/\\\/radioljubuski.ba\\\/index.php\\\/2021\\\/10\\\/18\\\/uhicenje-najmocnije-zene-srbije-pred-kojom-su-drhtali-i-generali-i-nacelnici-policije-uzdrmalo-je-vucicev-rezim-je-li-zatvorena-zbog-predsjednikovog-brata\\\/#primaryimage\"},\"image\":{\"@id\":\"https:\\\/\\\/radioljubuski.ba\\\/index.php\\\/2021\\\/10\\\/18\\\/uhicenje-najmocnije-zene-srbije-pred-kojom-su-drhtali-i-generali-i-nacelnici-policije-uzdrmalo-je-vucicev-rezim-je-li-zatvorena-zbog-predsjednikovog-brata\\\/#primaryimage\"},\"thumbnailUrl\":\"https:\\\/\\\/radioljubuski.ba\\\/wp-content\\\/uploads\\\/2021\\\/10\\\/o_19695026_1024.jpg\",\"datePublished\":\"2021-10-17T23:44:57+00:00\",\"dateModified\":\"2021-10-17T23:44:59+00:00\",\"breadcrumb\":{\"@id\":\"https:\\\/\\\/radioljubuski.ba\\\/index.php\\\/2021\\\/10\\\/18\\\/uhicenje-najmocnije-zene-srbije-pred-kojom-su-drhtali-i-generali-i-nacelnici-policije-uzdrmalo-je-vucicev-rezim-je-li-zatvorena-zbog-predsjednikovog-brata\\\/#breadcrumb\"},\"inLanguage\":\"hr\",\"potentialAction\":[{\"@type\":\"ReadAction\",\"target\":[\"https:\\\/\\\/radioljubuski.ba\\\/index.php\\\/2021\\\/10\\\/18\\\/uhicenje-najmocnije-zene-srbije-pred-kojom-su-drhtali-i-generali-i-nacelnici-policije-uzdrmalo-je-vucicev-rezim-je-li-zatvorena-zbog-predsjednikovog-brata\\\/\"]}]},{\"@type\":\"ImageObject\",\"inLanguage\":\"hr\",\"@id\":\"https:\\\/\\\/radioljubuski.ba\\\/index.php\\\/2021\\\/10\\\/18\\\/uhicenje-najmocnije-zene-srbije-pred-kojom-su-drhtali-i-generali-i-nacelnici-policije-uzdrmalo-je-vucicev-rezim-je-li-zatvorena-zbog-predsjednikovog-brata\\\/#primaryimage\",\"url\":\"https:\\\/\\\/radioljubuski.ba\\\/wp-content\\\/uploads\\\/2021\\\/10\\\/o_19695026_1024.jpg\",\"contentUrl\":\"https:\\\/\\\/radioljubuski.ba\\\/wp-content\\\/uploads\\\/2021\\\/10\\\/o_19695026_1024.jpg\",\"width\":1024,\"height\":536},{\"@type\":\"BreadcrumbList\",\"@id\":\"https:\\\/\\\/radioljubuski.ba\\\/index.php\\\/2021\\\/10\\\/18\\\/uhicenje-najmocnije-zene-srbije-pred-kojom-su-drhtali-i-generali-i-nacelnici-policije-uzdrmalo-je-vucicev-rezim-je-li-zatvorena-zbog-predsjednikovog-brata\\\/#breadcrumb\",\"itemListElement\":[{\"@type\":\"ListItem\",\"position\":1,\"name\":\"Po\u010detna stranica\",\"item\":\"https:\\\/\\\/radioljubuski.ba\\\/\"},{\"@type\":\"ListItem\",\"position\":2,\"name\":\"Uhi\u0107enje najmo\u0107nije \u017eene Srbije pred kojom su drhtali i generali i na\u010delnici policije uzdrmalo je Vu\u010di\u0107ev re\u017eim. Je li zatvorena zbog predsjednikovog brata?\"}]},{\"@type\":\"WebSite\",\"@id\":\"https:\\\/\\\/radioljubuski.ba\\\/#website\",\"url\":\"https:\\\/\\\/radioljubuski.ba\\\/\",\"name\":\"Radio Ljubu\u0161ki\",\"description\":\"Sun\u010dana frekvencija Hercegovine\",\"publisher\":{\"@id\":\"https:\\\/\\\/radioljubuski.ba\\\/#organization\"},\"potentialAction\":[{\"@type\":\"SearchAction\",\"target\":{\"@type\":\"EntryPoint\",\"urlTemplate\":\"https:\\\/\\\/radioljubuski.ba\\\/?s={search_term_string}\"},\"query-input\":{\"@type\":\"PropertyValueSpecification\",\"valueRequired\":true,\"valueName\":\"search_term_string\"}}],\"inLanguage\":\"hr\"},{\"@type\":\"Organization\",\"@id\":\"https:\\\/\\\/radioljubuski.ba\\\/#organization\",\"name\":\"Radio Ljubu\u0161ki\",\"url\":\"https:\\\/\\\/radioljubuski.ba\\\/\",\"logo\":{\"@type\":\"ImageObject\",\"inLanguage\":\"hr\",\"@id\":\"https:\\\/\\\/radioljubuski.ba\\\/#\\\/schema\\\/logo\\\/image\\\/\",\"url\":\"https:\\\/\\\/radioljubuski.ba\\\/wp-content\\\/uploads\\\/2021\\\/02\\\/cropped-Radio_Ljubuski_logo1.jpg\",\"contentUrl\":\"https:\\\/\\\/radioljubuski.ba\\\/wp-content\\\/uploads\\\/2021\\\/02\\\/cropped-Radio_Ljubuski_logo1.jpg\",\"width\":512,\"height\":512,\"caption\":\"Radio Ljubu\u0161ki\"},\"image\":{\"@id\":\"https:\\\/\\\/radioljubuski.ba\\\/#\\\/schema\\\/logo\\\/image\\\/\"},\"sameAs\":[\"https:\\\/\\\/www.facebook.com\\\/Radiio-Ljubuski-1490835324566332\",\"https:\\\/\\\/x.com\\\/radioljubuski\",\"https:\\\/\\\/hr.linkedin.com\\\/company\\\/radio-ljubuski\",\"https:\\\/\\\/www.youtube.com\\\/channel\\\/UCHYaeO_n0Db3tjNGudGpXyw\"]},{\"@type\":\"Person\",\"@id\":\"https:\\\/\\\/radioljubuski.ba\\\/#\\\/schema\\\/person\\\/19fc700381a780f69665d7956c469e3b\",\"name\":\"Radio Ljubu\u0161ki\"}]}<\/script>\n<!-- \/ Yoast SEO plugin. -->","yoast_head_json":{"title":"Uhi\u0107enje najmo\u0107nije \u017eene Srbije pred kojom su drhtali i generali i na\u010delnici policije uzdrmalo je Vu\u010di\u0107ev re\u017eim. Je li zatvorena zbog predsjednikovog brata? - RADIO LJUBU\u0160KI","robots":{"index":"index","follow":"follow","max-snippet":"max-snippet:-1","max-image-preview":"max-image-preview:large","max-video-preview":"max-video-preview:-1"},"canonical":"https:\/\/radioljubuski.ba\/index.php\/2021\/10\/18\/uhicenje-najmocnije-zene-srbije-pred-kojom-su-drhtali-i-generali-i-nacelnici-policije-uzdrmalo-je-vucicev-rezim-je-li-zatvorena-zbog-predsjednikovog-brata\/","og_locale":"hr_HR","og_type":"article","og_title":"Uhi\u0107enje najmo\u0107nije \u017eene Srbije pred kojom su drhtali i generali i na\u010delnici policije uzdrmalo je Vu\u010di\u0107ev re\u017eim. Je li zatvorena zbog predsjednikovog brata? - RADIO LJUBU\u0160KI","og_description":"Uhi\u0107enje nekada najmo\u0107nije \u017eene Srbije&nbsp;Dijane Hrkalovi\u0107, pred kojom su, ka\u017eu, drhtali i generali i na\u010delnici policije, uzdrmalo je re\u017eim&nbsp;Aleksandra Vu\u010di\u0107a&nbsp;jer ona dolazi iz njegova miljea, a sve vi\u0161e je naznaka da je ona bila &#8220;veza&#8221; izme\u0111u re\u017eima i srbijanskih kriminalnih klanova, poput onoga&nbsp;Veljka Belivuka&nbsp;zvanog&nbsp;Velja Nevolja, koji je u zatvoru od velja\u010de i \u010deka su\u0111enje. Tako [&hellip;]","og_url":"https:\/\/radioljubuski.ba\/index.php\/2021\/10\/18\/uhicenje-najmocnije-zene-srbije-pred-kojom-su-drhtali-i-generali-i-nacelnici-policije-uzdrmalo-je-vucicev-rezim-je-li-zatvorena-zbog-predsjednikovog-brata\/","og_site_name":"RADIO LJUBU\u0160KI","article_publisher":"https:\/\/www.facebook.com\/Radiio-Ljubuski-1490835324566332","article_published_time":"2021-10-17T23:44:57+00:00","article_modified_time":"2021-10-17T23:44:59+00:00","og_image":[{"width":1024,"height":536,"url":"https:\/\/radioljubuski.ba\/wp-content\/uploads\/2021\/10\/o_19695026_1024.jpg","type":"image\/jpeg"}],"author":"Radio Ljubu\u0161ki","twitter_card":"summary_large_image","twitter_creator":"@radioljubuski","twitter_site":"@radioljubuski","twitter_misc":{"Napisao\/la":"Radio Ljubu\u0161ki","Procijenjeno vrijeme \u010ditanja":"4 minute"},"schema":{"@context":"https:\/\/schema.org","@graph":[{"@type":"Article","@id":"https:\/\/radioljubuski.ba\/index.php\/2021\/10\/18\/uhicenje-najmocnije-zene-srbije-pred-kojom-su-drhtali-i-generali-i-nacelnici-policije-uzdrmalo-je-vucicev-rezim-je-li-zatvorena-zbog-predsjednikovog-brata\/#article","isPartOf":{"@id":"https:\/\/radioljubuski.ba\/index.php\/2021\/10\/18\/uhicenje-najmocnije-zene-srbije-pred-kojom-su-drhtali-i-generali-i-nacelnici-policije-uzdrmalo-je-vucicev-rezim-je-li-zatvorena-zbog-predsjednikovog-brata\/"},"author":{"name":"Radio Ljubu\u0161ki","@id":"https:\/\/radioljubuski.ba\/#\/schema\/person\/19fc700381a780f69665d7956c469e3b"},"headline":"Uhi\u0107enje najmo\u0107nije \u017eene Srbije pred kojom su drhtali i generali i na\u010delnici policije uzdrmalo je Vu\u010di\u0107ev re\u017eim. Je li zatvorena zbog predsjednikovog brata?","datePublished":"2021-10-17T23:44:57+00:00","dateModified":"2021-10-17T23:44:59+00:00","mainEntityOfPage":{"@id":"https:\/\/radioljubuski.ba\/index.php\/2021\/10\/18\/uhicenje-najmocnije-zene-srbije-pred-kojom-su-drhtali-i-generali-i-nacelnici-policije-uzdrmalo-je-vucicev-rezim-je-li-zatvorena-zbog-predsjednikovog-brata\/"},"wordCount":992,"publisher":{"@id":"https:\/\/radioljubuski.ba\/#organization"},"image":{"@id":"https:\/\/radioljubuski.ba\/index.php\/2021\/10\/18\/uhicenje-najmocnije-zene-srbije-pred-kojom-su-drhtali-i-generali-i-nacelnici-policije-uzdrmalo-je-vucicev-rezim-je-li-zatvorena-zbog-predsjednikovog-brata\/#primaryimage"},"thumbnailUrl":"https:\/\/radioljubuski.ba\/wp-content\/uploads\/2021\/10\/o_19695026_1024.jpg","articleSection":["BIH i regija"],"inLanguage":"hr"},{"@type":"WebPage","@id":"https:\/\/radioljubuski.ba\/index.php\/2021\/10\/18\/uhicenje-najmocnije-zene-srbije-pred-kojom-su-drhtali-i-generali-i-nacelnici-policije-uzdrmalo-je-vucicev-rezim-je-li-zatvorena-zbog-predsjednikovog-brata\/","url":"https:\/\/radioljubuski.ba\/index.php\/2021\/10\/18\/uhicenje-najmocnije-zene-srbije-pred-kojom-su-drhtali-i-generali-i-nacelnici-policije-uzdrmalo-je-vucicev-rezim-je-li-zatvorena-zbog-predsjednikovog-brata\/","name":"Uhi\u0107enje najmo\u0107nije \u017eene Srbije pred kojom su drhtali i generali i na\u010delnici policije uzdrmalo je Vu\u010di\u0107ev re\u017eim. Je li zatvorena zbog predsjednikovog brata? - RADIO LJUBU\u0160KI","isPartOf":{"@id":"https:\/\/radioljubuski.ba\/#website"},"primaryImageOfPage":{"@id":"https:\/\/radioljubuski.ba\/index.php\/2021\/10\/18\/uhicenje-najmocnije-zene-srbije-pred-kojom-su-drhtali-i-generali-i-nacelnici-policije-uzdrmalo-je-vucicev-rezim-je-li-zatvorena-zbog-predsjednikovog-brata\/#primaryimage"},"image":{"@id":"https:\/\/radioljubuski.ba\/index.php\/2021\/10\/18\/uhicenje-najmocnije-zene-srbije-pred-kojom-su-drhtali-i-generali-i-nacelnici-policije-uzdrmalo-je-vucicev-rezim-je-li-zatvorena-zbog-predsjednikovog-brata\/#primaryimage"},"thumbnailUrl":"https:\/\/radioljubuski.ba\/wp-content\/uploads\/2021\/10\/o_19695026_1024.jpg","datePublished":"2021-10-17T23:44:57+00:00","dateModified":"2021-10-17T23:44:59+00:00","breadcrumb":{"@id":"https:\/\/radioljubuski.ba\/index.php\/2021\/10\/18\/uhicenje-najmocnije-zene-srbije-pred-kojom-su-drhtali-i-generali-i-nacelnici-policije-uzdrmalo-je-vucicev-rezim-je-li-zatvorena-zbog-predsjednikovog-brata\/#breadcrumb"},"inLanguage":"hr","potentialAction":[{"@type":"ReadAction","target":["https:\/\/radioljubuski.ba\/index.php\/2021\/10\/18\/uhicenje-najmocnije-zene-srbije-pred-kojom-su-drhtali-i-generali-i-nacelnici-policije-uzdrmalo-je-vucicev-rezim-je-li-zatvorena-zbog-predsjednikovog-brata\/"]}]},{"@type":"ImageObject","inLanguage":"hr","@id":"https:\/\/radioljubuski.ba\/index.php\/2021\/10\/18\/uhicenje-najmocnije-zene-srbije-pred-kojom-su-drhtali-i-generali-i-nacelnici-policije-uzdrmalo-je-vucicev-rezim-je-li-zatvorena-zbog-predsjednikovog-brata\/#primaryimage","url":"https:\/\/radioljubuski.ba\/wp-content\/uploads\/2021\/10\/o_19695026_1024.jpg","contentUrl":"https:\/\/radioljubuski.ba\/wp-content\/uploads\/2021\/10\/o_19695026_1024.jpg","width":1024,"height":536},{"@type":"BreadcrumbList","@id":"https:\/\/radioljubuski.ba\/index.php\/2021\/10\/18\/uhicenje-najmocnije-zene-srbije-pred-kojom-su-drhtali-i-generali-i-nacelnici-policije-uzdrmalo-je-vucicev-rezim-je-li-zatvorena-zbog-predsjednikovog-brata\/#breadcrumb","itemListElement":[{"@type":"ListItem","position":1,"name":"Po\u010detna stranica","item":"https:\/\/radioljubuski.ba\/"},{"@type":"ListItem","position":2,"name":"Uhi\u0107enje najmo\u0107nije \u017eene Srbije pred kojom su drhtali i generali i na\u010delnici policije uzdrmalo je Vu\u010di\u0107ev re\u017eim. Je li zatvorena zbog predsjednikovog brata?"}]},{"@type":"WebSite","@id":"https:\/\/radioljubuski.ba\/#website","url":"https:\/\/radioljubuski.ba\/","name":"Radio Ljubu\u0161ki","description":"Sun\u010dana frekvencija Hercegovine","publisher":{"@id":"https:\/\/radioljubuski.ba\/#organization"},"potentialAction":[{"@type":"SearchAction","target":{"@type":"EntryPoint","urlTemplate":"https:\/\/radioljubuski.ba\/?s={search_term_string}"},"query-input":{"@type":"PropertyValueSpecification","valueRequired":true,"valueName":"search_term_string"}}],"inLanguage":"hr"},{"@type":"Organization","@id":"https:\/\/radioljubuski.ba\/#organization","name":"Radio Ljubu\u0161ki","url":"https:\/\/radioljubuski.ba\/","logo":{"@type":"ImageObject","inLanguage":"hr","@id":"https:\/\/radioljubuski.ba\/#\/schema\/logo\/image\/","url":"https:\/\/radioljubuski.ba\/wp-content\/uploads\/2021\/02\/cropped-Radio_Ljubuski_logo1.jpg","contentUrl":"https:\/\/radioljubuski.ba\/wp-content\/uploads\/2021\/02\/cropped-Radio_Ljubuski_logo1.jpg","width":512,"height":512,"caption":"Radio Ljubu\u0161ki"},"image":{"@id":"https:\/\/radioljubuski.ba\/#\/schema\/logo\/image\/"},"sameAs":["https:\/\/www.facebook.com\/Radiio-Ljubuski-1490835324566332","https:\/\/x.com\/radioljubuski","https:\/\/hr.linkedin.com\/company\/radio-ljubuski","https:\/\/www.youtube.com\/channel\/UCHYaeO_n0Db3tjNGudGpXyw"]},{"@type":"Person","@id":"https:\/\/radioljubuski.ba\/#\/schema\/person\/19fc700381a780f69665d7956c469e3b","name":"Radio Ljubu\u0161ki"}]}},"_links":{"self":[{"href":"https:\/\/radioljubuski.ba\/index.php\/wp-json\/wp\/v2\/posts\/77316","targetHints":{"allow":["GET"]}}],"collection":[{"href":"https:\/\/radioljubuski.ba\/index.php\/wp-json\/wp\/v2\/posts"}],"about":[{"href":"https:\/\/radioljubuski.ba\/index.php\/wp-json\/wp\/v2\/types\/post"}],"author":[{"embeddable":true,"href":"https:\/\/radioljubuski.ba\/index.php\/wp-json\/wp\/v2\/users\/2"}],"replies":[{"embeddable":true,"href":"https:\/\/radioljubuski.ba\/index.php\/wp-json\/wp\/v2\/comments?post=77316"}],"version-history":[{"count":1,"href":"https:\/\/radioljubuski.ba\/index.php\/wp-json\/wp\/v2\/posts\/77316\/revisions"}],"predecessor-version":[{"id":77318,"href":"https:\/\/radioljubuski.ba\/index.php\/wp-json\/wp\/v2\/posts\/77316\/revisions\/77318"}],"wp:featuredmedia":[{"embeddable":true,"href":"https:\/\/radioljubuski.ba\/index.php\/wp-json\/wp\/v2\/media\/77317"}],"wp:attachment":[{"href":"https:\/\/radioljubuski.ba\/index.php\/wp-json\/wp\/v2\/media?parent=77316"}],"wp:term":[{"taxonomy":"category","embeddable":true,"href":"https:\/\/radioljubuski.ba\/index.php\/wp-json\/wp\/v2\/categories?post=77316"},{"taxonomy":"post_tag","embeddable":true,"href":"https:\/\/radioljubuski.ba\/index.php\/wp-json\/wp\/v2\/tags?post=77316"}],"curies":[{"name":"wp","href":"https:\/\/api.w.org\/{rel}","templated":true}]}}