{"id":77322,"date":"2021-10-18T00:47:39","date_gmt":"2021-10-17T23:47:39","guid":{"rendered":"https:\/\/radioljubuski.ba\/?p=77322"},"modified":"2021-10-18T00:47:41","modified_gmt":"2021-10-17T23:47:41","slug":"jens-gustafsson-utucen-nakon-poraza-jednostavno-nismo-znali-zabiti-gol-iz-cistih-sansi-ovaj-rezultat-je-veliko-razocarenje","status":"publish","type":"post","link":"https:\/\/radioljubuski.ba\/index.php\/2021\/10\/18\/jens-gustafsson-utucen-nakon-poraza-jednostavno-nismo-znali-zabiti-gol-iz-cistih-sansi-ovaj-rezultat-je-veliko-razocarenje\/","title":{"rendered":"Jens Gustafsson utu\u010den nakon poraza: Jednostavno nismo znali zabiti gol iz \u010distih \u0161ansi. Ovaj rezultat je veliko razo\u010darenje"},"content":{"rendered":"\n<p>Za razliku od tabora \u0160ibenika u redovima Hajduka vladalo veliko razo\u010darenje. Da, termin veliko razo\u010darenje je izgovorio trener Gustafsson nakon utakmice:<\/p>\n\n\n\n<p>&#8211; \u010cestitam \u0160ibeniku na pobjedi, mi jednostavno nismo znali zabiti gol iz \u010distih \u0161ansi. Ovaj rezultat je veliko razo\u010darenje za nas. To\u010dno je da nam je falilo jako puno igra\u010da, ne samo Livaja kojeg se najvi\u0161e potenciralo. Me\u0111utim, unato\u010d tome mi smo bili dovoljno dobri na terenu da pobjedimo. Ali, uni\u0161tila nas je lo\u0161a realizacija- zdvajao je \u0160ve\u0111anin.<\/p>\n\n\n\n<p>Upitan je i za komentar nekoliko \u010dudnih takti\u010dkih rje\u0161enja s kojima je po\u010deo utakmicu. Tako je \u010colina krenuo kao desni bek, Sahiti u veznom redu, a Lovrencsics na desnom krilu:<\/p>\n\n\n\n<p>&#8211; Dugo bi mi trebalo da pojasnim svaku svoju odluku pojedina\u010dno. Mislio sam da \u0107e ta rje\u0161enja dnijeti napredak u na\u0161oj igri. Ponavljam, nismo mi bili lo\u0161i u polju, stvarali smo dosta prigoda&#8230; Ali, bio je to jedan od onih dana kada lopta ne\u0107e u protivni\u010dku mre\u017eu- rekao je Gustafsson.<\/p>\n\n\n\n<p><strong>PI\u0160E&nbsp;<\/strong>K.G.\/slobodnadalmacija.hr<\/p>\n","protected":false},"excerpt":{"rendered":"<p>Za razliku od tabora \u0160ibenika u redovima Hajduka vladalo veliko razo\u010darenje. Da, termin veliko razo\u010darenje je izgovorio trener Gustafsson nakon utakmice: &#8211; \u010cestitam \u0160ibeniku na pobjedi, mi jednostavno nismo znali zabiti gol iz \u010distih \u0161ansi. Ovaj rezultat je veliko razo\u010darenje za nas. To\u010dno je da nam je falilo jako puno igra\u010da, ne samo Livaja kojeg [&hellip;]<\/p>\n","protected":false},"author":2,"featured_media":77323,"comment_status":"closed","ping_status":"closed","sticky":false,"template":"","format":"standard","meta":{"h5ap_radio_sources":[],"footnotes":""},"categories":[7],"tags":[],"class_list":["post-77322","post","type-post","status-publish","format-standard","has-post-thumbnail","hentry","category-sport"],"yoast_head":"<!-- This site is optimized with the Yoast SEO plugin v27.4 - https:\/\/yoast.com\/product\/yoast-seo-wordpress\/ -->\n<title>Jens Gustafsson utu\u010den nakon poraza: Jednostavno nismo znali zabiti gol iz \u010distih \u0161ansi. Ovaj rezultat je veliko razo\u010darenje - RADIO LJUBU\u0160KI<\/title>\n<meta name=\"robots\" content=\"index, follow, max-snippet:-1, max-image-preview:large, max-video-preview:-1\" \/>\n<link rel=\"canonical\" href=\"https:\/\/radioljubuski.ba\/index.php\/2021\/10\/18\/jens-gustafsson-utucen-nakon-poraza-jednostavno-nismo-znali-zabiti-gol-iz-cistih-sansi-ovaj-rezultat-je-veliko-razocarenje\/\" \/>\n<meta property=\"og:locale\" content=\"hr_HR\" \/>\n<meta property=\"og:type\" content=\"article\" \/>\n<meta property=\"og:title\" content=\"Jens Gustafsson utu\u010den nakon poraza: Jednostavno nismo znali zabiti gol iz \u010distih \u0161ansi. Ovaj rezultat je veliko razo\u010darenje - RADIO LJUBU\u0160KI\" \/>\n<meta property=\"og:description\" content=\"Za razliku od tabora \u0160ibenika u redovima Hajduka vladalo veliko razo\u010darenje. Da, termin veliko razo\u010darenje je izgovorio trener Gustafsson nakon utakmice: &#8211; \u010cestitam \u0160ibeniku na pobjedi, mi jednostavno nismo znali zabiti gol iz \u010distih \u0161ansi. Ovaj rezultat je veliko razo\u010darenje za nas. To\u010dno je da nam je falilo jako puno igra\u010da, ne samo Livaja kojeg [&hellip;]\" \/>\n<meta property=\"og:url\" content=\"https:\/\/radioljubuski.ba\/index.php\/2021\/10\/18\/jens-gustafsson-utucen-nakon-poraza-jednostavno-nismo-znali-zabiti-gol-iz-cistih-sansi-ovaj-rezultat-je-veliko-razocarenje\/\" \/>\n<meta property=\"og:site_name\" content=\"RADIO LJUBU\u0160KI\" \/>\n<meta property=\"article:publisher\" content=\"https:\/\/www.facebook.com\/Radiio-Ljubuski-1490835324566332\" \/>\n<meta property=\"article:published_time\" content=\"2021-10-17T23:47:39+00:00\" \/>\n<meta property=\"article:modified_time\" content=\"2021-10-17T23:47:41+00:00\" \/>\n<meta property=\"og:image\" content=\"https:\/\/radioljubuski.ba\/wp-content\/uploads\/2021\/10\/o_19694960_1024.jpg\" \/>\n\t<meta property=\"og:image:width\" content=\"1024\" \/>\n\t<meta property=\"og:image:height\" content=\"682\" \/>\n\t<meta property=\"og:image:type\" content=\"image\/jpeg\" \/>\n<meta name=\"author\" content=\"Radio Ljubu\u0161ki\" \/>\n<meta name=\"twitter:card\" content=\"summary_large_image\" \/>\n<meta name=\"twitter:creator\" content=\"@radioljubuski\" \/>\n<meta name=\"twitter:site\" content=\"@radioljubuski\" \/>\n<meta name=\"twitter:label1\" content=\"Napisao\/la\" \/>\n\t<meta name=\"twitter:data1\" content=\"Radio Ljubu\u0161ki\" \/>\n\t<meta name=\"twitter:label2\" content=\"Procijenjeno vrijeme \u010ditanja\" \/>\n\t<meta name=\"twitter:data2\" content=\"1 minuta\" \/>\n<script type=\"application\/ld+json\" class=\"yoast-schema-graph\">{\"@context\":\"https:\\\/\\\/schema.org\",\"@graph\":[{\"@type\":\"Article\",\"@id\":\"https:\\\/\\\/radioljubuski.ba\\\/index.php\\\/2021\\\/10\\\/18\\\/jens-gustafsson-utucen-nakon-poraza-jednostavno-nismo-znali-zabiti-gol-iz-cistih-sansi-ovaj-rezultat-je-veliko-razocarenje\\\/#article\",\"isPartOf\":{\"@id\":\"https:\\\/\\\/radioljubuski.ba\\\/index.php\\\/2021\\\/10\\\/18\\\/jens-gustafsson-utucen-nakon-poraza-jednostavno-nismo-znali-zabiti-gol-iz-cistih-sansi-ovaj-rezultat-je-veliko-razocarenje\\\/\"},\"author\":{\"name\":\"Radio Ljubu\u0161ki\",\"@id\":\"https:\\\/\\\/radioljubuski.ba\\\/#\\\/schema\\\/person\\\/19fc700381a780f69665d7956c469e3b\"},\"headline\":\"Jens Gustafsson utu\u010den nakon poraza: Jednostavno nismo znali zabiti gol iz \u010distih \u0161ansi. Ovaj rezultat je veliko razo\u010darenje\",\"datePublished\":\"2021-10-17T23:47:39+00:00\",\"dateModified\":\"2021-10-17T23:47:41+00:00\",\"mainEntityOfPage\":{\"@id\":\"https:\\\/\\\/radioljubuski.ba\\\/index.php\\\/2021\\\/10\\\/18\\\/jens-gustafsson-utucen-nakon-poraza-jednostavno-nismo-znali-zabiti-gol-iz-cistih-sansi-ovaj-rezultat-je-veliko-razocarenje\\\/\"},\"wordCount\":206,\"publisher\":{\"@id\":\"https:\\\/\\\/radioljubuski.ba\\\/#organization\"},\"image\":{\"@id\":\"https:\\\/\\\/radioljubuski.ba\\\/index.php\\\/2021\\\/10\\\/18\\\/jens-gustafsson-utucen-nakon-poraza-jednostavno-nismo-znali-zabiti-gol-iz-cistih-sansi-ovaj-rezultat-je-veliko-razocarenje\\\/#primaryimage\"},\"thumbnailUrl\":\"https:\\\/\\\/radioljubuski.ba\\\/wp-content\\\/uploads\\\/2021\\\/10\\\/o_19694960_1024.jpg\",\"articleSection\":[\"\u0160port\"],\"inLanguage\":\"hr\"},{\"@type\":\"WebPage\",\"@id\":\"https:\\\/\\\/radioljubuski.ba\\\/index.php\\\/2021\\\/10\\\/18\\\/jens-gustafsson-utucen-nakon-poraza-jednostavno-nismo-znali-zabiti-gol-iz-cistih-sansi-ovaj-rezultat-je-veliko-razocarenje\\\/\",\"url\":\"https:\\\/\\\/radioljubuski.ba\\\/index.php\\\/2021\\\/10\\\/18\\\/jens-gustafsson-utucen-nakon-poraza-jednostavno-nismo-znali-zabiti-gol-iz-cistih-sansi-ovaj-rezultat-je-veliko-razocarenje\\\/\",\"name\":\"Jens Gustafsson utu\u010den nakon poraza: Jednostavno nismo znali zabiti gol iz \u010distih \u0161ansi. Ovaj rezultat je veliko razo\u010darenje - RADIO LJUBU\u0160KI\",\"isPartOf\":{\"@id\":\"https:\\\/\\\/radioljubuski.ba\\\/#website\"},\"primaryImageOfPage\":{\"@id\":\"https:\\\/\\\/radioljubuski.ba\\\/index.php\\\/2021\\\/10\\\/18\\\/jens-gustafsson-utucen-nakon-poraza-jednostavno-nismo-znali-zabiti-gol-iz-cistih-sansi-ovaj-rezultat-je-veliko-razocarenje\\\/#primaryimage\"},\"image\":{\"@id\":\"https:\\\/\\\/radioljubuski.ba\\\/index.php\\\/2021\\\/10\\\/18\\\/jens-gustafsson-utucen-nakon-poraza-jednostavno-nismo-znali-zabiti-gol-iz-cistih-sansi-ovaj-rezultat-je-veliko-razocarenje\\\/#primaryimage\"},\"thumbnailUrl\":\"https:\\\/\\\/radioljubuski.ba\\\/wp-content\\\/uploads\\\/2021\\\/10\\\/o_19694960_1024.jpg\",\"datePublished\":\"2021-10-17T23:47:39+00:00\",\"dateModified\":\"2021-10-17T23:47:41+00:00\",\"breadcrumb\":{\"@id\":\"https:\\\/\\\/radioljubuski.ba\\\/index.php\\\/2021\\\/10\\\/18\\\/jens-gustafsson-utucen-nakon-poraza-jednostavno-nismo-znali-zabiti-gol-iz-cistih-sansi-ovaj-rezultat-je-veliko-razocarenje\\\/#breadcrumb\"},\"inLanguage\":\"hr\",\"potentialAction\":[{\"@type\":\"ReadAction\",\"target\":[\"https:\\\/\\\/radioljubuski.ba\\\/index.php\\\/2021\\\/10\\\/18\\\/jens-gustafsson-utucen-nakon-poraza-jednostavno-nismo-znali-zabiti-gol-iz-cistih-sansi-ovaj-rezultat-je-veliko-razocarenje\\\/\"]}]},{\"@type\":\"ImageObject\",\"inLanguage\":\"hr\",\"@id\":\"https:\\\/\\\/radioljubuski.ba\\\/index.php\\\/2021\\\/10\\\/18\\\/jens-gustafsson-utucen-nakon-poraza-jednostavno-nismo-znali-zabiti-gol-iz-cistih-sansi-ovaj-rezultat-je-veliko-razocarenje\\\/#primaryimage\",\"url\":\"https:\\\/\\\/radioljubuski.ba\\\/wp-content\\\/uploads\\\/2021\\\/10\\\/o_19694960_1024.jpg\",\"contentUrl\":\"https:\\\/\\\/radioljubuski.ba\\\/wp-content\\\/uploads\\\/2021\\\/10\\\/o_19694960_1024.jpg\",\"width\":1024,\"height\":682},{\"@type\":\"BreadcrumbList\",\"@id\":\"https:\\\/\\\/radioljubuski.ba\\\/index.php\\\/2021\\\/10\\\/18\\\/jens-gustafsson-utucen-nakon-poraza-jednostavno-nismo-znali-zabiti-gol-iz-cistih-sansi-ovaj-rezultat-je-veliko-razocarenje\\\/#breadcrumb\",\"itemListElement\":[{\"@type\":\"ListItem\",\"position\":1,\"name\":\"Po\u010detna stranica\",\"item\":\"https:\\\/\\\/radioljubuski.ba\\\/\"},{\"@type\":\"ListItem\",\"position\":2,\"name\":\"Jens Gustafsson utu\u010den nakon poraza: Jednostavno nismo znali zabiti gol iz \u010distih \u0161ansi. Ovaj rezultat je veliko razo\u010darenje\"}]},{\"@type\":\"WebSite\",\"@id\":\"https:\\\/\\\/radioljubuski.ba\\\/#website\",\"url\":\"https:\\\/\\\/radioljubuski.ba\\\/\",\"name\":\"Radio Ljubu\u0161ki\",\"description\":\"Sun\u010dana frekvencija Hercegovine\",\"publisher\":{\"@id\":\"https:\\\/\\\/radioljubuski.ba\\\/#organization\"},\"potentialAction\":[{\"@type\":\"SearchAction\",\"target\":{\"@type\":\"EntryPoint\",\"urlTemplate\":\"https:\\\/\\\/radioljubuski.ba\\\/?s={search_term_string}\"},\"query-input\":{\"@type\":\"PropertyValueSpecification\",\"valueRequired\":true,\"valueName\":\"search_term_string\"}}],\"inLanguage\":\"hr\"},{\"@type\":\"Organization\",\"@id\":\"https:\\\/\\\/radioljubuski.ba\\\/#organization\",\"name\":\"Radio Ljubu\u0161ki\",\"url\":\"https:\\\/\\\/radioljubuski.ba\\\/\",\"logo\":{\"@type\":\"ImageObject\",\"inLanguage\":\"hr\",\"@id\":\"https:\\\/\\\/radioljubuski.ba\\\/#\\\/schema\\\/logo\\\/image\\\/\",\"url\":\"https:\\\/\\\/radioljubuski.ba\\\/wp-content\\\/uploads\\\/2021\\\/02\\\/cropped-Radio_Ljubuski_logo1.jpg\",\"contentUrl\":\"https:\\\/\\\/radioljubuski.ba\\\/wp-content\\\/uploads\\\/2021\\\/02\\\/cropped-Radio_Ljubuski_logo1.jpg\",\"width\":512,\"height\":512,\"caption\":\"Radio Ljubu\u0161ki\"},\"image\":{\"@id\":\"https:\\\/\\\/radioljubuski.ba\\\/#\\\/schema\\\/logo\\\/image\\\/\"},\"sameAs\":[\"https:\\\/\\\/www.facebook.com\\\/Radiio-Ljubuski-1490835324566332\",\"https:\\\/\\\/x.com\\\/radioljubuski\",\"https:\\\/\\\/hr.linkedin.com\\\/company\\\/radio-ljubuski\",\"https:\\\/\\\/www.youtube.com\\\/channel\\\/UCHYaeO_n0Db3tjNGudGpXyw\"]},{\"@type\":\"Person\",\"@id\":\"https:\\\/\\\/radioljubuski.ba\\\/#\\\/schema\\\/person\\\/19fc700381a780f69665d7956c469e3b\",\"name\":\"Radio Ljubu\u0161ki\"}]}<\/script>\n<!-- \/ Yoast SEO plugin. -->","yoast_head_json":{"title":"Jens Gustafsson utu\u010den nakon poraza: Jednostavno nismo znali zabiti gol iz \u010distih \u0161ansi. Ovaj rezultat je veliko razo\u010darenje - RADIO LJUBU\u0160KI","robots":{"index":"index","follow":"follow","max-snippet":"max-snippet:-1","max-image-preview":"max-image-preview:large","max-video-preview":"max-video-preview:-1"},"canonical":"https:\/\/radioljubuski.ba\/index.php\/2021\/10\/18\/jens-gustafsson-utucen-nakon-poraza-jednostavno-nismo-znali-zabiti-gol-iz-cistih-sansi-ovaj-rezultat-je-veliko-razocarenje\/","og_locale":"hr_HR","og_type":"article","og_title":"Jens Gustafsson utu\u010den nakon poraza: Jednostavno nismo znali zabiti gol iz \u010distih \u0161ansi. Ovaj rezultat je veliko razo\u010darenje - RADIO LJUBU\u0160KI","og_description":"Za razliku od tabora \u0160ibenika u redovima Hajduka vladalo veliko razo\u010darenje. Da, termin veliko razo\u010darenje je izgovorio trener Gustafsson nakon utakmice: &#8211; \u010cestitam \u0160ibeniku na pobjedi, mi jednostavno nismo znali zabiti gol iz \u010distih \u0161ansi. Ovaj rezultat je veliko razo\u010darenje za nas. To\u010dno je da nam je falilo jako puno igra\u010da, ne samo Livaja kojeg [&hellip;]","og_url":"https:\/\/radioljubuski.ba\/index.php\/2021\/10\/18\/jens-gustafsson-utucen-nakon-poraza-jednostavno-nismo-znali-zabiti-gol-iz-cistih-sansi-ovaj-rezultat-je-veliko-razocarenje\/","og_site_name":"RADIO LJUBU\u0160KI","article_publisher":"https:\/\/www.facebook.com\/Radiio-Ljubuski-1490835324566332","article_published_time":"2021-10-17T23:47:39+00:00","article_modified_time":"2021-10-17T23:47:41+00:00","og_image":[{"width":1024,"height":682,"url":"https:\/\/radioljubuski.ba\/wp-content\/uploads\/2021\/10\/o_19694960_1024.jpg","type":"image\/jpeg"}],"author":"Radio Ljubu\u0161ki","twitter_card":"summary_large_image","twitter_creator":"@radioljubuski","twitter_site":"@radioljubuski","twitter_misc":{"Napisao\/la":"Radio Ljubu\u0161ki","Procijenjeno vrijeme \u010ditanja":"1 minuta"},"schema":{"@context":"https:\/\/schema.org","@graph":[{"@type":"Article","@id":"https:\/\/radioljubuski.ba\/index.php\/2021\/10\/18\/jens-gustafsson-utucen-nakon-poraza-jednostavno-nismo-znali-zabiti-gol-iz-cistih-sansi-ovaj-rezultat-je-veliko-razocarenje\/#article","isPartOf":{"@id":"https:\/\/radioljubuski.ba\/index.php\/2021\/10\/18\/jens-gustafsson-utucen-nakon-poraza-jednostavno-nismo-znali-zabiti-gol-iz-cistih-sansi-ovaj-rezultat-je-veliko-razocarenje\/"},"author":{"name":"Radio Ljubu\u0161ki","@id":"https:\/\/radioljubuski.ba\/#\/schema\/person\/19fc700381a780f69665d7956c469e3b"},"headline":"Jens Gustafsson utu\u010den nakon poraza: Jednostavno nismo znali zabiti gol iz \u010distih \u0161ansi. Ovaj rezultat je veliko razo\u010darenje","datePublished":"2021-10-17T23:47:39+00:00","dateModified":"2021-10-17T23:47:41+00:00","mainEntityOfPage":{"@id":"https:\/\/radioljubuski.ba\/index.php\/2021\/10\/18\/jens-gustafsson-utucen-nakon-poraza-jednostavno-nismo-znali-zabiti-gol-iz-cistih-sansi-ovaj-rezultat-je-veliko-razocarenje\/"},"wordCount":206,"publisher":{"@id":"https:\/\/radioljubuski.ba\/#organization"},"image":{"@id":"https:\/\/radioljubuski.ba\/index.php\/2021\/10\/18\/jens-gustafsson-utucen-nakon-poraza-jednostavno-nismo-znali-zabiti-gol-iz-cistih-sansi-ovaj-rezultat-je-veliko-razocarenje\/#primaryimage"},"thumbnailUrl":"https:\/\/radioljubuski.ba\/wp-content\/uploads\/2021\/10\/o_19694960_1024.jpg","articleSection":["\u0160port"],"inLanguage":"hr"},{"@type":"WebPage","@id":"https:\/\/radioljubuski.ba\/index.php\/2021\/10\/18\/jens-gustafsson-utucen-nakon-poraza-jednostavno-nismo-znali-zabiti-gol-iz-cistih-sansi-ovaj-rezultat-je-veliko-razocarenje\/","url":"https:\/\/radioljubuski.ba\/index.php\/2021\/10\/18\/jens-gustafsson-utucen-nakon-poraza-jednostavno-nismo-znali-zabiti-gol-iz-cistih-sansi-ovaj-rezultat-je-veliko-razocarenje\/","name":"Jens Gustafsson utu\u010den nakon poraza: Jednostavno nismo znali zabiti gol iz \u010distih \u0161ansi. Ovaj rezultat je veliko razo\u010darenje - RADIO LJUBU\u0160KI","isPartOf":{"@id":"https:\/\/radioljubuski.ba\/#website"},"primaryImageOfPage":{"@id":"https:\/\/radioljubuski.ba\/index.php\/2021\/10\/18\/jens-gustafsson-utucen-nakon-poraza-jednostavno-nismo-znali-zabiti-gol-iz-cistih-sansi-ovaj-rezultat-je-veliko-razocarenje\/#primaryimage"},"image":{"@id":"https:\/\/radioljubuski.ba\/index.php\/2021\/10\/18\/jens-gustafsson-utucen-nakon-poraza-jednostavno-nismo-znali-zabiti-gol-iz-cistih-sansi-ovaj-rezultat-je-veliko-razocarenje\/#primaryimage"},"thumbnailUrl":"https:\/\/radioljubuski.ba\/wp-content\/uploads\/2021\/10\/o_19694960_1024.jpg","datePublished":"2021-10-17T23:47:39+00:00","dateModified":"2021-10-17T23:47:41+00:00","breadcrumb":{"@id":"https:\/\/radioljubuski.ba\/index.php\/2021\/10\/18\/jens-gustafsson-utucen-nakon-poraza-jednostavno-nismo-znali-zabiti-gol-iz-cistih-sansi-ovaj-rezultat-je-veliko-razocarenje\/#breadcrumb"},"inLanguage":"hr","potentialAction":[{"@type":"ReadAction","target":["https:\/\/radioljubuski.ba\/index.php\/2021\/10\/18\/jens-gustafsson-utucen-nakon-poraza-jednostavno-nismo-znali-zabiti-gol-iz-cistih-sansi-ovaj-rezultat-je-veliko-razocarenje\/"]}]},{"@type":"ImageObject","inLanguage":"hr","@id":"https:\/\/radioljubuski.ba\/index.php\/2021\/10\/18\/jens-gustafsson-utucen-nakon-poraza-jednostavno-nismo-znali-zabiti-gol-iz-cistih-sansi-ovaj-rezultat-je-veliko-razocarenje\/#primaryimage","url":"https:\/\/radioljubuski.ba\/wp-content\/uploads\/2021\/10\/o_19694960_1024.jpg","contentUrl":"https:\/\/radioljubuski.ba\/wp-content\/uploads\/2021\/10\/o_19694960_1024.jpg","width":1024,"height":682},{"@type":"BreadcrumbList","@id":"https:\/\/radioljubuski.ba\/index.php\/2021\/10\/18\/jens-gustafsson-utucen-nakon-poraza-jednostavno-nismo-znali-zabiti-gol-iz-cistih-sansi-ovaj-rezultat-je-veliko-razocarenje\/#breadcrumb","itemListElement":[{"@type":"ListItem","position":1,"name":"Po\u010detna stranica","item":"https:\/\/radioljubuski.ba\/"},{"@type":"ListItem","position":2,"name":"Jens Gustafsson utu\u010den nakon poraza: Jednostavno nismo znali zabiti gol iz \u010distih \u0161ansi. Ovaj rezultat je veliko razo\u010darenje"}]},{"@type":"WebSite","@id":"https:\/\/radioljubuski.ba\/#website","url":"https:\/\/radioljubuski.ba\/","name":"Radio Ljubu\u0161ki","description":"Sun\u010dana frekvencija Hercegovine","publisher":{"@id":"https:\/\/radioljubuski.ba\/#organization"},"potentialAction":[{"@type":"SearchAction","target":{"@type":"EntryPoint","urlTemplate":"https:\/\/radioljubuski.ba\/?s={search_term_string}"},"query-input":{"@type":"PropertyValueSpecification","valueRequired":true,"valueName":"search_term_string"}}],"inLanguage":"hr"},{"@type":"Organization","@id":"https:\/\/radioljubuski.ba\/#organization","name":"Radio Ljubu\u0161ki","url":"https:\/\/radioljubuski.ba\/","logo":{"@type":"ImageObject","inLanguage":"hr","@id":"https:\/\/radioljubuski.ba\/#\/schema\/logo\/image\/","url":"https:\/\/radioljubuski.ba\/wp-content\/uploads\/2021\/02\/cropped-Radio_Ljubuski_logo1.jpg","contentUrl":"https:\/\/radioljubuski.ba\/wp-content\/uploads\/2021\/02\/cropped-Radio_Ljubuski_logo1.jpg","width":512,"height":512,"caption":"Radio Ljubu\u0161ki"},"image":{"@id":"https:\/\/radioljubuski.ba\/#\/schema\/logo\/image\/"},"sameAs":["https:\/\/www.facebook.com\/Radiio-Ljubuski-1490835324566332","https:\/\/x.com\/radioljubuski","https:\/\/hr.linkedin.com\/company\/radio-ljubuski","https:\/\/www.youtube.com\/channel\/UCHYaeO_n0Db3tjNGudGpXyw"]},{"@type":"Person","@id":"https:\/\/radioljubuski.ba\/#\/schema\/person\/19fc700381a780f69665d7956c469e3b","name":"Radio Ljubu\u0161ki"}]}},"_links":{"self":[{"href":"https:\/\/radioljubuski.ba\/index.php\/wp-json\/wp\/v2\/posts\/77322","targetHints":{"allow":["GET"]}}],"collection":[{"href":"https:\/\/radioljubuski.ba\/index.php\/wp-json\/wp\/v2\/posts"}],"about":[{"href":"https:\/\/radioljubuski.ba\/index.php\/wp-json\/wp\/v2\/types\/post"}],"author":[{"embeddable":true,"href":"https:\/\/radioljubuski.ba\/index.php\/wp-json\/wp\/v2\/users\/2"}],"replies":[{"embeddable":true,"href":"https:\/\/radioljubuski.ba\/index.php\/wp-json\/wp\/v2\/comments?post=77322"}],"version-history":[{"count":1,"href":"https:\/\/radioljubuski.ba\/index.php\/wp-json\/wp\/v2\/posts\/77322\/revisions"}],"predecessor-version":[{"id":77324,"href":"https:\/\/radioljubuski.ba\/index.php\/wp-json\/wp\/v2\/posts\/77322\/revisions\/77324"}],"wp:featuredmedia":[{"embeddable":true,"href":"https:\/\/radioljubuski.ba\/index.php\/wp-json\/wp\/v2\/media\/77323"}],"wp:attachment":[{"href":"https:\/\/radioljubuski.ba\/index.php\/wp-json\/wp\/v2\/media?parent=77322"}],"wp:term":[{"taxonomy":"category","embeddable":true,"href":"https:\/\/radioljubuski.ba\/index.php\/wp-json\/wp\/v2\/categories?post=77322"},{"taxonomy":"post_tag","embeddable":true,"href":"https:\/\/radioljubuski.ba\/index.php\/wp-json\/wp\/v2\/tags?post=77322"}],"curies":[{"name":"wp","href":"https:\/\/api.w.org\/{rel}","templated":true}]}}