{"id":77331,"date":"2021-10-18T00:54:04","date_gmt":"2021-10-17T23:54:04","guid":{"rendered":"https:\/\/radioljubuski.ba\/?p=77331"},"modified":"2021-10-18T00:54:05","modified_gmt":"2021-10-17T23:54:05","slug":"tuga-medu-kosevima-bivsi-igrac-i-trener-kosarkaskog-kluba-zadar-dordo-zdrilic-preminuo-u-89-godini-zivota","status":"publish","type":"post","link":"https:\/\/radioljubuski.ba\/index.php\/2021\/10\/18\/tuga-medu-kosevima-bivsi-igrac-i-trener-kosarkaskog-kluba-zadar-dordo-zdrilic-preminuo-u-89-godini-zivota\/","title":{"rendered":"Tuga me\u0111u ko\u0161evima: biv\u0161i igra\u010d i trener Ko\u0161arka\u0161kog kluba Zadar, \u0110or\u0111o Zdrili\u0107, preminuo u 89. godini \u017eivota"},"content":{"rendered":"\n<p>Biv\u0161i igra\u010d i trener Ko\u0161arka\u0161kog kluba Zadar,&nbsp;\u0110or\u0111o Zdrili\u0107,&nbsp;preminuo je u 89. godini \u017eivota. \u010covjek je to koji je iza sebe u nasljedstvo nara\u0161tajima koji dolaze ostavio dva naslova prvaka Jugoslavije, u sezoni 1966.\/1967. te 1967.\/1968., te je Zadrane vodio u polufinalu europskog Kupa prvaka.<\/p>\n\n\n\n<p>\u0160jor&nbsp;\u0110or\u0111o je godina bio aktivan u zadarskoj \u0160koli ko\u0161arke, odgojio je brojne igra\u010de i sve donedavno s tribine pratio Zadar! Pro\u0161le godine, u ovo vrijeme, gospodin Zdrili\u0107&nbsp;je u razgovoru za Slobodnu Dalmaciju govorio o svojim razlozima za\u0161to je prakti\u010dki \u010ditav svoj \u017eivot posvetio ko\u0161arci, pi\u0161e&nbsp;<a href=\"https:\/\/zadarski.slobodnadalmacija.hr\/zadar\/kalelarga\/bivsi-igrac-i-trener-kosarkaskog-kluba-zadar-dordo-zdrilic-preminuo-u-89-godini-zivota-1135690\" target=\"_blank\" rel=\"noreferrer noopener\">zadarski.slobodnadalmacija.hr<\/a>.<\/p>\n\n\n\n<p>&#8211; U ku\u0107i se isklju\u010divo govorilo o ko\u0161arci, napose moj dvije godine stariji brat Nado, pa se \u010dinilo posve logi\u010dnim da krenem istim putem. Jazine su nam obojici postale drugi dom, u juniorski sastav dospio sam nakon dvije godine treniranja i spadam u skupinu najmla\u0111ih ko\u0161arka\u0161a koji su zaigrali za seniorsku mom\u010dad.<\/p>\n\n\n\n<p>Godine 1950. ve\u0107 sam bio u prvih pet i tako do 1953. godine, kad smo ispali iz Prve lige zbog prakti\u010dnih razloga. Naime, nakon jednog gostovanja u Be\u010du 1953. godine emigriralo je gotovo 80 posto mom\u010dadi. Rasuli su se svuda po svijetu i sa sobom ponijeli i ko\u0161arka\u0161ko znanje kojeg nije manjkalo \u2013 prisjetio se tada \u0110or\u0111o, koji je u tom razgovoru podsjetio na razloge zbog kojih je Zadar u njegovo vrijeme bio izvrstan. Mislio je pritom ponajvi\u0161e na Giuseppea Giergju i Kre\u0161imira \u0106osi\u0107a&#8230;<\/p>\n\n\n\n<p>\u2013 \u010cim si imao njih u mom\u010dadi, prakti\u010dki je zna\u010dilo da ima\u0161 vi\u0161e od 60 posto mom\u010dadi, jer su obojica sura\u0111ivala ne samo me\u0111usobno, nego i s drugima. Zato je meni kao treneru bilo puno te\u017ee odabrati koju trojicu pridodati njima, pa je znalo biti&nbsp;sitnih \u010darki oko toga tko igra vi\u0161e ili manje od onih koji su na klupi.<\/p>\n\n\n\n<p><strong>PI\u0160E&nbsp;<\/strong>DRA\u017dEN \u017dURA\/slobodnadalmacija.hr<\/p>\n","protected":false},"excerpt":{"rendered":"<p>Biv\u0161i igra\u010d i trener Ko\u0161arka\u0161kog kluba Zadar,&nbsp;\u0110or\u0111o Zdrili\u0107,&nbsp;preminuo je u 89. godini \u017eivota. \u010covjek je to koji je iza sebe u nasljedstvo nara\u0161tajima koji dolaze ostavio dva naslova prvaka Jugoslavije, u sezoni 1966.\/1967. te 1967.\/1968., te je Zadrane vodio u polufinalu europskog Kupa prvaka. \u0160jor&nbsp;\u0110or\u0111o je godina bio aktivan u zadarskoj \u0160koli ko\u0161arke, odgojio je [&hellip;]<\/p>\n","protected":false},"author":2,"featured_media":77332,"comment_status":"closed","ping_status":"closed","sticky":false,"template":"","format":"standard","meta":{"h5ap_radio_sources":[],"footnotes":""},"categories":[7],"tags":[],"class_list":["post-77331","post","type-post","status-publish","format-standard","has-post-thumbnail","hentry","category-sport"],"yoast_head":"<!-- This site is optimized with the Yoast SEO plugin v27.4 - https:\/\/yoast.com\/product\/yoast-seo-wordpress\/ -->\n<title>Tuga me\u0111u ko\u0161evima: biv\u0161i igra\u010d i trener Ko\u0161arka\u0161kog kluba Zadar, \u0110or\u0111o Zdrili\u0107, preminuo u 89. godini \u017eivota - RADIO LJUBU\u0160KI<\/title>\n<meta name=\"robots\" content=\"index, follow, max-snippet:-1, max-image-preview:large, max-video-preview:-1\" \/>\n<link rel=\"canonical\" href=\"https:\/\/radioljubuski.ba\/index.php\/2021\/10\/18\/tuga-medu-kosevima-bivsi-igrac-i-trener-kosarkaskog-kluba-zadar-dordo-zdrilic-preminuo-u-89-godini-zivota\/\" \/>\n<meta property=\"og:locale\" content=\"hr_HR\" \/>\n<meta property=\"og:type\" content=\"article\" \/>\n<meta property=\"og:title\" content=\"Tuga me\u0111u ko\u0161evima: biv\u0161i igra\u010d i trener Ko\u0161arka\u0161kog kluba Zadar, \u0110or\u0111o Zdrili\u0107, preminuo u 89. godini \u017eivota - RADIO LJUBU\u0160KI\" \/>\n<meta property=\"og:description\" content=\"Biv\u0161i igra\u010d i trener Ko\u0161arka\u0161kog kluba Zadar,&nbsp;\u0110or\u0111o Zdrili\u0107,&nbsp;preminuo je u 89. godini \u017eivota. \u010covjek je to koji je iza sebe u nasljedstvo nara\u0161tajima koji dolaze ostavio dva naslova prvaka Jugoslavije, u sezoni 1966.\/1967. te 1967.\/1968., te je Zadrane vodio u polufinalu europskog Kupa prvaka. \u0160jor&nbsp;\u0110or\u0111o je godina bio aktivan u zadarskoj \u0160koli ko\u0161arke, odgojio je [&hellip;]\" \/>\n<meta property=\"og:url\" content=\"https:\/\/radioljubuski.ba\/index.php\/2021\/10\/18\/tuga-medu-kosevima-bivsi-igrac-i-trener-kosarkaskog-kluba-zadar-dordo-zdrilic-preminuo-u-89-godini-zivota\/\" \/>\n<meta property=\"og:site_name\" content=\"RADIO LJUBU\u0160KI\" \/>\n<meta property=\"article:publisher\" content=\"https:\/\/www.facebook.com\/Radiio-Ljubuski-1490835324566332\" \/>\n<meta property=\"article:published_time\" content=\"2021-10-17T23:54:04+00:00\" \/>\n<meta property=\"article:modified_time\" content=\"2021-10-17T23:54:05+00:00\" \/>\n<meta property=\"og:image\" content=\"https:\/\/radioljubuski.ba\/wp-content\/uploads\/2021\/10\/o_19691496_1024.png\" \/>\n\t<meta property=\"og:image:width\" content=\"1024\" \/>\n\t<meta property=\"og:image:height\" content=\"682\" \/>\n\t<meta property=\"og:image:type\" content=\"image\/png\" \/>\n<meta name=\"author\" content=\"Radio Ljubu\u0161ki\" \/>\n<meta name=\"twitter:card\" content=\"summary_large_image\" \/>\n<meta name=\"twitter:creator\" content=\"@radioljubuski\" \/>\n<meta name=\"twitter:site\" content=\"@radioljubuski\" \/>\n<meta name=\"twitter:label1\" content=\"Napisao\/la\" \/>\n\t<meta name=\"twitter:data1\" content=\"Radio Ljubu\u0161ki\" \/>\n\t<meta name=\"twitter:label2\" content=\"Procijenjeno vrijeme \u010ditanja\" \/>\n\t<meta name=\"twitter:data2\" content=\"2 minute\" \/>\n<script type=\"application\/ld+json\" class=\"yoast-schema-graph\">{\"@context\":\"https:\\\/\\\/schema.org\",\"@graph\":[{\"@type\":\"Article\",\"@id\":\"https:\\\/\\\/radioljubuski.ba\\\/index.php\\\/2021\\\/10\\\/18\\\/tuga-medu-kosevima-bivsi-igrac-i-trener-kosarkaskog-kluba-zadar-dordo-zdrilic-preminuo-u-89-godini-zivota\\\/#article\",\"isPartOf\":{\"@id\":\"https:\\\/\\\/radioljubuski.ba\\\/index.php\\\/2021\\\/10\\\/18\\\/tuga-medu-kosevima-bivsi-igrac-i-trener-kosarkaskog-kluba-zadar-dordo-zdrilic-preminuo-u-89-godini-zivota\\\/\"},\"author\":{\"name\":\"Radio Ljubu\u0161ki\",\"@id\":\"https:\\\/\\\/radioljubuski.ba\\\/#\\\/schema\\\/person\\\/19fc700381a780f69665d7956c469e3b\"},\"headline\":\"Tuga me\u0111u ko\u0161evima: biv\u0161i igra\u010d i trener Ko\u0161arka\u0161kog kluba Zadar, \u0110or\u0111o Zdrili\u0107, preminuo u 89. godini \u017eivota\",\"datePublished\":\"2021-10-17T23:54:04+00:00\",\"dateModified\":\"2021-10-17T23:54:05+00:00\",\"mainEntityOfPage\":{\"@id\":\"https:\\\/\\\/radioljubuski.ba\\\/index.php\\\/2021\\\/10\\\/18\\\/tuga-medu-kosevima-bivsi-igrac-i-trener-kosarkaskog-kluba-zadar-dordo-zdrilic-preminuo-u-89-godini-zivota\\\/\"},\"wordCount\":357,\"publisher\":{\"@id\":\"https:\\\/\\\/radioljubuski.ba\\\/#organization\"},\"image\":{\"@id\":\"https:\\\/\\\/radioljubuski.ba\\\/index.php\\\/2021\\\/10\\\/18\\\/tuga-medu-kosevima-bivsi-igrac-i-trener-kosarkaskog-kluba-zadar-dordo-zdrilic-preminuo-u-89-godini-zivota\\\/#primaryimage\"},\"thumbnailUrl\":\"https:\\\/\\\/radioljubuski.ba\\\/wp-content\\\/uploads\\\/2021\\\/10\\\/o_19691496_1024.png\",\"articleSection\":[\"\u0160port\"],\"inLanguage\":\"hr\"},{\"@type\":\"WebPage\",\"@id\":\"https:\\\/\\\/radioljubuski.ba\\\/index.php\\\/2021\\\/10\\\/18\\\/tuga-medu-kosevima-bivsi-igrac-i-trener-kosarkaskog-kluba-zadar-dordo-zdrilic-preminuo-u-89-godini-zivota\\\/\",\"url\":\"https:\\\/\\\/radioljubuski.ba\\\/index.php\\\/2021\\\/10\\\/18\\\/tuga-medu-kosevima-bivsi-igrac-i-trener-kosarkaskog-kluba-zadar-dordo-zdrilic-preminuo-u-89-godini-zivota\\\/\",\"name\":\"Tuga me\u0111u ko\u0161evima: biv\u0161i igra\u010d i trener Ko\u0161arka\u0161kog kluba Zadar, \u0110or\u0111o Zdrili\u0107, preminuo u 89. godini \u017eivota - RADIO LJUBU\u0160KI\",\"isPartOf\":{\"@id\":\"https:\\\/\\\/radioljubuski.ba\\\/#website\"},\"primaryImageOfPage\":{\"@id\":\"https:\\\/\\\/radioljubuski.ba\\\/index.php\\\/2021\\\/10\\\/18\\\/tuga-medu-kosevima-bivsi-igrac-i-trener-kosarkaskog-kluba-zadar-dordo-zdrilic-preminuo-u-89-godini-zivota\\\/#primaryimage\"},\"image\":{\"@id\":\"https:\\\/\\\/radioljubuski.ba\\\/index.php\\\/2021\\\/10\\\/18\\\/tuga-medu-kosevima-bivsi-igrac-i-trener-kosarkaskog-kluba-zadar-dordo-zdrilic-preminuo-u-89-godini-zivota\\\/#primaryimage\"},\"thumbnailUrl\":\"https:\\\/\\\/radioljubuski.ba\\\/wp-content\\\/uploads\\\/2021\\\/10\\\/o_19691496_1024.png\",\"datePublished\":\"2021-10-17T23:54:04+00:00\",\"dateModified\":\"2021-10-17T23:54:05+00:00\",\"breadcrumb\":{\"@id\":\"https:\\\/\\\/radioljubuski.ba\\\/index.php\\\/2021\\\/10\\\/18\\\/tuga-medu-kosevima-bivsi-igrac-i-trener-kosarkaskog-kluba-zadar-dordo-zdrilic-preminuo-u-89-godini-zivota\\\/#breadcrumb\"},\"inLanguage\":\"hr\",\"potentialAction\":[{\"@type\":\"ReadAction\",\"target\":[\"https:\\\/\\\/radioljubuski.ba\\\/index.php\\\/2021\\\/10\\\/18\\\/tuga-medu-kosevima-bivsi-igrac-i-trener-kosarkaskog-kluba-zadar-dordo-zdrilic-preminuo-u-89-godini-zivota\\\/\"]}]},{\"@type\":\"ImageObject\",\"inLanguage\":\"hr\",\"@id\":\"https:\\\/\\\/radioljubuski.ba\\\/index.php\\\/2021\\\/10\\\/18\\\/tuga-medu-kosevima-bivsi-igrac-i-trener-kosarkaskog-kluba-zadar-dordo-zdrilic-preminuo-u-89-godini-zivota\\\/#primaryimage\",\"url\":\"https:\\\/\\\/radioljubuski.ba\\\/wp-content\\\/uploads\\\/2021\\\/10\\\/o_19691496_1024.png\",\"contentUrl\":\"https:\\\/\\\/radioljubuski.ba\\\/wp-content\\\/uploads\\\/2021\\\/10\\\/o_19691496_1024.png\",\"width\":1024,\"height\":682},{\"@type\":\"BreadcrumbList\",\"@id\":\"https:\\\/\\\/radioljubuski.ba\\\/index.php\\\/2021\\\/10\\\/18\\\/tuga-medu-kosevima-bivsi-igrac-i-trener-kosarkaskog-kluba-zadar-dordo-zdrilic-preminuo-u-89-godini-zivota\\\/#breadcrumb\",\"itemListElement\":[{\"@type\":\"ListItem\",\"position\":1,\"name\":\"Po\u010detna stranica\",\"item\":\"https:\\\/\\\/radioljubuski.ba\\\/\"},{\"@type\":\"ListItem\",\"position\":2,\"name\":\"Tuga me\u0111u ko\u0161evima: biv\u0161i igra\u010d i trener Ko\u0161arka\u0161kog kluba Zadar, \u0110or\u0111o Zdrili\u0107, preminuo u 89. godini \u017eivota\"}]},{\"@type\":\"WebSite\",\"@id\":\"https:\\\/\\\/radioljubuski.ba\\\/#website\",\"url\":\"https:\\\/\\\/radioljubuski.ba\\\/\",\"name\":\"Radio Ljubu\u0161ki\",\"description\":\"Sun\u010dana frekvencija Hercegovine\",\"publisher\":{\"@id\":\"https:\\\/\\\/radioljubuski.ba\\\/#organization\"},\"potentialAction\":[{\"@type\":\"SearchAction\",\"target\":{\"@type\":\"EntryPoint\",\"urlTemplate\":\"https:\\\/\\\/radioljubuski.ba\\\/?s={search_term_string}\"},\"query-input\":{\"@type\":\"PropertyValueSpecification\",\"valueRequired\":true,\"valueName\":\"search_term_string\"}}],\"inLanguage\":\"hr\"},{\"@type\":\"Organization\",\"@id\":\"https:\\\/\\\/radioljubuski.ba\\\/#organization\",\"name\":\"Radio Ljubu\u0161ki\",\"url\":\"https:\\\/\\\/radioljubuski.ba\\\/\",\"logo\":{\"@type\":\"ImageObject\",\"inLanguage\":\"hr\",\"@id\":\"https:\\\/\\\/radioljubuski.ba\\\/#\\\/schema\\\/logo\\\/image\\\/\",\"url\":\"https:\\\/\\\/radioljubuski.ba\\\/wp-content\\\/uploads\\\/2021\\\/02\\\/cropped-Radio_Ljubuski_logo1.jpg\",\"contentUrl\":\"https:\\\/\\\/radioljubuski.ba\\\/wp-content\\\/uploads\\\/2021\\\/02\\\/cropped-Radio_Ljubuski_logo1.jpg\",\"width\":512,\"height\":512,\"caption\":\"Radio Ljubu\u0161ki\"},\"image\":{\"@id\":\"https:\\\/\\\/radioljubuski.ba\\\/#\\\/schema\\\/logo\\\/image\\\/\"},\"sameAs\":[\"https:\\\/\\\/www.facebook.com\\\/Radiio-Ljubuski-1490835324566332\",\"https:\\\/\\\/x.com\\\/radioljubuski\",\"https:\\\/\\\/hr.linkedin.com\\\/company\\\/radio-ljubuski\",\"https:\\\/\\\/www.youtube.com\\\/channel\\\/UCHYaeO_n0Db3tjNGudGpXyw\"]},{\"@type\":\"Person\",\"@id\":\"https:\\\/\\\/radioljubuski.ba\\\/#\\\/schema\\\/person\\\/19fc700381a780f69665d7956c469e3b\",\"name\":\"Radio Ljubu\u0161ki\"}]}<\/script>\n<!-- \/ Yoast SEO plugin. -->","yoast_head_json":{"title":"Tuga me\u0111u ko\u0161evima: biv\u0161i igra\u010d i trener Ko\u0161arka\u0161kog kluba Zadar, \u0110or\u0111o Zdrili\u0107, preminuo u 89. godini \u017eivota - RADIO LJUBU\u0160KI","robots":{"index":"index","follow":"follow","max-snippet":"max-snippet:-1","max-image-preview":"max-image-preview:large","max-video-preview":"max-video-preview:-1"},"canonical":"https:\/\/radioljubuski.ba\/index.php\/2021\/10\/18\/tuga-medu-kosevima-bivsi-igrac-i-trener-kosarkaskog-kluba-zadar-dordo-zdrilic-preminuo-u-89-godini-zivota\/","og_locale":"hr_HR","og_type":"article","og_title":"Tuga me\u0111u ko\u0161evima: biv\u0161i igra\u010d i trener Ko\u0161arka\u0161kog kluba Zadar, \u0110or\u0111o Zdrili\u0107, preminuo u 89. godini \u017eivota - RADIO LJUBU\u0160KI","og_description":"Biv\u0161i igra\u010d i trener Ko\u0161arka\u0161kog kluba Zadar,&nbsp;\u0110or\u0111o Zdrili\u0107,&nbsp;preminuo je u 89. godini \u017eivota. \u010covjek je to koji je iza sebe u nasljedstvo nara\u0161tajima koji dolaze ostavio dva naslova prvaka Jugoslavije, u sezoni 1966.\/1967. te 1967.\/1968., te je Zadrane vodio u polufinalu europskog Kupa prvaka. \u0160jor&nbsp;\u0110or\u0111o je godina bio aktivan u zadarskoj \u0160koli ko\u0161arke, odgojio je [&hellip;]","og_url":"https:\/\/radioljubuski.ba\/index.php\/2021\/10\/18\/tuga-medu-kosevima-bivsi-igrac-i-trener-kosarkaskog-kluba-zadar-dordo-zdrilic-preminuo-u-89-godini-zivota\/","og_site_name":"RADIO LJUBU\u0160KI","article_publisher":"https:\/\/www.facebook.com\/Radiio-Ljubuski-1490835324566332","article_published_time":"2021-10-17T23:54:04+00:00","article_modified_time":"2021-10-17T23:54:05+00:00","og_image":[{"width":1024,"height":682,"url":"https:\/\/radioljubuski.ba\/wp-content\/uploads\/2021\/10\/o_19691496_1024.png","type":"image\/png"}],"author":"Radio Ljubu\u0161ki","twitter_card":"summary_large_image","twitter_creator":"@radioljubuski","twitter_site":"@radioljubuski","twitter_misc":{"Napisao\/la":"Radio Ljubu\u0161ki","Procijenjeno vrijeme \u010ditanja":"2 minute"},"schema":{"@context":"https:\/\/schema.org","@graph":[{"@type":"Article","@id":"https:\/\/radioljubuski.ba\/index.php\/2021\/10\/18\/tuga-medu-kosevima-bivsi-igrac-i-trener-kosarkaskog-kluba-zadar-dordo-zdrilic-preminuo-u-89-godini-zivota\/#article","isPartOf":{"@id":"https:\/\/radioljubuski.ba\/index.php\/2021\/10\/18\/tuga-medu-kosevima-bivsi-igrac-i-trener-kosarkaskog-kluba-zadar-dordo-zdrilic-preminuo-u-89-godini-zivota\/"},"author":{"name":"Radio Ljubu\u0161ki","@id":"https:\/\/radioljubuski.ba\/#\/schema\/person\/19fc700381a780f69665d7956c469e3b"},"headline":"Tuga me\u0111u ko\u0161evima: biv\u0161i igra\u010d i trener Ko\u0161arka\u0161kog kluba Zadar, \u0110or\u0111o Zdrili\u0107, preminuo u 89. godini \u017eivota","datePublished":"2021-10-17T23:54:04+00:00","dateModified":"2021-10-17T23:54:05+00:00","mainEntityOfPage":{"@id":"https:\/\/radioljubuski.ba\/index.php\/2021\/10\/18\/tuga-medu-kosevima-bivsi-igrac-i-trener-kosarkaskog-kluba-zadar-dordo-zdrilic-preminuo-u-89-godini-zivota\/"},"wordCount":357,"publisher":{"@id":"https:\/\/radioljubuski.ba\/#organization"},"image":{"@id":"https:\/\/radioljubuski.ba\/index.php\/2021\/10\/18\/tuga-medu-kosevima-bivsi-igrac-i-trener-kosarkaskog-kluba-zadar-dordo-zdrilic-preminuo-u-89-godini-zivota\/#primaryimage"},"thumbnailUrl":"https:\/\/radioljubuski.ba\/wp-content\/uploads\/2021\/10\/o_19691496_1024.png","articleSection":["\u0160port"],"inLanguage":"hr"},{"@type":"WebPage","@id":"https:\/\/radioljubuski.ba\/index.php\/2021\/10\/18\/tuga-medu-kosevima-bivsi-igrac-i-trener-kosarkaskog-kluba-zadar-dordo-zdrilic-preminuo-u-89-godini-zivota\/","url":"https:\/\/radioljubuski.ba\/index.php\/2021\/10\/18\/tuga-medu-kosevima-bivsi-igrac-i-trener-kosarkaskog-kluba-zadar-dordo-zdrilic-preminuo-u-89-godini-zivota\/","name":"Tuga me\u0111u ko\u0161evima: biv\u0161i igra\u010d i trener Ko\u0161arka\u0161kog kluba Zadar, \u0110or\u0111o Zdrili\u0107, preminuo u 89. godini \u017eivota - RADIO LJUBU\u0160KI","isPartOf":{"@id":"https:\/\/radioljubuski.ba\/#website"},"primaryImageOfPage":{"@id":"https:\/\/radioljubuski.ba\/index.php\/2021\/10\/18\/tuga-medu-kosevima-bivsi-igrac-i-trener-kosarkaskog-kluba-zadar-dordo-zdrilic-preminuo-u-89-godini-zivota\/#primaryimage"},"image":{"@id":"https:\/\/radioljubuski.ba\/index.php\/2021\/10\/18\/tuga-medu-kosevima-bivsi-igrac-i-trener-kosarkaskog-kluba-zadar-dordo-zdrilic-preminuo-u-89-godini-zivota\/#primaryimage"},"thumbnailUrl":"https:\/\/radioljubuski.ba\/wp-content\/uploads\/2021\/10\/o_19691496_1024.png","datePublished":"2021-10-17T23:54:04+00:00","dateModified":"2021-10-17T23:54:05+00:00","breadcrumb":{"@id":"https:\/\/radioljubuski.ba\/index.php\/2021\/10\/18\/tuga-medu-kosevima-bivsi-igrac-i-trener-kosarkaskog-kluba-zadar-dordo-zdrilic-preminuo-u-89-godini-zivota\/#breadcrumb"},"inLanguage":"hr","potentialAction":[{"@type":"ReadAction","target":["https:\/\/radioljubuski.ba\/index.php\/2021\/10\/18\/tuga-medu-kosevima-bivsi-igrac-i-trener-kosarkaskog-kluba-zadar-dordo-zdrilic-preminuo-u-89-godini-zivota\/"]}]},{"@type":"ImageObject","inLanguage":"hr","@id":"https:\/\/radioljubuski.ba\/index.php\/2021\/10\/18\/tuga-medu-kosevima-bivsi-igrac-i-trener-kosarkaskog-kluba-zadar-dordo-zdrilic-preminuo-u-89-godini-zivota\/#primaryimage","url":"https:\/\/radioljubuski.ba\/wp-content\/uploads\/2021\/10\/o_19691496_1024.png","contentUrl":"https:\/\/radioljubuski.ba\/wp-content\/uploads\/2021\/10\/o_19691496_1024.png","width":1024,"height":682},{"@type":"BreadcrumbList","@id":"https:\/\/radioljubuski.ba\/index.php\/2021\/10\/18\/tuga-medu-kosevima-bivsi-igrac-i-trener-kosarkaskog-kluba-zadar-dordo-zdrilic-preminuo-u-89-godini-zivota\/#breadcrumb","itemListElement":[{"@type":"ListItem","position":1,"name":"Po\u010detna stranica","item":"https:\/\/radioljubuski.ba\/"},{"@type":"ListItem","position":2,"name":"Tuga me\u0111u ko\u0161evima: biv\u0161i igra\u010d i trener Ko\u0161arka\u0161kog kluba Zadar, \u0110or\u0111o Zdrili\u0107, preminuo u 89. godini \u017eivota"}]},{"@type":"WebSite","@id":"https:\/\/radioljubuski.ba\/#website","url":"https:\/\/radioljubuski.ba\/","name":"Radio Ljubu\u0161ki","description":"Sun\u010dana frekvencija Hercegovine","publisher":{"@id":"https:\/\/radioljubuski.ba\/#organization"},"potentialAction":[{"@type":"SearchAction","target":{"@type":"EntryPoint","urlTemplate":"https:\/\/radioljubuski.ba\/?s={search_term_string}"},"query-input":{"@type":"PropertyValueSpecification","valueRequired":true,"valueName":"search_term_string"}}],"inLanguage":"hr"},{"@type":"Organization","@id":"https:\/\/radioljubuski.ba\/#organization","name":"Radio Ljubu\u0161ki","url":"https:\/\/radioljubuski.ba\/","logo":{"@type":"ImageObject","inLanguage":"hr","@id":"https:\/\/radioljubuski.ba\/#\/schema\/logo\/image\/","url":"https:\/\/radioljubuski.ba\/wp-content\/uploads\/2021\/02\/cropped-Radio_Ljubuski_logo1.jpg","contentUrl":"https:\/\/radioljubuski.ba\/wp-content\/uploads\/2021\/02\/cropped-Radio_Ljubuski_logo1.jpg","width":512,"height":512,"caption":"Radio Ljubu\u0161ki"},"image":{"@id":"https:\/\/radioljubuski.ba\/#\/schema\/logo\/image\/"},"sameAs":["https:\/\/www.facebook.com\/Radiio-Ljubuski-1490835324566332","https:\/\/x.com\/radioljubuski","https:\/\/hr.linkedin.com\/company\/radio-ljubuski","https:\/\/www.youtube.com\/channel\/UCHYaeO_n0Db3tjNGudGpXyw"]},{"@type":"Person","@id":"https:\/\/radioljubuski.ba\/#\/schema\/person\/19fc700381a780f69665d7956c469e3b","name":"Radio Ljubu\u0161ki"}]}},"_links":{"self":[{"href":"https:\/\/radioljubuski.ba\/index.php\/wp-json\/wp\/v2\/posts\/77331","targetHints":{"allow":["GET"]}}],"collection":[{"href":"https:\/\/radioljubuski.ba\/index.php\/wp-json\/wp\/v2\/posts"}],"about":[{"href":"https:\/\/radioljubuski.ba\/index.php\/wp-json\/wp\/v2\/types\/post"}],"author":[{"embeddable":true,"href":"https:\/\/radioljubuski.ba\/index.php\/wp-json\/wp\/v2\/users\/2"}],"replies":[{"embeddable":true,"href":"https:\/\/radioljubuski.ba\/index.php\/wp-json\/wp\/v2\/comments?post=77331"}],"version-history":[{"count":1,"href":"https:\/\/radioljubuski.ba\/index.php\/wp-json\/wp\/v2\/posts\/77331\/revisions"}],"predecessor-version":[{"id":77333,"href":"https:\/\/radioljubuski.ba\/index.php\/wp-json\/wp\/v2\/posts\/77331\/revisions\/77333"}],"wp:featuredmedia":[{"embeddable":true,"href":"https:\/\/radioljubuski.ba\/index.php\/wp-json\/wp\/v2\/media\/77332"}],"wp:attachment":[{"href":"https:\/\/radioljubuski.ba\/index.php\/wp-json\/wp\/v2\/media?parent=77331"}],"wp:term":[{"taxonomy":"category","embeddable":true,"href":"https:\/\/radioljubuski.ba\/index.php\/wp-json\/wp\/v2\/categories?post=77331"},{"taxonomy":"post_tag","embeddable":true,"href":"https:\/\/radioljubuski.ba\/index.php\/wp-json\/wp\/v2\/tags?post=77331"}],"curies":[{"name":"wp","href":"https:\/\/api.w.org\/{rel}","templated":true}]}}