{"id":77334,"date":"2021-10-18T00:58:34","date_gmt":"2021-10-17T23:58:34","guid":{"rendered":"https:\/\/radioljubuski.ba\/?p=77334"},"modified":"2021-10-18T00:58:36","modified_gmt":"2021-10-17T23:58:36","slug":"albert-gajsak-od-marvela-do-biznismena","status":"publish","type":"post","link":"https:\/\/radioljubuski.ba\/index.php\/2021\/10\/18\/albert-gajsak-od-marvela-do-biznismena\/","title":{"rendered":"Albert Gaj\u0161ak, od Marvela do biznismena"},"content":{"rendered":"\n<p><strong>Dana\u0161nja emisija Nedjeljom u 2 krenula je ne\u0161to druk\u010dije nego ina\u010de. Gost u studiju, Aleksandar Stankovi\u0107 &#8211; kod ku\u0107e!<\/strong><\/p>\n\n\n\n<iframe loading=\"lazy\" src=\"https:\/\/www.facebook.com\/plugins\/video.php?height=476&#038;href=https%3A%2F%2Fwww.facebook.com%2FHRTvijesti%2Fvideos%2F457364239027768%2F&#038;show_text=false&#038;width=476&#038;t=0\" width=\"476\" height=\"476\" style=\"border:none;overflow:hidden\" scrolling=\"no\" frameborder=\"0\" allowfullscreen=\"true\" allow=\"autoplay; clipboard-write; encrypted-media; picture-in-picture; web-share\" allowFullScreen=\"true\"><\/iframe>\n\n\n\n<p>&#8211; Po\u0161tovani gledatelji, dobar dan! Dana\u0161nja emisija malo je druk\u010dija. Naime, ja imam koronu, a nemam izra\u017eenijih simptoma, osim \u0161mrcanja, pa smo odlu\u010dili da vodim emisiju iz stana preko Skypea, a gost Albert Gaj\u0161ak je u studiju. Ispri\u010davam se naravno zbog tehni\u010dki slabije kvalitete, i molim vas jednu stvar, nemojte se sada smijati. Svi oni koji znaju moju suprugu, nemojte zvati, jer ovo realiziramo preko njezinog mobilnog telefona. U zadnji trenutak doznao sam da imam koronu, zato radimo preko Skypea. Dobar dan \u017eelim Albertu Gaj\u0161aku u studiju HRT-a! &#8211; rekao je voditelj<strong>&nbsp;Aleksandar Stankovi\u0107<\/strong>&nbsp;na po\u010detku emisije.<\/p>\n\n\n\n<p>Gost emisije bio je mladi poduzetnik\u00a0<strong>Albert Gaj\u0161ak<\/strong>\u00a0koji u 23. godini ima informati\u010dko poduze\u0107e s 30 zaposlenih i klijente diljem svijeta.<strong>\u00a0<\/strong>Vodi tvrtku imena CircuitMess, u prijevodu spoj rije\u010di elektroni\u010dko sklopovlje i nered za \u0161to Albert ka\u017ee da mu je bio smije\u0161an naziv kada je nazivao tvrtku sa 17 godina.<br><br>&#8211; Mi se bavimo dizajniranjem elektroni\u010dkih ure\u0111aja \u010dija je poanta da oni dolaze rastavljeni, kao legi\u0107i, i onda se ure\u0111aji trebaju slo\u017eiti prema uputama na internetskim stranicama. Poanta je da se ne\u0161to nau\u010di o elektronici i programiranju, i o tim vje\u0161tinama budu\u0107nosti, obja\u0161njava Albert Gaj\u0161ak.<br><br><strong>Kampanja za Batmobile prikupila 225 tisu\u0107a dolara narud\u017ebi<\/strong><br><br>Na Kickstarteru, crowdfunding platformi za ljude koji imaju ideju za proizvod, ali ne i kapital za izvedbu, cilj im je bio skupiti 15 tisu\u0107a dolara investicija. Albertova kickstarter kampanja za Batmobile prikupila je 225 tisu\u0107a dolara narud\u017ebi, s time da je jo\u0161 u tijeku.<br><br>Albert je komentirao svoju prija\u0161nju izjavu u kojoj je rekao &#8220;da sam slu\u0161ao \u0161to mi je govorila okolina i Karlovac, ne bih mogao postati osoba koja jesam.<br><br><strong>&#8220;Ljudi su me odgovarali&#8221;<\/strong><br><br>&#8211; Mo\u017eda malo ne-fer izjava prema Karlovcu i okolini, ali definitivno kada sam pokretao biznis ljudi su me odgovarali da to napravim, ljudi su me odgovarali da plasiram taj proizvod na tr\u017ei\u0161te. Ti komentari nisu bili zlonamjerni nego jednostavno to su bili komentari ljudi koji nisu razumjeli taj moj biznis, i nisu razmi\u0161ljali na na\u010din na koji sam ja razmi\u0161ljao. Njima je svima to izgledalo kao jako velik rizik, &#8220;ra\u0111e na\u0111i neki stabilan posao&#8221;, ali ja to jednostavno nisam htio, htio sam napraviti ne\u0161to veliko i zato radim to \u0161to radim, rekao je Gaj\u0161ak.<\/p>\n\n\n\n<div style=\"width: 640px;\" class=\"wp-video\"><video class=\"wp-video-shortcode\" id=\"video-77334-1\" width=\"640\" height=\"360\" preload=\"metadata\" controls=\"controls\"><source type=\"video\/mp4\" src=\"https:\/\/api.hrt.hr\/media\/33\/05\/nu2-prilog-albert-gajsak-20211017135127.mp4?_=1\" \/><a href=\"https:\/\/api.hrt.hr\/media\/33\/05\/nu2-prilog-albert-gajsak-20211017135127.mp4\">https:\/\/api.hrt.hr\/media\/33\/05\/nu2-prilog-albert-gajsak-20211017135127.mp4<\/a><\/video><\/div>\n\n\n\n<p>&#8211; Cijela poanta je da ljudi to ne dobiju sastavljen ure\u0111aj, nego u dijelovima. Na\u0161i ure\u0111aji nisu samo kao legi\u0107i, nego su pametni, imaju hrpu tehnologije u sebi koja u\u010di djecu i mlade o vje\u0161tinama budu\u0107nosti, obja\u0161njava&nbsp;<strong>Albert&nbsp;Gaj\u0161ak<\/strong>.<br><br><strong>Ugovor s Warner Brosom&nbsp;<\/strong><\/p>\n\n\n\n<p><strong><br><\/strong>Za razvoj ovog &#8216;Batmobila&#8217; hrvatska tvrtka smje\u0161tena u Lu\u010dkom potpisala je ugovor s holivudskim studijom Warner Bros. Sve je po\u010delo s lego-kockama, koje je kao maleni dje\u010dak u Karlovcu stalno slagao.&nbsp;<\/p>\n\n\n\n<p>&#8211; Vrlo rano je on po\u010deo gledati gdje je plus pol gdje minus, napon baterije, struja, to je njemu bilo blisko. Superjunaci njegovog djetinjstva su bili druga\u010diji nego superjunaci na\u0161ih. On je gledao Ironmana, Batmana i ove Marvelove superjunake 21. stolje\u0107a, prisje\u0107a se&nbsp;<strong>Zoran&nbsp;Gaj\u0161ak<\/strong>, otac.<\/p>\n\n\n\n<p>No uz junake 21. stolje\u0107a, za ljubav prema tehni\u010dkim znanostima ipak je malo zaslu\u017ean i otac, koji je sa sinovima dane provodio u Zajednici tehni\u010dke kulture u Karlovcu. S 11 godina Albert je prvi put sudjelovao na natjecanju iz robotike.<\/p>\n\n\n\n<p>&#8211; Vi mo\u017eda to ne razumijete, ali ja imam veliku strast za ovim stvarima, radi\u0161 na nekome ure\u0111aju satima i onda ga upali\u0161 i on funkcionira, to je jako o\u010daravaju\u0107 osje\u0107aj, ka\u017ee Albert.<\/p>\n\n\n\n<p>2016. na jednom je sajmu predstavio svoju prvu igra\u0107u konzolu.<\/p>\n\n\n\n<p>&#8211; U tu cijelu pri\u010du je do\u0161ao&nbsp;<strong>Tomislav Car<\/strong>&nbsp;koji je nekako bio prvi investitor i mentor, i rekao &#8220;ajmo mi ne\u0161to probati&#8221; i tako je nastala ta poduzetni\u010dka pri\u010da, pri\u010da Albert.<\/p>\n\n\n\n<p>&#8211; Mislim da je glavna stvar kad prepozna\u0161 potencijal u nekome da voli stvarati, da voli iz ni\u010dega napraviti ne\u0161to, da ima ideje, kreativnost, to mogu primijetiti kod ljudi, rekao je&nbsp;<strong>Tomislav&nbsp;Car<\/strong>.<\/p>\n\n\n\n<p>Jo\u0161 kao srednjo\u0161kolac pokrenuo je prvu kampanju za prodaju svojih inovacija. Pametnu igra\u010dku, koju djeca najprije moraju sastaviti, a nakon toga uz igru u\u010de STEM znanosti. Igra\u0107a konzola bila je pun pogodak. Tada je odlu\u010dio nastaviti biznis, a ne \u0161kolovanje.<br><br><strong>Napustio \u0161kolovanje i krenuo sam<\/strong><strong><br><br><\/strong>&#8211; Do\u0161li smo do istog zaklju\u010dka, izgubio bih 5 godina na studiju, i opet bi otvorio firmu, jedino bi kasnio 5-6 godina, mo\u017eda bi netko drugi zauzeo njegovo mjesto na tr\u017ei\u0161tu, i tu se moralo brzo reagirati i on je to prihvatio objeru\u010dke, ka\u017ee otac Zoran.<br><br>&#8211; Ja sam krenuo u tu tvrtku sam i radio sam na po\u010detku sve, ali nisam bio dobar u svemu. Nisam znao o financijama, i\u0161ao sam obrnutim putem, ja sam otvorio firmu pa sam guglao \u0161to je porezna olak\u0161ica, u\u0161ao sam u to bez da sam imao pojma i o \u010demu, prisje\u0107a se Albert Gaj\u0161ek.<\/p>\n\n\n\n<p>Danas je u tvrtki zaposleno 23 ljudi. Mislav je isprva radio na pakiranju proizvoda, a danas razvija hardver i paralelno studira.<\/p>\n\n\n\n<p><br><strong>Trenutno radi na Wilsonu, manjem Batmobilu<\/strong><br><br><\/p>\n\n\n\n<p>&#8211; Trenutno radim na Wilsonu, Wilson je sli\u010dan kao Batmobile ali je malo manji. To je zadnji ure\u0111aj koji je iza\u0161ao na Kickstarter, to je isto auti\u0107, ali ima malo manje funkcija, ka\u017ee&nbsp;<strong>Mislav&nbsp;Mandi\u0107<\/strong>.<\/p>\n\n\n\n<p>Proizveli su vi\u0161e od 51 tisu\u0107u proizvoda i prodali ih diljem svijetu.<\/p>\n\n\n\n<p>&#8211; Meni je jako zanimljivo raditi ovdje jer jako rano u karijeri ima\u0161 priliku imati globalnu poziciju, pri\u010dam s ljudima iz cijelog svijeta, to je ne\u0161to \u0161to mi je jako zanimljivo i \u0161to me ovdje zaista dr\u017ei, navodi&nbsp;<strong>Mihael<\/strong>&nbsp;<strong>Gelo<\/strong>.<\/p>\n\n\n\n<p>&#8211; Mislim da je sam taj koncept \u0161to ih morate sami sastaviti i uz to u\u010dite o programiranju, elektronici, lemljenju, raznim konceptima koji se \u010dine jako kompleksni, ali po\u0161to vi to radite svojim rukama predstavljeni su na jednostavan i zabavan na\u010din, rekla je&nbsp;<strong>Dorotea&nbsp;Rudec<\/strong>.<\/p>\n\n\n\n<p>I Erik Rudec radi ono \u0161to je najvi\u0161e volio u djetinjstvu, danas je u Gaj\u0161akovoj tvrtki.<\/p>\n\n\n\n<p>&#8211; Danas sam radio na popravljanju nekih bugova na sljede\u0107em proizvodu, ne\u0161to nije radilo na poja\u010dalu proizvoda i onda smo to morali osposobiti da radi kako treba, ka\u017ee&nbsp;<strong>Erik&nbsp;Rudec<\/strong>.<\/p>\n\n\n\n<p>I zato je njihova budu\u0107nost zasad ovdje. U tvrtki u Lu\u010dkom gdje nema zaposlenog iznad 30 godina i svaka je ideja dobrodo\u0161la. Tena, iako radi drugdje, Albertu je podr\u0161ka i poslovno i privatno.&nbsp;<\/p>\n\n\n\n<p>&#8211; Ja nemam nikakve potrebe da idem van, mislim da je tako i za Alberta, mislim da smo na\u0161li lijepo mjesto pod suncem ovdje u Hrvatskoj, i trenutno stvarno ne razmi\u0161ljamo o odlasku vani, lijepo nam je ovdje, ka\u017ee&nbsp;<strong>Tena&nbsp;Mar\u010dac<\/strong>.<\/p>\n\n\n\n<p>Albert Gaj\u0161ak ne voli kuknjavu, u svemu je kratak i jasan, i stalno juri naprijed. Sve ovdje izgleda kao igra, ali Albert Gaj\u0161ak i ovi ljudi rade vrlo ozbiljan i uspje\u0161an posao.<\/p>\n\n\n\n<p>Izvor:hrt.hr<\/p>\n","protected":false},"excerpt":{"rendered":"<p>Dana\u0161nja emisija Nedjeljom u 2 krenula je ne\u0161to druk\u010dije nego ina\u010de. Gost u studiju, Aleksandar Stankovi\u0107 &#8211; kod ku\u0107e! &#8211; Po\u0161tovani gledatelji, dobar dan! Dana\u0161nja emisija malo je druk\u010dija. Naime, ja imam koronu, a nemam izra\u017eenijih simptoma, osim \u0161mrcanja, pa smo odlu\u010dili da vodim emisiju iz stana preko Skypea, a gost Albert Gaj\u0161ak je u [&hellip;]<\/p>\n","protected":false},"author":2,"featured_media":77335,"comment_status":"closed","ping_status":"closed","sticky":false,"template":"","format":"standard","meta":{"h5ap_radio_sources":[],"footnotes":""},"categories":[1],"tags":[],"class_list":["post-77334","post","type-post","status-publish","format-standard","has-post-thumbnail","hentry","category-bihiregija"],"yoast_head":"<!-- This site is optimized with the Yoast SEO plugin v27.4 - https:\/\/yoast.com\/product\/yoast-seo-wordpress\/ -->\n<title>Albert Gaj\u0161ak, od Marvela do biznismena - RADIO LJUBU\u0160KI<\/title>\n<meta name=\"robots\" content=\"index, follow, max-snippet:-1, max-image-preview:large, max-video-preview:-1\" \/>\n<link rel=\"canonical\" href=\"https:\/\/radioljubuski.ba\/index.php\/2021\/10\/18\/albert-gajsak-od-marvela-do-biznismena\/\" \/>\n<meta property=\"og:locale\" content=\"hr_HR\" \/>\n<meta property=\"og:type\" content=\"article\" \/>\n<meta property=\"og:title\" content=\"Albert Gaj\u0161ak, od Marvela do biznismena - RADIO LJUBU\u0160KI\" \/>\n<meta property=\"og:description\" content=\"Dana\u0161nja emisija Nedjeljom u 2 krenula je ne\u0161to druk\u010dije nego ina\u010de. Gost u studiju, Aleksandar Stankovi\u0107 &#8211; kod ku\u0107e! &#8211; Po\u0161tovani gledatelji, dobar dan! Dana\u0161nja emisija malo je druk\u010dija. Naime, ja imam koronu, a nemam izra\u017eenijih simptoma, osim \u0161mrcanja, pa smo odlu\u010dili da vodim emisiju iz stana preko Skypea, a gost Albert Gaj\u0161ak je u [&hellip;]\" \/>\n<meta property=\"og:url\" content=\"https:\/\/radioljubuski.ba\/index.php\/2021\/10\/18\/albert-gajsak-od-marvela-do-biznismena\/\" \/>\n<meta property=\"og:site_name\" content=\"RADIO LJUBU\u0160KI\" \/>\n<meta property=\"article:publisher\" content=\"https:\/\/www.facebook.com\/Radiio-Ljubuski-1490835324566332\" \/>\n<meta property=\"article:published_time\" content=\"2021-10-17T23:58:34+00:00\" \/>\n<meta property=\"article:modified_time\" content=\"2021-10-17T23:58:36+00:00\" \/>\n<meta property=\"og:image\" content=\"https:\/\/radioljubuski.ba\/wp-content\/uploads\/2021\/10\/o_19692326_1024.png\" \/>\n\t<meta property=\"og:image:width\" content=\"1024\" \/>\n\t<meta property=\"og:image:height\" content=\"505\" \/>\n\t<meta property=\"og:image:type\" content=\"image\/png\" \/>\n<meta name=\"author\" content=\"Radio Ljubu\u0161ki\" \/>\n<meta name=\"twitter:card\" content=\"summary_large_image\" \/>\n<meta name=\"twitter:creator\" content=\"@radioljubuski\" \/>\n<meta name=\"twitter:site\" content=\"@radioljubuski\" \/>\n<meta name=\"twitter:label1\" content=\"Napisao\/la\" \/>\n\t<meta name=\"twitter:data1\" content=\"Radio Ljubu\u0161ki\" \/>\n\t<meta name=\"twitter:label2\" content=\"Procijenjeno vrijeme \u010ditanja\" \/>\n\t<meta name=\"twitter:data2\" content=\"5 minuta\" \/>\n<script type=\"application\/ld+json\" class=\"yoast-schema-graph\">{\"@context\":\"https:\\\/\\\/schema.org\",\"@graph\":[{\"@type\":\"Article\",\"@id\":\"https:\\\/\\\/radioljubuski.ba\\\/index.php\\\/2021\\\/10\\\/18\\\/albert-gajsak-od-marvela-do-biznismena\\\/#article\",\"isPartOf\":{\"@id\":\"https:\\\/\\\/radioljubuski.ba\\\/index.php\\\/2021\\\/10\\\/18\\\/albert-gajsak-od-marvela-do-biznismena\\\/\"},\"author\":{\"name\":\"Radio Ljubu\u0161ki\",\"@id\":\"https:\\\/\\\/radioljubuski.ba\\\/#\\\/schema\\\/person\\\/19fc700381a780f69665d7956c469e3b\"},\"headline\":\"Albert Gaj\u0161ak, od Marvela do biznismena\",\"datePublished\":\"2021-10-17T23:58:34+00:00\",\"dateModified\":\"2021-10-17T23:58:36+00:00\",\"mainEntityOfPage\":{\"@id\":\"https:\\\/\\\/radioljubuski.ba\\\/index.php\\\/2021\\\/10\\\/18\\\/albert-gajsak-od-marvela-do-biznismena\\\/\"},\"wordCount\":1274,\"publisher\":{\"@id\":\"https:\\\/\\\/radioljubuski.ba\\\/#organization\"},\"image\":{\"@id\":\"https:\\\/\\\/radioljubuski.ba\\\/index.php\\\/2021\\\/10\\\/18\\\/albert-gajsak-od-marvela-do-biznismena\\\/#primaryimage\"},\"thumbnailUrl\":\"https:\\\/\\\/radioljubuski.ba\\\/wp-content\\\/uploads\\\/2021\\\/10\\\/o_19692326_1024.png\",\"articleSection\":[\"BIH i regija\"],\"inLanguage\":\"hr\"},{\"@type\":\"WebPage\",\"@id\":\"https:\\\/\\\/radioljubuski.ba\\\/index.php\\\/2021\\\/10\\\/18\\\/albert-gajsak-od-marvela-do-biznismena\\\/\",\"url\":\"https:\\\/\\\/radioljubuski.ba\\\/index.php\\\/2021\\\/10\\\/18\\\/albert-gajsak-od-marvela-do-biznismena\\\/\",\"name\":\"Albert Gaj\u0161ak, od Marvela do biznismena - RADIO LJUBU\u0160KI\",\"isPartOf\":{\"@id\":\"https:\\\/\\\/radioljubuski.ba\\\/#website\"},\"primaryImageOfPage\":{\"@id\":\"https:\\\/\\\/radioljubuski.ba\\\/index.php\\\/2021\\\/10\\\/18\\\/albert-gajsak-od-marvela-do-biznismena\\\/#primaryimage\"},\"image\":{\"@id\":\"https:\\\/\\\/radioljubuski.ba\\\/index.php\\\/2021\\\/10\\\/18\\\/albert-gajsak-od-marvela-do-biznismena\\\/#primaryimage\"},\"thumbnailUrl\":\"https:\\\/\\\/radioljubuski.ba\\\/wp-content\\\/uploads\\\/2021\\\/10\\\/o_19692326_1024.png\",\"datePublished\":\"2021-10-17T23:58:34+00:00\",\"dateModified\":\"2021-10-17T23:58:36+00:00\",\"breadcrumb\":{\"@id\":\"https:\\\/\\\/radioljubuski.ba\\\/index.php\\\/2021\\\/10\\\/18\\\/albert-gajsak-od-marvela-do-biznismena\\\/#breadcrumb\"},\"inLanguage\":\"hr\",\"potentialAction\":[{\"@type\":\"ReadAction\",\"target\":[\"https:\\\/\\\/radioljubuski.ba\\\/index.php\\\/2021\\\/10\\\/18\\\/albert-gajsak-od-marvela-do-biznismena\\\/\"]}]},{\"@type\":\"ImageObject\",\"inLanguage\":\"hr\",\"@id\":\"https:\\\/\\\/radioljubuski.ba\\\/index.php\\\/2021\\\/10\\\/18\\\/albert-gajsak-od-marvela-do-biznismena\\\/#primaryimage\",\"url\":\"https:\\\/\\\/radioljubuski.ba\\\/wp-content\\\/uploads\\\/2021\\\/10\\\/o_19692326_1024.png\",\"contentUrl\":\"https:\\\/\\\/radioljubuski.ba\\\/wp-content\\\/uploads\\\/2021\\\/10\\\/o_19692326_1024.png\",\"width\":1024,\"height\":505},{\"@type\":\"BreadcrumbList\",\"@id\":\"https:\\\/\\\/radioljubuski.ba\\\/index.php\\\/2021\\\/10\\\/18\\\/albert-gajsak-od-marvela-do-biznismena\\\/#breadcrumb\",\"itemListElement\":[{\"@type\":\"ListItem\",\"position\":1,\"name\":\"Po\u010detna stranica\",\"item\":\"https:\\\/\\\/radioljubuski.ba\\\/\"},{\"@type\":\"ListItem\",\"position\":2,\"name\":\"Albert Gaj\u0161ak, od Marvela do biznismena\"}]},{\"@type\":\"WebSite\",\"@id\":\"https:\\\/\\\/radioljubuski.ba\\\/#website\",\"url\":\"https:\\\/\\\/radioljubuski.ba\\\/\",\"name\":\"Radio Ljubu\u0161ki\",\"description\":\"Sun\u010dana frekvencija Hercegovine\",\"publisher\":{\"@id\":\"https:\\\/\\\/radioljubuski.ba\\\/#organization\"},\"potentialAction\":[{\"@type\":\"SearchAction\",\"target\":{\"@type\":\"EntryPoint\",\"urlTemplate\":\"https:\\\/\\\/radioljubuski.ba\\\/?s={search_term_string}\"},\"query-input\":{\"@type\":\"PropertyValueSpecification\",\"valueRequired\":true,\"valueName\":\"search_term_string\"}}],\"inLanguage\":\"hr\"},{\"@type\":\"Organization\",\"@id\":\"https:\\\/\\\/radioljubuski.ba\\\/#organization\",\"name\":\"Radio Ljubu\u0161ki\",\"url\":\"https:\\\/\\\/radioljubuski.ba\\\/\",\"logo\":{\"@type\":\"ImageObject\",\"inLanguage\":\"hr\",\"@id\":\"https:\\\/\\\/radioljubuski.ba\\\/#\\\/schema\\\/logo\\\/image\\\/\",\"url\":\"https:\\\/\\\/radioljubuski.ba\\\/wp-content\\\/uploads\\\/2021\\\/02\\\/cropped-Radio_Ljubuski_logo1.jpg\",\"contentUrl\":\"https:\\\/\\\/radioljubuski.ba\\\/wp-content\\\/uploads\\\/2021\\\/02\\\/cropped-Radio_Ljubuski_logo1.jpg\",\"width\":512,\"height\":512,\"caption\":\"Radio Ljubu\u0161ki\"},\"image\":{\"@id\":\"https:\\\/\\\/radioljubuski.ba\\\/#\\\/schema\\\/logo\\\/image\\\/\"},\"sameAs\":[\"https:\\\/\\\/www.facebook.com\\\/Radiio-Ljubuski-1490835324566332\",\"https:\\\/\\\/x.com\\\/radioljubuski\",\"https:\\\/\\\/hr.linkedin.com\\\/company\\\/radio-ljubuski\",\"https:\\\/\\\/www.youtube.com\\\/channel\\\/UCHYaeO_n0Db3tjNGudGpXyw\"]},{\"@type\":\"Person\",\"@id\":\"https:\\\/\\\/radioljubuski.ba\\\/#\\\/schema\\\/person\\\/19fc700381a780f69665d7956c469e3b\",\"name\":\"Radio Ljubu\u0161ki\"}]}<\/script>\n<!-- \/ Yoast SEO plugin. -->","yoast_head_json":{"title":"Albert Gaj\u0161ak, od Marvela do biznismena - RADIO LJUBU\u0160KI","robots":{"index":"index","follow":"follow","max-snippet":"max-snippet:-1","max-image-preview":"max-image-preview:large","max-video-preview":"max-video-preview:-1"},"canonical":"https:\/\/radioljubuski.ba\/index.php\/2021\/10\/18\/albert-gajsak-od-marvela-do-biznismena\/","og_locale":"hr_HR","og_type":"article","og_title":"Albert Gaj\u0161ak, od Marvela do biznismena - RADIO LJUBU\u0160KI","og_description":"Dana\u0161nja emisija Nedjeljom u 2 krenula je ne\u0161to druk\u010dije nego ina\u010de. Gost u studiju, Aleksandar Stankovi\u0107 &#8211; kod ku\u0107e! &#8211; Po\u0161tovani gledatelji, dobar dan! Dana\u0161nja emisija malo je druk\u010dija. Naime, ja imam koronu, a nemam izra\u017eenijih simptoma, osim \u0161mrcanja, pa smo odlu\u010dili da vodim emisiju iz stana preko Skypea, a gost Albert Gaj\u0161ak je u [&hellip;]","og_url":"https:\/\/radioljubuski.ba\/index.php\/2021\/10\/18\/albert-gajsak-od-marvela-do-biznismena\/","og_site_name":"RADIO LJUBU\u0160KI","article_publisher":"https:\/\/www.facebook.com\/Radiio-Ljubuski-1490835324566332","article_published_time":"2021-10-17T23:58:34+00:00","article_modified_time":"2021-10-17T23:58:36+00:00","og_image":[{"width":1024,"height":505,"url":"https:\/\/radioljubuski.ba\/wp-content\/uploads\/2021\/10\/o_19692326_1024.png","type":"image\/png"}],"author":"Radio Ljubu\u0161ki","twitter_card":"summary_large_image","twitter_creator":"@radioljubuski","twitter_site":"@radioljubuski","twitter_misc":{"Napisao\/la":"Radio Ljubu\u0161ki","Procijenjeno vrijeme \u010ditanja":"5 minuta"},"schema":{"@context":"https:\/\/schema.org","@graph":[{"@type":"Article","@id":"https:\/\/radioljubuski.ba\/index.php\/2021\/10\/18\/albert-gajsak-od-marvela-do-biznismena\/#article","isPartOf":{"@id":"https:\/\/radioljubuski.ba\/index.php\/2021\/10\/18\/albert-gajsak-od-marvela-do-biznismena\/"},"author":{"name":"Radio Ljubu\u0161ki","@id":"https:\/\/radioljubuski.ba\/#\/schema\/person\/19fc700381a780f69665d7956c469e3b"},"headline":"Albert Gaj\u0161ak, od Marvela do biznismena","datePublished":"2021-10-17T23:58:34+00:00","dateModified":"2021-10-17T23:58:36+00:00","mainEntityOfPage":{"@id":"https:\/\/radioljubuski.ba\/index.php\/2021\/10\/18\/albert-gajsak-od-marvela-do-biznismena\/"},"wordCount":1274,"publisher":{"@id":"https:\/\/radioljubuski.ba\/#organization"},"image":{"@id":"https:\/\/radioljubuski.ba\/index.php\/2021\/10\/18\/albert-gajsak-od-marvela-do-biznismena\/#primaryimage"},"thumbnailUrl":"https:\/\/radioljubuski.ba\/wp-content\/uploads\/2021\/10\/o_19692326_1024.png","articleSection":["BIH i regija"],"inLanguage":"hr"},{"@type":"WebPage","@id":"https:\/\/radioljubuski.ba\/index.php\/2021\/10\/18\/albert-gajsak-od-marvela-do-biznismena\/","url":"https:\/\/radioljubuski.ba\/index.php\/2021\/10\/18\/albert-gajsak-od-marvela-do-biznismena\/","name":"Albert Gaj\u0161ak, od Marvela do biznismena - RADIO LJUBU\u0160KI","isPartOf":{"@id":"https:\/\/radioljubuski.ba\/#website"},"primaryImageOfPage":{"@id":"https:\/\/radioljubuski.ba\/index.php\/2021\/10\/18\/albert-gajsak-od-marvela-do-biznismena\/#primaryimage"},"image":{"@id":"https:\/\/radioljubuski.ba\/index.php\/2021\/10\/18\/albert-gajsak-od-marvela-do-biznismena\/#primaryimage"},"thumbnailUrl":"https:\/\/radioljubuski.ba\/wp-content\/uploads\/2021\/10\/o_19692326_1024.png","datePublished":"2021-10-17T23:58:34+00:00","dateModified":"2021-10-17T23:58:36+00:00","breadcrumb":{"@id":"https:\/\/radioljubuski.ba\/index.php\/2021\/10\/18\/albert-gajsak-od-marvela-do-biznismena\/#breadcrumb"},"inLanguage":"hr","potentialAction":[{"@type":"ReadAction","target":["https:\/\/radioljubuski.ba\/index.php\/2021\/10\/18\/albert-gajsak-od-marvela-do-biznismena\/"]}]},{"@type":"ImageObject","inLanguage":"hr","@id":"https:\/\/radioljubuski.ba\/index.php\/2021\/10\/18\/albert-gajsak-od-marvela-do-biznismena\/#primaryimage","url":"https:\/\/radioljubuski.ba\/wp-content\/uploads\/2021\/10\/o_19692326_1024.png","contentUrl":"https:\/\/radioljubuski.ba\/wp-content\/uploads\/2021\/10\/o_19692326_1024.png","width":1024,"height":505},{"@type":"BreadcrumbList","@id":"https:\/\/radioljubuski.ba\/index.php\/2021\/10\/18\/albert-gajsak-od-marvela-do-biznismena\/#breadcrumb","itemListElement":[{"@type":"ListItem","position":1,"name":"Po\u010detna stranica","item":"https:\/\/radioljubuski.ba\/"},{"@type":"ListItem","position":2,"name":"Albert Gaj\u0161ak, od Marvela do biznismena"}]},{"@type":"WebSite","@id":"https:\/\/radioljubuski.ba\/#website","url":"https:\/\/radioljubuski.ba\/","name":"Radio Ljubu\u0161ki","description":"Sun\u010dana frekvencija Hercegovine","publisher":{"@id":"https:\/\/radioljubuski.ba\/#organization"},"potentialAction":[{"@type":"SearchAction","target":{"@type":"EntryPoint","urlTemplate":"https:\/\/radioljubuski.ba\/?s={search_term_string}"},"query-input":{"@type":"PropertyValueSpecification","valueRequired":true,"valueName":"search_term_string"}}],"inLanguage":"hr"},{"@type":"Organization","@id":"https:\/\/radioljubuski.ba\/#organization","name":"Radio Ljubu\u0161ki","url":"https:\/\/radioljubuski.ba\/","logo":{"@type":"ImageObject","inLanguage":"hr","@id":"https:\/\/radioljubuski.ba\/#\/schema\/logo\/image\/","url":"https:\/\/radioljubuski.ba\/wp-content\/uploads\/2021\/02\/cropped-Radio_Ljubuski_logo1.jpg","contentUrl":"https:\/\/radioljubuski.ba\/wp-content\/uploads\/2021\/02\/cropped-Radio_Ljubuski_logo1.jpg","width":512,"height":512,"caption":"Radio Ljubu\u0161ki"},"image":{"@id":"https:\/\/radioljubuski.ba\/#\/schema\/logo\/image\/"},"sameAs":["https:\/\/www.facebook.com\/Radiio-Ljubuski-1490835324566332","https:\/\/x.com\/radioljubuski","https:\/\/hr.linkedin.com\/company\/radio-ljubuski","https:\/\/www.youtube.com\/channel\/UCHYaeO_n0Db3tjNGudGpXyw"]},{"@type":"Person","@id":"https:\/\/radioljubuski.ba\/#\/schema\/person\/19fc700381a780f69665d7956c469e3b","name":"Radio Ljubu\u0161ki"}]}},"_links":{"self":[{"href":"https:\/\/radioljubuski.ba\/index.php\/wp-json\/wp\/v2\/posts\/77334","targetHints":{"allow":["GET"]}}],"collection":[{"href":"https:\/\/radioljubuski.ba\/index.php\/wp-json\/wp\/v2\/posts"}],"about":[{"href":"https:\/\/radioljubuski.ba\/index.php\/wp-json\/wp\/v2\/types\/post"}],"author":[{"embeddable":true,"href":"https:\/\/radioljubuski.ba\/index.php\/wp-json\/wp\/v2\/users\/2"}],"replies":[{"embeddable":true,"href":"https:\/\/radioljubuski.ba\/index.php\/wp-json\/wp\/v2\/comments?post=77334"}],"version-history":[{"count":1,"href":"https:\/\/radioljubuski.ba\/index.php\/wp-json\/wp\/v2\/posts\/77334\/revisions"}],"predecessor-version":[{"id":77336,"href":"https:\/\/radioljubuski.ba\/index.php\/wp-json\/wp\/v2\/posts\/77334\/revisions\/77336"}],"wp:featuredmedia":[{"embeddable":true,"href":"https:\/\/radioljubuski.ba\/index.php\/wp-json\/wp\/v2\/media\/77335"}],"wp:attachment":[{"href":"https:\/\/radioljubuski.ba\/index.php\/wp-json\/wp\/v2\/media?parent=77334"}],"wp:term":[{"taxonomy":"category","embeddable":true,"href":"https:\/\/radioljubuski.ba\/index.php\/wp-json\/wp\/v2\/categories?post=77334"},{"taxonomy":"post_tag","embeddable":true,"href":"https:\/\/radioljubuski.ba\/index.php\/wp-json\/wp\/v2\/tags?post=77334"}],"curies":[{"name":"wp","href":"https:\/\/api.w.org\/{rel}","templated":true}]}}