{"id":77615,"date":"2021-10-18T13:26:24","date_gmt":"2021-10-18T12:26:24","guid":{"rendered":"https:\/\/radioljubuski.ba\/?p=77615"},"modified":"2021-10-18T13:26:27","modified_gmt":"2021-10-18T12:26:27","slug":"pezzi-gustafsson-kao-da-je-bio-u-strucnom-stozeru-sibenika","status":"publish","type":"post","link":"https:\/\/radioljubuski.ba\/index.php\/2021\/10\/18\/pezzi-gustafsson-kao-da-je-bio-u-strucnom-stozeru-sibenika\/","title":{"rendered":"Pezzi: Gustafsson kao da je bio u stru\u010dnom sto\u017eeru \u0160ibenika"},"content":{"rendered":"\n<p>Nikad uzbudljivije kolo HNL-a ovog vikenda. Dinamo je spasio bod u fantasti\u010dnom derbiju na Rujevici protiv Rijeke, Osijek gazi prema vrhu, a ljepotica kola igrala se na \u0160ubi\u0107evcu. \u0160ibenik je u dalmatinskom derbiju na doma\u0107em terenu pobijedio Hajduk 2:0 pred prepunim tribinama i to nakon 14 godina.&nbsp;<\/p>\n\n\n\n<p>Trener Hajduka <strong>Jens Gustafsson <\/strong>u dalmatinskom derbiju nije mogao ra\u010dunati na dosta igra\u010da te je napravio izmjene koje nisu donijele rezultat.\u00a0<br><br>&#8211; Vi znate moj stav od po\u010detka, da sam ja protiv stranih trenera pogotovo \u017e kategorije jer ili \u0107e do\u0107i pravi trener koji ne\u0161to zna, taj ne\u0107e do\u0107i jer nema dovoljno novca u Hrvatskoj, ili \u0107e do\u0107i neki ovakav koji se do\u0111e u\u010diti na Hajduku. To je ono \u0161to mene najvi\u0161e boli \u0161to je Hajduk godinama, pa i mnogi drugi na\u0161i klubovi, gajio svoje trenere, \u0161to su svi ti klubovi imali jednu posebnu igru sa svojim trenerom, on zna mentalitet, zna znanje, kako se ono ka\u017ee, a ovaj da se nitko ne naljuti ne zna ni\u0161ta. Neke stvari koje je on ju\u010der napravio u rasporedu u prvom poluvremenu kao da je bio u stru\u010dnom sto\u017eeru \u0160ibenika, tako je to sve skupa postavio. Za\u010dudo to ni drugi ne vide. Ovaj menad\u017eer koji se bavi igra\u010dima, predsjednik kluba je njima sve prepustio. Mislim da to ne vodi dobrome. \u017dao mi je jer mi smo \u010desto puta stra\u0161no strogi prema na\u0161im trenerima, a onda do\u0111e netko sa strane pa imamo nekakav respekt totalno bez veze jer Hajduk je s ovim igra\u010dima mogao sigurno biti negdje jo\u0161 vi\u0161e plasiran, rekao je<strong> Edo Pezzi<\/strong>.<\/p>\n\n\n\n<iframe loading=\"lazy\" src=\"https:\/\/www.facebook.com\/plugins\/video.php?height=476&#038;href=https%3A%2F%2Fwww.facebook.com%2FHRTsport%2Fvideos%2F558257162071603%2F&#038;show_text=false&#038;width=476&#038;t=0\" width=\"476\" height=\"476\" style=\"border:none;overflow:hidden\" scrolling=\"no\" frameborder=\"0\" allowfullscreen=\"true\" allow=\"autoplay; clipboard-write; encrypted-media; picture-in-picture; web-share\" allowFullScreen=\"true\"><\/iframe>\n\n\n\n<p>Neigranje <strong>Marka Livaje<\/strong>, koji je propustio susret zbog kartona, bio je preveliki hendikep za Spli\u0107ane.<br><br>&#8211; Mene \u010dak ti bodovi ne mu\u010de jer dva-tri-\u010detiri boda to se stigne, me\u0111utim mene mu\u010di ono \u0161to sam ja ovdje rekao tri put u emisijama ove godine, a to je da je Hajduk Livaja, \u0161to nikada nije dobro da jedan igra\u010d predstavlja mom\u010dad i da je on mom\u010dad jer bez Livaje, vidjeli smo ju\u010der, Hajduk to je jedna skupina igra\u010da koja se ne zna tko pije, tko pla\u0107a. Istina, u drugom je poluvremenu bilo i malo peha. \u0160iben\u010danima u svakom slu\u010daju kapa dolje jer su se oni s ovim kadrom uspjeli se di\u0107i, napraviti neki rezultat. Mo\u017eda im se ovo vratilo nakon nekih poraza koje nisu trebali imati. Sad se vra\u0107a to tako u \u017eivotu uvijek. Mislim da sve skupa ovo ne vodi dobrome jer ono \u0161to je osnovno bilo u Splitu uvijek to je da doma\u0107i trener najbolje poznaje mentalitet, okolinu, sredinu i sve ostalo uvijek znao ne\u0161to napraviti, sa strancima nikada ni\u0161ta dobro, dodao je Pezzi.<br><br>U dvoboju izme\u0111u \u0160ibenika i Hajduka uvijek su uzavrele emocije me\u0111u navija\u010dima.<br><br>&#8211; Pred utakmicu je vladala ru\u017ena atmosfera preko portala i dru\u0161tvenih mre\u017ea. \u010cak su Funcuti molili Boga da utakmica zavr\u0161i 0:0 i ne bude nereda. Svaki drugi navija\u010d je rekao da ne\u0107e i\u0107i na utakmicu jer se boje ru\u017enih situacija. Vrije\u0111anje navija\u010da je ve\u0107 folklor, ali sino\u0107 su nakon utakmice zajedno na pi\u0107u bila tri Funcuta i jedan Torcida\u0161. Moramo eliminirati one koji pale negativne vatre i tra\u017ee sukob pod svaku cijenu. Samo bih prokomentirao, onako kako je Gustafsson postavio igru \u010duo sam komentar da tako ne bi to napravio najve\u0107i nogometni neznalica da se pijan vozi u suprotnom smjeru na autoputu, rekao je<strong> Ivo Mikuli\u010din<\/strong>.<br><br>U 20. minuti Gustafsson je morao napraviti prvu promjenu u sastavu. U igru je u\u0161ao <strong>Atanasov <\/strong>umjesto <strong>Krovinovi\u0107a<\/strong>.<br><br>&#8211; Krovinovi\u0107 je o\u010dito nezalije\u010den, a stavio ga je igrati. Mladim igra\u010dima pak treba dati vremena. Oni kao da u\u0111u u toliki strah pa proma\u0161e zicere. <strong>Diamantakosa <\/strong>je stavio jer je igrao dobro na prijateljskoj utakmici u Zadru. To je smije\u0161no. O\u010dita improvizacija, lutanje, neznanje. Ovo je sramota za Split. Ni\u0161ta vam nema gore nego kad vam se podsmjehuju. Ne znam \u0161to \u010dekaju iz uprave. Malo ozbiljniji Hajduk bi se pro\u0161etao kroz ovu ligu, dodao je Pezzi.<\/p>\n\n\n\n<p>Izvor:hrt.hr<\/p>\n","protected":false},"excerpt":{"rendered":"<p>Nikad uzbudljivije kolo HNL-a ovog vikenda. Dinamo je spasio bod u fantasti\u010dnom derbiju na Rujevici protiv Rijeke, Osijek gazi prema vrhu, a ljepotica kola igrala se na \u0160ubi\u0107evcu. \u0160ibenik je u dalmatinskom derbiju na doma\u0107em terenu pobijedio Hajduk 2:0 pred prepunim tribinama i to nakon 14 godina.&nbsp; Trener Hajduka Jens Gustafsson u dalmatinskom derbiju nije [&hellip;]<\/p>\n","protected":false},"author":2,"featured_media":77616,"comment_status":"closed","ping_status":"closed","sticky":false,"template":"","format":"standard","meta":{"h5ap_radio_sources":[],"footnotes":""},"categories":[7],"tags":[],"class_list":["post-77615","post","type-post","status-publish","format-standard","has-post-thumbnail","hentry","category-sport"],"yoast_head":"<!-- This site is optimized with the Yoast SEO plugin v27.4 - https:\/\/yoast.com\/product\/yoast-seo-wordpress\/ -->\n<title>Pezzi: Gustafsson kao da je bio u stru\u010dnom sto\u017eeru \u0160ibenika - RADIO LJUBU\u0160KI<\/title>\n<meta name=\"robots\" content=\"index, follow, max-snippet:-1, max-image-preview:large, max-video-preview:-1\" \/>\n<link rel=\"canonical\" href=\"https:\/\/radioljubuski.ba\/index.php\/2021\/10\/18\/pezzi-gustafsson-kao-da-je-bio-u-strucnom-stozeru-sibenika\/\" \/>\n<meta property=\"og:locale\" content=\"hr_HR\" \/>\n<meta property=\"og:type\" content=\"article\" \/>\n<meta property=\"og:title\" content=\"Pezzi: Gustafsson kao da je bio u stru\u010dnom sto\u017eeru \u0160ibenika - RADIO LJUBU\u0160KI\" \/>\n<meta property=\"og:description\" content=\"Nikad uzbudljivije kolo HNL-a ovog vikenda. Dinamo je spasio bod u fantasti\u010dnom derbiju na Rujevici protiv Rijeke, Osijek gazi prema vrhu, a ljepotica kola igrala se na \u0160ubi\u0107evcu. \u0160ibenik je u dalmatinskom derbiju na doma\u0107em terenu pobijedio Hajduk 2:0 pred prepunim tribinama i to nakon 14 godina.&nbsp; Trener Hajduka Jens Gustafsson u dalmatinskom derbiju nije [&hellip;]\" \/>\n<meta property=\"og:url\" content=\"https:\/\/radioljubuski.ba\/index.php\/2021\/10\/18\/pezzi-gustafsson-kao-da-je-bio-u-strucnom-stozeru-sibenika\/\" \/>\n<meta property=\"og:site_name\" content=\"RADIO LJUBU\u0160KI\" \/>\n<meta property=\"article:publisher\" content=\"https:\/\/www.facebook.com\/Radiio-Ljubuski-1490835324566332\" \/>\n<meta property=\"article:published_time\" content=\"2021-10-18T12:26:24+00:00\" \/>\n<meta property=\"article:modified_time\" content=\"2021-10-18T12:26:27+00:00\" \/>\n<meta property=\"og:image\" content=\"https:\/\/radioljubuski.ba\/wp-content\/uploads\/2021\/10\/pxl-171021-90210973-20211018101813.jpg\" \/>\n\t<meta property=\"og:image:width\" content=\"1600\" \/>\n\t<meta property=\"og:image:height\" content=\"1025\" \/>\n\t<meta property=\"og:image:type\" content=\"image\/jpeg\" \/>\n<meta name=\"author\" content=\"Radio Ljubu\u0161ki\" \/>\n<meta name=\"twitter:card\" content=\"summary_large_image\" \/>\n<meta name=\"twitter:creator\" content=\"@radioljubuski\" \/>\n<meta name=\"twitter:site\" content=\"@radioljubuski\" \/>\n<meta name=\"twitter:label1\" content=\"Napisao\/la\" \/>\n\t<meta name=\"twitter:data1\" content=\"Radio Ljubu\u0161ki\" \/>\n\t<meta name=\"twitter:label2\" content=\"Procijenjeno vrijeme \u010ditanja\" \/>\n\t<meta name=\"twitter:data2\" content=\"4 minute\" \/>\n<script type=\"application\/ld+json\" class=\"yoast-schema-graph\">{\"@context\":\"https:\\\/\\\/schema.org\",\"@graph\":[{\"@type\":\"Article\",\"@id\":\"https:\\\/\\\/radioljubuski.ba\\\/index.php\\\/2021\\\/10\\\/18\\\/pezzi-gustafsson-kao-da-je-bio-u-strucnom-stozeru-sibenika\\\/#article\",\"isPartOf\":{\"@id\":\"https:\\\/\\\/radioljubuski.ba\\\/index.php\\\/2021\\\/10\\\/18\\\/pezzi-gustafsson-kao-da-je-bio-u-strucnom-stozeru-sibenika\\\/\"},\"author\":{\"name\":\"Radio Ljubu\u0161ki\",\"@id\":\"https:\\\/\\\/radioljubuski.ba\\\/#\\\/schema\\\/person\\\/19fc700381a780f69665d7956c469e3b\"},\"headline\":\"Pezzi: Gustafsson kao da je bio u stru\u010dnom sto\u017eeru \u0160ibenika\",\"datePublished\":\"2021-10-18T12:26:24+00:00\",\"dateModified\":\"2021-10-18T12:26:27+00:00\",\"mainEntityOfPage\":{\"@id\":\"https:\\\/\\\/radioljubuski.ba\\\/index.php\\\/2021\\\/10\\\/18\\\/pezzi-gustafsson-kao-da-je-bio-u-strucnom-stozeru-sibenika\\\/\"},\"wordCount\":728,\"publisher\":{\"@id\":\"https:\\\/\\\/radioljubuski.ba\\\/#organization\"},\"image\":{\"@id\":\"https:\\\/\\\/radioljubuski.ba\\\/index.php\\\/2021\\\/10\\\/18\\\/pezzi-gustafsson-kao-da-je-bio-u-strucnom-stozeru-sibenika\\\/#primaryimage\"},\"thumbnailUrl\":\"https:\\\/\\\/radioljubuski.ba\\\/wp-content\\\/uploads\\\/2021\\\/10\\\/pxl-171021-90210973-20211018101813.jpg\",\"articleSection\":[\"\u0160port\"],\"inLanguage\":\"hr\"},{\"@type\":\"WebPage\",\"@id\":\"https:\\\/\\\/radioljubuski.ba\\\/index.php\\\/2021\\\/10\\\/18\\\/pezzi-gustafsson-kao-da-je-bio-u-strucnom-stozeru-sibenika\\\/\",\"url\":\"https:\\\/\\\/radioljubuski.ba\\\/index.php\\\/2021\\\/10\\\/18\\\/pezzi-gustafsson-kao-da-je-bio-u-strucnom-stozeru-sibenika\\\/\",\"name\":\"Pezzi: Gustafsson kao da je bio u stru\u010dnom sto\u017eeru \u0160ibenika - RADIO LJUBU\u0160KI\",\"isPartOf\":{\"@id\":\"https:\\\/\\\/radioljubuski.ba\\\/#website\"},\"primaryImageOfPage\":{\"@id\":\"https:\\\/\\\/radioljubuski.ba\\\/index.php\\\/2021\\\/10\\\/18\\\/pezzi-gustafsson-kao-da-je-bio-u-strucnom-stozeru-sibenika\\\/#primaryimage\"},\"image\":{\"@id\":\"https:\\\/\\\/radioljubuski.ba\\\/index.php\\\/2021\\\/10\\\/18\\\/pezzi-gustafsson-kao-da-je-bio-u-strucnom-stozeru-sibenika\\\/#primaryimage\"},\"thumbnailUrl\":\"https:\\\/\\\/radioljubuski.ba\\\/wp-content\\\/uploads\\\/2021\\\/10\\\/pxl-171021-90210973-20211018101813.jpg\",\"datePublished\":\"2021-10-18T12:26:24+00:00\",\"dateModified\":\"2021-10-18T12:26:27+00:00\",\"breadcrumb\":{\"@id\":\"https:\\\/\\\/radioljubuski.ba\\\/index.php\\\/2021\\\/10\\\/18\\\/pezzi-gustafsson-kao-da-je-bio-u-strucnom-stozeru-sibenika\\\/#breadcrumb\"},\"inLanguage\":\"hr\",\"potentialAction\":[{\"@type\":\"ReadAction\",\"target\":[\"https:\\\/\\\/radioljubuski.ba\\\/index.php\\\/2021\\\/10\\\/18\\\/pezzi-gustafsson-kao-da-je-bio-u-strucnom-stozeru-sibenika\\\/\"]}]},{\"@type\":\"ImageObject\",\"inLanguage\":\"hr\",\"@id\":\"https:\\\/\\\/radioljubuski.ba\\\/index.php\\\/2021\\\/10\\\/18\\\/pezzi-gustafsson-kao-da-je-bio-u-strucnom-stozeru-sibenika\\\/#primaryimage\",\"url\":\"https:\\\/\\\/radioljubuski.ba\\\/wp-content\\\/uploads\\\/2021\\\/10\\\/pxl-171021-90210973-20211018101813.jpg\",\"contentUrl\":\"https:\\\/\\\/radioljubuski.ba\\\/wp-content\\\/uploads\\\/2021\\\/10\\\/pxl-171021-90210973-20211018101813.jpg\",\"width\":1600,\"height\":1025,\"caption\":\"17.10.2021., stadion Subicevac, Sibenik - Hrvatski Telekom Prva liga, 12. kolo, HNK Sibenik - HNK Hajduk. Marcos Mina\"},{\"@type\":\"BreadcrumbList\",\"@id\":\"https:\\\/\\\/radioljubuski.ba\\\/index.php\\\/2021\\\/10\\\/18\\\/pezzi-gustafsson-kao-da-je-bio-u-strucnom-stozeru-sibenika\\\/#breadcrumb\",\"itemListElement\":[{\"@type\":\"ListItem\",\"position\":1,\"name\":\"Po\u010detna stranica\",\"item\":\"https:\\\/\\\/radioljubuski.ba\\\/\"},{\"@type\":\"ListItem\",\"position\":2,\"name\":\"Pezzi: Gustafsson kao da je bio u stru\u010dnom sto\u017eeru \u0160ibenika\"}]},{\"@type\":\"WebSite\",\"@id\":\"https:\\\/\\\/radioljubuski.ba\\\/#website\",\"url\":\"https:\\\/\\\/radioljubuski.ba\\\/\",\"name\":\"Radio Ljubu\u0161ki\",\"description\":\"Sun\u010dana frekvencija Hercegovine\",\"publisher\":{\"@id\":\"https:\\\/\\\/radioljubuski.ba\\\/#organization\"},\"potentialAction\":[{\"@type\":\"SearchAction\",\"target\":{\"@type\":\"EntryPoint\",\"urlTemplate\":\"https:\\\/\\\/radioljubuski.ba\\\/?s={search_term_string}\"},\"query-input\":{\"@type\":\"PropertyValueSpecification\",\"valueRequired\":true,\"valueName\":\"search_term_string\"}}],\"inLanguage\":\"hr\"},{\"@type\":\"Organization\",\"@id\":\"https:\\\/\\\/radioljubuski.ba\\\/#organization\",\"name\":\"Radio Ljubu\u0161ki\",\"url\":\"https:\\\/\\\/radioljubuski.ba\\\/\",\"logo\":{\"@type\":\"ImageObject\",\"inLanguage\":\"hr\",\"@id\":\"https:\\\/\\\/radioljubuski.ba\\\/#\\\/schema\\\/logo\\\/image\\\/\",\"url\":\"https:\\\/\\\/radioljubuski.ba\\\/wp-content\\\/uploads\\\/2021\\\/02\\\/cropped-Radio_Ljubuski_logo1.jpg\",\"contentUrl\":\"https:\\\/\\\/radioljubuski.ba\\\/wp-content\\\/uploads\\\/2021\\\/02\\\/cropped-Radio_Ljubuski_logo1.jpg\",\"width\":512,\"height\":512,\"caption\":\"Radio Ljubu\u0161ki\"},\"image\":{\"@id\":\"https:\\\/\\\/radioljubuski.ba\\\/#\\\/schema\\\/logo\\\/image\\\/\"},\"sameAs\":[\"https:\\\/\\\/www.facebook.com\\\/Radiio-Ljubuski-1490835324566332\",\"https:\\\/\\\/x.com\\\/radioljubuski\",\"https:\\\/\\\/hr.linkedin.com\\\/company\\\/radio-ljubuski\",\"https:\\\/\\\/www.youtube.com\\\/channel\\\/UCHYaeO_n0Db3tjNGudGpXyw\"]},{\"@type\":\"Person\",\"@id\":\"https:\\\/\\\/radioljubuski.ba\\\/#\\\/schema\\\/person\\\/19fc700381a780f69665d7956c469e3b\",\"name\":\"Radio Ljubu\u0161ki\"}]}<\/script>\n<!-- \/ Yoast SEO plugin. -->","yoast_head_json":{"title":"Pezzi: Gustafsson kao da je bio u stru\u010dnom sto\u017eeru \u0160ibenika - RADIO LJUBU\u0160KI","robots":{"index":"index","follow":"follow","max-snippet":"max-snippet:-1","max-image-preview":"max-image-preview:large","max-video-preview":"max-video-preview:-1"},"canonical":"https:\/\/radioljubuski.ba\/index.php\/2021\/10\/18\/pezzi-gustafsson-kao-da-je-bio-u-strucnom-stozeru-sibenika\/","og_locale":"hr_HR","og_type":"article","og_title":"Pezzi: Gustafsson kao da je bio u stru\u010dnom sto\u017eeru \u0160ibenika - RADIO LJUBU\u0160KI","og_description":"Nikad uzbudljivije kolo HNL-a ovog vikenda. Dinamo je spasio bod u fantasti\u010dnom derbiju na Rujevici protiv Rijeke, Osijek gazi prema vrhu, a ljepotica kola igrala se na \u0160ubi\u0107evcu. \u0160ibenik je u dalmatinskom derbiju na doma\u0107em terenu pobijedio Hajduk 2:0 pred prepunim tribinama i to nakon 14 godina.&nbsp; Trener Hajduka Jens Gustafsson u dalmatinskom derbiju nije [&hellip;]","og_url":"https:\/\/radioljubuski.ba\/index.php\/2021\/10\/18\/pezzi-gustafsson-kao-da-je-bio-u-strucnom-stozeru-sibenika\/","og_site_name":"RADIO LJUBU\u0160KI","article_publisher":"https:\/\/www.facebook.com\/Radiio-Ljubuski-1490835324566332","article_published_time":"2021-10-18T12:26:24+00:00","article_modified_time":"2021-10-18T12:26:27+00:00","og_image":[{"width":1600,"height":1025,"url":"https:\/\/radioljubuski.ba\/wp-content\/uploads\/2021\/10\/pxl-171021-90210973-20211018101813.jpg","type":"image\/jpeg"}],"author":"Radio Ljubu\u0161ki","twitter_card":"summary_large_image","twitter_creator":"@radioljubuski","twitter_site":"@radioljubuski","twitter_misc":{"Napisao\/la":"Radio Ljubu\u0161ki","Procijenjeno vrijeme \u010ditanja":"4 minute"},"schema":{"@context":"https:\/\/schema.org","@graph":[{"@type":"Article","@id":"https:\/\/radioljubuski.ba\/index.php\/2021\/10\/18\/pezzi-gustafsson-kao-da-je-bio-u-strucnom-stozeru-sibenika\/#article","isPartOf":{"@id":"https:\/\/radioljubuski.ba\/index.php\/2021\/10\/18\/pezzi-gustafsson-kao-da-je-bio-u-strucnom-stozeru-sibenika\/"},"author":{"name":"Radio Ljubu\u0161ki","@id":"https:\/\/radioljubuski.ba\/#\/schema\/person\/19fc700381a780f69665d7956c469e3b"},"headline":"Pezzi: Gustafsson kao da je bio u stru\u010dnom sto\u017eeru \u0160ibenika","datePublished":"2021-10-18T12:26:24+00:00","dateModified":"2021-10-18T12:26:27+00:00","mainEntityOfPage":{"@id":"https:\/\/radioljubuski.ba\/index.php\/2021\/10\/18\/pezzi-gustafsson-kao-da-je-bio-u-strucnom-stozeru-sibenika\/"},"wordCount":728,"publisher":{"@id":"https:\/\/radioljubuski.ba\/#organization"},"image":{"@id":"https:\/\/radioljubuski.ba\/index.php\/2021\/10\/18\/pezzi-gustafsson-kao-da-je-bio-u-strucnom-stozeru-sibenika\/#primaryimage"},"thumbnailUrl":"https:\/\/radioljubuski.ba\/wp-content\/uploads\/2021\/10\/pxl-171021-90210973-20211018101813.jpg","articleSection":["\u0160port"],"inLanguage":"hr"},{"@type":"WebPage","@id":"https:\/\/radioljubuski.ba\/index.php\/2021\/10\/18\/pezzi-gustafsson-kao-da-je-bio-u-strucnom-stozeru-sibenika\/","url":"https:\/\/radioljubuski.ba\/index.php\/2021\/10\/18\/pezzi-gustafsson-kao-da-je-bio-u-strucnom-stozeru-sibenika\/","name":"Pezzi: Gustafsson kao da je bio u stru\u010dnom sto\u017eeru \u0160ibenika - RADIO LJUBU\u0160KI","isPartOf":{"@id":"https:\/\/radioljubuski.ba\/#website"},"primaryImageOfPage":{"@id":"https:\/\/radioljubuski.ba\/index.php\/2021\/10\/18\/pezzi-gustafsson-kao-da-je-bio-u-strucnom-stozeru-sibenika\/#primaryimage"},"image":{"@id":"https:\/\/radioljubuski.ba\/index.php\/2021\/10\/18\/pezzi-gustafsson-kao-da-je-bio-u-strucnom-stozeru-sibenika\/#primaryimage"},"thumbnailUrl":"https:\/\/radioljubuski.ba\/wp-content\/uploads\/2021\/10\/pxl-171021-90210973-20211018101813.jpg","datePublished":"2021-10-18T12:26:24+00:00","dateModified":"2021-10-18T12:26:27+00:00","breadcrumb":{"@id":"https:\/\/radioljubuski.ba\/index.php\/2021\/10\/18\/pezzi-gustafsson-kao-da-je-bio-u-strucnom-stozeru-sibenika\/#breadcrumb"},"inLanguage":"hr","potentialAction":[{"@type":"ReadAction","target":["https:\/\/radioljubuski.ba\/index.php\/2021\/10\/18\/pezzi-gustafsson-kao-da-je-bio-u-strucnom-stozeru-sibenika\/"]}]},{"@type":"ImageObject","inLanguage":"hr","@id":"https:\/\/radioljubuski.ba\/index.php\/2021\/10\/18\/pezzi-gustafsson-kao-da-je-bio-u-strucnom-stozeru-sibenika\/#primaryimage","url":"https:\/\/radioljubuski.ba\/wp-content\/uploads\/2021\/10\/pxl-171021-90210973-20211018101813.jpg","contentUrl":"https:\/\/radioljubuski.ba\/wp-content\/uploads\/2021\/10\/pxl-171021-90210973-20211018101813.jpg","width":1600,"height":1025,"caption":"17.10.2021., stadion Subicevac, Sibenik - Hrvatski Telekom Prva liga, 12. kolo, HNK Sibenik - HNK Hajduk. Marcos Mina"},{"@type":"BreadcrumbList","@id":"https:\/\/radioljubuski.ba\/index.php\/2021\/10\/18\/pezzi-gustafsson-kao-da-je-bio-u-strucnom-stozeru-sibenika\/#breadcrumb","itemListElement":[{"@type":"ListItem","position":1,"name":"Po\u010detna stranica","item":"https:\/\/radioljubuski.ba\/"},{"@type":"ListItem","position":2,"name":"Pezzi: Gustafsson kao da je bio u stru\u010dnom sto\u017eeru \u0160ibenika"}]},{"@type":"WebSite","@id":"https:\/\/radioljubuski.ba\/#website","url":"https:\/\/radioljubuski.ba\/","name":"Radio Ljubu\u0161ki","description":"Sun\u010dana frekvencija Hercegovine","publisher":{"@id":"https:\/\/radioljubuski.ba\/#organization"},"potentialAction":[{"@type":"SearchAction","target":{"@type":"EntryPoint","urlTemplate":"https:\/\/radioljubuski.ba\/?s={search_term_string}"},"query-input":{"@type":"PropertyValueSpecification","valueRequired":true,"valueName":"search_term_string"}}],"inLanguage":"hr"},{"@type":"Organization","@id":"https:\/\/radioljubuski.ba\/#organization","name":"Radio Ljubu\u0161ki","url":"https:\/\/radioljubuski.ba\/","logo":{"@type":"ImageObject","inLanguage":"hr","@id":"https:\/\/radioljubuski.ba\/#\/schema\/logo\/image\/","url":"https:\/\/radioljubuski.ba\/wp-content\/uploads\/2021\/02\/cropped-Radio_Ljubuski_logo1.jpg","contentUrl":"https:\/\/radioljubuski.ba\/wp-content\/uploads\/2021\/02\/cropped-Radio_Ljubuski_logo1.jpg","width":512,"height":512,"caption":"Radio Ljubu\u0161ki"},"image":{"@id":"https:\/\/radioljubuski.ba\/#\/schema\/logo\/image\/"},"sameAs":["https:\/\/www.facebook.com\/Radiio-Ljubuski-1490835324566332","https:\/\/x.com\/radioljubuski","https:\/\/hr.linkedin.com\/company\/radio-ljubuski","https:\/\/www.youtube.com\/channel\/UCHYaeO_n0Db3tjNGudGpXyw"]},{"@type":"Person","@id":"https:\/\/radioljubuski.ba\/#\/schema\/person\/19fc700381a780f69665d7956c469e3b","name":"Radio Ljubu\u0161ki"}]}},"_links":{"self":[{"href":"https:\/\/radioljubuski.ba\/index.php\/wp-json\/wp\/v2\/posts\/77615","targetHints":{"allow":["GET"]}}],"collection":[{"href":"https:\/\/radioljubuski.ba\/index.php\/wp-json\/wp\/v2\/posts"}],"about":[{"href":"https:\/\/radioljubuski.ba\/index.php\/wp-json\/wp\/v2\/types\/post"}],"author":[{"embeddable":true,"href":"https:\/\/radioljubuski.ba\/index.php\/wp-json\/wp\/v2\/users\/2"}],"replies":[{"embeddable":true,"href":"https:\/\/radioljubuski.ba\/index.php\/wp-json\/wp\/v2\/comments?post=77615"}],"version-history":[{"count":1,"href":"https:\/\/radioljubuski.ba\/index.php\/wp-json\/wp\/v2\/posts\/77615\/revisions"}],"predecessor-version":[{"id":77617,"href":"https:\/\/radioljubuski.ba\/index.php\/wp-json\/wp\/v2\/posts\/77615\/revisions\/77617"}],"wp:featuredmedia":[{"embeddable":true,"href":"https:\/\/radioljubuski.ba\/index.php\/wp-json\/wp\/v2\/media\/77616"}],"wp:attachment":[{"href":"https:\/\/radioljubuski.ba\/index.php\/wp-json\/wp\/v2\/media?parent=77615"}],"wp:term":[{"taxonomy":"category","embeddable":true,"href":"https:\/\/radioljubuski.ba\/index.php\/wp-json\/wp\/v2\/categories?post=77615"},{"taxonomy":"post_tag","embeddable":true,"href":"https:\/\/radioljubuski.ba\/index.php\/wp-json\/wp\/v2\/tags?post=77615"}],"curies":[{"name":"wp","href":"https:\/\/api.w.org\/{rel}","templated":true}]}}