{"id":77650,"date":"2021-10-18T22:47:53","date_gmt":"2021-10-18T21:47:53","guid":{"rendered":"https:\/\/radioljubuski.ba\/?p=77650"},"modified":"2021-10-18T22:47:54","modified_gmt":"2021-10-18T21:47:54","slug":"mcgregor-u-rimu-pretukao-poznatog-talijanskog-dj-a-conor-je-opasni-nasilnik","status":"publish","type":"post","link":"https:\/\/radioljubuski.ba\/index.php\/2021\/10\/18\/mcgregor-u-rimu-pretukao-poznatog-talijanskog-dj-a-conor-je-opasni-nasilnik\/","title":{"rendered":"McGregor u Rimu pretukao poznatog talijanskog DJ-a: \u201cConor je opasni nasilnik\u201d"},"content":{"rendered":"\n<p><strong>Talijanski mediji pi\u0161u kako je slavni irski MMA borac Conor McGregor u Rimu pretukao poznatog talijanskog DJ-a Francesca Facchinettija.<\/strong><\/p>\n\n\n\n<p>Napadnuti Facchinetti se oglasio preko YouTube kanala i kazao da su on i njegova supruga bili u dru\u0161tvu McGregora vi\u0161e od dva sata, a onda je do\u0161lo do sukoba. Tako\u0111er, Talijan je pokazao i ozljede koje mu je nanio Irac, pi\u0161e Index.hr.<\/p>\n\n\n\n<p>\u201dConor McGregor udario me u usta i razbio mi nos pred deset svjedoka, mojim prijateljima i svojim tjelohraniteljima. Napao me bez ikakvog razloga nakon \u0161to smo dva sata razgovarali i zabavljali se. Mogao sam za\u0161utjeti i ne re\u0107i ni\u0161ta o ovome, ali kad sam ve\u0107 tu, moram re\u0107i da je ta osoba nasilna i opasna. Primio sam udarac bez ikakvog razloga. A taj udarac mogao je oti\u0107i bilo kome. Mojim prijateljima, supruzi ili drugim ljudima. Zbog toga sam ga odlu\u010dio tu\u017eiti, jer on je jedna opasna i nasilna osoba\u201d, rekao je Facchinetti u svom obra\u0107anju na dru\u0161tvenim mre\u017eama, pi\u0161e Index.hr.<\/p>\n\n\n\n<p>Na Instagramu se oglasila i njegova supruga Wilma.<\/p>\n\n\n\n<p>\u201cOdjednom je Conor udario Francesca. Zvao nas je na drugi tulum, Francesco je rekao da idemo, a on ga je udario. Sre\u0107om, Francesco mu je bio poprili\u010dno blizu pa ga Conor nije mogao jako udariti. Francesco je pao na stol, a onda na pod. Prvo sam se upitala je li to neka \u0161ala, neki njihov show, a onda sam se paralizirala. Pogledala sam okolo i vidjela njegove prijatelje kako ga pridr\u017eavaju uz zid, budu\u0107i da je on imao namjeru nastaviti udarati Francesca. Odvukli su ga sa strane. Upalila sam svjetla, ali redari su ih brzo ponovno ugasili. Francesco je krvario, \u017eeljela sam mu pomo\u0107i, ali redari su nas razdvojili. Conor \u0107e ostati u Italiji do 26. listopada. Ako ga vidite, dr\u017eite se dalje od njega. Nemojte mu prilaziti niti ga tra\u017eiti autograme jer to je nestabilna i opasna osoba\u201d, napisala je.<\/p>\n\n\n\n<p>\/HMS\/<\/p>\n","protected":false},"excerpt":{"rendered":"<p>Talijanski mediji pi\u0161u kako je slavni irski MMA borac Conor McGregor u Rimu pretukao poznatog talijanskog DJ-a Francesca Facchinettija. Napadnuti Facchinetti se oglasio preko YouTube kanala i kazao da su on i njegova supruga bili u dru\u0161tvu McGregora vi\u0161e od dva sata, a onda je do\u0161lo do sukoba. Tako\u0111er, Talijan je pokazao i ozljede koje [&hellip;]<\/p>\n","protected":false},"author":2,"featured_media":77651,"comment_status":"closed","ping_status":"closed","sticky":false,"template":"","format":"standard","meta":{"h5ap_radio_sources":[],"footnotes":""},"categories":[7],"tags":[],"class_list":["post-77650","post","type-post","status-publish","format-standard","has-post-thumbnail","hentry","category-sport"],"yoast_head":"<!-- This site is optimized with the Yoast SEO plugin v27.4 - https:\/\/yoast.com\/product\/yoast-seo-wordpress\/ -->\n<title>McGregor u Rimu pretukao poznatog talijanskog DJ-a: \u201cConor je opasni nasilnik\u201d - RADIO LJUBU\u0160KI<\/title>\n<meta name=\"robots\" content=\"index, follow, max-snippet:-1, max-image-preview:large, max-video-preview:-1\" \/>\n<link rel=\"canonical\" href=\"https:\/\/radioljubuski.ba\/index.php\/2021\/10\/18\/mcgregor-u-rimu-pretukao-poznatog-talijanskog-dj-a-conor-je-opasni-nasilnik\/\" \/>\n<meta property=\"og:locale\" content=\"hr_HR\" \/>\n<meta property=\"og:type\" content=\"article\" \/>\n<meta property=\"og:title\" content=\"McGregor u Rimu pretukao poznatog talijanskog DJ-a: \u201cConor je opasni nasilnik\u201d - RADIO LJUBU\u0160KI\" \/>\n<meta property=\"og:description\" content=\"Talijanski mediji pi\u0161u kako je slavni irski MMA borac Conor McGregor u Rimu pretukao poznatog talijanskog DJ-a Francesca Facchinettija. Napadnuti Facchinetti se oglasio preko YouTube kanala i kazao da su on i njegova supruga bili u dru\u0161tvu McGregora vi\u0161e od dva sata, a onda je do\u0161lo do sukoba. Tako\u0111er, Talijan je pokazao i ozljede koje [&hellip;]\" \/>\n<meta property=\"og:url\" content=\"https:\/\/radioljubuski.ba\/index.php\/2021\/10\/18\/mcgregor-u-rimu-pretukao-poznatog-talijanskog-dj-a-conor-je-opasni-nasilnik\/\" \/>\n<meta property=\"og:site_name\" content=\"RADIO LJUBU\u0160KI\" \/>\n<meta property=\"article:publisher\" content=\"https:\/\/www.facebook.com\/Radiio-Ljubuski-1490835324566332\" \/>\n<meta property=\"article:published_time\" content=\"2021-10-18T21:47:53+00:00\" \/>\n<meta property=\"article:modified_time\" content=\"2021-10-18T21:47:54+00:00\" \/>\n<meta property=\"og:image\" content=\"https:\/\/radioljubuski.ba\/wp-content\/uploads\/2021\/10\/7a1da302-9990-4637-adc6-2cc916043732.jpg\" \/>\n\t<meta property=\"og:image:width\" content=\"765\" \/>\n\t<meta property=\"og:image:height\" content=\"423\" \/>\n\t<meta property=\"og:image:type\" content=\"image\/jpeg\" \/>\n<meta name=\"author\" content=\"Radio Ljubu\u0161ki\" \/>\n<meta name=\"twitter:card\" content=\"summary_large_image\" \/>\n<meta name=\"twitter:creator\" content=\"@radioljubuski\" \/>\n<meta name=\"twitter:site\" content=\"@radioljubuski\" \/>\n<meta name=\"twitter:label1\" content=\"Napisao\/la\" \/>\n\t<meta name=\"twitter:data1\" content=\"Radio Ljubu\u0161ki\" \/>\n\t<meta name=\"twitter:label2\" content=\"Procijenjeno vrijeme \u010ditanja\" \/>\n\t<meta name=\"twitter:data2\" content=\"2 minute\" \/>\n<script type=\"application\/ld+json\" class=\"yoast-schema-graph\">{\"@context\":\"https:\\\/\\\/schema.org\",\"@graph\":[{\"@type\":\"Article\",\"@id\":\"https:\\\/\\\/radioljubuski.ba\\\/index.php\\\/2021\\\/10\\\/18\\\/mcgregor-u-rimu-pretukao-poznatog-talijanskog-dj-a-conor-je-opasni-nasilnik\\\/#article\",\"isPartOf\":{\"@id\":\"https:\\\/\\\/radioljubuski.ba\\\/index.php\\\/2021\\\/10\\\/18\\\/mcgregor-u-rimu-pretukao-poznatog-talijanskog-dj-a-conor-je-opasni-nasilnik\\\/\"},\"author\":{\"name\":\"Radio Ljubu\u0161ki\",\"@id\":\"https:\\\/\\\/radioljubuski.ba\\\/#\\\/schema\\\/person\\\/19fc700381a780f69665d7956c469e3b\"},\"headline\":\"McGregor u Rimu pretukao poznatog talijanskog DJ-a: \u201cConor je opasni nasilnik\u201d\",\"datePublished\":\"2021-10-18T21:47:53+00:00\",\"dateModified\":\"2021-10-18T21:47:54+00:00\",\"mainEntityOfPage\":{\"@id\":\"https:\\\/\\\/radioljubuski.ba\\\/index.php\\\/2021\\\/10\\\/18\\\/mcgregor-u-rimu-pretukao-poznatog-talijanskog-dj-a-conor-je-opasni-nasilnik\\\/\"},\"wordCount\":347,\"publisher\":{\"@id\":\"https:\\\/\\\/radioljubuski.ba\\\/#organization\"},\"image\":{\"@id\":\"https:\\\/\\\/radioljubuski.ba\\\/index.php\\\/2021\\\/10\\\/18\\\/mcgregor-u-rimu-pretukao-poznatog-talijanskog-dj-a-conor-je-opasni-nasilnik\\\/#primaryimage\"},\"thumbnailUrl\":\"https:\\\/\\\/radioljubuski.ba\\\/wp-content\\\/uploads\\\/2021\\\/10\\\/7a1da302-9990-4637-adc6-2cc916043732.jpg\",\"articleSection\":[\"\u0160port\"],\"inLanguage\":\"hr\"},{\"@type\":\"WebPage\",\"@id\":\"https:\\\/\\\/radioljubuski.ba\\\/index.php\\\/2021\\\/10\\\/18\\\/mcgregor-u-rimu-pretukao-poznatog-talijanskog-dj-a-conor-je-opasni-nasilnik\\\/\",\"url\":\"https:\\\/\\\/radioljubuski.ba\\\/index.php\\\/2021\\\/10\\\/18\\\/mcgregor-u-rimu-pretukao-poznatog-talijanskog-dj-a-conor-je-opasni-nasilnik\\\/\",\"name\":\"McGregor u Rimu pretukao poznatog talijanskog DJ-a: \u201cConor je opasni nasilnik\u201d - RADIO LJUBU\u0160KI\",\"isPartOf\":{\"@id\":\"https:\\\/\\\/radioljubuski.ba\\\/#website\"},\"primaryImageOfPage\":{\"@id\":\"https:\\\/\\\/radioljubuski.ba\\\/index.php\\\/2021\\\/10\\\/18\\\/mcgregor-u-rimu-pretukao-poznatog-talijanskog-dj-a-conor-je-opasni-nasilnik\\\/#primaryimage\"},\"image\":{\"@id\":\"https:\\\/\\\/radioljubuski.ba\\\/index.php\\\/2021\\\/10\\\/18\\\/mcgregor-u-rimu-pretukao-poznatog-talijanskog-dj-a-conor-je-opasni-nasilnik\\\/#primaryimage\"},\"thumbnailUrl\":\"https:\\\/\\\/radioljubuski.ba\\\/wp-content\\\/uploads\\\/2021\\\/10\\\/7a1da302-9990-4637-adc6-2cc916043732.jpg\",\"datePublished\":\"2021-10-18T21:47:53+00:00\",\"dateModified\":\"2021-10-18T21:47:54+00:00\",\"breadcrumb\":{\"@id\":\"https:\\\/\\\/radioljubuski.ba\\\/index.php\\\/2021\\\/10\\\/18\\\/mcgregor-u-rimu-pretukao-poznatog-talijanskog-dj-a-conor-je-opasni-nasilnik\\\/#breadcrumb\"},\"inLanguage\":\"hr\",\"potentialAction\":[{\"@type\":\"ReadAction\",\"target\":[\"https:\\\/\\\/radioljubuski.ba\\\/index.php\\\/2021\\\/10\\\/18\\\/mcgregor-u-rimu-pretukao-poznatog-talijanskog-dj-a-conor-je-opasni-nasilnik\\\/\"]}]},{\"@type\":\"ImageObject\",\"inLanguage\":\"hr\",\"@id\":\"https:\\\/\\\/radioljubuski.ba\\\/index.php\\\/2021\\\/10\\\/18\\\/mcgregor-u-rimu-pretukao-poznatog-talijanskog-dj-a-conor-je-opasni-nasilnik\\\/#primaryimage\",\"url\":\"https:\\\/\\\/radioljubuski.ba\\\/wp-content\\\/uploads\\\/2021\\\/10\\\/7a1da302-9990-4637-adc6-2cc916043732.jpg\",\"contentUrl\":\"https:\\\/\\\/radioljubuski.ba\\\/wp-content\\\/uploads\\\/2021\\\/10\\\/7a1da302-9990-4637-adc6-2cc916043732.jpg\",\"width\":765,\"height\":423},{\"@type\":\"BreadcrumbList\",\"@id\":\"https:\\\/\\\/radioljubuski.ba\\\/index.php\\\/2021\\\/10\\\/18\\\/mcgregor-u-rimu-pretukao-poznatog-talijanskog-dj-a-conor-je-opasni-nasilnik\\\/#breadcrumb\",\"itemListElement\":[{\"@type\":\"ListItem\",\"position\":1,\"name\":\"Po\u010detna stranica\",\"item\":\"https:\\\/\\\/radioljubuski.ba\\\/\"},{\"@type\":\"ListItem\",\"position\":2,\"name\":\"McGregor u Rimu pretukao poznatog talijanskog DJ-a: \u201cConor je opasni nasilnik\u201d\"}]},{\"@type\":\"WebSite\",\"@id\":\"https:\\\/\\\/radioljubuski.ba\\\/#website\",\"url\":\"https:\\\/\\\/radioljubuski.ba\\\/\",\"name\":\"Radio Ljubu\u0161ki\",\"description\":\"Sun\u010dana frekvencija Hercegovine\",\"publisher\":{\"@id\":\"https:\\\/\\\/radioljubuski.ba\\\/#organization\"},\"potentialAction\":[{\"@type\":\"SearchAction\",\"target\":{\"@type\":\"EntryPoint\",\"urlTemplate\":\"https:\\\/\\\/radioljubuski.ba\\\/?s={search_term_string}\"},\"query-input\":{\"@type\":\"PropertyValueSpecification\",\"valueRequired\":true,\"valueName\":\"search_term_string\"}}],\"inLanguage\":\"hr\"},{\"@type\":\"Organization\",\"@id\":\"https:\\\/\\\/radioljubuski.ba\\\/#organization\",\"name\":\"Radio Ljubu\u0161ki\",\"url\":\"https:\\\/\\\/radioljubuski.ba\\\/\",\"logo\":{\"@type\":\"ImageObject\",\"inLanguage\":\"hr\",\"@id\":\"https:\\\/\\\/radioljubuski.ba\\\/#\\\/schema\\\/logo\\\/image\\\/\",\"url\":\"https:\\\/\\\/radioljubuski.ba\\\/wp-content\\\/uploads\\\/2021\\\/02\\\/cropped-Radio_Ljubuski_logo1.jpg\",\"contentUrl\":\"https:\\\/\\\/radioljubuski.ba\\\/wp-content\\\/uploads\\\/2021\\\/02\\\/cropped-Radio_Ljubuski_logo1.jpg\",\"width\":512,\"height\":512,\"caption\":\"Radio Ljubu\u0161ki\"},\"image\":{\"@id\":\"https:\\\/\\\/radioljubuski.ba\\\/#\\\/schema\\\/logo\\\/image\\\/\"},\"sameAs\":[\"https:\\\/\\\/www.facebook.com\\\/Radiio-Ljubuski-1490835324566332\",\"https:\\\/\\\/x.com\\\/radioljubuski\",\"https:\\\/\\\/hr.linkedin.com\\\/company\\\/radio-ljubuski\",\"https:\\\/\\\/www.youtube.com\\\/channel\\\/UCHYaeO_n0Db3tjNGudGpXyw\"]},{\"@type\":\"Person\",\"@id\":\"https:\\\/\\\/radioljubuski.ba\\\/#\\\/schema\\\/person\\\/19fc700381a780f69665d7956c469e3b\",\"name\":\"Radio Ljubu\u0161ki\"}]}<\/script>\n<!-- \/ Yoast SEO plugin. -->","yoast_head_json":{"title":"McGregor u Rimu pretukao poznatog talijanskog DJ-a: \u201cConor je opasni nasilnik\u201d - RADIO LJUBU\u0160KI","robots":{"index":"index","follow":"follow","max-snippet":"max-snippet:-1","max-image-preview":"max-image-preview:large","max-video-preview":"max-video-preview:-1"},"canonical":"https:\/\/radioljubuski.ba\/index.php\/2021\/10\/18\/mcgregor-u-rimu-pretukao-poznatog-talijanskog-dj-a-conor-je-opasni-nasilnik\/","og_locale":"hr_HR","og_type":"article","og_title":"McGregor u Rimu pretukao poznatog talijanskog DJ-a: \u201cConor je opasni nasilnik\u201d - RADIO LJUBU\u0160KI","og_description":"Talijanski mediji pi\u0161u kako je slavni irski MMA borac Conor McGregor u Rimu pretukao poznatog talijanskog DJ-a Francesca Facchinettija. Napadnuti Facchinetti se oglasio preko YouTube kanala i kazao da su on i njegova supruga bili u dru\u0161tvu McGregora vi\u0161e od dva sata, a onda je do\u0161lo do sukoba. Tako\u0111er, Talijan je pokazao i ozljede koje [&hellip;]","og_url":"https:\/\/radioljubuski.ba\/index.php\/2021\/10\/18\/mcgregor-u-rimu-pretukao-poznatog-talijanskog-dj-a-conor-je-opasni-nasilnik\/","og_site_name":"RADIO LJUBU\u0160KI","article_publisher":"https:\/\/www.facebook.com\/Radiio-Ljubuski-1490835324566332","article_published_time":"2021-10-18T21:47:53+00:00","article_modified_time":"2021-10-18T21:47:54+00:00","og_image":[{"width":765,"height":423,"url":"https:\/\/radioljubuski.ba\/wp-content\/uploads\/2021\/10\/7a1da302-9990-4637-adc6-2cc916043732.jpg","type":"image\/jpeg"}],"author":"Radio Ljubu\u0161ki","twitter_card":"summary_large_image","twitter_creator":"@radioljubuski","twitter_site":"@radioljubuski","twitter_misc":{"Napisao\/la":"Radio Ljubu\u0161ki","Procijenjeno vrijeme \u010ditanja":"2 minute"},"schema":{"@context":"https:\/\/schema.org","@graph":[{"@type":"Article","@id":"https:\/\/radioljubuski.ba\/index.php\/2021\/10\/18\/mcgregor-u-rimu-pretukao-poznatog-talijanskog-dj-a-conor-je-opasni-nasilnik\/#article","isPartOf":{"@id":"https:\/\/radioljubuski.ba\/index.php\/2021\/10\/18\/mcgregor-u-rimu-pretukao-poznatog-talijanskog-dj-a-conor-je-opasni-nasilnik\/"},"author":{"name":"Radio Ljubu\u0161ki","@id":"https:\/\/radioljubuski.ba\/#\/schema\/person\/19fc700381a780f69665d7956c469e3b"},"headline":"McGregor u Rimu pretukao poznatog talijanskog DJ-a: \u201cConor je opasni nasilnik\u201d","datePublished":"2021-10-18T21:47:53+00:00","dateModified":"2021-10-18T21:47:54+00:00","mainEntityOfPage":{"@id":"https:\/\/radioljubuski.ba\/index.php\/2021\/10\/18\/mcgregor-u-rimu-pretukao-poznatog-talijanskog-dj-a-conor-je-opasni-nasilnik\/"},"wordCount":347,"publisher":{"@id":"https:\/\/radioljubuski.ba\/#organization"},"image":{"@id":"https:\/\/radioljubuski.ba\/index.php\/2021\/10\/18\/mcgregor-u-rimu-pretukao-poznatog-talijanskog-dj-a-conor-je-opasni-nasilnik\/#primaryimage"},"thumbnailUrl":"https:\/\/radioljubuski.ba\/wp-content\/uploads\/2021\/10\/7a1da302-9990-4637-adc6-2cc916043732.jpg","articleSection":["\u0160port"],"inLanguage":"hr"},{"@type":"WebPage","@id":"https:\/\/radioljubuski.ba\/index.php\/2021\/10\/18\/mcgregor-u-rimu-pretukao-poznatog-talijanskog-dj-a-conor-je-opasni-nasilnik\/","url":"https:\/\/radioljubuski.ba\/index.php\/2021\/10\/18\/mcgregor-u-rimu-pretukao-poznatog-talijanskog-dj-a-conor-je-opasni-nasilnik\/","name":"McGregor u Rimu pretukao poznatog talijanskog DJ-a: \u201cConor je opasni nasilnik\u201d - RADIO LJUBU\u0160KI","isPartOf":{"@id":"https:\/\/radioljubuski.ba\/#website"},"primaryImageOfPage":{"@id":"https:\/\/radioljubuski.ba\/index.php\/2021\/10\/18\/mcgregor-u-rimu-pretukao-poznatog-talijanskog-dj-a-conor-je-opasni-nasilnik\/#primaryimage"},"image":{"@id":"https:\/\/radioljubuski.ba\/index.php\/2021\/10\/18\/mcgregor-u-rimu-pretukao-poznatog-talijanskog-dj-a-conor-je-opasni-nasilnik\/#primaryimage"},"thumbnailUrl":"https:\/\/radioljubuski.ba\/wp-content\/uploads\/2021\/10\/7a1da302-9990-4637-adc6-2cc916043732.jpg","datePublished":"2021-10-18T21:47:53+00:00","dateModified":"2021-10-18T21:47:54+00:00","breadcrumb":{"@id":"https:\/\/radioljubuski.ba\/index.php\/2021\/10\/18\/mcgregor-u-rimu-pretukao-poznatog-talijanskog-dj-a-conor-je-opasni-nasilnik\/#breadcrumb"},"inLanguage":"hr","potentialAction":[{"@type":"ReadAction","target":["https:\/\/radioljubuski.ba\/index.php\/2021\/10\/18\/mcgregor-u-rimu-pretukao-poznatog-talijanskog-dj-a-conor-je-opasni-nasilnik\/"]}]},{"@type":"ImageObject","inLanguage":"hr","@id":"https:\/\/radioljubuski.ba\/index.php\/2021\/10\/18\/mcgregor-u-rimu-pretukao-poznatog-talijanskog-dj-a-conor-je-opasni-nasilnik\/#primaryimage","url":"https:\/\/radioljubuski.ba\/wp-content\/uploads\/2021\/10\/7a1da302-9990-4637-adc6-2cc916043732.jpg","contentUrl":"https:\/\/radioljubuski.ba\/wp-content\/uploads\/2021\/10\/7a1da302-9990-4637-adc6-2cc916043732.jpg","width":765,"height":423},{"@type":"BreadcrumbList","@id":"https:\/\/radioljubuski.ba\/index.php\/2021\/10\/18\/mcgregor-u-rimu-pretukao-poznatog-talijanskog-dj-a-conor-je-opasni-nasilnik\/#breadcrumb","itemListElement":[{"@type":"ListItem","position":1,"name":"Po\u010detna stranica","item":"https:\/\/radioljubuski.ba\/"},{"@type":"ListItem","position":2,"name":"McGregor u Rimu pretukao poznatog talijanskog DJ-a: \u201cConor je opasni nasilnik\u201d"}]},{"@type":"WebSite","@id":"https:\/\/radioljubuski.ba\/#website","url":"https:\/\/radioljubuski.ba\/","name":"Radio Ljubu\u0161ki","description":"Sun\u010dana frekvencija Hercegovine","publisher":{"@id":"https:\/\/radioljubuski.ba\/#organization"},"potentialAction":[{"@type":"SearchAction","target":{"@type":"EntryPoint","urlTemplate":"https:\/\/radioljubuski.ba\/?s={search_term_string}"},"query-input":{"@type":"PropertyValueSpecification","valueRequired":true,"valueName":"search_term_string"}}],"inLanguage":"hr"},{"@type":"Organization","@id":"https:\/\/radioljubuski.ba\/#organization","name":"Radio Ljubu\u0161ki","url":"https:\/\/radioljubuski.ba\/","logo":{"@type":"ImageObject","inLanguage":"hr","@id":"https:\/\/radioljubuski.ba\/#\/schema\/logo\/image\/","url":"https:\/\/radioljubuski.ba\/wp-content\/uploads\/2021\/02\/cropped-Radio_Ljubuski_logo1.jpg","contentUrl":"https:\/\/radioljubuski.ba\/wp-content\/uploads\/2021\/02\/cropped-Radio_Ljubuski_logo1.jpg","width":512,"height":512,"caption":"Radio Ljubu\u0161ki"},"image":{"@id":"https:\/\/radioljubuski.ba\/#\/schema\/logo\/image\/"},"sameAs":["https:\/\/www.facebook.com\/Radiio-Ljubuski-1490835324566332","https:\/\/x.com\/radioljubuski","https:\/\/hr.linkedin.com\/company\/radio-ljubuski","https:\/\/www.youtube.com\/channel\/UCHYaeO_n0Db3tjNGudGpXyw"]},{"@type":"Person","@id":"https:\/\/radioljubuski.ba\/#\/schema\/person\/19fc700381a780f69665d7956c469e3b","name":"Radio Ljubu\u0161ki"}]}},"_links":{"self":[{"href":"https:\/\/radioljubuski.ba\/index.php\/wp-json\/wp\/v2\/posts\/77650","targetHints":{"allow":["GET"]}}],"collection":[{"href":"https:\/\/radioljubuski.ba\/index.php\/wp-json\/wp\/v2\/posts"}],"about":[{"href":"https:\/\/radioljubuski.ba\/index.php\/wp-json\/wp\/v2\/types\/post"}],"author":[{"embeddable":true,"href":"https:\/\/radioljubuski.ba\/index.php\/wp-json\/wp\/v2\/users\/2"}],"replies":[{"embeddable":true,"href":"https:\/\/radioljubuski.ba\/index.php\/wp-json\/wp\/v2\/comments?post=77650"}],"version-history":[{"count":1,"href":"https:\/\/radioljubuski.ba\/index.php\/wp-json\/wp\/v2\/posts\/77650\/revisions"}],"predecessor-version":[{"id":77652,"href":"https:\/\/radioljubuski.ba\/index.php\/wp-json\/wp\/v2\/posts\/77650\/revisions\/77652"}],"wp:featuredmedia":[{"embeddable":true,"href":"https:\/\/radioljubuski.ba\/index.php\/wp-json\/wp\/v2\/media\/77651"}],"wp:attachment":[{"href":"https:\/\/radioljubuski.ba\/index.php\/wp-json\/wp\/v2\/media?parent=77650"}],"wp:term":[{"taxonomy":"category","embeddable":true,"href":"https:\/\/radioljubuski.ba\/index.php\/wp-json\/wp\/v2\/categories?post=77650"},{"taxonomy":"post_tag","embeddable":true,"href":"https:\/\/radioljubuski.ba\/index.php\/wp-json\/wp\/v2\/tags?post=77650"}],"curies":[{"name":"wp","href":"https:\/\/api.w.org\/{rel}","templated":true}]}}