{"id":7795,"date":"2021-03-29T14:16:56","date_gmt":"2021-03-29T13:16:56","guid":{"rendered":"https:\/\/radioljubuski.ba\/?p=7795"},"modified":"2021-03-29T14:16:57","modified_gmt":"2021-03-29T13:16:57","slug":"u-hrvatskoj-300-novooboljelih-18-preminulih","status":"publish","type":"post","link":"https:\/\/radioljubuski.ba\/index.php\/2021\/03\/29\/u-hrvatskoj-300-novooboljelih-18-preminulih\/","title":{"rendered":"U Hrvatskoj 300 novooboljelih, 18 preminulih"},"content":{"rendered":"\n<p>U posljednja 24 sata zabilje\u017eeno je 300 novih slu\u010dajeva zaraze virusom SARS-CoV-2 te je broj aktivnih slu\u010dajeva u Hrvatskoj danas ukupno 9.290. Me\u0111u njima je 1.247 pacijenata na bolni\u010dkom lije\u010denju, od toga je na respiratoru 126 pacijenata.&nbsp;Preminulo je 18 osoba.<\/p>\n\n\n\n<p>Od 25. velja\u010de 2020., kada je zabilje\u017een prvi slu\u010daj zaraze u Hrvatskoj, do danas ukupno su zabilje\u017eene 267.522 osobe zara\u017eene novim koronavirusom, od kojih je 5.911 preminulo, ukupno se oporavila 252.321 osoba od toga 1.084 u posljednja 24 sata.<br><br>U samoizolaciji je trenutno 29.191 osoba.&nbsp;Do danas je ukupno testirano 1.530,168 osoba, od toga 2.848 u posljednja 24 sata.<br><br>Ukupno je do danas cijepljeno 348.648 osoba, od kojih je 266.900 cijepljeno s jednom dozom, dok je 81.748 osoba cijepljeno s dvije doze. Ukupno je do danas utro\u0161eno 430.396 doza cjepiva.<\/p>\n\n\n\n<p><strong>U \u010detvrtak nove mjere<\/strong><br><br>Ministar unutarnjih poslova te na\u010delnik Nacionalnog sto\u017eera civilne za\u0161tite <strong>Davor Bo\u017einovi\u0107<\/strong> rekao je da ne mo\u017eemo biti zadovoljni sa situacijom jer brojevi rastu. Najavio je za \u010detvrtak dono\u0161enje nove odluke o epidemiolo\u0161kim mjerama, koje \u0107e vrijediti do 15. travnja, \u0161to ne zna\u010di da se mjere ne\u0107e mo\u0107i mijenjati i ranije.<\/p>\n\n\n\n<p><strong>Stro\u017ee mjere u Istri<\/strong><br>Zbog porasta broja zara\u017eenih koronavirusom te nepovoljne epidemiolo\u0161ke situacije, odlukom \u017eupanijskog Sto\u017eera civilne za\u0161tite u Istri se od sutra uvode stro\u017ee mjere, od zabrane treninga u zatvorenim prostorima do obustave rada raznih radionice, plesnih \u0161kola i igraonica.<\/p>\n\n\n\n<p><strong>U Primorsko-goranskoj \u017eupaniji stro\u017ee mjere<\/strong><br><br>U Primorsko-goranskoj \u017eupaniji, u kojoj je bilo najvi\u0161e zara\u017eenih proteklih dana, na snagu su danas stupile stro\u017ee mjere. Na javnim okupljanjima smije biti najvi\u0161e 15 osoba, a na privatnim osmero. Ponovno su zatvorene teretane i dje\u010dje igraonice. Otvorena ostaju kazali\u0161ta, galerije i kina.<\/p>\n\n\n\n<p>U Gradu Zagrebu u protekla 24 sata evidentirano je 59 novozara\u017eenih koronavirusom. Testirano je 670 osoba. Iz zagreba\u010dkog sto\u017eera pozivaju na oprez.<\/p>\n\n\n\n<p>Od danas se nastava na daljinu odr\u017eava i u Vara\u017edinskoj, Bjelovarsko-bilogorskoj i Zadarskoj \u017eupaniji. Do sada je deset \u017eupanija djelomi\u010dno pre\u0161lo na takozvani model C, koji se uglavnom odnosi na vi\u0161e razrede osnovnih \u0161kola i prva tri razreda srednjih. U Gradu Zagrebu, unato\u010d naga\u0111anjima, \u0161kole ostaju otvorene. Odluka o modelima nastave i dalje je prepu\u0161tena \u017eupanijskim sto\u017eerima, a nacionalni ih poti\u010de na dono\u0161enje stro\u017eih mjera.<\/p>\n\n\n\n<p>Na pitanje o\u010dekuje li potpuni &#8216;lockdown&#8217; <strong>Vikica Krolo<\/strong>, zamjenica predsjednika Hrvatske lije\u010dni\u010dke komore rekla je u Studiju 4 HTV-a da se nada da do toga ne\u0107e do\u0107i bez obzira na to \u0161to su zemlje u okru\u017eenju to najavile i da ne\u0107emo do\u0107i do tih scenarija.<br><br>&#8211; Istina je da je do\u0161lo do porasta zara\u017eenih, hospitaliziranih i onih na respiratorima, ali to nije onaj broj koji je bio u studenom 2020.<\/p>\n\n\n\n<p><strong>Sve vi\u0161e zara\u017eenih u\u010denika i djelatnika \u0161kola<\/strong><br><br>Sve je vi\u0161e zara\u017eenih u\u010denika i djelatnika \u0161kola pa se od ovog tjedna u gotovo polovini \u017eupanija nastava barem djelomi\u010dno odr\u017eava na daljinu. Iako je to nu\u017eno radi usporavanja \u0161irenja koronavirusa, ovakav oblik nastave stvara niz problema i u\u010denicima i nastavnicima, \u010dulo se u emisiji Hrvatskog radija &#8220;U mre\u017ei Prvog&#8221;.<\/p>\n\n\n\n<p>U Hrvatsku do kraja travnja sti\u017ee vi\u0161e od 500 tisu\u0107a doza AstraZenecina i Pfizerova te 40-ak tisu\u0107a doza Modernina cjepiva, a u drugoj polovini mjeseca o\u010dekuju se prve isporuke cjepiva Johnson &amp; Johnsona. Nakon Uskrsa u Zagrebu je najavljeno masovno cijepljenje. Provodit \u0107e se na Velesajmu. Cilj je cijepiti oko 5 tisu\u0107a ljudi na dan.<\/p>\n\n\n\n<p>Je li mogu\u0107e proizvesti cjepivo protiv COVID-a u Hrvatskoj i pod kojim uvjetima? Jedna od najve\u0107ih doma\u0107ih farmaceutskih tvrtki Jadran Galenski Laboratorij smatra da jest. Znanje i resurse, ka\u017eu, imaju. No, za proizvodnju cjepiva potrebno je vrijeme i ono najva\u017enije &#8211; financijska mo\u0107.<\/p>\n\n\n\n<p><strong>Koronavirus po \u017eupanijama<\/strong><strong><br><br>\u25cf <\/strong>U <strong>Zagrebu <\/strong>59 novooboljelih<br><strong>\u25cf <\/strong>U <strong>Zadarskoj \u017eupaniji<\/strong> 59 noovooboljelih<br><strong>\u25cf <\/strong>U <strong>Vara\u017edinskoj \u017eupaniji<\/strong>&nbsp;41 oboljeli, jedan preminuli<br>\u25cf U <strong>Zagreba\u010dkoj \u017eupaniji <\/strong>37 novih slu\u010dajeva<br>\u25cf U <strong>Primorsko-goranskoj \u017eupaniji<\/strong> 34 novooboljelih<br>\u25cf U <strong>Krapinsko-zagorskoj \u017eupaniji<\/strong> 23 oboljelih<br>\u25cf U <strong>Osje\u010dko-baranjskoj \u017eupaniji<\/strong> 23 pozitivnih, dvoje preminulih&nbsp;<br>\u25cf U <strong>Li\u010dko-senjskoj \u017eupaniji<\/strong> 23 su novooboljele osobe, jedna preminula<br>\u25cf U <strong>Brodsko-posavskoj \u017eupaniji<\/strong>&nbsp;21 novi slu\u010daj<br>\u25cf U <strong>\u0160ibensko-kninskoj \u017eupaniji<\/strong> 19 je novozara\u017eenih osoba<br>\u25cf U <strong>Splitsko-dalmatinskoj \u017eupaniji&nbsp;<\/strong>17 novooboljelih<br>\u25cf U <strong>Vukovarsko-srijemskoj \u017eupaniji <\/strong>12 oboljelih, jedna preminula<br>\u25cf U <strong>Po\u017ee\u0161ko-slavonskoj \u017eupaniji <\/strong>sedam novooboljelih<br>\u25cf U <strong>Dubrova\u010dko-neretvanskoj \u017eupaniji<\/strong>&nbsp;\u0161est oboljelih, \u010detvero preminulih<br>\u25cf U <strong>Bjelovarsko-bilogorskoj \u017eupaniji<\/strong> \u010detiri oboljela&nbsp;<br>\u25cf U <strong>Viroviti\u010dko-podravskoj \u017eupaniji <\/strong>3 su pozitivne osobe<br>\u25cf U<strong> Istarskoj \u017eupaniji <\/strong>tri novooboljelih, dvoje preminulih<br>\u25cf U <strong>Koprivni\u010dko-kri\u017eeva\u010dkoj \u017eupaniji <\/strong>dva novooboljela<br>\u25cf U <strong>Me\u0111imurskoj \u017eupaniji<\/strong> jedan oboljeli&nbsp;<br>\u25cf U <strong>Sisa\u010dko- moslava\u010dkoj \u017eupaniji<\/strong>&nbsp;jedan novooboljeli<\/p>\n\n\n\n<p><strong>Koronavirus u svijetu<\/strong><\/p>\n\n\n\n<p>&#8211; U Bosni i Hercegovni potvr\u0111eno je manje od 900 novih slu\u010dajeva zaraze koronavirusom, ali su istodobno prijavljena rekordna 93 smrtna slu\u010daja povezana sa zarazom, \u0161to je najve\u0107a brojka u jednom danu jo\u0161 od izbijanja epidemije u o\u017eujku 2020.<\/p>\n\n\n\n<p>&#8211; U <strong>Sloveniji <\/strong>je u zadnja 24 sata potvr\u0111eno 287 slu\u010dajeva zaraze koronavirusom, \u0161to je manje nego prethodni dan, ali je broj hospitaliziranih znatno pove\u0107an, a epidemiolozi tvrde da je novo 11-dnevno zatvaranje, koje po\u010dinje u \u010detvrtak, bilo neizbje\u017eno kako bi se &#8220;presjekao&#8221; tre\u0107i val epidemije.<\/p>\n\n\n\n<p>&#8211; Me\u0111unarodna ekspertna misija, koja je boravila u Wuhanu, zaklju\u010dila je da je vrlo vjerojatno da je uzro\u010dnik covida-19 pre\u0161ao sa \u0161i\u0161mi\u0161a na ljude preko neke druge \u017eivotinje, istodobno gotovo potpuno isklju\u010duju\u0107i mogu\u0107nost da je virus &#8216;pobjegao&#8217; iz nekog laboratorija.<\/p>\n\n\n\n<p>&#8211; Ukinute su stroge mjere zatvaranja u Engleskoj i stanovnicima je dopu\u0161teno sastajati se vani u skupinama od \u0161est osoba prvi put u gotovo tri mjeseca, iako je premijer <strong>Boris Johnson<\/strong> upozorio na oprez zbog porasta broja slu\u010dajeva koronavirusa u Europi.<\/p>\n\n\n\n<p>&#8211; Njema\u010dka kancelarka <strong>Angela Merkel<\/strong> zatra\u017eila je ju\u010der od njema\u010dkih saveznih dr\u017eava da se pridr\u017eavaju dogovorenog poo\u0161travanja mjera u borbi protiv koronavirusu zbog porasta broja zara\u017eenih.<\/p>\n\n\n\n<p>Izvor:hrt.hr<\/p>\n","protected":false},"excerpt":{"rendered":"<p>U posljednja 24 sata zabilje\u017eeno je 300 novih slu\u010dajeva zaraze virusom SARS-CoV-2 te je broj aktivnih slu\u010dajeva u Hrvatskoj danas ukupno 9.290. Me\u0111u njima je 1.247 pacijenata na bolni\u010dkom lije\u010denju, od toga je na respiratoru 126 pacijenata.&nbsp;Preminulo je 18 osoba. Od 25. velja\u010de 2020., kada je zabilje\u017een prvi slu\u010daj zaraze u Hrvatskoj, do danas ukupno [&hellip;]<\/p>\n","protected":false},"author":2,"featured_media":7796,"comment_status":"closed","ping_status":"closed","sticky":false,"template":"","format":"standard","meta":{"h5ap_radio_sources":[],"footnotes":""},"categories":[1],"tags":[],"class_list":["post-7795","post","type-post","status-publish","format-standard","has-post-thumbnail","hentry","category-bihiregija"],"yoast_head":"<!-- This site is optimized with the Yoast SEO plugin v27.5 - https:\/\/yoast.com\/product\/yoast-seo-wordpress\/ -->\n<title>U Hrvatskoj 300 novooboljelih, 18 preminulih - RADIO LJUBU\u0160KI<\/title>\n<meta name=\"robots\" content=\"index, follow, max-snippet:-1, max-image-preview:large, max-video-preview:-1\" \/>\n<link rel=\"canonical\" href=\"https:\/\/radioljubuski.ba\/index.php\/2021\/03\/29\/u-hrvatskoj-300-novooboljelih-18-preminulih\/\" \/>\n<meta property=\"og:locale\" content=\"hr_HR\" \/>\n<meta property=\"og:type\" content=\"article\" \/>\n<meta property=\"og:title\" content=\"U Hrvatskoj 300 novooboljelih, 18 preminulih - RADIO LJUBU\u0160KI\" \/>\n<meta property=\"og:description\" content=\"U posljednja 24 sata zabilje\u017eeno je 300 novih slu\u010dajeva zaraze virusom SARS-CoV-2 te je broj aktivnih slu\u010dajeva u Hrvatskoj danas ukupno 9.290. Me\u0111u njima je 1.247 pacijenata na bolni\u010dkom lije\u010denju, od toga je na respiratoru 126 pacijenata.&nbsp;Preminulo je 18 osoba. Od 25. velja\u010de 2020., kada je zabilje\u017een prvi slu\u010daj zaraze u Hrvatskoj, do danas ukupno [&hellip;]\" \/>\n<meta property=\"og:url\" content=\"https:\/\/radioljubuski.ba\/index.php\/2021\/03\/29\/u-hrvatskoj-300-novooboljelih-18-preminulih\/\" \/>\n<meta property=\"og:site_name\" content=\"RADIO LJUBU\u0160KI\" \/>\n<meta property=\"article:publisher\" content=\"https:\/\/www.facebook.com\/Radiio-Ljubuski-1490835324566332\" \/>\n<meta property=\"article:published_time\" content=\"2021-03-29T13:16:56+00:00\" \/>\n<meta property=\"article:modified_time\" content=\"2021-03-29T13:16:57+00:00\" \/>\n<meta property=\"og:image\" content=\"https:\/\/radioljubuski.ba\/wp-content\/uploads\/2021\/03\/indeksiraj-24.jpg\" \/>\n\t<meta property=\"og:image:width\" content=\"280\" \/>\n\t<meta property=\"og:image:height\" content=\"180\" \/>\n\t<meta property=\"og:image:type\" content=\"image\/jpeg\" \/>\n<meta name=\"author\" content=\"Radio Ljubu\u0161ki\" \/>\n<meta name=\"twitter:card\" content=\"summary_large_image\" \/>\n<meta name=\"twitter:creator\" content=\"@radioljubuski\" \/>\n<meta name=\"twitter:site\" content=\"@radioljubuski\" \/>\n<meta name=\"twitter:label1\" content=\"Napisao\/la\" \/>\n\t<meta name=\"twitter:data1\" content=\"Radio Ljubu\u0161ki\" \/>\n\t<meta name=\"twitter:label2\" content=\"Procijenjeno vrijeme \u010ditanja\" \/>\n\t<meta name=\"twitter:data2\" content=\"5 minuta\" \/>\n<script type=\"application\/ld+json\" class=\"yoast-schema-graph\">{\"@context\":\"https:\\\/\\\/schema.org\",\"@graph\":[{\"@type\":\"Article\",\"@id\":\"https:\\\/\\\/radioljubuski.ba\\\/index.php\\\/2021\\\/03\\\/29\\\/u-hrvatskoj-300-novooboljelih-18-preminulih\\\/#article\",\"isPartOf\":{\"@id\":\"https:\\\/\\\/radioljubuski.ba\\\/index.php\\\/2021\\\/03\\\/29\\\/u-hrvatskoj-300-novooboljelih-18-preminulih\\\/\"},\"author\":{\"name\":\"Radio Ljubu\u0161ki\",\"@id\":\"https:\\\/\\\/radioljubuski.ba\\\/#\\\/schema\\\/person\\\/19fc700381a780f69665d7956c469e3b\"},\"headline\":\"U Hrvatskoj 300 novooboljelih, 18 preminulih\",\"datePublished\":\"2021-03-29T13:16:56+00:00\",\"dateModified\":\"2021-03-29T13:16:57+00:00\",\"mainEntityOfPage\":{\"@id\":\"https:\\\/\\\/radioljubuski.ba\\\/index.php\\\/2021\\\/03\\\/29\\\/u-hrvatskoj-300-novooboljelih-18-preminulih\\\/\"},\"wordCount\":1001,\"publisher\":{\"@id\":\"https:\\\/\\\/radioljubuski.ba\\\/#organization\"},\"image\":{\"@id\":\"https:\\\/\\\/radioljubuski.ba\\\/index.php\\\/2021\\\/03\\\/29\\\/u-hrvatskoj-300-novooboljelih-18-preminulih\\\/#primaryimage\"},\"thumbnailUrl\":\"https:\\\/\\\/radioljubuski.ba\\\/wp-content\\\/uploads\\\/2021\\\/03\\\/indeksiraj-24.jpg\",\"articleSection\":[\"BIH i regija\"],\"inLanguage\":\"hr\"},{\"@type\":\"WebPage\",\"@id\":\"https:\\\/\\\/radioljubuski.ba\\\/index.php\\\/2021\\\/03\\\/29\\\/u-hrvatskoj-300-novooboljelih-18-preminulih\\\/\",\"url\":\"https:\\\/\\\/radioljubuski.ba\\\/index.php\\\/2021\\\/03\\\/29\\\/u-hrvatskoj-300-novooboljelih-18-preminulih\\\/\",\"name\":\"U Hrvatskoj 300 novooboljelih, 18 preminulih - RADIO LJUBU\u0160KI\",\"isPartOf\":{\"@id\":\"https:\\\/\\\/radioljubuski.ba\\\/#website\"},\"primaryImageOfPage\":{\"@id\":\"https:\\\/\\\/radioljubuski.ba\\\/index.php\\\/2021\\\/03\\\/29\\\/u-hrvatskoj-300-novooboljelih-18-preminulih\\\/#primaryimage\"},\"image\":{\"@id\":\"https:\\\/\\\/radioljubuski.ba\\\/index.php\\\/2021\\\/03\\\/29\\\/u-hrvatskoj-300-novooboljelih-18-preminulih\\\/#primaryimage\"},\"thumbnailUrl\":\"https:\\\/\\\/radioljubuski.ba\\\/wp-content\\\/uploads\\\/2021\\\/03\\\/indeksiraj-24.jpg\",\"datePublished\":\"2021-03-29T13:16:56+00:00\",\"dateModified\":\"2021-03-29T13:16:57+00:00\",\"breadcrumb\":{\"@id\":\"https:\\\/\\\/radioljubuski.ba\\\/index.php\\\/2021\\\/03\\\/29\\\/u-hrvatskoj-300-novooboljelih-18-preminulih\\\/#breadcrumb\"},\"inLanguage\":\"hr\",\"potentialAction\":[{\"@type\":\"ReadAction\",\"target\":[\"https:\\\/\\\/radioljubuski.ba\\\/index.php\\\/2021\\\/03\\\/29\\\/u-hrvatskoj-300-novooboljelih-18-preminulih\\\/\"]}]},{\"@type\":\"ImageObject\",\"inLanguage\":\"hr\",\"@id\":\"https:\\\/\\\/radioljubuski.ba\\\/index.php\\\/2021\\\/03\\\/29\\\/u-hrvatskoj-300-novooboljelih-18-preminulih\\\/#primaryimage\",\"url\":\"https:\\\/\\\/radioljubuski.ba\\\/wp-content\\\/uploads\\\/2021\\\/03\\\/indeksiraj-24.jpg\",\"contentUrl\":\"https:\\\/\\\/radioljubuski.ba\\\/wp-content\\\/uploads\\\/2021\\\/03\\\/indeksiraj-24.jpg\",\"width\":280,\"height\":180},{\"@type\":\"BreadcrumbList\",\"@id\":\"https:\\\/\\\/radioljubuski.ba\\\/index.php\\\/2021\\\/03\\\/29\\\/u-hrvatskoj-300-novooboljelih-18-preminulih\\\/#breadcrumb\",\"itemListElement\":[{\"@type\":\"ListItem\",\"position\":1,\"name\":\"Po\u010detna stranica\",\"item\":\"https:\\\/\\\/radioljubuski.ba\\\/\"},{\"@type\":\"ListItem\",\"position\":2,\"name\":\"U Hrvatskoj 300 novooboljelih, 18 preminulih\"}]},{\"@type\":\"WebSite\",\"@id\":\"https:\\\/\\\/radioljubuski.ba\\\/#website\",\"url\":\"https:\\\/\\\/radioljubuski.ba\\\/\",\"name\":\"Radio Ljubu\u0161ki\",\"description\":\"Sun\u010dana frekvencija Hercegovine\",\"publisher\":{\"@id\":\"https:\\\/\\\/radioljubuski.ba\\\/#organization\"},\"potentialAction\":[{\"@type\":\"SearchAction\",\"target\":{\"@type\":\"EntryPoint\",\"urlTemplate\":\"https:\\\/\\\/radioljubuski.ba\\\/?s={search_term_string}\"},\"query-input\":{\"@type\":\"PropertyValueSpecification\",\"valueRequired\":true,\"valueName\":\"search_term_string\"}}],\"inLanguage\":\"hr\"},{\"@type\":\"Organization\",\"@id\":\"https:\\\/\\\/radioljubuski.ba\\\/#organization\",\"name\":\"Radio Ljubu\u0161ki\",\"url\":\"https:\\\/\\\/radioljubuski.ba\\\/\",\"logo\":{\"@type\":\"ImageObject\",\"inLanguage\":\"hr\",\"@id\":\"https:\\\/\\\/radioljubuski.ba\\\/#\\\/schema\\\/logo\\\/image\\\/\",\"url\":\"https:\\\/\\\/radioljubuski.ba\\\/wp-content\\\/uploads\\\/2021\\\/02\\\/cropped-Radio_Ljubuski_logo1.jpg\",\"contentUrl\":\"https:\\\/\\\/radioljubuski.ba\\\/wp-content\\\/uploads\\\/2021\\\/02\\\/cropped-Radio_Ljubuski_logo1.jpg\",\"width\":512,\"height\":512,\"caption\":\"Radio Ljubu\u0161ki\"},\"image\":{\"@id\":\"https:\\\/\\\/radioljubuski.ba\\\/#\\\/schema\\\/logo\\\/image\\\/\"},\"sameAs\":[\"https:\\\/\\\/www.facebook.com\\\/Radiio-Ljubuski-1490835324566332\",\"https:\\\/\\\/x.com\\\/radioljubuski\",\"https:\\\/\\\/hr.linkedin.com\\\/company\\\/radio-ljubuski\",\"https:\\\/\\\/www.youtube.com\\\/channel\\\/UCHYaeO_n0Db3tjNGudGpXyw\"]},{\"@type\":\"Person\",\"@id\":\"https:\\\/\\\/radioljubuski.ba\\\/#\\\/schema\\\/person\\\/19fc700381a780f69665d7956c469e3b\",\"name\":\"Radio Ljubu\u0161ki\"}]}<\/script>\n<!-- \/ Yoast SEO plugin. -->","yoast_head_json":{"title":"U Hrvatskoj 300 novooboljelih, 18 preminulih - RADIO LJUBU\u0160KI","robots":{"index":"index","follow":"follow","max-snippet":"max-snippet:-1","max-image-preview":"max-image-preview:large","max-video-preview":"max-video-preview:-1"},"canonical":"https:\/\/radioljubuski.ba\/index.php\/2021\/03\/29\/u-hrvatskoj-300-novooboljelih-18-preminulih\/","og_locale":"hr_HR","og_type":"article","og_title":"U Hrvatskoj 300 novooboljelih, 18 preminulih - RADIO LJUBU\u0160KI","og_description":"U posljednja 24 sata zabilje\u017eeno je 300 novih slu\u010dajeva zaraze virusom SARS-CoV-2 te je broj aktivnih slu\u010dajeva u Hrvatskoj danas ukupno 9.290. Me\u0111u njima je 1.247 pacijenata na bolni\u010dkom lije\u010denju, od toga je na respiratoru 126 pacijenata.&nbsp;Preminulo je 18 osoba. Od 25. velja\u010de 2020., kada je zabilje\u017een prvi slu\u010daj zaraze u Hrvatskoj, do danas ukupno [&hellip;]","og_url":"https:\/\/radioljubuski.ba\/index.php\/2021\/03\/29\/u-hrvatskoj-300-novooboljelih-18-preminulih\/","og_site_name":"RADIO LJUBU\u0160KI","article_publisher":"https:\/\/www.facebook.com\/Radiio-Ljubuski-1490835324566332","article_published_time":"2021-03-29T13:16:56+00:00","article_modified_time":"2021-03-29T13:16:57+00:00","og_image":[{"width":280,"height":180,"url":"https:\/\/radioljubuski.ba\/wp-content\/uploads\/2021\/03\/indeksiraj-24.jpg","type":"image\/jpeg"}],"author":"Radio Ljubu\u0161ki","twitter_card":"summary_large_image","twitter_creator":"@radioljubuski","twitter_site":"@radioljubuski","twitter_misc":{"Napisao\/la":"Radio Ljubu\u0161ki","Procijenjeno vrijeme \u010ditanja":"5 minuta"},"schema":{"@context":"https:\/\/schema.org","@graph":[{"@type":"Article","@id":"https:\/\/radioljubuski.ba\/index.php\/2021\/03\/29\/u-hrvatskoj-300-novooboljelih-18-preminulih\/#article","isPartOf":{"@id":"https:\/\/radioljubuski.ba\/index.php\/2021\/03\/29\/u-hrvatskoj-300-novooboljelih-18-preminulih\/"},"author":{"name":"Radio Ljubu\u0161ki","@id":"https:\/\/radioljubuski.ba\/#\/schema\/person\/19fc700381a780f69665d7956c469e3b"},"headline":"U Hrvatskoj 300 novooboljelih, 18 preminulih","datePublished":"2021-03-29T13:16:56+00:00","dateModified":"2021-03-29T13:16:57+00:00","mainEntityOfPage":{"@id":"https:\/\/radioljubuski.ba\/index.php\/2021\/03\/29\/u-hrvatskoj-300-novooboljelih-18-preminulih\/"},"wordCount":1001,"publisher":{"@id":"https:\/\/radioljubuski.ba\/#organization"},"image":{"@id":"https:\/\/radioljubuski.ba\/index.php\/2021\/03\/29\/u-hrvatskoj-300-novooboljelih-18-preminulih\/#primaryimage"},"thumbnailUrl":"https:\/\/radioljubuski.ba\/wp-content\/uploads\/2021\/03\/indeksiraj-24.jpg","articleSection":["BIH i regija"],"inLanguage":"hr"},{"@type":"WebPage","@id":"https:\/\/radioljubuski.ba\/index.php\/2021\/03\/29\/u-hrvatskoj-300-novooboljelih-18-preminulih\/","url":"https:\/\/radioljubuski.ba\/index.php\/2021\/03\/29\/u-hrvatskoj-300-novooboljelih-18-preminulih\/","name":"U Hrvatskoj 300 novooboljelih, 18 preminulih - RADIO LJUBU\u0160KI","isPartOf":{"@id":"https:\/\/radioljubuski.ba\/#website"},"primaryImageOfPage":{"@id":"https:\/\/radioljubuski.ba\/index.php\/2021\/03\/29\/u-hrvatskoj-300-novooboljelih-18-preminulih\/#primaryimage"},"image":{"@id":"https:\/\/radioljubuski.ba\/index.php\/2021\/03\/29\/u-hrvatskoj-300-novooboljelih-18-preminulih\/#primaryimage"},"thumbnailUrl":"https:\/\/radioljubuski.ba\/wp-content\/uploads\/2021\/03\/indeksiraj-24.jpg","datePublished":"2021-03-29T13:16:56+00:00","dateModified":"2021-03-29T13:16:57+00:00","breadcrumb":{"@id":"https:\/\/radioljubuski.ba\/index.php\/2021\/03\/29\/u-hrvatskoj-300-novooboljelih-18-preminulih\/#breadcrumb"},"inLanguage":"hr","potentialAction":[{"@type":"ReadAction","target":["https:\/\/radioljubuski.ba\/index.php\/2021\/03\/29\/u-hrvatskoj-300-novooboljelih-18-preminulih\/"]}]},{"@type":"ImageObject","inLanguage":"hr","@id":"https:\/\/radioljubuski.ba\/index.php\/2021\/03\/29\/u-hrvatskoj-300-novooboljelih-18-preminulih\/#primaryimage","url":"https:\/\/radioljubuski.ba\/wp-content\/uploads\/2021\/03\/indeksiraj-24.jpg","contentUrl":"https:\/\/radioljubuski.ba\/wp-content\/uploads\/2021\/03\/indeksiraj-24.jpg","width":280,"height":180},{"@type":"BreadcrumbList","@id":"https:\/\/radioljubuski.ba\/index.php\/2021\/03\/29\/u-hrvatskoj-300-novooboljelih-18-preminulih\/#breadcrumb","itemListElement":[{"@type":"ListItem","position":1,"name":"Po\u010detna stranica","item":"https:\/\/radioljubuski.ba\/"},{"@type":"ListItem","position":2,"name":"U Hrvatskoj 300 novooboljelih, 18 preminulih"}]},{"@type":"WebSite","@id":"https:\/\/radioljubuski.ba\/#website","url":"https:\/\/radioljubuski.ba\/","name":"Radio Ljubu\u0161ki","description":"Sun\u010dana frekvencija Hercegovine","publisher":{"@id":"https:\/\/radioljubuski.ba\/#organization"},"potentialAction":[{"@type":"SearchAction","target":{"@type":"EntryPoint","urlTemplate":"https:\/\/radioljubuski.ba\/?s={search_term_string}"},"query-input":{"@type":"PropertyValueSpecification","valueRequired":true,"valueName":"search_term_string"}}],"inLanguage":"hr"},{"@type":"Organization","@id":"https:\/\/radioljubuski.ba\/#organization","name":"Radio Ljubu\u0161ki","url":"https:\/\/radioljubuski.ba\/","logo":{"@type":"ImageObject","inLanguage":"hr","@id":"https:\/\/radioljubuski.ba\/#\/schema\/logo\/image\/","url":"https:\/\/radioljubuski.ba\/wp-content\/uploads\/2021\/02\/cropped-Radio_Ljubuski_logo1.jpg","contentUrl":"https:\/\/radioljubuski.ba\/wp-content\/uploads\/2021\/02\/cropped-Radio_Ljubuski_logo1.jpg","width":512,"height":512,"caption":"Radio Ljubu\u0161ki"},"image":{"@id":"https:\/\/radioljubuski.ba\/#\/schema\/logo\/image\/"},"sameAs":["https:\/\/www.facebook.com\/Radiio-Ljubuski-1490835324566332","https:\/\/x.com\/radioljubuski","https:\/\/hr.linkedin.com\/company\/radio-ljubuski","https:\/\/www.youtube.com\/channel\/UCHYaeO_n0Db3tjNGudGpXyw"]},{"@type":"Person","@id":"https:\/\/radioljubuski.ba\/#\/schema\/person\/19fc700381a780f69665d7956c469e3b","name":"Radio Ljubu\u0161ki"}]}},"_links":{"self":[{"href":"https:\/\/radioljubuski.ba\/index.php\/wp-json\/wp\/v2\/posts\/7795","targetHints":{"allow":["GET"]}}],"collection":[{"href":"https:\/\/radioljubuski.ba\/index.php\/wp-json\/wp\/v2\/posts"}],"about":[{"href":"https:\/\/radioljubuski.ba\/index.php\/wp-json\/wp\/v2\/types\/post"}],"author":[{"embeddable":true,"href":"https:\/\/radioljubuski.ba\/index.php\/wp-json\/wp\/v2\/users\/2"}],"replies":[{"embeddable":true,"href":"https:\/\/radioljubuski.ba\/index.php\/wp-json\/wp\/v2\/comments?post=7795"}],"version-history":[{"count":1,"href":"https:\/\/radioljubuski.ba\/index.php\/wp-json\/wp\/v2\/posts\/7795\/revisions"}],"predecessor-version":[{"id":7797,"href":"https:\/\/radioljubuski.ba\/index.php\/wp-json\/wp\/v2\/posts\/7795\/revisions\/7797"}],"wp:featuredmedia":[{"embeddable":true,"href":"https:\/\/radioljubuski.ba\/index.php\/wp-json\/wp\/v2\/media\/7796"}],"wp:attachment":[{"href":"https:\/\/radioljubuski.ba\/index.php\/wp-json\/wp\/v2\/media?parent=7795"}],"wp:term":[{"taxonomy":"category","embeddable":true,"href":"https:\/\/radioljubuski.ba\/index.php\/wp-json\/wp\/v2\/categories?post=7795"},{"taxonomy":"post_tag","embeddable":true,"href":"https:\/\/radioljubuski.ba\/index.php\/wp-json\/wp\/v2\/tags?post=7795"}],"curies":[{"name":"wp","href":"https:\/\/api.w.org\/{rel}","templated":true}]}}