{"id":7798,"date":"2021-03-29T14:19:51","date_gmt":"2021-03-29T13:19:51","guid":{"rendered":"https:\/\/radioljubuski.ba\/?p=7798"},"modified":"2021-03-30T10:41:56","modified_gmt":"2021-03-30T09:41:56","slug":"od-cetvrtka-na-snagu-stupaju-nove-mjere","status":"publish","type":"post","link":"https:\/\/radioljubuski.ba\/index.php\/2021\/03\/29\/od-cetvrtka-na-snagu-stupaju-nove-mjere\/","title":{"rendered":"Od \u010detvrtka na snagu stupaju nove mjere"},"content":{"rendered":"\n<p>U posljednja 24 sata zabilje\u017eeno je 300 novih slu\u010dajeva zaraze virusom SARS-CoV-2 te je broj aktivnih slu\u010dajeva u Hrvatskoj danas ukupno 9.290. Me\u0111u njima je 1.247 pacijenata na bolni\u010dkom lije\u010denju, od toga je na respiratoru 126 pacijenata. Preminulo je 18 osoba.<\/p>\n\n\n\n<iframe loading=\"lazy\" src=\"https:\/\/www.facebook.com\/plugins\/video.php?height=314&#038;href=https%3A%2F%2Fwww.facebook.com%2FHRTvijesti%2Fvideos%2F489580695396419%2F&#038;show_text=false&#038;width=560\" width=\"560\" height=\"314\" style=\"border:none;overflow:hidden\" scrolling=\"no\" frameborder=\"0\" allowfullscreen=\"true\" allow=\"autoplay; clipboard-write; encrypted-media; picture-in-picture; web-share\" allowFullScreen=\"true\"><\/iframe>\n\n\n\n<p><strong>Poo\u0161travanje mjera<\/strong><br><br>Ministar unutarnjih poslova te na\u010delnik Nacionalnog sto\u017eera civilne za\u0161tite <strong>Davor Bo\u017einovi\u0107<\/strong>&nbsp;rekao je da ne mo\u017eemo biti zadovoljni sa situacijom jer brojevi rastu.<br><br>&#8211; Ovaj tjedan, u \u010detvrtak bi trebale stupiti na snagu nove mjere. Mi \u0107emo sigurno razmotriti sve mjere na Nacionalnoj razini i donijeti odluku koja \u0107e vrijediti do sredine travnja. S obzirom na situaciju stalno \u0107emo pratiti razvoj epidemije i ako se poka\u017ee potreba, mjere koje se donesu 1. travnja, mo\u0107i \u0107e se mijenjati i prije isteka roka. Sve \u0107e ovisiti kako \u0107e se razvijati situacija s koronavirusom.&nbsp;<br><br>&#8211; \u0160to se ti\u010de aktivnosti lokalnih sto\u017eera, imamo \u0161aroliku situaciju. S jedne strane imamo sto\u017eere koji su vrlo aktivni i posve\u0107eni u potpunosti ostvarenju cilja, a s druge strane ne vidimo da je taj entuzijazam prisutan kod svih sto\u017eera. O tome \u0107emo morati voditi ra\u010duna. Ne bismo s mjerama htjeli i\u0107i predaleko u odnosu na sto\u017eere koji su se potrudili sa svojim prijedlozima. Mo\u017eda \u0107e oni prije ostalih do\u0107i u situaciju da im se brojevi pobolj\u0161avaju pa ne bi bilo oportuno njih ka\u017enjavati, dodao je.<\/p>\n\n\n\n<p><strong>Procesija na Hvaru<\/strong><br><br>Kad je rije\u010d o precesiji na Hvaru, Bo\u017einovi\u0107 je rekao da nema posebnog zahtjeva. Pro\u0161le godine je bilo specifi\u010dno jer je bio lockdown u cijeloj Hrvatskoj, ali u ovom trenutku Nacionalnom sto\u017eer nije do\u0161ao nikakav upit.<\/p>\n\n\n\n<p><strong>Kulturne manifestacije u Primorsko-goranskoj \u017eupaniji<\/strong><br><br>Mi podr\u017eavamo aktivnost lokalnih sto\u017eera. Naravno da sve odluke nastojimo izbalansirati.<br><br>&#8211; U ovom trenutku kulturne manifestacije&nbsp; su dopu\u0161tene u cijeloj RH. \u0160to se ti\u010de Primorsko-goranske \u017eupanije i grada Rijeke. U travnju se finaliziraju manifestacije koje su vezane za Europsku prijestolnicu kulture. Planiran je niz doga\u0111aja, ali pod striktnim epidemiolo\u0161kim mjerama, rekao je Bo\u017einovi\u0107.<\/p>\n\n\n\n<p><strong>Porast od 47 posto<\/strong><br><br>Ravnatelj Zavoda za javno zdravstvo <strong>Krunoslav Capak <\/strong>rekao je da posljednjih tjedan dana imamo porast od 47 posto.<br><br>Prosje\u010dna incidencija u Hrvatskoj je 399,9. Najni\u017eu ima Viroviti\u010dko-podravska, a najvi\u0161u Primorsko-goranska.<br><br>U usporedbi sa zemljama EU-a, RH je na 9. mjestu. Ni\u017eu incidenciju imaju Gr\u010dka, Litva, Finska, Danska, \u0160panjolska, Njema\u010dka, Irska i Portugal, a najlo\u0161ije stoji Estonija.<br><br>Istaknuo je da je HALMED zaprimio 2075 prijava nuspojava: 825 na AstraZenecu, na 1108 Pfizerovo, 140 na Modernu.<\/p>\n\n\n\n<p><strong>Bero\u0161: Situacija nije dobra, rasplet ovisi o nama<\/strong><br><br>Ministar zdravstva <strong>Vili Bero\u0161<\/strong> rekao je da situacija nije dobra i da moramo preuzeti aktivnu ulogu u ovom procesu. Scenarij za ovaj tre\u0107i val pi\u0161emo sami.<br><br>&#8211; Kada \u0107e do\u0107i do raspleta ovisi o na\u0161im obrascima pona\u0161anja, rekao je.&nbsp;<\/p>\n\n\n\n<p><strong>Bero\u0161 o priop\u0107enju HKL-a<\/strong>Iz Hrvatske lije\u010dni\u010dke komore smatraju neprimjerenim na\u010din na koji je ministar Bero\u0161 komentirao javno djelovanje i anga\u017eman predsjednice KoHOM-a, <strong>Nata\u0161e Ban Toski\u0107<\/strong>.<br><br>&#8211; Sve \u0161to je bilo sporno rekao sam zadnji put i nemam namjeru ponavljati. Proces cijepljenja plan i program zahtijevaju konstruktivnu raspravu mimo medijatora i rasprave u medijima. Dogovor ku\u0107u radi. \u010cudi me kad neki koji javno nastupaju, a odbili su mogu\u0107nost participirati u kolegijima, koji raspravljaju kako unaprijediti proces cijepljenja, a sudjeluju u medijskim raspravama. Mislim da je to kontraproduktivno, rekao je te pozvao sve klju\u010dne dionike da rasprave sve sporne elemente koji se evidentiraju tijekom ovog, kako je rekao, najva\u017enijeg procesa.<\/p>\n\n\n\n<p><strong>Platforma cijepise.zdravlje.hr<\/strong>Ravnateljica uprave za e-zdravstvo pro\u010ditala je priop\u0107enje u kojem stoji da se prijavilo 86.000 osoba i da je rije\u010d o automatskoj poruci. Gra\u0111ani koji su se u me\u0111uvremenu cijepili dobili su poruku da su njihovi podaci evidentirani te da mogu o\u010dekivati poruku o drugom cijepljenju.<br><br>&#8211; U prvoj fazi cijepljenje se provodilo po ciljanim skupinama. U drugoj smo fazi cijepljena kada se cijepe prioritetne skupine \u0161to procjenjuju njihovi lije\u010dnici obiteljske medicine.&nbsp;<\/p>\n\n\n\n<p><strong>Vodi se ra\u010duna o ravnomjernoj raspodjeli cjepiva<\/strong><br><br>Upitan o kritikama iz pojedinih \u017eupanija da \u0107e se vi\u0161e doza cjepiva davati u tzv. turisti\u010dke \u017eupanije, Capak je ustvrdio da se vodi ra\u010duna o ravnomjernoj raspodjeli.<br><br>Prosjek distribuiranih doza cjepiva na 1000 stanovnika iznosi 133,6 doza, sve \u017eupanije imaju prosjek od 120 do 142 doze, a najvi\u0161e doza &#8211; 174,7 na 1000 stanovnika dobila je Sisa\u010dko-moslava\u010dka \u017eupanija.<\/p>\n\n\n\n<p><strong>Cijepljenje gra\u0111ana u Srbiji<\/strong><br><br>Mnogi hrvatski gra\u0111ani cijepili su se u Srbiji. Na pitanje ho\u0107e li im se to priznati u Hrvatskoj, ho\u0107e li biti evidentirani i ho\u0107e li mo\u0107i primiti u Hrvatskoj drugu dozu, Capak je rekao kako \u0107e se unutar zemalja EU-a priznavati potvrde bazirane na EU legislativi, a sve ostalo je upitno dok se ne donese kona\u010dni tekst prijedloga i dok se ne osiguraju svi tehni\u010dki uvjeti.<br><br>&#8211; Mi \u0107emo cijepiti sve na\u0161e gra\u0111ane. Oni koji su se cijepili izvan, a pogotovo u tre\u0107im zemljama, trebali bi imati potvrdu o tome i kojim su se cjepivom cijepili, a ho\u0107e li se mo\u0107i cijepiti u Hrvatskoj, ovisi o tome spadaju li u skupinu koja se trenutno cijepi, rekao je.&nbsp;<\/p>\n\n\n\n<p><strong>Samotestovi<\/strong><br><br>Austrija uvodi ku\u0107ne testove. Na pitanje ho\u0107e li takvi testovi biti mogu\u0107i kod nas Capak je rekao kako postoje samotestovi koji se rade jednostavno iz sline ili iz brisa iz usta ili nosa.<br><br>Dodao je kako su dosad imali nekoliko testova na validaciji, ali da niti jedna validacija nije zavr\u0161ena do kraja.<br><br>&#8211; Rado bi da imamo takve testove ako poka\u017eu osjetljivost ili specifi\u010dnost koji mi zahtijevamo, rekao je.<\/p>\n\n\n\n<p><strong>Ju\u017enoafri\u010dki soj<\/strong>Capak je rekao kako su dosad zabilje\u017eili 15 slu\u010dajeva ju\u017enoafri\u010dkog soja, ali da dominira britanski soj, s vi\u0161e od 80 posto.<br><strong><br>Alemka Markoti\u0107,<\/strong> ravnateljica Klinike za infektivne bolesti &#8220;Dr. Fran Mihaljevi\u0107&#8221; dodala je kako najve\u0107i postotak imaju Luksemburg i Belgija, a da je prosjek oko 5 posto takvih slu\u010daja dokazanih u Europi.<br><br>&#8211; Ono \u0161to ne veseli je da se po\u010deo \u0161iriti u op\u0107oj populaciji, a za neke nema dovoljno podataka odakle su se pro\u0161irili, rekla je.<\/p>\n\n\n\n<p><strong>Savjet gra\u0111anima koji se cijepe u Srbiji<\/strong>Capak je rekao da ne bi savjetovao ljudima da se cijepe ruskim i kineskim cjepivima, koja nisu registrirana na podru\u010dju EU-a. Istaknuo je da registracija cjepiva pri Europskoj agenciji za lijekove pru\u017ea odre\u0111enu sigurnost u u\u010dinkovitost i ne\u0161tetnost tih cjepiva, koje propagira EU.<br><br>&#8211; Savjetovao bih svima da \u010dekaju svoj red. U travnju \u0107emo dobiti oko 500.000 doza, a samo u ovom tjednu nam dolazi 121.000 doza. Ubrzat \u0107emo cijepljenje druge skupine i nadamo se uskoro krenuti cijepiti tre\u0107u skupinu i gospodarske prioritete. Mislim da \u0107emo uspjeti posti\u0107i cilj, a to je da do ljeta procijepimo vi\u0161e od 50 posto stanovnika RH, rekao je.<\/p>\n\n\n\n<p>Izvor:hrt.hr<\/p>\n","protected":false},"excerpt":{"rendered":"<p>U posljednja 24 sata zabilje\u017eeno je 300 novih slu\u010dajeva zaraze virusom SARS-CoV-2 te je broj aktivnih slu\u010dajeva u Hrvatskoj danas ukupno 9.290. Me\u0111u njima je 1.247 pacijenata na bolni\u010dkom lije\u010denju, od toga je na respiratoru 126 pacijenata. Preminulo je 18 osoba. Poo\u0161travanje mjera Ministar unutarnjih poslova te na\u010delnik Nacionalnog sto\u017eera civilne za\u0161tite Davor Bo\u017einovi\u0107&nbsp;rekao je [&hellip;]<\/p>\n","protected":false},"author":2,"featured_media":7799,"comment_status":"closed","ping_status":"closed","sticky":false,"template":"","format":"standard","meta":{"h5ap_radio_sources":[],"footnotes":""},"categories":[1],"tags":[],"class_list":["post-7798","post","type-post","status-publish","format-standard","has-post-thumbnail","hentry","category-bihiregija"],"yoast_head":"<!-- This site is optimized with the Yoast SEO plugin v27.4 - https:\/\/yoast.com\/product\/yoast-seo-wordpress\/ -->\n<title>Od \u010detvrtka na snagu stupaju nove mjere - RADIO LJUBU\u0160KI<\/title>\n<meta name=\"robots\" content=\"index, follow, max-snippet:-1, max-image-preview:large, max-video-preview:-1\" \/>\n<link rel=\"canonical\" href=\"https:\/\/radioljubuski.ba\/index.php\/2021\/03\/29\/od-cetvrtka-na-snagu-stupaju-nove-mjere\/\" \/>\n<meta property=\"og:locale\" content=\"hr_HR\" \/>\n<meta property=\"og:type\" content=\"article\" \/>\n<meta property=\"og:title\" content=\"Od \u010detvrtka na snagu stupaju nove mjere - RADIO LJUBU\u0160KI\" \/>\n<meta property=\"og:description\" content=\"U posljednja 24 sata zabilje\u017eeno je 300 novih slu\u010dajeva zaraze virusom SARS-CoV-2 te je broj aktivnih slu\u010dajeva u Hrvatskoj danas ukupno 9.290. Me\u0111u njima je 1.247 pacijenata na bolni\u010dkom lije\u010denju, od toga je na respiratoru 126 pacijenata. Preminulo je 18 osoba. Poo\u0161travanje mjera Ministar unutarnjih poslova te na\u010delnik Nacionalnog sto\u017eera civilne za\u0161tite Davor Bo\u017einovi\u0107&nbsp;rekao je [&hellip;]\" \/>\n<meta property=\"og:url\" content=\"https:\/\/radioljubuski.ba\/index.php\/2021\/03\/29\/od-cetvrtka-na-snagu-stupaju-nove-mjere\/\" \/>\n<meta property=\"og:site_name\" content=\"RADIO LJUBU\u0160KI\" \/>\n<meta property=\"article:publisher\" content=\"https:\/\/www.facebook.com\/Radiio-Ljubuski-1490835324566332\" \/>\n<meta property=\"article:published_time\" content=\"2021-03-29T13:19:51+00:00\" \/>\n<meta property=\"article:modified_time\" content=\"2021-03-30T09:41:56+00:00\" \/>\n<meta property=\"og:image\" content=\"https:\/\/radioljubuski.ba\/wp-content\/uploads\/2021\/03\/1-24.png\" \/>\n\t<meta property=\"og:image:width\" content=\"646\" \/>\n\t<meta property=\"og:image:height\" content=\"361\" \/>\n\t<meta property=\"og:image:type\" content=\"image\/png\" \/>\n<meta name=\"author\" content=\"Radio Ljubu\u0161ki\" \/>\n<meta name=\"twitter:card\" content=\"summary_large_image\" \/>\n<meta name=\"twitter:creator\" content=\"@radioljubuski\" \/>\n<meta name=\"twitter:site\" content=\"@radioljubuski\" \/>\n<meta name=\"twitter:label1\" content=\"Napisao\/la\" \/>\n\t<meta name=\"twitter:data1\" content=\"Radio Ljubu\u0161ki\" \/>\n\t<meta name=\"twitter:label2\" content=\"Procijenjeno vrijeme \u010ditanja\" \/>\n\t<meta name=\"twitter:data2\" content=\"5 minuta\" \/>\n<script type=\"application\/ld+json\" class=\"yoast-schema-graph\">{\"@context\":\"https:\\\/\\\/schema.org\",\"@graph\":[{\"@type\":\"Article\",\"@id\":\"https:\\\/\\\/radioljubuski.ba\\\/index.php\\\/2021\\\/03\\\/29\\\/od-cetvrtka-na-snagu-stupaju-nove-mjere\\\/#article\",\"isPartOf\":{\"@id\":\"https:\\\/\\\/radioljubuski.ba\\\/index.php\\\/2021\\\/03\\\/29\\\/od-cetvrtka-na-snagu-stupaju-nove-mjere\\\/\"},\"author\":{\"name\":\"Radio Ljubu\u0161ki\",\"@id\":\"https:\\\/\\\/radioljubuski.ba\\\/#\\\/schema\\\/person\\\/19fc700381a780f69665d7956c469e3b\"},\"headline\":\"Od \u010detvrtka na snagu stupaju nove mjere\",\"datePublished\":\"2021-03-29T13:19:51+00:00\",\"dateModified\":\"2021-03-30T09:41:56+00:00\",\"mainEntityOfPage\":{\"@id\":\"https:\\\/\\\/radioljubuski.ba\\\/index.php\\\/2021\\\/03\\\/29\\\/od-cetvrtka-na-snagu-stupaju-nove-mjere\\\/\"},\"wordCount\":1170,\"publisher\":{\"@id\":\"https:\\\/\\\/radioljubuski.ba\\\/#organization\"},\"image\":{\"@id\":\"https:\\\/\\\/radioljubuski.ba\\\/index.php\\\/2021\\\/03\\\/29\\\/od-cetvrtka-na-snagu-stupaju-nove-mjere\\\/#primaryimage\"},\"thumbnailUrl\":\"https:\\\/\\\/radioljubuski.ba\\\/wp-content\\\/uploads\\\/2021\\\/03\\\/1-24.png\",\"articleSection\":[\"BIH i regija\"],\"inLanguage\":\"hr\"},{\"@type\":\"WebPage\",\"@id\":\"https:\\\/\\\/radioljubuski.ba\\\/index.php\\\/2021\\\/03\\\/29\\\/od-cetvrtka-na-snagu-stupaju-nove-mjere\\\/\",\"url\":\"https:\\\/\\\/radioljubuski.ba\\\/index.php\\\/2021\\\/03\\\/29\\\/od-cetvrtka-na-snagu-stupaju-nove-mjere\\\/\",\"name\":\"Od \u010detvrtka na snagu stupaju nove mjere - RADIO LJUBU\u0160KI\",\"isPartOf\":{\"@id\":\"https:\\\/\\\/radioljubuski.ba\\\/#website\"},\"primaryImageOfPage\":{\"@id\":\"https:\\\/\\\/radioljubuski.ba\\\/index.php\\\/2021\\\/03\\\/29\\\/od-cetvrtka-na-snagu-stupaju-nove-mjere\\\/#primaryimage\"},\"image\":{\"@id\":\"https:\\\/\\\/radioljubuski.ba\\\/index.php\\\/2021\\\/03\\\/29\\\/od-cetvrtka-na-snagu-stupaju-nove-mjere\\\/#primaryimage\"},\"thumbnailUrl\":\"https:\\\/\\\/radioljubuski.ba\\\/wp-content\\\/uploads\\\/2021\\\/03\\\/1-24.png\",\"datePublished\":\"2021-03-29T13:19:51+00:00\",\"dateModified\":\"2021-03-30T09:41:56+00:00\",\"breadcrumb\":{\"@id\":\"https:\\\/\\\/radioljubuski.ba\\\/index.php\\\/2021\\\/03\\\/29\\\/od-cetvrtka-na-snagu-stupaju-nove-mjere\\\/#breadcrumb\"},\"inLanguage\":\"hr\",\"potentialAction\":[{\"@type\":\"ReadAction\",\"target\":[\"https:\\\/\\\/radioljubuski.ba\\\/index.php\\\/2021\\\/03\\\/29\\\/od-cetvrtka-na-snagu-stupaju-nove-mjere\\\/\"]}]},{\"@type\":\"ImageObject\",\"inLanguage\":\"hr\",\"@id\":\"https:\\\/\\\/radioljubuski.ba\\\/index.php\\\/2021\\\/03\\\/29\\\/od-cetvrtka-na-snagu-stupaju-nove-mjere\\\/#primaryimage\",\"url\":\"https:\\\/\\\/radioljubuski.ba\\\/wp-content\\\/uploads\\\/2021\\\/03\\\/1-24.png\",\"contentUrl\":\"https:\\\/\\\/radioljubuski.ba\\\/wp-content\\\/uploads\\\/2021\\\/03\\\/1-24.png\",\"width\":646,\"height\":361},{\"@type\":\"BreadcrumbList\",\"@id\":\"https:\\\/\\\/radioljubuski.ba\\\/index.php\\\/2021\\\/03\\\/29\\\/od-cetvrtka-na-snagu-stupaju-nove-mjere\\\/#breadcrumb\",\"itemListElement\":[{\"@type\":\"ListItem\",\"position\":1,\"name\":\"Po\u010detna stranica\",\"item\":\"https:\\\/\\\/radioljubuski.ba\\\/\"},{\"@type\":\"ListItem\",\"position\":2,\"name\":\"Od \u010detvrtka na snagu stupaju nove mjere\"}]},{\"@type\":\"WebSite\",\"@id\":\"https:\\\/\\\/radioljubuski.ba\\\/#website\",\"url\":\"https:\\\/\\\/radioljubuski.ba\\\/\",\"name\":\"Radio Ljubu\u0161ki\",\"description\":\"Sun\u010dana frekvencija Hercegovine\",\"publisher\":{\"@id\":\"https:\\\/\\\/radioljubuski.ba\\\/#organization\"},\"potentialAction\":[{\"@type\":\"SearchAction\",\"target\":{\"@type\":\"EntryPoint\",\"urlTemplate\":\"https:\\\/\\\/radioljubuski.ba\\\/?s={search_term_string}\"},\"query-input\":{\"@type\":\"PropertyValueSpecification\",\"valueRequired\":true,\"valueName\":\"search_term_string\"}}],\"inLanguage\":\"hr\"},{\"@type\":\"Organization\",\"@id\":\"https:\\\/\\\/radioljubuski.ba\\\/#organization\",\"name\":\"Radio Ljubu\u0161ki\",\"url\":\"https:\\\/\\\/radioljubuski.ba\\\/\",\"logo\":{\"@type\":\"ImageObject\",\"inLanguage\":\"hr\",\"@id\":\"https:\\\/\\\/radioljubuski.ba\\\/#\\\/schema\\\/logo\\\/image\\\/\",\"url\":\"https:\\\/\\\/radioljubuski.ba\\\/wp-content\\\/uploads\\\/2021\\\/02\\\/cropped-Radio_Ljubuski_logo1.jpg\",\"contentUrl\":\"https:\\\/\\\/radioljubuski.ba\\\/wp-content\\\/uploads\\\/2021\\\/02\\\/cropped-Radio_Ljubuski_logo1.jpg\",\"width\":512,\"height\":512,\"caption\":\"Radio Ljubu\u0161ki\"},\"image\":{\"@id\":\"https:\\\/\\\/radioljubuski.ba\\\/#\\\/schema\\\/logo\\\/image\\\/\"},\"sameAs\":[\"https:\\\/\\\/www.facebook.com\\\/Radiio-Ljubuski-1490835324566332\",\"https:\\\/\\\/x.com\\\/radioljubuski\",\"https:\\\/\\\/hr.linkedin.com\\\/company\\\/radio-ljubuski\",\"https:\\\/\\\/www.youtube.com\\\/channel\\\/UCHYaeO_n0Db3tjNGudGpXyw\"]},{\"@type\":\"Person\",\"@id\":\"https:\\\/\\\/radioljubuski.ba\\\/#\\\/schema\\\/person\\\/19fc700381a780f69665d7956c469e3b\",\"name\":\"Radio Ljubu\u0161ki\"}]}<\/script>\n<!-- \/ Yoast SEO plugin. -->","yoast_head_json":{"title":"Od \u010detvrtka na snagu stupaju nove mjere - RADIO LJUBU\u0160KI","robots":{"index":"index","follow":"follow","max-snippet":"max-snippet:-1","max-image-preview":"max-image-preview:large","max-video-preview":"max-video-preview:-1"},"canonical":"https:\/\/radioljubuski.ba\/index.php\/2021\/03\/29\/od-cetvrtka-na-snagu-stupaju-nove-mjere\/","og_locale":"hr_HR","og_type":"article","og_title":"Od \u010detvrtka na snagu stupaju nove mjere - RADIO LJUBU\u0160KI","og_description":"U posljednja 24 sata zabilje\u017eeno je 300 novih slu\u010dajeva zaraze virusom SARS-CoV-2 te je broj aktivnih slu\u010dajeva u Hrvatskoj danas ukupno 9.290. Me\u0111u njima je 1.247 pacijenata na bolni\u010dkom lije\u010denju, od toga je na respiratoru 126 pacijenata. Preminulo je 18 osoba. Poo\u0161travanje mjera Ministar unutarnjih poslova te na\u010delnik Nacionalnog sto\u017eera civilne za\u0161tite Davor Bo\u017einovi\u0107&nbsp;rekao je [&hellip;]","og_url":"https:\/\/radioljubuski.ba\/index.php\/2021\/03\/29\/od-cetvrtka-na-snagu-stupaju-nove-mjere\/","og_site_name":"RADIO LJUBU\u0160KI","article_publisher":"https:\/\/www.facebook.com\/Radiio-Ljubuski-1490835324566332","article_published_time":"2021-03-29T13:19:51+00:00","article_modified_time":"2021-03-30T09:41:56+00:00","og_image":[{"width":646,"height":361,"url":"https:\/\/radioljubuski.ba\/wp-content\/uploads\/2021\/03\/1-24.png","type":"image\/png"}],"author":"Radio Ljubu\u0161ki","twitter_card":"summary_large_image","twitter_creator":"@radioljubuski","twitter_site":"@radioljubuski","twitter_misc":{"Napisao\/la":"Radio Ljubu\u0161ki","Procijenjeno vrijeme \u010ditanja":"5 minuta"},"schema":{"@context":"https:\/\/schema.org","@graph":[{"@type":"Article","@id":"https:\/\/radioljubuski.ba\/index.php\/2021\/03\/29\/od-cetvrtka-na-snagu-stupaju-nove-mjere\/#article","isPartOf":{"@id":"https:\/\/radioljubuski.ba\/index.php\/2021\/03\/29\/od-cetvrtka-na-snagu-stupaju-nove-mjere\/"},"author":{"name":"Radio Ljubu\u0161ki","@id":"https:\/\/radioljubuski.ba\/#\/schema\/person\/19fc700381a780f69665d7956c469e3b"},"headline":"Od \u010detvrtka na snagu stupaju nove mjere","datePublished":"2021-03-29T13:19:51+00:00","dateModified":"2021-03-30T09:41:56+00:00","mainEntityOfPage":{"@id":"https:\/\/radioljubuski.ba\/index.php\/2021\/03\/29\/od-cetvrtka-na-snagu-stupaju-nove-mjere\/"},"wordCount":1170,"publisher":{"@id":"https:\/\/radioljubuski.ba\/#organization"},"image":{"@id":"https:\/\/radioljubuski.ba\/index.php\/2021\/03\/29\/od-cetvrtka-na-snagu-stupaju-nove-mjere\/#primaryimage"},"thumbnailUrl":"https:\/\/radioljubuski.ba\/wp-content\/uploads\/2021\/03\/1-24.png","articleSection":["BIH i regija"],"inLanguage":"hr"},{"@type":"WebPage","@id":"https:\/\/radioljubuski.ba\/index.php\/2021\/03\/29\/od-cetvrtka-na-snagu-stupaju-nove-mjere\/","url":"https:\/\/radioljubuski.ba\/index.php\/2021\/03\/29\/od-cetvrtka-na-snagu-stupaju-nove-mjere\/","name":"Od \u010detvrtka na snagu stupaju nove mjere - RADIO LJUBU\u0160KI","isPartOf":{"@id":"https:\/\/radioljubuski.ba\/#website"},"primaryImageOfPage":{"@id":"https:\/\/radioljubuski.ba\/index.php\/2021\/03\/29\/od-cetvrtka-na-snagu-stupaju-nove-mjere\/#primaryimage"},"image":{"@id":"https:\/\/radioljubuski.ba\/index.php\/2021\/03\/29\/od-cetvrtka-na-snagu-stupaju-nove-mjere\/#primaryimage"},"thumbnailUrl":"https:\/\/radioljubuski.ba\/wp-content\/uploads\/2021\/03\/1-24.png","datePublished":"2021-03-29T13:19:51+00:00","dateModified":"2021-03-30T09:41:56+00:00","breadcrumb":{"@id":"https:\/\/radioljubuski.ba\/index.php\/2021\/03\/29\/od-cetvrtka-na-snagu-stupaju-nove-mjere\/#breadcrumb"},"inLanguage":"hr","potentialAction":[{"@type":"ReadAction","target":["https:\/\/radioljubuski.ba\/index.php\/2021\/03\/29\/od-cetvrtka-na-snagu-stupaju-nove-mjere\/"]}]},{"@type":"ImageObject","inLanguage":"hr","@id":"https:\/\/radioljubuski.ba\/index.php\/2021\/03\/29\/od-cetvrtka-na-snagu-stupaju-nove-mjere\/#primaryimage","url":"https:\/\/radioljubuski.ba\/wp-content\/uploads\/2021\/03\/1-24.png","contentUrl":"https:\/\/radioljubuski.ba\/wp-content\/uploads\/2021\/03\/1-24.png","width":646,"height":361},{"@type":"BreadcrumbList","@id":"https:\/\/radioljubuski.ba\/index.php\/2021\/03\/29\/od-cetvrtka-na-snagu-stupaju-nove-mjere\/#breadcrumb","itemListElement":[{"@type":"ListItem","position":1,"name":"Po\u010detna stranica","item":"https:\/\/radioljubuski.ba\/"},{"@type":"ListItem","position":2,"name":"Od \u010detvrtka na snagu stupaju nove mjere"}]},{"@type":"WebSite","@id":"https:\/\/radioljubuski.ba\/#website","url":"https:\/\/radioljubuski.ba\/","name":"Radio Ljubu\u0161ki","description":"Sun\u010dana frekvencija Hercegovine","publisher":{"@id":"https:\/\/radioljubuski.ba\/#organization"},"potentialAction":[{"@type":"SearchAction","target":{"@type":"EntryPoint","urlTemplate":"https:\/\/radioljubuski.ba\/?s={search_term_string}"},"query-input":{"@type":"PropertyValueSpecification","valueRequired":true,"valueName":"search_term_string"}}],"inLanguage":"hr"},{"@type":"Organization","@id":"https:\/\/radioljubuski.ba\/#organization","name":"Radio Ljubu\u0161ki","url":"https:\/\/radioljubuski.ba\/","logo":{"@type":"ImageObject","inLanguage":"hr","@id":"https:\/\/radioljubuski.ba\/#\/schema\/logo\/image\/","url":"https:\/\/radioljubuski.ba\/wp-content\/uploads\/2021\/02\/cropped-Radio_Ljubuski_logo1.jpg","contentUrl":"https:\/\/radioljubuski.ba\/wp-content\/uploads\/2021\/02\/cropped-Radio_Ljubuski_logo1.jpg","width":512,"height":512,"caption":"Radio Ljubu\u0161ki"},"image":{"@id":"https:\/\/radioljubuski.ba\/#\/schema\/logo\/image\/"},"sameAs":["https:\/\/www.facebook.com\/Radiio-Ljubuski-1490835324566332","https:\/\/x.com\/radioljubuski","https:\/\/hr.linkedin.com\/company\/radio-ljubuski","https:\/\/www.youtube.com\/channel\/UCHYaeO_n0Db3tjNGudGpXyw"]},{"@type":"Person","@id":"https:\/\/radioljubuski.ba\/#\/schema\/person\/19fc700381a780f69665d7956c469e3b","name":"Radio Ljubu\u0161ki"}]}},"_links":{"self":[{"href":"https:\/\/radioljubuski.ba\/index.php\/wp-json\/wp\/v2\/posts\/7798","targetHints":{"allow":["GET"]}}],"collection":[{"href":"https:\/\/radioljubuski.ba\/index.php\/wp-json\/wp\/v2\/posts"}],"about":[{"href":"https:\/\/radioljubuski.ba\/index.php\/wp-json\/wp\/v2\/types\/post"}],"author":[{"embeddable":true,"href":"https:\/\/radioljubuski.ba\/index.php\/wp-json\/wp\/v2\/users\/2"}],"replies":[{"embeddable":true,"href":"https:\/\/radioljubuski.ba\/index.php\/wp-json\/wp\/v2\/comments?post=7798"}],"version-history":[{"count":1,"href":"https:\/\/radioljubuski.ba\/index.php\/wp-json\/wp\/v2\/posts\/7798\/revisions"}],"predecessor-version":[{"id":7800,"href":"https:\/\/radioljubuski.ba\/index.php\/wp-json\/wp\/v2\/posts\/7798\/revisions\/7800"}],"wp:featuredmedia":[{"embeddable":true,"href":"https:\/\/radioljubuski.ba\/index.php\/wp-json\/wp\/v2\/media\/7799"}],"wp:attachment":[{"href":"https:\/\/radioljubuski.ba\/index.php\/wp-json\/wp\/v2\/media?parent=7798"}],"wp:term":[{"taxonomy":"category","embeddable":true,"href":"https:\/\/radioljubuski.ba\/index.php\/wp-json\/wp\/v2\/categories?post=7798"},{"taxonomy":"post_tag","embeddable":true,"href":"https:\/\/radioljubuski.ba\/index.php\/wp-json\/wp\/v2\/tags?post=7798"}],"curies":[{"name":"wp","href":"https:\/\/api.w.org\/{rel}","templated":true}]}}