{"id":7852,"date":"2021-03-29T18:23:13","date_gmt":"2021-03-29T17:23:13","guid":{"rendered":"https:\/\/radioljubuski.ba\/?p=7852"},"modified":"2021-03-30T10:03:22","modified_gmt":"2021-03-30T09:03:22","slug":"javni-poziv-za-obuke-iz-novinarstva","status":"publish","type":"post","link":"https:\/\/radioljubuski.ba\/index.php\/2021\/03\/29\/javni-poziv-za-obuke-iz-novinarstva\/","title":{"rendered":"Javni poziv za obuke iz novinarstva"},"content":{"rendered":"\n<p>U okviru projekta \u201eOsna\u017eivanje \u017eena u medijima\u201c, koji je dio aktivnosti \u201eLiderke u akciji\u201c, financiranog od strane Vlade \u0160vedske, upu\u0107uje se Javni poziv studenticama novinarstva i srodnih studija i mladim \u017eenama zainteresiranima za novinarstvo s podru\u010dja lokalnih jedinica Ljubu\u0161ki, Mostar i \u010capljina da se prijave na dvomjese\u010dnu obuku iz novinarstva.<\/p>\n\n\n\n<p>Obuka \u0107e se sastojati od radionica i prakti\u010dnog rada u medijima u razdoblju travanj-svibanj 2021.<\/p>\n\n\n\n<p>Projekt ima za cilj pru\u017eiti priliku mladim \u017eenama zainteresiranima za novinarstvo i studenticama iz Bosne i Hercegovine da razvijaju svoje vje\u0161tine kroz rad u medijima.<\/p>\n\n\n\n<p>Glavni cilj ovog projekta je omogu\u0107iti mladim novinarkama da postanu kompetentnije, da se nau\u010de na rad u profesionalnom okru\u017eenju, da pobolj\u0161avaju skupove vje\u0161tina, profesionalno znanje, kompetenciju i ukupnu u\u010dinkovitost u svijetu profesionalnih medija.<\/p>\n\n\n\n<p>Prijave za sudjelovanje u projektu poslati do 31. o\u017eujka 2021. godine na e-mail <a href=\"mailto:udruga.hrid@gmail.com\">udruga.hrid@gmail.com<\/a>.<\/p>\n\n\n\n<p>U prijavi je potrebno navesti;<\/p>\n\n\n\n<ul class=\"wp-block-list\"><li>ime i prezime<\/li><li>status (studentica, nezaposlena)<\/li><li>to\u010dno nazna\u010den odsjek\/smjer i godina studija (za nezaposlene osobe navesti naziv zavr\u0161enog fakulteta i naziv ste\u010denog zvanja) (npr. studentica 2. godine novinarstva ili mag. novinarstva)<\/li><li>prosjek ocjena (u dosada\u0161njem tijeku studija ili za osobe koje su zavr\u0161ile studij prosjek ocjena po zavr\u0161etku \u0161kolovanja)<\/li><\/ul>\n\n\n\n<p>&nbsp;\u201e\u017dene na izborima u Bosni i Hercegovini\u201c je projekat Vlade \u0160vedske u vrijednosti od 3 milijuna KM, a sprovodi ga Razvojni program Ujedinjenih nacija (UNDP). Cilj projekta je ja\u010danje \u017eenskog rukovodstva i pove\u0107anje demokratskog i direktnog u\u010de\u0161\u0107a \u017eena u politi\u010dkom \u017eivotu u BiH.<\/p>\n\n\n\n<p><\/p>\n","protected":false},"excerpt":{"rendered":"<p>U okviru projekta \u201eOsna\u017eivanje \u017eena u medijima\u201c, koji je dio aktivnosti \u201eLiderke u akciji\u201c, financiranog od strane Vlade \u0160vedske, upu\u0107uje se Javni poziv studenticama novinarstva i srodnih studija i mladim \u017eenama zainteresiranima za novinarstvo s podru\u010dja lokalnih jedinica Ljubu\u0161ki, Mostar i \u010capljina da se prijave na dvomjese\u010dnu obuku iz novinarstva. Obuka \u0107e se sastojati od [&hellip;]<\/p>\n","protected":false},"author":2,"featured_media":7853,"comment_status":"closed","ping_status":"closed","sticky":false,"template":"","format":"standard","meta":{"h5ap_radio_sources":[],"footnotes":""},"categories":[1],"tags":[],"class_list":["post-7852","post","type-post","status-publish","format-standard","has-post-thumbnail","hentry","category-bihiregija"],"yoast_head":"<!-- This site is optimized with the Yoast SEO plugin v27.4 - https:\/\/yoast.com\/product\/yoast-seo-wordpress\/ -->\n<title>Javni poziv za obuke iz novinarstva - RADIO LJUBU\u0160KI<\/title>\n<meta name=\"robots\" content=\"index, follow, max-snippet:-1, max-image-preview:large, max-video-preview:-1\" \/>\n<link rel=\"canonical\" href=\"https:\/\/radioljubuski.ba\/index.php\/2021\/03\/29\/javni-poziv-za-obuke-iz-novinarstva\/\" \/>\n<meta property=\"og:locale\" content=\"hr_HR\" \/>\n<meta property=\"og:type\" content=\"article\" \/>\n<meta property=\"og:title\" content=\"Javni poziv za obuke iz novinarstva - RADIO LJUBU\u0160KI\" \/>\n<meta property=\"og:description\" content=\"U okviru projekta \u201eOsna\u017eivanje \u017eena u medijima\u201c, koji je dio aktivnosti \u201eLiderke u akciji\u201c, financiranog od strane Vlade \u0160vedske, upu\u0107uje se Javni poziv studenticama novinarstva i srodnih studija i mladim \u017eenama zainteresiranima za novinarstvo s podru\u010dja lokalnih jedinica Ljubu\u0161ki, Mostar i \u010capljina da se prijave na dvomjese\u010dnu obuku iz novinarstva. Obuka \u0107e se sastojati od [&hellip;]\" \/>\n<meta property=\"og:url\" content=\"https:\/\/radioljubuski.ba\/index.php\/2021\/03\/29\/javni-poziv-za-obuke-iz-novinarstva\/\" \/>\n<meta property=\"og:site_name\" content=\"RADIO LJUBU\u0160KI\" \/>\n<meta property=\"article:publisher\" content=\"https:\/\/www.facebook.com\/Radiio-Ljubuski-1490835324566332\" \/>\n<meta property=\"article:published_time\" content=\"2021-03-29T17:23:13+00:00\" \/>\n<meta property=\"article:modified_time\" content=\"2021-03-30T09:03:22+00:00\" \/>\n<meta property=\"og:image\" content=\"https:\/\/radioljubuski.ba\/wp-content\/uploads\/2021\/03\/poziv-1-scaled.jpg\" \/>\n\t<meta property=\"og:image:width\" content=\"2560\" \/>\n\t<meta property=\"og:image:height\" content=\"1214\" \/>\n\t<meta property=\"og:image:type\" content=\"image\/jpeg\" \/>\n<meta name=\"author\" content=\"Radio Ljubu\u0161ki\" \/>\n<meta name=\"twitter:card\" content=\"summary_large_image\" \/>\n<meta name=\"twitter:creator\" content=\"@radioljubuski\" \/>\n<meta name=\"twitter:site\" content=\"@radioljubuski\" \/>\n<meta name=\"twitter:label1\" content=\"Napisao\/la\" \/>\n\t<meta name=\"twitter:data1\" content=\"Radio Ljubu\u0161ki\" \/>\n\t<meta name=\"twitter:label2\" content=\"Procijenjeno vrijeme \u010ditanja\" \/>\n\t<meta name=\"twitter:data2\" content=\"2 minute\" \/>\n<script type=\"application\/ld+json\" class=\"yoast-schema-graph\">{\"@context\":\"https:\\\/\\\/schema.org\",\"@graph\":[{\"@type\":\"Article\",\"@id\":\"https:\\\/\\\/radioljubuski.ba\\\/index.php\\\/2021\\\/03\\\/29\\\/javni-poziv-za-obuke-iz-novinarstva\\\/#article\",\"isPartOf\":{\"@id\":\"https:\\\/\\\/radioljubuski.ba\\\/index.php\\\/2021\\\/03\\\/29\\\/javni-poziv-za-obuke-iz-novinarstva\\\/\"},\"author\":{\"name\":\"Radio Ljubu\u0161ki\",\"@id\":\"https:\\\/\\\/radioljubuski.ba\\\/#\\\/schema\\\/person\\\/19fc700381a780f69665d7956c469e3b\"},\"headline\":\"Javni poziv za obuke iz novinarstva\",\"datePublished\":\"2021-03-29T17:23:13+00:00\",\"dateModified\":\"2021-03-30T09:03:22+00:00\",\"mainEntityOfPage\":{\"@id\":\"https:\\\/\\\/radioljubuski.ba\\\/index.php\\\/2021\\\/03\\\/29\\\/javni-poziv-za-obuke-iz-novinarstva\\\/\"},\"wordCount\":267,\"publisher\":{\"@id\":\"https:\\\/\\\/radioljubuski.ba\\\/#organization\"},\"image\":{\"@id\":\"https:\\\/\\\/radioljubuski.ba\\\/index.php\\\/2021\\\/03\\\/29\\\/javni-poziv-za-obuke-iz-novinarstva\\\/#primaryimage\"},\"thumbnailUrl\":\"https:\\\/\\\/radioljubuski.ba\\\/wp-content\\\/uploads\\\/2021\\\/03\\\/poziv-1-scaled.jpg\",\"articleSection\":[\"BIH i regija\"],\"inLanguage\":\"hr\"},{\"@type\":\"WebPage\",\"@id\":\"https:\\\/\\\/radioljubuski.ba\\\/index.php\\\/2021\\\/03\\\/29\\\/javni-poziv-za-obuke-iz-novinarstva\\\/\",\"url\":\"https:\\\/\\\/radioljubuski.ba\\\/index.php\\\/2021\\\/03\\\/29\\\/javni-poziv-za-obuke-iz-novinarstva\\\/\",\"name\":\"Javni poziv za obuke iz novinarstva - RADIO LJUBU\u0160KI\",\"isPartOf\":{\"@id\":\"https:\\\/\\\/radioljubuski.ba\\\/#website\"},\"primaryImageOfPage\":{\"@id\":\"https:\\\/\\\/radioljubuski.ba\\\/index.php\\\/2021\\\/03\\\/29\\\/javni-poziv-za-obuke-iz-novinarstva\\\/#primaryimage\"},\"image\":{\"@id\":\"https:\\\/\\\/radioljubuski.ba\\\/index.php\\\/2021\\\/03\\\/29\\\/javni-poziv-za-obuke-iz-novinarstva\\\/#primaryimage\"},\"thumbnailUrl\":\"https:\\\/\\\/radioljubuski.ba\\\/wp-content\\\/uploads\\\/2021\\\/03\\\/poziv-1-scaled.jpg\",\"datePublished\":\"2021-03-29T17:23:13+00:00\",\"dateModified\":\"2021-03-30T09:03:22+00:00\",\"breadcrumb\":{\"@id\":\"https:\\\/\\\/radioljubuski.ba\\\/index.php\\\/2021\\\/03\\\/29\\\/javni-poziv-za-obuke-iz-novinarstva\\\/#breadcrumb\"},\"inLanguage\":\"hr\",\"potentialAction\":[{\"@type\":\"ReadAction\",\"target\":[\"https:\\\/\\\/radioljubuski.ba\\\/index.php\\\/2021\\\/03\\\/29\\\/javni-poziv-za-obuke-iz-novinarstva\\\/\"]}]},{\"@type\":\"ImageObject\",\"inLanguage\":\"hr\",\"@id\":\"https:\\\/\\\/radioljubuski.ba\\\/index.php\\\/2021\\\/03\\\/29\\\/javni-poziv-za-obuke-iz-novinarstva\\\/#primaryimage\",\"url\":\"https:\\\/\\\/radioljubuski.ba\\\/wp-content\\\/uploads\\\/2021\\\/03\\\/poziv-1-scaled.jpg\",\"contentUrl\":\"https:\\\/\\\/radioljubuski.ba\\\/wp-content\\\/uploads\\\/2021\\\/03\\\/poziv-1-scaled.jpg\",\"width\":2560,\"height\":1214},{\"@type\":\"BreadcrumbList\",\"@id\":\"https:\\\/\\\/radioljubuski.ba\\\/index.php\\\/2021\\\/03\\\/29\\\/javni-poziv-za-obuke-iz-novinarstva\\\/#breadcrumb\",\"itemListElement\":[{\"@type\":\"ListItem\",\"position\":1,\"name\":\"Po\u010detna stranica\",\"item\":\"https:\\\/\\\/radioljubuski.ba\\\/\"},{\"@type\":\"ListItem\",\"position\":2,\"name\":\"Javni poziv za obuke iz novinarstva\"}]},{\"@type\":\"WebSite\",\"@id\":\"https:\\\/\\\/radioljubuski.ba\\\/#website\",\"url\":\"https:\\\/\\\/radioljubuski.ba\\\/\",\"name\":\"Radio Ljubu\u0161ki\",\"description\":\"Sun\u010dana frekvencija Hercegovine\",\"publisher\":{\"@id\":\"https:\\\/\\\/radioljubuski.ba\\\/#organization\"},\"potentialAction\":[{\"@type\":\"SearchAction\",\"target\":{\"@type\":\"EntryPoint\",\"urlTemplate\":\"https:\\\/\\\/radioljubuski.ba\\\/?s={search_term_string}\"},\"query-input\":{\"@type\":\"PropertyValueSpecification\",\"valueRequired\":true,\"valueName\":\"search_term_string\"}}],\"inLanguage\":\"hr\"},{\"@type\":\"Organization\",\"@id\":\"https:\\\/\\\/radioljubuski.ba\\\/#organization\",\"name\":\"Radio Ljubu\u0161ki\",\"url\":\"https:\\\/\\\/radioljubuski.ba\\\/\",\"logo\":{\"@type\":\"ImageObject\",\"inLanguage\":\"hr\",\"@id\":\"https:\\\/\\\/radioljubuski.ba\\\/#\\\/schema\\\/logo\\\/image\\\/\",\"url\":\"https:\\\/\\\/radioljubuski.ba\\\/wp-content\\\/uploads\\\/2021\\\/02\\\/cropped-Radio_Ljubuski_logo1.jpg\",\"contentUrl\":\"https:\\\/\\\/radioljubuski.ba\\\/wp-content\\\/uploads\\\/2021\\\/02\\\/cropped-Radio_Ljubuski_logo1.jpg\",\"width\":512,\"height\":512,\"caption\":\"Radio Ljubu\u0161ki\"},\"image\":{\"@id\":\"https:\\\/\\\/radioljubuski.ba\\\/#\\\/schema\\\/logo\\\/image\\\/\"},\"sameAs\":[\"https:\\\/\\\/www.facebook.com\\\/Radiio-Ljubuski-1490835324566332\",\"https:\\\/\\\/x.com\\\/radioljubuski\",\"https:\\\/\\\/hr.linkedin.com\\\/company\\\/radio-ljubuski\",\"https:\\\/\\\/www.youtube.com\\\/channel\\\/UCHYaeO_n0Db3tjNGudGpXyw\"]},{\"@type\":\"Person\",\"@id\":\"https:\\\/\\\/radioljubuski.ba\\\/#\\\/schema\\\/person\\\/19fc700381a780f69665d7956c469e3b\",\"name\":\"Radio Ljubu\u0161ki\"}]}<\/script>\n<!-- \/ Yoast SEO plugin. -->","yoast_head_json":{"title":"Javni poziv za obuke iz novinarstva - RADIO LJUBU\u0160KI","robots":{"index":"index","follow":"follow","max-snippet":"max-snippet:-1","max-image-preview":"max-image-preview:large","max-video-preview":"max-video-preview:-1"},"canonical":"https:\/\/radioljubuski.ba\/index.php\/2021\/03\/29\/javni-poziv-za-obuke-iz-novinarstva\/","og_locale":"hr_HR","og_type":"article","og_title":"Javni poziv za obuke iz novinarstva - RADIO LJUBU\u0160KI","og_description":"U okviru projekta \u201eOsna\u017eivanje \u017eena u medijima\u201c, koji je dio aktivnosti \u201eLiderke u akciji\u201c, financiranog od strane Vlade \u0160vedske, upu\u0107uje se Javni poziv studenticama novinarstva i srodnih studija i mladim \u017eenama zainteresiranima za novinarstvo s podru\u010dja lokalnih jedinica Ljubu\u0161ki, Mostar i \u010capljina da se prijave na dvomjese\u010dnu obuku iz novinarstva. Obuka \u0107e se sastojati od [&hellip;]","og_url":"https:\/\/radioljubuski.ba\/index.php\/2021\/03\/29\/javni-poziv-za-obuke-iz-novinarstva\/","og_site_name":"RADIO LJUBU\u0160KI","article_publisher":"https:\/\/www.facebook.com\/Radiio-Ljubuski-1490835324566332","article_published_time":"2021-03-29T17:23:13+00:00","article_modified_time":"2021-03-30T09:03:22+00:00","og_image":[{"width":2560,"height":1214,"url":"https:\/\/radioljubuski.ba\/wp-content\/uploads\/2021\/03\/poziv-1-scaled.jpg","type":"image\/jpeg"}],"author":"Radio Ljubu\u0161ki","twitter_card":"summary_large_image","twitter_creator":"@radioljubuski","twitter_site":"@radioljubuski","twitter_misc":{"Napisao\/la":"Radio Ljubu\u0161ki","Procijenjeno vrijeme \u010ditanja":"2 minute"},"schema":{"@context":"https:\/\/schema.org","@graph":[{"@type":"Article","@id":"https:\/\/radioljubuski.ba\/index.php\/2021\/03\/29\/javni-poziv-za-obuke-iz-novinarstva\/#article","isPartOf":{"@id":"https:\/\/radioljubuski.ba\/index.php\/2021\/03\/29\/javni-poziv-za-obuke-iz-novinarstva\/"},"author":{"name":"Radio Ljubu\u0161ki","@id":"https:\/\/radioljubuski.ba\/#\/schema\/person\/19fc700381a780f69665d7956c469e3b"},"headline":"Javni poziv za obuke iz novinarstva","datePublished":"2021-03-29T17:23:13+00:00","dateModified":"2021-03-30T09:03:22+00:00","mainEntityOfPage":{"@id":"https:\/\/radioljubuski.ba\/index.php\/2021\/03\/29\/javni-poziv-za-obuke-iz-novinarstva\/"},"wordCount":267,"publisher":{"@id":"https:\/\/radioljubuski.ba\/#organization"},"image":{"@id":"https:\/\/radioljubuski.ba\/index.php\/2021\/03\/29\/javni-poziv-za-obuke-iz-novinarstva\/#primaryimage"},"thumbnailUrl":"https:\/\/radioljubuski.ba\/wp-content\/uploads\/2021\/03\/poziv-1-scaled.jpg","articleSection":["BIH i regija"],"inLanguage":"hr"},{"@type":"WebPage","@id":"https:\/\/radioljubuski.ba\/index.php\/2021\/03\/29\/javni-poziv-za-obuke-iz-novinarstva\/","url":"https:\/\/radioljubuski.ba\/index.php\/2021\/03\/29\/javni-poziv-za-obuke-iz-novinarstva\/","name":"Javni poziv za obuke iz novinarstva - RADIO LJUBU\u0160KI","isPartOf":{"@id":"https:\/\/radioljubuski.ba\/#website"},"primaryImageOfPage":{"@id":"https:\/\/radioljubuski.ba\/index.php\/2021\/03\/29\/javni-poziv-za-obuke-iz-novinarstva\/#primaryimage"},"image":{"@id":"https:\/\/radioljubuski.ba\/index.php\/2021\/03\/29\/javni-poziv-za-obuke-iz-novinarstva\/#primaryimage"},"thumbnailUrl":"https:\/\/radioljubuski.ba\/wp-content\/uploads\/2021\/03\/poziv-1-scaled.jpg","datePublished":"2021-03-29T17:23:13+00:00","dateModified":"2021-03-30T09:03:22+00:00","breadcrumb":{"@id":"https:\/\/radioljubuski.ba\/index.php\/2021\/03\/29\/javni-poziv-za-obuke-iz-novinarstva\/#breadcrumb"},"inLanguage":"hr","potentialAction":[{"@type":"ReadAction","target":["https:\/\/radioljubuski.ba\/index.php\/2021\/03\/29\/javni-poziv-za-obuke-iz-novinarstva\/"]}]},{"@type":"ImageObject","inLanguage":"hr","@id":"https:\/\/radioljubuski.ba\/index.php\/2021\/03\/29\/javni-poziv-za-obuke-iz-novinarstva\/#primaryimage","url":"https:\/\/radioljubuski.ba\/wp-content\/uploads\/2021\/03\/poziv-1-scaled.jpg","contentUrl":"https:\/\/radioljubuski.ba\/wp-content\/uploads\/2021\/03\/poziv-1-scaled.jpg","width":2560,"height":1214},{"@type":"BreadcrumbList","@id":"https:\/\/radioljubuski.ba\/index.php\/2021\/03\/29\/javni-poziv-za-obuke-iz-novinarstva\/#breadcrumb","itemListElement":[{"@type":"ListItem","position":1,"name":"Po\u010detna stranica","item":"https:\/\/radioljubuski.ba\/"},{"@type":"ListItem","position":2,"name":"Javni poziv za obuke iz novinarstva"}]},{"@type":"WebSite","@id":"https:\/\/radioljubuski.ba\/#website","url":"https:\/\/radioljubuski.ba\/","name":"Radio Ljubu\u0161ki","description":"Sun\u010dana frekvencija Hercegovine","publisher":{"@id":"https:\/\/radioljubuski.ba\/#organization"},"potentialAction":[{"@type":"SearchAction","target":{"@type":"EntryPoint","urlTemplate":"https:\/\/radioljubuski.ba\/?s={search_term_string}"},"query-input":{"@type":"PropertyValueSpecification","valueRequired":true,"valueName":"search_term_string"}}],"inLanguage":"hr"},{"@type":"Organization","@id":"https:\/\/radioljubuski.ba\/#organization","name":"Radio Ljubu\u0161ki","url":"https:\/\/radioljubuski.ba\/","logo":{"@type":"ImageObject","inLanguage":"hr","@id":"https:\/\/radioljubuski.ba\/#\/schema\/logo\/image\/","url":"https:\/\/radioljubuski.ba\/wp-content\/uploads\/2021\/02\/cropped-Radio_Ljubuski_logo1.jpg","contentUrl":"https:\/\/radioljubuski.ba\/wp-content\/uploads\/2021\/02\/cropped-Radio_Ljubuski_logo1.jpg","width":512,"height":512,"caption":"Radio Ljubu\u0161ki"},"image":{"@id":"https:\/\/radioljubuski.ba\/#\/schema\/logo\/image\/"},"sameAs":["https:\/\/www.facebook.com\/Radiio-Ljubuski-1490835324566332","https:\/\/x.com\/radioljubuski","https:\/\/hr.linkedin.com\/company\/radio-ljubuski","https:\/\/www.youtube.com\/channel\/UCHYaeO_n0Db3tjNGudGpXyw"]},{"@type":"Person","@id":"https:\/\/radioljubuski.ba\/#\/schema\/person\/19fc700381a780f69665d7956c469e3b","name":"Radio Ljubu\u0161ki"}]}},"_links":{"self":[{"href":"https:\/\/radioljubuski.ba\/index.php\/wp-json\/wp\/v2\/posts\/7852","targetHints":{"allow":["GET"]}}],"collection":[{"href":"https:\/\/radioljubuski.ba\/index.php\/wp-json\/wp\/v2\/posts"}],"about":[{"href":"https:\/\/radioljubuski.ba\/index.php\/wp-json\/wp\/v2\/types\/post"}],"author":[{"embeddable":true,"href":"https:\/\/radioljubuski.ba\/index.php\/wp-json\/wp\/v2\/users\/2"}],"replies":[{"embeddable":true,"href":"https:\/\/radioljubuski.ba\/index.php\/wp-json\/wp\/v2\/comments?post=7852"}],"version-history":[{"count":2,"href":"https:\/\/radioljubuski.ba\/index.php\/wp-json\/wp\/v2\/posts\/7852\/revisions"}],"predecessor-version":[{"id":7906,"href":"https:\/\/radioljubuski.ba\/index.php\/wp-json\/wp\/v2\/posts\/7852\/revisions\/7906"}],"wp:featuredmedia":[{"embeddable":true,"href":"https:\/\/radioljubuski.ba\/index.php\/wp-json\/wp\/v2\/media\/7853"}],"wp:attachment":[{"href":"https:\/\/radioljubuski.ba\/index.php\/wp-json\/wp\/v2\/media?parent=7852"}],"wp:term":[{"taxonomy":"category","embeddable":true,"href":"https:\/\/radioljubuski.ba\/index.php\/wp-json\/wp\/v2\/categories?post=7852"},{"taxonomy":"post_tag","embeddable":true,"href":"https:\/\/radioljubuski.ba\/index.php\/wp-json\/wp\/v2\/tags?post=7852"}],"curies":[{"name":"wp","href":"https:\/\/api.w.org\/{rel}","templated":true}]}}