{"id":794,"date":"2021-03-02T18:28:11","date_gmt":"2021-03-02T18:28:11","guid":{"rendered":"https:\/\/radioljubuski.ba\/?p=794"},"modified":"2021-03-02T18:28:12","modified_gmt":"2021-03-02T18:28:12","slug":"vise-od-20-pozara-u-hnz-u-gorjele-trgovine-gume-dimnjaci","status":"publish","type":"post","link":"https:\/\/radioljubuski.ba\/index.php\/2021\/03\/02\/vise-od-20-pozara-u-hnz-u-gorjele-trgovine-gume-dimnjaci\/","title":{"rendered":"Vi\u0161e od 20 po\u017eara u HN\u017d-u, gorjele trgovine, gume, dimnjaci&#8230;"},"content":{"rendered":"\n<p>Samo tjedan dana sun\u010danog vremena bilo je dovoljno za seriju po\u017eara u HN\u017d-u. Samo u zadnja 24 sata zabilje\u017eeno je vi\u0161e od 20 po\u017eara, a osim trave i niskog raslinja gorjele su gume za automobile. Karliko trgovina u \u010capljini, dimnjaci na ku\u0107ama, a po\u017ear na podru\u010dju op\u0107ine Stolac je na nepristupa\u010dnom podru\u010dju.&nbsp;<br><br>Mostar<br>Od 16:00 do 16:25 sati u Zagreba\u010dkoj ulici gorio otpad.<br>Od 18:20 do 19:05 sati na Bi\u0161\u0107u polju gorile auto gume.<br><br>\u010capljina<br>Od 07.36 do 08:30 sati u Metkova\u010doj ulici gorile police u trgovini Karliko.<br>Od 08:30 do 10:40 sati nadziranje po\u017eari\u0161ta u trgovini Karliko-ul. Metkova\u010dka.<br>Od 12:55 do 14:00 sati u Metkova\u010dkoj ulici osiguravanje spaljivanja korova.<br>Od 14:25 do 14:55 sati u \u0160u\u0161kovu gorila trava i nisko raslinje.<br>Od 16:33 do 17:35 sati u Gabeli gorila trava i nisko raslinje.<br>Od 18:25 do 19:08 sati u ul.R.Bo\u0161kovi\u0107a gorio dimnjak.<br>Od 22:12 do 00:30 sati na Potkosi gorila \u0161uma i nisko raslinje.<br><br>\u010citluk<br>Od 10:50 do 12:50 sati u Vidovi\u0107ima gorila \u0161uma, trava i nisko raslinje.<br>Od 12:20 do 14:00 sati u Bijakovi\u0107ima gorila \u0161uma, trava i nisko raslinje.<br>Od 14:00 do 16:15 sati u G.Blatnici gorila \u0161um, trava i nisko raslinje.<br>Od 18:30 do 19:50 sati u Ba\u0161agi gorila smreka, trava i nisko raslinje.<br>Od 19:55 do 21:00 sati u \u010cali\u0107ima gorila smreka, trava i nisko raslinje.<br>Od 20:00 do 20:50 sati iza Hotela Kaktus gorila trava i nisko raslinje.<br><br>Stolac<br>Od 14:30 sati na Drenovcu-Duboka gori trava i nisko raslinje. Po\u017ear je jo\u0161 uvijek aktivan<br>zbog nepristupa\u010dnosti terena, ne prijeti naseljenom mjestu.<br><br>Jablanica<br>Od 11:40 do 12:35 sati u Donjoj Jablanici gorio kontejner.<br>Od 23:06 do 23:40 sati kod Srednjo\u0161kolskog centra gorio kontejner.<br><br>Rama<br>27.02.2021.god.<br>Od 07:30 do 08:30 sati u blizini tvornice tekstila gorila trava i nisko raslinje.<br>Od 15:30 do 18:40 sati u selu Donji Kranj\u010di\u0107i gorila trava i nisko raslinje.<br><br>28.02.2021.god.<br>Od 19:00 do 20:00 sati u naselju Grmi\u0107i gorila trava i nisko raslinje.<br><br>01.03.2021.god.<br>Od 13:30 do 14:05 sati u naselju Grni\u0107i gorila trava i nisko raslinje.<br>Od 14:40 do 16:00 sati u blizini tvornice Dekorativa gorila trava i nisko raslinje.<\/p>\n\n\n\n<p>Izvor:pogled.ba<\/p>\n","protected":false},"excerpt":{"rendered":"<p>Samo tjedan dana sun\u010danog vremena bilo je dovoljno za seriju po\u017eara u HN\u017d-u. Samo u zadnja 24 sata zabilje\u017eeno je vi\u0161e od 20 po\u017eara, a osim trave i niskog raslinja gorjele su gume za automobile. Karliko trgovina u \u010capljini, dimnjaci na ku\u0107ama, a po\u017ear na podru\u010dju op\u0107ine Stolac je na nepristupa\u010dnom podru\u010dju.&nbsp; MostarOd 16:00 do [&hellip;]<\/p>\n","protected":false},"author":2,"featured_media":795,"comment_status":"closed","ping_status":"closed","sticky":false,"template":"","format":"standard","meta":{"h5ap_radio_sources":[],"footnotes":""},"categories":[1],"tags":[],"class_list":["post-794","post","type-post","status-publish","format-standard","has-post-thumbnail","hentry","category-bihiregija"],"yoast_head":"<!-- This site is optimized with the Yoast SEO plugin v27.5 - https:\/\/yoast.com\/product\/yoast-seo-wordpress\/ -->\n<title>Vi\u0161e od 20 po\u017eara u HN\u017d-u, gorjele trgovine, gume, dimnjaci... - RADIO LJUBU\u0160KI<\/title>\n<meta name=\"robots\" content=\"index, follow, max-snippet:-1, max-image-preview:large, max-video-preview:-1\" \/>\n<link rel=\"canonical\" href=\"https:\/\/radioljubuski.ba\/index.php\/2021\/03\/02\/vise-od-20-pozara-u-hnz-u-gorjele-trgovine-gume-dimnjaci\/\" \/>\n<meta property=\"og:locale\" content=\"hr_HR\" \/>\n<meta property=\"og:type\" content=\"article\" \/>\n<meta property=\"og:title\" content=\"Vi\u0161e od 20 po\u017eara u HN\u017d-u, gorjele trgovine, gume, dimnjaci... - RADIO LJUBU\u0160KI\" \/>\n<meta property=\"og:description\" content=\"Samo tjedan dana sun\u010danog vremena bilo je dovoljno za seriju po\u017eara u HN\u017d-u. Samo u zadnja 24 sata zabilje\u017eeno je vi\u0161e od 20 po\u017eara, a osim trave i niskog raslinja gorjele su gume za automobile. Karliko trgovina u \u010capljini, dimnjaci na ku\u0107ama, a po\u017ear na podru\u010dju op\u0107ine Stolac je na nepristupa\u010dnom podru\u010dju.&nbsp; MostarOd 16:00 do [&hellip;]\" \/>\n<meta property=\"og:url\" content=\"https:\/\/radioljubuski.ba\/index.php\/2021\/03\/02\/vise-od-20-pozara-u-hnz-u-gorjele-trgovine-gume-dimnjaci\/\" \/>\n<meta property=\"og:site_name\" content=\"RADIO LJUBU\u0160KI\" \/>\n<meta property=\"article:publisher\" content=\"https:\/\/www.facebook.com\/Radiio-Ljubuski-1490835324566332\" \/>\n<meta property=\"article:published_time\" content=\"2021-03-02T18:28:11+00:00\" \/>\n<meta property=\"article:modified_time\" content=\"2021-03-02T18:28:12+00:00\" \/>\n<meta property=\"og:image\" content=\"https:\/\/radioljubuski.ba\/wp-content\/uploads\/2021\/03\/xi41epPB_pozar_475_316_85_s_c1.jpg\" \/>\n\t<meta property=\"og:image:width\" content=\"475\" \/>\n\t<meta property=\"og:image:height\" content=\"316\" \/>\n\t<meta property=\"og:image:type\" content=\"image\/jpeg\" \/>\n<meta name=\"author\" content=\"Radio Ljubu\u0161ki\" \/>\n<meta name=\"twitter:card\" content=\"summary_large_image\" \/>\n<meta name=\"twitter:creator\" content=\"@radioljubuski\" \/>\n<meta name=\"twitter:site\" content=\"@radioljubuski\" \/>\n<meta name=\"twitter:label1\" content=\"Napisao\/la\" \/>\n\t<meta name=\"twitter:data1\" content=\"Radio Ljubu\u0161ki\" \/>\n\t<meta name=\"twitter:label2\" content=\"Procijenjeno vrijeme \u010ditanja\" \/>\n\t<meta name=\"twitter:data2\" content=\"2 minute\" \/>\n<script type=\"application\/ld+json\" class=\"yoast-schema-graph\">{\"@context\":\"https:\\\/\\\/schema.org\",\"@graph\":[{\"@type\":\"Article\",\"@id\":\"https:\\\/\\\/radioljubuski.ba\\\/index.php\\\/2021\\\/03\\\/02\\\/vise-od-20-pozara-u-hnz-u-gorjele-trgovine-gume-dimnjaci\\\/#article\",\"isPartOf\":{\"@id\":\"https:\\\/\\\/radioljubuski.ba\\\/index.php\\\/2021\\\/03\\\/02\\\/vise-od-20-pozara-u-hnz-u-gorjele-trgovine-gume-dimnjaci\\\/\"},\"author\":{\"name\":\"Radio Ljubu\u0161ki\",\"@id\":\"https:\\\/\\\/radioljubuski.ba\\\/#\\\/schema\\\/person\\\/19fc700381a780f69665d7956c469e3b\"},\"headline\":\"Vi\u0161e od 20 po\u017eara u HN\u017d-u, gorjele trgovine, gume, dimnjaci&#8230;\",\"datePublished\":\"2021-03-02T18:28:11+00:00\",\"dateModified\":\"2021-03-02T18:28:12+00:00\",\"mainEntityOfPage\":{\"@id\":\"https:\\\/\\\/radioljubuski.ba\\\/index.php\\\/2021\\\/03\\\/02\\\/vise-od-20-pozara-u-hnz-u-gorjele-trgovine-gume-dimnjaci\\\/\"},\"wordCount\":349,\"publisher\":{\"@id\":\"https:\\\/\\\/radioljubuski.ba\\\/#organization\"},\"image\":{\"@id\":\"https:\\\/\\\/radioljubuski.ba\\\/index.php\\\/2021\\\/03\\\/02\\\/vise-od-20-pozara-u-hnz-u-gorjele-trgovine-gume-dimnjaci\\\/#primaryimage\"},\"thumbnailUrl\":\"https:\\\/\\\/radioljubuski.ba\\\/wp-content\\\/uploads\\\/2021\\\/03\\\/xi41epPB_pozar_475_316_85_s_c1.jpg\",\"articleSection\":[\"BIH i regija\"],\"inLanguage\":\"hr\"},{\"@type\":\"WebPage\",\"@id\":\"https:\\\/\\\/radioljubuski.ba\\\/index.php\\\/2021\\\/03\\\/02\\\/vise-od-20-pozara-u-hnz-u-gorjele-trgovine-gume-dimnjaci\\\/\",\"url\":\"https:\\\/\\\/radioljubuski.ba\\\/index.php\\\/2021\\\/03\\\/02\\\/vise-od-20-pozara-u-hnz-u-gorjele-trgovine-gume-dimnjaci\\\/\",\"name\":\"Vi\u0161e od 20 po\u017eara u HN\u017d-u, gorjele trgovine, gume, dimnjaci... - RADIO LJUBU\u0160KI\",\"isPartOf\":{\"@id\":\"https:\\\/\\\/radioljubuski.ba\\\/#website\"},\"primaryImageOfPage\":{\"@id\":\"https:\\\/\\\/radioljubuski.ba\\\/index.php\\\/2021\\\/03\\\/02\\\/vise-od-20-pozara-u-hnz-u-gorjele-trgovine-gume-dimnjaci\\\/#primaryimage\"},\"image\":{\"@id\":\"https:\\\/\\\/radioljubuski.ba\\\/index.php\\\/2021\\\/03\\\/02\\\/vise-od-20-pozara-u-hnz-u-gorjele-trgovine-gume-dimnjaci\\\/#primaryimage\"},\"thumbnailUrl\":\"https:\\\/\\\/radioljubuski.ba\\\/wp-content\\\/uploads\\\/2021\\\/03\\\/xi41epPB_pozar_475_316_85_s_c1.jpg\",\"datePublished\":\"2021-03-02T18:28:11+00:00\",\"dateModified\":\"2021-03-02T18:28:12+00:00\",\"breadcrumb\":{\"@id\":\"https:\\\/\\\/radioljubuski.ba\\\/index.php\\\/2021\\\/03\\\/02\\\/vise-od-20-pozara-u-hnz-u-gorjele-trgovine-gume-dimnjaci\\\/#breadcrumb\"},\"inLanguage\":\"hr\",\"potentialAction\":[{\"@type\":\"ReadAction\",\"target\":[\"https:\\\/\\\/radioljubuski.ba\\\/index.php\\\/2021\\\/03\\\/02\\\/vise-od-20-pozara-u-hnz-u-gorjele-trgovine-gume-dimnjaci\\\/\"]}]},{\"@type\":\"ImageObject\",\"inLanguage\":\"hr\",\"@id\":\"https:\\\/\\\/radioljubuski.ba\\\/index.php\\\/2021\\\/03\\\/02\\\/vise-od-20-pozara-u-hnz-u-gorjele-trgovine-gume-dimnjaci\\\/#primaryimage\",\"url\":\"https:\\\/\\\/radioljubuski.ba\\\/wp-content\\\/uploads\\\/2021\\\/03\\\/xi41epPB_pozar_475_316_85_s_c1.jpg\",\"contentUrl\":\"https:\\\/\\\/radioljubuski.ba\\\/wp-content\\\/uploads\\\/2021\\\/03\\\/xi41epPB_pozar_475_316_85_s_c1.jpg\",\"width\":475,\"height\":316},{\"@type\":\"BreadcrumbList\",\"@id\":\"https:\\\/\\\/radioljubuski.ba\\\/index.php\\\/2021\\\/03\\\/02\\\/vise-od-20-pozara-u-hnz-u-gorjele-trgovine-gume-dimnjaci\\\/#breadcrumb\",\"itemListElement\":[{\"@type\":\"ListItem\",\"position\":1,\"name\":\"Po\u010detna stranica\",\"item\":\"https:\\\/\\\/radioljubuski.ba\\\/\"},{\"@type\":\"ListItem\",\"position\":2,\"name\":\"Vi\u0161e od 20 po\u017eara u HN\u017d-u, gorjele trgovine, gume, dimnjaci&#8230;\"}]},{\"@type\":\"WebSite\",\"@id\":\"https:\\\/\\\/radioljubuski.ba\\\/#website\",\"url\":\"https:\\\/\\\/radioljubuski.ba\\\/\",\"name\":\"Radio Ljubu\u0161ki\",\"description\":\"Sun\u010dana frekvencija Hercegovine\",\"publisher\":{\"@id\":\"https:\\\/\\\/radioljubuski.ba\\\/#organization\"},\"potentialAction\":[{\"@type\":\"SearchAction\",\"target\":{\"@type\":\"EntryPoint\",\"urlTemplate\":\"https:\\\/\\\/radioljubuski.ba\\\/?s={search_term_string}\"},\"query-input\":{\"@type\":\"PropertyValueSpecification\",\"valueRequired\":true,\"valueName\":\"search_term_string\"}}],\"inLanguage\":\"hr\"},{\"@type\":\"Organization\",\"@id\":\"https:\\\/\\\/radioljubuski.ba\\\/#organization\",\"name\":\"Radio Ljubu\u0161ki\",\"url\":\"https:\\\/\\\/radioljubuski.ba\\\/\",\"logo\":{\"@type\":\"ImageObject\",\"inLanguage\":\"hr\",\"@id\":\"https:\\\/\\\/radioljubuski.ba\\\/#\\\/schema\\\/logo\\\/image\\\/\",\"url\":\"https:\\\/\\\/radioljubuski.ba\\\/wp-content\\\/uploads\\\/2021\\\/02\\\/cropped-Radio_Ljubuski_logo1.jpg\",\"contentUrl\":\"https:\\\/\\\/radioljubuski.ba\\\/wp-content\\\/uploads\\\/2021\\\/02\\\/cropped-Radio_Ljubuski_logo1.jpg\",\"width\":512,\"height\":512,\"caption\":\"Radio Ljubu\u0161ki\"},\"image\":{\"@id\":\"https:\\\/\\\/radioljubuski.ba\\\/#\\\/schema\\\/logo\\\/image\\\/\"},\"sameAs\":[\"https:\\\/\\\/www.facebook.com\\\/Radiio-Ljubuski-1490835324566332\",\"https:\\\/\\\/x.com\\\/radioljubuski\",\"https:\\\/\\\/hr.linkedin.com\\\/company\\\/radio-ljubuski\",\"https:\\\/\\\/www.youtube.com\\\/channel\\\/UCHYaeO_n0Db3tjNGudGpXyw\"]},{\"@type\":\"Person\",\"@id\":\"https:\\\/\\\/radioljubuski.ba\\\/#\\\/schema\\\/person\\\/19fc700381a780f69665d7956c469e3b\",\"name\":\"Radio Ljubu\u0161ki\"}]}<\/script>\n<!-- \/ Yoast SEO plugin. -->","yoast_head_json":{"title":"Vi\u0161e od 20 po\u017eara u HN\u017d-u, gorjele trgovine, gume, dimnjaci... - RADIO LJUBU\u0160KI","robots":{"index":"index","follow":"follow","max-snippet":"max-snippet:-1","max-image-preview":"max-image-preview:large","max-video-preview":"max-video-preview:-1"},"canonical":"https:\/\/radioljubuski.ba\/index.php\/2021\/03\/02\/vise-od-20-pozara-u-hnz-u-gorjele-trgovine-gume-dimnjaci\/","og_locale":"hr_HR","og_type":"article","og_title":"Vi\u0161e od 20 po\u017eara u HN\u017d-u, gorjele trgovine, gume, dimnjaci... - RADIO LJUBU\u0160KI","og_description":"Samo tjedan dana sun\u010danog vremena bilo je dovoljno za seriju po\u017eara u HN\u017d-u. Samo u zadnja 24 sata zabilje\u017eeno je vi\u0161e od 20 po\u017eara, a osim trave i niskog raslinja gorjele su gume za automobile. Karliko trgovina u \u010capljini, dimnjaci na ku\u0107ama, a po\u017ear na podru\u010dju op\u0107ine Stolac je na nepristupa\u010dnom podru\u010dju.&nbsp; MostarOd 16:00 do [&hellip;]","og_url":"https:\/\/radioljubuski.ba\/index.php\/2021\/03\/02\/vise-od-20-pozara-u-hnz-u-gorjele-trgovine-gume-dimnjaci\/","og_site_name":"RADIO LJUBU\u0160KI","article_publisher":"https:\/\/www.facebook.com\/Radiio-Ljubuski-1490835324566332","article_published_time":"2021-03-02T18:28:11+00:00","article_modified_time":"2021-03-02T18:28:12+00:00","og_image":[{"width":475,"height":316,"url":"https:\/\/radioljubuski.ba\/wp-content\/uploads\/2021\/03\/xi41epPB_pozar_475_316_85_s_c1.jpg","type":"image\/jpeg"}],"author":"Radio Ljubu\u0161ki","twitter_card":"summary_large_image","twitter_creator":"@radioljubuski","twitter_site":"@radioljubuski","twitter_misc":{"Napisao\/la":"Radio Ljubu\u0161ki","Procijenjeno vrijeme \u010ditanja":"2 minute"},"schema":{"@context":"https:\/\/schema.org","@graph":[{"@type":"Article","@id":"https:\/\/radioljubuski.ba\/index.php\/2021\/03\/02\/vise-od-20-pozara-u-hnz-u-gorjele-trgovine-gume-dimnjaci\/#article","isPartOf":{"@id":"https:\/\/radioljubuski.ba\/index.php\/2021\/03\/02\/vise-od-20-pozara-u-hnz-u-gorjele-trgovine-gume-dimnjaci\/"},"author":{"name":"Radio Ljubu\u0161ki","@id":"https:\/\/radioljubuski.ba\/#\/schema\/person\/19fc700381a780f69665d7956c469e3b"},"headline":"Vi\u0161e od 20 po\u017eara u HN\u017d-u, gorjele trgovine, gume, dimnjaci&#8230;","datePublished":"2021-03-02T18:28:11+00:00","dateModified":"2021-03-02T18:28:12+00:00","mainEntityOfPage":{"@id":"https:\/\/radioljubuski.ba\/index.php\/2021\/03\/02\/vise-od-20-pozara-u-hnz-u-gorjele-trgovine-gume-dimnjaci\/"},"wordCount":349,"publisher":{"@id":"https:\/\/radioljubuski.ba\/#organization"},"image":{"@id":"https:\/\/radioljubuski.ba\/index.php\/2021\/03\/02\/vise-od-20-pozara-u-hnz-u-gorjele-trgovine-gume-dimnjaci\/#primaryimage"},"thumbnailUrl":"https:\/\/radioljubuski.ba\/wp-content\/uploads\/2021\/03\/xi41epPB_pozar_475_316_85_s_c1.jpg","articleSection":["BIH i regija"],"inLanguage":"hr"},{"@type":"WebPage","@id":"https:\/\/radioljubuski.ba\/index.php\/2021\/03\/02\/vise-od-20-pozara-u-hnz-u-gorjele-trgovine-gume-dimnjaci\/","url":"https:\/\/radioljubuski.ba\/index.php\/2021\/03\/02\/vise-od-20-pozara-u-hnz-u-gorjele-trgovine-gume-dimnjaci\/","name":"Vi\u0161e od 20 po\u017eara u HN\u017d-u, gorjele trgovine, gume, dimnjaci... - RADIO LJUBU\u0160KI","isPartOf":{"@id":"https:\/\/radioljubuski.ba\/#website"},"primaryImageOfPage":{"@id":"https:\/\/radioljubuski.ba\/index.php\/2021\/03\/02\/vise-od-20-pozara-u-hnz-u-gorjele-trgovine-gume-dimnjaci\/#primaryimage"},"image":{"@id":"https:\/\/radioljubuski.ba\/index.php\/2021\/03\/02\/vise-od-20-pozara-u-hnz-u-gorjele-trgovine-gume-dimnjaci\/#primaryimage"},"thumbnailUrl":"https:\/\/radioljubuski.ba\/wp-content\/uploads\/2021\/03\/xi41epPB_pozar_475_316_85_s_c1.jpg","datePublished":"2021-03-02T18:28:11+00:00","dateModified":"2021-03-02T18:28:12+00:00","breadcrumb":{"@id":"https:\/\/radioljubuski.ba\/index.php\/2021\/03\/02\/vise-od-20-pozara-u-hnz-u-gorjele-trgovine-gume-dimnjaci\/#breadcrumb"},"inLanguage":"hr","potentialAction":[{"@type":"ReadAction","target":["https:\/\/radioljubuski.ba\/index.php\/2021\/03\/02\/vise-od-20-pozara-u-hnz-u-gorjele-trgovine-gume-dimnjaci\/"]}]},{"@type":"ImageObject","inLanguage":"hr","@id":"https:\/\/radioljubuski.ba\/index.php\/2021\/03\/02\/vise-od-20-pozara-u-hnz-u-gorjele-trgovine-gume-dimnjaci\/#primaryimage","url":"https:\/\/radioljubuski.ba\/wp-content\/uploads\/2021\/03\/xi41epPB_pozar_475_316_85_s_c1.jpg","contentUrl":"https:\/\/radioljubuski.ba\/wp-content\/uploads\/2021\/03\/xi41epPB_pozar_475_316_85_s_c1.jpg","width":475,"height":316},{"@type":"BreadcrumbList","@id":"https:\/\/radioljubuski.ba\/index.php\/2021\/03\/02\/vise-od-20-pozara-u-hnz-u-gorjele-trgovine-gume-dimnjaci\/#breadcrumb","itemListElement":[{"@type":"ListItem","position":1,"name":"Po\u010detna stranica","item":"https:\/\/radioljubuski.ba\/"},{"@type":"ListItem","position":2,"name":"Vi\u0161e od 20 po\u017eara u HN\u017d-u, gorjele trgovine, gume, dimnjaci&#8230;"}]},{"@type":"WebSite","@id":"https:\/\/radioljubuski.ba\/#website","url":"https:\/\/radioljubuski.ba\/","name":"Radio Ljubu\u0161ki","description":"Sun\u010dana frekvencija Hercegovine","publisher":{"@id":"https:\/\/radioljubuski.ba\/#organization"},"potentialAction":[{"@type":"SearchAction","target":{"@type":"EntryPoint","urlTemplate":"https:\/\/radioljubuski.ba\/?s={search_term_string}"},"query-input":{"@type":"PropertyValueSpecification","valueRequired":true,"valueName":"search_term_string"}}],"inLanguage":"hr"},{"@type":"Organization","@id":"https:\/\/radioljubuski.ba\/#organization","name":"Radio Ljubu\u0161ki","url":"https:\/\/radioljubuski.ba\/","logo":{"@type":"ImageObject","inLanguage":"hr","@id":"https:\/\/radioljubuski.ba\/#\/schema\/logo\/image\/","url":"https:\/\/radioljubuski.ba\/wp-content\/uploads\/2021\/02\/cropped-Radio_Ljubuski_logo1.jpg","contentUrl":"https:\/\/radioljubuski.ba\/wp-content\/uploads\/2021\/02\/cropped-Radio_Ljubuski_logo1.jpg","width":512,"height":512,"caption":"Radio Ljubu\u0161ki"},"image":{"@id":"https:\/\/radioljubuski.ba\/#\/schema\/logo\/image\/"},"sameAs":["https:\/\/www.facebook.com\/Radiio-Ljubuski-1490835324566332","https:\/\/x.com\/radioljubuski","https:\/\/hr.linkedin.com\/company\/radio-ljubuski","https:\/\/www.youtube.com\/channel\/UCHYaeO_n0Db3tjNGudGpXyw"]},{"@type":"Person","@id":"https:\/\/radioljubuski.ba\/#\/schema\/person\/19fc700381a780f69665d7956c469e3b","name":"Radio Ljubu\u0161ki"}]}},"_links":{"self":[{"href":"https:\/\/radioljubuski.ba\/index.php\/wp-json\/wp\/v2\/posts\/794","targetHints":{"allow":["GET"]}}],"collection":[{"href":"https:\/\/radioljubuski.ba\/index.php\/wp-json\/wp\/v2\/posts"}],"about":[{"href":"https:\/\/radioljubuski.ba\/index.php\/wp-json\/wp\/v2\/types\/post"}],"author":[{"embeddable":true,"href":"https:\/\/radioljubuski.ba\/index.php\/wp-json\/wp\/v2\/users\/2"}],"replies":[{"embeddable":true,"href":"https:\/\/radioljubuski.ba\/index.php\/wp-json\/wp\/v2\/comments?post=794"}],"version-history":[{"count":1,"href":"https:\/\/radioljubuski.ba\/index.php\/wp-json\/wp\/v2\/posts\/794\/revisions"}],"predecessor-version":[{"id":796,"href":"https:\/\/radioljubuski.ba\/index.php\/wp-json\/wp\/v2\/posts\/794\/revisions\/796"}],"wp:featuredmedia":[{"embeddable":true,"href":"https:\/\/radioljubuski.ba\/index.php\/wp-json\/wp\/v2\/media\/795"}],"wp:attachment":[{"href":"https:\/\/radioljubuski.ba\/index.php\/wp-json\/wp\/v2\/media?parent=794"}],"wp:term":[{"taxonomy":"category","embeddable":true,"href":"https:\/\/radioljubuski.ba\/index.php\/wp-json\/wp\/v2\/categories?post=794"},{"taxonomy":"post_tag","embeddable":true,"href":"https:\/\/radioljubuski.ba\/index.php\/wp-json\/wp\/v2\/tags?post=794"}],"curies":[{"name":"wp","href":"https:\/\/api.w.org\/{rel}","templated":true}]}}