{"id":7962,"date":"2021-03-30T12:14:05","date_gmt":"2021-03-30T11:14:05","guid":{"rendered":"https:\/\/radioljubuski.ba\/?p=7962"},"modified":"2021-03-30T12:14:05","modified_gmt":"2021-03-30T11:14:05","slug":"mektic-i-pavic-u-cetvrtfinalu-miamija","status":"publish","type":"post","link":"https:\/\/radioljubuski.ba\/index.php\/2021\/03\/30\/mektic-i-pavic-u-cetvrtfinalu-miamija\/","title":{"rendered":"Mekti\u0107 i Pavi\u0107 u \u010detvrtfinalu Miamija"},"content":{"rendered":"\n<p>Najuspje\u0161niji svjetski par u 2021. Zagrep\u010danin Nikola Mekti\u0107 i Spli\u0107anin Mate Pavi\u0107 plasirali su se u \u010detvrtfinale turnira Masters 1000 serije u Miamiju.<\/p>\n\n\n\n<p>Mekti\u0107 i Pavi\u0107 su u dvoboju osmine finala svladali Amerikance <strong>Taylora Fritza<\/strong> i <strong>Johna Isnera<\/strong> sa 6:4, 6:4.<br><br>Ovo je sedmi turnir za Mekti\u0107a i Pavi\u0107a u ovoj sezoni i sedmi put su do\u0161li najmanje do \u010detvrtfinala. U 25 odigranih me\u010deva ostvarili su 22 pobjede, do\u017eivjeli samo tri poraza te osvojili tri naslova (Antalya, Melbourne, Rotterdam),&nbsp; uz jedan izgubljeni finale (Dubai) od Kolumbijaca <strong>Cabala <\/strong>i <strong>Faraha<\/strong>.<br><br><strong>Ivan Dodig<\/strong> i Slovak <strong>Filip Pola\u0161ek<\/strong> pobijedili su ih u polufinalu Australian Opena, a Francuzi <strong>Jeremy Chardy<\/strong> i <strong>Fabrice Martin<\/strong> svladali su ih u \u010detvrtfinalu turnira u Dohi, \u0161to je hrvatskim Davis Cup reprezentativcima jedini izgubljeni \u010detvrtfinale u 2021.<br><br>Za plasman u polufinale Mekti\u0107 i Pavi\u0107 \u0107e morati pobijediti Srbina <strong>Miomira Kecmanovi\u0107a<\/strong> i Pakistanca <strong>Aisam-Ul-Haqa Qureshija<\/strong>, a taj je me\u010d na rasporedu u srijedu.<br><br>U utorak \u0107e se za polufinale boriti Ivan Dodig i Filip Pola\u0161ek, a suparnici su im Austrijanac <strong>Oliver Marac<\/strong>h i Australac <strong>Luke Saville<\/strong>.<\/p>\n\n\n\n<p>Izvor:hrt.hr<\/p>\n","protected":false},"excerpt":{"rendered":"<p>Najuspje\u0161niji svjetski par u 2021. Zagrep\u010danin Nikola Mekti\u0107 i Spli\u0107anin Mate Pavi\u0107 plasirali su se u \u010detvrtfinale turnira Masters 1000 serije u Miamiju. Mekti\u0107 i Pavi\u0107 su u dvoboju osmine finala svladali Amerikance Taylora Fritza i Johna Isnera sa 6:4, 6:4. Ovo je sedmi turnir za Mekti\u0107a i Pavi\u0107a u ovoj sezoni i sedmi put [&hellip;]<\/p>\n","protected":false},"author":2,"featured_media":7963,"comment_status":"closed","ping_status":"closed","sticky":false,"template":"","format":"standard","meta":{"h5ap_radio_sources":[],"footnotes":""},"categories":[1],"tags":[],"class_list":["post-7962","post","type-post","status-publish","format-standard","has-post-thumbnail","hentry","category-bihiregija"],"yoast_head":"<!-- This site is optimized with the Yoast SEO plugin v27.5 - https:\/\/yoast.com\/product\/yoast-seo-wordpress\/ -->\n<title>Mekti\u0107 i Pavi\u0107 u \u010detvrtfinalu Miamija - RADIO LJUBU\u0160KI<\/title>\n<meta name=\"robots\" content=\"index, follow, max-snippet:-1, max-image-preview:large, max-video-preview:-1\" \/>\n<link rel=\"canonical\" href=\"https:\/\/radioljubuski.ba\/index.php\/2021\/03\/30\/mektic-i-pavic-u-cetvrtfinalu-miamija\/\" \/>\n<meta property=\"og:locale\" content=\"hr_HR\" \/>\n<meta property=\"og:type\" content=\"article\" \/>\n<meta property=\"og:title\" content=\"Mekti\u0107 i Pavi\u0107 u \u010detvrtfinalu Miamija - RADIO LJUBU\u0160KI\" \/>\n<meta property=\"og:description\" content=\"Najuspje\u0161niji svjetski par u 2021. Zagrep\u010danin Nikola Mekti\u0107 i Spli\u0107anin Mate Pavi\u0107 plasirali su se u \u010detvrtfinale turnira Masters 1000 serije u Miamiju. Mekti\u0107 i Pavi\u0107 su u dvoboju osmine finala svladali Amerikance Taylora Fritza i Johna Isnera sa 6:4, 6:4. Ovo je sedmi turnir za Mekti\u0107a i Pavi\u0107a u ovoj sezoni i sedmi put [&hellip;]\" \/>\n<meta property=\"og:url\" content=\"https:\/\/radioljubuski.ba\/index.php\/2021\/03\/30\/mektic-i-pavic-u-cetvrtfinalu-miamija\/\" \/>\n<meta property=\"og:site_name\" content=\"RADIO LJUBU\u0160KI\" \/>\n<meta property=\"article:publisher\" content=\"https:\/\/www.facebook.com\/Radiio-Ljubuski-1490835324566332\" \/>\n<meta property=\"article:published_time\" content=\"2021-03-30T11:14:05+00:00\" \/>\n<meta property=\"og:image\" content=\"https:\/\/radioljubuski.ba\/wp-content\/uploads\/2021\/03\/indeksiraj-26.jpg\" \/>\n\t<meta property=\"og:image:width\" content=\"276\" \/>\n\t<meta property=\"og:image:height\" content=\"182\" \/>\n\t<meta property=\"og:image:type\" content=\"image\/jpeg\" \/>\n<meta name=\"author\" content=\"Radio Ljubu\u0161ki\" \/>\n<meta name=\"twitter:card\" content=\"summary_large_image\" \/>\n<meta name=\"twitter:creator\" content=\"@radioljubuski\" \/>\n<meta name=\"twitter:site\" content=\"@radioljubuski\" \/>\n<meta name=\"twitter:label1\" content=\"Napisao\/la\" \/>\n\t<meta name=\"twitter:data1\" content=\"Radio Ljubu\u0161ki\" \/>\n\t<meta name=\"twitter:label2\" content=\"Procijenjeno vrijeme \u010ditanja\" \/>\n\t<meta name=\"twitter:data2\" content=\"1 minuta\" \/>\n<script type=\"application\/ld+json\" class=\"yoast-schema-graph\">{\"@context\":\"https:\\\/\\\/schema.org\",\"@graph\":[{\"@type\":\"Article\",\"@id\":\"https:\\\/\\\/radioljubuski.ba\\\/index.php\\\/2021\\\/03\\\/30\\\/mektic-i-pavic-u-cetvrtfinalu-miamija\\\/#article\",\"isPartOf\":{\"@id\":\"https:\\\/\\\/radioljubuski.ba\\\/index.php\\\/2021\\\/03\\\/30\\\/mektic-i-pavic-u-cetvrtfinalu-miamija\\\/\"},\"author\":{\"name\":\"Radio Ljubu\u0161ki\",\"@id\":\"https:\\\/\\\/radioljubuski.ba\\\/#\\\/schema\\\/person\\\/19fc700381a780f69665d7956c469e3b\"},\"headline\":\"Mekti\u0107 i Pavi\u0107 u \u010detvrtfinalu Miamija\",\"datePublished\":\"2021-03-30T11:14:05+00:00\",\"mainEntityOfPage\":{\"@id\":\"https:\\\/\\\/radioljubuski.ba\\\/index.php\\\/2021\\\/03\\\/30\\\/mektic-i-pavic-u-cetvrtfinalu-miamija\\\/\"},\"wordCount\":190,\"publisher\":{\"@id\":\"https:\\\/\\\/radioljubuski.ba\\\/#organization\"},\"image\":{\"@id\":\"https:\\\/\\\/radioljubuski.ba\\\/index.php\\\/2021\\\/03\\\/30\\\/mektic-i-pavic-u-cetvrtfinalu-miamija\\\/#primaryimage\"},\"thumbnailUrl\":\"https:\\\/\\\/radioljubuski.ba\\\/wp-content\\\/uploads\\\/2021\\\/03\\\/indeksiraj-26.jpg\",\"articleSection\":[\"BIH i regija\"],\"inLanguage\":\"hr\"},{\"@type\":\"WebPage\",\"@id\":\"https:\\\/\\\/radioljubuski.ba\\\/index.php\\\/2021\\\/03\\\/30\\\/mektic-i-pavic-u-cetvrtfinalu-miamija\\\/\",\"url\":\"https:\\\/\\\/radioljubuski.ba\\\/index.php\\\/2021\\\/03\\\/30\\\/mektic-i-pavic-u-cetvrtfinalu-miamija\\\/\",\"name\":\"Mekti\u0107 i Pavi\u0107 u \u010detvrtfinalu Miamija - RADIO LJUBU\u0160KI\",\"isPartOf\":{\"@id\":\"https:\\\/\\\/radioljubuski.ba\\\/#website\"},\"primaryImageOfPage\":{\"@id\":\"https:\\\/\\\/radioljubuski.ba\\\/index.php\\\/2021\\\/03\\\/30\\\/mektic-i-pavic-u-cetvrtfinalu-miamija\\\/#primaryimage\"},\"image\":{\"@id\":\"https:\\\/\\\/radioljubuski.ba\\\/index.php\\\/2021\\\/03\\\/30\\\/mektic-i-pavic-u-cetvrtfinalu-miamija\\\/#primaryimage\"},\"thumbnailUrl\":\"https:\\\/\\\/radioljubuski.ba\\\/wp-content\\\/uploads\\\/2021\\\/03\\\/indeksiraj-26.jpg\",\"datePublished\":\"2021-03-30T11:14:05+00:00\",\"breadcrumb\":{\"@id\":\"https:\\\/\\\/radioljubuski.ba\\\/index.php\\\/2021\\\/03\\\/30\\\/mektic-i-pavic-u-cetvrtfinalu-miamija\\\/#breadcrumb\"},\"inLanguage\":\"hr\",\"potentialAction\":[{\"@type\":\"ReadAction\",\"target\":[\"https:\\\/\\\/radioljubuski.ba\\\/index.php\\\/2021\\\/03\\\/30\\\/mektic-i-pavic-u-cetvrtfinalu-miamija\\\/\"]}]},{\"@type\":\"ImageObject\",\"inLanguage\":\"hr\",\"@id\":\"https:\\\/\\\/radioljubuski.ba\\\/index.php\\\/2021\\\/03\\\/30\\\/mektic-i-pavic-u-cetvrtfinalu-miamija\\\/#primaryimage\",\"url\":\"https:\\\/\\\/radioljubuski.ba\\\/wp-content\\\/uploads\\\/2021\\\/03\\\/indeksiraj-26.jpg\",\"contentUrl\":\"https:\\\/\\\/radioljubuski.ba\\\/wp-content\\\/uploads\\\/2021\\\/03\\\/indeksiraj-26.jpg\",\"width\":276,\"height\":182},{\"@type\":\"BreadcrumbList\",\"@id\":\"https:\\\/\\\/radioljubuski.ba\\\/index.php\\\/2021\\\/03\\\/30\\\/mektic-i-pavic-u-cetvrtfinalu-miamija\\\/#breadcrumb\",\"itemListElement\":[{\"@type\":\"ListItem\",\"position\":1,\"name\":\"Po\u010detna stranica\",\"item\":\"https:\\\/\\\/radioljubuski.ba\\\/\"},{\"@type\":\"ListItem\",\"position\":2,\"name\":\"Mekti\u0107 i Pavi\u0107 u \u010detvrtfinalu Miamija\"}]},{\"@type\":\"WebSite\",\"@id\":\"https:\\\/\\\/radioljubuski.ba\\\/#website\",\"url\":\"https:\\\/\\\/radioljubuski.ba\\\/\",\"name\":\"Radio Ljubu\u0161ki\",\"description\":\"Sun\u010dana frekvencija Hercegovine\",\"publisher\":{\"@id\":\"https:\\\/\\\/radioljubuski.ba\\\/#organization\"},\"potentialAction\":[{\"@type\":\"SearchAction\",\"target\":{\"@type\":\"EntryPoint\",\"urlTemplate\":\"https:\\\/\\\/radioljubuski.ba\\\/?s={search_term_string}\"},\"query-input\":{\"@type\":\"PropertyValueSpecification\",\"valueRequired\":true,\"valueName\":\"search_term_string\"}}],\"inLanguage\":\"hr\"},{\"@type\":\"Organization\",\"@id\":\"https:\\\/\\\/radioljubuski.ba\\\/#organization\",\"name\":\"Radio Ljubu\u0161ki\",\"url\":\"https:\\\/\\\/radioljubuski.ba\\\/\",\"logo\":{\"@type\":\"ImageObject\",\"inLanguage\":\"hr\",\"@id\":\"https:\\\/\\\/radioljubuski.ba\\\/#\\\/schema\\\/logo\\\/image\\\/\",\"url\":\"https:\\\/\\\/radioljubuski.ba\\\/wp-content\\\/uploads\\\/2021\\\/02\\\/cropped-Radio_Ljubuski_logo1.jpg\",\"contentUrl\":\"https:\\\/\\\/radioljubuski.ba\\\/wp-content\\\/uploads\\\/2021\\\/02\\\/cropped-Radio_Ljubuski_logo1.jpg\",\"width\":512,\"height\":512,\"caption\":\"Radio Ljubu\u0161ki\"},\"image\":{\"@id\":\"https:\\\/\\\/radioljubuski.ba\\\/#\\\/schema\\\/logo\\\/image\\\/\"},\"sameAs\":[\"https:\\\/\\\/www.facebook.com\\\/Radiio-Ljubuski-1490835324566332\",\"https:\\\/\\\/x.com\\\/radioljubuski\",\"https:\\\/\\\/hr.linkedin.com\\\/company\\\/radio-ljubuski\",\"https:\\\/\\\/www.youtube.com\\\/channel\\\/UCHYaeO_n0Db3tjNGudGpXyw\"]},{\"@type\":\"Person\",\"@id\":\"https:\\\/\\\/radioljubuski.ba\\\/#\\\/schema\\\/person\\\/19fc700381a780f69665d7956c469e3b\",\"name\":\"Radio Ljubu\u0161ki\"}]}<\/script>\n<!-- \/ Yoast SEO plugin. -->","yoast_head_json":{"title":"Mekti\u0107 i Pavi\u0107 u \u010detvrtfinalu Miamija - RADIO LJUBU\u0160KI","robots":{"index":"index","follow":"follow","max-snippet":"max-snippet:-1","max-image-preview":"max-image-preview:large","max-video-preview":"max-video-preview:-1"},"canonical":"https:\/\/radioljubuski.ba\/index.php\/2021\/03\/30\/mektic-i-pavic-u-cetvrtfinalu-miamija\/","og_locale":"hr_HR","og_type":"article","og_title":"Mekti\u0107 i Pavi\u0107 u \u010detvrtfinalu Miamija - RADIO LJUBU\u0160KI","og_description":"Najuspje\u0161niji svjetski par u 2021. Zagrep\u010danin Nikola Mekti\u0107 i Spli\u0107anin Mate Pavi\u0107 plasirali su se u \u010detvrtfinale turnira Masters 1000 serije u Miamiju. Mekti\u0107 i Pavi\u0107 su u dvoboju osmine finala svladali Amerikance Taylora Fritza i Johna Isnera sa 6:4, 6:4. Ovo je sedmi turnir za Mekti\u0107a i Pavi\u0107a u ovoj sezoni i sedmi put [&hellip;]","og_url":"https:\/\/radioljubuski.ba\/index.php\/2021\/03\/30\/mektic-i-pavic-u-cetvrtfinalu-miamija\/","og_site_name":"RADIO LJUBU\u0160KI","article_publisher":"https:\/\/www.facebook.com\/Radiio-Ljubuski-1490835324566332","article_published_time":"2021-03-30T11:14:05+00:00","og_image":[{"width":276,"height":182,"url":"https:\/\/radioljubuski.ba\/wp-content\/uploads\/2021\/03\/indeksiraj-26.jpg","type":"image\/jpeg"}],"author":"Radio Ljubu\u0161ki","twitter_card":"summary_large_image","twitter_creator":"@radioljubuski","twitter_site":"@radioljubuski","twitter_misc":{"Napisao\/la":"Radio Ljubu\u0161ki","Procijenjeno vrijeme \u010ditanja":"1 minuta"},"schema":{"@context":"https:\/\/schema.org","@graph":[{"@type":"Article","@id":"https:\/\/radioljubuski.ba\/index.php\/2021\/03\/30\/mektic-i-pavic-u-cetvrtfinalu-miamija\/#article","isPartOf":{"@id":"https:\/\/radioljubuski.ba\/index.php\/2021\/03\/30\/mektic-i-pavic-u-cetvrtfinalu-miamija\/"},"author":{"name":"Radio Ljubu\u0161ki","@id":"https:\/\/radioljubuski.ba\/#\/schema\/person\/19fc700381a780f69665d7956c469e3b"},"headline":"Mekti\u0107 i Pavi\u0107 u \u010detvrtfinalu Miamija","datePublished":"2021-03-30T11:14:05+00:00","mainEntityOfPage":{"@id":"https:\/\/radioljubuski.ba\/index.php\/2021\/03\/30\/mektic-i-pavic-u-cetvrtfinalu-miamija\/"},"wordCount":190,"publisher":{"@id":"https:\/\/radioljubuski.ba\/#organization"},"image":{"@id":"https:\/\/radioljubuski.ba\/index.php\/2021\/03\/30\/mektic-i-pavic-u-cetvrtfinalu-miamija\/#primaryimage"},"thumbnailUrl":"https:\/\/radioljubuski.ba\/wp-content\/uploads\/2021\/03\/indeksiraj-26.jpg","articleSection":["BIH i regija"],"inLanguage":"hr"},{"@type":"WebPage","@id":"https:\/\/radioljubuski.ba\/index.php\/2021\/03\/30\/mektic-i-pavic-u-cetvrtfinalu-miamija\/","url":"https:\/\/radioljubuski.ba\/index.php\/2021\/03\/30\/mektic-i-pavic-u-cetvrtfinalu-miamija\/","name":"Mekti\u0107 i Pavi\u0107 u \u010detvrtfinalu Miamija - RADIO LJUBU\u0160KI","isPartOf":{"@id":"https:\/\/radioljubuski.ba\/#website"},"primaryImageOfPage":{"@id":"https:\/\/radioljubuski.ba\/index.php\/2021\/03\/30\/mektic-i-pavic-u-cetvrtfinalu-miamija\/#primaryimage"},"image":{"@id":"https:\/\/radioljubuski.ba\/index.php\/2021\/03\/30\/mektic-i-pavic-u-cetvrtfinalu-miamija\/#primaryimage"},"thumbnailUrl":"https:\/\/radioljubuski.ba\/wp-content\/uploads\/2021\/03\/indeksiraj-26.jpg","datePublished":"2021-03-30T11:14:05+00:00","breadcrumb":{"@id":"https:\/\/radioljubuski.ba\/index.php\/2021\/03\/30\/mektic-i-pavic-u-cetvrtfinalu-miamija\/#breadcrumb"},"inLanguage":"hr","potentialAction":[{"@type":"ReadAction","target":["https:\/\/radioljubuski.ba\/index.php\/2021\/03\/30\/mektic-i-pavic-u-cetvrtfinalu-miamija\/"]}]},{"@type":"ImageObject","inLanguage":"hr","@id":"https:\/\/radioljubuski.ba\/index.php\/2021\/03\/30\/mektic-i-pavic-u-cetvrtfinalu-miamija\/#primaryimage","url":"https:\/\/radioljubuski.ba\/wp-content\/uploads\/2021\/03\/indeksiraj-26.jpg","contentUrl":"https:\/\/radioljubuski.ba\/wp-content\/uploads\/2021\/03\/indeksiraj-26.jpg","width":276,"height":182},{"@type":"BreadcrumbList","@id":"https:\/\/radioljubuski.ba\/index.php\/2021\/03\/30\/mektic-i-pavic-u-cetvrtfinalu-miamija\/#breadcrumb","itemListElement":[{"@type":"ListItem","position":1,"name":"Po\u010detna stranica","item":"https:\/\/radioljubuski.ba\/"},{"@type":"ListItem","position":2,"name":"Mekti\u0107 i Pavi\u0107 u \u010detvrtfinalu Miamija"}]},{"@type":"WebSite","@id":"https:\/\/radioljubuski.ba\/#website","url":"https:\/\/radioljubuski.ba\/","name":"Radio Ljubu\u0161ki","description":"Sun\u010dana frekvencija Hercegovine","publisher":{"@id":"https:\/\/radioljubuski.ba\/#organization"},"potentialAction":[{"@type":"SearchAction","target":{"@type":"EntryPoint","urlTemplate":"https:\/\/radioljubuski.ba\/?s={search_term_string}"},"query-input":{"@type":"PropertyValueSpecification","valueRequired":true,"valueName":"search_term_string"}}],"inLanguage":"hr"},{"@type":"Organization","@id":"https:\/\/radioljubuski.ba\/#organization","name":"Radio Ljubu\u0161ki","url":"https:\/\/radioljubuski.ba\/","logo":{"@type":"ImageObject","inLanguage":"hr","@id":"https:\/\/radioljubuski.ba\/#\/schema\/logo\/image\/","url":"https:\/\/radioljubuski.ba\/wp-content\/uploads\/2021\/02\/cropped-Radio_Ljubuski_logo1.jpg","contentUrl":"https:\/\/radioljubuski.ba\/wp-content\/uploads\/2021\/02\/cropped-Radio_Ljubuski_logo1.jpg","width":512,"height":512,"caption":"Radio Ljubu\u0161ki"},"image":{"@id":"https:\/\/radioljubuski.ba\/#\/schema\/logo\/image\/"},"sameAs":["https:\/\/www.facebook.com\/Radiio-Ljubuski-1490835324566332","https:\/\/x.com\/radioljubuski","https:\/\/hr.linkedin.com\/company\/radio-ljubuski","https:\/\/www.youtube.com\/channel\/UCHYaeO_n0Db3tjNGudGpXyw"]},{"@type":"Person","@id":"https:\/\/radioljubuski.ba\/#\/schema\/person\/19fc700381a780f69665d7956c469e3b","name":"Radio Ljubu\u0161ki"}]}},"_links":{"self":[{"href":"https:\/\/radioljubuski.ba\/index.php\/wp-json\/wp\/v2\/posts\/7962","targetHints":{"allow":["GET"]}}],"collection":[{"href":"https:\/\/radioljubuski.ba\/index.php\/wp-json\/wp\/v2\/posts"}],"about":[{"href":"https:\/\/radioljubuski.ba\/index.php\/wp-json\/wp\/v2\/types\/post"}],"author":[{"embeddable":true,"href":"https:\/\/radioljubuski.ba\/index.php\/wp-json\/wp\/v2\/users\/2"}],"replies":[{"embeddable":true,"href":"https:\/\/radioljubuski.ba\/index.php\/wp-json\/wp\/v2\/comments?post=7962"}],"version-history":[{"count":1,"href":"https:\/\/radioljubuski.ba\/index.php\/wp-json\/wp\/v2\/posts\/7962\/revisions"}],"predecessor-version":[{"id":7964,"href":"https:\/\/radioljubuski.ba\/index.php\/wp-json\/wp\/v2\/posts\/7962\/revisions\/7964"}],"wp:featuredmedia":[{"embeddable":true,"href":"https:\/\/radioljubuski.ba\/index.php\/wp-json\/wp\/v2\/media\/7963"}],"wp:attachment":[{"href":"https:\/\/radioljubuski.ba\/index.php\/wp-json\/wp\/v2\/media?parent=7962"}],"wp:term":[{"taxonomy":"category","embeddable":true,"href":"https:\/\/radioljubuski.ba\/index.php\/wp-json\/wp\/v2\/categories?post=7962"},{"taxonomy":"post_tag","embeddable":true,"href":"https:\/\/radioljubuski.ba\/index.php\/wp-json\/wp\/v2\/tags?post=7962"}],"curies":[{"name":"wp","href":"https:\/\/api.w.org\/{rel}","templated":true}]}}