{"id":7971,"date":"2021-03-30T12:21:59","date_gmt":"2021-03-30T11:21:59","guid":{"rendered":"https:\/\/radioljubuski.ba\/?p=7971"},"modified":"2021-03-30T12:22:00","modified_gmt":"2021-03-30T11:22:00","slug":"pocelo-sudenje-za-ubojstvo-georgea-floyda","status":"publish","type":"post","link":"https:\/\/radioljubuski.ba\/index.php\/2021\/03\/30\/pocelo-sudenje-za-ubojstvo-georgea-floyda\/","title":{"rendered":"Po\u010delo su\u0111enje za ubojstvo Georgea Floyda"},"content":{"rendered":"\n<p>O\u010di Amerikanaca usmjerene su prema sudnici u Minneapolisu gdje je po\u010delo su\u0111enje biv\u0161em policajcu Dereku Chauvinu za ubojstvo Georgea Floyda. Rije\u010d je o slu\u010daju koji je potaknuo masovne prosvjede diljem zemlje, ali i svijeta &#8211; protiv policijskog nasilja i rasizma.<\/p>\n\n\n\n<p>Su\u0111enje za ubojstvo Georgea Floyda po\u010delo je pred takozvanom &#8220;tajnom porotom&#8221;. Izbor porote trajao je dosta dugo, \u0161to, tvrde promatra\u010di, dovoljno govori o osjetljivosti ovakvog sudskog procesa. Sud u Minneapolisu jedva je na\u0161ao \u010detrnaestoro ljudi za koje se smatra da \u0107e odlu\u010divati bez predrasuda. Njihov identitet javnosti ne\u0107e biti poznat kako bi bili po\u0161te\u0111eni bilo kakavog pritiska i mogu\u0107ih prijetnji.<\/p>\n\n\n\n<p>&nbsp;Zbog ubojstva Georgea Floyda, biv\u0161em policajcu Dereku Chauvinu prijeti i do \u010detrdeset godina zatvora. Njegova obrana tvrdi kako postoje dokazi koji \u0107e cijeli doga\u0111aj pokazati u znatno druk\u010dijem svjetlu.<\/p>\n\n\n\n<p><strong>Obrana tvrdi: Chauvin je samo pomagao ostalima<\/strong><\/p>\n\n\n\n<p>&#8220;Dokazi \u0107e pokazati da su se gospodin Floyd i policajci po\u010deli naguravati jo\u0161 dok su ga poku\u0161avali uvesti u policijsko vozilo. A to se sve doga\u0111alo prije nego \u0161to je policajac Chauvin kao pomo\u0107 stigao na mjesto doga\u0111anja. Po dolasku, a vidjev\u0161i da ni trojica slu\u017ebenika ne mogu savladati Floyda u naporima da ga ubace u vozilo, policajac Derek Chauvin po\u010deo je pomagati u privo\u0111enju osumji\u010denog&#8221;, izjavio je odvjetnik Dereka Chauvina, <strong>Eric Nelson<\/strong>.<\/p>\n\n\n\n<p>Osam minuta i 46 sekundi policajac Derek Chauvin kle\u010dao je na vratu Georgea Floyda. Za to vrijeme, Chauvinov kolega <strong>Alexander Kueng<\/strong> koljenima je pritiskao Floydove noge, a tre\u0107i policajac,<strong> J. Thomas Lane<\/strong> stavio je Floydu lisice na ruke. Bilo je to 25. svibnja pro\u0161le godine u Minneapolisu.George Floyd nije bio naoru\u017ean. Prema priop\u0107enju policijske uprave u Minneapolisu, ophodnji je djelovalo da je pod utjecajem opijata i da je dezorijentiran.<\/p>\n\n\n\n<p>&#8220;Ali dokazi su daleko op\u0161irniji od tih 8 minuta i 46 sekundi. U ovom \u0107ete postupku doznati da su vrlo vrijedni dokazi prikupljeni i o doga\u0111anjima prije i poslije inkriminiranih 8 minuta i 46 sekundi&#8221;, naveo je odvjetnik Nelson.<\/p>\n\n\n\n<p><strong>Tu\u017eitelj: Video dokazi sve govore<\/strong><\/p>\n\n\n\n<p>Policajci se, tvrde tu\u017eitelji, nisu pomaknuli ni kada je Floyd izgubio svijest. Chauvin i njegove kolege prestali su brutalno sputavati Floyda tek kada je stigla hitna pomo\u0107. Ne\u0161to kasnije, u lokalnoj bolnici, Floyd je progla\u0161en mrtvim.<\/p>\n\n\n\n<p>&#8220;Mislim da \u0107e za porotu video dokazi biti vrlo korisni i zna\u010dajni jer \u0107e mo\u0107i i sami vidjeti, bez nekakvog odvjetni\u010dkog poja\u0161njavanja, \u0161to se zapravo doga\u0111alo. Na video dokazima i le\u017ei optu\u017enica u ovom slu\u010daju&#8221;, rekao je tu\u017eitelj&nbsp; <strong>Jerry Blackwell<\/strong>.<\/p>\n\n\n\n<p>George Floyd nije jedini Afroamerikanac koje je stradao od ruke ameri\u010dkih policajaca, ali su se snimci na kojima se vidi kako se Floyd gu\u0161i brzo ra\u0161irili po svijetu. Njegova smrt, vi\u0161e nego bilo koja druga do tada, izazvala je vi\u0161ednevne nasilne prosvjede diljem SAD-a. Grad Minneapolis isplatio je nedavno Floydovoj obitelji 27 milijuna dolara na ime od\u0161tete. Policajcima koji su optu\u017eeni za pomo\u0107 pri ubojstvu sudit \u0107e se odvojeno krajem kolovoza.<\/p>\n\n\n\n<p>Izvor:hrt.hr<\/p>\n","protected":false},"excerpt":{"rendered":"<p>O\u010di Amerikanaca usmjerene su prema sudnici u Minneapolisu gdje je po\u010delo su\u0111enje biv\u0161em policajcu Dereku Chauvinu za ubojstvo Georgea Floyda. Rije\u010d je o slu\u010daju koji je potaknuo masovne prosvjede diljem zemlje, ali i svijeta &#8211; protiv policijskog nasilja i rasizma. Su\u0111enje za ubojstvo Georgea Floyda po\u010delo je pred takozvanom &#8220;tajnom porotom&#8221;. Izbor porote trajao je [&hellip;]<\/p>\n","protected":false},"author":2,"featured_media":7972,"comment_status":"closed","ping_status":"closed","sticky":false,"template":"","format":"standard","meta":{"h5ap_radio_sources":[],"footnotes":""},"categories":[1],"tags":[],"class_list":["post-7971","post","type-post","status-publish","format-standard","has-post-thumbnail","hentry","category-bihiregija"],"yoast_head":"<!-- This site is optimized with the Yoast SEO plugin v27.5 - https:\/\/yoast.com\/product\/yoast-seo-wordpress\/ -->\n<title>Po\u010delo su\u0111enje za ubojstvo Georgea Floyda - RADIO LJUBU\u0160KI<\/title>\n<meta name=\"robots\" content=\"index, follow, max-snippet:-1, max-image-preview:large, max-video-preview:-1\" \/>\n<link rel=\"canonical\" href=\"https:\/\/radioljubuski.ba\/index.php\/2021\/03\/30\/pocelo-sudenje-za-ubojstvo-georgea-floyda\/\" \/>\n<meta property=\"og:locale\" content=\"hr_HR\" \/>\n<meta property=\"og:type\" content=\"article\" \/>\n<meta property=\"og:title\" content=\"Po\u010delo su\u0111enje za ubojstvo Georgea Floyda - RADIO LJUBU\u0160KI\" \/>\n<meta property=\"og:description\" content=\"O\u010di Amerikanaca usmjerene su prema sudnici u Minneapolisu gdje je po\u010delo su\u0111enje biv\u0161em policajcu Dereku Chauvinu za ubojstvo Georgea Floyda. Rije\u010d je o slu\u010daju koji je potaknuo masovne prosvjede diljem zemlje, ali i svijeta &#8211; protiv policijskog nasilja i rasizma. Su\u0111enje za ubojstvo Georgea Floyda po\u010delo je pred takozvanom &#8220;tajnom porotom&#8221;. Izbor porote trajao je [&hellip;]\" \/>\n<meta property=\"og:url\" content=\"https:\/\/radioljubuski.ba\/index.php\/2021\/03\/30\/pocelo-sudenje-za-ubojstvo-georgea-floyda\/\" \/>\n<meta property=\"og:site_name\" content=\"RADIO LJUBU\u0160KI\" \/>\n<meta property=\"article:publisher\" content=\"https:\/\/www.facebook.com\/Radiio-Ljubuski-1490835324566332\" \/>\n<meta property=\"article:published_time\" content=\"2021-03-30T11:21:59+00:00\" \/>\n<meta property=\"article:modified_time\" content=\"2021-03-30T11:22:00+00:00\" \/>\n<meta property=\"og:image\" content=\"https:\/\/radioljubuski.ba\/wp-content\/uploads\/2021\/03\/2-12.png\" \/>\n\t<meta property=\"og:image:width\" content=\"647\" \/>\n\t<meta property=\"og:image:height\" content=\"363\" \/>\n\t<meta property=\"og:image:type\" content=\"image\/png\" \/>\n<meta name=\"author\" content=\"Radio Ljubu\u0161ki\" \/>\n<meta name=\"twitter:card\" content=\"summary_large_image\" \/>\n<meta name=\"twitter:creator\" content=\"@radioljubuski\" \/>\n<meta name=\"twitter:site\" content=\"@radioljubuski\" \/>\n<meta name=\"twitter:label1\" content=\"Napisao\/la\" \/>\n\t<meta name=\"twitter:data1\" content=\"Radio Ljubu\u0161ki\" \/>\n\t<meta name=\"twitter:label2\" content=\"Procijenjeno vrijeme \u010ditanja\" \/>\n\t<meta name=\"twitter:data2\" content=\"3 minute\" \/>\n<script type=\"application\/ld+json\" class=\"yoast-schema-graph\">{\"@context\":\"https:\\\/\\\/schema.org\",\"@graph\":[{\"@type\":\"Article\",\"@id\":\"https:\\\/\\\/radioljubuski.ba\\\/index.php\\\/2021\\\/03\\\/30\\\/pocelo-sudenje-za-ubojstvo-georgea-floyda\\\/#article\",\"isPartOf\":{\"@id\":\"https:\\\/\\\/radioljubuski.ba\\\/index.php\\\/2021\\\/03\\\/30\\\/pocelo-sudenje-za-ubojstvo-georgea-floyda\\\/\"},\"author\":{\"name\":\"Radio Ljubu\u0161ki\",\"@id\":\"https:\\\/\\\/radioljubuski.ba\\\/#\\\/schema\\\/person\\\/19fc700381a780f69665d7956c469e3b\"},\"headline\":\"Po\u010delo su\u0111enje za ubojstvo Georgea Floyda\",\"datePublished\":\"2021-03-30T11:21:59+00:00\",\"dateModified\":\"2021-03-30T11:22:00+00:00\",\"mainEntityOfPage\":{\"@id\":\"https:\\\/\\\/radioljubuski.ba\\\/index.php\\\/2021\\\/03\\\/30\\\/pocelo-sudenje-za-ubojstvo-georgea-floyda\\\/\"},\"wordCount\":529,\"publisher\":{\"@id\":\"https:\\\/\\\/radioljubuski.ba\\\/#organization\"},\"image\":{\"@id\":\"https:\\\/\\\/radioljubuski.ba\\\/index.php\\\/2021\\\/03\\\/30\\\/pocelo-sudenje-za-ubojstvo-georgea-floyda\\\/#primaryimage\"},\"thumbnailUrl\":\"https:\\\/\\\/radioljubuski.ba\\\/wp-content\\\/uploads\\\/2021\\\/03\\\/2-12.png\",\"articleSection\":[\"BIH i regija\"],\"inLanguage\":\"hr\"},{\"@type\":\"WebPage\",\"@id\":\"https:\\\/\\\/radioljubuski.ba\\\/index.php\\\/2021\\\/03\\\/30\\\/pocelo-sudenje-za-ubojstvo-georgea-floyda\\\/\",\"url\":\"https:\\\/\\\/radioljubuski.ba\\\/index.php\\\/2021\\\/03\\\/30\\\/pocelo-sudenje-za-ubojstvo-georgea-floyda\\\/\",\"name\":\"Po\u010delo su\u0111enje za ubojstvo Georgea Floyda - RADIO LJUBU\u0160KI\",\"isPartOf\":{\"@id\":\"https:\\\/\\\/radioljubuski.ba\\\/#website\"},\"primaryImageOfPage\":{\"@id\":\"https:\\\/\\\/radioljubuski.ba\\\/index.php\\\/2021\\\/03\\\/30\\\/pocelo-sudenje-za-ubojstvo-georgea-floyda\\\/#primaryimage\"},\"image\":{\"@id\":\"https:\\\/\\\/radioljubuski.ba\\\/index.php\\\/2021\\\/03\\\/30\\\/pocelo-sudenje-za-ubojstvo-georgea-floyda\\\/#primaryimage\"},\"thumbnailUrl\":\"https:\\\/\\\/radioljubuski.ba\\\/wp-content\\\/uploads\\\/2021\\\/03\\\/2-12.png\",\"datePublished\":\"2021-03-30T11:21:59+00:00\",\"dateModified\":\"2021-03-30T11:22:00+00:00\",\"breadcrumb\":{\"@id\":\"https:\\\/\\\/radioljubuski.ba\\\/index.php\\\/2021\\\/03\\\/30\\\/pocelo-sudenje-za-ubojstvo-georgea-floyda\\\/#breadcrumb\"},\"inLanguage\":\"hr\",\"potentialAction\":[{\"@type\":\"ReadAction\",\"target\":[\"https:\\\/\\\/radioljubuski.ba\\\/index.php\\\/2021\\\/03\\\/30\\\/pocelo-sudenje-za-ubojstvo-georgea-floyda\\\/\"]}]},{\"@type\":\"ImageObject\",\"inLanguage\":\"hr\",\"@id\":\"https:\\\/\\\/radioljubuski.ba\\\/index.php\\\/2021\\\/03\\\/30\\\/pocelo-sudenje-za-ubojstvo-georgea-floyda\\\/#primaryimage\",\"url\":\"https:\\\/\\\/radioljubuski.ba\\\/wp-content\\\/uploads\\\/2021\\\/03\\\/2-12.png\",\"contentUrl\":\"https:\\\/\\\/radioljubuski.ba\\\/wp-content\\\/uploads\\\/2021\\\/03\\\/2-12.png\",\"width\":647,\"height\":363},{\"@type\":\"BreadcrumbList\",\"@id\":\"https:\\\/\\\/radioljubuski.ba\\\/index.php\\\/2021\\\/03\\\/30\\\/pocelo-sudenje-za-ubojstvo-georgea-floyda\\\/#breadcrumb\",\"itemListElement\":[{\"@type\":\"ListItem\",\"position\":1,\"name\":\"Po\u010detna stranica\",\"item\":\"https:\\\/\\\/radioljubuski.ba\\\/\"},{\"@type\":\"ListItem\",\"position\":2,\"name\":\"Po\u010delo su\u0111enje za ubojstvo Georgea Floyda\"}]},{\"@type\":\"WebSite\",\"@id\":\"https:\\\/\\\/radioljubuski.ba\\\/#website\",\"url\":\"https:\\\/\\\/radioljubuski.ba\\\/\",\"name\":\"Radio Ljubu\u0161ki\",\"description\":\"Sun\u010dana frekvencija Hercegovine\",\"publisher\":{\"@id\":\"https:\\\/\\\/radioljubuski.ba\\\/#organization\"},\"potentialAction\":[{\"@type\":\"SearchAction\",\"target\":{\"@type\":\"EntryPoint\",\"urlTemplate\":\"https:\\\/\\\/radioljubuski.ba\\\/?s={search_term_string}\"},\"query-input\":{\"@type\":\"PropertyValueSpecification\",\"valueRequired\":true,\"valueName\":\"search_term_string\"}}],\"inLanguage\":\"hr\"},{\"@type\":\"Organization\",\"@id\":\"https:\\\/\\\/radioljubuski.ba\\\/#organization\",\"name\":\"Radio Ljubu\u0161ki\",\"url\":\"https:\\\/\\\/radioljubuski.ba\\\/\",\"logo\":{\"@type\":\"ImageObject\",\"inLanguage\":\"hr\",\"@id\":\"https:\\\/\\\/radioljubuski.ba\\\/#\\\/schema\\\/logo\\\/image\\\/\",\"url\":\"https:\\\/\\\/radioljubuski.ba\\\/wp-content\\\/uploads\\\/2021\\\/02\\\/cropped-Radio_Ljubuski_logo1.jpg\",\"contentUrl\":\"https:\\\/\\\/radioljubuski.ba\\\/wp-content\\\/uploads\\\/2021\\\/02\\\/cropped-Radio_Ljubuski_logo1.jpg\",\"width\":512,\"height\":512,\"caption\":\"Radio Ljubu\u0161ki\"},\"image\":{\"@id\":\"https:\\\/\\\/radioljubuski.ba\\\/#\\\/schema\\\/logo\\\/image\\\/\"},\"sameAs\":[\"https:\\\/\\\/www.facebook.com\\\/Radiio-Ljubuski-1490835324566332\",\"https:\\\/\\\/x.com\\\/radioljubuski\",\"https:\\\/\\\/hr.linkedin.com\\\/company\\\/radio-ljubuski\",\"https:\\\/\\\/www.youtube.com\\\/channel\\\/UCHYaeO_n0Db3tjNGudGpXyw\"]},{\"@type\":\"Person\",\"@id\":\"https:\\\/\\\/radioljubuski.ba\\\/#\\\/schema\\\/person\\\/19fc700381a780f69665d7956c469e3b\",\"name\":\"Radio Ljubu\u0161ki\"}]}<\/script>\n<!-- \/ Yoast SEO plugin. -->","yoast_head_json":{"title":"Po\u010delo su\u0111enje za ubojstvo Georgea Floyda - RADIO LJUBU\u0160KI","robots":{"index":"index","follow":"follow","max-snippet":"max-snippet:-1","max-image-preview":"max-image-preview:large","max-video-preview":"max-video-preview:-1"},"canonical":"https:\/\/radioljubuski.ba\/index.php\/2021\/03\/30\/pocelo-sudenje-za-ubojstvo-georgea-floyda\/","og_locale":"hr_HR","og_type":"article","og_title":"Po\u010delo su\u0111enje za ubojstvo Georgea Floyda - RADIO LJUBU\u0160KI","og_description":"O\u010di Amerikanaca usmjerene su prema sudnici u Minneapolisu gdje je po\u010delo su\u0111enje biv\u0161em policajcu Dereku Chauvinu za ubojstvo Georgea Floyda. Rije\u010d je o slu\u010daju koji je potaknuo masovne prosvjede diljem zemlje, ali i svijeta &#8211; protiv policijskog nasilja i rasizma. Su\u0111enje za ubojstvo Georgea Floyda po\u010delo je pred takozvanom &#8220;tajnom porotom&#8221;. Izbor porote trajao je [&hellip;]","og_url":"https:\/\/radioljubuski.ba\/index.php\/2021\/03\/30\/pocelo-sudenje-za-ubojstvo-georgea-floyda\/","og_site_name":"RADIO LJUBU\u0160KI","article_publisher":"https:\/\/www.facebook.com\/Radiio-Ljubuski-1490835324566332","article_published_time":"2021-03-30T11:21:59+00:00","article_modified_time":"2021-03-30T11:22:00+00:00","og_image":[{"width":647,"height":363,"url":"https:\/\/radioljubuski.ba\/wp-content\/uploads\/2021\/03\/2-12.png","type":"image\/png"}],"author":"Radio Ljubu\u0161ki","twitter_card":"summary_large_image","twitter_creator":"@radioljubuski","twitter_site":"@radioljubuski","twitter_misc":{"Napisao\/la":"Radio Ljubu\u0161ki","Procijenjeno vrijeme \u010ditanja":"3 minute"},"schema":{"@context":"https:\/\/schema.org","@graph":[{"@type":"Article","@id":"https:\/\/radioljubuski.ba\/index.php\/2021\/03\/30\/pocelo-sudenje-za-ubojstvo-georgea-floyda\/#article","isPartOf":{"@id":"https:\/\/radioljubuski.ba\/index.php\/2021\/03\/30\/pocelo-sudenje-za-ubojstvo-georgea-floyda\/"},"author":{"name":"Radio Ljubu\u0161ki","@id":"https:\/\/radioljubuski.ba\/#\/schema\/person\/19fc700381a780f69665d7956c469e3b"},"headline":"Po\u010delo su\u0111enje za ubojstvo Georgea Floyda","datePublished":"2021-03-30T11:21:59+00:00","dateModified":"2021-03-30T11:22:00+00:00","mainEntityOfPage":{"@id":"https:\/\/radioljubuski.ba\/index.php\/2021\/03\/30\/pocelo-sudenje-za-ubojstvo-georgea-floyda\/"},"wordCount":529,"publisher":{"@id":"https:\/\/radioljubuski.ba\/#organization"},"image":{"@id":"https:\/\/radioljubuski.ba\/index.php\/2021\/03\/30\/pocelo-sudenje-za-ubojstvo-georgea-floyda\/#primaryimage"},"thumbnailUrl":"https:\/\/radioljubuski.ba\/wp-content\/uploads\/2021\/03\/2-12.png","articleSection":["BIH i regija"],"inLanguage":"hr"},{"@type":"WebPage","@id":"https:\/\/radioljubuski.ba\/index.php\/2021\/03\/30\/pocelo-sudenje-za-ubojstvo-georgea-floyda\/","url":"https:\/\/radioljubuski.ba\/index.php\/2021\/03\/30\/pocelo-sudenje-za-ubojstvo-georgea-floyda\/","name":"Po\u010delo su\u0111enje za ubojstvo Georgea Floyda - RADIO LJUBU\u0160KI","isPartOf":{"@id":"https:\/\/radioljubuski.ba\/#website"},"primaryImageOfPage":{"@id":"https:\/\/radioljubuski.ba\/index.php\/2021\/03\/30\/pocelo-sudenje-za-ubojstvo-georgea-floyda\/#primaryimage"},"image":{"@id":"https:\/\/radioljubuski.ba\/index.php\/2021\/03\/30\/pocelo-sudenje-za-ubojstvo-georgea-floyda\/#primaryimage"},"thumbnailUrl":"https:\/\/radioljubuski.ba\/wp-content\/uploads\/2021\/03\/2-12.png","datePublished":"2021-03-30T11:21:59+00:00","dateModified":"2021-03-30T11:22:00+00:00","breadcrumb":{"@id":"https:\/\/radioljubuski.ba\/index.php\/2021\/03\/30\/pocelo-sudenje-za-ubojstvo-georgea-floyda\/#breadcrumb"},"inLanguage":"hr","potentialAction":[{"@type":"ReadAction","target":["https:\/\/radioljubuski.ba\/index.php\/2021\/03\/30\/pocelo-sudenje-za-ubojstvo-georgea-floyda\/"]}]},{"@type":"ImageObject","inLanguage":"hr","@id":"https:\/\/radioljubuski.ba\/index.php\/2021\/03\/30\/pocelo-sudenje-za-ubojstvo-georgea-floyda\/#primaryimage","url":"https:\/\/radioljubuski.ba\/wp-content\/uploads\/2021\/03\/2-12.png","contentUrl":"https:\/\/radioljubuski.ba\/wp-content\/uploads\/2021\/03\/2-12.png","width":647,"height":363},{"@type":"BreadcrumbList","@id":"https:\/\/radioljubuski.ba\/index.php\/2021\/03\/30\/pocelo-sudenje-za-ubojstvo-georgea-floyda\/#breadcrumb","itemListElement":[{"@type":"ListItem","position":1,"name":"Po\u010detna stranica","item":"https:\/\/radioljubuski.ba\/"},{"@type":"ListItem","position":2,"name":"Po\u010delo su\u0111enje za ubojstvo Georgea Floyda"}]},{"@type":"WebSite","@id":"https:\/\/radioljubuski.ba\/#website","url":"https:\/\/radioljubuski.ba\/","name":"Radio Ljubu\u0161ki","description":"Sun\u010dana frekvencija Hercegovine","publisher":{"@id":"https:\/\/radioljubuski.ba\/#organization"},"potentialAction":[{"@type":"SearchAction","target":{"@type":"EntryPoint","urlTemplate":"https:\/\/radioljubuski.ba\/?s={search_term_string}"},"query-input":{"@type":"PropertyValueSpecification","valueRequired":true,"valueName":"search_term_string"}}],"inLanguage":"hr"},{"@type":"Organization","@id":"https:\/\/radioljubuski.ba\/#organization","name":"Radio Ljubu\u0161ki","url":"https:\/\/radioljubuski.ba\/","logo":{"@type":"ImageObject","inLanguage":"hr","@id":"https:\/\/radioljubuski.ba\/#\/schema\/logo\/image\/","url":"https:\/\/radioljubuski.ba\/wp-content\/uploads\/2021\/02\/cropped-Radio_Ljubuski_logo1.jpg","contentUrl":"https:\/\/radioljubuski.ba\/wp-content\/uploads\/2021\/02\/cropped-Radio_Ljubuski_logo1.jpg","width":512,"height":512,"caption":"Radio Ljubu\u0161ki"},"image":{"@id":"https:\/\/radioljubuski.ba\/#\/schema\/logo\/image\/"},"sameAs":["https:\/\/www.facebook.com\/Radiio-Ljubuski-1490835324566332","https:\/\/x.com\/radioljubuski","https:\/\/hr.linkedin.com\/company\/radio-ljubuski","https:\/\/www.youtube.com\/channel\/UCHYaeO_n0Db3tjNGudGpXyw"]},{"@type":"Person","@id":"https:\/\/radioljubuski.ba\/#\/schema\/person\/19fc700381a780f69665d7956c469e3b","name":"Radio Ljubu\u0161ki"}]}},"_links":{"self":[{"href":"https:\/\/radioljubuski.ba\/index.php\/wp-json\/wp\/v2\/posts\/7971","targetHints":{"allow":["GET"]}}],"collection":[{"href":"https:\/\/radioljubuski.ba\/index.php\/wp-json\/wp\/v2\/posts"}],"about":[{"href":"https:\/\/radioljubuski.ba\/index.php\/wp-json\/wp\/v2\/types\/post"}],"author":[{"embeddable":true,"href":"https:\/\/radioljubuski.ba\/index.php\/wp-json\/wp\/v2\/users\/2"}],"replies":[{"embeddable":true,"href":"https:\/\/radioljubuski.ba\/index.php\/wp-json\/wp\/v2\/comments?post=7971"}],"version-history":[{"count":1,"href":"https:\/\/radioljubuski.ba\/index.php\/wp-json\/wp\/v2\/posts\/7971\/revisions"}],"predecessor-version":[{"id":7973,"href":"https:\/\/radioljubuski.ba\/index.php\/wp-json\/wp\/v2\/posts\/7971\/revisions\/7973"}],"wp:featuredmedia":[{"embeddable":true,"href":"https:\/\/radioljubuski.ba\/index.php\/wp-json\/wp\/v2\/media\/7972"}],"wp:attachment":[{"href":"https:\/\/radioljubuski.ba\/index.php\/wp-json\/wp\/v2\/media?parent=7971"}],"wp:term":[{"taxonomy":"category","embeddable":true,"href":"https:\/\/radioljubuski.ba\/index.php\/wp-json\/wp\/v2\/categories?post=7971"},{"taxonomy":"post_tag","embeddable":true,"href":"https:\/\/radioljubuski.ba\/index.php\/wp-json\/wp\/v2\/tags?post=7971"}],"curies":[{"name":"wp","href":"https:\/\/api.w.org\/{rel}","templated":true}]}}