{"id":8015,"date":"2021-03-30T12:38:27","date_gmt":"2021-03-30T11:38:27","guid":{"rendered":"https:\/\/radioljubuski.ba\/?p=8015"},"modified":"2021-03-30T12:38:28","modified_gmt":"2021-03-30T11:38:28","slug":"sumit-radi-na-pilot-projektu-ednevnik-za-22-skole-video","status":"publish","type":"post","link":"https:\/\/radioljubuski.ba\/index.php\/2021\/03\/30\/sumit-radi-na-pilot-projektu-ednevnik-za-22-skole-video\/","title":{"rendered":"SUMIT radi na pilot projektu eDnevnik za 22 \u0161kole &#8211; video"},"content":{"rendered":"\n<p>Centar za informacijske tehnologije Sveu\u010dili\u0161ta u Mostaru (SUMIT) trenutno radi na pilot projektu eDnevnik koji je po\u010deo s radom sredinom \u0161kolske godine za 22 \u0161kole.&nbsp;<\/p>\n\n\n\n<p>\u201eU SUMIT-u smo po\u010deli s elektroni\u010dkim identitetom. Napravili platformu za digitalnu evidenciju mati\u010dnih knjiga eMatica koja je sredi\u0161nja platforma cijeloga projekta. Sada radimo na eDnevniku, ali va\u017eno je naglasiti da fizi\u010dki dnevnik jo\u0161 postoji\u201c, kazao je u emisiji SUM TV-a voditelj SUMIT-a Tomislav Volari\u0107 te dodao kako je SUMIT prepoznatljiv nositelj digitalizacije cijele vertikale obrazovanja od osnovnih do srednjih \u0161kola. Rije\u010d je o 135 \u0161kola, odnosno preko 40 tisu\u0107a u\u010denika i vi\u0161e od pet tisu\u0107a nastavnika, a cilj je digitalizaciju uvesti i u vrti\u0107e.<\/p>\n\n\n\n<p>SUMIT je osnovan po uzoru na centre u Hrvatskoj, odnosno Carnet &#8211; Hrvatska akademska i istra\u017eiva\u010dka mre\u017ea i Srce &#8211; Sveu\u010dili\u0161ni ra\u010dunski centar u Zagrebu. Volari\u0107 je kazao kako smo kao hrvatski narod u Bosni i Hercegovini mali da bismo imali takve dvije institucije koje bi radile odvojeno. \u201eStoga smo odlu\u010dili da SUMIT bude jedna institucija koja obuhva\u0107a sve, a platforma je napravljena na Sveu\u010dili\u0161tu u Mostaru i ponosan sam na instituciju i na\u0161e IT studije gdje smo skupili otprilike 15 programera, \u0161to je zavidna brojka, jer su svi zavr\u0161ili studij na na\u0161em Sveu\u010dili\u0161tu\u201c, objasnio je Volari\u0107.<\/p>\n\n\n\n<p>Navodi i kako su do sada napravili odre\u0111ene iskorake, \u0161to pokazuje \u010dinjenica da Carnet koristi dio njihovih usluga. \u201eOn nije samo institucija za pomo\u0107 pri implementaciji eDnevnika nego i u cijeloj pri\u010di digitalizacije. Dobili su projekt Europske unije &#8216;e\u0160kola&#8217; u vrijednosti od milijardu kuna pri \u010demu sudjelujemo i mi i radimo im neke usluge. Upravo takve projekte \u017eelimo pisati i mi, jer kada bismo aplicirali i dobili toliko vrijedne projekte onda bismo mogli i opremiti \u0161kole, a ravnatelji se ne bi brinuli imaju li dovoljno laptopa, zadovoljavaju\u0107i internet i sli\u010dno\u201c, objasnio je Volari\u0107. Da su roditelji prezadovoljni, a nastavnici jako zainteresirani za eDnevnik potvrdio je u emisiji SUM TV-a \u0110uro Ragu\u017e, ravnatelj O\u0160 Lipanjske zore Vi\u0161i\u0107i.<\/p>\n\n\n\n<p>\u201eRadimo edukacije za nastavnike u \u0161kolama i nadamo se da \u0107emo ih do lipnja osposobiti za ovakav rad, jer je odu\u0161evljenje bilo veliko, a posebno od roditelja. S obzirom na to da je u tijeku pandemija, pa time i zabrana dolaska u \u0161kole, roditelji \u017eele vidjeti ocjene, a sada imaju tu priliku u bilo kojem trenutku\u201c, kazao je ravnatelj Ragu\u017e te dodao kako je eDnevnik potpuno pregledan, prakti\u010dan i jednostavan za uporabu. Putem aplikacije roditelji imaju uvid u osobne podatke, ocjene, izostanke, bilje\u0161ke, planirani raspored pisanih zada\u0107a i ostale podatke o djetetu koje su predmetni nastavnici i razrednik unijeli u eDnevnik. Svaki roditelj ima svoje korisni\u010dko ime i lozinku koju kreira \u0161kola i kada u\u0111u u sustav sve im je vidljivo na jednome mjestu.<\/p>\n\n\n\n<p>Prosvjetnim djelatnicima \u0107e se smanjiti posao oko papirologije, ne\u0107e biti potrebno de\u0161ifrirati rukopise kao u fizi\u010dkom dnevniku te \u0107e se smanjiti stres oko ru\u010dnog ispisivanja svjedod\u017ebe.<\/p>\n\n\n\n<p>SUMIT Dnevnik zna\u010dajno smanjuje vi\u0161estruki unos istih podataka, a na kraju \u0161kolske godine iz dnevnika u maticu prenose se predmeti, ocjene, ispiti, izostanci, pedago\u0161ke mjere i vladanje u\u010denika.<\/p>\n\n\n\n<p>\u201eNadam se da \u0107e u roku do tri godine svih 135 \u0161kola koristiti eDnevnik. To je na\u0161a misija i vizija koju \u0107emo sigurno ostvariti. Planiramo svim \u0161kolama izraditi zajedni\u010dku web stranicu koja \u0107e biti na na\u0161im serverima i s na\u0161im sigurnosnim standardnima, a na koju \u0107e \u0161kole postavljati sadr\u017eaj\u201c, objasnio je Volari\u0107.<\/p>\n\n\n\n<figure class=\"wp-block-embed is-type-video is-provider-youtube wp-block-embed-youtube wp-embed-aspect-16-9 wp-has-aspect-ratio\"><div class=\"wp-block-embed__wrapper\">\n<iframe loading=\"lazy\" title=\"SUM TV | Tomislav Volari\u0107 i \u0110uro Ragu\u017e | Pilot projekt eDnevnik\" width=\"640\" height=\"360\" src=\"https:\/\/www.youtube.com\/embed\/_g42nSjmQyw?feature=oembed\" frameborder=\"0\" allow=\"accelerometer; autoplay; clipboard-write; encrypted-media; gyroscope; picture-in-picture; web-share\" referrerpolicy=\"strict-origin-when-cross-origin\" allowfullscreen><\/iframe>\n<\/div><\/figure>\n\n\n\n<p>Izvor:pogled.ba<\/p>\n","protected":false},"excerpt":{"rendered":"<p>Centar za informacijske tehnologije Sveu\u010dili\u0161ta u Mostaru (SUMIT) trenutno radi na pilot projektu eDnevnik koji je po\u010deo s radom sredinom \u0161kolske godine za 22 \u0161kole.&nbsp; \u201eU SUMIT-u smo po\u010deli s elektroni\u010dkim identitetom. Napravili platformu za digitalnu evidenciju mati\u010dnih knjiga eMatica koja je sredi\u0161nja platforma cijeloga projekta. Sada radimo na eDnevniku, ali va\u017eno je naglasiti da [&hellip;]<\/p>\n","protected":false},"author":2,"featured_media":8016,"comment_status":"closed","ping_status":"closed","sticky":false,"template":"","format":"standard","meta":{"h5ap_radio_sources":[],"footnotes":""},"categories":[1],"tags":[],"class_list":["post-8015","post","type-post","status-publish","format-standard","has-post-thumbnail","hentry","category-bihiregija"],"yoast_head":"<!-- This site is optimized with the Yoast SEO plugin v27.4 - https:\/\/yoast.com\/product\/yoast-seo-wordpress\/ -->\n<title>SUMIT radi na pilot projektu eDnevnik za 22 \u0161kole - video - RADIO LJUBU\u0160KI<\/title>\n<meta name=\"robots\" content=\"index, follow, max-snippet:-1, max-image-preview:large, max-video-preview:-1\" \/>\n<link rel=\"canonical\" href=\"https:\/\/radioljubuski.ba\/index.php\/2021\/03\/30\/sumit-radi-na-pilot-projektu-ednevnik-za-22-skole-video\/\" \/>\n<meta property=\"og:locale\" content=\"hr_HR\" \/>\n<meta property=\"og:type\" content=\"article\" \/>\n<meta property=\"og:title\" content=\"SUMIT radi na pilot projektu eDnevnik za 22 \u0161kole - video - RADIO LJUBU\u0160KI\" \/>\n<meta property=\"og:description\" content=\"Centar za informacijske tehnologije Sveu\u010dili\u0161ta u Mostaru (SUMIT) trenutno radi na pilot projektu eDnevnik koji je po\u010deo s radom sredinom \u0161kolske godine za 22 \u0161kole.&nbsp; \u201eU SUMIT-u smo po\u010deli s elektroni\u010dkim identitetom. Napravili platformu za digitalnu evidenciju mati\u010dnih knjiga eMatica koja je sredi\u0161nja platforma cijeloga projekta. Sada radimo na eDnevniku, ali va\u017eno je naglasiti da [&hellip;]\" \/>\n<meta property=\"og:url\" content=\"https:\/\/radioljubuski.ba\/index.php\/2021\/03\/30\/sumit-radi-na-pilot-projektu-ednevnik-za-22-skole-video\/\" \/>\n<meta property=\"og:site_name\" content=\"RADIO LJUBU\u0160KI\" \/>\n<meta property=\"article:publisher\" content=\"https:\/\/www.facebook.com\/Radiio-Ljubuski-1490835324566332\" \/>\n<meta property=\"article:published_time\" content=\"2021-03-30T11:38:27+00:00\" \/>\n<meta property=\"article:modified_time\" content=\"2021-03-30T11:38:28+00:00\" \/>\n<meta property=\"og:image\" content=\"https:\/\/radioljubuski.ba\/wp-content\/uploads\/2021\/03\/2-2021-03-30-11-55-24-ednevnik.jpg\" \/>\n\t<meta property=\"og:image:width\" content=\"1000\" \/>\n\t<meta property=\"og:image:height\" content=\"625\" \/>\n\t<meta property=\"og:image:type\" content=\"image\/jpeg\" \/>\n<meta name=\"author\" content=\"Radio Ljubu\u0161ki\" \/>\n<meta name=\"twitter:card\" content=\"summary_large_image\" \/>\n<meta name=\"twitter:creator\" content=\"@radioljubuski\" \/>\n<meta name=\"twitter:site\" content=\"@radioljubuski\" \/>\n<meta name=\"twitter:label1\" content=\"Napisao\/la\" \/>\n\t<meta name=\"twitter:data1\" content=\"Radio Ljubu\u0161ki\" \/>\n\t<meta name=\"twitter:label2\" content=\"Procijenjeno vrijeme \u010ditanja\" \/>\n\t<meta name=\"twitter:data2\" content=\"3 minute\" \/>\n<script type=\"application\/ld+json\" class=\"yoast-schema-graph\">{\"@context\":\"https:\\\/\\\/schema.org\",\"@graph\":[{\"@type\":\"Article\",\"@id\":\"https:\\\/\\\/radioljubuski.ba\\\/index.php\\\/2021\\\/03\\\/30\\\/sumit-radi-na-pilot-projektu-ednevnik-za-22-skole-video\\\/#article\",\"isPartOf\":{\"@id\":\"https:\\\/\\\/radioljubuski.ba\\\/index.php\\\/2021\\\/03\\\/30\\\/sumit-radi-na-pilot-projektu-ednevnik-za-22-skole-video\\\/\"},\"author\":{\"name\":\"Radio Ljubu\u0161ki\",\"@id\":\"https:\\\/\\\/radioljubuski.ba\\\/#\\\/schema\\\/person\\\/19fc700381a780f69665d7956c469e3b\"},\"headline\":\"SUMIT radi na pilot projektu eDnevnik za 22 \u0161kole &#8211; video\",\"datePublished\":\"2021-03-30T11:38:27+00:00\",\"dateModified\":\"2021-03-30T11:38:28+00:00\",\"mainEntityOfPage\":{\"@id\":\"https:\\\/\\\/radioljubuski.ba\\\/index.php\\\/2021\\\/03\\\/30\\\/sumit-radi-na-pilot-projektu-ednevnik-za-22-skole-video\\\/\"},\"wordCount\":625,\"publisher\":{\"@id\":\"https:\\\/\\\/radioljubuski.ba\\\/#organization\"},\"image\":{\"@id\":\"https:\\\/\\\/radioljubuski.ba\\\/index.php\\\/2021\\\/03\\\/30\\\/sumit-radi-na-pilot-projektu-ednevnik-za-22-skole-video\\\/#primaryimage\"},\"thumbnailUrl\":\"https:\\\/\\\/radioljubuski.ba\\\/wp-content\\\/uploads\\\/2021\\\/03\\\/2-2021-03-30-11-55-24-ednevnik.jpg\",\"articleSection\":[\"BIH i regija\"],\"inLanguage\":\"hr\"},{\"@type\":\"WebPage\",\"@id\":\"https:\\\/\\\/radioljubuski.ba\\\/index.php\\\/2021\\\/03\\\/30\\\/sumit-radi-na-pilot-projektu-ednevnik-za-22-skole-video\\\/\",\"url\":\"https:\\\/\\\/radioljubuski.ba\\\/index.php\\\/2021\\\/03\\\/30\\\/sumit-radi-na-pilot-projektu-ednevnik-za-22-skole-video\\\/\",\"name\":\"SUMIT radi na pilot projektu eDnevnik za 22 \u0161kole - video - RADIO LJUBU\u0160KI\",\"isPartOf\":{\"@id\":\"https:\\\/\\\/radioljubuski.ba\\\/#website\"},\"primaryImageOfPage\":{\"@id\":\"https:\\\/\\\/radioljubuski.ba\\\/index.php\\\/2021\\\/03\\\/30\\\/sumit-radi-na-pilot-projektu-ednevnik-za-22-skole-video\\\/#primaryimage\"},\"image\":{\"@id\":\"https:\\\/\\\/radioljubuski.ba\\\/index.php\\\/2021\\\/03\\\/30\\\/sumit-radi-na-pilot-projektu-ednevnik-za-22-skole-video\\\/#primaryimage\"},\"thumbnailUrl\":\"https:\\\/\\\/radioljubuski.ba\\\/wp-content\\\/uploads\\\/2021\\\/03\\\/2-2021-03-30-11-55-24-ednevnik.jpg\",\"datePublished\":\"2021-03-30T11:38:27+00:00\",\"dateModified\":\"2021-03-30T11:38:28+00:00\",\"breadcrumb\":{\"@id\":\"https:\\\/\\\/radioljubuski.ba\\\/index.php\\\/2021\\\/03\\\/30\\\/sumit-radi-na-pilot-projektu-ednevnik-za-22-skole-video\\\/#breadcrumb\"},\"inLanguage\":\"hr\",\"potentialAction\":[{\"@type\":\"ReadAction\",\"target\":[\"https:\\\/\\\/radioljubuski.ba\\\/index.php\\\/2021\\\/03\\\/30\\\/sumit-radi-na-pilot-projektu-ednevnik-za-22-skole-video\\\/\"]}]},{\"@type\":\"ImageObject\",\"inLanguage\":\"hr\",\"@id\":\"https:\\\/\\\/radioljubuski.ba\\\/index.php\\\/2021\\\/03\\\/30\\\/sumit-radi-na-pilot-projektu-ednevnik-za-22-skole-video\\\/#primaryimage\",\"url\":\"https:\\\/\\\/radioljubuski.ba\\\/wp-content\\\/uploads\\\/2021\\\/03\\\/2-2021-03-30-11-55-24-ednevnik.jpg\",\"contentUrl\":\"https:\\\/\\\/radioljubuski.ba\\\/wp-content\\\/uploads\\\/2021\\\/03\\\/2-2021-03-30-11-55-24-ednevnik.jpg\",\"width\":1000,\"height\":625},{\"@type\":\"BreadcrumbList\",\"@id\":\"https:\\\/\\\/radioljubuski.ba\\\/index.php\\\/2021\\\/03\\\/30\\\/sumit-radi-na-pilot-projektu-ednevnik-za-22-skole-video\\\/#breadcrumb\",\"itemListElement\":[{\"@type\":\"ListItem\",\"position\":1,\"name\":\"Po\u010detna stranica\",\"item\":\"https:\\\/\\\/radioljubuski.ba\\\/\"},{\"@type\":\"ListItem\",\"position\":2,\"name\":\"SUMIT radi na pilot projektu eDnevnik za 22 \u0161kole &#8211; video\"}]},{\"@type\":\"WebSite\",\"@id\":\"https:\\\/\\\/radioljubuski.ba\\\/#website\",\"url\":\"https:\\\/\\\/radioljubuski.ba\\\/\",\"name\":\"Radio Ljubu\u0161ki\",\"description\":\"Sun\u010dana frekvencija Hercegovine\",\"publisher\":{\"@id\":\"https:\\\/\\\/radioljubuski.ba\\\/#organization\"},\"potentialAction\":[{\"@type\":\"SearchAction\",\"target\":{\"@type\":\"EntryPoint\",\"urlTemplate\":\"https:\\\/\\\/radioljubuski.ba\\\/?s={search_term_string}\"},\"query-input\":{\"@type\":\"PropertyValueSpecification\",\"valueRequired\":true,\"valueName\":\"search_term_string\"}}],\"inLanguage\":\"hr\"},{\"@type\":\"Organization\",\"@id\":\"https:\\\/\\\/radioljubuski.ba\\\/#organization\",\"name\":\"Radio Ljubu\u0161ki\",\"url\":\"https:\\\/\\\/radioljubuski.ba\\\/\",\"logo\":{\"@type\":\"ImageObject\",\"inLanguage\":\"hr\",\"@id\":\"https:\\\/\\\/radioljubuski.ba\\\/#\\\/schema\\\/logo\\\/image\\\/\",\"url\":\"https:\\\/\\\/radioljubuski.ba\\\/wp-content\\\/uploads\\\/2021\\\/02\\\/cropped-Radio_Ljubuski_logo1.jpg\",\"contentUrl\":\"https:\\\/\\\/radioljubuski.ba\\\/wp-content\\\/uploads\\\/2021\\\/02\\\/cropped-Radio_Ljubuski_logo1.jpg\",\"width\":512,\"height\":512,\"caption\":\"Radio Ljubu\u0161ki\"},\"image\":{\"@id\":\"https:\\\/\\\/radioljubuski.ba\\\/#\\\/schema\\\/logo\\\/image\\\/\"},\"sameAs\":[\"https:\\\/\\\/www.facebook.com\\\/Radiio-Ljubuski-1490835324566332\",\"https:\\\/\\\/x.com\\\/radioljubuski\",\"https:\\\/\\\/hr.linkedin.com\\\/company\\\/radio-ljubuski\",\"https:\\\/\\\/www.youtube.com\\\/channel\\\/UCHYaeO_n0Db3tjNGudGpXyw\"]},{\"@type\":\"Person\",\"@id\":\"https:\\\/\\\/radioljubuski.ba\\\/#\\\/schema\\\/person\\\/19fc700381a780f69665d7956c469e3b\",\"name\":\"Radio Ljubu\u0161ki\"}]}<\/script>\n<!-- \/ Yoast SEO plugin. -->","yoast_head_json":{"title":"SUMIT radi na pilot projektu eDnevnik za 22 \u0161kole - video - RADIO LJUBU\u0160KI","robots":{"index":"index","follow":"follow","max-snippet":"max-snippet:-1","max-image-preview":"max-image-preview:large","max-video-preview":"max-video-preview:-1"},"canonical":"https:\/\/radioljubuski.ba\/index.php\/2021\/03\/30\/sumit-radi-na-pilot-projektu-ednevnik-za-22-skole-video\/","og_locale":"hr_HR","og_type":"article","og_title":"SUMIT radi na pilot projektu eDnevnik za 22 \u0161kole - video - RADIO LJUBU\u0160KI","og_description":"Centar za informacijske tehnologije Sveu\u010dili\u0161ta u Mostaru (SUMIT) trenutno radi na pilot projektu eDnevnik koji je po\u010deo s radom sredinom \u0161kolske godine za 22 \u0161kole.&nbsp; \u201eU SUMIT-u smo po\u010deli s elektroni\u010dkim identitetom. Napravili platformu za digitalnu evidenciju mati\u010dnih knjiga eMatica koja je sredi\u0161nja platforma cijeloga projekta. Sada radimo na eDnevniku, ali va\u017eno je naglasiti da [&hellip;]","og_url":"https:\/\/radioljubuski.ba\/index.php\/2021\/03\/30\/sumit-radi-na-pilot-projektu-ednevnik-za-22-skole-video\/","og_site_name":"RADIO LJUBU\u0160KI","article_publisher":"https:\/\/www.facebook.com\/Radiio-Ljubuski-1490835324566332","article_published_time":"2021-03-30T11:38:27+00:00","article_modified_time":"2021-03-30T11:38:28+00:00","og_image":[{"width":1000,"height":625,"url":"https:\/\/radioljubuski.ba\/wp-content\/uploads\/2021\/03\/2-2021-03-30-11-55-24-ednevnik.jpg","type":"image\/jpeg"}],"author":"Radio Ljubu\u0161ki","twitter_card":"summary_large_image","twitter_creator":"@radioljubuski","twitter_site":"@radioljubuski","twitter_misc":{"Napisao\/la":"Radio Ljubu\u0161ki","Procijenjeno vrijeme \u010ditanja":"3 minute"},"schema":{"@context":"https:\/\/schema.org","@graph":[{"@type":"Article","@id":"https:\/\/radioljubuski.ba\/index.php\/2021\/03\/30\/sumit-radi-na-pilot-projektu-ednevnik-za-22-skole-video\/#article","isPartOf":{"@id":"https:\/\/radioljubuski.ba\/index.php\/2021\/03\/30\/sumit-radi-na-pilot-projektu-ednevnik-za-22-skole-video\/"},"author":{"name":"Radio Ljubu\u0161ki","@id":"https:\/\/radioljubuski.ba\/#\/schema\/person\/19fc700381a780f69665d7956c469e3b"},"headline":"SUMIT radi na pilot projektu eDnevnik za 22 \u0161kole &#8211; video","datePublished":"2021-03-30T11:38:27+00:00","dateModified":"2021-03-30T11:38:28+00:00","mainEntityOfPage":{"@id":"https:\/\/radioljubuski.ba\/index.php\/2021\/03\/30\/sumit-radi-na-pilot-projektu-ednevnik-za-22-skole-video\/"},"wordCount":625,"publisher":{"@id":"https:\/\/radioljubuski.ba\/#organization"},"image":{"@id":"https:\/\/radioljubuski.ba\/index.php\/2021\/03\/30\/sumit-radi-na-pilot-projektu-ednevnik-za-22-skole-video\/#primaryimage"},"thumbnailUrl":"https:\/\/radioljubuski.ba\/wp-content\/uploads\/2021\/03\/2-2021-03-30-11-55-24-ednevnik.jpg","articleSection":["BIH i regija"],"inLanguage":"hr"},{"@type":"WebPage","@id":"https:\/\/radioljubuski.ba\/index.php\/2021\/03\/30\/sumit-radi-na-pilot-projektu-ednevnik-za-22-skole-video\/","url":"https:\/\/radioljubuski.ba\/index.php\/2021\/03\/30\/sumit-radi-na-pilot-projektu-ednevnik-za-22-skole-video\/","name":"SUMIT radi na pilot projektu eDnevnik za 22 \u0161kole - video - RADIO LJUBU\u0160KI","isPartOf":{"@id":"https:\/\/radioljubuski.ba\/#website"},"primaryImageOfPage":{"@id":"https:\/\/radioljubuski.ba\/index.php\/2021\/03\/30\/sumit-radi-na-pilot-projektu-ednevnik-za-22-skole-video\/#primaryimage"},"image":{"@id":"https:\/\/radioljubuski.ba\/index.php\/2021\/03\/30\/sumit-radi-na-pilot-projektu-ednevnik-za-22-skole-video\/#primaryimage"},"thumbnailUrl":"https:\/\/radioljubuski.ba\/wp-content\/uploads\/2021\/03\/2-2021-03-30-11-55-24-ednevnik.jpg","datePublished":"2021-03-30T11:38:27+00:00","dateModified":"2021-03-30T11:38:28+00:00","breadcrumb":{"@id":"https:\/\/radioljubuski.ba\/index.php\/2021\/03\/30\/sumit-radi-na-pilot-projektu-ednevnik-za-22-skole-video\/#breadcrumb"},"inLanguage":"hr","potentialAction":[{"@type":"ReadAction","target":["https:\/\/radioljubuski.ba\/index.php\/2021\/03\/30\/sumit-radi-na-pilot-projektu-ednevnik-za-22-skole-video\/"]}]},{"@type":"ImageObject","inLanguage":"hr","@id":"https:\/\/radioljubuski.ba\/index.php\/2021\/03\/30\/sumit-radi-na-pilot-projektu-ednevnik-za-22-skole-video\/#primaryimage","url":"https:\/\/radioljubuski.ba\/wp-content\/uploads\/2021\/03\/2-2021-03-30-11-55-24-ednevnik.jpg","contentUrl":"https:\/\/radioljubuski.ba\/wp-content\/uploads\/2021\/03\/2-2021-03-30-11-55-24-ednevnik.jpg","width":1000,"height":625},{"@type":"BreadcrumbList","@id":"https:\/\/radioljubuski.ba\/index.php\/2021\/03\/30\/sumit-radi-na-pilot-projektu-ednevnik-za-22-skole-video\/#breadcrumb","itemListElement":[{"@type":"ListItem","position":1,"name":"Po\u010detna stranica","item":"https:\/\/radioljubuski.ba\/"},{"@type":"ListItem","position":2,"name":"SUMIT radi na pilot projektu eDnevnik za 22 \u0161kole &#8211; video"}]},{"@type":"WebSite","@id":"https:\/\/radioljubuski.ba\/#website","url":"https:\/\/radioljubuski.ba\/","name":"Radio Ljubu\u0161ki","description":"Sun\u010dana frekvencija Hercegovine","publisher":{"@id":"https:\/\/radioljubuski.ba\/#organization"},"potentialAction":[{"@type":"SearchAction","target":{"@type":"EntryPoint","urlTemplate":"https:\/\/radioljubuski.ba\/?s={search_term_string}"},"query-input":{"@type":"PropertyValueSpecification","valueRequired":true,"valueName":"search_term_string"}}],"inLanguage":"hr"},{"@type":"Organization","@id":"https:\/\/radioljubuski.ba\/#organization","name":"Radio Ljubu\u0161ki","url":"https:\/\/radioljubuski.ba\/","logo":{"@type":"ImageObject","inLanguage":"hr","@id":"https:\/\/radioljubuski.ba\/#\/schema\/logo\/image\/","url":"https:\/\/radioljubuski.ba\/wp-content\/uploads\/2021\/02\/cropped-Radio_Ljubuski_logo1.jpg","contentUrl":"https:\/\/radioljubuski.ba\/wp-content\/uploads\/2021\/02\/cropped-Radio_Ljubuski_logo1.jpg","width":512,"height":512,"caption":"Radio Ljubu\u0161ki"},"image":{"@id":"https:\/\/radioljubuski.ba\/#\/schema\/logo\/image\/"},"sameAs":["https:\/\/www.facebook.com\/Radiio-Ljubuski-1490835324566332","https:\/\/x.com\/radioljubuski","https:\/\/hr.linkedin.com\/company\/radio-ljubuski","https:\/\/www.youtube.com\/channel\/UCHYaeO_n0Db3tjNGudGpXyw"]},{"@type":"Person","@id":"https:\/\/radioljubuski.ba\/#\/schema\/person\/19fc700381a780f69665d7956c469e3b","name":"Radio Ljubu\u0161ki"}]}},"_links":{"self":[{"href":"https:\/\/radioljubuski.ba\/index.php\/wp-json\/wp\/v2\/posts\/8015","targetHints":{"allow":["GET"]}}],"collection":[{"href":"https:\/\/radioljubuski.ba\/index.php\/wp-json\/wp\/v2\/posts"}],"about":[{"href":"https:\/\/radioljubuski.ba\/index.php\/wp-json\/wp\/v2\/types\/post"}],"author":[{"embeddable":true,"href":"https:\/\/radioljubuski.ba\/index.php\/wp-json\/wp\/v2\/users\/2"}],"replies":[{"embeddable":true,"href":"https:\/\/radioljubuski.ba\/index.php\/wp-json\/wp\/v2\/comments?post=8015"}],"version-history":[{"count":1,"href":"https:\/\/radioljubuski.ba\/index.php\/wp-json\/wp\/v2\/posts\/8015\/revisions"}],"predecessor-version":[{"id":8017,"href":"https:\/\/radioljubuski.ba\/index.php\/wp-json\/wp\/v2\/posts\/8015\/revisions\/8017"}],"wp:featuredmedia":[{"embeddable":true,"href":"https:\/\/radioljubuski.ba\/index.php\/wp-json\/wp\/v2\/media\/8016"}],"wp:attachment":[{"href":"https:\/\/radioljubuski.ba\/index.php\/wp-json\/wp\/v2\/media?parent=8015"}],"wp:term":[{"taxonomy":"category","embeddable":true,"href":"https:\/\/radioljubuski.ba\/index.php\/wp-json\/wp\/v2\/categories?post=8015"},{"taxonomy":"post_tag","embeddable":true,"href":"https:\/\/radioljubuski.ba\/index.php\/wp-json\/wp\/v2\/tags?post=8015"}],"curies":[{"name":"wp","href":"https:\/\/api.w.org\/{rel}","templated":true}]}}