{"id":81373,"date":"2021-10-27T13:46:18","date_gmt":"2021-10-27T12:46:18","guid":{"rendered":"https:\/\/radioljubuski.ba\/?p=81373"},"modified":"2021-10-30T10:17:53","modified_gmt":"2021-10-30T09:17:53","slug":"baka-mila-iz-sovica-proslavila-100-rodendan-prezivjela-ratove-smrt-muza-od-ovrhe-je-spasili-sudski-djelatnici","status":"publish","type":"post","link":"https:\/\/radioljubuski.ba\/index.php\/2021\/10\/27\/baka-mila-iz-sovica-proslavila-100-rodendan-prezivjela-ratove-smrt-muza-od-ovrhe-je-spasili-sudski-djelatnici\/","title":{"rendered":"Baka Mila iz Sovi\u0107a proslavila 100. ro\u0111endan:  Pre\u017eivjela ratove, smrt mu\u017ea, sada je od ovrhe spasili sudski djelatnici"},"content":{"rendered":"\n<p>Do\u017eivjeti stotu i jo\u0161 uz to biti vitalan prava je rijetkost.<\/p>\n\n\n\n<p>A upravo je to slu\u010daj s bakom Milom Vuli\u0107 iz Sovi\u0107a koja je nedavno (16.10.2021.) proslavila stoti ro\u0111endan i to u dru\u0161tvu sudskih djelatnika koji su je do\u0161li po\u010dastiti jer ih je baka osvojila svojom pri\u010dljivo\u0161\u0107u i razborito\u0161\u0107u.<\/p>\n\n\n\n<p>Zanimljivo je i kako su je sudski djelatnici upoznali.<\/p>\n\n\n\n<p>Protiv bake Mile je bila pokrenuta ovrha zbog ra\u010duna za struju od 100 i ne\u0161to maraka, a kada je njezin slu\u010daj do\u0161ao na sud i kada su ovr\u0161itelji oti\u0161li do njene tro\u0161ne ku\u0107e u jednom zaba\u010denom dijelu Sovi\u0107a, upoznav\u0161i ovu simpati\u010dnu staricu, umjesto hladnokrvnog provo\u0111enja procesa ovrhe, sudski su djelatnici odlu\u010dili me\u0111usobno skupiti novac kako bi joj pomogli. <\/p>\n\n\n\n<p>\u010culi smo za ovaj doga\u0111aj i zaputili se do Sovi\u0107a, gdje smo baku Milu zatekli kako sjedi na zidi\u0107u ispred svoje ku\u0107e.<\/p>\n\n\n\n<p>Odmah se vidi kako je rije\u010d o osobi koja se dobro dr\u017ei i nosi.<\/p>\n\n\n\n<p>Kroz razgovor s njom otkrili smo kako je baka Mila nepresu\u0161no vrelo zanimljivih informacija, sje\u0107a se ona razdoblja kada je narod po \u010ditave dane radio po njivama, kada jo\u0161 struja nije bila provedena po ku\u0107ama, sje\u0107a se i ratova i klanja, pro\u017eivjela je \u010ditavu jednu epohu.<\/p>\n\n\n\n<p>Ovih dana pak dane najvi\u0161e provodi sjede\u0107i pred svojom ku\u0107om.<\/p>\n\n\n\n<p>\u201e<em>Grijem se na suncu<\/em>\u201c, rekla nam je kada smo do\u0161li pred njezinu ku\u0107u gdje smo je zatekli kako sjedi u dru\u0161tvu jedne velike ma\u010dke.<\/p>\n\n\n\n<p>\u010cekala je pred ku\u0107om jednu susjedu da bi je automobilom odvela do trgovine da kupi svije\u0107e za blagdan Svih Svetih. &nbsp;<\/p>\n\n\n\n<p>\u201e<em>Slabo vidim i ne smijem daleko i\u0107, padam. Pa onda malo u \u201ekom\u0161iluk\u201c, pa svak me povede, malo pro\u0161etam isprid ku\u0107e, malo i \u0161paret o\u010distim. Molim dobro Boga. Imam O\u010dena\u0161e i molim. Evo sad \u0107e mi do\u0107 jedna \u017eena pa \u0107e ona mene danas \u201eotrat\u201c pa da ja to postavim (op.a. svije\u0107e i cvije\u0107e na grobove najmilijih)\u201c, <\/em>odmah nam je na po\u010detku razgovora otkrila baka Mila. &nbsp;<\/p>\n\n\n\n<p>I danas je baka Mila vitalna i rado sama obavlja sve poslove, ali ka\u017ee da je u mladosti ba\u0161 bila neumorna.<\/p>\n\n\n\n<p><em>\u201eJa sam uvik radila. Nisam umorna nikad bila. Ko bi god \u017eeo \u017eito po starinski, zna\u0161 ono \u201esve\u017ei snoplje\u201c, ja bi pomagala i dadnu mi ne\u0161to. Nisam d\u017eaba radila.\u201c<\/em><\/p>\n\n\n\n<p>Sadio se tada i duhan, pa nam tako Mila otkriva kako je upravo od zarade od duhana obnovila ku\u0107u i postavila cigle.<\/p>\n\n\n\n<p><em>\u201eDvanaest hiljada sam sadila duvana, sve je to narod pobra i \u201edotra\u201c. Bilo je tada 7 kvintala duvana i unda sam imala lipi para. Bila nam je tad stri\u0161njava ku\u0107a i unda smo mi to razvalili i ciglom je pravila. Od duvana se pravila ku\u0107a\u201c.<\/em><\/p>\n\n\n\n<div class=\"wp-block-image\"><figure class=\"aligncenter size-large\"><img loading=\"lazy\" decoding=\"async\" width=\"280\" height=\"373\" src=\"https:\/\/radioljubuski.ba\/wp-content\/uploads\/2021\/10\/baka-mila1.jpg\" alt=\"\" class=\"wp-image-81382\" srcset=\"https:\/\/radioljubuski.ba\/wp-content\/uploads\/2021\/10\/baka-mila1.jpg 280w, https:\/\/radioljubuski.ba\/wp-content\/uploads\/2021\/10\/baka-mila1-225x300.jpg 225w, https:\/\/radioljubuski.ba\/wp-content\/uploads\/2021\/10\/baka-mila1-9x12.jpg 9w\" sizes=\"auto, (max-width: 280px) 100vw, 280px\" \/><\/figure><\/div>\n\n\n\n<p>Mu\u017e joj je umro prije 24 godine, a baka Mila i sada zna koliko bi to\u010dno imao godina.<\/p>\n\n\n\n<p><em>\u201eBrojim ja to njemu ko da je i sad \u017eiv.\u201c<\/em><\/p>\n\n\n\n<p>Djece nisu imali. <\/p>\n\n\n\n<p>Ka\u017ee nam Mila kako je ranije dr\u017eala stoku, no vi\u0161e nema snage za to.<\/p>\n\n\n\n<p>\u201e<em>Kad sam mlada bila, nikad se umorit nisam mogla. Mogla sam dvaput kamenom dobacit do tamo gdje sam se rodila. Dr\u017eala sam kravu dok sam mogla. Dr\u017eala sam i krme. Imam tamo pojatu, ali to sve \u201eomrzne insanu\u201c. Triba to uzdr\u017eat. Sada ti ja do\u0111em ovdje (na zidi\u0107) pa sidim na suncu, kad do\u0111e lad, ja i\u0111em za poslom svojim\u201c.<\/em><\/p>\n\n\n\n<p>Pro\u017eivjela je i ratove i razne neda\u0107e, a ka\u017ee kako je prije narod ipak bio veseliji.<\/p>\n\n\n\n<p><em>\u201eBolje je prije bilo nego danas. Vi\u0161e se dru\u017eilo i pivalo.\u201c<\/em><\/p>\n\n\n\n<p>Ima i zanimljive opservacije o modernoj hrani.<\/p>\n\n\n\n<p><em>\u201ePrije je bila malo glotnija rana\u201c. A sada, kupi\u0161 u trgovini, najide\u0161 se onoga pa do 15 dana eto ti raka. Dok smo mi ka\u0161u i puru jeli, nije to bilo tako\u201c.<\/em><\/p>\n\n\n\n<p>Primje\u0107uje baka i trend iseljavanja stanovni\u0161tva iz Hercegovine.<\/p>\n\n\n\n<p><em>\u201eSad u nas \u017eene sve oti\u0161le u Austriju. Misec dana radi, misec dana i\u0111e ku\u0107i. Slabije je sad naroda\u201c.<\/em><\/p>\n\n\n\n<p>Sve baka Mila zapa\u017ea i svjesna je svoje okoline, a razgovor s njom bio je jedan zanimljiv uvid u povijest ovih krajeva i \u017eivota naroda na ovim prostorima.<\/p>\n\n\n\n<p>Poslu\u0161ajte dio razgovora s bakom Milom u audiozapisu<\/p>\n\n\n\n<iframe src=\"https:\/\/drive.google.com\/file\/d\/1Yn2ltIkmri9B2a8mHuaP7fa35102-6wE\/preview\" style=\"width: 100%; height: 100px;\"><\/iframe>\n\n\n\n<figure class=\"wp-block-image size-large\"><img loading=\"lazy\" decoding=\"async\" width=\"1024\" height=\"536\" src=\"https:\/\/radioljubuski.ba\/wp-content\/uploads\/2021\/10\/mila-vulic2-1024x536.jpg\" alt=\"\" class=\"wp-image-81379\" srcset=\"https:\/\/radioljubuski.ba\/wp-content\/uploads\/2021\/10\/mila-vulic2-1024x536.jpg 1024w, https:\/\/radioljubuski.ba\/wp-content\/uploads\/2021\/10\/mila-vulic2-300x157.jpg 300w, https:\/\/radioljubuski.ba\/wp-content\/uploads\/2021\/10\/mila-vulic2-768x402.jpg 768w, https:\/\/radioljubuski.ba\/wp-content\/uploads\/2021\/10\/mila-vulic2-18x9.jpg 18w, https:\/\/radioljubuski.ba\/wp-content\/uploads\/2021\/10\/mila-vulic2.jpg 1039w\" sizes=\"auto, (max-width: 1024px) 100vw, 1024px\" \/><\/figure>\n\n\n\n<p><strong>Radio Ljubu\u0161ki<\/strong><\/p>\n","protected":false},"excerpt":{"rendered":"<p>Do\u017eivjeti stotu i jo\u0161 uz to biti vitalan prava je rijetkost. A upravo je to slu\u010daj s bakom Milom Vuli\u0107 iz Sovi\u0107a koja je nedavno (16.10.2021.) proslavila stoti ro\u0111endan i to u dru\u0161tvu sudskih djelatnika koji su je do\u0161li po\u010dastiti jer ih je baka osvojila svojom pri\u010dljivo\u0161\u0107u i razborito\u0161\u0107u. Zanimljivo je i kako su je [&hellip;]<\/p>\n","protected":false},"author":2,"featured_media":81378,"comment_status":"closed","ping_status":"closed","sticky":false,"template":"","format":"standard","meta":{"h5ap_radio_sources":[],"footnotes":""},"categories":[8],"tags":[],"class_list":["post-81373","post","type-post","status-publish","format-standard","has-post-thumbnail","hentry","category-rlj-audio"],"yoast_head":"<!-- This site is optimized with the Yoast SEO plugin v27.5 - https:\/\/yoast.com\/product\/yoast-seo-wordpress\/ -->\n<title>Baka Mila iz Sovi\u0107a proslavila 100. ro\u0111endan: Pre\u017eivjela ratove, smrt mu\u017ea, sada je od ovrhe spasili sudski djelatnici - RADIO LJUBU\u0160KI<\/title>\n<meta name=\"robots\" content=\"index, follow, max-snippet:-1, max-image-preview:large, max-video-preview:-1\" \/>\n<link rel=\"canonical\" href=\"https:\/\/radioljubuski.ba\/index.php\/2021\/10\/27\/baka-mila-iz-sovica-proslavila-100-rodendan-prezivjela-ratove-smrt-muza-od-ovrhe-je-spasili-sudski-djelatnici\/\" \/>\n<meta property=\"og:locale\" content=\"hr_HR\" \/>\n<meta property=\"og:type\" content=\"article\" \/>\n<meta property=\"og:title\" content=\"Baka Mila iz Sovi\u0107a proslavila 100. ro\u0111endan: Pre\u017eivjela ratove, smrt mu\u017ea, sada je od ovrhe spasili sudski djelatnici - RADIO LJUBU\u0160KI\" \/>\n<meta property=\"og:description\" content=\"Do\u017eivjeti stotu i jo\u0161 uz to biti vitalan prava je rijetkost. A upravo je to slu\u010daj s bakom Milom Vuli\u0107 iz Sovi\u0107a koja je nedavno (16.10.2021.) proslavila stoti ro\u0111endan i to u dru\u0161tvu sudskih djelatnika koji su je do\u0161li po\u010dastiti jer ih je baka osvojila svojom pri\u010dljivo\u0161\u0107u i razborito\u0161\u0107u. Zanimljivo je i kako su je [&hellip;]\" \/>\n<meta property=\"og:url\" content=\"https:\/\/radioljubuski.ba\/index.php\/2021\/10\/27\/baka-mila-iz-sovica-proslavila-100-rodendan-prezivjela-ratove-smrt-muza-od-ovrhe-je-spasili-sudski-djelatnici\/\" \/>\n<meta property=\"og:site_name\" content=\"RADIO LJUBU\u0160KI\" \/>\n<meta property=\"article:publisher\" content=\"https:\/\/www.facebook.com\/Radiio-Ljubuski-1490835324566332\" \/>\n<meta property=\"article:published_time\" content=\"2021-10-27T12:46:18+00:00\" \/>\n<meta property=\"article:modified_time\" content=\"2021-10-30T09:17:53+00:00\" \/>\n<meta property=\"og:image\" content=\"https:\/\/radioljubuski.ba\/wp-content\/uploads\/2021\/10\/mila-vulic.jpg\" \/>\n\t<meta property=\"og:image:width\" content=\"1101\" \/>\n\t<meta property=\"og:image:height\" content=\"634\" \/>\n\t<meta property=\"og:image:type\" content=\"image\/jpeg\" \/>\n<meta name=\"author\" content=\"Radio Ljubu\u0161ki\" \/>\n<meta name=\"twitter:card\" content=\"summary_large_image\" \/>\n<meta name=\"twitter:creator\" content=\"@radioljubuski\" \/>\n<meta name=\"twitter:site\" content=\"@radioljubuski\" \/>\n<meta name=\"twitter:label1\" content=\"Napisao\/la\" \/>\n\t<meta name=\"twitter:data1\" content=\"Radio Ljubu\u0161ki\" \/>\n\t<meta name=\"twitter:label2\" content=\"Procijenjeno vrijeme \u010ditanja\" \/>\n\t<meta name=\"twitter:data2\" content=\"4 minute\" \/>\n<script type=\"application\/ld+json\" class=\"yoast-schema-graph\">{\"@context\":\"https:\\\/\\\/schema.org\",\"@graph\":[{\"@type\":\"Article\",\"@id\":\"https:\\\/\\\/radioljubuski.ba\\\/index.php\\\/2021\\\/10\\\/27\\\/baka-mila-iz-sovica-proslavila-100-rodendan-prezivjela-ratove-smrt-muza-od-ovrhe-je-spasili-sudski-djelatnici\\\/#article\",\"isPartOf\":{\"@id\":\"https:\\\/\\\/radioljubuski.ba\\\/index.php\\\/2021\\\/10\\\/27\\\/baka-mila-iz-sovica-proslavila-100-rodendan-prezivjela-ratove-smrt-muza-od-ovrhe-je-spasili-sudski-djelatnici\\\/\"},\"author\":{\"name\":\"Radio Ljubu\u0161ki\",\"@id\":\"https:\\\/\\\/radioljubuski.ba\\\/#\\\/schema\\\/person\\\/19fc700381a780f69665d7956c469e3b\"},\"headline\":\"Baka Mila iz Sovi\u0107a proslavila 100. ro\u0111endan: Pre\u017eivjela ratove, smrt mu\u017ea, sada je od ovrhe spasili sudski djelatnici\",\"datePublished\":\"2021-10-27T12:46:18+00:00\",\"dateModified\":\"2021-10-30T09:17:53+00:00\",\"mainEntityOfPage\":{\"@id\":\"https:\\\/\\\/radioljubuski.ba\\\/index.php\\\/2021\\\/10\\\/27\\\/baka-mila-iz-sovica-proslavila-100-rodendan-prezivjela-ratove-smrt-muza-od-ovrhe-je-spasili-sudski-djelatnici\\\/\"},\"wordCount\":775,\"publisher\":{\"@id\":\"https:\\\/\\\/radioljubuski.ba\\\/#organization\"},\"image\":{\"@id\":\"https:\\\/\\\/radioljubuski.ba\\\/index.php\\\/2021\\\/10\\\/27\\\/baka-mila-iz-sovica-proslavila-100-rodendan-prezivjela-ratove-smrt-muza-od-ovrhe-je-spasili-sudski-djelatnici\\\/#primaryimage\"},\"thumbnailUrl\":\"https:\\\/\\\/radioljubuski.ba\\\/wp-content\\\/uploads\\\/2021\\\/10\\\/mila-vulic.jpg\",\"articleSection\":[\"RLJ Audio\"],\"inLanguage\":\"hr\"},{\"@type\":\"WebPage\",\"@id\":\"https:\\\/\\\/radioljubuski.ba\\\/index.php\\\/2021\\\/10\\\/27\\\/baka-mila-iz-sovica-proslavila-100-rodendan-prezivjela-ratove-smrt-muza-od-ovrhe-je-spasili-sudski-djelatnici\\\/\",\"url\":\"https:\\\/\\\/radioljubuski.ba\\\/index.php\\\/2021\\\/10\\\/27\\\/baka-mila-iz-sovica-proslavila-100-rodendan-prezivjela-ratove-smrt-muza-od-ovrhe-je-spasili-sudski-djelatnici\\\/\",\"name\":\"Baka Mila iz Sovi\u0107a proslavila 100. ro\u0111endan: Pre\u017eivjela ratove, smrt mu\u017ea, sada je od ovrhe spasili sudski djelatnici - RADIO LJUBU\u0160KI\",\"isPartOf\":{\"@id\":\"https:\\\/\\\/radioljubuski.ba\\\/#website\"},\"primaryImageOfPage\":{\"@id\":\"https:\\\/\\\/radioljubuski.ba\\\/index.php\\\/2021\\\/10\\\/27\\\/baka-mila-iz-sovica-proslavila-100-rodendan-prezivjela-ratove-smrt-muza-od-ovrhe-je-spasili-sudski-djelatnici\\\/#primaryimage\"},\"image\":{\"@id\":\"https:\\\/\\\/radioljubuski.ba\\\/index.php\\\/2021\\\/10\\\/27\\\/baka-mila-iz-sovica-proslavila-100-rodendan-prezivjela-ratove-smrt-muza-od-ovrhe-je-spasili-sudski-djelatnici\\\/#primaryimage\"},\"thumbnailUrl\":\"https:\\\/\\\/radioljubuski.ba\\\/wp-content\\\/uploads\\\/2021\\\/10\\\/mila-vulic.jpg\",\"datePublished\":\"2021-10-27T12:46:18+00:00\",\"dateModified\":\"2021-10-30T09:17:53+00:00\",\"breadcrumb\":{\"@id\":\"https:\\\/\\\/radioljubuski.ba\\\/index.php\\\/2021\\\/10\\\/27\\\/baka-mila-iz-sovica-proslavila-100-rodendan-prezivjela-ratove-smrt-muza-od-ovrhe-je-spasili-sudski-djelatnici\\\/#breadcrumb\"},\"inLanguage\":\"hr\",\"potentialAction\":[{\"@type\":\"ReadAction\",\"target\":[\"https:\\\/\\\/radioljubuski.ba\\\/index.php\\\/2021\\\/10\\\/27\\\/baka-mila-iz-sovica-proslavila-100-rodendan-prezivjela-ratove-smrt-muza-od-ovrhe-je-spasili-sudski-djelatnici\\\/\"]}]},{\"@type\":\"ImageObject\",\"inLanguage\":\"hr\",\"@id\":\"https:\\\/\\\/radioljubuski.ba\\\/index.php\\\/2021\\\/10\\\/27\\\/baka-mila-iz-sovica-proslavila-100-rodendan-prezivjela-ratove-smrt-muza-od-ovrhe-je-spasili-sudski-djelatnici\\\/#primaryimage\",\"url\":\"https:\\\/\\\/radioljubuski.ba\\\/wp-content\\\/uploads\\\/2021\\\/10\\\/mila-vulic.jpg\",\"contentUrl\":\"https:\\\/\\\/radioljubuski.ba\\\/wp-content\\\/uploads\\\/2021\\\/10\\\/mila-vulic.jpg\",\"width\":1101,\"height\":634},{\"@type\":\"BreadcrumbList\",\"@id\":\"https:\\\/\\\/radioljubuski.ba\\\/index.php\\\/2021\\\/10\\\/27\\\/baka-mila-iz-sovica-proslavila-100-rodendan-prezivjela-ratove-smrt-muza-od-ovrhe-je-spasili-sudski-djelatnici\\\/#breadcrumb\",\"itemListElement\":[{\"@type\":\"ListItem\",\"position\":1,\"name\":\"Po\u010detna stranica\",\"item\":\"https:\\\/\\\/radioljubuski.ba\\\/\"},{\"@type\":\"ListItem\",\"position\":2,\"name\":\"Baka Mila iz Sovi\u0107a proslavila 100. ro\u0111endan: Pre\u017eivjela ratove, smrt mu\u017ea, sada je od ovrhe spasili sudski djelatnici\"}]},{\"@type\":\"WebSite\",\"@id\":\"https:\\\/\\\/radioljubuski.ba\\\/#website\",\"url\":\"https:\\\/\\\/radioljubuski.ba\\\/\",\"name\":\"Radio Ljubu\u0161ki\",\"description\":\"Sun\u010dana frekvencija Hercegovine\",\"publisher\":{\"@id\":\"https:\\\/\\\/radioljubuski.ba\\\/#organization\"},\"potentialAction\":[{\"@type\":\"SearchAction\",\"target\":{\"@type\":\"EntryPoint\",\"urlTemplate\":\"https:\\\/\\\/radioljubuski.ba\\\/?s={search_term_string}\"},\"query-input\":{\"@type\":\"PropertyValueSpecification\",\"valueRequired\":true,\"valueName\":\"search_term_string\"}}],\"inLanguage\":\"hr\"},{\"@type\":\"Organization\",\"@id\":\"https:\\\/\\\/radioljubuski.ba\\\/#organization\",\"name\":\"Radio Ljubu\u0161ki\",\"url\":\"https:\\\/\\\/radioljubuski.ba\\\/\",\"logo\":{\"@type\":\"ImageObject\",\"inLanguage\":\"hr\",\"@id\":\"https:\\\/\\\/radioljubuski.ba\\\/#\\\/schema\\\/logo\\\/image\\\/\",\"url\":\"https:\\\/\\\/radioljubuski.ba\\\/wp-content\\\/uploads\\\/2021\\\/02\\\/cropped-Radio_Ljubuski_logo1.jpg\",\"contentUrl\":\"https:\\\/\\\/radioljubuski.ba\\\/wp-content\\\/uploads\\\/2021\\\/02\\\/cropped-Radio_Ljubuski_logo1.jpg\",\"width\":512,\"height\":512,\"caption\":\"Radio Ljubu\u0161ki\"},\"image\":{\"@id\":\"https:\\\/\\\/radioljubuski.ba\\\/#\\\/schema\\\/logo\\\/image\\\/\"},\"sameAs\":[\"https:\\\/\\\/www.facebook.com\\\/Radiio-Ljubuski-1490835324566332\",\"https:\\\/\\\/x.com\\\/radioljubuski\",\"https:\\\/\\\/hr.linkedin.com\\\/company\\\/radio-ljubuski\",\"https:\\\/\\\/www.youtube.com\\\/channel\\\/UCHYaeO_n0Db3tjNGudGpXyw\"]},{\"@type\":\"Person\",\"@id\":\"https:\\\/\\\/radioljubuski.ba\\\/#\\\/schema\\\/person\\\/19fc700381a780f69665d7956c469e3b\",\"name\":\"Radio Ljubu\u0161ki\"}]}<\/script>\n<!-- \/ Yoast SEO plugin. -->","yoast_head_json":{"title":"Baka Mila iz Sovi\u0107a proslavila 100. ro\u0111endan: Pre\u017eivjela ratove, smrt mu\u017ea, sada je od ovrhe spasili sudski djelatnici - RADIO LJUBU\u0160KI","robots":{"index":"index","follow":"follow","max-snippet":"max-snippet:-1","max-image-preview":"max-image-preview:large","max-video-preview":"max-video-preview:-1"},"canonical":"https:\/\/radioljubuski.ba\/index.php\/2021\/10\/27\/baka-mila-iz-sovica-proslavila-100-rodendan-prezivjela-ratove-smrt-muza-od-ovrhe-je-spasili-sudski-djelatnici\/","og_locale":"hr_HR","og_type":"article","og_title":"Baka Mila iz Sovi\u0107a proslavila 100. ro\u0111endan: Pre\u017eivjela ratove, smrt mu\u017ea, sada je od ovrhe spasili sudski djelatnici - RADIO LJUBU\u0160KI","og_description":"Do\u017eivjeti stotu i jo\u0161 uz to biti vitalan prava je rijetkost. A upravo je to slu\u010daj s bakom Milom Vuli\u0107 iz Sovi\u0107a koja je nedavno (16.10.2021.) proslavila stoti ro\u0111endan i to u dru\u0161tvu sudskih djelatnika koji su je do\u0161li po\u010dastiti jer ih je baka osvojila svojom pri\u010dljivo\u0161\u0107u i razborito\u0161\u0107u. Zanimljivo je i kako su je [&hellip;]","og_url":"https:\/\/radioljubuski.ba\/index.php\/2021\/10\/27\/baka-mila-iz-sovica-proslavila-100-rodendan-prezivjela-ratove-smrt-muza-od-ovrhe-je-spasili-sudski-djelatnici\/","og_site_name":"RADIO LJUBU\u0160KI","article_publisher":"https:\/\/www.facebook.com\/Radiio-Ljubuski-1490835324566332","article_published_time":"2021-10-27T12:46:18+00:00","article_modified_time":"2021-10-30T09:17:53+00:00","og_image":[{"width":1101,"height":634,"url":"https:\/\/radioljubuski.ba\/wp-content\/uploads\/2021\/10\/mila-vulic.jpg","type":"image\/jpeg"}],"author":"Radio Ljubu\u0161ki","twitter_card":"summary_large_image","twitter_creator":"@radioljubuski","twitter_site":"@radioljubuski","twitter_misc":{"Napisao\/la":"Radio Ljubu\u0161ki","Procijenjeno vrijeme \u010ditanja":"4 minute"},"schema":{"@context":"https:\/\/schema.org","@graph":[{"@type":"Article","@id":"https:\/\/radioljubuski.ba\/index.php\/2021\/10\/27\/baka-mila-iz-sovica-proslavila-100-rodendan-prezivjela-ratove-smrt-muza-od-ovrhe-je-spasili-sudski-djelatnici\/#article","isPartOf":{"@id":"https:\/\/radioljubuski.ba\/index.php\/2021\/10\/27\/baka-mila-iz-sovica-proslavila-100-rodendan-prezivjela-ratove-smrt-muza-od-ovrhe-je-spasili-sudski-djelatnici\/"},"author":{"name":"Radio Ljubu\u0161ki","@id":"https:\/\/radioljubuski.ba\/#\/schema\/person\/19fc700381a780f69665d7956c469e3b"},"headline":"Baka Mila iz Sovi\u0107a proslavila 100. ro\u0111endan: Pre\u017eivjela ratove, smrt mu\u017ea, sada je od ovrhe spasili sudski djelatnici","datePublished":"2021-10-27T12:46:18+00:00","dateModified":"2021-10-30T09:17:53+00:00","mainEntityOfPage":{"@id":"https:\/\/radioljubuski.ba\/index.php\/2021\/10\/27\/baka-mila-iz-sovica-proslavila-100-rodendan-prezivjela-ratove-smrt-muza-od-ovrhe-je-spasili-sudski-djelatnici\/"},"wordCount":775,"publisher":{"@id":"https:\/\/radioljubuski.ba\/#organization"},"image":{"@id":"https:\/\/radioljubuski.ba\/index.php\/2021\/10\/27\/baka-mila-iz-sovica-proslavila-100-rodendan-prezivjela-ratove-smrt-muza-od-ovrhe-je-spasili-sudski-djelatnici\/#primaryimage"},"thumbnailUrl":"https:\/\/radioljubuski.ba\/wp-content\/uploads\/2021\/10\/mila-vulic.jpg","articleSection":["RLJ Audio"],"inLanguage":"hr"},{"@type":"WebPage","@id":"https:\/\/radioljubuski.ba\/index.php\/2021\/10\/27\/baka-mila-iz-sovica-proslavila-100-rodendan-prezivjela-ratove-smrt-muza-od-ovrhe-je-spasili-sudski-djelatnici\/","url":"https:\/\/radioljubuski.ba\/index.php\/2021\/10\/27\/baka-mila-iz-sovica-proslavila-100-rodendan-prezivjela-ratove-smrt-muza-od-ovrhe-je-spasili-sudski-djelatnici\/","name":"Baka Mila iz Sovi\u0107a proslavila 100. ro\u0111endan: Pre\u017eivjela ratove, smrt mu\u017ea, sada je od ovrhe spasili sudski djelatnici - RADIO LJUBU\u0160KI","isPartOf":{"@id":"https:\/\/radioljubuski.ba\/#website"},"primaryImageOfPage":{"@id":"https:\/\/radioljubuski.ba\/index.php\/2021\/10\/27\/baka-mila-iz-sovica-proslavila-100-rodendan-prezivjela-ratove-smrt-muza-od-ovrhe-je-spasili-sudski-djelatnici\/#primaryimage"},"image":{"@id":"https:\/\/radioljubuski.ba\/index.php\/2021\/10\/27\/baka-mila-iz-sovica-proslavila-100-rodendan-prezivjela-ratove-smrt-muza-od-ovrhe-je-spasili-sudski-djelatnici\/#primaryimage"},"thumbnailUrl":"https:\/\/radioljubuski.ba\/wp-content\/uploads\/2021\/10\/mila-vulic.jpg","datePublished":"2021-10-27T12:46:18+00:00","dateModified":"2021-10-30T09:17:53+00:00","breadcrumb":{"@id":"https:\/\/radioljubuski.ba\/index.php\/2021\/10\/27\/baka-mila-iz-sovica-proslavila-100-rodendan-prezivjela-ratove-smrt-muza-od-ovrhe-je-spasili-sudski-djelatnici\/#breadcrumb"},"inLanguage":"hr","potentialAction":[{"@type":"ReadAction","target":["https:\/\/radioljubuski.ba\/index.php\/2021\/10\/27\/baka-mila-iz-sovica-proslavila-100-rodendan-prezivjela-ratove-smrt-muza-od-ovrhe-je-spasili-sudski-djelatnici\/"]}]},{"@type":"ImageObject","inLanguage":"hr","@id":"https:\/\/radioljubuski.ba\/index.php\/2021\/10\/27\/baka-mila-iz-sovica-proslavila-100-rodendan-prezivjela-ratove-smrt-muza-od-ovrhe-je-spasili-sudski-djelatnici\/#primaryimage","url":"https:\/\/radioljubuski.ba\/wp-content\/uploads\/2021\/10\/mila-vulic.jpg","contentUrl":"https:\/\/radioljubuski.ba\/wp-content\/uploads\/2021\/10\/mila-vulic.jpg","width":1101,"height":634},{"@type":"BreadcrumbList","@id":"https:\/\/radioljubuski.ba\/index.php\/2021\/10\/27\/baka-mila-iz-sovica-proslavila-100-rodendan-prezivjela-ratove-smrt-muza-od-ovrhe-je-spasili-sudski-djelatnici\/#breadcrumb","itemListElement":[{"@type":"ListItem","position":1,"name":"Po\u010detna stranica","item":"https:\/\/radioljubuski.ba\/"},{"@type":"ListItem","position":2,"name":"Baka Mila iz Sovi\u0107a proslavila 100. ro\u0111endan: Pre\u017eivjela ratove, smrt mu\u017ea, sada je od ovrhe spasili sudski djelatnici"}]},{"@type":"WebSite","@id":"https:\/\/radioljubuski.ba\/#website","url":"https:\/\/radioljubuski.ba\/","name":"Radio Ljubu\u0161ki","description":"Sun\u010dana frekvencija Hercegovine","publisher":{"@id":"https:\/\/radioljubuski.ba\/#organization"},"potentialAction":[{"@type":"SearchAction","target":{"@type":"EntryPoint","urlTemplate":"https:\/\/radioljubuski.ba\/?s={search_term_string}"},"query-input":{"@type":"PropertyValueSpecification","valueRequired":true,"valueName":"search_term_string"}}],"inLanguage":"hr"},{"@type":"Organization","@id":"https:\/\/radioljubuski.ba\/#organization","name":"Radio Ljubu\u0161ki","url":"https:\/\/radioljubuski.ba\/","logo":{"@type":"ImageObject","inLanguage":"hr","@id":"https:\/\/radioljubuski.ba\/#\/schema\/logo\/image\/","url":"https:\/\/radioljubuski.ba\/wp-content\/uploads\/2021\/02\/cropped-Radio_Ljubuski_logo1.jpg","contentUrl":"https:\/\/radioljubuski.ba\/wp-content\/uploads\/2021\/02\/cropped-Radio_Ljubuski_logo1.jpg","width":512,"height":512,"caption":"Radio Ljubu\u0161ki"},"image":{"@id":"https:\/\/radioljubuski.ba\/#\/schema\/logo\/image\/"},"sameAs":["https:\/\/www.facebook.com\/Radiio-Ljubuski-1490835324566332","https:\/\/x.com\/radioljubuski","https:\/\/hr.linkedin.com\/company\/radio-ljubuski","https:\/\/www.youtube.com\/channel\/UCHYaeO_n0Db3tjNGudGpXyw"]},{"@type":"Person","@id":"https:\/\/radioljubuski.ba\/#\/schema\/person\/19fc700381a780f69665d7956c469e3b","name":"Radio Ljubu\u0161ki"}]}},"_links":{"self":[{"href":"https:\/\/radioljubuski.ba\/index.php\/wp-json\/wp\/v2\/posts\/81373","targetHints":{"allow":["GET"]}}],"collection":[{"href":"https:\/\/radioljubuski.ba\/index.php\/wp-json\/wp\/v2\/posts"}],"about":[{"href":"https:\/\/radioljubuski.ba\/index.php\/wp-json\/wp\/v2\/types\/post"}],"author":[{"embeddable":true,"href":"https:\/\/radioljubuski.ba\/index.php\/wp-json\/wp\/v2\/users\/2"}],"replies":[{"embeddable":true,"href":"https:\/\/radioljubuski.ba\/index.php\/wp-json\/wp\/v2\/comments?post=81373"}],"version-history":[{"count":3,"href":"https:\/\/radioljubuski.ba\/index.php\/wp-json\/wp\/v2\/posts\/81373\/revisions"}],"predecessor-version":[{"id":82668,"href":"https:\/\/radioljubuski.ba\/index.php\/wp-json\/wp\/v2\/posts\/81373\/revisions\/82668"}],"wp:featuredmedia":[{"embeddable":true,"href":"https:\/\/radioljubuski.ba\/index.php\/wp-json\/wp\/v2\/media\/81378"}],"wp:attachment":[{"href":"https:\/\/radioljubuski.ba\/index.php\/wp-json\/wp\/v2\/media?parent=81373"}],"wp:term":[{"taxonomy":"category","embeddable":true,"href":"https:\/\/radioljubuski.ba\/index.php\/wp-json\/wp\/v2\/categories?post=81373"},{"taxonomy":"post_tag","embeddable":true,"href":"https:\/\/radioljubuski.ba\/index.php\/wp-json\/wp\/v2\/tags?post=81373"}],"curies":[{"name":"wp","href":"https:\/\/api.w.org\/{rel}","templated":true}]}}