{"id":815,"date":"2021-03-02T18:43:45","date_gmt":"2021-03-02T18:43:45","guid":{"rendered":"https:\/\/radioljubuski.ba\/?p=815"},"modified":"2021-03-02T18:43:46","modified_gmt":"2021-03-02T18:43:46","slug":"gradsko-vijece-mostara-o-statutu-za-90-dana-kordic-zadovoljan-vijecnickim-pitanjima","status":"publish","type":"post","link":"https:\/\/radioljubuski.ba\/index.php\/2021\/03\/02\/gradsko-vijece-mostara-o-statutu-za-90-dana-kordic-zadovoljan-vijecnickim-pitanjima\/","title":{"rendered":"Gradsko vije\u0107e Mostara: O Statutu za 90 dana, Kordi\u0107 zadovoljan vije\u0107ni\u010dkim pitanjima"},"content":{"rendered":"\n<p><strong>U ovom trenutku nije mogu\u0107e izvr\u0161iti usvajanje i razmatranje izmjena i dopunama Statuta Grada Mostara i Poslovnika Gradskog vije\u0107a Grada Mostara, odlu\u010dili su danas vije\u0107nici GV Mostara. Za ovakav zaklju\u010dak glasovalo je 26 vije\u0107nika, \u0161est je bilo protiv a jedan suzdr\u017ean.<\/strong><\/p>\n\n\n\n<p>Vije\u0107nici su, naime, odlu\u010dili kako \u0107e se tek utemeljenjem radnih tijela stvoriti uvjeti da se mogu razmatrati izmjene i dopune Statuta i Poslovnika.<\/p>\n\n\n\n<p>Prijedlozi za izmjene i dopune Statuta Grada Mostara i Poslovnika Gradskog vije\u0107a, mogu se dostaviti Povjerenstvu za Statut, pravne akte i nadzor zakonitosti u roku od 30 dana. Potom bi Povjerenstvo u roku od 60 dana dalo svoje mi\u0161ljenje o dostavljenim prijedlozima, prenosi Dnevnik.ba.<\/p>\n\n\n\n<p>Vije\u0107nici su usvojili i zaklju\u010dak izrade Programa rada Gradskog vije\u0107a Grada Mostara za 2021. godinu. Ovime su se zaklju\u010dkom zadu\u017eili gradona\u010delnik i nadle\u017eni odjeli Gradske uprave da u roku od 7 dana dostave svoje prijedloge za Program rada Vije\u0107a za ovu godinu.<\/p>\n\n\n\n<p>Vije\u0107nici su pak prethodno postavljali vije\u0107ni\u010dka pitanja koja su \u201codu\u0161evila\u201d gradona\u010delnika Mostara Maria Kordi\u0107a.<\/p>\n\n\n\n<p>\u201cOdu\u0161evljen sam na\u010dinom na koji je ovo sve krenulo. Osobno \u0107u se potruditi da vije\u0107nici dobiju odgovore na postavljena pitanja. Hvala svima na pitanjima\u201d, rekao je Kordi\u0107 nakon \u0161to su vije\u0107nici postavili pitanja.<\/p>\n\n\n\n<p><strong>Ukupno 24 vije\u0107nika postavila su vije\u0107ni\u010dka pitanja<\/strong><\/p>\n\n\n\n<p>Vije\u0107nik Adil \u0160uta pitao je \u0161to je radila Gradska uprava kako bi pripremila zna\u010dajan broj odluka i prijedloga za Gradsko vije\u0107e Grada Mostara s ciljem da se kroz novu izgradnju pune prora\u010dunski fondovi, posebno sredstva za infrastrukturne projekte? \u0160to poduzima slu\u017eba za inspekcijske poslove povodom paljenja guma na podru\u010dju Bi\u0161\u0107e polja i nelegalnog boravka osoba romske nacionalnosti na podru\u010dju Bi\u0161\u0107e polja i u Vrap\u010di\u0107ima?<\/p>\n\n\n\n<p>Ka\u017eimir Mili\u0107evi\u0107 tra\u017eio je od slu\u017ebe za komunalne poslove Grada Mostara, da dostavi popis svih autobusnih stajali\u0161ta grada Mostara te pitao u kakvom su stanju? Od uprave javnog poduze\u0107a Mo-bus tra\u017eio je da dostave broj mjese\u010dnih karata za srednjo\u0161kolce, studente i umirovljenike s podru\u010dja Mostara.<\/p>\n\n\n\n<p>Anel Kljako zanimao se za iznos pla\u0107a direktora javne ustanove Centra za kulturu Mostar, kao i za prosje\u010dnu pla\u0107u u istoj instituciji?<\/p>\n\n\n\n<p>Damir \u0160unji\u0107 molio je Odjel za dru\u0161tvene djelatnosti i Slu\u017ebu za nekretnine da dostavi popis svih stambenih i poslovnih jedinica u vlasni\u0161tvu Grada Mostara.<\/p>\n\n\n\n<p>\u201cTko ostvaruje prava na iste te po kojoj osnovi? Tako\u0111er ih molim da dostave stanje o \u0160koli u Vojnu. U kakvom se stanju gra\u0111evina nalazi te da li na bilo koji na\u010din ugro\u017eava zdravlje i sigurnost djece i nastavnog osoblja\u201d, pitao je \u0160unji\u0107.<\/p>\n\n\n\n<p>Slaven Bevanda je pitao gradona\u010delnika Kordi\u0107a dostavlja li povjerenstvo za davanje stru\u010dne ocjene izvje\u0161\u0107e o svom radu te zatra\u017eio, ako postoje takva izvje\u0161\u0107a, da se ista prezentiraju.<\/p>\n\n\n\n<p>\u201cDrugo pitanje za gradona\u010delnika i Odjel za nekretnine, da li postoji popis poslovnih prostora koji se nalaze u vlasni\u0161tvu grada koji su dati u zakup ili besplatno kori\u0161tenje\u201d, pitao je Bevanda.<\/p>\n\n\n\n<p>Adela Gosto pitala je Odjel za gospodarstvo, komunalne i inspekcije poslove, zbog \u010dega su u Feji\u0107evoj ulici pomjerene ili nisu u funkciji fiksne i mobilne prepreke koje su onemogu\u0107avale ulazak motornih vozila koja ugro\u017eavaju projekt Grada Mostara koji je vrijedan preko 3 milijuna maraka?<\/p>\n\n\n\n<p>Ivan Zelenika pitao je za\u0161to izgradnja prometnice na potezu Bleibur\u0161kih \u017ertava \u2013 Hajduka Mijata Tomi\u0107a stoji nedovr\u0161ena? Kada se planira njen dovr\u0161etak te zavr\u0161etak eksproprijacije prema bolnici? Primarna kanalizacijska mre\u017ea Vrelo Ili\u0107i \u2013 Cim \u2013 Balinovac, postoji li dokumentacija i osigurana nov\u010dana sredstva za priklju\u010dak na sekundarnu mre\u017eu dijela Ili\u0107a koji nije spojen na primarnu mre\u017eu?<\/p>\n\n\n\n<p>Irma Baralija je kazala kako se u mjestima Prigra\u0111ani \u2013 Salakovac, dio stanovnika ve\u0107 dvije godine bori za pitku vodu.<\/p>\n\n\n\n<p>\u201cDijelovi vodovodne mre\u017ee pokazuju da se depoziti za vodu nalaze neza\u0161ti\u0107eni. Mo\u017ee do\u0107i do namjernog i slu\u010dajnog zaga\u0111enja. Kako je mogu\u0107e da se to nije saniralo? Da se dostavi podatak koliko ima doma\u0107instava koji uop\u0107e nemaju vodu i pitku vodu? Koliko imamo naselja koji nemaju kanalizacijsku mre\u017eu?\u201d<\/p>\n\n\n\n<p>Silvio Bubalo pitao je tko su korisnici odobrenih gra\u0111evinskih dozvola na podru\u010dju Grada Mostara u razdoblju od 2012. do danas te moli da mu se dostavi popis zajedno sa lokacijama? Tko su korisnici odobrenja za postavljanje reklamnih panoa, billboard povr\u0161ina i displeja u Gradu Mostaru te da mi se dostavi popis zajedno sa lokacijama te cijene po kojima je Grad izdao te lokacije?<\/p>\n\n\n\n<p>Vesna \u0160unji\u0107 pitala je li ura\u0111en inspekcijski nadzor ilegalnog odlaganja i spaljivanja otpada u Rodo\u010du i Jasenici na putu za Aluminij? Je li ura\u0111ena valjana analiza od obrade komunalnih voda. Ukoliko jeste, molim da se dostavi ista na uvid \u2013 i to zadnja verzija.<\/p>\n\n\n\n<p>\/HMS\/<\/p>\n","protected":false},"excerpt":{"rendered":"<p>U ovom trenutku nije mogu\u0107e izvr\u0161iti usvajanje i razmatranje izmjena i dopunama Statuta Grada Mostara i Poslovnika Gradskog vije\u0107a Grada Mostara, odlu\u010dili su danas vije\u0107nici GV Mostara. Za ovakav zaklju\u010dak glasovalo je 26 vije\u0107nika, \u0161est je bilo protiv a jedan suzdr\u017ean. Vije\u0107nici su, naime, odlu\u010dili kako \u0107e se tek utemeljenjem radnih tijela stvoriti uvjeti da [&hellip;]<\/p>\n","protected":false},"author":2,"featured_media":816,"comment_status":"closed","ping_status":"closed","sticky":false,"template":"","format":"standard","meta":{"h5ap_radio_sources":[],"footnotes":""},"categories":[1],"tags":[],"class_list":["post-815","post","type-post","status-publish","format-standard","has-post-thumbnail","hentry","category-bihiregija"],"yoast_head":"<!-- This site is optimized with the Yoast SEO plugin v27.5 - https:\/\/yoast.com\/product\/yoast-seo-wordpress\/ -->\n<title>Gradsko vije\u0107e Mostara: O Statutu za 90 dana, Kordi\u0107 zadovoljan vije\u0107ni\u010dkim pitanjima - RADIO LJUBU\u0160KI<\/title>\n<meta name=\"robots\" content=\"index, follow, max-snippet:-1, max-image-preview:large, max-video-preview:-1\" \/>\n<link rel=\"canonical\" href=\"https:\/\/radioljubuski.ba\/index.php\/2021\/03\/02\/gradsko-vijece-mostara-o-statutu-za-90-dana-kordic-zadovoljan-vijecnickim-pitanjima\/\" \/>\n<meta property=\"og:locale\" content=\"hr_HR\" \/>\n<meta property=\"og:type\" content=\"article\" \/>\n<meta property=\"og:title\" content=\"Gradsko vije\u0107e Mostara: O Statutu za 90 dana, Kordi\u0107 zadovoljan vije\u0107ni\u010dkim pitanjima - RADIO LJUBU\u0160KI\" \/>\n<meta property=\"og:description\" content=\"U ovom trenutku nije mogu\u0107e izvr\u0161iti usvajanje i razmatranje izmjena i dopunama Statuta Grada Mostara i Poslovnika Gradskog vije\u0107a Grada Mostara, odlu\u010dili su danas vije\u0107nici GV Mostara. Za ovakav zaklju\u010dak glasovalo je 26 vije\u0107nika, \u0161est je bilo protiv a jedan suzdr\u017ean. Vije\u0107nici su, naime, odlu\u010dili kako \u0107e se tek utemeljenjem radnih tijela stvoriti uvjeti da [&hellip;]\" \/>\n<meta property=\"og:url\" content=\"https:\/\/radioljubuski.ba\/index.php\/2021\/03\/02\/gradsko-vijece-mostara-o-statutu-za-90-dana-kordic-zadovoljan-vijecnickim-pitanjima\/\" \/>\n<meta property=\"og:site_name\" content=\"RADIO LJUBU\u0160KI\" \/>\n<meta property=\"article:publisher\" content=\"https:\/\/www.facebook.com\/Radiio-Ljubuski-1490835324566332\" \/>\n<meta property=\"article:published_time\" content=\"2021-03-02T18:43:45+00:00\" \/>\n<meta property=\"article:modified_time\" content=\"2021-03-02T18:43:46+00:00\" \/>\n<meta property=\"og:image\" content=\"https:\/\/radioljubuski.ba\/wp-content\/uploads\/2021\/03\/gradsko-vijece-mostar3-696x418-1.jpg\" \/>\n\t<meta property=\"og:image:width\" content=\"696\" \/>\n\t<meta property=\"og:image:height\" content=\"418\" \/>\n\t<meta property=\"og:image:type\" content=\"image\/jpeg\" \/>\n<meta name=\"author\" content=\"Radio Ljubu\u0161ki\" \/>\n<meta name=\"twitter:card\" content=\"summary_large_image\" \/>\n<meta name=\"twitter:creator\" content=\"@radioljubuski\" \/>\n<meta name=\"twitter:site\" content=\"@radioljubuski\" \/>\n<meta name=\"twitter:label1\" content=\"Napisao\/la\" \/>\n\t<meta name=\"twitter:data1\" content=\"Radio Ljubu\u0161ki\" \/>\n\t<meta name=\"twitter:label2\" content=\"Procijenjeno vrijeme \u010ditanja\" \/>\n\t<meta name=\"twitter:data2\" content=\"4 minute\" \/>\n<script type=\"application\/ld+json\" class=\"yoast-schema-graph\">{\"@context\":\"https:\\\/\\\/schema.org\",\"@graph\":[{\"@type\":\"Article\",\"@id\":\"https:\\\/\\\/radioljubuski.ba\\\/index.php\\\/2021\\\/03\\\/02\\\/gradsko-vijece-mostara-o-statutu-za-90-dana-kordic-zadovoljan-vijecnickim-pitanjima\\\/#article\",\"isPartOf\":{\"@id\":\"https:\\\/\\\/radioljubuski.ba\\\/index.php\\\/2021\\\/03\\\/02\\\/gradsko-vijece-mostara-o-statutu-za-90-dana-kordic-zadovoljan-vijecnickim-pitanjima\\\/\"},\"author\":{\"name\":\"Radio Ljubu\u0161ki\",\"@id\":\"https:\\\/\\\/radioljubuski.ba\\\/#\\\/schema\\\/person\\\/19fc700381a780f69665d7956c469e3b\"},\"headline\":\"Gradsko vije\u0107e Mostara: O Statutu za 90 dana, Kordi\u0107 zadovoljan vije\u0107ni\u010dkim pitanjima\",\"datePublished\":\"2021-03-02T18:43:45+00:00\",\"dateModified\":\"2021-03-02T18:43:46+00:00\",\"mainEntityOfPage\":{\"@id\":\"https:\\\/\\\/radioljubuski.ba\\\/index.php\\\/2021\\\/03\\\/02\\\/gradsko-vijece-mostara-o-statutu-za-90-dana-kordic-zadovoljan-vijecnickim-pitanjima\\\/\"},\"wordCount\":844,\"publisher\":{\"@id\":\"https:\\\/\\\/radioljubuski.ba\\\/#organization\"},\"image\":{\"@id\":\"https:\\\/\\\/radioljubuski.ba\\\/index.php\\\/2021\\\/03\\\/02\\\/gradsko-vijece-mostara-o-statutu-za-90-dana-kordic-zadovoljan-vijecnickim-pitanjima\\\/#primaryimage\"},\"thumbnailUrl\":\"https:\\\/\\\/radioljubuski.ba\\\/wp-content\\\/uploads\\\/2021\\\/03\\\/gradsko-vijece-mostar3-696x418-1.jpg\",\"articleSection\":[\"BIH i regija\"],\"inLanguage\":\"hr\"},{\"@type\":\"WebPage\",\"@id\":\"https:\\\/\\\/radioljubuski.ba\\\/index.php\\\/2021\\\/03\\\/02\\\/gradsko-vijece-mostara-o-statutu-za-90-dana-kordic-zadovoljan-vijecnickim-pitanjima\\\/\",\"url\":\"https:\\\/\\\/radioljubuski.ba\\\/index.php\\\/2021\\\/03\\\/02\\\/gradsko-vijece-mostara-o-statutu-za-90-dana-kordic-zadovoljan-vijecnickim-pitanjima\\\/\",\"name\":\"Gradsko vije\u0107e Mostara: O Statutu za 90 dana, Kordi\u0107 zadovoljan vije\u0107ni\u010dkim pitanjima - RADIO LJUBU\u0160KI\",\"isPartOf\":{\"@id\":\"https:\\\/\\\/radioljubuski.ba\\\/#website\"},\"primaryImageOfPage\":{\"@id\":\"https:\\\/\\\/radioljubuski.ba\\\/index.php\\\/2021\\\/03\\\/02\\\/gradsko-vijece-mostara-o-statutu-za-90-dana-kordic-zadovoljan-vijecnickim-pitanjima\\\/#primaryimage\"},\"image\":{\"@id\":\"https:\\\/\\\/radioljubuski.ba\\\/index.php\\\/2021\\\/03\\\/02\\\/gradsko-vijece-mostara-o-statutu-za-90-dana-kordic-zadovoljan-vijecnickim-pitanjima\\\/#primaryimage\"},\"thumbnailUrl\":\"https:\\\/\\\/radioljubuski.ba\\\/wp-content\\\/uploads\\\/2021\\\/03\\\/gradsko-vijece-mostar3-696x418-1.jpg\",\"datePublished\":\"2021-03-02T18:43:45+00:00\",\"dateModified\":\"2021-03-02T18:43:46+00:00\",\"breadcrumb\":{\"@id\":\"https:\\\/\\\/radioljubuski.ba\\\/index.php\\\/2021\\\/03\\\/02\\\/gradsko-vijece-mostara-o-statutu-za-90-dana-kordic-zadovoljan-vijecnickim-pitanjima\\\/#breadcrumb\"},\"inLanguage\":\"hr\",\"potentialAction\":[{\"@type\":\"ReadAction\",\"target\":[\"https:\\\/\\\/radioljubuski.ba\\\/index.php\\\/2021\\\/03\\\/02\\\/gradsko-vijece-mostara-o-statutu-za-90-dana-kordic-zadovoljan-vijecnickim-pitanjima\\\/\"]}]},{\"@type\":\"ImageObject\",\"inLanguage\":\"hr\",\"@id\":\"https:\\\/\\\/radioljubuski.ba\\\/index.php\\\/2021\\\/03\\\/02\\\/gradsko-vijece-mostara-o-statutu-za-90-dana-kordic-zadovoljan-vijecnickim-pitanjima\\\/#primaryimage\",\"url\":\"https:\\\/\\\/radioljubuski.ba\\\/wp-content\\\/uploads\\\/2021\\\/03\\\/gradsko-vijece-mostar3-696x418-1.jpg\",\"contentUrl\":\"https:\\\/\\\/radioljubuski.ba\\\/wp-content\\\/uploads\\\/2021\\\/03\\\/gradsko-vijece-mostar3-696x418-1.jpg\",\"width\":696,\"height\":418},{\"@type\":\"BreadcrumbList\",\"@id\":\"https:\\\/\\\/radioljubuski.ba\\\/index.php\\\/2021\\\/03\\\/02\\\/gradsko-vijece-mostara-o-statutu-za-90-dana-kordic-zadovoljan-vijecnickim-pitanjima\\\/#breadcrumb\",\"itemListElement\":[{\"@type\":\"ListItem\",\"position\":1,\"name\":\"Po\u010detna stranica\",\"item\":\"https:\\\/\\\/radioljubuski.ba\\\/\"},{\"@type\":\"ListItem\",\"position\":2,\"name\":\"Gradsko vije\u0107e Mostara: O Statutu za 90 dana, Kordi\u0107 zadovoljan vije\u0107ni\u010dkim pitanjima\"}]},{\"@type\":\"WebSite\",\"@id\":\"https:\\\/\\\/radioljubuski.ba\\\/#website\",\"url\":\"https:\\\/\\\/radioljubuski.ba\\\/\",\"name\":\"Radio Ljubu\u0161ki\",\"description\":\"Sun\u010dana frekvencija Hercegovine\",\"publisher\":{\"@id\":\"https:\\\/\\\/radioljubuski.ba\\\/#organization\"},\"potentialAction\":[{\"@type\":\"SearchAction\",\"target\":{\"@type\":\"EntryPoint\",\"urlTemplate\":\"https:\\\/\\\/radioljubuski.ba\\\/?s={search_term_string}\"},\"query-input\":{\"@type\":\"PropertyValueSpecification\",\"valueRequired\":true,\"valueName\":\"search_term_string\"}}],\"inLanguage\":\"hr\"},{\"@type\":\"Organization\",\"@id\":\"https:\\\/\\\/radioljubuski.ba\\\/#organization\",\"name\":\"Radio Ljubu\u0161ki\",\"url\":\"https:\\\/\\\/radioljubuski.ba\\\/\",\"logo\":{\"@type\":\"ImageObject\",\"inLanguage\":\"hr\",\"@id\":\"https:\\\/\\\/radioljubuski.ba\\\/#\\\/schema\\\/logo\\\/image\\\/\",\"url\":\"https:\\\/\\\/radioljubuski.ba\\\/wp-content\\\/uploads\\\/2021\\\/02\\\/cropped-Radio_Ljubuski_logo1.jpg\",\"contentUrl\":\"https:\\\/\\\/radioljubuski.ba\\\/wp-content\\\/uploads\\\/2021\\\/02\\\/cropped-Radio_Ljubuski_logo1.jpg\",\"width\":512,\"height\":512,\"caption\":\"Radio Ljubu\u0161ki\"},\"image\":{\"@id\":\"https:\\\/\\\/radioljubuski.ba\\\/#\\\/schema\\\/logo\\\/image\\\/\"},\"sameAs\":[\"https:\\\/\\\/www.facebook.com\\\/Radiio-Ljubuski-1490835324566332\",\"https:\\\/\\\/x.com\\\/radioljubuski\",\"https:\\\/\\\/hr.linkedin.com\\\/company\\\/radio-ljubuski\",\"https:\\\/\\\/www.youtube.com\\\/channel\\\/UCHYaeO_n0Db3tjNGudGpXyw\"]},{\"@type\":\"Person\",\"@id\":\"https:\\\/\\\/radioljubuski.ba\\\/#\\\/schema\\\/person\\\/19fc700381a780f69665d7956c469e3b\",\"name\":\"Radio Ljubu\u0161ki\"}]}<\/script>\n<!-- \/ Yoast SEO plugin. -->","yoast_head_json":{"title":"Gradsko vije\u0107e Mostara: O Statutu za 90 dana, Kordi\u0107 zadovoljan vije\u0107ni\u010dkim pitanjima - RADIO LJUBU\u0160KI","robots":{"index":"index","follow":"follow","max-snippet":"max-snippet:-1","max-image-preview":"max-image-preview:large","max-video-preview":"max-video-preview:-1"},"canonical":"https:\/\/radioljubuski.ba\/index.php\/2021\/03\/02\/gradsko-vijece-mostara-o-statutu-za-90-dana-kordic-zadovoljan-vijecnickim-pitanjima\/","og_locale":"hr_HR","og_type":"article","og_title":"Gradsko vije\u0107e Mostara: O Statutu za 90 dana, Kordi\u0107 zadovoljan vije\u0107ni\u010dkim pitanjima - RADIO LJUBU\u0160KI","og_description":"U ovom trenutku nije mogu\u0107e izvr\u0161iti usvajanje i razmatranje izmjena i dopunama Statuta Grada Mostara i Poslovnika Gradskog vije\u0107a Grada Mostara, odlu\u010dili su danas vije\u0107nici GV Mostara. Za ovakav zaklju\u010dak glasovalo je 26 vije\u0107nika, \u0161est je bilo protiv a jedan suzdr\u017ean. Vije\u0107nici su, naime, odlu\u010dili kako \u0107e se tek utemeljenjem radnih tijela stvoriti uvjeti da [&hellip;]","og_url":"https:\/\/radioljubuski.ba\/index.php\/2021\/03\/02\/gradsko-vijece-mostara-o-statutu-za-90-dana-kordic-zadovoljan-vijecnickim-pitanjima\/","og_site_name":"RADIO LJUBU\u0160KI","article_publisher":"https:\/\/www.facebook.com\/Radiio-Ljubuski-1490835324566332","article_published_time":"2021-03-02T18:43:45+00:00","article_modified_time":"2021-03-02T18:43:46+00:00","og_image":[{"width":696,"height":418,"url":"https:\/\/radioljubuski.ba\/wp-content\/uploads\/2021\/03\/gradsko-vijece-mostar3-696x418-1.jpg","type":"image\/jpeg"}],"author":"Radio Ljubu\u0161ki","twitter_card":"summary_large_image","twitter_creator":"@radioljubuski","twitter_site":"@radioljubuski","twitter_misc":{"Napisao\/la":"Radio Ljubu\u0161ki","Procijenjeno vrijeme \u010ditanja":"4 minute"},"schema":{"@context":"https:\/\/schema.org","@graph":[{"@type":"Article","@id":"https:\/\/radioljubuski.ba\/index.php\/2021\/03\/02\/gradsko-vijece-mostara-o-statutu-za-90-dana-kordic-zadovoljan-vijecnickim-pitanjima\/#article","isPartOf":{"@id":"https:\/\/radioljubuski.ba\/index.php\/2021\/03\/02\/gradsko-vijece-mostara-o-statutu-za-90-dana-kordic-zadovoljan-vijecnickim-pitanjima\/"},"author":{"name":"Radio Ljubu\u0161ki","@id":"https:\/\/radioljubuski.ba\/#\/schema\/person\/19fc700381a780f69665d7956c469e3b"},"headline":"Gradsko vije\u0107e Mostara: O Statutu za 90 dana, Kordi\u0107 zadovoljan vije\u0107ni\u010dkim pitanjima","datePublished":"2021-03-02T18:43:45+00:00","dateModified":"2021-03-02T18:43:46+00:00","mainEntityOfPage":{"@id":"https:\/\/radioljubuski.ba\/index.php\/2021\/03\/02\/gradsko-vijece-mostara-o-statutu-za-90-dana-kordic-zadovoljan-vijecnickim-pitanjima\/"},"wordCount":844,"publisher":{"@id":"https:\/\/radioljubuski.ba\/#organization"},"image":{"@id":"https:\/\/radioljubuski.ba\/index.php\/2021\/03\/02\/gradsko-vijece-mostara-o-statutu-za-90-dana-kordic-zadovoljan-vijecnickim-pitanjima\/#primaryimage"},"thumbnailUrl":"https:\/\/radioljubuski.ba\/wp-content\/uploads\/2021\/03\/gradsko-vijece-mostar3-696x418-1.jpg","articleSection":["BIH i regija"],"inLanguage":"hr"},{"@type":"WebPage","@id":"https:\/\/radioljubuski.ba\/index.php\/2021\/03\/02\/gradsko-vijece-mostara-o-statutu-za-90-dana-kordic-zadovoljan-vijecnickim-pitanjima\/","url":"https:\/\/radioljubuski.ba\/index.php\/2021\/03\/02\/gradsko-vijece-mostara-o-statutu-za-90-dana-kordic-zadovoljan-vijecnickim-pitanjima\/","name":"Gradsko vije\u0107e Mostara: O Statutu za 90 dana, Kordi\u0107 zadovoljan vije\u0107ni\u010dkim pitanjima - RADIO LJUBU\u0160KI","isPartOf":{"@id":"https:\/\/radioljubuski.ba\/#website"},"primaryImageOfPage":{"@id":"https:\/\/radioljubuski.ba\/index.php\/2021\/03\/02\/gradsko-vijece-mostara-o-statutu-za-90-dana-kordic-zadovoljan-vijecnickim-pitanjima\/#primaryimage"},"image":{"@id":"https:\/\/radioljubuski.ba\/index.php\/2021\/03\/02\/gradsko-vijece-mostara-o-statutu-za-90-dana-kordic-zadovoljan-vijecnickim-pitanjima\/#primaryimage"},"thumbnailUrl":"https:\/\/radioljubuski.ba\/wp-content\/uploads\/2021\/03\/gradsko-vijece-mostar3-696x418-1.jpg","datePublished":"2021-03-02T18:43:45+00:00","dateModified":"2021-03-02T18:43:46+00:00","breadcrumb":{"@id":"https:\/\/radioljubuski.ba\/index.php\/2021\/03\/02\/gradsko-vijece-mostara-o-statutu-za-90-dana-kordic-zadovoljan-vijecnickim-pitanjima\/#breadcrumb"},"inLanguage":"hr","potentialAction":[{"@type":"ReadAction","target":["https:\/\/radioljubuski.ba\/index.php\/2021\/03\/02\/gradsko-vijece-mostara-o-statutu-za-90-dana-kordic-zadovoljan-vijecnickim-pitanjima\/"]}]},{"@type":"ImageObject","inLanguage":"hr","@id":"https:\/\/radioljubuski.ba\/index.php\/2021\/03\/02\/gradsko-vijece-mostara-o-statutu-za-90-dana-kordic-zadovoljan-vijecnickim-pitanjima\/#primaryimage","url":"https:\/\/radioljubuski.ba\/wp-content\/uploads\/2021\/03\/gradsko-vijece-mostar3-696x418-1.jpg","contentUrl":"https:\/\/radioljubuski.ba\/wp-content\/uploads\/2021\/03\/gradsko-vijece-mostar3-696x418-1.jpg","width":696,"height":418},{"@type":"BreadcrumbList","@id":"https:\/\/radioljubuski.ba\/index.php\/2021\/03\/02\/gradsko-vijece-mostara-o-statutu-za-90-dana-kordic-zadovoljan-vijecnickim-pitanjima\/#breadcrumb","itemListElement":[{"@type":"ListItem","position":1,"name":"Po\u010detna stranica","item":"https:\/\/radioljubuski.ba\/"},{"@type":"ListItem","position":2,"name":"Gradsko vije\u0107e Mostara: O Statutu za 90 dana, Kordi\u0107 zadovoljan vije\u0107ni\u010dkim pitanjima"}]},{"@type":"WebSite","@id":"https:\/\/radioljubuski.ba\/#website","url":"https:\/\/radioljubuski.ba\/","name":"Radio Ljubu\u0161ki","description":"Sun\u010dana frekvencija Hercegovine","publisher":{"@id":"https:\/\/radioljubuski.ba\/#organization"},"potentialAction":[{"@type":"SearchAction","target":{"@type":"EntryPoint","urlTemplate":"https:\/\/radioljubuski.ba\/?s={search_term_string}"},"query-input":{"@type":"PropertyValueSpecification","valueRequired":true,"valueName":"search_term_string"}}],"inLanguage":"hr"},{"@type":"Organization","@id":"https:\/\/radioljubuski.ba\/#organization","name":"Radio Ljubu\u0161ki","url":"https:\/\/radioljubuski.ba\/","logo":{"@type":"ImageObject","inLanguage":"hr","@id":"https:\/\/radioljubuski.ba\/#\/schema\/logo\/image\/","url":"https:\/\/radioljubuski.ba\/wp-content\/uploads\/2021\/02\/cropped-Radio_Ljubuski_logo1.jpg","contentUrl":"https:\/\/radioljubuski.ba\/wp-content\/uploads\/2021\/02\/cropped-Radio_Ljubuski_logo1.jpg","width":512,"height":512,"caption":"Radio Ljubu\u0161ki"},"image":{"@id":"https:\/\/radioljubuski.ba\/#\/schema\/logo\/image\/"},"sameAs":["https:\/\/www.facebook.com\/Radiio-Ljubuski-1490835324566332","https:\/\/x.com\/radioljubuski","https:\/\/hr.linkedin.com\/company\/radio-ljubuski","https:\/\/www.youtube.com\/channel\/UCHYaeO_n0Db3tjNGudGpXyw"]},{"@type":"Person","@id":"https:\/\/radioljubuski.ba\/#\/schema\/person\/19fc700381a780f69665d7956c469e3b","name":"Radio Ljubu\u0161ki"}]}},"_links":{"self":[{"href":"https:\/\/radioljubuski.ba\/index.php\/wp-json\/wp\/v2\/posts\/815","targetHints":{"allow":["GET"]}}],"collection":[{"href":"https:\/\/radioljubuski.ba\/index.php\/wp-json\/wp\/v2\/posts"}],"about":[{"href":"https:\/\/radioljubuski.ba\/index.php\/wp-json\/wp\/v2\/types\/post"}],"author":[{"embeddable":true,"href":"https:\/\/radioljubuski.ba\/index.php\/wp-json\/wp\/v2\/users\/2"}],"replies":[{"embeddable":true,"href":"https:\/\/radioljubuski.ba\/index.php\/wp-json\/wp\/v2\/comments?post=815"}],"version-history":[{"count":1,"href":"https:\/\/radioljubuski.ba\/index.php\/wp-json\/wp\/v2\/posts\/815\/revisions"}],"predecessor-version":[{"id":817,"href":"https:\/\/radioljubuski.ba\/index.php\/wp-json\/wp\/v2\/posts\/815\/revisions\/817"}],"wp:featuredmedia":[{"embeddable":true,"href":"https:\/\/radioljubuski.ba\/index.php\/wp-json\/wp\/v2\/media\/816"}],"wp:attachment":[{"href":"https:\/\/radioljubuski.ba\/index.php\/wp-json\/wp\/v2\/media?parent=815"}],"wp:term":[{"taxonomy":"category","embeddable":true,"href":"https:\/\/radioljubuski.ba\/index.php\/wp-json\/wp\/v2\/categories?post=815"},{"taxonomy":"post_tag","embeddable":true,"href":"https:\/\/radioljubuski.ba\/index.php\/wp-json\/wp\/v2\/tags?post=815"}],"curies":[{"name":"wp","href":"https:\/\/api.w.org\/{rel}","templated":true}]}}