{"id":8151,"date":"2021-03-30T23:05:32","date_gmt":"2021-03-30T22:05:32","guid":{"rendered":"https:\/\/radioljubuski.ba\/?p=8151"},"modified":"2021-03-31T10:08:05","modified_gmt":"2021-03-31T09:08:05","slug":"sterc-buducnost-nam-nestaje-pred-ocima","status":"publish","type":"post","link":"https:\/\/radioljubuski.ba\/index.php\/2021\/03\/30\/sterc-buducnost-nam-nestaje-pred-ocima\/","title":{"rendered":"\u0160terc: Budu\u0107nost nam nestaje pred o\u010dima"},"content":{"rendered":"\n<p><strong>Stru\u010dnjaci tvrde kako smo u ovoj COVID krizi do\u017eivjeli potpuni demografski slom. S druge strane imamo gradove poput Zagreba i aktualne uprave koja donosi pronatalitetne mjere,&nbsp; primjerice roditelji odgojitelji mogu ostvariti pravo na nov\u010danu pomo\u0107. O pronatalitetnoj politici koja nam nikako ne donosi rezultat u emisiji Studio 4 govorili su demograf Stjepan \u0160terc i Janko Fu\u010dkala, roditelj odgajatelj.&nbsp;<\/strong><\/p>\n\n\n\n<iframe loading=\"lazy\" src=\"https:\/\/www.facebook.com\/plugins\/video.php?height=314&#038;href=https%3A%2F%2Fwww.facebook.com%2FHRTvijesti%2Fvideos%2F3883186838402667%2F&#038;show_text=false&#038;width=560\" width=\"560\" height=\"314\" style=\"border:none;overflow:hidden\" scrolling=\"no\" frameborder=\"0\" allowfullscreen=\"true\" allow=\"autoplay; clipboard-write; encrypted-media; picture-in-picture; web-share\" allowFullScreen=\"true\"><\/iframe>\n\n\n\n<p>Iako ka\u017ee da je u ovoj situaciji svaka mjera dobro do\u0161la, \u0160terc smatra da mjeru koju je grad Zagreb donio prije nekoliko dana ne\u0107e biti od posebne koristi.<br><br>&#8211; Ne\u0107e biti dovoljno dok se komplementarno ne poslo\u017ee odluke s nacionalne i s lokalne razine. Na nacionalne razine nemamo nijedan ozbiljan projekt, nijedan poticajni model, probleme ne\u0107e rije\u0161iti porodiljske naknade, dje\u010dji doplatak i sli\u010dno &#8211; ka\u017ee \u0160terc.<br><br>Odavno smo, ka\u017ee, trebali napraviti socijalnu kartu da bi se vidjelo kad idu poticajni modeli prema koje populacije idu. Ne mo\u017eete usmjeriti takve mjere prema nekom tko ima prihode 30 tisu\u0107a kuna mjese\u010dno &#8211; naglasio je.<br><br>Janko Fu\u010dkala je roditelj odgajatelj. Ima 3 djece, 2 blizanke koje su ranije ro\u0111ene i djevoj\u010dicu od 13 godina. Smatra da je mjera odli\u010dna, njemu zapravo dobro do\u0161la jer je jako te\u0161ko, ka\u017ee uskladiti posao i djece. Nov\u010danu pomo\u0107 od okolo 4 800 kuna dobiva jer je dao otkaz u firmu i ispisao djecu iz vrti\u0107a. Bez nov\u010dane pomo\u0107i te\u0161ko bih mogao izi\u0107i na kraj, priznaje.<br><br>&#8211; Lokalne sredine su shvatile problematiku, one se suo\u010davaju s ovim problemima svaki dan i nije im te\u0161ko donositi takve odluke jer one nisu vezane samo za rodnost nego i za useljavanje mladih u pojedine sredine. No, problem je \u0161to fali aktivnost na nacionalnoj razini. \u010cak i ona strategija za demografsku revitalizaciju koja se priprema nakon 6 godina vladanja ne sadr\u017ei klju\u010dne poteze koje bi dr\u017eava trebala povu\u0107i &#8211; smatra \u0160terc.<\/p>\n\n\n\n<p>\u0160terc je komentirao i predvi\u0111anje Eurostata prema kojem \u0107e Hrvatska za tri desetlje\u0107a imati manje 660 tisu\u0107a stanovnika. Smatra da je klju\u010dno to \u0161to nema strate\u0161ke odluke, niti ikakve reakcije. Pro\u0161le godine su, ka\u017ee dosegnuti svi negativni maksimumi, a za njega osobno je, nagla\u0161ava najstra\u0161niji podatak nevjerojatan gubitak u\u010denika i studenata.<br><br>&#8211; U godinu dana, izme\u0111u 2018. i 2019. Hrvatska je izgubila 10.100 u\u010denika i studenata. Ne radi se o stopi smrtnosti, nego o iseljavanju. Nama nestaje budu\u0107nost pred o\u010dima, a na javnoj sceni nisam vidio nijednu rekciju na to. Gledamo politi\u010dku scenu koja se bavi ne znam \u010dime, ali ne i klju\u010dnim stvarima &#8211; poru\u010dio je.<br><br>&#8211; Predvidjeli smo da \u0107e pandemijska kriza ostaviti ve\u0107e tragove na rodnost nego na smrtnost. Pandemije, epidemije, ratovi su bili najve\u0107i destrukcijski demografski faktori kroz povijest. Nama se osim pandemije dogodio i potres, a to su faktori koji destabiliziraju cijelu pri\u010du i te\u0161ko je bilo o\u010dekivati pove\u0107anje rodnosti bez obzira na lockdown &#8211; naglasio je \u0160terc.<br><br>\u0160terc smatra da nam fale osnovne politi\u010dke odluke.<br><br>&#8211; Ne radi se o socijalnim ulaganjima, nego o strate\u0161kim potezima, o nacionalnoj pri\u010di opstanka. A to se ne doga\u0111a jer u politi\u010dkom sustavu sjede ljudi koji nemaju pojma o tome, niti imaju hrabrost izre\u0107i u sustavu &#8220;Sada je dosta!&#8221;<br><br>&#8211; Objavili smo znanstveni rad o tome koliko bi nas ko\u0161tala demografska revitalizacije, radilo se o 4 ili 5 mlrd kuna. I kada sam to obrazlagao politi\u010dkom sustavu, rekli su mi da nemaju novaca za to. Takvo ignoriranje problema samo pokazuje da se ne shva\u0107a kako se radi o na\u0161oj budu\u0107nosti &#8211; zaklju\u010dio je \u0160terc.<\/p>\n\n\n\n<p>izvor:hrt.hr<\/p>\n","protected":false},"excerpt":{"rendered":"<p>Stru\u010dnjaci tvrde kako smo u ovoj COVID krizi do\u017eivjeli potpuni demografski slom. S druge strane imamo gradove poput Zagreba i aktualne uprave koja donosi pronatalitetne mjere,&nbsp; primjerice roditelji odgojitelji mogu ostvariti pravo na nov\u010danu pomo\u0107. O pronatalitetnoj politici koja nam nikako ne donosi rezultat u emisiji Studio 4 govorili su demograf Stjepan \u0160terc i Janko [&hellip;]<\/p>\n","protected":false},"author":2,"featured_media":8152,"comment_status":"closed","ping_status":"closed","sticky":false,"template":"","format":"standard","meta":{"h5ap_radio_sources":[],"footnotes":""},"categories":[1],"tags":[],"class_list":["post-8151","post","type-post","status-publish","format-standard","has-post-thumbnail","hentry","category-bihiregija"],"yoast_head":"<!-- This site is optimized with the Yoast SEO plugin v27.5 - https:\/\/yoast.com\/product\/yoast-seo-wordpress\/ -->\n<title>\u0160terc: Budu\u0107nost nam nestaje pred o\u010dima - RADIO LJUBU\u0160KI<\/title>\n<meta name=\"robots\" content=\"index, follow, max-snippet:-1, max-image-preview:large, max-video-preview:-1\" \/>\n<link rel=\"canonical\" href=\"https:\/\/radioljubuski.ba\/index.php\/2021\/03\/30\/sterc-buducnost-nam-nestaje-pred-ocima\/\" \/>\n<meta property=\"og:locale\" content=\"hr_HR\" \/>\n<meta property=\"og:type\" content=\"article\" \/>\n<meta property=\"og:title\" content=\"\u0160terc: Budu\u0107nost nam nestaje pred o\u010dima - RADIO LJUBU\u0160KI\" \/>\n<meta property=\"og:description\" content=\"Stru\u010dnjaci tvrde kako smo u ovoj COVID krizi do\u017eivjeli potpuni demografski slom. S druge strane imamo gradove poput Zagreba i aktualne uprave koja donosi pronatalitetne mjere,&nbsp; primjerice roditelji odgojitelji mogu ostvariti pravo na nov\u010danu pomo\u0107. O pronatalitetnoj politici koja nam nikako ne donosi rezultat u emisiji Studio 4 govorili su demograf Stjepan \u0160terc i Janko [&hellip;]\" \/>\n<meta property=\"og:url\" content=\"https:\/\/radioljubuski.ba\/index.php\/2021\/03\/30\/sterc-buducnost-nam-nestaje-pred-ocima\/\" \/>\n<meta property=\"og:site_name\" content=\"RADIO LJUBU\u0160KI\" \/>\n<meta property=\"article:publisher\" content=\"https:\/\/www.facebook.com\/Radiio-Ljubuski-1490835324566332\" \/>\n<meta property=\"article:published_time\" content=\"2021-03-30T22:05:32+00:00\" \/>\n<meta property=\"article:modified_time\" content=\"2021-03-31T09:08:05+00:00\" \/>\n<meta property=\"og:image\" content=\"https:\/\/radioljubuski.ba\/wp-content\/uploads\/2021\/03\/studio-4-frame-25627-20210330082037.jpg\" \/>\n\t<meta property=\"og:image:width\" content=\"1600\" \/>\n\t<meta property=\"og:image:height\" content=\"998\" \/>\n\t<meta property=\"og:image:type\" content=\"image\/jpeg\" \/>\n<meta name=\"author\" content=\"Radio Ljubu\u0161ki\" \/>\n<meta name=\"twitter:card\" content=\"summary_large_image\" \/>\n<meta name=\"twitter:creator\" content=\"@radioljubuski\" \/>\n<meta name=\"twitter:site\" content=\"@radioljubuski\" \/>\n<meta name=\"twitter:label1\" content=\"Napisao\/la\" \/>\n\t<meta name=\"twitter:data1\" content=\"Radio Ljubu\u0161ki\" \/>\n\t<meta name=\"twitter:label2\" content=\"Procijenjeno vrijeme \u010ditanja\" \/>\n\t<meta name=\"twitter:data2\" content=\"3 minute\" \/>\n<script type=\"application\/ld+json\" class=\"yoast-schema-graph\">{\"@context\":\"https:\\\/\\\/schema.org\",\"@graph\":[{\"@type\":\"Article\",\"@id\":\"https:\\\/\\\/radioljubuski.ba\\\/index.php\\\/2021\\\/03\\\/30\\\/sterc-buducnost-nam-nestaje-pred-ocima\\\/#article\",\"isPartOf\":{\"@id\":\"https:\\\/\\\/radioljubuski.ba\\\/index.php\\\/2021\\\/03\\\/30\\\/sterc-buducnost-nam-nestaje-pred-ocima\\\/\"},\"author\":{\"name\":\"Radio Ljubu\u0161ki\",\"@id\":\"https:\\\/\\\/radioljubuski.ba\\\/#\\\/schema\\\/person\\\/19fc700381a780f69665d7956c469e3b\"},\"headline\":\"\u0160terc: Budu\u0107nost nam nestaje pred o\u010dima\",\"datePublished\":\"2021-03-30T22:05:32+00:00\",\"dateModified\":\"2021-03-31T09:08:05+00:00\",\"mainEntityOfPage\":{\"@id\":\"https:\\\/\\\/radioljubuski.ba\\\/index.php\\\/2021\\\/03\\\/30\\\/sterc-buducnost-nam-nestaje-pred-ocima\\\/\"},\"wordCount\":634,\"publisher\":{\"@id\":\"https:\\\/\\\/radioljubuski.ba\\\/#organization\"},\"image\":{\"@id\":\"https:\\\/\\\/radioljubuski.ba\\\/index.php\\\/2021\\\/03\\\/30\\\/sterc-buducnost-nam-nestaje-pred-ocima\\\/#primaryimage\"},\"thumbnailUrl\":\"https:\\\/\\\/radioljubuski.ba\\\/wp-content\\\/uploads\\\/2021\\\/03\\\/studio-4-frame-25627-20210330082037.jpg\",\"articleSection\":[\"BIH i regija\"],\"inLanguage\":\"hr\"},{\"@type\":\"WebPage\",\"@id\":\"https:\\\/\\\/radioljubuski.ba\\\/index.php\\\/2021\\\/03\\\/30\\\/sterc-buducnost-nam-nestaje-pred-ocima\\\/\",\"url\":\"https:\\\/\\\/radioljubuski.ba\\\/index.php\\\/2021\\\/03\\\/30\\\/sterc-buducnost-nam-nestaje-pred-ocima\\\/\",\"name\":\"\u0160terc: Budu\u0107nost nam nestaje pred o\u010dima - RADIO LJUBU\u0160KI\",\"isPartOf\":{\"@id\":\"https:\\\/\\\/radioljubuski.ba\\\/#website\"},\"primaryImageOfPage\":{\"@id\":\"https:\\\/\\\/radioljubuski.ba\\\/index.php\\\/2021\\\/03\\\/30\\\/sterc-buducnost-nam-nestaje-pred-ocima\\\/#primaryimage\"},\"image\":{\"@id\":\"https:\\\/\\\/radioljubuski.ba\\\/index.php\\\/2021\\\/03\\\/30\\\/sterc-buducnost-nam-nestaje-pred-ocima\\\/#primaryimage\"},\"thumbnailUrl\":\"https:\\\/\\\/radioljubuski.ba\\\/wp-content\\\/uploads\\\/2021\\\/03\\\/studio-4-frame-25627-20210330082037.jpg\",\"datePublished\":\"2021-03-30T22:05:32+00:00\",\"dateModified\":\"2021-03-31T09:08:05+00:00\",\"breadcrumb\":{\"@id\":\"https:\\\/\\\/radioljubuski.ba\\\/index.php\\\/2021\\\/03\\\/30\\\/sterc-buducnost-nam-nestaje-pred-ocima\\\/#breadcrumb\"},\"inLanguage\":\"hr\",\"potentialAction\":[{\"@type\":\"ReadAction\",\"target\":[\"https:\\\/\\\/radioljubuski.ba\\\/index.php\\\/2021\\\/03\\\/30\\\/sterc-buducnost-nam-nestaje-pred-ocima\\\/\"]}]},{\"@type\":\"ImageObject\",\"inLanguage\":\"hr\",\"@id\":\"https:\\\/\\\/radioljubuski.ba\\\/index.php\\\/2021\\\/03\\\/30\\\/sterc-buducnost-nam-nestaje-pred-ocima\\\/#primaryimage\",\"url\":\"https:\\\/\\\/radioljubuski.ba\\\/wp-content\\\/uploads\\\/2021\\\/03\\\/studio-4-frame-25627-20210330082037.jpg\",\"contentUrl\":\"https:\\\/\\\/radioljubuski.ba\\\/wp-content\\\/uploads\\\/2021\\\/03\\\/studio-4-frame-25627-20210330082037.jpg\",\"width\":1600,\"height\":998},{\"@type\":\"BreadcrumbList\",\"@id\":\"https:\\\/\\\/radioljubuski.ba\\\/index.php\\\/2021\\\/03\\\/30\\\/sterc-buducnost-nam-nestaje-pred-ocima\\\/#breadcrumb\",\"itemListElement\":[{\"@type\":\"ListItem\",\"position\":1,\"name\":\"Po\u010detna stranica\",\"item\":\"https:\\\/\\\/radioljubuski.ba\\\/\"},{\"@type\":\"ListItem\",\"position\":2,\"name\":\"\u0160terc: Budu\u0107nost nam nestaje pred o\u010dima\"}]},{\"@type\":\"WebSite\",\"@id\":\"https:\\\/\\\/radioljubuski.ba\\\/#website\",\"url\":\"https:\\\/\\\/radioljubuski.ba\\\/\",\"name\":\"Radio Ljubu\u0161ki\",\"description\":\"Sun\u010dana frekvencija Hercegovine\",\"publisher\":{\"@id\":\"https:\\\/\\\/radioljubuski.ba\\\/#organization\"},\"potentialAction\":[{\"@type\":\"SearchAction\",\"target\":{\"@type\":\"EntryPoint\",\"urlTemplate\":\"https:\\\/\\\/radioljubuski.ba\\\/?s={search_term_string}\"},\"query-input\":{\"@type\":\"PropertyValueSpecification\",\"valueRequired\":true,\"valueName\":\"search_term_string\"}}],\"inLanguage\":\"hr\"},{\"@type\":\"Organization\",\"@id\":\"https:\\\/\\\/radioljubuski.ba\\\/#organization\",\"name\":\"Radio Ljubu\u0161ki\",\"url\":\"https:\\\/\\\/radioljubuski.ba\\\/\",\"logo\":{\"@type\":\"ImageObject\",\"inLanguage\":\"hr\",\"@id\":\"https:\\\/\\\/radioljubuski.ba\\\/#\\\/schema\\\/logo\\\/image\\\/\",\"url\":\"https:\\\/\\\/radioljubuski.ba\\\/wp-content\\\/uploads\\\/2021\\\/02\\\/cropped-Radio_Ljubuski_logo1.jpg\",\"contentUrl\":\"https:\\\/\\\/radioljubuski.ba\\\/wp-content\\\/uploads\\\/2021\\\/02\\\/cropped-Radio_Ljubuski_logo1.jpg\",\"width\":512,\"height\":512,\"caption\":\"Radio Ljubu\u0161ki\"},\"image\":{\"@id\":\"https:\\\/\\\/radioljubuski.ba\\\/#\\\/schema\\\/logo\\\/image\\\/\"},\"sameAs\":[\"https:\\\/\\\/www.facebook.com\\\/Radiio-Ljubuski-1490835324566332\",\"https:\\\/\\\/x.com\\\/radioljubuski\",\"https:\\\/\\\/hr.linkedin.com\\\/company\\\/radio-ljubuski\",\"https:\\\/\\\/www.youtube.com\\\/channel\\\/UCHYaeO_n0Db3tjNGudGpXyw\"]},{\"@type\":\"Person\",\"@id\":\"https:\\\/\\\/radioljubuski.ba\\\/#\\\/schema\\\/person\\\/19fc700381a780f69665d7956c469e3b\",\"name\":\"Radio Ljubu\u0161ki\"}]}<\/script>\n<!-- \/ Yoast SEO plugin. -->","yoast_head_json":{"title":"\u0160terc: Budu\u0107nost nam nestaje pred o\u010dima - RADIO LJUBU\u0160KI","robots":{"index":"index","follow":"follow","max-snippet":"max-snippet:-1","max-image-preview":"max-image-preview:large","max-video-preview":"max-video-preview:-1"},"canonical":"https:\/\/radioljubuski.ba\/index.php\/2021\/03\/30\/sterc-buducnost-nam-nestaje-pred-ocima\/","og_locale":"hr_HR","og_type":"article","og_title":"\u0160terc: Budu\u0107nost nam nestaje pred o\u010dima - RADIO LJUBU\u0160KI","og_description":"Stru\u010dnjaci tvrde kako smo u ovoj COVID krizi do\u017eivjeli potpuni demografski slom. S druge strane imamo gradove poput Zagreba i aktualne uprave koja donosi pronatalitetne mjere,&nbsp; primjerice roditelji odgojitelji mogu ostvariti pravo na nov\u010danu pomo\u0107. O pronatalitetnoj politici koja nam nikako ne donosi rezultat u emisiji Studio 4 govorili su demograf Stjepan \u0160terc i Janko [&hellip;]","og_url":"https:\/\/radioljubuski.ba\/index.php\/2021\/03\/30\/sterc-buducnost-nam-nestaje-pred-ocima\/","og_site_name":"RADIO LJUBU\u0160KI","article_publisher":"https:\/\/www.facebook.com\/Radiio-Ljubuski-1490835324566332","article_published_time":"2021-03-30T22:05:32+00:00","article_modified_time":"2021-03-31T09:08:05+00:00","og_image":[{"width":1600,"height":998,"url":"https:\/\/radioljubuski.ba\/wp-content\/uploads\/2021\/03\/studio-4-frame-25627-20210330082037.jpg","type":"image\/jpeg"}],"author":"Radio Ljubu\u0161ki","twitter_card":"summary_large_image","twitter_creator":"@radioljubuski","twitter_site":"@radioljubuski","twitter_misc":{"Napisao\/la":"Radio Ljubu\u0161ki","Procijenjeno vrijeme \u010ditanja":"3 minute"},"schema":{"@context":"https:\/\/schema.org","@graph":[{"@type":"Article","@id":"https:\/\/radioljubuski.ba\/index.php\/2021\/03\/30\/sterc-buducnost-nam-nestaje-pred-ocima\/#article","isPartOf":{"@id":"https:\/\/radioljubuski.ba\/index.php\/2021\/03\/30\/sterc-buducnost-nam-nestaje-pred-ocima\/"},"author":{"name":"Radio Ljubu\u0161ki","@id":"https:\/\/radioljubuski.ba\/#\/schema\/person\/19fc700381a780f69665d7956c469e3b"},"headline":"\u0160terc: Budu\u0107nost nam nestaje pred o\u010dima","datePublished":"2021-03-30T22:05:32+00:00","dateModified":"2021-03-31T09:08:05+00:00","mainEntityOfPage":{"@id":"https:\/\/radioljubuski.ba\/index.php\/2021\/03\/30\/sterc-buducnost-nam-nestaje-pred-ocima\/"},"wordCount":634,"publisher":{"@id":"https:\/\/radioljubuski.ba\/#organization"},"image":{"@id":"https:\/\/radioljubuski.ba\/index.php\/2021\/03\/30\/sterc-buducnost-nam-nestaje-pred-ocima\/#primaryimage"},"thumbnailUrl":"https:\/\/radioljubuski.ba\/wp-content\/uploads\/2021\/03\/studio-4-frame-25627-20210330082037.jpg","articleSection":["BIH i regija"],"inLanguage":"hr"},{"@type":"WebPage","@id":"https:\/\/radioljubuski.ba\/index.php\/2021\/03\/30\/sterc-buducnost-nam-nestaje-pred-ocima\/","url":"https:\/\/radioljubuski.ba\/index.php\/2021\/03\/30\/sterc-buducnost-nam-nestaje-pred-ocima\/","name":"\u0160terc: Budu\u0107nost nam nestaje pred o\u010dima - RADIO LJUBU\u0160KI","isPartOf":{"@id":"https:\/\/radioljubuski.ba\/#website"},"primaryImageOfPage":{"@id":"https:\/\/radioljubuski.ba\/index.php\/2021\/03\/30\/sterc-buducnost-nam-nestaje-pred-ocima\/#primaryimage"},"image":{"@id":"https:\/\/radioljubuski.ba\/index.php\/2021\/03\/30\/sterc-buducnost-nam-nestaje-pred-ocima\/#primaryimage"},"thumbnailUrl":"https:\/\/radioljubuski.ba\/wp-content\/uploads\/2021\/03\/studio-4-frame-25627-20210330082037.jpg","datePublished":"2021-03-30T22:05:32+00:00","dateModified":"2021-03-31T09:08:05+00:00","breadcrumb":{"@id":"https:\/\/radioljubuski.ba\/index.php\/2021\/03\/30\/sterc-buducnost-nam-nestaje-pred-ocima\/#breadcrumb"},"inLanguage":"hr","potentialAction":[{"@type":"ReadAction","target":["https:\/\/radioljubuski.ba\/index.php\/2021\/03\/30\/sterc-buducnost-nam-nestaje-pred-ocima\/"]}]},{"@type":"ImageObject","inLanguage":"hr","@id":"https:\/\/radioljubuski.ba\/index.php\/2021\/03\/30\/sterc-buducnost-nam-nestaje-pred-ocima\/#primaryimage","url":"https:\/\/radioljubuski.ba\/wp-content\/uploads\/2021\/03\/studio-4-frame-25627-20210330082037.jpg","contentUrl":"https:\/\/radioljubuski.ba\/wp-content\/uploads\/2021\/03\/studio-4-frame-25627-20210330082037.jpg","width":1600,"height":998},{"@type":"BreadcrumbList","@id":"https:\/\/radioljubuski.ba\/index.php\/2021\/03\/30\/sterc-buducnost-nam-nestaje-pred-ocima\/#breadcrumb","itemListElement":[{"@type":"ListItem","position":1,"name":"Po\u010detna stranica","item":"https:\/\/radioljubuski.ba\/"},{"@type":"ListItem","position":2,"name":"\u0160terc: Budu\u0107nost nam nestaje pred o\u010dima"}]},{"@type":"WebSite","@id":"https:\/\/radioljubuski.ba\/#website","url":"https:\/\/radioljubuski.ba\/","name":"Radio Ljubu\u0161ki","description":"Sun\u010dana frekvencija Hercegovine","publisher":{"@id":"https:\/\/radioljubuski.ba\/#organization"},"potentialAction":[{"@type":"SearchAction","target":{"@type":"EntryPoint","urlTemplate":"https:\/\/radioljubuski.ba\/?s={search_term_string}"},"query-input":{"@type":"PropertyValueSpecification","valueRequired":true,"valueName":"search_term_string"}}],"inLanguage":"hr"},{"@type":"Organization","@id":"https:\/\/radioljubuski.ba\/#organization","name":"Radio Ljubu\u0161ki","url":"https:\/\/radioljubuski.ba\/","logo":{"@type":"ImageObject","inLanguage":"hr","@id":"https:\/\/radioljubuski.ba\/#\/schema\/logo\/image\/","url":"https:\/\/radioljubuski.ba\/wp-content\/uploads\/2021\/02\/cropped-Radio_Ljubuski_logo1.jpg","contentUrl":"https:\/\/radioljubuski.ba\/wp-content\/uploads\/2021\/02\/cropped-Radio_Ljubuski_logo1.jpg","width":512,"height":512,"caption":"Radio Ljubu\u0161ki"},"image":{"@id":"https:\/\/radioljubuski.ba\/#\/schema\/logo\/image\/"},"sameAs":["https:\/\/www.facebook.com\/Radiio-Ljubuski-1490835324566332","https:\/\/x.com\/radioljubuski","https:\/\/hr.linkedin.com\/company\/radio-ljubuski","https:\/\/www.youtube.com\/channel\/UCHYaeO_n0Db3tjNGudGpXyw"]},{"@type":"Person","@id":"https:\/\/radioljubuski.ba\/#\/schema\/person\/19fc700381a780f69665d7956c469e3b","name":"Radio Ljubu\u0161ki"}]}},"_links":{"self":[{"href":"https:\/\/radioljubuski.ba\/index.php\/wp-json\/wp\/v2\/posts\/8151","targetHints":{"allow":["GET"]}}],"collection":[{"href":"https:\/\/radioljubuski.ba\/index.php\/wp-json\/wp\/v2\/posts"}],"about":[{"href":"https:\/\/radioljubuski.ba\/index.php\/wp-json\/wp\/v2\/types\/post"}],"author":[{"embeddable":true,"href":"https:\/\/radioljubuski.ba\/index.php\/wp-json\/wp\/v2\/users\/2"}],"replies":[{"embeddable":true,"href":"https:\/\/radioljubuski.ba\/index.php\/wp-json\/wp\/v2\/comments?post=8151"}],"version-history":[{"count":2,"href":"https:\/\/radioljubuski.ba\/index.php\/wp-json\/wp\/v2\/posts\/8151\/revisions"}],"predecessor-version":[{"id":8181,"href":"https:\/\/radioljubuski.ba\/index.php\/wp-json\/wp\/v2\/posts\/8151\/revisions\/8181"}],"wp:featuredmedia":[{"embeddable":true,"href":"https:\/\/radioljubuski.ba\/index.php\/wp-json\/wp\/v2\/media\/8152"}],"wp:attachment":[{"href":"https:\/\/radioljubuski.ba\/index.php\/wp-json\/wp\/v2\/media?parent=8151"}],"wp:term":[{"taxonomy":"category","embeddable":true,"href":"https:\/\/radioljubuski.ba\/index.php\/wp-json\/wp\/v2\/categories?post=8151"},{"taxonomy":"post_tag","embeddable":true,"href":"https:\/\/radioljubuski.ba\/index.php\/wp-json\/wp\/v2\/tags?post=8151"}],"curies":[{"name":"wp","href":"https:\/\/api.w.org\/{rel}","templated":true}]}}