{"id":8178,"date":"2021-03-30T23:23:24","date_gmt":"2021-03-30T22:23:24","guid":{"rendered":"https:\/\/radioljubuski.ba\/?p=8178"},"modified":"2021-03-30T23:23:24","modified_gmt":"2021-03-30T22:23:24","slug":"basic-dug-je-manji-bolnice-ne-placaju-zbog-vecih-placa","status":"publish","type":"post","link":"https:\/\/radioljubuski.ba\/index.php\/2021\/03\/30\/basic-dug-je-manji-bolnice-ne-placaju-zbog-vecih-placa\/","title":{"rendered":"Ba\u0161i\u0107: Dug je manji, bolnice ne pla\u0107aju zbog ve\u0107ih pla\u0107a"},"content":{"rendered":"\n<p><strong>Dug veledrogerijama nije 6,5 nego 3,7 milijardi kuna. Veliki broj bolnica koji ne pla\u0107a od 1.1.2021. je rezultat pove\u0107anja pla\u0107a. U ve\u0107ini bolnica osnovni limit nije dovoljan niti za pla\u0107e, rekao je u Dnevniku HTV-a dr\u017eavni tajnik u Ministarstvu zdravstva Silvio Ba\u0161i\u0107.<\/strong><\/p>\n\n\n\n<p><a href=\"https:\/\/vijesti.hrt.hr\/hrvatska\/medika-obustavila-je-isporuku-lijekova-za-64-bolnice-1276408\"><br><\/a><\/p>\n\n\n\n<p>&#8211; Prvo \u017eelim naglasiti kako je pora\u017eavaju\u0107a \u010dinjenica \u0161to je danas deset gra\u0111ana oboljelo od kolorektalnog karcinoma, a \u0161est je umrlo. To se doga\u0111a svaki dan, a sve zato \u0161to ne mijenjamo na\u0161 \u017eivotni stil, na\u0161 re\u017eim prehrane i \u0161to se manje od \u010detvrtine gra\u0111ana odaziva na preventivne preglede. Ovo je tema o kojoj je vrijedno razgovarati, ali je interesantnije pri\u010dati o dugu koji se gomila u zdravstvu. Dug se gomila 20 godina, dug nismo mi kreirali. Uzrok duga je nesrazmjer u tro\u0161kovima lije\u010denja, koji su vrlo veliki, i izdvajanju za zdravstvo koji su tri puta manji od prosjeka EU, rekao je dr\u017eavni tajnik u Ministarstvu zdravstva Silvio Ba\u0161i\u0107 komentiraju\u0107i situaciju kakvo je stanje u bolnicama sa zalihama lijekova i koja je bolnica najugro\u017eenija.<br><br>Dodao je kako je primarni cilj Vlade je zdravstvena skrb za na\u0161e gra\u0111ane.<br><br>&#8211; To se manifestiralo i u ovim vrlo ru\u017enim situacijama pandemije i potresa. Ulo\u017eili smo enormne napore da svaki gra\u0111anin dobije odgovaraju\u0107u zdravstvenu skrb. Niti jedan pacijent ne\u0107e ostati bez skrbi. Postoje zalihe lijekove u bolnicama. Siguran sam da \u0107emo vrlo brzo prona\u0107i na\u010din ne bi li zadovoljili veledrogerije u njihovim opravdanim tra\u017eenjima i da \u017eivot krene dalje kakav je i dosad bio, rekao je na pitanje ho\u0107e li onkolo\u0161ki bolesnici ostati bez lijekova.<\/p>\n\n\n\n<p>Na pitanje koliko \u0107e novaca ponuditi veledrogerijama na sutra\u0161njem sastanku rekao je da to treba pitati ministra&nbsp;<strong>Zdravka Mari\u0107a.<\/strong><br><br>&#8211; Ovo nije problem koji mo\u017eemo rije\u0161iti mi u ministarstvu zdravstva, ovo je multiresorni problem i zato je sastanak sutra. Doista smo du\u017eni, ali radi objektivnog informiranja javnosti \u017eelim istaknuti da dug nije toliki. Dug je puno manji od 6,5 milijardi kuna. Na dan 28. velja\u010de dug je bio 3,7 milijardi kuna i o tome \u0107emo iznosu razgovarati, rekao je Ba\u0161i\u0107.<br><br>Upitan odakle onda iznos od 6,5 milijardi kuna rekao je da to treba pitati veledrogerije.<br><br>&#8211; Mo\u017ee biti razlika zbog na\u010dina obra\u010dunavanja duga. Oni vjerojatno ra\u010dunaju od samog trenutka isporuke lijeka, a ne ra\u010dunaju vrijeme koje je normalno predvi\u0111eno za pla\u0107anje duga. Tu mo\u017ee biti razlika, rekao je Ba\u0161i\u0107.<br><br>Bolnice redovno ne pla\u0107aju za lijekove i potro\u0161ne materijale, trebale bi pla\u0107ati u zakonskom roku od 60 dana, a 98% bolnica to ne pla\u0107a. To je neodr\u017eivi model, na koji na\u010din to rije\u0161iti da se dug ne gomila jer je od prosinca do kraja velja\u010de porastao za 900 milijuna kuna, upitala je Ba\u0161i\u0107a novinarka&nbsp;<strong>Kristina Boji\u0107.<\/strong><br><br>&#8211; U potpunosti se sla\u017eem. Ovoliki broj bolnica koji ne pla\u0107a to je unazad mjesec-dva ili od 1.1.2021. To je rezultat pove\u0107anja pla\u0107a. Bolnice imaju limit kakav imaju. U ve\u0107ini bolnica osnovni limit nije dovoljan niti za pla\u0107e. Negdje ide 98%, a negdje 110% limita ide za pla\u0107e pa je onda pitanje odakle platiti drugo, rekao je Ba\u0161i\u0107.<br><br>Komentirao je i izjavu ministarstva zdravstva&nbsp;<strong>Vilija Bero\u0161a<\/strong>&nbsp;da je mogu\u0107e pove\u0107anje izdvajanja za zdravstvo iz pla\u0107a.<br><br>&#8211; Ta izjava je izvu\u010dena iz konteksta. Bilo je hipotetsko pitanje, hipotetski odgovor. O svim mogu\u0107im rje\u0161enjima \u0107emo raspravljati i nastojat \u0107emo da ne opteretimo dodatno gra\u0111ane nego da prona\u0111emo unutarnja financijska sredstva kojima \u0107emo zadovoljiti potra\u017eivanja, rekao je Ba\u0161i\u0107.<\/p>\n\n\n\n<p>Izvor:hrt.hr<\/p>\n","protected":false},"excerpt":{"rendered":"<p>Dug veledrogerijama nije 6,5 nego 3,7 milijardi kuna. Veliki broj bolnica koji ne pla\u0107a od 1.1.2021. je rezultat pove\u0107anja pla\u0107a. U ve\u0107ini bolnica osnovni limit nije dovoljan niti za pla\u0107e, rekao je u Dnevniku HTV-a dr\u017eavni tajnik u Ministarstvu zdravstva Silvio Ba\u0161i\u0107. &#8211; Prvo \u017eelim naglasiti kako je pora\u017eavaju\u0107a \u010dinjenica \u0161to je danas deset gra\u0111ana [&hellip;]<\/p>\n","protected":false},"author":2,"featured_media":8179,"comment_status":"closed","ping_status":"closed","sticky":false,"template":"","format":"standard","meta":{"h5ap_radio_sources":[],"footnotes":""},"categories":[1],"tags":[],"class_list":["post-8178","post","type-post","status-publish","format-standard","has-post-thumbnail","hentry","category-bihiregija"],"yoast_head":"<!-- This site is optimized with the Yoast SEO plugin v27.5 - https:\/\/yoast.com\/product\/yoast-seo-wordpress\/ -->\n<title>Ba\u0161i\u0107: Dug je manji, bolnice ne pla\u0107aju zbog ve\u0107ih pla\u0107a - RADIO LJUBU\u0160KI<\/title>\n<meta name=\"robots\" content=\"index, follow, max-snippet:-1, max-image-preview:large, max-video-preview:-1\" \/>\n<link rel=\"canonical\" href=\"https:\/\/radioljubuski.ba\/index.php\/2021\/03\/30\/basic-dug-je-manji-bolnice-ne-placaju-zbog-vecih-placa\/\" \/>\n<meta property=\"og:locale\" content=\"hr_HR\" \/>\n<meta property=\"og:type\" content=\"article\" \/>\n<meta property=\"og:title\" content=\"Ba\u0161i\u0107: Dug je manji, bolnice ne pla\u0107aju zbog ve\u0107ih pla\u0107a - RADIO LJUBU\u0160KI\" \/>\n<meta property=\"og:description\" content=\"Dug veledrogerijama nije 6,5 nego 3,7 milijardi kuna. Veliki broj bolnica koji ne pla\u0107a od 1.1.2021. je rezultat pove\u0107anja pla\u0107a. U ve\u0107ini bolnica osnovni limit nije dovoljan niti za pla\u0107e, rekao je u Dnevniku HTV-a dr\u017eavni tajnik u Ministarstvu zdravstva Silvio Ba\u0161i\u0107. &#8211; Prvo \u017eelim naglasiti kako je pora\u017eavaju\u0107a \u010dinjenica \u0161to je danas deset gra\u0111ana [&hellip;]\" \/>\n<meta property=\"og:url\" content=\"https:\/\/radioljubuski.ba\/index.php\/2021\/03\/30\/basic-dug-je-manji-bolnice-ne-placaju-zbog-vecih-placa\/\" \/>\n<meta property=\"og:site_name\" content=\"RADIO LJUBU\u0160KI\" \/>\n<meta property=\"article:publisher\" content=\"https:\/\/www.facebook.com\/Radiio-Ljubuski-1490835324566332\" \/>\n<meta property=\"article:published_time\" content=\"2021-03-30T22:23:24+00:00\" \/>\n<meta property=\"og:image\" content=\"https:\/\/radioljubuski.ba\/wp-content\/uploads\/2021\/03\/22-2.jpg\" \/>\n\t<meta property=\"og:image:width\" content=\"600\" \/>\n\t<meta property=\"og:image:height\" content=\"338\" \/>\n\t<meta property=\"og:image:type\" content=\"image\/jpeg\" \/>\n<meta name=\"author\" content=\"Radio Ljubu\u0161ki\" \/>\n<meta name=\"twitter:card\" content=\"summary_large_image\" \/>\n<meta name=\"twitter:creator\" content=\"@radioljubuski\" \/>\n<meta name=\"twitter:site\" content=\"@radioljubuski\" \/>\n<meta name=\"twitter:label1\" content=\"Napisao\/la\" \/>\n\t<meta name=\"twitter:data1\" content=\"Radio Ljubu\u0161ki\" \/>\n\t<meta name=\"twitter:label2\" content=\"Procijenjeno vrijeme \u010ditanja\" \/>\n\t<meta name=\"twitter:data2\" content=\"3 minute\" \/>\n<script type=\"application\/ld+json\" class=\"yoast-schema-graph\">{\"@context\":\"https:\\\/\\\/schema.org\",\"@graph\":[{\"@type\":\"Article\",\"@id\":\"https:\\\/\\\/radioljubuski.ba\\\/index.php\\\/2021\\\/03\\\/30\\\/basic-dug-je-manji-bolnice-ne-placaju-zbog-vecih-placa\\\/#article\",\"isPartOf\":{\"@id\":\"https:\\\/\\\/radioljubuski.ba\\\/index.php\\\/2021\\\/03\\\/30\\\/basic-dug-je-manji-bolnice-ne-placaju-zbog-vecih-placa\\\/\"},\"author\":{\"name\":\"Radio Ljubu\u0161ki\",\"@id\":\"https:\\\/\\\/radioljubuski.ba\\\/#\\\/schema\\\/person\\\/19fc700381a780f69665d7956c469e3b\"},\"headline\":\"Ba\u0161i\u0107: Dug je manji, bolnice ne pla\u0107aju zbog ve\u0107ih pla\u0107a\",\"datePublished\":\"2021-03-30T22:23:24+00:00\",\"mainEntityOfPage\":{\"@id\":\"https:\\\/\\\/radioljubuski.ba\\\/index.php\\\/2021\\\/03\\\/30\\\/basic-dug-je-manji-bolnice-ne-placaju-zbog-vecih-placa\\\/\"},\"wordCount\":637,\"publisher\":{\"@id\":\"https:\\\/\\\/radioljubuski.ba\\\/#organization\"},\"image\":{\"@id\":\"https:\\\/\\\/radioljubuski.ba\\\/index.php\\\/2021\\\/03\\\/30\\\/basic-dug-je-manji-bolnice-ne-placaju-zbog-vecih-placa\\\/#primaryimage\"},\"thumbnailUrl\":\"https:\\\/\\\/radioljubuski.ba\\\/wp-content\\\/uploads\\\/2021\\\/03\\\/22-2.jpg\",\"articleSection\":[\"BIH i regija\"],\"inLanguage\":\"hr\"},{\"@type\":\"WebPage\",\"@id\":\"https:\\\/\\\/radioljubuski.ba\\\/index.php\\\/2021\\\/03\\\/30\\\/basic-dug-je-manji-bolnice-ne-placaju-zbog-vecih-placa\\\/\",\"url\":\"https:\\\/\\\/radioljubuski.ba\\\/index.php\\\/2021\\\/03\\\/30\\\/basic-dug-je-manji-bolnice-ne-placaju-zbog-vecih-placa\\\/\",\"name\":\"Ba\u0161i\u0107: Dug je manji, bolnice ne pla\u0107aju zbog ve\u0107ih pla\u0107a - RADIO LJUBU\u0160KI\",\"isPartOf\":{\"@id\":\"https:\\\/\\\/radioljubuski.ba\\\/#website\"},\"primaryImageOfPage\":{\"@id\":\"https:\\\/\\\/radioljubuski.ba\\\/index.php\\\/2021\\\/03\\\/30\\\/basic-dug-je-manji-bolnice-ne-placaju-zbog-vecih-placa\\\/#primaryimage\"},\"image\":{\"@id\":\"https:\\\/\\\/radioljubuski.ba\\\/index.php\\\/2021\\\/03\\\/30\\\/basic-dug-je-manji-bolnice-ne-placaju-zbog-vecih-placa\\\/#primaryimage\"},\"thumbnailUrl\":\"https:\\\/\\\/radioljubuski.ba\\\/wp-content\\\/uploads\\\/2021\\\/03\\\/22-2.jpg\",\"datePublished\":\"2021-03-30T22:23:24+00:00\",\"breadcrumb\":{\"@id\":\"https:\\\/\\\/radioljubuski.ba\\\/index.php\\\/2021\\\/03\\\/30\\\/basic-dug-je-manji-bolnice-ne-placaju-zbog-vecih-placa\\\/#breadcrumb\"},\"inLanguage\":\"hr\",\"potentialAction\":[{\"@type\":\"ReadAction\",\"target\":[\"https:\\\/\\\/radioljubuski.ba\\\/index.php\\\/2021\\\/03\\\/30\\\/basic-dug-je-manji-bolnice-ne-placaju-zbog-vecih-placa\\\/\"]}]},{\"@type\":\"ImageObject\",\"inLanguage\":\"hr\",\"@id\":\"https:\\\/\\\/radioljubuski.ba\\\/index.php\\\/2021\\\/03\\\/30\\\/basic-dug-je-manji-bolnice-ne-placaju-zbog-vecih-placa\\\/#primaryimage\",\"url\":\"https:\\\/\\\/radioljubuski.ba\\\/wp-content\\\/uploads\\\/2021\\\/03\\\/22-2.jpg\",\"contentUrl\":\"https:\\\/\\\/radioljubuski.ba\\\/wp-content\\\/uploads\\\/2021\\\/03\\\/22-2.jpg\",\"width\":600,\"height\":338},{\"@type\":\"BreadcrumbList\",\"@id\":\"https:\\\/\\\/radioljubuski.ba\\\/index.php\\\/2021\\\/03\\\/30\\\/basic-dug-je-manji-bolnice-ne-placaju-zbog-vecih-placa\\\/#breadcrumb\",\"itemListElement\":[{\"@type\":\"ListItem\",\"position\":1,\"name\":\"Po\u010detna stranica\",\"item\":\"https:\\\/\\\/radioljubuski.ba\\\/\"},{\"@type\":\"ListItem\",\"position\":2,\"name\":\"Ba\u0161i\u0107: Dug je manji, bolnice ne pla\u0107aju zbog ve\u0107ih pla\u0107a\"}]},{\"@type\":\"WebSite\",\"@id\":\"https:\\\/\\\/radioljubuski.ba\\\/#website\",\"url\":\"https:\\\/\\\/radioljubuski.ba\\\/\",\"name\":\"Radio Ljubu\u0161ki\",\"description\":\"Sun\u010dana frekvencija Hercegovine\",\"publisher\":{\"@id\":\"https:\\\/\\\/radioljubuski.ba\\\/#organization\"},\"potentialAction\":[{\"@type\":\"SearchAction\",\"target\":{\"@type\":\"EntryPoint\",\"urlTemplate\":\"https:\\\/\\\/radioljubuski.ba\\\/?s={search_term_string}\"},\"query-input\":{\"@type\":\"PropertyValueSpecification\",\"valueRequired\":true,\"valueName\":\"search_term_string\"}}],\"inLanguage\":\"hr\"},{\"@type\":\"Organization\",\"@id\":\"https:\\\/\\\/radioljubuski.ba\\\/#organization\",\"name\":\"Radio Ljubu\u0161ki\",\"url\":\"https:\\\/\\\/radioljubuski.ba\\\/\",\"logo\":{\"@type\":\"ImageObject\",\"inLanguage\":\"hr\",\"@id\":\"https:\\\/\\\/radioljubuski.ba\\\/#\\\/schema\\\/logo\\\/image\\\/\",\"url\":\"https:\\\/\\\/radioljubuski.ba\\\/wp-content\\\/uploads\\\/2021\\\/02\\\/cropped-Radio_Ljubuski_logo1.jpg\",\"contentUrl\":\"https:\\\/\\\/radioljubuski.ba\\\/wp-content\\\/uploads\\\/2021\\\/02\\\/cropped-Radio_Ljubuski_logo1.jpg\",\"width\":512,\"height\":512,\"caption\":\"Radio Ljubu\u0161ki\"},\"image\":{\"@id\":\"https:\\\/\\\/radioljubuski.ba\\\/#\\\/schema\\\/logo\\\/image\\\/\"},\"sameAs\":[\"https:\\\/\\\/www.facebook.com\\\/Radiio-Ljubuski-1490835324566332\",\"https:\\\/\\\/x.com\\\/radioljubuski\",\"https:\\\/\\\/hr.linkedin.com\\\/company\\\/radio-ljubuski\",\"https:\\\/\\\/www.youtube.com\\\/channel\\\/UCHYaeO_n0Db3tjNGudGpXyw\"]},{\"@type\":\"Person\",\"@id\":\"https:\\\/\\\/radioljubuski.ba\\\/#\\\/schema\\\/person\\\/19fc700381a780f69665d7956c469e3b\",\"name\":\"Radio Ljubu\u0161ki\"}]}<\/script>\n<!-- \/ Yoast SEO plugin. -->","yoast_head_json":{"title":"Ba\u0161i\u0107: Dug je manji, bolnice ne pla\u0107aju zbog ve\u0107ih pla\u0107a - RADIO LJUBU\u0160KI","robots":{"index":"index","follow":"follow","max-snippet":"max-snippet:-1","max-image-preview":"max-image-preview:large","max-video-preview":"max-video-preview:-1"},"canonical":"https:\/\/radioljubuski.ba\/index.php\/2021\/03\/30\/basic-dug-je-manji-bolnice-ne-placaju-zbog-vecih-placa\/","og_locale":"hr_HR","og_type":"article","og_title":"Ba\u0161i\u0107: Dug je manji, bolnice ne pla\u0107aju zbog ve\u0107ih pla\u0107a - RADIO LJUBU\u0160KI","og_description":"Dug veledrogerijama nije 6,5 nego 3,7 milijardi kuna. Veliki broj bolnica koji ne pla\u0107a od 1.1.2021. je rezultat pove\u0107anja pla\u0107a. U ve\u0107ini bolnica osnovni limit nije dovoljan niti za pla\u0107e, rekao je u Dnevniku HTV-a dr\u017eavni tajnik u Ministarstvu zdravstva Silvio Ba\u0161i\u0107. &#8211; Prvo \u017eelim naglasiti kako je pora\u017eavaju\u0107a \u010dinjenica \u0161to je danas deset gra\u0111ana [&hellip;]","og_url":"https:\/\/radioljubuski.ba\/index.php\/2021\/03\/30\/basic-dug-je-manji-bolnice-ne-placaju-zbog-vecih-placa\/","og_site_name":"RADIO LJUBU\u0160KI","article_publisher":"https:\/\/www.facebook.com\/Radiio-Ljubuski-1490835324566332","article_published_time":"2021-03-30T22:23:24+00:00","og_image":[{"width":600,"height":338,"url":"https:\/\/radioljubuski.ba\/wp-content\/uploads\/2021\/03\/22-2.jpg","type":"image\/jpeg"}],"author":"Radio Ljubu\u0161ki","twitter_card":"summary_large_image","twitter_creator":"@radioljubuski","twitter_site":"@radioljubuski","twitter_misc":{"Napisao\/la":"Radio Ljubu\u0161ki","Procijenjeno vrijeme \u010ditanja":"3 minute"},"schema":{"@context":"https:\/\/schema.org","@graph":[{"@type":"Article","@id":"https:\/\/radioljubuski.ba\/index.php\/2021\/03\/30\/basic-dug-je-manji-bolnice-ne-placaju-zbog-vecih-placa\/#article","isPartOf":{"@id":"https:\/\/radioljubuski.ba\/index.php\/2021\/03\/30\/basic-dug-je-manji-bolnice-ne-placaju-zbog-vecih-placa\/"},"author":{"name":"Radio Ljubu\u0161ki","@id":"https:\/\/radioljubuski.ba\/#\/schema\/person\/19fc700381a780f69665d7956c469e3b"},"headline":"Ba\u0161i\u0107: Dug je manji, bolnice ne pla\u0107aju zbog ve\u0107ih pla\u0107a","datePublished":"2021-03-30T22:23:24+00:00","mainEntityOfPage":{"@id":"https:\/\/radioljubuski.ba\/index.php\/2021\/03\/30\/basic-dug-je-manji-bolnice-ne-placaju-zbog-vecih-placa\/"},"wordCount":637,"publisher":{"@id":"https:\/\/radioljubuski.ba\/#organization"},"image":{"@id":"https:\/\/radioljubuski.ba\/index.php\/2021\/03\/30\/basic-dug-je-manji-bolnice-ne-placaju-zbog-vecih-placa\/#primaryimage"},"thumbnailUrl":"https:\/\/radioljubuski.ba\/wp-content\/uploads\/2021\/03\/22-2.jpg","articleSection":["BIH i regija"],"inLanguage":"hr"},{"@type":"WebPage","@id":"https:\/\/radioljubuski.ba\/index.php\/2021\/03\/30\/basic-dug-je-manji-bolnice-ne-placaju-zbog-vecih-placa\/","url":"https:\/\/radioljubuski.ba\/index.php\/2021\/03\/30\/basic-dug-je-manji-bolnice-ne-placaju-zbog-vecih-placa\/","name":"Ba\u0161i\u0107: Dug je manji, bolnice ne pla\u0107aju zbog ve\u0107ih pla\u0107a - RADIO LJUBU\u0160KI","isPartOf":{"@id":"https:\/\/radioljubuski.ba\/#website"},"primaryImageOfPage":{"@id":"https:\/\/radioljubuski.ba\/index.php\/2021\/03\/30\/basic-dug-je-manji-bolnice-ne-placaju-zbog-vecih-placa\/#primaryimage"},"image":{"@id":"https:\/\/radioljubuski.ba\/index.php\/2021\/03\/30\/basic-dug-je-manji-bolnice-ne-placaju-zbog-vecih-placa\/#primaryimage"},"thumbnailUrl":"https:\/\/radioljubuski.ba\/wp-content\/uploads\/2021\/03\/22-2.jpg","datePublished":"2021-03-30T22:23:24+00:00","breadcrumb":{"@id":"https:\/\/radioljubuski.ba\/index.php\/2021\/03\/30\/basic-dug-je-manji-bolnice-ne-placaju-zbog-vecih-placa\/#breadcrumb"},"inLanguage":"hr","potentialAction":[{"@type":"ReadAction","target":["https:\/\/radioljubuski.ba\/index.php\/2021\/03\/30\/basic-dug-je-manji-bolnice-ne-placaju-zbog-vecih-placa\/"]}]},{"@type":"ImageObject","inLanguage":"hr","@id":"https:\/\/radioljubuski.ba\/index.php\/2021\/03\/30\/basic-dug-je-manji-bolnice-ne-placaju-zbog-vecih-placa\/#primaryimage","url":"https:\/\/radioljubuski.ba\/wp-content\/uploads\/2021\/03\/22-2.jpg","contentUrl":"https:\/\/radioljubuski.ba\/wp-content\/uploads\/2021\/03\/22-2.jpg","width":600,"height":338},{"@type":"BreadcrumbList","@id":"https:\/\/radioljubuski.ba\/index.php\/2021\/03\/30\/basic-dug-je-manji-bolnice-ne-placaju-zbog-vecih-placa\/#breadcrumb","itemListElement":[{"@type":"ListItem","position":1,"name":"Po\u010detna stranica","item":"https:\/\/radioljubuski.ba\/"},{"@type":"ListItem","position":2,"name":"Ba\u0161i\u0107: Dug je manji, bolnice ne pla\u0107aju zbog ve\u0107ih pla\u0107a"}]},{"@type":"WebSite","@id":"https:\/\/radioljubuski.ba\/#website","url":"https:\/\/radioljubuski.ba\/","name":"Radio Ljubu\u0161ki","description":"Sun\u010dana frekvencija Hercegovine","publisher":{"@id":"https:\/\/radioljubuski.ba\/#organization"},"potentialAction":[{"@type":"SearchAction","target":{"@type":"EntryPoint","urlTemplate":"https:\/\/radioljubuski.ba\/?s={search_term_string}"},"query-input":{"@type":"PropertyValueSpecification","valueRequired":true,"valueName":"search_term_string"}}],"inLanguage":"hr"},{"@type":"Organization","@id":"https:\/\/radioljubuski.ba\/#organization","name":"Radio Ljubu\u0161ki","url":"https:\/\/radioljubuski.ba\/","logo":{"@type":"ImageObject","inLanguage":"hr","@id":"https:\/\/radioljubuski.ba\/#\/schema\/logo\/image\/","url":"https:\/\/radioljubuski.ba\/wp-content\/uploads\/2021\/02\/cropped-Radio_Ljubuski_logo1.jpg","contentUrl":"https:\/\/radioljubuski.ba\/wp-content\/uploads\/2021\/02\/cropped-Radio_Ljubuski_logo1.jpg","width":512,"height":512,"caption":"Radio Ljubu\u0161ki"},"image":{"@id":"https:\/\/radioljubuski.ba\/#\/schema\/logo\/image\/"},"sameAs":["https:\/\/www.facebook.com\/Radiio-Ljubuski-1490835324566332","https:\/\/x.com\/radioljubuski","https:\/\/hr.linkedin.com\/company\/radio-ljubuski","https:\/\/www.youtube.com\/channel\/UCHYaeO_n0Db3tjNGudGpXyw"]},{"@type":"Person","@id":"https:\/\/radioljubuski.ba\/#\/schema\/person\/19fc700381a780f69665d7956c469e3b","name":"Radio Ljubu\u0161ki"}]}},"_links":{"self":[{"href":"https:\/\/radioljubuski.ba\/index.php\/wp-json\/wp\/v2\/posts\/8178","targetHints":{"allow":["GET"]}}],"collection":[{"href":"https:\/\/radioljubuski.ba\/index.php\/wp-json\/wp\/v2\/posts"}],"about":[{"href":"https:\/\/radioljubuski.ba\/index.php\/wp-json\/wp\/v2\/types\/post"}],"author":[{"embeddable":true,"href":"https:\/\/radioljubuski.ba\/index.php\/wp-json\/wp\/v2\/users\/2"}],"replies":[{"embeddable":true,"href":"https:\/\/radioljubuski.ba\/index.php\/wp-json\/wp\/v2\/comments?post=8178"}],"version-history":[{"count":1,"href":"https:\/\/radioljubuski.ba\/index.php\/wp-json\/wp\/v2\/posts\/8178\/revisions"}],"predecessor-version":[{"id":8180,"href":"https:\/\/radioljubuski.ba\/index.php\/wp-json\/wp\/v2\/posts\/8178\/revisions\/8180"}],"wp:featuredmedia":[{"embeddable":true,"href":"https:\/\/radioljubuski.ba\/index.php\/wp-json\/wp\/v2\/media\/8179"}],"wp:attachment":[{"href":"https:\/\/radioljubuski.ba\/index.php\/wp-json\/wp\/v2\/media?parent=8178"}],"wp:term":[{"taxonomy":"category","embeddable":true,"href":"https:\/\/radioljubuski.ba\/index.php\/wp-json\/wp\/v2\/categories?post=8178"},{"taxonomy":"post_tag","embeddable":true,"href":"https:\/\/radioljubuski.ba\/index.php\/wp-json\/wp\/v2\/tags?post=8178"}],"curies":[{"name":"wp","href":"https:\/\/api.w.org\/{rel}","templated":true}]}}