{"id":8231,"date":"2021-03-31T10:00:26","date_gmt":"2021-03-31T09:00:26","guid":{"rendered":"https:\/\/radioljubuski.ba\/?p=8231"},"modified":"2021-03-31T10:00:27","modified_gmt":"2021-03-31T09:00:27","slug":"ovo-su-jeli-nasi-stari-u-hercegovini-pura-varenika-zelje-i-ustipci","status":"publish","type":"post","link":"https:\/\/radioljubuski.ba\/index.php\/2021\/03\/31\/ovo-su-jeli-nasi-stari-u-hercegovini-pura-varenika-zelje-i-ustipci\/","title":{"rendered":"Ovo su jeli na\u0161i stari u Hercegovini: Pura, varenika, zelje i u\u0161tipci"},"content":{"rendered":"\n<p>Naj\u010de\u0161\u0107e se jela pura, a i kruh je obi\u010dno bio&nbsp;kukuruzni, rijetko p\u0161eni\u010dni (\u0161eni\u010dni). Mlijeko je tako\u0111er bilo jedno od glavnih namirnica. Jelo se kao varenika \u2013 skuhano mlijeko u kotlu\u0161i, ali se varenika skupljala i u ve\u0107e posude, potom se ulijevala u stap i mlatila me\u0107ajom. Meteno mlijeko davalo je maslo, koje bi iza\u0161lo na povr\u0161inu stapa, vadilo se i spremalo. Preostalo mlijeko u stapu zvalo se kiselo mlijeko ili mla\u0107enica. Jelo se i nemeteno mlijeko, ali vrlo rijetko. Mlijeko se rijetko sirilo. Meso je bilo rijetkost. Katkad bi u toplije dane bila za ru\u010dak koko\u0161.<\/p>\n\n\n\n<p>Klanje svinje za Bo\u017ei\u0107 i\u0161\u010dekivano je od svih uku\u0107ana s golemim nestrpljenjem jer su znali da \u0107e se najesti mesa. Kad bi tkogod klao svinju, djeca bi i\u0161la k njemu jer su znala da \u0107e dobiti komadi\u0107 mesa zvan peka. Svaki je doma\u0107in znao sam tran\u0161irati svinju. Prvo se \u010dekala d\u017eigerica da se od nje pripremi to\u0107 uz koji se obvezno poslu\u017eivala pura. Iznutrice su prane i od crijeva su pravljene divenice \u2013 krv pomije\u0161ana s kukuruznim bra\u0161nom i isjeckanim malim komadi\u0107ima slaninie. Neki su dodavali mirodije od trava, vrlo \u010desto koroma\u010d, salo je motano tako da bi se moglo objesiti u konobu za su\u0161enje. Tijekom godine od njega je pravljen za\u010din za kuhanu zelen kad vi\u0161e ne bi bilo mesa, ali i za druga jela. Kore slanine bile bi posebno izrezane i pripremljene zasoljenje, a nakon toga za su\u0161enje na dimu. Rebra sa \u0161arenom slaninom odvajana su i su\u0161ena na dimu. Pari\u0107 zelje kuhano na su\u0161enim svinjskim rebrima bilo je (a i danas je) pravi specijalitet u seoskoj prehrani. Povor s kra\u0107im dijelom rebara zvao se isik. Kuhao se sa zeljeni. Povisme bi se tako\u0111er rezalo tako da se mo\u017ee objesiti za su\u0161enje na dimu. Uzdu\u017e kralje\u017enice odvajano je crveno meso, pe\u010denica, koja je osu\u0161ena na dimu prava poslastica. Pekle su se na \u017earu ili prigane s jajima. Ukusna je bila i samo dimljena. Izrezivana su \u010detiri pr\u0161uta. Dva prednja i dva zadnja. Zadnji su kvalitetniji i ve\u0107i. Oni su najprije soljeni, potom pod pritiskom cije\u0111eni, a zatim su\u0161eni. Oglavina je kuhana s kiselim kupusom i davala mu je poseban ukus.<\/p>\n\n\n\n<p>Kola\u010di su bili rijetkost, tek katkad bilo je u\u0161\u0107ipaka i to naj\u010de\u0161\u0107e za vrijeme poklada. Nedostajalo je naime p\u0161eni\u010dnoga bra\u0161na, ali i masti. Ulja seljaci nisu imali, koristila se svinjska mast.<\/p>\n\n\n\n<p><strong>Izvor: Hercegovina.in<\/strong><\/p>\n","protected":false},"excerpt":{"rendered":"<p>Naj\u010de\u0161\u0107e se jela pura, a i kruh je obi\u010dno bio&nbsp;kukuruzni, rijetko p\u0161eni\u010dni (\u0161eni\u010dni). Mlijeko je tako\u0111er bilo jedno od glavnih namirnica. Jelo se kao varenika \u2013 skuhano mlijeko u kotlu\u0161i, ali se varenika skupljala i u ve\u0107e posude, potom se ulijevala u stap i mlatila me\u0107ajom. Meteno mlijeko davalo je maslo, koje bi iza\u0161lo na [&hellip;]<\/p>\n","protected":false},"author":2,"featured_media":8232,"comment_status":"closed","ping_status":"closed","sticky":false,"template":"","format":"standard","meta":{"h5ap_radio_sources":[],"footnotes":""},"categories":[1],"tags":[],"class_list":["post-8231","post","type-post","status-publish","format-standard","has-post-thumbnail","hentry","category-bihiregija"],"yoast_head":"<!-- This site is optimized with the Yoast SEO plugin v27.5 - https:\/\/yoast.com\/product\/yoast-seo-wordpress\/ -->\n<title>Ovo su jeli na\u0161i stari u Hercegovini: Pura, varenika, zelje i u\u0161tipci - RADIO LJUBU\u0160KI<\/title>\n<meta name=\"robots\" content=\"index, follow, max-snippet:-1, max-image-preview:large, max-video-preview:-1\" \/>\n<link rel=\"canonical\" href=\"https:\/\/radioljubuski.ba\/index.php\/2021\/03\/31\/ovo-su-jeli-nasi-stari-u-hercegovini-pura-varenika-zelje-i-ustipci\/\" \/>\n<meta property=\"og:locale\" content=\"hr_HR\" \/>\n<meta property=\"og:type\" content=\"article\" \/>\n<meta property=\"og:title\" content=\"Ovo su jeli na\u0161i stari u Hercegovini: Pura, varenika, zelje i u\u0161tipci - RADIO LJUBU\u0160KI\" \/>\n<meta property=\"og:description\" content=\"Naj\u010de\u0161\u0107e se jela pura, a i kruh je obi\u010dno bio&nbsp;kukuruzni, rijetko p\u0161eni\u010dni (\u0161eni\u010dni). Mlijeko je tako\u0111er bilo jedno od glavnih namirnica. Jelo se kao varenika \u2013 skuhano mlijeko u kotlu\u0161i, ali se varenika skupljala i u ve\u0107e posude, potom se ulijevala u stap i mlatila me\u0107ajom. Meteno mlijeko davalo je maslo, koje bi iza\u0161lo na [&hellip;]\" \/>\n<meta property=\"og:url\" content=\"https:\/\/radioljubuski.ba\/index.php\/2021\/03\/31\/ovo-su-jeli-nasi-stari-u-hercegovini-pura-varenika-zelje-i-ustipci\/\" \/>\n<meta property=\"og:site_name\" content=\"RADIO LJUBU\u0160KI\" \/>\n<meta property=\"article:publisher\" content=\"https:\/\/www.facebook.com\/Radiio-Ljubuski-1490835324566332\" \/>\n<meta property=\"article:published_time\" content=\"2021-03-31T09:00:26+00:00\" \/>\n<meta property=\"article:modified_time\" content=\"2021-03-31T09:00:27+00:00\" \/>\n<meta property=\"og:image\" content=\"https:\/\/radioljubuski.ba\/wp-content\/uploads\/2021\/03\/rastika.jpg\" \/>\n\t<meta property=\"og:image:width\" content=\"622\" \/>\n\t<meta property=\"og:image:height\" content=\"350\" \/>\n\t<meta property=\"og:image:type\" content=\"image\/jpeg\" \/>\n<meta name=\"author\" content=\"Radio Ljubu\u0161ki\" \/>\n<meta name=\"twitter:card\" content=\"summary_large_image\" \/>\n<meta name=\"twitter:creator\" content=\"@radioljubuski\" \/>\n<meta name=\"twitter:site\" content=\"@radioljubuski\" \/>\n<meta name=\"twitter:label1\" content=\"Napisao\/la\" \/>\n\t<meta name=\"twitter:data1\" content=\"Radio Ljubu\u0161ki\" \/>\n\t<meta name=\"twitter:label2\" content=\"Procijenjeno vrijeme \u010ditanja\" \/>\n\t<meta name=\"twitter:data2\" content=\"2 minute\" \/>\n<script type=\"application\/ld+json\" class=\"yoast-schema-graph\">{\"@context\":\"https:\\\/\\\/schema.org\",\"@graph\":[{\"@type\":\"Article\",\"@id\":\"https:\\\/\\\/radioljubuski.ba\\\/index.php\\\/2021\\\/03\\\/31\\\/ovo-su-jeli-nasi-stari-u-hercegovini-pura-varenika-zelje-i-ustipci\\\/#article\",\"isPartOf\":{\"@id\":\"https:\\\/\\\/radioljubuski.ba\\\/index.php\\\/2021\\\/03\\\/31\\\/ovo-su-jeli-nasi-stari-u-hercegovini-pura-varenika-zelje-i-ustipci\\\/\"},\"author\":{\"name\":\"Radio Ljubu\u0161ki\",\"@id\":\"https:\\\/\\\/radioljubuski.ba\\\/#\\\/schema\\\/person\\\/19fc700381a780f69665d7956c469e3b\"},\"headline\":\"Ovo su jeli na\u0161i stari u Hercegovini: Pura, varenika, zelje i u\u0161tipci\",\"datePublished\":\"2021-03-31T09:00:26+00:00\",\"dateModified\":\"2021-03-31T09:00:27+00:00\",\"mainEntityOfPage\":{\"@id\":\"https:\\\/\\\/radioljubuski.ba\\\/index.php\\\/2021\\\/03\\\/31\\\/ovo-su-jeli-nasi-stari-u-hercegovini-pura-varenika-zelje-i-ustipci\\\/\"},\"wordCount\":455,\"publisher\":{\"@id\":\"https:\\\/\\\/radioljubuski.ba\\\/#organization\"},\"image\":{\"@id\":\"https:\\\/\\\/radioljubuski.ba\\\/index.php\\\/2021\\\/03\\\/31\\\/ovo-su-jeli-nasi-stari-u-hercegovini-pura-varenika-zelje-i-ustipci\\\/#primaryimage\"},\"thumbnailUrl\":\"https:\\\/\\\/radioljubuski.ba\\\/wp-content\\\/uploads\\\/2021\\\/03\\\/rastika.jpg\",\"articleSection\":[\"BIH i regija\"],\"inLanguage\":\"hr\"},{\"@type\":\"WebPage\",\"@id\":\"https:\\\/\\\/radioljubuski.ba\\\/index.php\\\/2021\\\/03\\\/31\\\/ovo-su-jeli-nasi-stari-u-hercegovini-pura-varenika-zelje-i-ustipci\\\/\",\"url\":\"https:\\\/\\\/radioljubuski.ba\\\/index.php\\\/2021\\\/03\\\/31\\\/ovo-su-jeli-nasi-stari-u-hercegovini-pura-varenika-zelje-i-ustipci\\\/\",\"name\":\"Ovo su jeli na\u0161i stari u Hercegovini: Pura, varenika, zelje i u\u0161tipci - RADIO LJUBU\u0160KI\",\"isPartOf\":{\"@id\":\"https:\\\/\\\/radioljubuski.ba\\\/#website\"},\"primaryImageOfPage\":{\"@id\":\"https:\\\/\\\/radioljubuski.ba\\\/index.php\\\/2021\\\/03\\\/31\\\/ovo-su-jeli-nasi-stari-u-hercegovini-pura-varenika-zelje-i-ustipci\\\/#primaryimage\"},\"image\":{\"@id\":\"https:\\\/\\\/radioljubuski.ba\\\/index.php\\\/2021\\\/03\\\/31\\\/ovo-su-jeli-nasi-stari-u-hercegovini-pura-varenika-zelje-i-ustipci\\\/#primaryimage\"},\"thumbnailUrl\":\"https:\\\/\\\/radioljubuski.ba\\\/wp-content\\\/uploads\\\/2021\\\/03\\\/rastika.jpg\",\"datePublished\":\"2021-03-31T09:00:26+00:00\",\"dateModified\":\"2021-03-31T09:00:27+00:00\",\"breadcrumb\":{\"@id\":\"https:\\\/\\\/radioljubuski.ba\\\/index.php\\\/2021\\\/03\\\/31\\\/ovo-su-jeli-nasi-stari-u-hercegovini-pura-varenika-zelje-i-ustipci\\\/#breadcrumb\"},\"inLanguage\":\"hr\",\"potentialAction\":[{\"@type\":\"ReadAction\",\"target\":[\"https:\\\/\\\/radioljubuski.ba\\\/index.php\\\/2021\\\/03\\\/31\\\/ovo-su-jeli-nasi-stari-u-hercegovini-pura-varenika-zelje-i-ustipci\\\/\"]}]},{\"@type\":\"ImageObject\",\"inLanguage\":\"hr\",\"@id\":\"https:\\\/\\\/radioljubuski.ba\\\/index.php\\\/2021\\\/03\\\/31\\\/ovo-su-jeli-nasi-stari-u-hercegovini-pura-varenika-zelje-i-ustipci\\\/#primaryimage\",\"url\":\"https:\\\/\\\/radioljubuski.ba\\\/wp-content\\\/uploads\\\/2021\\\/03\\\/rastika.jpg\",\"contentUrl\":\"https:\\\/\\\/radioljubuski.ba\\\/wp-content\\\/uploads\\\/2021\\\/03\\\/rastika.jpg\",\"width\":622,\"height\":350},{\"@type\":\"BreadcrumbList\",\"@id\":\"https:\\\/\\\/radioljubuski.ba\\\/index.php\\\/2021\\\/03\\\/31\\\/ovo-su-jeli-nasi-stari-u-hercegovini-pura-varenika-zelje-i-ustipci\\\/#breadcrumb\",\"itemListElement\":[{\"@type\":\"ListItem\",\"position\":1,\"name\":\"Po\u010detna stranica\",\"item\":\"https:\\\/\\\/radioljubuski.ba\\\/\"},{\"@type\":\"ListItem\",\"position\":2,\"name\":\"Ovo su jeli na\u0161i stari u Hercegovini: Pura, varenika, zelje i u\u0161tipci\"}]},{\"@type\":\"WebSite\",\"@id\":\"https:\\\/\\\/radioljubuski.ba\\\/#website\",\"url\":\"https:\\\/\\\/radioljubuski.ba\\\/\",\"name\":\"Radio Ljubu\u0161ki\",\"description\":\"Sun\u010dana frekvencija Hercegovine\",\"publisher\":{\"@id\":\"https:\\\/\\\/radioljubuski.ba\\\/#organization\"},\"potentialAction\":[{\"@type\":\"SearchAction\",\"target\":{\"@type\":\"EntryPoint\",\"urlTemplate\":\"https:\\\/\\\/radioljubuski.ba\\\/?s={search_term_string}\"},\"query-input\":{\"@type\":\"PropertyValueSpecification\",\"valueRequired\":true,\"valueName\":\"search_term_string\"}}],\"inLanguage\":\"hr\"},{\"@type\":\"Organization\",\"@id\":\"https:\\\/\\\/radioljubuski.ba\\\/#organization\",\"name\":\"Radio Ljubu\u0161ki\",\"url\":\"https:\\\/\\\/radioljubuski.ba\\\/\",\"logo\":{\"@type\":\"ImageObject\",\"inLanguage\":\"hr\",\"@id\":\"https:\\\/\\\/radioljubuski.ba\\\/#\\\/schema\\\/logo\\\/image\\\/\",\"url\":\"https:\\\/\\\/radioljubuski.ba\\\/wp-content\\\/uploads\\\/2021\\\/02\\\/cropped-Radio_Ljubuski_logo1.jpg\",\"contentUrl\":\"https:\\\/\\\/radioljubuski.ba\\\/wp-content\\\/uploads\\\/2021\\\/02\\\/cropped-Radio_Ljubuski_logo1.jpg\",\"width\":512,\"height\":512,\"caption\":\"Radio Ljubu\u0161ki\"},\"image\":{\"@id\":\"https:\\\/\\\/radioljubuski.ba\\\/#\\\/schema\\\/logo\\\/image\\\/\"},\"sameAs\":[\"https:\\\/\\\/www.facebook.com\\\/Radiio-Ljubuski-1490835324566332\",\"https:\\\/\\\/x.com\\\/radioljubuski\",\"https:\\\/\\\/hr.linkedin.com\\\/company\\\/radio-ljubuski\",\"https:\\\/\\\/www.youtube.com\\\/channel\\\/UCHYaeO_n0Db3tjNGudGpXyw\"]},{\"@type\":\"Person\",\"@id\":\"https:\\\/\\\/radioljubuski.ba\\\/#\\\/schema\\\/person\\\/19fc700381a780f69665d7956c469e3b\",\"name\":\"Radio Ljubu\u0161ki\"}]}<\/script>\n<!-- \/ Yoast SEO plugin. -->","yoast_head_json":{"title":"Ovo su jeli na\u0161i stari u Hercegovini: Pura, varenika, zelje i u\u0161tipci - RADIO LJUBU\u0160KI","robots":{"index":"index","follow":"follow","max-snippet":"max-snippet:-1","max-image-preview":"max-image-preview:large","max-video-preview":"max-video-preview:-1"},"canonical":"https:\/\/radioljubuski.ba\/index.php\/2021\/03\/31\/ovo-su-jeli-nasi-stari-u-hercegovini-pura-varenika-zelje-i-ustipci\/","og_locale":"hr_HR","og_type":"article","og_title":"Ovo su jeli na\u0161i stari u Hercegovini: Pura, varenika, zelje i u\u0161tipci - RADIO LJUBU\u0160KI","og_description":"Naj\u010de\u0161\u0107e se jela pura, a i kruh je obi\u010dno bio&nbsp;kukuruzni, rijetko p\u0161eni\u010dni (\u0161eni\u010dni). Mlijeko je tako\u0111er bilo jedno od glavnih namirnica. Jelo se kao varenika \u2013 skuhano mlijeko u kotlu\u0161i, ali se varenika skupljala i u ve\u0107e posude, potom se ulijevala u stap i mlatila me\u0107ajom. Meteno mlijeko davalo je maslo, koje bi iza\u0161lo na [&hellip;]","og_url":"https:\/\/radioljubuski.ba\/index.php\/2021\/03\/31\/ovo-su-jeli-nasi-stari-u-hercegovini-pura-varenika-zelje-i-ustipci\/","og_site_name":"RADIO LJUBU\u0160KI","article_publisher":"https:\/\/www.facebook.com\/Radiio-Ljubuski-1490835324566332","article_published_time":"2021-03-31T09:00:26+00:00","article_modified_time":"2021-03-31T09:00:27+00:00","og_image":[{"width":622,"height":350,"url":"https:\/\/radioljubuski.ba\/wp-content\/uploads\/2021\/03\/rastika.jpg","type":"image\/jpeg"}],"author":"Radio Ljubu\u0161ki","twitter_card":"summary_large_image","twitter_creator":"@radioljubuski","twitter_site":"@radioljubuski","twitter_misc":{"Napisao\/la":"Radio Ljubu\u0161ki","Procijenjeno vrijeme \u010ditanja":"2 minute"},"schema":{"@context":"https:\/\/schema.org","@graph":[{"@type":"Article","@id":"https:\/\/radioljubuski.ba\/index.php\/2021\/03\/31\/ovo-su-jeli-nasi-stari-u-hercegovini-pura-varenika-zelje-i-ustipci\/#article","isPartOf":{"@id":"https:\/\/radioljubuski.ba\/index.php\/2021\/03\/31\/ovo-su-jeli-nasi-stari-u-hercegovini-pura-varenika-zelje-i-ustipci\/"},"author":{"name":"Radio Ljubu\u0161ki","@id":"https:\/\/radioljubuski.ba\/#\/schema\/person\/19fc700381a780f69665d7956c469e3b"},"headline":"Ovo su jeli na\u0161i stari u Hercegovini: Pura, varenika, zelje i u\u0161tipci","datePublished":"2021-03-31T09:00:26+00:00","dateModified":"2021-03-31T09:00:27+00:00","mainEntityOfPage":{"@id":"https:\/\/radioljubuski.ba\/index.php\/2021\/03\/31\/ovo-su-jeli-nasi-stari-u-hercegovini-pura-varenika-zelje-i-ustipci\/"},"wordCount":455,"publisher":{"@id":"https:\/\/radioljubuski.ba\/#organization"},"image":{"@id":"https:\/\/radioljubuski.ba\/index.php\/2021\/03\/31\/ovo-su-jeli-nasi-stari-u-hercegovini-pura-varenika-zelje-i-ustipci\/#primaryimage"},"thumbnailUrl":"https:\/\/radioljubuski.ba\/wp-content\/uploads\/2021\/03\/rastika.jpg","articleSection":["BIH i regija"],"inLanguage":"hr"},{"@type":"WebPage","@id":"https:\/\/radioljubuski.ba\/index.php\/2021\/03\/31\/ovo-su-jeli-nasi-stari-u-hercegovini-pura-varenika-zelje-i-ustipci\/","url":"https:\/\/radioljubuski.ba\/index.php\/2021\/03\/31\/ovo-su-jeli-nasi-stari-u-hercegovini-pura-varenika-zelje-i-ustipci\/","name":"Ovo su jeli na\u0161i stari u Hercegovini: Pura, varenika, zelje i u\u0161tipci - RADIO LJUBU\u0160KI","isPartOf":{"@id":"https:\/\/radioljubuski.ba\/#website"},"primaryImageOfPage":{"@id":"https:\/\/radioljubuski.ba\/index.php\/2021\/03\/31\/ovo-su-jeli-nasi-stari-u-hercegovini-pura-varenika-zelje-i-ustipci\/#primaryimage"},"image":{"@id":"https:\/\/radioljubuski.ba\/index.php\/2021\/03\/31\/ovo-su-jeli-nasi-stari-u-hercegovini-pura-varenika-zelje-i-ustipci\/#primaryimage"},"thumbnailUrl":"https:\/\/radioljubuski.ba\/wp-content\/uploads\/2021\/03\/rastika.jpg","datePublished":"2021-03-31T09:00:26+00:00","dateModified":"2021-03-31T09:00:27+00:00","breadcrumb":{"@id":"https:\/\/radioljubuski.ba\/index.php\/2021\/03\/31\/ovo-su-jeli-nasi-stari-u-hercegovini-pura-varenika-zelje-i-ustipci\/#breadcrumb"},"inLanguage":"hr","potentialAction":[{"@type":"ReadAction","target":["https:\/\/radioljubuski.ba\/index.php\/2021\/03\/31\/ovo-su-jeli-nasi-stari-u-hercegovini-pura-varenika-zelje-i-ustipci\/"]}]},{"@type":"ImageObject","inLanguage":"hr","@id":"https:\/\/radioljubuski.ba\/index.php\/2021\/03\/31\/ovo-su-jeli-nasi-stari-u-hercegovini-pura-varenika-zelje-i-ustipci\/#primaryimage","url":"https:\/\/radioljubuski.ba\/wp-content\/uploads\/2021\/03\/rastika.jpg","contentUrl":"https:\/\/radioljubuski.ba\/wp-content\/uploads\/2021\/03\/rastika.jpg","width":622,"height":350},{"@type":"BreadcrumbList","@id":"https:\/\/radioljubuski.ba\/index.php\/2021\/03\/31\/ovo-su-jeli-nasi-stari-u-hercegovini-pura-varenika-zelje-i-ustipci\/#breadcrumb","itemListElement":[{"@type":"ListItem","position":1,"name":"Po\u010detna stranica","item":"https:\/\/radioljubuski.ba\/"},{"@type":"ListItem","position":2,"name":"Ovo su jeli na\u0161i stari u Hercegovini: Pura, varenika, zelje i u\u0161tipci"}]},{"@type":"WebSite","@id":"https:\/\/radioljubuski.ba\/#website","url":"https:\/\/radioljubuski.ba\/","name":"Radio Ljubu\u0161ki","description":"Sun\u010dana frekvencija Hercegovine","publisher":{"@id":"https:\/\/radioljubuski.ba\/#organization"},"potentialAction":[{"@type":"SearchAction","target":{"@type":"EntryPoint","urlTemplate":"https:\/\/radioljubuski.ba\/?s={search_term_string}"},"query-input":{"@type":"PropertyValueSpecification","valueRequired":true,"valueName":"search_term_string"}}],"inLanguage":"hr"},{"@type":"Organization","@id":"https:\/\/radioljubuski.ba\/#organization","name":"Radio Ljubu\u0161ki","url":"https:\/\/radioljubuski.ba\/","logo":{"@type":"ImageObject","inLanguage":"hr","@id":"https:\/\/radioljubuski.ba\/#\/schema\/logo\/image\/","url":"https:\/\/radioljubuski.ba\/wp-content\/uploads\/2021\/02\/cropped-Radio_Ljubuski_logo1.jpg","contentUrl":"https:\/\/radioljubuski.ba\/wp-content\/uploads\/2021\/02\/cropped-Radio_Ljubuski_logo1.jpg","width":512,"height":512,"caption":"Radio Ljubu\u0161ki"},"image":{"@id":"https:\/\/radioljubuski.ba\/#\/schema\/logo\/image\/"},"sameAs":["https:\/\/www.facebook.com\/Radiio-Ljubuski-1490835324566332","https:\/\/x.com\/radioljubuski","https:\/\/hr.linkedin.com\/company\/radio-ljubuski","https:\/\/www.youtube.com\/channel\/UCHYaeO_n0Db3tjNGudGpXyw"]},{"@type":"Person","@id":"https:\/\/radioljubuski.ba\/#\/schema\/person\/19fc700381a780f69665d7956c469e3b","name":"Radio Ljubu\u0161ki"}]}},"_links":{"self":[{"href":"https:\/\/radioljubuski.ba\/index.php\/wp-json\/wp\/v2\/posts\/8231","targetHints":{"allow":["GET"]}}],"collection":[{"href":"https:\/\/radioljubuski.ba\/index.php\/wp-json\/wp\/v2\/posts"}],"about":[{"href":"https:\/\/radioljubuski.ba\/index.php\/wp-json\/wp\/v2\/types\/post"}],"author":[{"embeddable":true,"href":"https:\/\/radioljubuski.ba\/index.php\/wp-json\/wp\/v2\/users\/2"}],"replies":[{"embeddable":true,"href":"https:\/\/radioljubuski.ba\/index.php\/wp-json\/wp\/v2\/comments?post=8231"}],"version-history":[{"count":1,"href":"https:\/\/radioljubuski.ba\/index.php\/wp-json\/wp\/v2\/posts\/8231\/revisions"}],"predecessor-version":[{"id":8233,"href":"https:\/\/radioljubuski.ba\/index.php\/wp-json\/wp\/v2\/posts\/8231\/revisions\/8233"}],"wp:featuredmedia":[{"embeddable":true,"href":"https:\/\/radioljubuski.ba\/index.php\/wp-json\/wp\/v2\/media\/8232"}],"wp:attachment":[{"href":"https:\/\/radioljubuski.ba\/index.php\/wp-json\/wp\/v2\/media?parent=8231"}],"wp:term":[{"taxonomy":"category","embeddable":true,"href":"https:\/\/radioljubuski.ba\/index.php\/wp-json\/wp\/v2\/categories?post=8231"},{"taxonomy":"post_tag","embeddable":true,"href":"https:\/\/radioljubuski.ba\/index.php\/wp-json\/wp\/v2\/tags?post=8231"}],"curies":[{"name":"wp","href":"https:\/\/api.w.org\/{rel}","templated":true}]}}