{"id":8256,"date":"2021-03-31T10:42:15","date_gmt":"2021-03-31T09:42:15","guid":{"rendered":"https:\/\/radioljubuski.ba\/?p=8256"},"modified":"2021-03-31T10:42:16","modified_gmt":"2021-03-31T09:42:16","slug":"damir-vucic-sve-cemo-uciniti-da-prvi-prodemo-kroz-cilj","status":"publish","type":"post","link":"https:\/\/radioljubuski.ba\/index.php\/2021\/03\/31\/damir-vucic-sve-cemo-uciniti-da-prvi-prodemo-kroz-cilj\/","title":{"rendered":"Damir Vu\u010di\u0107: Sve \u0107emo u\u010diniti da prvi pro\u0111emo kroz cilj"},"content":{"rendered":"\n<p><strong>Nogometa\u0161i Ljubu\u0161kog u drugi dio sezone Druge lige FBiH Jug nisu nastavili sa u\u010dinkom na kakav smo navikli od njih u jesenskom dijelu prvenstva, ali ipak jo\u0161 uvijek nisu ni dozvolili poraz.<\/strong><\/p>\n\n\n\n<p>Ljubu\u0161aci su u prvom dijelu imali svih 12 pobjeda, dok su u prolje\u0107e krenuli sa jednom pobjedom i dva remija.<\/p>\n\n\n\n<p>&nbsp;\u2013 Nije se ni\u0161ta promijenilo u odnosu na pro\u0161lu polusezonu \u0161to se ti\u010de koncepcije, ambicija i razmi\u0161ljanja, ali se promijenio jednim dijelom igra\u010dki kadar. Miljenko Bo\u0161njak je oti\u0161ao u GO\u0160K, dok Jure Pu\u0161i\u0107 nije u stroju zbog operacije koju je imao. Ipak ne mogu re\u0107i da je to utjecalo na rezultat. To nam je \u010dak donekle i dobro do\u0161lo da vidimo koje su mogu\u0107nosti drugih igra\u010da, da vi\u0161e suo\u010dimo mla\u0111e sa izazovom natjecanja, govori trener Ljubu\u0161aka Damir Vu\u010di\u0107.<\/p>\n\n\n\n<p>Ljubu\u0161ki je odigrao nerije\u0161eno u Grudama (2:2), potom protiv Neuma (1:1), da bi pro\u0161le subote bili bolji od Tomislava u Tomislavgradu sa 3:1.<\/p>\n\n\n\n<p>&nbsp;\u2013 Igrali smo u prve dvije utakmice sa neobi\u010dnim ambijentom. Doma\u0107ini su u Grudama bili puni nekog revan\u0161izma i doga\u0111ale su se neke nemile stvari koje nisu uobi\u010dajene za sportske terene. U drugom me\u010du sa Neumom nam se isprije\u010dio orkanski vjetar. Ne ka\u017eem da bi tu pobijedili, ali bi sigurno druk\u010dije igrali, osvrt je Vu\u010di\u0107a.<\/p>\n\n\n\n<p>&nbsp;\u2013 To \u0161to smo prikazali u Tomislavu je prava slika onoga \u0161to smo dosad radili. Imali smo normalan ambijent, i to je bila prava prvenstvena utakmica, iznad prosjeka Druge lige. Dosta tenzija, ali natjecateljskih, ne negativnih. Obje ekipe su bile \u017eeljne igre i pune sportskog motiva. Bolje smo se sna\u0161li i pokazali kvalitetu, dodao je.<\/p>\n\n\n\n<p>Ukupno Ljubu\u0161ki i dalje ide prema svojim planovima naprijed, nastoje\u0107i graditi unutar svog kluba.<\/p>\n\n\n\n<p>&nbsp;\u2013 Bitno je da smo u fazi pripremanja jedne nove mom\u010dadi, gdje dajemo priliku igra\u010dima koji \u0107e nam biti okosnica u budu\u0107em periodu, ka\u017ee Vu\u010di\u0107 koji je prokomentirao i dalje planove:<\/p>\n\n\n\n<p>\u00a0\u2013 Nama je natjecateljski cilj igrati najbolje \u0161to mo\u017eemo i osvojiti \u0161to vi\u0161e bodova. Sad smo u dobroj poziciji i sve \u0107emo u\u010diniti da prvi pro\u0111emo kroz cilj. Igrama \u0107emo probati osigurati prvo mjesto pa \u0107emo dalje i\u0107i u kalkulacije za sve ostalo, zaklju\u010dio je Damir Vu\u010di\u0107.\u00a0<\/p>\n\n\n\n<p><strong>Najkvalitetnija jesen<\/strong><\/p>\n\n\n\n<p>Vu\u010di\u0107 je komentirao prilike u Drugoj ligi FBiH Jug ove sezone.<\/p>\n\n\n\n<p>\u00a0\u2013 Mo\u017eda je bila najkvalitetnija jesen \u0161to se ti\u010de organizacije natjecanja, a pratim ovu ligu ve\u0107 15 godina. Ipak \u010dim se pojavi bilo kakva kalkulacija, do\u0111e do negativnosti kakve su se pojavile na startu prolje\u0107a. Nadam se da \u0107e se vratiti na normalnu razinu i biti pravi prostor za napredak mladih igra\u010da, kazao je Vu\u010di\u0107.<\/p>\n\n\n\n<p><strong>Er.B.<\/strong> \/ Dnevni.ba<\/p>\n","protected":false},"excerpt":{"rendered":"<p>Nogometa\u0161i Ljubu\u0161kog u drugi dio sezone Druge lige FBiH Jug nisu nastavili sa u\u010dinkom na kakav smo navikli od njih u jesenskom dijelu prvenstva, ali ipak jo\u0161 uvijek nisu ni dozvolili poraz. Ljubu\u0161aci su u prvom dijelu imali svih 12 pobjeda, dok su u prolje\u0107e krenuli sa jednom pobjedom i dva remija. &nbsp;\u2013 Nije se [&hellip;]<\/p>\n","protected":false},"author":2,"featured_media":3836,"comment_status":"closed","ping_status":"closed","sticky":false,"template":"","format":"standard","meta":{"h5ap_radio_sources":[],"footnotes":""},"categories":[3],"tags":[],"class_list":["post-8256","post","type-post","status-publish","format-standard","has-post-thumbnail","hentry","category-ljubuski"],"yoast_head":"<!-- This site is optimized with the Yoast SEO plugin v27.4 - https:\/\/yoast.com\/product\/yoast-seo-wordpress\/ -->\n<title>Damir Vu\u010di\u0107: Sve \u0107emo u\u010diniti da prvi pro\u0111emo kroz cilj - RADIO LJUBU\u0160KI<\/title>\n<meta name=\"robots\" content=\"index, follow, max-snippet:-1, max-image-preview:large, max-video-preview:-1\" \/>\n<link rel=\"canonical\" href=\"https:\/\/radioljubuski.ba\/index.php\/2021\/03\/31\/damir-vucic-sve-cemo-uciniti-da-prvi-prodemo-kroz-cilj\/\" \/>\n<meta property=\"og:locale\" content=\"hr_HR\" \/>\n<meta property=\"og:type\" content=\"article\" \/>\n<meta property=\"og:title\" content=\"Damir Vu\u010di\u0107: Sve \u0107emo u\u010diniti da prvi pro\u0111emo kroz cilj - RADIO LJUBU\u0160KI\" \/>\n<meta property=\"og:description\" content=\"Nogometa\u0161i Ljubu\u0161kog u drugi dio sezone Druge lige FBiH Jug nisu nastavili sa u\u010dinkom na kakav smo navikli od njih u jesenskom dijelu prvenstva, ali ipak jo\u0161 uvijek nisu ni dozvolili poraz. Ljubu\u0161aci su u prvom dijelu imali svih 12 pobjeda, dok su u prolje\u0107e krenuli sa jednom pobjedom i dva remija. &nbsp;\u2013 Nije se [&hellip;]\" \/>\n<meta property=\"og:url\" content=\"https:\/\/radioljubuski.ba\/index.php\/2021\/03\/31\/damir-vucic-sve-cemo-uciniti-da-prvi-prodemo-kroz-cilj\/\" \/>\n<meta property=\"og:site_name\" content=\"RADIO LJUBU\u0160KI\" \/>\n<meta property=\"article:publisher\" content=\"https:\/\/www.facebook.com\/Radiio-Ljubuski-1490835324566332\" \/>\n<meta property=\"article:published_time\" content=\"2021-03-31T09:42:15+00:00\" \/>\n<meta property=\"article:modified_time\" content=\"2021-03-31T09:42:16+00:00\" \/>\n<meta property=\"og:image\" content=\"https:\/\/radioljubuski.ba\/wp-content\/uploads\/2021\/03\/vucic-1.jpg\" \/>\n\t<meta property=\"og:image:width\" content=\"1024\" \/>\n\t<meta property=\"og:image:height\" content=\"569\" \/>\n\t<meta property=\"og:image:type\" content=\"image\/jpeg\" \/>\n<meta name=\"author\" content=\"Radio Ljubu\u0161ki\" \/>\n<meta name=\"twitter:card\" content=\"summary_large_image\" \/>\n<meta name=\"twitter:creator\" content=\"@radioljubuski\" \/>\n<meta name=\"twitter:site\" content=\"@radioljubuski\" \/>\n<meta name=\"twitter:label1\" content=\"Napisao\/la\" \/>\n\t<meta name=\"twitter:data1\" content=\"Radio Ljubu\u0161ki\" \/>\n\t<meta name=\"twitter:label2\" content=\"Procijenjeno vrijeme \u010ditanja\" \/>\n\t<meta name=\"twitter:data2\" content=\"2 minute\" \/>\n<script type=\"application\/ld+json\" class=\"yoast-schema-graph\">{\"@context\":\"https:\\\/\\\/schema.org\",\"@graph\":[{\"@type\":\"Article\",\"@id\":\"https:\\\/\\\/radioljubuski.ba\\\/index.php\\\/2021\\\/03\\\/31\\\/damir-vucic-sve-cemo-uciniti-da-prvi-prodemo-kroz-cilj\\\/#article\",\"isPartOf\":{\"@id\":\"https:\\\/\\\/radioljubuski.ba\\\/index.php\\\/2021\\\/03\\\/31\\\/damir-vucic-sve-cemo-uciniti-da-prvi-prodemo-kroz-cilj\\\/\"},\"author\":{\"name\":\"Radio Ljubu\u0161ki\",\"@id\":\"https:\\\/\\\/radioljubuski.ba\\\/#\\\/schema\\\/person\\\/19fc700381a780f69665d7956c469e3b\"},\"headline\":\"Damir Vu\u010di\u0107: Sve \u0107emo u\u010diniti da prvi pro\u0111emo kroz cilj\",\"datePublished\":\"2021-03-31T09:42:15+00:00\",\"dateModified\":\"2021-03-31T09:42:16+00:00\",\"mainEntityOfPage\":{\"@id\":\"https:\\\/\\\/radioljubuski.ba\\\/index.php\\\/2021\\\/03\\\/31\\\/damir-vucic-sve-cemo-uciniti-da-prvi-prodemo-kroz-cilj\\\/\"},\"wordCount\":492,\"publisher\":{\"@id\":\"https:\\\/\\\/radioljubuski.ba\\\/#organization\"},\"image\":{\"@id\":\"https:\\\/\\\/radioljubuski.ba\\\/index.php\\\/2021\\\/03\\\/31\\\/damir-vucic-sve-cemo-uciniti-da-prvi-prodemo-kroz-cilj\\\/#primaryimage\"},\"thumbnailUrl\":\"https:\\\/\\\/radioljubuski.ba\\\/wp-content\\\/uploads\\\/2021\\\/03\\\/vucic-1.jpg\",\"articleSection\":[\"Ljubu\u0161ki\"],\"inLanguage\":\"hr\"},{\"@type\":\"WebPage\",\"@id\":\"https:\\\/\\\/radioljubuski.ba\\\/index.php\\\/2021\\\/03\\\/31\\\/damir-vucic-sve-cemo-uciniti-da-prvi-prodemo-kroz-cilj\\\/\",\"url\":\"https:\\\/\\\/radioljubuski.ba\\\/index.php\\\/2021\\\/03\\\/31\\\/damir-vucic-sve-cemo-uciniti-da-prvi-prodemo-kroz-cilj\\\/\",\"name\":\"Damir Vu\u010di\u0107: Sve \u0107emo u\u010diniti da prvi pro\u0111emo kroz cilj - RADIO LJUBU\u0160KI\",\"isPartOf\":{\"@id\":\"https:\\\/\\\/radioljubuski.ba\\\/#website\"},\"primaryImageOfPage\":{\"@id\":\"https:\\\/\\\/radioljubuski.ba\\\/index.php\\\/2021\\\/03\\\/31\\\/damir-vucic-sve-cemo-uciniti-da-prvi-prodemo-kroz-cilj\\\/#primaryimage\"},\"image\":{\"@id\":\"https:\\\/\\\/radioljubuski.ba\\\/index.php\\\/2021\\\/03\\\/31\\\/damir-vucic-sve-cemo-uciniti-da-prvi-prodemo-kroz-cilj\\\/#primaryimage\"},\"thumbnailUrl\":\"https:\\\/\\\/radioljubuski.ba\\\/wp-content\\\/uploads\\\/2021\\\/03\\\/vucic-1.jpg\",\"datePublished\":\"2021-03-31T09:42:15+00:00\",\"dateModified\":\"2021-03-31T09:42:16+00:00\",\"breadcrumb\":{\"@id\":\"https:\\\/\\\/radioljubuski.ba\\\/index.php\\\/2021\\\/03\\\/31\\\/damir-vucic-sve-cemo-uciniti-da-prvi-prodemo-kroz-cilj\\\/#breadcrumb\"},\"inLanguage\":\"hr\",\"potentialAction\":[{\"@type\":\"ReadAction\",\"target\":[\"https:\\\/\\\/radioljubuski.ba\\\/index.php\\\/2021\\\/03\\\/31\\\/damir-vucic-sve-cemo-uciniti-da-prvi-prodemo-kroz-cilj\\\/\"]}]},{\"@type\":\"ImageObject\",\"inLanguage\":\"hr\",\"@id\":\"https:\\\/\\\/radioljubuski.ba\\\/index.php\\\/2021\\\/03\\\/31\\\/damir-vucic-sve-cemo-uciniti-da-prvi-prodemo-kroz-cilj\\\/#primaryimage\",\"url\":\"https:\\\/\\\/radioljubuski.ba\\\/wp-content\\\/uploads\\\/2021\\\/03\\\/vucic-1.jpg\",\"contentUrl\":\"https:\\\/\\\/radioljubuski.ba\\\/wp-content\\\/uploads\\\/2021\\\/03\\\/vucic-1.jpg\",\"width\":1024,\"height\":569},{\"@type\":\"BreadcrumbList\",\"@id\":\"https:\\\/\\\/radioljubuski.ba\\\/index.php\\\/2021\\\/03\\\/31\\\/damir-vucic-sve-cemo-uciniti-da-prvi-prodemo-kroz-cilj\\\/#breadcrumb\",\"itemListElement\":[{\"@type\":\"ListItem\",\"position\":1,\"name\":\"Po\u010detna stranica\",\"item\":\"https:\\\/\\\/radioljubuski.ba\\\/\"},{\"@type\":\"ListItem\",\"position\":2,\"name\":\"Damir Vu\u010di\u0107: Sve \u0107emo u\u010diniti da prvi pro\u0111emo kroz cilj\"}]},{\"@type\":\"WebSite\",\"@id\":\"https:\\\/\\\/radioljubuski.ba\\\/#website\",\"url\":\"https:\\\/\\\/radioljubuski.ba\\\/\",\"name\":\"Radio Ljubu\u0161ki\",\"description\":\"Sun\u010dana frekvencija Hercegovine\",\"publisher\":{\"@id\":\"https:\\\/\\\/radioljubuski.ba\\\/#organization\"},\"potentialAction\":[{\"@type\":\"SearchAction\",\"target\":{\"@type\":\"EntryPoint\",\"urlTemplate\":\"https:\\\/\\\/radioljubuski.ba\\\/?s={search_term_string}\"},\"query-input\":{\"@type\":\"PropertyValueSpecification\",\"valueRequired\":true,\"valueName\":\"search_term_string\"}}],\"inLanguage\":\"hr\"},{\"@type\":\"Organization\",\"@id\":\"https:\\\/\\\/radioljubuski.ba\\\/#organization\",\"name\":\"Radio Ljubu\u0161ki\",\"url\":\"https:\\\/\\\/radioljubuski.ba\\\/\",\"logo\":{\"@type\":\"ImageObject\",\"inLanguage\":\"hr\",\"@id\":\"https:\\\/\\\/radioljubuski.ba\\\/#\\\/schema\\\/logo\\\/image\\\/\",\"url\":\"https:\\\/\\\/radioljubuski.ba\\\/wp-content\\\/uploads\\\/2021\\\/02\\\/cropped-Radio_Ljubuski_logo1.jpg\",\"contentUrl\":\"https:\\\/\\\/radioljubuski.ba\\\/wp-content\\\/uploads\\\/2021\\\/02\\\/cropped-Radio_Ljubuski_logo1.jpg\",\"width\":512,\"height\":512,\"caption\":\"Radio Ljubu\u0161ki\"},\"image\":{\"@id\":\"https:\\\/\\\/radioljubuski.ba\\\/#\\\/schema\\\/logo\\\/image\\\/\"},\"sameAs\":[\"https:\\\/\\\/www.facebook.com\\\/Radiio-Ljubuski-1490835324566332\",\"https:\\\/\\\/x.com\\\/radioljubuski\",\"https:\\\/\\\/hr.linkedin.com\\\/company\\\/radio-ljubuski\",\"https:\\\/\\\/www.youtube.com\\\/channel\\\/UCHYaeO_n0Db3tjNGudGpXyw\"]},{\"@type\":\"Person\",\"@id\":\"https:\\\/\\\/radioljubuski.ba\\\/#\\\/schema\\\/person\\\/19fc700381a780f69665d7956c469e3b\",\"name\":\"Radio Ljubu\u0161ki\"}]}<\/script>\n<!-- \/ Yoast SEO plugin. -->","yoast_head_json":{"title":"Damir Vu\u010di\u0107: Sve \u0107emo u\u010diniti da prvi pro\u0111emo kroz cilj - RADIO LJUBU\u0160KI","robots":{"index":"index","follow":"follow","max-snippet":"max-snippet:-1","max-image-preview":"max-image-preview:large","max-video-preview":"max-video-preview:-1"},"canonical":"https:\/\/radioljubuski.ba\/index.php\/2021\/03\/31\/damir-vucic-sve-cemo-uciniti-da-prvi-prodemo-kroz-cilj\/","og_locale":"hr_HR","og_type":"article","og_title":"Damir Vu\u010di\u0107: Sve \u0107emo u\u010diniti da prvi pro\u0111emo kroz cilj - RADIO LJUBU\u0160KI","og_description":"Nogometa\u0161i Ljubu\u0161kog u drugi dio sezone Druge lige FBiH Jug nisu nastavili sa u\u010dinkom na kakav smo navikli od njih u jesenskom dijelu prvenstva, ali ipak jo\u0161 uvijek nisu ni dozvolili poraz. Ljubu\u0161aci su u prvom dijelu imali svih 12 pobjeda, dok su u prolje\u0107e krenuli sa jednom pobjedom i dva remija. &nbsp;\u2013 Nije se [&hellip;]","og_url":"https:\/\/radioljubuski.ba\/index.php\/2021\/03\/31\/damir-vucic-sve-cemo-uciniti-da-prvi-prodemo-kroz-cilj\/","og_site_name":"RADIO LJUBU\u0160KI","article_publisher":"https:\/\/www.facebook.com\/Radiio-Ljubuski-1490835324566332","article_published_time":"2021-03-31T09:42:15+00:00","article_modified_time":"2021-03-31T09:42:16+00:00","og_image":[{"width":1024,"height":569,"url":"https:\/\/radioljubuski.ba\/wp-content\/uploads\/2021\/03\/vucic-1.jpg","type":"image\/jpeg"}],"author":"Radio Ljubu\u0161ki","twitter_card":"summary_large_image","twitter_creator":"@radioljubuski","twitter_site":"@radioljubuski","twitter_misc":{"Napisao\/la":"Radio Ljubu\u0161ki","Procijenjeno vrijeme \u010ditanja":"2 minute"},"schema":{"@context":"https:\/\/schema.org","@graph":[{"@type":"Article","@id":"https:\/\/radioljubuski.ba\/index.php\/2021\/03\/31\/damir-vucic-sve-cemo-uciniti-da-prvi-prodemo-kroz-cilj\/#article","isPartOf":{"@id":"https:\/\/radioljubuski.ba\/index.php\/2021\/03\/31\/damir-vucic-sve-cemo-uciniti-da-prvi-prodemo-kroz-cilj\/"},"author":{"name":"Radio Ljubu\u0161ki","@id":"https:\/\/radioljubuski.ba\/#\/schema\/person\/19fc700381a780f69665d7956c469e3b"},"headline":"Damir Vu\u010di\u0107: Sve \u0107emo u\u010diniti da prvi pro\u0111emo kroz cilj","datePublished":"2021-03-31T09:42:15+00:00","dateModified":"2021-03-31T09:42:16+00:00","mainEntityOfPage":{"@id":"https:\/\/radioljubuski.ba\/index.php\/2021\/03\/31\/damir-vucic-sve-cemo-uciniti-da-prvi-prodemo-kroz-cilj\/"},"wordCount":492,"publisher":{"@id":"https:\/\/radioljubuski.ba\/#organization"},"image":{"@id":"https:\/\/radioljubuski.ba\/index.php\/2021\/03\/31\/damir-vucic-sve-cemo-uciniti-da-prvi-prodemo-kroz-cilj\/#primaryimage"},"thumbnailUrl":"https:\/\/radioljubuski.ba\/wp-content\/uploads\/2021\/03\/vucic-1.jpg","articleSection":["Ljubu\u0161ki"],"inLanguage":"hr"},{"@type":"WebPage","@id":"https:\/\/radioljubuski.ba\/index.php\/2021\/03\/31\/damir-vucic-sve-cemo-uciniti-da-prvi-prodemo-kroz-cilj\/","url":"https:\/\/radioljubuski.ba\/index.php\/2021\/03\/31\/damir-vucic-sve-cemo-uciniti-da-prvi-prodemo-kroz-cilj\/","name":"Damir Vu\u010di\u0107: Sve \u0107emo u\u010diniti da prvi pro\u0111emo kroz cilj - RADIO LJUBU\u0160KI","isPartOf":{"@id":"https:\/\/radioljubuski.ba\/#website"},"primaryImageOfPage":{"@id":"https:\/\/radioljubuski.ba\/index.php\/2021\/03\/31\/damir-vucic-sve-cemo-uciniti-da-prvi-prodemo-kroz-cilj\/#primaryimage"},"image":{"@id":"https:\/\/radioljubuski.ba\/index.php\/2021\/03\/31\/damir-vucic-sve-cemo-uciniti-da-prvi-prodemo-kroz-cilj\/#primaryimage"},"thumbnailUrl":"https:\/\/radioljubuski.ba\/wp-content\/uploads\/2021\/03\/vucic-1.jpg","datePublished":"2021-03-31T09:42:15+00:00","dateModified":"2021-03-31T09:42:16+00:00","breadcrumb":{"@id":"https:\/\/radioljubuski.ba\/index.php\/2021\/03\/31\/damir-vucic-sve-cemo-uciniti-da-prvi-prodemo-kroz-cilj\/#breadcrumb"},"inLanguage":"hr","potentialAction":[{"@type":"ReadAction","target":["https:\/\/radioljubuski.ba\/index.php\/2021\/03\/31\/damir-vucic-sve-cemo-uciniti-da-prvi-prodemo-kroz-cilj\/"]}]},{"@type":"ImageObject","inLanguage":"hr","@id":"https:\/\/radioljubuski.ba\/index.php\/2021\/03\/31\/damir-vucic-sve-cemo-uciniti-da-prvi-prodemo-kroz-cilj\/#primaryimage","url":"https:\/\/radioljubuski.ba\/wp-content\/uploads\/2021\/03\/vucic-1.jpg","contentUrl":"https:\/\/radioljubuski.ba\/wp-content\/uploads\/2021\/03\/vucic-1.jpg","width":1024,"height":569},{"@type":"BreadcrumbList","@id":"https:\/\/radioljubuski.ba\/index.php\/2021\/03\/31\/damir-vucic-sve-cemo-uciniti-da-prvi-prodemo-kroz-cilj\/#breadcrumb","itemListElement":[{"@type":"ListItem","position":1,"name":"Po\u010detna stranica","item":"https:\/\/radioljubuski.ba\/"},{"@type":"ListItem","position":2,"name":"Damir Vu\u010di\u0107: Sve \u0107emo u\u010diniti da prvi pro\u0111emo kroz cilj"}]},{"@type":"WebSite","@id":"https:\/\/radioljubuski.ba\/#website","url":"https:\/\/radioljubuski.ba\/","name":"Radio Ljubu\u0161ki","description":"Sun\u010dana frekvencija Hercegovine","publisher":{"@id":"https:\/\/radioljubuski.ba\/#organization"},"potentialAction":[{"@type":"SearchAction","target":{"@type":"EntryPoint","urlTemplate":"https:\/\/radioljubuski.ba\/?s={search_term_string}"},"query-input":{"@type":"PropertyValueSpecification","valueRequired":true,"valueName":"search_term_string"}}],"inLanguage":"hr"},{"@type":"Organization","@id":"https:\/\/radioljubuski.ba\/#organization","name":"Radio Ljubu\u0161ki","url":"https:\/\/radioljubuski.ba\/","logo":{"@type":"ImageObject","inLanguage":"hr","@id":"https:\/\/radioljubuski.ba\/#\/schema\/logo\/image\/","url":"https:\/\/radioljubuski.ba\/wp-content\/uploads\/2021\/02\/cropped-Radio_Ljubuski_logo1.jpg","contentUrl":"https:\/\/radioljubuski.ba\/wp-content\/uploads\/2021\/02\/cropped-Radio_Ljubuski_logo1.jpg","width":512,"height":512,"caption":"Radio Ljubu\u0161ki"},"image":{"@id":"https:\/\/radioljubuski.ba\/#\/schema\/logo\/image\/"},"sameAs":["https:\/\/www.facebook.com\/Radiio-Ljubuski-1490835324566332","https:\/\/x.com\/radioljubuski","https:\/\/hr.linkedin.com\/company\/radio-ljubuski","https:\/\/www.youtube.com\/channel\/UCHYaeO_n0Db3tjNGudGpXyw"]},{"@type":"Person","@id":"https:\/\/radioljubuski.ba\/#\/schema\/person\/19fc700381a780f69665d7956c469e3b","name":"Radio Ljubu\u0161ki"}]}},"_links":{"self":[{"href":"https:\/\/radioljubuski.ba\/index.php\/wp-json\/wp\/v2\/posts\/8256","targetHints":{"allow":["GET"]}}],"collection":[{"href":"https:\/\/radioljubuski.ba\/index.php\/wp-json\/wp\/v2\/posts"}],"about":[{"href":"https:\/\/radioljubuski.ba\/index.php\/wp-json\/wp\/v2\/types\/post"}],"author":[{"embeddable":true,"href":"https:\/\/radioljubuski.ba\/index.php\/wp-json\/wp\/v2\/users\/2"}],"replies":[{"embeddable":true,"href":"https:\/\/radioljubuski.ba\/index.php\/wp-json\/wp\/v2\/comments?post=8256"}],"version-history":[{"count":1,"href":"https:\/\/radioljubuski.ba\/index.php\/wp-json\/wp\/v2\/posts\/8256\/revisions"}],"predecessor-version":[{"id":8257,"href":"https:\/\/radioljubuski.ba\/index.php\/wp-json\/wp\/v2\/posts\/8256\/revisions\/8257"}],"wp:featuredmedia":[{"embeddable":true,"href":"https:\/\/radioljubuski.ba\/index.php\/wp-json\/wp\/v2\/media\/3836"}],"wp:attachment":[{"href":"https:\/\/radioljubuski.ba\/index.php\/wp-json\/wp\/v2\/media?parent=8256"}],"wp:term":[{"taxonomy":"category","embeddable":true,"href":"https:\/\/radioljubuski.ba\/index.php\/wp-json\/wp\/v2\/categories?post=8256"},{"taxonomy":"post_tag","embeddable":true,"href":"https:\/\/radioljubuski.ba\/index.php\/wp-json\/wp\/v2\/tags?post=8256"}],"curies":[{"name":"wp","href":"https:\/\/api.w.org\/{rel}","templated":true}]}}